{"id":2586,"date":"2015-10-19T08:55:22","date_gmt":"2015-10-19T06:55:22","guid":{"rendered":"https:\/\/www.justiceinfo.net\/2586-crimes-en-rdc-le-chantage-emotionnel-de-kagame.html"},"modified":"2015-10-19T08:55:22","modified_gmt":"2015-10-19T06:55:22","slug":"crimes-en-rdc-le-chantage-emotionnel-de-kagame","status":"publish","type":"post","link":"https:\/\/www.justiceinfo.net\/fr\/2586-crimes-en-rdc-le-chantage-emotionnel-de-kagame.html","title":{"rendered":"Crimes en RDC ; \"le chantage \u00e9motionnel \"de Kagam\u00e9 emp\u00eache les poursuites, selon un ancien avocat au TPIR"},"content":{"rendered":"<p>En octobre 2010, les Nations unies publiaient leur rapport sur le \u00ab mapping \u00bb des crimes commis entre 1993 et 2003 dans l'ex-Za\u00efre, devenu par la suite la R\u00e9publique d\u00e9mocratique du Congo (RDC). Elabor\u00e9 par le Haut-commissariat aux droits de l'homme, ce rapport dense et d\u00e9taill\u00e9 examine 617 des incidents les plus graves survenus dans tout le Congo sur une p\u00e9riode de 10 ans et fournit des d\u00e9tails sur des cas graves de massacres, de violence sexuelle et d'attaques contre des enfants, ainsi que d'autres exactions commises par une s\u00e9rie d'acteurs arm\u00e9s, notamment des arm\u00e9es \u00e9trang\u00e8res, des groupes rebelles et des forces du gouvernement congolais. Le rapport conclut que la plupart des crimes document\u00e9s peuvent \u00eatre qualifi\u00e9s de crimes contre l'humanit\u00e9 et de crimes de guerre. Il se demande par ailleurs si certains crimes particuliers commis en 1996 et 1997 par l'arm\u00e9e rwandaise et ses alli\u00e9s congolais contre des r\u00e9fugi\u00e9s hutus rwandais et des citoyens hutus congolais ne pourraient pas \u00eatre qualifi\u00e9s de crimes de g\u00e9nocide. Le rapport pr\u00e9cise qu'il appartiendrait \u00e0 un tribunal comp\u00e9tent de rendre une telle d\u00e9cision. Plusieurs organisations internationales, dont la F\u00e9d\u00e9ration internationale des ligues des droits de l'homme (FIDH) et Human Rights Watch (HRW), avaient salu\u00e9 la publication de ce rapport et demand\u00e9 avec insistance que des suites judiciaires y soient r\u00e9serv\u00e9es. Cinq ans apr\u00e8s, rien ne semble avoir \u00e9t\u00e9 fait dans ce sens, comme le d\u00e9plore Ma\u00eetre Vincent Courcelle-Labrousse, un avocat fran\u00e7ais ayant notamment exerc\u00e9 au Tribunal p\u00e9nal international pour le Rwanda (TPIR).<br \/>\u00a0<br \/><strong>Me Vincent Courcelle-Labrousse<\/strong> : Comme vous vous en souvenez, ce rapport avait \u00e0 la fois soulev\u00e9 une grande esp\u00e9rance du c\u00f4t\u00e9 des victimes et en m\u00eame temps une r\u00e9action d'une grande violence, notamment du c\u00f4t\u00e9 de Kigali. Il avait \u00e9t\u00e9 \u00e9voqu\u00e9 de cr\u00e9er des chambres sp\u00e9ciales dans les juridictions congolaises, d'autres avaient envisag\u00e9 un Tribunal sp\u00e9cial, mais tout cela s'est rapidement enlis\u00e9\u2026<br \/><strong>\u00a0<\/strong><br \/><strong>JusticeInfo.Net<\/strong> : Pourquoi, d'apr\u00e8s vous ?<br \/><strong>V.C-L :<\/strong> Les centaines de milliers de morts rwandais en RDC de 1996-1997 sont les victimes expiatoires du g\u00e9nocide de 1994. Au motif que dans la population qui avait fui le Rwanda, il y avait effectivement de tr\u00e8s nombreux criminels ayant particip\u00e9s au g\u00e9nocide des Tutsis (ex-Forces arm\u00e9es rwandaises,\u00a0 miliciens\u2026), la volont\u00e9 du FPR\/APR (Front Patriotique Rwandais, Arm\u00e9e Patriotique Rwandaise) de neutraliser militairement ces derniers a servi \u00e0 justifier la liquidation indiscrimin\u00e9e d'une population en raison de son appartenance.<br \/>Paul Kagam\u00e9, sans doute dans le top 5 en mati\u00e8re de long\u00e9vit\u00e9 au pouvoir chez les dictateurs africains, nous sert le m\u00eame discours, tr\u00e8s efficace, depuis 20 ans : \u00e9voquer les massacres de masse syst\u00e9matiques en RDC commis par les troupes de son arm\u00e9e (d\u00e9guis\u00e9es ou non en soldats de Laurent-D\u00e9sir\u00e9 Kabila) viserait en r\u00e9alit\u00e9 \u00e0 minimiser\/relativiser les actes des g\u00e9nocidaires au Rwanda.<br \/>Cet argument est irrecevable mais il est utilis\u00e9 (et repris d'ailleurs) pour jeter le soup\u00e7on et l'opprobre de mani\u00e8re syst\u00e9matique sur toute personne qui \u00e9voquerait le fait qu'aucune justice n'a \u00e9t\u00e9 rendue aux victimes de la \u00ab grande chasse \u00e0 l'homme \u00bb \u00e0 laquelle s'est livr\u00e9e l'APR en 1996-1997 en RDC.<br \/>Le chantage \u00e9motionnel auquel se livre le r\u00e9gime de Paul Kagam\u00e9 continue de peser sur toutes vell\u00e9it\u00e9s d'agir et de poursuivre les crimes massifs commis en RDC dans les ann\u00e9es 1996-1997.<br \/>\u00a0<br \/><strong>JusticeInfo.Net<\/strong> : Peut-on consid\u00e9rer cela comme un nouvel \u00e9chec de la communaut\u00e9 internationale qui a toujours peur de s'attirer les foudres de Kigali apr\u00e8s son \u00e9chec \u00e0 arr\u00eater ou pr\u00e9venir le g\u00e9nocide des Tutsis de 1994?<br \/>\u00a0<br \/><strong>V.C-L<\/strong> : C'est plus qu'un \u00e9chec.\u00a0 C'est une d\u00e9mission tragique et un aveuglement volontaire coupable.<\/p>\n<p><strong>JusticeInfo.Net<\/strong> : Ou est-ce parce qu'il n'y a actuellement aucun tribunal international comp\u00e9tent pour conna\u00eetre de ces crimes?<br \/>\u00a0<br \/><strong>V.C-L<\/strong> : Il n'y a effectivement pas de juridiction p\u00e9nale internationale comp\u00e9tente aujourd'hui. Il est clair que sans la cr\u00e9ation d'une juridiction p\u00e9nale internationalis\u00e9e, il n'y aura pas \u00e0 court terme de poursuites des responsables de ces massacres. Mais qui sait, ce proc\u00e8s aura peut-\u00eatre lieu un jour au Rwanda. Le jour o\u00f9 Kagam\u00e9 tombera, la question sera n\u00e9cessairement pos\u00e9e. D'ailleurs, le r\u00e9gime affirmant que son syst\u00e8me judiciaire est aux normes des plus hauts standards internationaux, il n'y a donc pas d'obstacle \u00e0 ce que les juridictions rwandaises jugent des crimes commis par des Rwandais sur d'autres Rwandais\u2026<br \/>\u00a0<br \/><strong>JusticeInfo.Net<\/strong> : Certains avaient pens\u00e9, comme vous l'avez dit, \u00e0 la cr\u00e9ation d'un tribunal sp\u00e9cial sur les crimes au Congo, dont la comp\u00e9tence couvrirait \u00e9galement les crimes relevant actuellement de la comp\u00e9tence de la CPI? La proposition reste-t-elle d'actualit\u00e9 ?<br \/>\u00a0<br \/><strong>V.C-L :<\/strong> Oui, il serait tout \u00e0 fait possible et justifi\u00e9 de mettre en place un m\u00e9canisme judiciaire international pour juger ces faits. Le proc\u00e8s Hiss\u00e8ne Habr\u00e9 montre qu'il est possible de cr\u00e9er des juridictions internationalis\u00e9es sans n\u00e9cessairement recourir \u00e0 des barnums ruineux. <\/p>\n<p><strong>JusticeInfo.Net :<\/strong> Le manque de suite judiciaire \u00e0 ce rapport ainsi que le refus du procureur du TPIR de juger les crimes all\u00e9gu\u00e9s du FPR ne confortent-ils pas l'id\u00e9e d'une certaine in\u00e9galit\u00e9 des victimes devant la communaut\u00e9 internationale et sa justice?<br \/><strong>V.C-L<\/strong> : De mani\u00e8re g\u00e9n\u00e9rale, les drames que vivent les populations africaines, et il ne s'agit pas uniquement du cas de la RDC, ne font pas (ou ne font plus) recette sur le march\u00e9 de l'\u00e9motion internationale. Il y a chez beaucoup de gens comme une fatalit\u00e9 \u00e0 l'\u00e9gard l'Afrique comme si la mort en masse \u00e9tait presque inh\u00e9rente au Continent\u2026 c'est inacceptable.<br \/>Dans le cas de crimes all\u00e9gu\u00e9s contre le FPR\/APR, bien entendu l'impunit\u00e9 ne peut avoir que des effets n\u00e9gatifs \u00e0 long terme au Rwanda. Pour ceux qui ont particip\u00e9 au g\u00e9nocide des Tutsis, l'impunit\u00e9 leur permet de relativiser leurs propres crimes. Mais pour les Rwandais qui n'ont pas \u00e9t\u00e9 des acteurs, cette part de la population qui n'a que v\u00e9cu et subi les \u00e9v\u00e9nements de 1994 \u00e0 1997, et m\u00eame apr\u00e8s, que peut-elle penser ? Elle a vu la justice passer dans un sens \u2013 quand il s'agissait de justice.<br \/><strong>\u00a0<\/strong><br \/><strong>JusticeInfo.Net<\/strong> : Quel bilan dressez-vous du TPIR qui ferme ses portes \u00e0 la fin de l'ann\u00e9e?<\/p>\n<p><strong>V.C-L<\/strong> : Le TPIR a certainement r\u00e9ussi son mandat lorsqu'il a jug\u00e9 et condamn\u00e9, sur la base de preuves solides, dans le cadre de proc\u00e8s \u00e9quitables, des auteurs de crimes de g\u00e9nocide, de crimes contre l'humanit\u00e9\u2026 On ne doit pas sous-estimer cette r\u00e9alisation. Ce Tribunal devait exister.<br \/>En revanche, le bureau du Procureur du TPIR a failli dans son mandat. Il a \u00e9pargn\u00e9 volontairement les responsables du FPR\/APR contre lesquels des charges auraient pu \u00eatre retenues et a servi dans ce sens les int\u00e9r\u00eats d'un r\u00e9gime qui est une dictature qui emprisonne ses opposants, les enl\u00e8ve \u00e0 l'\u00e9tranger quand elle ne les fait pas \u00e9trangler. Le legs du TPIR est donc \u00e0 cet \u00e9gard celui d'une justice inachev\u00e9e.<\/p>\n","protected":false},"excerpt":{"rendered":"<p>En octobre 2010, les Nations unies publiaient leur rapport sur le \u00ab mapping \u00bb des crimes commis entre 1993 et 2003 dans l'ex-Za\u00efre, devenu par la suite la R\u00e9publique d\u00e9mocratique du Congo (RDC). Elabor\u00e9 par le Haut-commissariat aux droits de l'homme, ce rapport dense et d\u00e9taill\u00e9 examine 617 des incidents les plus graves survenus dans [&hellip;]<\/p>\n","protected":false},"author":64,"featured_media":64865,"comment_status":"open","ping_status":"closed","sticky":false,"template":"","format":"standard","meta":{"_acf_changed":false,"footnotes":""},"categories":[575],"tags":[],"ji_location":[2196],"class_list":["post-2586","post","type-post","status-publish","format-standard","has-post-thumbnail","hentry","category-opinions","ji_location-republique-democratique-du-congo"],"acf":[],"yoast_head":"<!-- This site is optimized with the Yoast SEO Premium plugin v25.3.1 (Yoast SEO v25.3.1) - https:\/\/yoast.com\/wordpress\/plugins\/seo\/ -->\n<title>Crimes en RDC ; &quot;le chantage \u00e9motionnel &quot;de Kagam\u00e9 emp\u00eache les poursuites, selon un ancien avocat au TPIR - JusticeInfo.net<\/title>\n<meta name=\"robots\" content=\"index, follow, max-snippet:-1, max-image-preview:large, max-video-preview:-1\" \/>\n<link rel=\"canonical\" href=\"https:\/\/www.justiceinfo.net\/fr\/2586-crimes-en-rdc-le-chantage-emotionnel-de-kagame.html\" \/>\n<meta property=\"og:locale\" content=\"fr_FR\" \/>\n<meta property=\"og:type\" content=\"article\" \/>\n<meta property=\"og:title\" content=\"Crimes en RDC ; &quot;le chantage \u00e9motionnel &quot;de Kagam\u00e9 emp\u00eache les poursuites, selon un ancien avocat au TPIR\" \/>\n<meta property=\"og:description\" content=\"En octobre 2010, les Nations unies publiaient leur rapport sur le \u00ab mapping \u00bb des crimes commis entre 1993 et 2003 dans l&#039;ex-Za\u00efre, devenu par la suite la R\u00e9publique d\u00e9mocratique du Congo (RDC). Elabor\u00e9 par le Haut-commissariat aux droits de l&#039;homme, ce rapport dense et d\u00e9taill\u00e9 examine 617 des incidents les plus graves survenus dans [&hellip;]\" \/>\n<meta property=\"og:url\" content=\"https:\/\/www.justiceinfo.net\/fr\/2586-crimes-en-rdc-le-chantage-emotionnel-de-kagame.html\" \/>\n<meta property=\"og:site_name\" content=\"JusticeInfo.net\" \/>\n<meta property=\"article:publisher\" content=\"https:\/\/www.facebook.com\/JusticeInfo\/\" \/>\n<meta property=\"article:published_time\" content=\"2015-10-19T06:55:22+00:00\" \/>\n<meta property=\"og:image\" content=\"https:\/\/www.justiceinfo.net\/wp-content\/uploads\/c0a900a8f1065494ea739555ce96d6a6-scaled.jpg\" \/>\n\t<meta property=\"og:image:width\" content=\"2560\" \/>\n\t<meta property=\"og:image:height\" content=\"1920\" \/>\n\t<meta property=\"og:image:type\" content=\"image\/jpeg\" \/>\n<meta name=\"author\" content=\"Justiceinfo.net\" \/>\n<meta name=\"twitter:card\" content=\"summary_large_image\" \/>\n<meta name=\"twitter:creator\" content=\"@justiceinfonet\" \/>\n<meta name=\"twitter:site\" content=\"@justiceinfonet\" \/>\n<meta name=\"twitter:label1\" content=\"\u00c9crit par\" \/>\n\t<meta name=\"twitter:data1\" content=\"Justiceinfo.net\" \/>\n\t<meta name=\"twitter:label2\" content=\"Dur\u00e9e de lecture estim\u00e9e\" \/>\n\t<meta name=\"twitter:data2\" content=\"6 minutes\" \/>\n<script type=\"application\/ld+json\" class=\"yoast-schema-graph\">{\"@context\":\"https:\/\/schema.org\",\"@graph\":[{\"@type\":\"NewsArticle\",\"@id\":\"https:\/\/www.justiceinfo.net\/fr\/2586-crimes-en-rdc-le-chantage-emotionnel-de-kagame.html#article\",\"isPartOf\":{\"@id\":\"https:\/\/www.justiceinfo.net\/fr\/2586-crimes-en-rdc-le-chantage-emotionnel-de-kagame.html\"},\"author\":{\"name\":\"solivri\",\"@id\":\"https:\/\/www.justiceinfo.net\/fr#\/schema\/person\/6e53cba1629e2e66f3fc1821d3091865\"},\"headline\":\"Crimes en RDC ; \\\"le chantage \u00e9motionnel \\\"de Kagam\u00e9 emp\u00eache les poursuites, selon un ancien avocat au TPIR\",\"datePublished\":\"2015-10-19T06:55:22+00:00\",\"mainEntityOfPage\":{\"@id\":\"https:\/\/www.justiceinfo.net\/fr\/2586-crimes-en-rdc-le-chantage-emotionnel-de-kagame.html\"},\"wordCount\":1277,\"commentCount\":0,\"publisher\":{\"@id\":\"https:\/\/www.justiceinfo.net\/fr#organization\"},\"image\":{\"@id\":\"https:\/\/www.justiceinfo.net\/fr\/2586-crimes-en-rdc-le-chantage-emotionnel-de-kagame.html#primaryimage\"},\"thumbnailUrl\":\"https:\/\/www.justiceinfo.net\/wp-content\/uploads\/c0a900a8f1065494ea739555ce96d6a6-scaled.jpg\",\"articleSection\":[\"Opinions\"],\"inLanguage\":\"fr-FR\",\"potentialAction\":[{\"@type\":\"CommentAction\",\"name\":\"Comment\",\"target\":[\"https:\/\/www.justiceinfo.net\/fr\/2586-crimes-en-rdc-le-chantage-emotionnel-de-kagame.html#respond\"]}]},{\"@type\":\"WebPage\",\"@id\":\"https:\/\/www.justiceinfo.net\/fr\/2586-crimes-en-rdc-le-chantage-emotionnel-de-kagame.html\",\"url\":\"https:\/\/www.justiceinfo.net\/fr\/2586-crimes-en-rdc-le-chantage-emotionnel-de-kagame.html\",\"name\":\"Crimes en RDC ; \\\"le chantage \u00e9motionnel \\\"de Kagam\u00e9 emp\u00eache les poursuites, selon un ancien avocat au TPIR - JusticeInfo.net\",\"isPartOf\":{\"@id\":\"https:\/\/www.justiceinfo.net\/fr#website\"},\"primaryImageOfPage\":{\"@id\":\"https:\/\/www.justiceinfo.net\/fr\/2586-crimes-en-rdc-le-chantage-emotionnel-de-kagame.html#primaryimage\"},\"image\":{\"@id\":\"https:\/\/www.justiceinfo.net\/fr\/2586-crimes-en-rdc-le-chantage-emotionnel-de-kagame.html#primaryimage\"},\"thumbnailUrl\":\"https:\/\/www.justiceinfo.net\/wp-content\/uploads\/c0a900a8f1065494ea739555ce96d6a6-scaled.jpg\",\"datePublished\":\"2015-10-19T06:55:22+00:00\",\"breadcrumb\":{\"@id\":\"https:\/\/www.justiceinfo.net\/fr\/2586-crimes-en-rdc-le-chantage-emotionnel-de-kagame.html#breadcrumb\"},\"inLanguage\":\"fr-FR\",\"potentialAction\":[{\"@type\":\"ReadAction\",\"target\":[\"https:\/\/www.justiceinfo.net\/fr\/2586-crimes-en-rdc-le-chantage-emotionnel-de-kagame.html\"]}]},{\"@type\":\"ImageObject\",\"inLanguage\":\"fr-FR\",\"@id\":\"https:\/\/www.justiceinfo.net\/fr\/2586-crimes-en-rdc-le-chantage-emotionnel-de-kagame.html#primaryimage\",\"url\":\"https:\/\/www.justiceinfo.net\/wp-content\/uploads\/c0a900a8f1065494ea739555ce96d6a6-scaled.jpg\",\"contentUrl\":\"https:\/\/www.justiceinfo.net\/wp-content\/uploads\/c0a900a8f1065494ea739555ce96d6a6-scaled.jpg\",\"width\":2560,\"height\":1920},{\"@type\":\"BreadcrumbList\",\"@id\":\"https:\/\/www.justiceinfo.net\/fr\/2586-crimes-en-rdc-le-chantage-emotionnel-de-kagame.html#breadcrumb\",\"itemListElement\":[{\"@type\":\"ListItem\",\"position\":1,\"name\":\"Home\",\"item\":\"https:\/\/www.justiceinfo.net\/fr\"},{\"@type\":\"ListItem\",\"position\":2,\"name\":\"Crimes en RDC ; \\\"le chantage \u00e9motionnel \\\"de Kagam\u00e9 emp\u00eache les poursuites, selon un ancien avocat au TPIR\"}]},{\"@type\":\"WebSite\",\"@id\":\"https:\/\/www.justiceinfo.net\/fr#website\",\"url\":\"https:\/\/www.justiceinfo.net\/fr\",\"name\":\"JusticeInfo.net\",\"description\":\"La justice doit \u00eatre vue pour \u00eatre rendue\",\"publisher\":{\"@id\":\"https:\/\/www.justiceinfo.net\/fr#organization\"},\"potentialAction\":[{\"@type\":\"SearchAction\",\"target\":{\"@type\":\"EntryPoint\",\"urlTemplate\":\"https:\/\/www.justiceinfo.net\/fr?s={search_term_string}\"},\"query-input\":{\"@type\":\"PropertyValueSpecification\",\"valueRequired\":true,\"valueName\":\"search_term_string\"}}],\"inLanguage\":\"fr-FR\"},{\"@type\":\"Organization\",\"@id\":\"https:\/\/www.justiceinfo.net\/fr#organization\",\"name\":\"Justice Info\",\"url\":\"https:\/\/www.justiceinfo.net\/fr\",\"logo\":{\"@type\":\"ImageObject\",\"inLanguage\":\"fr-FR\",\"@id\":\"https:\/\/www.justiceinfo.net\/fr#\/schema\/logo\/image\/\",\"url\":\"https:\/\/www.justiceinfo.net\/wp-content\/uploads\/justiceinfo_logo-trans_1200x1200px.png\",\"contentUrl\":\"https:\/\/www.justiceinfo.net\/wp-content\/uploads\/justiceinfo_logo-trans_1200x1200px.png\",\"width\":1199,\"height\":1200,\"caption\":\"Justice Info\"},\"image\":{\"@id\":\"https:\/\/www.justiceinfo.net\/fr#\/schema\/logo\/image\/\"},\"sameAs\":[\"https:\/\/www.facebook.com\/JusticeInfo\/\",\"https:\/\/x.com\/justiceinfonet\",\"https:\/\/www.linkedin.com\/company\/justice-info\",\"https:\/\/www.youtube.com\/channel\/UCyCEsARodyuWtkWyhn-e7pA\"]},{\"@type\":\"Person\",\"name\":\"Justiceinfo.net\",\"url\":\"\/fr\/?s=Justiceinfo.net\"}]}<\/script>\n<!-- \/ Yoast SEO Premium plugin. -->","yoast_head_json":{"title":"Crimes en RDC ; \"le chantage \u00e9motionnel \"de Kagam\u00e9 emp\u00eache les poursuites, selon un ancien avocat au TPIR - JusticeInfo.net","robots":{"index":"index","follow":"follow","max-snippet":"max-snippet:-1","max-image-preview":"max-image-preview:large","max-video-preview":"max-video-preview:-1"},"canonical":"https:\/\/www.justiceinfo.net\/fr\/2586-crimes-en-rdc-le-chantage-emotionnel-de-kagame.html","og_locale":"fr_FR","og_type":"article","og_title":"Crimes en RDC ; \"le chantage \u00e9motionnel \"de Kagam\u00e9 emp\u00eache les poursuites, selon un ancien avocat au TPIR","og_description":"En octobre 2010, les Nations unies publiaient leur rapport sur le \u00ab mapping \u00bb des crimes commis entre 1993 et 2003 dans l'ex-Za\u00efre, devenu par la suite la R\u00e9publique d\u00e9mocratique du Congo (RDC). Elabor\u00e9 par le Haut-commissariat aux droits de l'homme, ce rapport dense et d\u00e9taill\u00e9 examine 617 des incidents les plus graves survenus dans [&hellip;]","og_url":"https:\/\/www.justiceinfo.net\/fr\/2586-crimes-en-rdc-le-chantage-emotionnel-de-kagame.html","og_site_name":"JusticeInfo.net","article_publisher":"https:\/\/www.facebook.com\/JusticeInfo\/","article_published_time":"2015-10-19T06:55:22+00:00","og_image":[{"width":2560,"height":1920,"url":"https:\/\/www.justiceinfo.net\/wp-content\/uploads\/c0a900a8f1065494ea739555ce96d6a6-scaled.jpg","type":"image\/jpeg"}],"author":"Justiceinfo.net","twitter_card":"summary_large_image","twitter_creator":"@justiceinfonet","twitter_site":"@justiceinfonet","twitter_misc":{"\u00c9crit par":"Justiceinfo.net","Dur\u00e9e de lecture estim\u00e9e":"6 minutes"},"schema":{"@context":"https:\/\/schema.org","@graph":[{"@type":"NewsArticle","@id":"https:\/\/www.justiceinfo.net\/fr\/2586-crimes-en-rdc-le-chantage-emotionnel-de-kagame.html#article","isPartOf":{"@id":"https:\/\/www.justiceinfo.net\/fr\/2586-crimes-en-rdc-le-chantage-emotionnel-de-kagame.html"},"author":{"name":"solivri","@id":"https:\/\/www.justiceinfo.net\/fr#\/schema\/person\/6e53cba1629e2e66f3fc1821d3091865"},"headline":"Crimes en RDC ; \"le chantage \u00e9motionnel \"de Kagam\u00e9 emp\u00eache les poursuites, selon un ancien avocat au TPIR","datePublished":"2015-10-19T06:55:22+00:00","mainEntityOfPage":{"@id":"https:\/\/www.justiceinfo.net\/fr\/2586-crimes-en-rdc-le-chantage-emotionnel-de-kagame.html"},"wordCount":1277,"commentCount":0,"publisher":{"@id":"https:\/\/www.justiceinfo.net\/fr#organization"},"image":{"@id":"https:\/\/www.justiceinfo.net\/fr\/2586-crimes-en-rdc-le-chantage-emotionnel-de-kagame.html#primaryimage"},"thumbnailUrl":"https:\/\/www.justiceinfo.net\/wp-content\/uploads\/c0a900a8f1065494ea739555ce96d6a6-scaled.jpg","articleSection":["Opinions"],"inLanguage":"fr-FR","potentialAction":[{"@type":"CommentAction","name":"Comment","target":["https:\/\/www.justiceinfo.net\/fr\/2586-crimes-en-rdc-le-chantage-emotionnel-de-kagame.html#respond"]}]},{"@type":"WebPage","@id":"https:\/\/www.justiceinfo.net\/fr\/2586-crimes-en-rdc-le-chantage-emotionnel-de-kagame.html","url":"https:\/\/www.justiceinfo.net\/fr\/2586-crimes-en-rdc-le-chantage-emotionnel-de-kagame.html","name":"Crimes en RDC ; \"le chantage \u00e9motionnel \"de Kagam\u00e9 emp\u00eache les poursuites, selon un ancien avocat au TPIR - JusticeInfo.net","isPartOf":{"@id":"https:\/\/www.justiceinfo.net\/fr#website"},"primaryImageOfPage":{"@id":"https:\/\/www.justiceinfo.net\/fr\/2586-crimes-en-rdc-le-chantage-emotionnel-de-kagame.html#primaryimage"},"image":{"@id":"https:\/\/www.justiceinfo.net\/fr\/2586-crimes-en-rdc-le-chantage-emotionnel-de-kagame.html#primaryimage"},"thumbnailUrl":"https:\/\/www.justiceinfo.net\/wp-content\/uploads\/c0a900a8f1065494ea739555ce96d6a6-scaled.jpg","datePublished":"2015-10-19T06:55:22+00:00","breadcrumb":{"@id":"https:\/\/www.justiceinfo.net\/fr\/2586-crimes-en-rdc-le-chantage-emotionnel-de-kagame.html#breadcrumb"},"inLanguage":"fr-FR","potentialAction":[{"@type":"ReadAction","target":["https:\/\/www.justiceinfo.net\/fr\/2586-crimes-en-rdc-le-chantage-emotionnel-de-kagame.html"]}]},{"@type":"ImageObject","inLanguage":"fr-FR","@id":"https:\/\/www.justiceinfo.net\/fr\/2586-crimes-en-rdc-le-chantage-emotionnel-de-kagame.html#primaryimage","url":"https:\/\/www.justiceinfo.net\/wp-content\/uploads\/c0a900a8f1065494ea739555ce96d6a6-scaled.jpg","contentUrl":"https:\/\/www.justiceinfo.net\/wp-content\/uploads\/c0a900a8f1065494ea739555ce96d6a6-scaled.jpg","width":2560,"height":1920},{"@type":"BreadcrumbList","@id":"https:\/\/www.justiceinfo.net\/fr\/2586-crimes-en-rdc-le-chantage-emotionnel-de-kagame.html#breadcrumb","itemListElement":[{"@type":"ListItem","position":1,"name":"Home","item":"https:\/\/www.justiceinfo.net\/fr"},{"@type":"ListItem","position":2,"name":"Crimes en RDC ; \"le chantage \u00e9motionnel \"de Kagam\u00e9 emp\u00eache les poursuites, selon un ancien avocat au TPIR"}]},{"@type":"WebSite","@id":"https:\/\/www.justiceinfo.net\/fr#website","url":"https:\/\/www.justiceinfo.net\/fr","name":"JusticeInfo.net","description":"La justice doit \u00eatre vue pour \u00eatre rendue","publisher":{"@id":"https:\/\/www.justiceinfo.net\/fr#organization"},"potentialAction":[{"@type":"SearchAction","target":{"@type":"EntryPoint","urlTemplate":"https:\/\/www.justiceinfo.net\/fr?s={search_term_string}"},"query-input":{"@type":"PropertyValueSpecification","valueRequired":true,"valueName":"search_term_string"}}],"inLanguage":"fr-FR"},{"@type":"Organization","@id":"https:\/\/www.justiceinfo.net\/fr#organization","name":"Justice Info","url":"https:\/\/www.justiceinfo.net\/fr","logo":{"@type":"ImageObject","inLanguage":"fr-FR","@id":"https:\/\/www.justiceinfo.net\/fr#\/schema\/logo\/image\/","url":"https:\/\/www.justiceinfo.net\/wp-content\/uploads\/justiceinfo_logo-trans_1200x1200px.png","contentUrl":"https:\/\/www.justiceinfo.net\/wp-content\/uploads\/justiceinfo_logo-trans_1200x1200px.png","width":1199,"height":1200,"caption":"Justice Info"},"image":{"@id":"https:\/\/www.justiceinfo.net\/fr#\/schema\/logo\/image\/"},"sameAs":["https:\/\/www.facebook.com\/JusticeInfo\/","https:\/\/x.com\/justiceinfonet","https:\/\/www.linkedin.com\/company\/justice-info","https:\/\/www.youtube.com\/channel\/UCyCEsARodyuWtkWyhn-e7pA"]},{"@type":"Person","name":"Justiceinfo.net","url":"\/fr\/?s=Justiceinfo.net"}]}},"_links":{"self":[{"href":"https:\/\/www.justiceinfo.net\/fr\/wp-json\/wp\/v2\/posts\/2586","targetHints":{"allow":["GET"]}}],"collection":[{"href":"https:\/\/www.justiceinfo.net\/fr\/wp-json\/wp\/v2\/posts"}],"about":[{"href":"https:\/\/www.justiceinfo.net\/fr\/wp-json\/wp\/v2\/types\/post"}],"author":[{"embeddable":true,"href":"https:\/\/www.justiceinfo.net\/fr\/wp-json\/wp\/v2\/users\/64"}],"replies":[{"embeddable":true,"href":"https:\/\/www.justiceinfo.net\/fr\/wp-json\/wp\/v2\/comments?post=2586"}],"version-history":[{"count":0,"href":"https:\/\/www.justiceinfo.net\/fr\/wp-json\/wp\/v2\/posts\/2586\/revisions"}],"wp:featuredmedia":[{"embeddable":true,"href":"https:\/\/www.justiceinfo.net\/fr\/wp-json\/wp\/v2\/media\/64865"}],"wp:attachment":[{"href":"https:\/\/www.justiceinfo.net\/fr\/wp-json\/wp\/v2\/media?parent=2586"}],"wp:term":[{"taxonomy":"category","embeddable":true,"href":"https:\/\/www.justiceinfo.net\/fr\/wp-json\/wp\/v2\/categories?post=2586"},{"taxonomy":"post_tag","embeddable":true,"href":"https:\/\/www.justiceinfo.net\/fr\/wp-json\/wp\/v2\/tags?post=2586"},{"taxonomy":"ji_location","embeddable":true,"href":"https:\/\/www.justiceinfo.net\/fr\/wp-json\/wp\/v2\/ji_location?post=2586"}],"curies":[{"name":"wp","href":"https:\/\/api.w.org\/{rel}","templated":true}]}}