{"id":25956,"date":"2016-02-11T07:47:48","date_gmt":"2016-02-11T06:47:48","guid":{"rendered":"https:\/\/www.justiceinfo.net\/25956-hissene-habre.html"},"modified":"2016-02-11T07:47:48","modified_gmt":"2016-02-11T06:47:48","slug":"hissene-habre","status":"publish","type":"post","link":"https:\/\/www.justiceinfo.net\/fr\/25956-hissene-habre.html","title":{"rendered":"Hiss\u00e8ne Habr\u00e9 : le procureur demande la perp\u00e9tuit\u00e9"},"content":{"rendered":"<p><em><strong>Le procureur pr\u00e8s les Chambres africaines extraordinaires(CAE), Mback\u00e9 Fall, a requis mercredi, au troisi\u00e8me jour des plaidoiries dans le proc\u00e8s de Hiss\u00e8ne Habr\u00e9, une peine de prison \u00e0 perp\u00e9tuit\u00e9 et la confiscation de ses biens contre l'ancien chef de l'Etat tchadien jug\u00e9 \u00e0 Dakar pour crimes de guerre, tortures et crimes contre l'humanit\u00e9 perp\u00e9tr\u00e9s durant les huit ans de son r\u00e8gne (1982-1990). La d\u00e9fense plaide jeudi.<\/strong><\/em><\/p>\n<p>Faisant un long rappel des faits marquants du pouvoir de Hiss\u00e8ne Habr\u00e9, le procureur Fall,\u00a0 a fait remarquer que sa prise du pouvoir, en 1982, a \u00e9t\u00e9 marqu\u00e9e par la r\u00e9pression dans le sud du Tchad. <br \/>\u00ab Tout le sud du pays est conquis, d\u00e8s le 6 septembre 1982, par les Forces arm\u00e9es du Nord (FAN) qui s'adonnent aux pires exactions \u00bb, dit-il.<br \/>Il a ensuite longuement parl\u00e9 de la cr\u00e9ation de la Direction de la documentation et de la s\u00e9curit\u00e9 (DDS) qui est consid\u00e9r\u00e9e comme le bras r\u00e9pressif du r\u00e9gime Habr\u00e9. \u00ab C'est dans ses mouroirs que les violations des droits de l'homme ont \u00e9t\u00e9 les plus massives : tortures, traitements inhumains, viols, ex\u00e9cutions sommaires, enl\u00e8vements suivis de disparitions \u00bb.<br \/>Pour le procureur Fall, ces \u00ab centres de concentration \u00bb constituent \u00ab le premier acte criminel de Habr\u00e9 qui a charri\u00e9 les divers crimes de torture et tous les autres crimes contre l'humanit\u00e9 \u00bb.<br \/>La d\u00e9fense de Hiss\u00e8ne Habr\u00e9 qui va plaider ce jeudi, n'est pas \u00ab surprise \u00bb par le r\u00e9quisitoire de Mback\u00e9 Fall. Me Mounir Balal, avocat commis d'office, affirme que l'accusation n'a jusqu'ici pas r\u00e9ussi \u00e0 prouver la culpabilit\u00e9 de l'ancien pr\u00e9sident.<br \/>Il y a tout juste une semaine, jeudi 4 f\u00e9vrier, au cours d'une conf\u00e9rence de presse, la d\u00e9fense, qui a boycott\u00e9 le proc\u00e8s, d\u00e9non\u00e7ait l'attitude du procureur Fall qu'elle accuse d'\u00eatre \u00ab le bras arm\u00e9 d'Idriss D\u00e9by et de Me Sidiki Kaba, ministre s\u00e9n\u00e9galais de la Justice pour \u00ab \u00e9liminer physiquement et politiquement Habr\u00e9 \u00bb.<br \/>\u00ab Nous avons assist\u00e9 \u00e0 une v\u00e9ritable mascarade honteuse dont le seul objectif \u00e9tait d'\u00e9liminer un homme, le priver de sa libert\u00e9 et aussi de sa vie\", a d\u00e9clar\u00e9 l'avocat d\u00e9fenseur Me Fran\u00e7ois Serres.<br \/>La d\u00e9fense d\u00e9nonce en outre une proc\u00e9dure qui a, selon elle, exfiltr\u00e9 d\u00e8s le d\u00e9but le pr\u00e9sident Idriss D\u00e9by.<br \/>Le r\u00e9quisitoire de Mback\u00e9 Fall a \u00e9t\u00e9 pr\u00e9c\u00e9d\u00e9, lundi 8 et mardi 9 f\u00e9vrier, des plaidoiries des avocats des parties civiles qui ont tous ax\u00e9 leurs argumentaires sur la responsabilit\u00e9 p\u00e9nale individuelle de l'accus\u00e9.<br \/>\u00ab C'est un moment historique plein d'\u00e9motion car \u00e9tant l'aboutissement d'un\u00a0 long processus. Hiss\u00e8ne Habr\u00e9 avait droit de vie et de mort sur son peuple durant les huit ans de son r\u00e8gne d'une main de fer sur le Tchad. Ce sont des personnes compl\u00e8tement traumatis\u00e9es qui ont d\u00e9fil\u00e9 devant la barre \u00bb, a d\u00e9clar\u00e9\u00a0 l'avocate tchadienne Me Jacqueline Moudeina.<br \/>La responsabilit\u00e9 de Hiss\u00e8ne Habr\u00e9 \u00ab est totalement engag\u00e9e \u00bb, a aussi plaid\u00e9 Me Yar\u00e9 Fall (S\u00e9n\u00e9galais) expliquant que c'est bien lui, Habr\u00e9, qui faisait ex\u00e9cuter les prisonniers. \u00ab En tant que responsable hi\u00e9rarchique il n'a pris aucune mesure pour emp\u00eacher les tueries. Il doit donc assumer \u00bb. \u00ab Habr\u00e9 n'a aucune consid\u00e9ration pour les institutions du S\u00e9n\u00e9gal, le pays qui l'a accueilli en 1990. Lorsque la Chambre arrive tout le monde se l\u00e8ve sauf lui \u00bb, a-t-il d\u00e9plor\u00e9.<br \/>\u00a0<\/p>\n<h3>Habr\u00e9 emmur\u00e9 dans le silence<\/h3>\n<p>Me Lamina Djindammadji\u00a0 (Tchad), accuse l'ancien pr\u00e9sident tchadien, qu'il n'h\u00e9site pas \u00e0 comparer \u00e0 Hitler, d'avoir d\u00e9cim\u00e9 les intellectuels de son pays ; ce qui fait, a-t-il accus\u00e9, que le Tchad en compte peu aujourd'hui. \u00ab Sous son r\u00e8gne, des prisonniers \u00e9taient entass\u00e9s dans des pi\u00e8ces de 12 m2 avec non seulement une mauvaise alimentation, mais ils n'avaient pas droit aux soins et subissaient des traitements inhumains \u00bb.<\/p>\n<p>Entour\u00e9 de trois gardes, l'ancien chef de l'Etat tchadien reste impassible, emmur\u00e9 dans le silence.<br \/>\u00ab Le taux de mortalit\u00e9 quotidienne dans les prisons tchadiennes est sup\u00e9rieur substantiellement au pire des taux de mortalit\u00e9 de prisonniers enregistr\u00e9s au XXe si\u00e8cle \u00bb rel\u00e8ve Me George Henry Beautier, avocat belge qui a \u00e9galement cit\u00e9 une \u00e9tude selon laquelle pour contenir l'\u00e9quivalent du nombre de victimes de Hiss\u00e8ne Habr\u00e9\u00a0 en 90 mois, il faudrait placer 300 personnes dans 133 salles ce qui fait pas moins de 40.000 victimes.<br \/>Pour Me Beautier, viols, esclavage sexuel et prostitution, \u00e9taient le lot des femmes dans les prisons, rappelant le t\u00e9moignage de Khadija Hassan Zidan qui affirme avoir \u00e9t\u00e9 viol\u00e9e par Hiss\u00e8ne Habr\u00e9 lui-m\u00eame.<br \/>Les victimes du r\u00e9gime de Habr\u00e9 n'\u00e9taient pas seulement tchadiennes selon Me Assane Dioma Ndiaye qui a rappel\u00e9 le cas de ce bijoutier s\u00e9n\u00e9galais du nom de Demba Gaye, mort dans les ge\u00f4les de N'Djamena.<br \/>\u00ab Ce Tribunal doit augurer des perspectives pour l'Afrique \u00bb a affirm\u00e9 Me Ndiaye, expliquant que des \u00e9l\u00e9ments de preuve ont d\u00e9montr\u00e9 que la DDS r\u00e9pondait bien directement de Habr\u00e9.<br \/>L'avocat fran\u00e7ais William Bourdon a cl\u00f4tur\u00e9 les plaidoiries des parties civiles en d\u00e9clarant d'embl\u00e9e que le mot \u00ab dignit\u00e9 ne sera jamais dans le vocabulaire de Hissene Habr\u00e9 qui a souill\u00e9 la terre tchadienne. Il est hors normes. C'est un criminel qui d\u00e9passe tout le monde m\u00eame Pinochet \u00bb.<br \/>\u00ab Ce proc\u00e8s va permettre aux victimes de retrouver un bout de leur dignit\u00e9 perdue, nous esp\u00e9rons que votre d\u00e9cision sera un d\u00e9but d'espoir pour l'humanit\u00e9 \u00bb, a-t-il dit \u00e0 l'endroit des CAE.<\/p>\n","protected":false},"excerpt":{"rendered":"<p>Le procureur pr\u00e8s les Chambres africaines extraordinaires(CAE), Mback\u00e9 Fall, a requis mercredi, au troisi\u00e8me jour des plaidoiries dans le proc\u00e8s de Hiss\u00e8ne Habr\u00e9, une peine de prison \u00e0 perp\u00e9tuit\u00e9 et la confiscation de ses biens contre l'ancien chef de l'Etat tchadien jug\u00e9 \u00e0 Dakar pour crimes de guerre, tortures et crimes contre l'humanit\u00e9 perp\u00e9tr\u00e9s durant [&hellip;]<\/p>\n","protected":false},"author":64,"featured_media":64487,"comment_status":"open","ping_status":"closed","sticky":false,"template":"","format":"standard","meta":{"_acf_changed":false,"footnotes":""},"categories":[547],"tags":[],"ji_location":[2166],"class_list":["post-25956","post","type-post","status-publish","format-standard","has-post-thumbnail","hentry","category-tribunaux","ji_location-tchad"],"acf":[],"yoast_head":"<!-- This site is optimized with the Yoast SEO Premium plugin v25.3.1 (Yoast SEO v25.3.1) - https:\/\/yoast.com\/wordpress\/plugins\/seo\/ -->\n<title>Hiss\u00e8ne Habr\u00e9 : le procureur demande la perp\u00e9tuit\u00e9 - JusticeInfo.net<\/title>\n<meta name=\"robots\" content=\"index, follow, max-snippet:-1, max-image-preview:large, max-video-preview:-1\" \/>\n<link rel=\"canonical\" href=\"https:\/\/www.justiceinfo.net\/fr\/25956-hissene-habre.html\" \/>\n<meta property=\"og:locale\" content=\"fr_FR\" \/>\n<meta property=\"og:type\" content=\"article\" \/>\n<meta property=\"og:title\" content=\"Hiss\u00e8ne Habr\u00e9 : le procureur demande la perp\u00e9tuit\u00e9\" \/>\n<meta property=\"og:description\" content=\"Le procureur pr\u00e8s les Chambres africaines extraordinaires(CAE), Mback\u00e9 Fall, a requis mercredi, au troisi\u00e8me jour des plaidoiries dans le proc\u00e8s de Hiss\u00e8ne Habr\u00e9, une peine de prison \u00e0 perp\u00e9tuit\u00e9 et la confiscation de ses biens contre l&#039;ancien chef de l&#039;Etat tchadien jug\u00e9 \u00e0 Dakar pour crimes de guerre, tortures et crimes contre l&#039;humanit\u00e9 perp\u00e9tr\u00e9s durant [&hellip;]\" \/>\n<meta property=\"og:url\" content=\"https:\/\/www.justiceinfo.net\/fr\/25956-hissene-habre.html\" \/>\n<meta property=\"og:site_name\" content=\"JusticeInfo.net\" \/>\n<meta property=\"article:publisher\" content=\"https:\/\/www.facebook.com\/JusticeInfo\/\" \/>\n<meta property=\"article:published_time\" content=\"2016-02-11T06:47:48+00:00\" \/>\n<meta property=\"og:image\" content=\"https:\/\/www.justiceinfo.net\/wp-content\/uploads\/27512200baf9a6d2d41cdcae6a61bbbc-scaled.jpg\" \/>\n\t<meta property=\"og:image:width\" content=\"2560\" \/>\n\t<meta property=\"og:image:height\" content=\"1709\" \/>\n\t<meta property=\"og:image:type\" content=\"image\/jpeg\" \/>\n<meta name=\"author\" content=\"Abdoulaye Diouf\" \/>\n<meta name=\"twitter:card\" content=\"summary_large_image\" \/>\n<meta name=\"twitter:creator\" content=\"@justiceinfonet\" \/>\n<meta name=\"twitter:site\" content=\"@justiceinfonet\" \/>\n<meta name=\"twitter:label1\" content=\"\u00c9crit par\" \/>\n\t<meta name=\"twitter:data1\" content=\"Abdoulaye Diouf\" \/>\n\t<meta name=\"twitter:label2\" content=\"Dur\u00e9e de lecture estim\u00e9e\" \/>\n\t<meta name=\"twitter:data2\" content=\"5 minutes\" \/>\n<script type=\"application\/ld+json\" class=\"yoast-schema-graph\">{\"@context\":\"https:\/\/schema.org\",\"@graph\":[{\"@type\":\"NewsArticle\",\"@id\":\"https:\/\/www.justiceinfo.net\/fr\/25956-hissene-habre.html#article\",\"isPartOf\":{\"@id\":\"https:\/\/www.justiceinfo.net\/fr\/25956-hissene-habre.html\"},\"author\":{\"name\":\"solivri\",\"@id\":\"https:\/\/www.justiceinfo.net\/fr#\/schema\/person\/6e53cba1629e2e66f3fc1821d3091865\"},\"headline\":\"Hiss\u00e8ne Habr\u00e9 : le procureur demande la perp\u00e9tuit\u00e9\",\"datePublished\":\"2016-02-11T06:47:48+00:00\",\"mainEntityOfPage\":{\"@id\":\"https:\/\/www.justiceinfo.net\/fr\/25956-hissene-habre.html\"},\"wordCount\":987,\"commentCount\":0,\"publisher\":{\"@id\":\"https:\/\/www.justiceinfo.net\/fr#organization\"},\"image\":{\"@id\":\"https:\/\/www.justiceinfo.net\/fr\/25956-hissene-habre.html#primaryimage\"},\"thumbnailUrl\":\"https:\/\/www.justiceinfo.net\/wp-content\/uploads\/27512200baf9a6d2d41cdcae6a61bbbc-scaled.jpg\",\"articleSection\":[\"Tribunaux\"],\"inLanguage\":\"fr-FR\",\"potentialAction\":[{\"@type\":\"CommentAction\",\"name\":\"Comment\",\"target\":[\"https:\/\/www.justiceinfo.net\/fr\/25956-hissene-habre.html#respond\"]}]},{\"@type\":\"WebPage\",\"@id\":\"https:\/\/www.justiceinfo.net\/fr\/25956-hissene-habre.html\",\"url\":\"https:\/\/www.justiceinfo.net\/fr\/25956-hissene-habre.html\",\"name\":\"Hiss\u00e8ne Habr\u00e9 : le procureur demande la perp\u00e9tuit\u00e9 - JusticeInfo.net\",\"isPartOf\":{\"@id\":\"https:\/\/www.justiceinfo.net\/fr#website\"},\"primaryImageOfPage\":{\"@id\":\"https:\/\/www.justiceinfo.net\/fr\/25956-hissene-habre.html#primaryimage\"},\"image\":{\"@id\":\"https:\/\/www.justiceinfo.net\/fr\/25956-hissene-habre.html#primaryimage\"},\"thumbnailUrl\":\"https:\/\/www.justiceinfo.net\/wp-content\/uploads\/27512200baf9a6d2d41cdcae6a61bbbc-scaled.jpg\",\"datePublished\":\"2016-02-11T06:47:48+00:00\",\"breadcrumb\":{\"@id\":\"https:\/\/www.justiceinfo.net\/fr\/25956-hissene-habre.html#breadcrumb\"},\"inLanguage\":\"fr-FR\",\"potentialAction\":[{\"@type\":\"ReadAction\",\"target\":[\"https:\/\/www.justiceinfo.net\/fr\/25956-hissene-habre.html\"]}]},{\"@type\":\"ImageObject\",\"inLanguage\":\"fr-FR\",\"@id\":\"https:\/\/www.justiceinfo.net\/fr\/25956-hissene-habre.html#primaryimage\",\"url\":\"https:\/\/www.justiceinfo.net\/wp-content\/uploads\/27512200baf9a6d2d41cdcae6a61bbbc-scaled.jpg\",\"contentUrl\":\"https:\/\/www.justiceinfo.net\/wp-content\/uploads\/27512200baf9a6d2d41cdcae6a61bbbc-scaled.jpg\",\"width\":2560,\"height\":1709},{\"@type\":\"BreadcrumbList\",\"@id\":\"https:\/\/www.justiceinfo.net\/fr\/25956-hissene-habre.html#breadcrumb\",\"itemListElement\":[{\"@type\":\"ListItem\",\"position\":1,\"name\":\"Home\",\"item\":\"https:\/\/www.justiceinfo.net\/fr\"},{\"@type\":\"ListItem\",\"position\":2,\"name\":\"Hiss\u00e8ne Habr\u00e9 : le procureur demande la perp\u00e9tuit\u00e9\"}]},{\"@type\":\"WebSite\",\"@id\":\"https:\/\/www.justiceinfo.net\/fr#website\",\"url\":\"https:\/\/www.justiceinfo.net\/fr\",\"name\":\"JusticeInfo.net\",\"description\":\"La justice doit \u00eatre vue pour \u00eatre rendue\",\"publisher\":{\"@id\":\"https:\/\/www.justiceinfo.net\/fr#organization\"},\"potentialAction\":[{\"@type\":\"SearchAction\",\"target\":{\"@type\":\"EntryPoint\",\"urlTemplate\":\"https:\/\/www.justiceinfo.net\/fr?s={search_term_string}\"},\"query-input\":{\"@type\":\"PropertyValueSpecification\",\"valueRequired\":true,\"valueName\":\"search_term_string\"}}],\"inLanguage\":\"fr-FR\"},{\"@type\":\"Organization\",\"@id\":\"https:\/\/www.justiceinfo.net\/fr#organization\",\"name\":\"Justice Info\",\"url\":\"https:\/\/www.justiceinfo.net\/fr\",\"logo\":{\"@type\":\"ImageObject\",\"inLanguage\":\"fr-FR\",\"@id\":\"https:\/\/www.justiceinfo.net\/fr#\/schema\/logo\/image\/\",\"url\":\"https:\/\/www.justiceinfo.net\/wp-content\/uploads\/justiceinfo_logo-trans_1200x1200px.png\",\"contentUrl\":\"https:\/\/www.justiceinfo.net\/wp-content\/uploads\/justiceinfo_logo-trans_1200x1200px.png\",\"width\":1199,\"height\":1200,\"caption\":\"Justice Info\"},\"image\":{\"@id\":\"https:\/\/www.justiceinfo.net\/fr#\/schema\/logo\/image\/\"},\"sameAs\":[\"https:\/\/www.facebook.com\/JusticeInfo\/\",\"https:\/\/x.com\/justiceinfonet\",\"https:\/\/www.linkedin.com\/company\/justice-info\",\"https:\/\/www.youtube.com\/channel\/UCyCEsARodyuWtkWyhn-e7pA\"]},{\"@type\":\"Person\",\"name\":\"Abdoulaye Diouf\",\"url\":\"\/fr\/?s=Abdoulaye Diouf\"}]}<\/script>\n<!-- \/ Yoast SEO Premium plugin. -->","yoast_head_json":{"title":"Hiss\u00e8ne Habr\u00e9 : le procureur demande la perp\u00e9tuit\u00e9 - JusticeInfo.net","robots":{"index":"index","follow":"follow","max-snippet":"max-snippet:-1","max-image-preview":"max-image-preview:large","max-video-preview":"max-video-preview:-1"},"canonical":"https:\/\/www.justiceinfo.net\/fr\/25956-hissene-habre.html","og_locale":"fr_FR","og_type":"article","og_title":"Hiss\u00e8ne Habr\u00e9 : le procureur demande la perp\u00e9tuit\u00e9","og_description":"Le procureur pr\u00e8s les Chambres africaines extraordinaires(CAE), Mback\u00e9 Fall, a requis mercredi, au troisi\u00e8me jour des plaidoiries dans le proc\u00e8s de Hiss\u00e8ne Habr\u00e9, une peine de prison \u00e0 perp\u00e9tuit\u00e9 et la confiscation de ses biens contre l'ancien chef de l'Etat tchadien jug\u00e9 \u00e0 Dakar pour crimes de guerre, tortures et crimes contre l'humanit\u00e9 perp\u00e9tr\u00e9s durant [&hellip;]","og_url":"https:\/\/www.justiceinfo.net\/fr\/25956-hissene-habre.html","og_site_name":"JusticeInfo.net","article_publisher":"https:\/\/www.facebook.com\/JusticeInfo\/","article_published_time":"2016-02-11T06:47:48+00:00","og_image":[{"width":2560,"height":1709,"url":"https:\/\/www.justiceinfo.net\/wp-content\/uploads\/27512200baf9a6d2d41cdcae6a61bbbc-scaled.jpg","type":"image\/jpeg"}],"author":"Abdoulaye Diouf","twitter_card":"summary_large_image","twitter_creator":"@justiceinfonet","twitter_site":"@justiceinfonet","twitter_misc":{"\u00c9crit par":"Abdoulaye Diouf","Dur\u00e9e de lecture estim\u00e9e":"5 minutes"},"schema":{"@context":"https:\/\/schema.org","@graph":[{"@type":"NewsArticle","@id":"https:\/\/www.justiceinfo.net\/fr\/25956-hissene-habre.html#article","isPartOf":{"@id":"https:\/\/www.justiceinfo.net\/fr\/25956-hissene-habre.html"},"author":{"name":"solivri","@id":"https:\/\/www.justiceinfo.net\/fr#\/schema\/person\/6e53cba1629e2e66f3fc1821d3091865"},"headline":"Hiss\u00e8ne Habr\u00e9 : le procureur demande la perp\u00e9tuit\u00e9","datePublished":"2016-02-11T06:47:48+00:00","mainEntityOfPage":{"@id":"https:\/\/www.justiceinfo.net\/fr\/25956-hissene-habre.html"},"wordCount":987,"commentCount":0,"publisher":{"@id":"https:\/\/www.justiceinfo.net\/fr#organization"},"image":{"@id":"https:\/\/www.justiceinfo.net\/fr\/25956-hissene-habre.html#primaryimage"},"thumbnailUrl":"https:\/\/www.justiceinfo.net\/wp-content\/uploads\/27512200baf9a6d2d41cdcae6a61bbbc-scaled.jpg","articleSection":["Tribunaux"],"inLanguage":"fr-FR","potentialAction":[{"@type":"CommentAction","name":"Comment","target":["https:\/\/www.justiceinfo.net\/fr\/25956-hissene-habre.html#respond"]}]},{"@type":"WebPage","@id":"https:\/\/www.justiceinfo.net\/fr\/25956-hissene-habre.html","url":"https:\/\/www.justiceinfo.net\/fr\/25956-hissene-habre.html","name":"Hiss\u00e8ne Habr\u00e9 : le procureur demande la perp\u00e9tuit\u00e9 - JusticeInfo.net","isPartOf":{"@id":"https:\/\/www.justiceinfo.net\/fr#website"},"primaryImageOfPage":{"@id":"https:\/\/www.justiceinfo.net\/fr\/25956-hissene-habre.html#primaryimage"},"image":{"@id":"https:\/\/www.justiceinfo.net\/fr\/25956-hissene-habre.html#primaryimage"},"thumbnailUrl":"https:\/\/www.justiceinfo.net\/wp-content\/uploads\/27512200baf9a6d2d41cdcae6a61bbbc-scaled.jpg","datePublished":"2016-02-11T06:47:48+00:00","breadcrumb":{"@id":"https:\/\/www.justiceinfo.net\/fr\/25956-hissene-habre.html#breadcrumb"},"inLanguage":"fr-FR","potentialAction":[{"@type":"ReadAction","target":["https:\/\/www.justiceinfo.net\/fr\/25956-hissene-habre.html"]}]},{"@type":"ImageObject","inLanguage":"fr-FR","@id":"https:\/\/www.justiceinfo.net\/fr\/25956-hissene-habre.html#primaryimage","url":"https:\/\/www.justiceinfo.net\/wp-content\/uploads\/27512200baf9a6d2d41cdcae6a61bbbc-scaled.jpg","contentUrl":"https:\/\/www.justiceinfo.net\/wp-content\/uploads\/27512200baf9a6d2d41cdcae6a61bbbc-scaled.jpg","width":2560,"height":1709},{"@type":"BreadcrumbList","@id":"https:\/\/www.justiceinfo.net\/fr\/25956-hissene-habre.html#breadcrumb","itemListElement":[{"@type":"ListItem","position":1,"name":"Home","item":"https:\/\/www.justiceinfo.net\/fr"},{"@type":"ListItem","position":2,"name":"Hiss\u00e8ne Habr\u00e9 : le procureur demande la perp\u00e9tuit\u00e9"}]},{"@type":"WebSite","@id":"https:\/\/www.justiceinfo.net\/fr#website","url":"https:\/\/www.justiceinfo.net\/fr","name":"JusticeInfo.net","description":"La justice doit \u00eatre vue pour \u00eatre rendue","publisher":{"@id":"https:\/\/www.justiceinfo.net\/fr#organization"},"potentialAction":[{"@type":"SearchAction","target":{"@type":"EntryPoint","urlTemplate":"https:\/\/www.justiceinfo.net\/fr?s={search_term_string}"},"query-input":{"@type":"PropertyValueSpecification","valueRequired":true,"valueName":"search_term_string"}}],"inLanguage":"fr-FR"},{"@type":"Organization","@id":"https:\/\/www.justiceinfo.net\/fr#organization","name":"Justice Info","url":"https:\/\/www.justiceinfo.net\/fr","logo":{"@type":"ImageObject","inLanguage":"fr-FR","@id":"https:\/\/www.justiceinfo.net\/fr#\/schema\/logo\/image\/","url":"https:\/\/www.justiceinfo.net\/wp-content\/uploads\/justiceinfo_logo-trans_1200x1200px.png","contentUrl":"https:\/\/www.justiceinfo.net\/wp-content\/uploads\/justiceinfo_logo-trans_1200x1200px.png","width":1199,"height":1200,"caption":"Justice Info"},"image":{"@id":"https:\/\/www.justiceinfo.net\/fr#\/schema\/logo\/image\/"},"sameAs":["https:\/\/www.facebook.com\/JusticeInfo\/","https:\/\/x.com\/justiceinfonet","https:\/\/www.linkedin.com\/company\/justice-info","https:\/\/www.youtube.com\/channel\/UCyCEsARodyuWtkWyhn-e7pA"]},{"@type":"Person","name":"Abdoulaye Diouf","url":"\/fr\/?s=Abdoulaye Diouf"}]}},"_links":{"self":[{"href":"https:\/\/www.justiceinfo.net\/fr\/wp-json\/wp\/v2\/posts\/25956","targetHints":{"allow":["GET"]}}],"collection":[{"href":"https:\/\/www.justiceinfo.net\/fr\/wp-json\/wp\/v2\/posts"}],"about":[{"href":"https:\/\/www.justiceinfo.net\/fr\/wp-json\/wp\/v2\/types\/post"}],"author":[{"embeddable":true,"href":"https:\/\/www.justiceinfo.net\/fr\/wp-json\/wp\/v2\/users\/64"}],"replies":[{"embeddable":true,"href":"https:\/\/www.justiceinfo.net\/fr\/wp-json\/wp\/v2\/comments?post=25956"}],"version-history":[{"count":0,"href":"https:\/\/www.justiceinfo.net\/fr\/wp-json\/wp\/v2\/posts\/25956\/revisions"}],"wp:featuredmedia":[{"embeddable":true,"href":"https:\/\/www.justiceinfo.net\/fr\/wp-json\/wp\/v2\/media\/64487"}],"wp:attachment":[{"href":"https:\/\/www.justiceinfo.net\/fr\/wp-json\/wp\/v2\/media?parent=25956"}],"wp:term":[{"taxonomy":"category","embeddable":true,"href":"https:\/\/www.justiceinfo.net\/fr\/wp-json\/wp\/v2\/categories?post=25956"},{"taxonomy":"post_tag","embeddable":true,"href":"https:\/\/www.justiceinfo.net\/fr\/wp-json\/wp\/v2\/tags?post=25956"},{"taxonomy":"ji_location","embeddable":true,"href":"https:\/\/www.justiceinfo.net\/fr\/wp-json\/wp\/v2\/ji_location?post=25956"}],"curies":[{"name":"wp","href":"https:\/\/api.w.org\/{rel}","templated":true}]}}