{"id":25976,"date":"2016-02-12T07:15:38","date_gmt":"2016-02-12T06:15:38","guid":{"rendered":"https:\/\/www.justiceinfo.net\/25976-rdc-la-famille-de-l-activiste-pascal-kabungulu-saisit-l-onu.html"},"modified":"2016-02-12T07:15:38","modified_gmt":"2016-02-12T06:15:38","slug":"rdc-la-famille-de-l-activiste-pascal-kabungulu-saisit-l-onu","status":"publish","type":"post","link":"https:\/\/www.justiceinfo.net\/fr\/25976-rdc-la-famille-de-l-activiste-pascal-kabungulu-saisit-l-onu.html","title":{"rendered":"RDC : la famille de l'activiste Pascal Kabungulu saisit l'ONU"},"content":{"rendered":"<p><strong><em>Dix ans apr\u00e8s l'assassinat de l'\u00e9minent d\u00e9fenseur des droits de l'homme congolais Pascal Kabungulu, sa famille saisit les Nations unies avec le\u00a0 soutien de l'ONG suisse TRIAL et du Centre canadien pour la justice internationale.<\/em><\/strong><\/p>\n<p>\u00ab\u00a0La plainte devant le Comit\u00e9 des droits de l'homme des Nations unies intervient apr\u00e8s d'infatigables efforts de la famille et de groupes de d\u00e9fense des droits humains pour relancer les proc\u00e9dures judiciaires en R\u00e9publique d\u00e9mocratique du Congo (RDC), au point mort depuis trop longtemps\u00a0\u00bb, explique l'ONG Track Impunity Always (TRIAL).<\/p>\n<p>Le 31 juillet 2005, des hommes arm\u00e9s en uniforme militaire ont tu\u00e9 Pascal Kabungulu sous les yeux de sa famille. Le d\u00e9fenseur avait d\u00e9j\u00e0 fait l'objet de plusieurs menaces en raison de son travail sur les droits humains au sein de l'organisation H\u00e9ritiers de la Justice \u00e0 Bukavu, dans le Sud-Kivu, une province de l'est de la RDC.<\/p>\n<p>Quelques jours \u00e0 peine apr\u00e8s l'assassinat, l'\u00e9pouse de Pascal Kabungulu, D\u00e9borah Kitumaini, a \u00e9galement \u00e9t\u00e9 menac\u00e9e et contrainte de fuir le pays avec leurs six enfants. La veuve a finalement trouv\u00e9 refuge au Canada, o\u00f9 elle dirige maintenant la Fondation Pascal Kabungulu, qui soutient les familles de d\u00e9fenseurs des droits humains abattus en RDC.<\/p>\n<p>En d\u00e9pit de l'ouverture d'une proc\u00e9dure judiciaire en 2005, \u00ab\u00a0les poursuites ont \u00e9t\u00e9 interrompues lorsque des t\u00e9moins ont mis en cause certains hauts dignitaires de la r\u00e9gion\u00a0\u00bb, d\u00e9plore TRIAL. \u00ab\u00a0Malgr\u00e9 le transfert de l'affaire devant les plus hautes instances en RDC, tous les efforts de la famille et des ONG pour convaincre les autorit\u00e9s de rouvrir un proc\u00e8s sont jusqu'\u00e0 pr\u00e9sent rest\u00e9s vains\u00a0\u00bb, souligne l'ONG suisse.<\/p>\n<p>\u00a0\u00ab\u00a0La famille de Pascal a beaucoup souffert et m\u00e9rite que justice soit enfin faite\u00a0\u00bb, affirme Philip Grant, directeur de TRIAL, exhortant les Nations unies \u00e0 \u00ab\u00a0tout faire pour \u00e9viter que davantage de crimes ne soient commis \u00e0 l'encontre\u00a0\u00bb des d\u00e9fenseurs des droits de l'homme en RDC.<\/p>\n<p>Pascal Kabungulu a \u00e9t\u00e9 assassin\u00e9 dans un contexte d'affrontements violents entre les forces de s\u00e9curit\u00e9 et plusieurs groupes arm\u00e9s dans l'est de la RDC. Beaucoup de violations des droits de l'homme ont \u00e9t\u00e9 commises lors de ce conflit. \u00ab\u00a0Entre 2005 et 2008, au moins une douzaine de journalistes et militants des droits de l'homme ont \u00e9t\u00e9 tu\u00e9s\u00a0\u00bb, rel\u00e8ve la conseill\u00e8re juridique de TRIAL, Elsa Taquet, dans un entretien avec JusticeInfo.Net. \u00ab\u00a0L'assassinat de Pascal Kabungulu est un cas symbolique mais il est loin d'\u00eatre le seul visant un d\u00e9fenseur des droits de l'homme en RDC. Nous pensons notamment \u00e0 l'assassinat de Floribert Chebeya, tout aussi symbolique\u00a0\u00bb, souligne-t-elle.<\/p>\n<p>Elle esp\u00e8re que le Comit\u00e9 des droits de l'homme des Nations unies pourra , en tant que solution de dernier recours, recommander aux autorit\u00e9s congolaises, non seulement de rouvrir les enqu\u00eates et juger les responsables pr\u00e9sum\u00e9s de l'assassinat, mais aussi d'accorder une r\u00e9paration \u00e0 la famille de Kabungulu.<\/p>\n<p>\u00a0\u00ab\u00a0Notre famille esp\u00e8re vraiment que les Nations unies nous rendront justice, rench\u00e9rit Henri, le fils de Pascal Kabungulu. La RDC sera ainsi incit\u00e9e \u00e0 rouvrir l'enqu\u00eate et \u00e0 punir les auteurs\u00a0: il est temps que cesse l'impunit\u00e9.\u00a0\u00bb\u00a0<\/p>\n<p>\u00a0<\/p>\n","protected":false},"excerpt":{"rendered":"<p>Dix ans apr\u00e8s l'assassinat de l'\u00e9minent d\u00e9fenseur des droits de l'homme congolais Pascal Kabungulu, sa famille saisit les Nations unies avec le\u00a0 soutien de l'ONG suisse TRIAL et du Centre canadien pour la justice internationale. \u00ab\u00a0La plainte devant le Comit\u00e9 des droits de l'homme des Nations unies intervient apr\u00e8s d'infatigables efforts de la famille et [&hellip;]<\/p>\n","protected":false},"author":57,"featured_media":64853,"comment_status":"open","ping_status":"closed","sticky":false,"template":"","format":"standard","meta":{"_acf_changed":false,"footnotes":""},"categories":[556],"tags":[],"ji_location":[2196],"class_list":["post-25976","post","type-post","status-publish","format-standard","has-post-thumbnail","hentry","category-divers","ji_location-republique-democratique-du-congo"],"acf":[],"yoast_head":"<!-- This site is optimized with the Yoast SEO Premium plugin v25.3.1 (Yoast SEO v25.3.1) - https:\/\/yoast.com\/wordpress\/plugins\/seo\/ -->\n<title>RDC : la famille de l&#039;activiste Pascal Kabungulu saisit l&#039;ONU - JusticeInfo.net<\/title>\n<meta name=\"robots\" content=\"index, follow, max-snippet:-1, max-image-preview:large, max-video-preview:-1\" \/>\n<link rel=\"canonical\" href=\"https:\/\/www.justiceinfo.net\/fr\/25976-rdc-la-famille-de-l-activiste-pascal-kabungulu-saisit-l-onu.html\" \/>\n<meta property=\"og:locale\" content=\"fr_FR\" \/>\n<meta property=\"og:type\" content=\"article\" \/>\n<meta property=\"og:title\" content=\"RDC : la famille de l&#039;activiste Pascal Kabungulu saisit l&#039;ONU\" \/>\n<meta property=\"og:description\" content=\"Dix ans apr\u00e8s l&#039;assassinat de l&#039;\u00e9minent d\u00e9fenseur des droits de l&#039;homme congolais Pascal Kabungulu, sa famille saisit les Nations unies avec le\u00a0 soutien de l&#039;ONG suisse TRIAL et du Centre canadien pour la justice internationale. \u00ab\u00a0La plainte devant le Comit\u00e9 des droits de l&#039;homme des Nations unies intervient apr\u00e8s d&#039;infatigables efforts de la famille et [&hellip;]\" \/>\n<meta property=\"og:url\" content=\"https:\/\/www.justiceinfo.net\/fr\/25976-rdc-la-famille-de-l-activiste-pascal-kabungulu-saisit-l-onu.html\" \/>\n<meta property=\"og:site_name\" content=\"JusticeInfo.net\" \/>\n<meta property=\"article:publisher\" content=\"https:\/\/www.facebook.com\/JusticeInfo\/\" \/>\n<meta property=\"article:author\" content=\"https:\/\/www.facebook.com\/Juliacra\" \/>\n<meta property=\"article:published_time\" content=\"2016-02-12T06:15:38+00:00\" \/>\n<meta property=\"og:image\" content=\"https:\/\/www.justiceinfo.net\/wp-content\/uploads\/b421d6fa7e81adfb5c2e5d9b0715af6a.jpg\" \/>\n\t<meta property=\"og:image:width\" content=\"320\" \/>\n\t<meta property=\"og:image:height\" content=\"214\" \/>\n\t<meta property=\"og:image:type\" content=\"image\/jpeg\" \/>\n<meta name=\"author\" content=\"Julia Crawford, JusticeInfo.Net\" \/>\n<meta name=\"twitter:card\" content=\"summary_large_image\" \/>\n<meta name=\"twitter:creator\" content=\"@JuliaCrawford13\" \/>\n<meta name=\"twitter:site\" content=\"@justiceinfonet\" \/>\n<meta name=\"twitter:label1\" content=\"\u00c9crit par\" \/>\n\t<meta name=\"twitter:data1\" content=\"Julia Crawford, JusticeInfo.Net\" \/>\n\t<meta name=\"twitter:label2\" content=\"Dur\u00e9e de lecture estim\u00e9e\" \/>\n\t<meta name=\"twitter:data2\" content=\"3 minutes\" \/>\n<script type=\"application\/ld+json\" class=\"yoast-schema-graph\">{\"@context\":\"https:\/\/schema.org\",\"@graph\":[{\"@type\":\"NewsArticle\",\"@id\":\"https:\/\/www.justiceinfo.net\/fr\/25976-rdc-la-famille-de-l-activiste-pascal-kabungulu-saisit-l-onu.html#article\",\"isPartOf\":{\"@id\":\"https:\/\/www.justiceinfo.net\/fr\/25976-rdc-la-famille-de-l-activiste-pascal-kabungulu-saisit-l-onu.html\"},\"author\":{\"name\":\"jcrawford\",\"@id\":\"https:\/\/www.justiceinfo.net\/fr#\/schema\/person\/b25d0aaceb5ef616c169bbc5e5b2d7e5\"},\"headline\":\"RDC : la famille de l'activiste Pascal Kabungulu saisit l'ONU\",\"datePublished\":\"2016-02-12T06:15:38+00:00\",\"mainEntityOfPage\":{\"@id\":\"https:\/\/www.justiceinfo.net\/fr\/25976-rdc-la-famille-de-l-activiste-pascal-kabungulu-saisit-l-onu.html\"},\"wordCount\":571,\"commentCount\":0,\"publisher\":{\"@id\":\"https:\/\/www.justiceinfo.net\/fr#organization\"},\"image\":{\"@id\":\"https:\/\/www.justiceinfo.net\/fr\/25976-rdc-la-famille-de-l-activiste-pascal-kabungulu-saisit-l-onu.html#primaryimage\"},\"thumbnailUrl\":\"https:\/\/www.justiceinfo.net\/wp-content\/uploads\/b421d6fa7e81adfb5c2e5d9b0715af6a.jpg\",\"articleSection\":[\"Divers\"],\"inLanguage\":\"fr-FR\",\"potentialAction\":[{\"@type\":\"CommentAction\",\"name\":\"Comment\",\"target\":[\"https:\/\/www.justiceinfo.net\/fr\/25976-rdc-la-famille-de-l-activiste-pascal-kabungulu-saisit-l-onu.html#respond\"]}]},{\"@type\":\"WebPage\",\"@id\":\"https:\/\/www.justiceinfo.net\/fr\/25976-rdc-la-famille-de-l-activiste-pascal-kabungulu-saisit-l-onu.html\",\"url\":\"https:\/\/www.justiceinfo.net\/fr\/25976-rdc-la-famille-de-l-activiste-pascal-kabungulu-saisit-l-onu.html\",\"name\":\"RDC : la famille de l'activiste Pascal Kabungulu saisit l'ONU - JusticeInfo.net\",\"isPartOf\":{\"@id\":\"https:\/\/www.justiceinfo.net\/fr#website\"},\"primaryImageOfPage\":{\"@id\":\"https:\/\/www.justiceinfo.net\/fr\/25976-rdc-la-famille-de-l-activiste-pascal-kabungulu-saisit-l-onu.html#primaryimage\"},\"image\":{\"@id\":\"https:\/\/www.justiceinfo.net\/fr\/25976-rdc-la-famille-de-l-activiste-pascal-kabungulu-saisit-l-onu.html#primaryimage\"},\"thumbnailUrl\":\"https:\/\/www.justiceinfo.net\/wp-content\/uploads\/b421d6fa7e81adfb5c2e5d9b0715af6a.jpg\",\"datePublished\":\"2016-02-12T06:15:38+00:00\",\"breadcrumb\":{\"@id\":\"https:\/\/www.justiceinfo.net\/fr\/25976-rdc-la-famille-de-l-activiste-pascal-kabungulu-saisit-l-onu.html#breadcrumb\"},\"inLanguage\":\"fr-FR\",\"potentialAction\":[{\"@type\":\"ReadAction\",\"target\":[\"https:\/\/www.justiceinfo.net\/fr\/25976-rdc-la-famille-de-l-activiste-pascal-kabungulu-saisit-l-onu.html\"]}]},{\"@type\":\"ImageObject\",\"inLanguage\":\"fr-FR\",\"@id\":\"https:\/\/www.justiceinfo.net\/fr\/25976-rdc-la-famille-de-l-activiste-pascal-kabungulu-saisit-l-onu.html#primaryimage\",\"url\":\"https:\/\/www.justiceinfo.net\/wp-content\/uploads\/b421d6fa7e81adfb5c2e5d9b0715af6a.jpg\",\"contentUrl\":\"https:\/\/www.justiceinfo.net\/wp-content\/uploads\/b421d6fa7e81adfb5c2e5d9b0715af6a.jpg\",\"width\":320,\"height\":214},{\"@type\":\"BreadcrumbList\",\"@id\":\"https:\/\/www.justiceinfo.net\/fr\/25976-rdc-la-famille-de-l-activiste-pascal-kabungulu-saisit-l-onu.html#breadcrumb\",\"itemListElement\":[{\"@type\":\"ListItem\",\"position\":1,\"name\":\"Home\",\"item\":\"https:\/\/www.justiceinfo.net\/fr\"},{\"@type\":\"ListItem\",\"position\":2,\"name\":\"RDC : la famille de l'activiste Pascal Kabungulu saisit l'ONU\"}]},{\"@type\":\"WebSite\",\"@id\":\"https:\/\/www.justiceinfo.net\/fr#website\",\"url\":\"https:\/\/www.justiceinfo.net\/fr\",\"name\":\"JusticeInfo.net\",\"description\":\"La justice doit \u00eatre vue pour \u00eatre rendue\",\"publisher\":{\"@id\":\"https:\/\/www.justiceinfo.net\/fr#organization\"},\"potentialAction\":[{\"@type\":\"SearchAction\",\"target\":{\"@type\":\"EntryPoint\",\"urlTemplate\":\"https:\/\/www.justiceinfo.net\/fr?s={search_term_string}\"},\"query-input\":{\"@type\":\"PropertyValueSpecification\",\"valueRequired\":true,\"valueName\":\"search_term_string\"}}],\"inLanguage\":\"fr-FR\"},{\"@type\":\"Organization\",\"@id\":\"https:\/\/www.justiceinfo.net\/fr#organization\",\"name\":\"Justice Info\",\"url\":\"https:\/\/www.justiceinfo.net\/fr\",\"logo\":{\"@type\":\"ImageObject\",\"inLanguage\":\"fr-FR\",\"@id\":\"https:\/\/www.justiceinfo.net\/fr#\/schema\/logo\/image\/\",\"url\":\"https:\/\/www.justiceinfo.net\/wp-content\/uploads\/justiceinfo_logo-trans_1200x1200px.png\",\"contentUrl\":\"https:\/\/www.justiceinfo.net\/wp-content\/uploads\/justiceinfo_logo-trans_1200x1200px.png\",\"width\":1199,\"height\":1200,\"caption\":\"Justice Info\"},\"image\":{\"@id\":\"https:\/\/www.justiceinfo.net\/fr#\/schema\/logo\/image\/\"},\"sameAs\":[\"https:\/\/www.facebook.com\/JusticeInfo\/\",\"https:\/\/x.com\/justiceinfonet\",\"https:\/\/www.linkedin.com\/company\/justice-info\",\"https:\/\/www.youtube.com\/channel\/UCyCEsARodyuWtkWyhn-e7pA\"]},{\"@type\":\"Person\",\"name\":\"Julia Crawford, JusticeInfo.Net\",\"sameAs\":[\"https:\/\/www.facebook.com\/Juliacra\",\"https:\/\/x.com\/JuliaCrawford13\"],\"url\":\"https:\/\/www.justiceinfo.net\/fr\/auteur\/jcrawford\"}]}<\/script>\n<!-- \/ Yoast SEO Premium plugin. -->","yoast_head_json":{"title":"RDC : la famille de l'activiste Pascal Kabungulu saisit l'ONU - JusticeInfo.net","robots":{"index":"index","follow":"follow","max-snippet":"max-snippet:-1","max-image-preview":"max-image-preview:large","max-video-preview":"max-video-preview:-1"},"canonical":"https:\/\/www.justiceinfo.net\/fr\/25976-rdc-la-famille-de-l-activiste-pascal-kabungulu-saisit-l-onu.html","og_locale":"fr_FR","og_type":"article","og_title":"RDC : la famille de l'activiste Pascal Kabungulu saisit l'ONU","og_description":"Dix ans apr\u00e8s l'assassinat de l'\u00e9minent d\u00e9fenseur des droits de l'homme congolais Pascal Kabungulu, sa famille saisit les Nations unies avec le\u00a0 soutien de l'ONG suisse TRIAL et du Centre canadien pour la justice internationale. \u00ab\u00a0La plainte devant le Comit\u00e9 des droits de l'homme des Nations unies intervient apr\u00e8s d'infatigables efforts de la famille et [&hellip;]","og_url":"https:\/\/www.justiceinfo.net\/fr\/25976-rdc-la-famille-de-l-activiste-pascal-kabungulu-saisit-l-onu.html","og_site_name":"JusticeInfo.net","article_publisher":"https:\/\/www.facebook.com\/JusticeInfo\/","article_author":"https:\/\/www.facebook.com\/Juliacra","article_published_time":"2016-02-12T06:15:38+00:00","og_image":[{"width":320,"height":214,"url":"https:\/\/www.justiceinfo.net\/wp-content\/uploads\/b421d6fa7e81adfb5c2e5d9b0715af6a.jpg","type":"image\/jpeg"}],"author":"Julia Crawford, JusticeInfo.Net","twitter_card":"summary_large_image","twitter_creator":"@JuliaCrawford13","twitter_site":"@justiceinfonet","twitter_misc":{"\u00c9crit par":"Julia Crawford, JusticeInfo.Net","Dur\u00e9e de lecture estim\u00e9e":"3 minutes"},"schema":{"@context":"https:\/\/schema.org","@graph":[{"@type":"NewsArticle","@id":"https:\/\/www.justiceinfo.net\/fr\/25976-rdc-la-famille-de-l-activiste-pascal-kabungulu-saisit-l-onu.html#article","isPartOf":{"@id":"https:\/\/www.justiceinfo.net\/fr\/25976-rdc-la-famille-de-l-activiste-pascal-kabungulu-saisit-l-onu.html"},"author":{"name":"jcrawford","@id":"https:\/\/www.justiceinfo.net\/fr#\/schema\/person\/b25d0aaceb5ef616c169bbc5e5b2d7e5"},"headline":"RDC : la famille de l'activiste Pascal Kabungulu saisit l'ONU","datePublished":"2016-02-12T06:15:38+00:00","mainEntityOfPage":{"@id":"https:\/\/www.justiceinfo.net\/fr\/25976-rdc-la-famille-de-l-activiste-pascal-kabungulu-saisit-l-onu.html"},"wordCount":571,"commentCount":0,"publisher":{"@id":"https:\/\/www.justiceinfo.net\/fr#organization"},"image":{"@id":"https:\/\/www.justiceinfo.net\/fr\/25976-rdc-la-famille-de-l-activiste-pascal-kabungulu-saisit-l-onu.html#primaryimage"},"thumbnailUrl":"https:\/\/www.justiceinfo.net\/wp-content\/uploads\/b421d6fa7e81adfb5c2e5d9b0715af6a.jpg","articleSection":["Divers"],"inLanguage":"fr-FR","potentialAction":[{"@type":"CommentAction","name":"Comment","target":["https:\/\/www.justiceinfo.net\/fr\/25976-rdc-la-famille-de-l-activiste-pascal-kabungulu-saisit-l-onu.html#respond"]}]},{"@type":"WebPage","@id":"https:\/\/www.justiceinfo.net\/fr\/25976-rdc-la-famille-de-l-activiste-pascal-kabungulu-saisit-l-onu.html","url":"https:\/\/www.justiceinfo.net\/fr\/25976-rdc-la-famille-de-l-activiste-pascal-kabungulu-saisit-l-onu.html","name":"RDC : la famille de l'activiste Pascal Kabungulu saisit l'ONU - JusticeInfo.net","isPartOf":{"@id":"https:\/\/www.justiceinfo.net\/fr#website"},"primaryImageOfPage":{"@id":"https:\/\/www.justiceinfo.net\/fr\/25976-rdc-la-famille-de-l-activiste-pascal-kabungulu-saisit-l-onu.html#primaryimage"},"image":{"@id":"https:\/\/www.justiceinfo.net\/fr\/25976-rdc-la-famille-de-l-activiste-pascal-kabungulu-saisit-l-onu.html#primaryimage"},"thumbnailUrl":"https:\/\/www.justiceinfo.net\/wp-content\/uploads\/b421d6fa7e81adfb5c2e5d9b0715af6a.jpg","datePublished":"2016-02-12T06:15:38+00:00","breadcrumb":{"@id":"https:\/\/www.justiceinfo.net\/fr\/25976-rdc-la-famille-de-l-activiste-pascal-kabungulu-saisit-l-onu.html#breadcrumb"},"inLanguage":"fr-FR","potentialAction":[{"@type":"ReadAction","target":["https:\/\/www.justiceinfo.net\/fr\/25976-rdc-la-famille-de-l-activiste-pascal-kabungulu-saisit-l-onu.html"]}]},{"@type":"ImageObject","inLanguage":"fr-FR","@id":"https:\/\/www.justiceinfo.net\/fr\/25976-rdc-la-famille-de-l-activiste-pascal-kabungulu-saisit-l-onu.html#primaryimage","url":"https:\/\/www.justiceinfo.net\/wp-content\/uploads\/b421d6fa7e81adfb5c2e5d9b0715af6a.jpg","contentUrl":"https:\/\/www.justiceinfo.net\/wp-content\/uploads\/b421d6fa7e81adfb5c2e5d9b0715af6a.jpg","width":320,"height":214},{"@type":"BreadcrumbList","@id":"https:\/\/www.justiceinfo.net\/fr\/25976-rdc-la-famille-de-l-activiste-pascal-kabungulu-saisit-l-onu.html#breadcrumb","itemListElement":[{"@type":"ListItem","position":1,"name":"Home","item":"https:\/\/www.justiceinfo.net\/fr"},{"@type":"ListItem","position":2,"name":"RDC : la famille de l'activiste Pascal Kabungulu saisit l'ONU"}]},{"@type":"WebSite","@id":"https:\/\/www.justiceinfo.net\/fr#website","url":"https:\/\/www.justiceinfo.net\/fr","name":"JusticeInfo.net","description":"La justice doit \u00eatre vue pour \u00eatre rendue","publisher":{"@id":"https:\/\/www.justiceinfo.net\/fr#organization"},"potentialAction":[{"@type":"SearchAction","target":{"@type":"EntryPoint","urlTemplate":"https:\/\/www.justiceinfo.net\/fr?s={search_term_string}"},"query-input":{"@type":"PropertyValueSpecification","valueRequired":true,"valueName":"search_term_string"}}],"inLanguage":"fr-FR"},{"@type":"Organization","@id":"https:\/\/www.justiceinfo.net\/fr#organization","name":"Justice Info","url":"https:\/\/www.justiceinfo.net\/fr","logo":{"@type":"ImageObject","inLanguage":"fr-FR","@id":"https:\/\/www.justiceinfo.net\/fr#\/schema\/logo\/image\/","url":"https:\/\/www.justiceinfo.net\/wp-content\/uploads\/justiceinfo_logo-trans_1200x1200px.png","contentUrl":"https:\/\/www.justiceinfo.net\/wp-content\/uploads\/justiceinfo_logo-trans_1200x1200px.png","width":1199,"height":1200,"caption":"Justice Info"},"image":{"@id":"https:\/\/www.justiceinfo.net\/fr#\/schema\/logo\/image\/"},"sameAs":["https:\/\/www.facebook.com\/JusticeInfo\/","https:\/\/x.com\/justiceinfonet","https:\/\/www.linkedin.com\/company\/justice-info","https:\/\/www.youtube.com\/channel\/UCyCEsARodyuWtkWyhn-e7pA"]},{"@type":"Person","name":"Julia Crawford, JusticeInfo.Net","sameAs":["https:\/\/www.facebook.com\/Juliacra","https:\/\/x.com\/JuliaCrawford13"],"url":"https:\/\/www.justiceinfo.net\/fr\/auteur\/jcrawford"}]}},"_links":{"self":[{"href":"https:\/\/www.justiceinfo.net\/fr\/wp-json\/wp\/v2\/posts\/25976","targetHints":{"allow":["GET"]}}],"collection":[{"href":"https:\/\/www.justiceinfo.net\/fr\/wp-json\/wp\/v2\/posts"}],"about":[{"href":"https:\/\/www.justiceinfo.net\/fr\/wp-json\/wp\/v2\/types\/post"}],"author":[{"embeddable":true,"href":"https:\/\/www.justiceinfo.net\/fr\/wp-json\/wp\/v2\/users\/57"}],"replies":[{"embeddable":true,"href":"https:\/\/www.justiceinfo.net\/fr\/wp-json\/wp\/v2\/comments?post=25976"}],"version-history":[{"count":0,"href":"https:\/\/www.justiceinfo.net\/fr\/wp-json\/wp\/v2\/posts\/25976\/revisions"}],"wp:featuredmedia":[{"embeddable":true,"href":"https:\/\/www.justiceinfo.net\/fr\/wp-json\/wp\/v2\/media\/64853"}],"wp:attachment":[{"href":"https:\/\/www.justiceinfo.net\/fr\/wp-json\/wp\/v2\/media?parent=25976"}],"wp:term":[{"taxonomy":"category","embeddable":true,"href":"https:\/\/www.justiceinfo.net\/fr\/wp-json\/wp\/v2\/categories?post=25976"},{"taxonomy":"post_tag","embeddable":true,"href":"https:\/\/www.justiceinfo.net\/fr\/wp-json\/wp\/v2\/tags?post=25976"},{"taxonomy":"ji_location","embeddable":true,"href":"https:\/\/www.justiceinfo.net\/fr\/wp-json\/wp\/v2\/ji_location?post=25976"}],"curies":[{"name":"wp","href":"https:\/\/api.w.org\/{rel}","templated":true}]}}