{"id":26065,"date":"2016-02-17T10:35:47","date_gmt":"2016-02-17T09:35:47","guid":{"rendered":"https:\/\/www.justiceinfo.net\/26065-les-violences-sexuelles-arme-de-guerre-depuis-plus-de-20-ans-dans-lest-du-congo.html"},"modified":"2016-02-17T10:35:47","modified_gmt":"2016-02-17T09:35:47","slug":"les-violences-sexuelles-arme-de-guerre-depuis-plus-de-20-ans-dans-lest-du-congo","status":"publish","type":"post","link":"https:\/\/www.justiceinfo.net\/fr\/26065-les-violences-sexuelles-arme-de-guerre-depuis-plus-de-20-ans-dans-lest-du-congo.html","title":{"rendered":"Les violences sexuelles, arme de guerre depuis plus de 20 ans dans l\u2019est du Congo"},"content":{"rendered":"<p>Ce mercredi est sorti sur les \u00e9crans fran\u00e7ais le film de Thierry Michel <a href=\"http:\/\/ccfd-terresolidaire.org\/infos\/paix-et-conflits\/dr-mukwege-l-homme-qui-5358\"><em>L\u2019homme qui r\u00e9pare les femmes<\/em><\/a>. Il est consacr\u00e9 au combat que m\u00e8ne le docteur Denis Mukwege depuis le d\u00e9but de la premi\u00e8re guerre du Congo (ex-Za\u00efre), en 1996, dans la province du Kivu \u00e0 l\u2019est du pays, pour soigner les femmes victimes de viols et autres formes d\u2019abus sexuels.<\/p>\n<p>Ce film, d\u00e9j\u00e0 largement diffus\u00e9 et comment\u00e9 dans de nombreux pays depuis le printemps 2015, d\u00e9nonce avec force les violences sexuelles comme arme de guerre, une dimension fr\u00e9quemment occult\u00e9e des conflits. Il illustre aussi dans le cas d\u2019une guerre apparemment interminable les efforts d\u00e9ploy\u00e9s par les victimes rescap\u00e9es pour se reconstruire, s\u2019organiser pour r\u00e9sister aux agresseurs et les d\u00e9noncer. \u00c0 entendre les t\u00e9moignages et voir les actions de ces femmes courageuses, les avanc\u00e9es sont impressionnantes sur le plan de la mobilisation et de la prise de conscience collective de cette dramatique oppression. Pourtant, vingt ans apr\u00e8s, le constat demeure : personne n\u2019est en mesure de prot\u00e9ger les victimes et de mettre fin aux exactions.<\/p>\n<h3>Guerre larv\u00e9e dans la guerre<\/h3>\n<p>Pour comprendre cette situation, quelques rappels s\u2019imposent. En 1994, l\u2019ins\u00e9curit\u00e9 et les agressions se sont g\u00e9n\u00e9ralis\u00e9es dans les provinces frontali\u00e8res de l\u2019est du Za\u00efre (actuelle R\u00e9publique d\u00e9mocratique du Congo, RDC) suite \u00e0 l\u2019arriv\u00e9e massive de centaines de milliers de r\u00e9fugi\u00e9s hutus rwandais et des forces militaires et miliciennes d\u00e9faites qui les accompagnent dans l\u2019exil. En 1996, l\u2019intervention militaire de l\u2019Arm\u00e9e patriotique rwandaise d\u00e9truit les camps o\u00f9 ils sont install\u00e9s et pourchasse les r\u00e9fugi\u00e9s qui s\u2019enfuient \u00e0 l\u2019int\u00e9rieur du pays.<\/p>\n<p>En liaison avec des groupes d\u2019opposants congolais, cette marche conjointe se poursuit jusqu\u2019\u00e0 Kinshasa et fait tomber le r\u00e9gime du pr\u00e9sident Mobutu. L\u2019arm\u00e9e rwandaise occupe alors de facto l\u2019est du Congo et se heurte rapidement \u00e0 l\u2019hostilit\u00e9 des populations du Kivu. En ao\u00fbt 1998, alors que ses hauts grad\u00e9s sont \u00e9vinc\u00e9s des postes de commandement qu\u2019ils occupent \u00e0 Kinshasa, le Rwanda d\u00e9clenche la \u00ab seconde guerre de lib\u00e9ration du Congo \u00bb.<\/p>\n<p>Au d\u00e9but de l\u2019ann\u00e9e 1999, une ligne de front est \u00e0 peu pr\u00e8s stabilis\u00e9e et la partition du pays consomm\u00e9e. Les strat\u00e8ges militaires rwandais, ougandais, et accessoirement burundais ont pour l\u2019essentiel, atteint leur objectif. Alors que les \u00e9tats-majors se recentrent sur la \u00ab mise en valeur \u00bb en entretenant une guerre larv\u00e9e dans la guerre pour am\u00e9liorer ou d\u00e9fendre la r\u00e9partition de leurs propres zones d\u2019influence militaire et de pr\u00e9dation \u00e9conomique, les appareils militaires se familiarisent avec les nouvelles t\u00e2ches li\u00e9es \u00e0 l\u2019administration et \u00e0 l\u2019exploitation des provinces conquises.<\/p>\n<p>Chacun \u00e0 sa mani\u00e8re et selon ses priorit\u00e9s : en cogestion (Rwanda) ou en sous-traitance (Burundi, Ouganda). Ainsi, parmi d\u2019autres d\u00e9clarations, le 19 d\u00e9cembre 2001, le Conseil de s\u00e9curit\u00e9 note avec inqui\u00e9tude que \u00ab le pillage des ressources naturelles et autres formes de richesses de la R\u00e9publique d\u00e9mocratique du Congo se poursuit sans rel\u00e2che \u00bb. Il condamne alors \u00ab \u00e9nergiquement ces activit\u00e9s qui prolongent le conflit dans le pays, entravent le d\u00e9veloppement \u00e9conomique de la RDC et exacerbent les souffrances de sa population \u00bb.<\/p>\n<h3>Soumission des populations<\/h3>\n<p>Dans ce contexte, le conflit change de nature et devient total, car il reste \u00e0 gagner une autre guerre, largement sous-estim\u00e9e, celle de la soumission des populations \u00e0 des forces d\u2019occupation se projetant dans le long terme. La guerre de conqu\u00eate se double alors d\u2019une guerre civile ou plut\u00f4t de guerres civiles. En effet, dans leur qu\u00eate d\u2019alli\u00e9s nationaux, les arm\u00e9es d\u2019occupation sollicitent tous les suppl\u00e9tifs possibles et exacerbent au sein des populations tous les clivages et oppositions potentiels afin d\u2019affaiblir les diff\u00e9rentes formes de r\u00e9sistance auxquelles elles sont confront\u00e9es.<\/p>\n<p>Dans les provinces du Kivu, elles disposent d\u2019un large champ d\u2019application pour mener \u00e0 bien ce travail de division en raison de la multiplicit\u00e9 des appartenances communautaires et tribales, des groupes ethniques et aires culturelles (Bashi, Bahavu, Bavira, Bafuliru, Bahunde, Banyindu, Batembo, Banyanga\u2026), des tensions entre pasteurs et agriculteurs (Hema, Lendu\u2026), des rivalit\u00e9s entre organisations professionnelles (commer\u00e7ants, industriels, avocats\u2026) et associations diverses.<\/p>\n<figure class=\"align-center \"><img decoding=\"async\" src=\"https:\/\/62e528761d0685343e1c-f3d1b99a743ffa4142d9d7f1978d9686.ssl.cf2.rackcdn.com\/files\/111541\/width754\/image-20160215-22593-19t8sdi.jpg\" alt=\"\" \/><figcaption> <span class=\"caption\">Un soldat de la force de l\u2019ONU \u00e0 Beni, dans le nord-est du Congo, en mars 2014.<\/span> <span class=\"attribution\"><a class=\"source\" href=\"https:\/\/www.flickr.com\/photos\/un_photo\/13313977255\/in\/photolist-mhvBzZ-pRDYch-nmbViL-mhxvtA-mhvBce-nmbVqu-pKCYeE-pWS1H6-bsf4VC-pcdSh3-9A1XfW-7SstUb-nTiJUN-nTjt22-i4nJEg-Tiq8M-TeMM2-dj57Fg-mhsW96-ocz9dP-9JZ2ad-aRs3VB-LmLwa-85dAUz-CL89Cp-DckGrn-DhiEyd-7g6wA7-mhvBWa-5HA5Fq-Cn7jm7-dbReY5-7ZxrkX-6R29Q6-36mmPk-9nJKrX-e6isEb-mhs7R2-9A1Y5E-DhiFUQ-Lfsud-aRsoFZ-dx4Mos-aRsoFg-aRs3Wc-aRs3WP-aRs3Vg-aRsoGr-aRsoEz-aRs3UD\">UN Photo\/Sylvain Liechti\/Flickr<\/a>, <a class=\"license\" href=\"http:\/\/creativecommons.org\/licenses\/by-nc-nd\/4.0\/\">CC BY-NC-ND<\/a><\/span> <\/figcaption><\/figure>\n<p>\u00a0<\/p>\n<p>Une situation qui perdure jusqu\u2019en octobre 2013 o\u00f9 le principal mouvement de r\u00e9bellion soutenu par les autorit\u00e9s rwandaises est, pour l\u2019essentiel, <a href=\"http:\/\/www.lemonde.fr\/afrique\/article\/2013\/11\/05\/en-rdc-le-gouvernement-annonce-une-victoire-totale-sur-le-m23_3508091_3212.html\">d\u00e9fait militairement par les brigades d\u2019intervention de la mission des Nations unies<\/a> en RDC et permet aux forces arm\u00e9es congolaises de restaurer l\u2019int\u00e9grit\u00e9 territoriale dans les provinces orientales du pays. Pour autant, au-del\u00e0 des p\u00f4les urbains et des principaux axes de communication, le contr\u00f4le effectif du terrain continue de leur \u00e9chapper au profit de diff\u00e9rentes forces arm\u00e9es, milices ou groupes divers qui assurent l\u2019exploitation des territoires et des populations.<\/p>\n<h3>P\u00e9rennisation d\u2019un \u00e9tat de non-droit<\/h3>\n<p>En fait, ce conflit de vingt ans oppose des forces guerri\u00e8res toujours renouvel\u00e9es. Les populations ne sont plus uniquement soumises aux violences et exactions import\u00e9es de groupes arm\u00e9s \u00e9trangers ou \u00e0 celles commises par les innombrables mouvements arm\u00e9s qui s\u2019affrontent pour le contr\u00f4le des terres, des richesses et des populations.<\/p>\n<p>Tous ceux qui portent \u00ab des armes \u00bb et\/ou \u00ab des uniformes \u00bb \u2013 y compris bien des militaires et policiers congolais \u2013 figurent parmi les pr\u00e9dateurs mis en cause dans les t\u00e9moignages des femmes. Mais c\u2019est aussi le cas de \u00ab tous les hommes \u00bb qui, dans le climat d\u2019impunit\u00e9 et de violence ambiant, abusent individuellement ou collectivement des pouvoirs et de l\u2019autorit\u00e9 qu\u2019ils d\u00e9tiennent vis-\u00e0-vis des populations, et plus particuli\u00e8rement les femmes, pour s\u2019approprier par la force les proies et biens qu\u2019ils convoitent. Il ne s\u2019agit plus l\u00e0 d\u2019une \u00ab guerre \u00bb, mais de la p\u00e9rennisation d\u2019un \u00e9tat de non-droit.<\/p>\n<p>Ainsi, comme dans de nombreux pays engag\u00e9s dans des processus de reconstruction post-conflit, les violences sexuelles perdurent voire augmentent. C\u2019est pourquoi, aujourd\u2019hui encore, la d\u00e9stabilisation qui y pr\u00e9vaut place l\u2019est du Congo parmi les r\u00e9gions en conflit o\u00f9 les violences sexuelles connaissent la <a href=\"fr\/tribunaux\/tpir\/151-le-viol-comme-arme-de-guerre.html\">plus forte ampleur enregistr\u00e9e<\/a>.<\/p>\n<p>Dans ce contexte, on ne peut que s\u2019\u00e9tonner que la RDC qui a \u00e9t\u00e9 le terrain d\u2019exercice de la premi\u00e8re grande guerre africaine \u00e0 l\u2019origine d\u2019un nombre de victimes parmi les plus \u00e9lev\u00e9s depuis la Seconde Guerre mondiale n\u2019a jamais mis en place de tribunal sp\u00e9cial. Ces tribunaux, en ex-Yougoslavie, en Sierra Leone et au Rwanda, avaient au moins pris des d\u00e9cisions symboliques fortes en qualifiant les violences sexuelles de crimes de guerre, crimes contre l\u2019humanit\u00e9 et crimes de g\u00e9nocide.<\/p>\n<p>La <a href=\"https:\/\/theconversation.com\/les-violences-sexuelles-arme-de-guerre-depuis-plus-de-20-ans-dans-lest-du-congo-54781\">version originale<\/a> de cet article a \u00e9t\u00e9 publi\u00e9e sur <a href=\"http:\/\/theconversation.com\">The Conversation<\/a>.<\/p>\n","protected":false},"excerpt":{"rendered":"<p>Ce mercredi est sorti sur les \u00e9crans fran\u00e7ais le film de Thierry Michel L\u2019homme qui r\u00e9pare les femmes. Il est consacr\u00e9 au combat que m\u00e8ne le docteur Denis Mukwege depuis le d\u00e9but de la premi\u00e8re guerre du Congo (ex-Za\u00efre), en 1996, dans la province du Kivu \u00e0 l\u2019est du pays, pour soigner les femmes victimes [&hellip;]<\/p>\n","protected":false},"author":64,"featured_media":67856,"comment_status":"open","ping_status":"closed","sticky":false,"template":"","format":"standard","meta":{"_acf_changed":false,"footnotes":""},"categories":[575],"tags":[],"ji_location":[2196],"class_list":["post-26065","post","type-post","status-publish","format-standard","has-post-thumbnail","hentry","category-opinions","ji_location-republique-democratique-du-congo"],"acf":[],"yoast_head":"<!-- This site is optimized with the Yoast SEO Premium plugin v25.3.1 (Yoast SEO v25.3.1) - https:\/\/yoast.com\/wordpress\/plugins\/seo\/ -->\n<title>Les violences sexuelles, arme de guerre depuis plus de 20 ans dans l\u2019est du Congo - JusticeInfo.net<\/title>\n<meta name=\"robots\" content=\"index, follow, max-snippet:-1, max-image-preview:large, max-video-preview:-1\" \/>\n<link rel=\"canonical\" href=\"https:\/\/www.justiceinfo.net\/fr\/26065-les-violences-sexuelles-arme-de-guerre-depuis-plus-de-20-ans-dans-lest-du-congo.html\" \/>\n<meta property=\"og:locale\" content=\"fr_FR\" \/>\n<meta property=\"og:type\" content=\"article\" \/>\n<meta property=\"og:title\" content=\"Les violences sexuelles, arme de guerre depuis plus de 20 ans dans l\u2019est du Congo\" \/>\n<meta property=\"og:description\" content=\"Ce mercredi est sorti sur les \u00e9crans fran\u00e7ais le film de Thierry Michel L\u2019homme qui r\u00e9pare les femmes. Il est consacr\u00e9 au combat que m\u00e8ne le docteur Denis Mukwege depuis le d\u00e9but de la premi\u00e8re guerre du Congo (ex-Za\u00efre), en 1996, dans la province du Kivu \u00e0 l\u2019est du pays, pour soigner les femmes victimes [&hellip;]\" \/>\n<meta property=\"og:url\" content=\"https:\/\/www.justiceinfo.net\/fr\/26065-les-violences-sexuelles-arme-de-guerre-depuis-plus-de-20-ans-dans-lest-du-congo.html\" \/>\n<meta property=\"og:site_name\" content=\"JusticeInfo.net\" \/>\n<meta property=\"article:publisher\" content=\"https:\/\/www.facebook.com\/JusticeInfo\/\" \/>\n<meta property=\"article:published_time\" content=\"2016-02-17T09:35:47+00:00\" \/>\n<meta property=\"og:image\" content=\"https:\/\/www.justiceinfo.net\/wp-content\/uploads\/331520f5ab2071abdd9afc2bda3f48d6.jpg\" \/>\n\t<meta property=\"og:image:width\" content=\"640\" \/>\n\t<meta property=\"og:image:height\" content=\"511\" \/>\n\t<meta property=\"og:image:type\" content=\"image\/jpeg\" \/>\n<meta name=\"author\" content=\"Andr\u00e9 Guichaoua\" \/>\n<meta name=\"twitter:card\" content=\"summary_large_image\" \/>\n<meta name=\"twitter:creator\" content=\"@justiceinfonet\" \/>\n<meta name=\"twitter:site\" content=\"@justiceinfonet\" \/>\n<meta name=\"twitter:label1\" content=\"\u00c9crit par\" \/>\n\t<meta name=\"twitter:data1\" content=\"Andr\u00e9 Guichaoua\" \/>\n\t<meta name=\"twitter:label2\" content=\"Dur\u00e9e de lecture estim\u00e9e\" \/>\n\t<meta name=\"twitter:data2\" content=\"6 minutes\" \/>\n<script type=\"application\/ld+json\" class=\"yoast-schema-graph\">{\"@context\":\"https:\/\/schema.org\",\"@graph\":[{\"@type\":\"NewsArticle\",\"@id\":\"https:\/\/www.justiceinfo.net\/fr\/26065-les-violences-sexuelles-arme-de-guerre-depuis-plus-de-20-ans-dans-lest-du-congo.html#article\",\"isPartOf\":{\"@id\":\"https:\/\/www.justiceinfo.net\/fr\/26065-les-violences-sexuelles-arme-de-guerre-depuis-plus-de-20-ans-dans-lest-du-congo.html\"},\"author\":{\"name\":\"solivri\",\"@id\":\"https:\/\/www.justiceinfo.net\/fr#\/schema\/person\/6e53cba1629e2e66f3fc1821d3091865\"},\"headline\":\"Les violences sexuelles, arme de guerre depuis plus de 20 ans dans l\u2019est du Congo\",\"datePublished\":\"2016-02-17T09:35:47+00:00\",\"mainEntityOfPage\":{\"@id\":\"https:\/\/www.justiceinfo.net\/fr\/26065-les-violences-sexuelles-arme-de-guerre-depuis-plus-de-20-ans-dans-lest-du-congo.html\"},\"wordCount\":1213,\"commentCount\":0,\"publisher\":{\"@id\":\"https:\/\/www.justiceinfo.net\/fr#organization\"},\"image\":{\"@id\":\"https:\/\/www.justiceinfo.net\/fr\/26065-les-violences-sexuelles-arme-de-guerre-depuis-plus-de-20-ans-dans-lest-du-congo.html#primaryimage\"},\"thumbnailUrl\":\"https:\/\/www.justiceinfo.net\/wp-content\/uploads\/331520f5ab2071abdd9afc2bda3f48d6.jpg\",\"articleSection\":[\"Opinions\"],\"inLanguage\":\"fr-FR\",\"potentialAction\":[{\"@type\":\"CommentAction\",\"name\":\"Comment\",\"target\":[\"https:\/\/www.justiceinfo.net\/fr\/26065-les-violences-sexuelles-arme-de-guerre-depuis-plus-de-20-ans-dans-lest-du-congo.html#respond\"]}]},{\"@type\":\"WebPage\",\"@id\":\"https:\/\/www.justiceinfo.net\/fr\/26065-les-violences-sexuelles-arme-de-guerre-depuis-plus-de-20-ans-dans-lest-du-congo.html\",\"url\":\"https:\/\/www.justiceinfo.net\/fr\/26065-les-violences-sexuelles-arme-de-guerre-depuis-plus-de-20-ans-dans-lest-du-congo.html\",\"name\":\"Les violences sexuelles, arme de guerre depuis plus de 20 ans dans l\u2019est du Congo - JusticeInfo.net\",\"isPartOf\":{\"@id\":\"https:\/\/www.justiceinfo.net\/fr#website\"},\"primaryImageOfPage\":{\"@id\":\"https:\/\/www.justiceinfo.net\/fr\/26065-les-violences-sexuelles-arme-de-guerre-depuis-plus-de-20-ans-dans-lest-du-congo.html#primaryimage\"},\"image\":{\"@id\":\"https:\/\/www.justiceinfo.net\/fr\/26065-les-violences-sexuelles-arme-de-guerre-depuis-plus-de-20-ans-dans-lest-du-congo.html#primaryimage\"},\"thumbnailUrl\":\"https:\/\/www.justiceinfo.net\/wp-content\/uploads\/331520f5ab2071abdd9afc2bda3f48d6.jpg\",\"datePublished\":\"2016-02-17T09:35:47+00:00\",\"breadcrumb\":{\"@id\":\"https:\/\/www.justiceinfo.net\/fr\/26065-les-violences-sexuelles-arme-de-guerre-depuis-plus-de-20-ans-dans-lest-du-congo.html#breadcrumb\"},\"inLanguage\":\"fr-FR\",\"potentialAction\":[{\"@type\":\"ReadAction\",\"target\":[\"https:\/\/www.justiceinfo.net\/fr\/26065-les-violences-sexuelles-arme-de-guerre-depuis-plus-de-20-ans-dans-lest-du-congo.html\"]}]},{\"@type\":\"ImageObject\",\"inLanguage\":\"fr-FR\",\"@id\":\"https:\/\/www.justiceinfo.net\/fr\/26065-les-violences-sexuelles-arme-de-guerre-depuis-plus-de-20-ans-dans-lest-du-congo.html#primaryimage\",\"url\":\"https:\/\/www.justiceinfo.net\/wp-content\/uploads\/331520f5ab2071abdd9afc2bda3f48d6.jpg\",\"contentUrl\":\"https:\/\/www.justiceinfo.net\/wp-content\/uploads\/331520f5ab2071abdd9afc2bda3f48d6.jpg\",\"width\":640,\"height\":511},{\"@type\":\"BreadcrumbList\",\"@id\":\"https:\/\/www.justiceinfo.net\/fr\/26065-les-violences-sexuelles-arme-de-guerre-depuis-plus-de-20-ans-dans-lest-du-congo.html#breadcrumb\",\"itemListElement\":[{\"@type\":\"ListItem\",\"position\":1,\"name\":\"Home\",\"item\":\"https:\/\/www.justiceinfo.net\/fr\"},{\"@type\":\"ListItem\",\"position\":2,\"name\":\"Les violences sexuelles, arme de guerre depuis plus de 20 ans dans l\u2019est du Congo\"}]},{\"@type\":\"WebSite\",\"@id\":\"https:\/\/www.justiceinfo.net\/fr#website\",\"url\":\"https:\/\/www.justiceinfo.net\/fr\",\"name\":\"JusticeInfo.net\",\"description\":\"La justice doit \u00eatre vue pour \u00eatre rendue\",\"publisher\":{\"@id\":\"https:\/\/www.justiceinfo.net\/fr#organization\"},\"potentialAction\":[{\"@type\":\"SearchAction\",\"target\":{\"@type\":\"EntryPoint\",\"urlTemplate\":\"https:\/\/www.justiceinfo.net\/fr?s={search_term_string}\"},\"query-input\":{\"@type\":\"PropertyValueSpecification\",\"valueRequired\":true,\"valueName\":\"search_term_string\"}}],\"inLanguage\":\"fr-FR\"},{\"@type\":\"Organization\",\"@id\":\"https:\/\/www.justiceinfo.net\/fr#organization\",\"name\":\"Justice Info\",\"url\":\"https:\/\/www.justiceinfo.net\/fr\",\"logo\":{\"@type\":\"ImageObject\",\"inLanguage\":\"fr-FR\",\"@id\":\"https:\/\/www.justiceinfo.net\/fr#\/schema\/logo\/image\/\",\"url\":\"https:\/\/www.justiceinfo.net\/wp-content\/uploads\/justiceinfo_logo-trans_1200x1200px.png\",\"contentUrl\":\"https:\/\/www.justiceinfo.net\/wp-content\/uploads\/justiceinfo_logo-trans_1200x1200px.png\",\"width\":1199,\"height\":1200,\"caption\":\"Justice Info\"},\"image\":{\"@id\":\"https:\/\/www.justiceinfo.net\/fr#\/schema\/logo\/image\/\"},\"sameAs\":[\"https:\/\/www.facebook.com\/JusticeInfo\/\",\"https:\/\/x.com\/justiceinfonet\",\"https:\/\/www.linkedin.com\/company\/justice-info\",\"https:\/\/www.youtube.com\/channel\/UCyCEsARodyuWtkWyhn-e7pA\"]},{\"@type\":\"Person\",\"name\":\"Andr\u00e9 Guichaoua\",\"url\":\"\/fr\/?s=Andr\u00e9 Guichaoua\"}]}<\/script>\n<!-- \/ Yoast SEO Premium plugin. -->","yoast_head_json":{"title":"Les violences sexuelles, arme de guerre depuis plus de 20 ans dans l\u2019est du Congo - JusticeInfo.net","robots":{"index":"index","follow":"follow","max-snippet":"max-snippet:-1","max-image-preview":"max-image-preview:large","max-video-preview":"max-video-preview:-1"},"canonical":"https:\/\/www.justiceinfo.net\/fr\/26065-les-violences-sexuelles-arme-de-guerre-depuis-plus-de-20-ans-dans-lest-du-congo.html","og_locale":"fr_FR","og_type":"article","og_title":"Les violences sexuelles, arme de guerre depuis plus de 20 ans dans l\u2019est du Congo","og_description":"Ce mercredi est sorti sur les \u00e9crans fran\u00e7ais le film de Thierry Michel L\u2019homme qui r\u00e9pare les femmes. Il est consacr\u00e9 au combat que m\u00e8ne le docteur Denis Mukwege depuis le d\u00e9but de la premi\u00e8re guerre du Congo (ex-Za\u00efre), en 1996, dans la province du Kivu \u00e0 l\u2019est du pays, pour soigner les femmes victimes [&hellip;]","og_url":"https:\/\/www.justiceinfo.net\/fr\/26065-les-violences-sexuelles-arme-de-guerre-depuis-plus-de-20-ans-dans-lest-du-congo.html","og_site_name":"JusticeInfo.net","article_publisher":"https:\/\/www.facebook.com\/JusticeInfo\/","article_published_time":"2016-02-17T09:35:47+00:00","og_image":[{"width":640,"height":511,"url":"https:\/\/www.justiceinfo.net\/wp-content\/uploads\/331520f5ab2071abdd9afc2bda3f48d6.jpg","type":"image\/jpeg"}],"author":"Andr\u00e9 Guichaoua","twitter_card":"summary_large_image","twitter_creator":"@justiceinfonet","twitter_site":"@justiceinfonet","twitter_misc":{"\u00c9crit par":"Andr\u00e9 Guichaoua","Dur\u00e9e de lecture estim\u00e9e":"6 minutes"},"schema":{"@context":"https:\/\/schema.org","@graph":[{"@type":"NewsArticle","@id":"https:\/\/www.justiceinfo.net\/fr\/26065-les-violences-sexuelles-arme-de-guerre-depuis-plus-de-20-ans-dans-lest-du-congo.html#article","isPartOf":{"@id":"https:\/\/www.justiceinfo.net\/fr\/26065-les-violences-sexuelles-arme-de-guerre-depuis-plus-de-20-ans-dans-lest-du-congo.html"},"author":{"name":"solivri","@id":"https:\/\/www.justiceinfo.net\/fr#\/schema\/person\/6e53cba1629e2e66f3fc1821d3091865"},"headline":"Les violences sexuelles, arme de guerre depuis plus de 20 ans dans l\u2019est du Congo","datePublished":"2016-02-17T09:35:47+00:00","mainEntityOfPage":{"@id":"https:\/\/www.justiceinfo.net\/fr\/26065-les-violences-sexuelles-arme-de-guerre-depuis-plus-de-20-ans-dans-lest-du-congo.html"},"wordCount":1213,"commentCount":0,"publisher":{"@id":"https:\/\/www.justiceinfo.net\/fr#organization"},"image":{"@id":"https:\/\/www.justiceinfo.net\/fr\/26065-les-violences-sexuelles-arme-de-guerre-depuis-plus-de-20-ans-dans-lest-du-congo.html#primaryimage"},"thumbnailUrl":"https:\/\/www.justiceinfo.net\/wp-content\/uploads\/331520f5ab2071abdd9afc2bda3f48d6.jpg","articleSection":["Opinions"],"inLanguage":"fr-FR","potentialAction":[{"@type":"CommentAction","name":"Comment","target":["https:\/\/www.justiceinfo.net\/fr\/26065-les-violences-sexuelles-arme-de-guerre-depuis-plus-de-20-ans-dans-lest-du-congo.html#respond"]}]},{"@type":"WebPage","@id":"https:\/\/www.justiceinfo.net\/fr\/26065-les-violences-sexuelles-arme-de-guerre-depuis-plus-de-20-ans-dans-lest-du-congo.html","url":"https:\/\/www.justiceinfo.net\/fr\/26065-les-violences-sexuelles-arme-de-guerre-depuis-plus-de-20-ans-dans-lest-du-congo.html","name":"Les violences sexuelles, arme de guerre depuis plus de 20 ans dans l\u2019est du Congo - JusticeInfo.net","isPartOf":{"@id":"https:\/\/www.justiceinfo.net\/fr#website"},"primaryImageOfPage":{"@id":"https:\/\/www.justiceinfo.net\/fr\/26065-les-violences-sexuelles-arme-de-guerre-depuis-plus-de-20-ans-dans-lest-du-congo.html#primaryimage"},"image":{"@id":"https:\/\/www.justiceinfo.net\/fr\/26065-les-violences-sexuelles-arme-de-guerre-depuis-plus-de-20-ans-dans-lest-du-congo.html#primaryimage"},"thumbnailUrl":"https:\/\/www.justiceinfo.net\/wp-content\/uploads\/331520f5ab2071abdd9afc2bda3f48d6.jpg","datePublished":"2016-02-17T09:35:47+00:00","breadcrumb":{"@id":"https:\/\/www.justiceinfo.net\/fr\/26065-les-violences-sexuelles-arme-de-guerre-depuis-plus-de-20-ans-dans-lest-du-congo.html#breadcrumb"},"inLanguage":"fr-FR","potentialAction":[{"@type":"ReadAction","target":["https:\/\/www.justiceinfo.net\/fr\/26065-les-violences-sexuelles-arme-de-guerre-depuis-plus-de-20-ans-dans-lest-du-congo.html"]}]},{"@type":"ImageObject","inLanguage":"fr-FR","@id":"https:\/\/www.justiceinfo.net\/fr\/26065-les-violences-sexuelles-arme-de-guerre-depuis-plus-de-20-ans-dans-lest-du-congo.html#primaryimage","url":"https:\/\/www.justiceinfo.net\/wp-content\/uploads\/331520f5ab2071abdd9afc2bda3f48d6.jpg","contentUrl":"https:\/\/www.justiceinfo.net\/wp-content\/uploads\/331520f5ab2071abdd9afc2bda3f48d6.jpg","width":640,"height":511},{"@type":"BreadcrumbList","@id":"https:\/\/www.justiceinfo.net\/fr\/26065-les-violences-sexuelles-arme-de-guerre-depuis-plus-de-20-ans-dans-lest-du-congo.html#breadcrumb","itemListElement":[{"@type":"ListItem","position":1,"name":"Home","item":"https:\/\/www.justiceinfo.net\/fr"},{"@type":"ListItem","position":2,"name":"Les violences sexuelles, arme de guerre depuis plus de 20 ans dans l\u2019est du Congo"}]},{"@type":"WebSite","@id":"https:\/\/www.justiceinfo.net\/fr#website","url":"https:\/\/www.justiceinfo.net\/fr","name":"JusticeInfo.net","description":"La justice doit \u00eatre vue pour \u00eatre rendue","publisher":{"@id":"https:\/\/www.justiceinfo.net\/fr#organization"},"potentialAction":[{"@type":"SearchAction","target":{"@type":"EntryPoint","urlTemplate":"https:\/\/www.justiceinfo.net\/fr?s={search_term_string}"},"query-input":{"@type":"PropertyValueSpecification","valueRequired":true,"valueName":"search_term_string"}}],"inLanguage":"fr-FR"},{"@type":"Organization","@id":"https:\/\/www.justiceinfo.net\/fr#organization","name":"Justice Info","url":"https:\/\/www.justiceinfo.net\/fr","logo":{"@type":"ImageObject","inLanguage":"fr-FR","@id":"https:\/\/www.justiceinfo.net\/fr#\/schema\/logo\/image\/","url":"https:\/\/www.justiceinfo.net\/wp-content\/uploads\/justiceinfo_logo-trans_1200x1200px.png","contentUrl":"https:\/\/www.justiceinfo.net\/wp-content\/uploads\/justiceinfo_logo-trans_1200x1200px.png","width":1199,"height":1200,"caption":"Justice Info"},"image":{"@id":"https:\/\/www.justiceinfo.net\/fr#\/schema\/logo\/image\/"},"sameAs":["https:\/\/www.facebook.com\/JusticeInfo\/","https:\/\/x.com\/justiceinfonet","https:\/\/www.linkedin.com\/company\/justice-info","https:\/\/www.youtube.com\/channel\/UCyCEsARodyuWtkWyhn-e7pA"]},{"@type":"Person","name":"Andr\u00e9 Guichaoua","url":"\/fr\/?s=Andr\u00e9 Guichaoua"}]}},"_links":{"self":[{"href":"https:\/\/www.justiceinfo.net\/fr\/wp-json\/wp\/v2\/posts\/26065","targetHints":{"allow":["GET"]}}],"collection":[{"href":"https:\/\/www.justiceinfo.net\/fr\/wp-json\/wp\/v2\/posts"}],"about":[{"href":"https:\/\/www.justiceinfo.net\/fr\/wp-json\/wp\/v2\/types\/post"}],"author":[{"embeddable":true,"href":"https:\/\/www.justiceinfo.net\/fr\/wp-json\/wp\/v2\/users\/64"}],"replies":[{"embeddable":true,"href":"https:\/\/www.justiceinfo.net\/fr\/wp-json\/wp\/v2\/comments?post=26065"}],"version-history":[{"count":0,"href":"https:\/\/www.justiceinfo.net\/fr\/wp-json\/wp\/v2\/posts\/26065\/revisions"}],"wp:featuredmedia":[{"embeddable":true,"href":"https:\/\/www.justiceinfo.net\/fr\/wp-json\/wp\/v2\/media\/67856"}],"wp:attachment":[{"href":"https:\/\/www.justiceinfo.net\/fr\/wp-json\/wp\/v2\/media?parent=26065"}],"wp:term":[{"taxonomy":"category","embeddable":true,"href":"https:\/\/www.justiceinfo.net\/fr\/wp-json\/wp\/v2\/categories?post=26065"},{"taxonomy":"post_tag","embeddable":true,"href":"https:\/\/www.justiceinfo.net\/fr\/wp-json\/wp\/v2\/tags?post=26065"},{"taxonomy":"ji_location","embeddable":true,"href":"https:\/\/www.justiceinfo.net\/fr\/wp-json\/wp\/v2\/ji_location?post=26065"}],"curies":[{"name":"wp","href":"https:\/\/api.w.org\/{rel}","templated":true}]}}