{"id":26220,"date":"2016-03-02T18:55:02","date_gmt":"2016-03-02T17:55:02","guid":{"rendered":"https:\/\/www.justiceinfo.net\/26220-cote-d-ivoire-la-naturalisation-de-l-ex-president-burkinabe-donne-une-triste-image-du-pays-selon-l-opposition.html"},"modified":"2016-03-02T18:55:02","modified_gmt":"2016-03-02T17:55:02","slug":"cote-d-ivoire-la-naturalisation-de-l-ex-president-burkinabe-donne-une-triste-image-du-pays-selon-l-opposition","status":"publish","type":"post","link":"https:\/\/www.justiceinfo.net\/fr\/26220-cote-d-ivoire-la-naturalisation-de-l-ex-president-burkinabe-donne-une-triste-image-du-pays-selon-l-opposition.html","title":{"rendered":"C\u00f4te d'Ivoire : la naturalisation de l'ex-pr\u00e9sident burkinab\u00e8 donne une \"triste image\" du pays, selon l'opposition"},"content":{"rendered":"<p>La naturalisation ivoirienne de l'ex-pr\u00e9sident burkinab\u00e8 Blaise Compaor\u00e9, en exil en C\u00f4te d'Ivoire depuis sa chute en 2014, donne une \"image triste\" du pays, a estim\u00e9 l'opposant Pascal Affi N'Guessan mercredi.<\/p>\n<p>\"Ce n'est pas bien et \u00e7a donne une image triste du syst\u00e8me politique de la C\u00f4te d'Ivoire\", a d\u00e9clar\u00e9 M. Affi N'Guessan lors d'une conf\u00e9rence de presse au si\u00e8ge de son parti, le Front Populaire Ivoirien (FPI), fond\u00e9 par l'ancien pr\u00e9sident Laurent Gbagbo, actuellement jug\u00e9 par la Cour p\u00e9nale internationale \u00e0 La Haye.<\/p>\n<p>\"Au plan juridique, je ne vois pas comment le changement de nationalit\u00e9 peut prot\u00e9ger quelqu'un qui est accus\u00e9 de crimes. Tous ceux qu'on entra\u00eene \u00e0 la CPI o\u00f9 devant les tribunaux, ils ont une nationalit\u00e9. Au moment o\u00f9 il (Compaor\u00e9) commettait les faits pour lesquels il est accus\u00e9, il n'\u00e9tait pas Ivoirien\", a-t-il estim\u00e9.<\/p>\n<p>Blaise Compaor\u00e9 \"devrait donc avoir le sens de l'honneur et aller (au Burkina) pour faire r\u00e9tablir la v\u00e9rit\u00e9\", selon M. Affi N'Guessan, estimant \"honteux\" que l'ex-pr\u00e9sident veuille se soustraire \u00e0 la justice.<\/p>\n<p>\"Nous, au FPI, on sait que le pr\u00e9sident Blaise Compaor\u00e9 ne peut pas \u00e9chapper \u00e0 la justice de son pays (...) Il faut qu'il clarifie cette page de son histoire car les Burkinab\u00e9 en ont besoin\", a-t-il conclu.<\/p>\n<p>Blaise Compaor\u00e9 et son fr\u00e8re cadet Fran\u00e7ois Compaor\u00e9 ont \u00e9t\u00e9 naturalis\u00e9s ivoiriens par un d\u00e9cret sign\u00e9 par le pr\u00e9sident ivoirien Alassane Ouattara, dat\u00e9 du 17 novembre 2014 mais publi\u00e9 au journal officiel en janvier 2016.<\/p>\n<p>M. Compaor\u00e9, inculp\u00e9 par la justice burkinab\u00e8 d'attentat contre la s\u00fbret\u00e9 de l'Etat, complicit\u00e9 d'assassinat et complicit\u00e9 de recel de cadavre, est vis\u00e9 depuis d\u00e9cembre 2015 par un mandat d'arr\u00eat international pour son implication pr\u00e9sum\u00e9e dans la mort de l'ancien chef d'Etat Thomas Sankara, en 1987.<\/p>\n<p>La naturalisation de Blaise Compaor\u00e9 devrait mettre un terme au probl\u00e8me de son \u00e9ventuelle extradition vers le Burkina, la loi ivoirienne pr\u00e9voyant que la C\u00f4te d'Ivoire n'extrade pas ses ressortissants.<\/p>\n","protected":false},"excerpt":{"rendered":"<p>La naturalisation ivoirienne de l'ex-pr\u00e9sident burkinab\u00e8 Blaise Compaor\u00e9, en exil en C\u00f4te d'Ivoire depuis sa chute en 2014, donne une \"image triste\" du pays, a estim\u00e9 l'opposant Pascal Affi N'Guessan mercredi. \"Ce n'est pas bien et \u00e7a donne une image triste du syst\u00e8me politique de la C\u00f4te d'Ivoire\", a d\u00e9clar\u00e9 M. Affi N'Guessan lors d'une [&hellip;]<\/p>\n","protected":false},"author":60,"featured_media":67124,"comment_status":"open","ping_status":"closed","sticky":false,"template":"","format":"standard","meta":{"_acf_changed":false,"footnotes":""},"categories":[547],"tags":[],"ji_location":[2184],"class_list":["post-26220","post","type-post","status-publish","format-standard","has-post-thumbnail","hentry","category-tribunaux","ji_location-cote-d-ivoire"],"acf":[],"yoast_head":"<!-- This site is optimized with the Yoast SEO Premium plugin v25.3.1 (Yoast SEO v25.3.1) - https:\/\/yoast.com\/wordpress\/plugins\/seo\/ -->\n<title>C\u00f4te d&#039;Ivoire : la naturalisation de l&#039;ex-pr\u00e9sident burkinab\u00e8 donne une &quot;triste image&quot; du pays, selon l&#039;opposition - JusticeInfo.net<\/title>\n<meta name=\"robots\" content=\"index, follow, max-snippet:-1, max-image-preview:large, max-video-preview:-1\" \/>\n<link rel=\"canonical\" href=\"https:\/\/www.justiceinfo.net\/fr\/26220-cote-d-ivoire-la-naturalisation-de-l-ex-president-burkinabe-donne-une-triste-image-du-pays-selon-l-opposition.html\" \/>\n<meta property=\"og:locale\" content=\"fr_FR\" \/>\n<meta property=\"og:type\" content=\"article\" \/>\n<meta property=\"og:title\" content=\"C\u00f4te d&#039;Ivoire : la naturalisation de l&#039;ex-pr\u00e9sident burkinab\u00e8 donne une &quot;triste image&quot; du pays, selon l&#039;opposition\" \/>\n<meta property=\"og:description\" content=\"La naturalisation ivoirienne de l&#039;ex-pr\u00e9sident burkinab\u00e8 Blaise Compaor\u00e9, en exil en C\u00f4te d&#039;Ivoire depuis sa chute en 2014, donne une &quot;image triste&quot; du pays, a estim\u00e9 l&#039;opposant Pascal Affi N&#039;Guessan mercredi. &quot;Ce n&#039;est pas bien et \u00e7a donne une image triste du syst\u00e8me politique de la C\u00f4te d&#039;Ivoire&quot;, a d\u00e9clar\u00e9 M. Affi N&#039;Guessan lors d&#039;une [&hellip;]\" \/>\n<meta property=\"og:url\" content=\"https:\/\/www.justiceinfo.net\/fr\/26220-cote-d-ivoire-la-naturalisation-de-l-ex-president-burkinabe-donne-une-triste-image-du-pays-selon-l-opposition.html\" \/>\n<meta property=\"og:site_name\" content=\"JusticeInfo.net\" \/>\n<meta property=\"article:publisher\" content=\"https:\/\/www.facebook.com\/JusticeInfo\/\" \/>\n<meta property=\"article:published_time\" content=\"2016-03-02T17:55:02+00:00\" \/>\n<meta property=\"og:image\" content=\"https:\/\/www.justiceinfo.net\/wp-content\/uploads\/1029ec84c8ad9fb2a6c3dc7dd99eee2e-scaled.jpg\" \/>\n\t<meta property=\"og:image:width\" content=\"2560\" \/>\n\t<meta property=\"og:image:height\" content=\"1707\" \/>\n\t<meta property=\"og:image:type\" content=\"image\/jpeg\" \/>\n<meta name=\"author\" content=\"AFP\" \/>\n<meta name=\"twitter:card\" content=\"summary_large_image\" \/>\n<meta name=\"twitter:creator\" content=\"@justiceinfonet\" \/>\n<meta name=\"twitter:site\" content=\"@justiceinfonet\" \/>\n<meta name=\"twitter:label1\" content=\"\u00c9crit par\" \/>\n\t<meta name=\"twitter:data1\" content=\"AFP\" \/>\n\t<meta name=\"twitter:label2\" content=\"Dur\u00e9e de lecture estim\u00e9e\" \/>\n\t<meta name=\"twitter:data2\" content=\"2 minutes\" \/>\n<script type=\"application\/ld+json\" class=\"yoast-schema-graph\">{\"@context\":\"https:\/\/schema.org\",\"@graph\":[{\"@type\":\"NewsArticle\",\"@id\":\"https:\/\/www.justiceinfo.net\/fr\/26220-cote-d-ivoire-la-naturalisation-de-l-ex-president-burkinabe-donne-une-triste-image-du-pays-selon-l-opposition.html#article\",\"isPartOf\":{\"@id\":\"https:\/\/www.justiceinfo.net\/fr\/26220-cote-d-ivoire-la-naturalisation-de-l-ex-president-burkinabe-donne-une-triste-image-du-pays-selon-l-opposition.html\"},\"author\":{\"name\":\"afp\",\"@id\":\"https:\/\/www.justiceinfo.net\/fr#\/schema\/person\/713d340ef5f218fc36ce9b4244364a7f\"},\"headline\":\"C\u00f4te d'Ivoire : la naturalisation de l'ex-pr\u00e9sident burkinab\u00e8 donne une \\\"triste image\\\" du pays, selon l'opposition\",\"datePublished\":\"2016-03-02T17:55:02+00:00\",\"mainEntityOfPage\":{\"@id\":\"https:\/\/www.justiceinfo.net\/fr\/26220-cote-d-ivoire-la-naturalisation-de-l-ex-president-burkinabe-donne-une-triste-image-du-pays-selon-l-opposition.html\"},\"wordCount\":380,\"commentCount\":0,\"publisher\":{\"@id\":\"https:\/\/www.justiceinfo.net\/fr#organization\"},\"image\":{\"@id\":\"https:\/\/www.justiceinfo.net\/fr\/26220-cote-d-ivoire-la-naturalisation-de-l-ex-president-burkinabe-donne-une-triste-image-du-pays-selon-l-opposition.html#primaryimage\"},\"thumbnailUrl\":\"https:\/\/www.justiceinfo.net\/wp-content\/uploads\/1029ec84c8ad9fb2a6c3dc7dd99eee2e-scaled.jpg\",\"articleSection\":[\"Tribunaux\"],\"inLanguage\":\"fr-FR\",\"potentialAction\":[{\"@type\":\"CommentAction\",\"name\":\"Comment\",\"target\":[\"https:\/\/www.justiceinfo.net\/fr\/26220-cote-d-ivoire-la-naturalisation-de-l-ex-president-burkinabe-donne-une-triste-image-du-pays-selon-l-opposition.html#respond\"]}]},{\"@type\":\"WebPage\",\"@id\":\"https:\/\/www.justiceinfo.net\/fr\/26220-cote-d-ivoire-la-naturalisation-de-l-ex-president-burkinabe-donne-une-triste-image-du-pays-selon-l-opposition.html\",\"url\":\"https:\/\/www.justiceinfo.net\/fr\/26220-cote-d-ivoire-la-naturalisation-de-l-ex-president-burkinabe-donne-une-triste-image-du-pays-selon-l-opposition.html\",\"name\":\"C\u00f4te d'Ivoire : la naturalisation de l'ex-pr\u00e9sident burkinab\u00e8 donne une \\\"triste image\\\" du pays, selon l'opposition - JusticeInfo.net\",\"isPartOf\":{\"@id\":\"https:\/\/www.justiceinfo.net\/fr#website\"},\"primaryImageOfPage\":{\"@id\":\"https:\/\/www.justiceinfo.net\/fr\/26220-cote-d-ivoire-la-naturalisation-de-l-ex-president-burkinabe-donne-une-triste-image-du-pays-selon-l-opposition.html#primaryimage\"},\"image\":{\"@id\":\"https:\/\/www.justiceinfo.net\/fr\/26220-cote-d-ivoire-la-naturalisation-de-l-ex-president-burkinabe-donne-une-triste-image-du-pays-selon-l-opposition.html#primaryimage\"},\"thumbnailUrl\":\"https:\/\/www.justiceinfo.net\/wp-content\/uploads\/1029ec84c8ad9fb2a6c3dc7dd99eee2e-scaled.jpg\",\"datePublished\":\"2016-03-02T17:55:02+00:00\",\"breadcrumb\":{\"@id\":\"https:\/\/www.justiceinfo.net\/fr\/26220-cote-d-ivoire-la-naturalisation-de-l-ex-president-burkinabe-donne-une-triste-image-du-pays-selon-l-opposition.html#breadcrumb\"},\"inLanguage\":\"fr-FR\",\"potentialAction\":[{\"@type\":\"ReadAction\",\"target\":[\"https:\/\/www.justiceinfo.net\/fr\/26220-cote-d-ivoire-la-naturalisation-de-l-ex-president-burkinabe-donne-une-triste-image-du-pays-selon-l-opposition.html\"]}]},{\"@type\":\"ImageObject\",\"inLanguage\":\"fr-FR\",\"@id\":\"https:\/\/www.justiceinfo.net\/fr\/26220-cote-d-ivoire-la-naturalisation-de-l-ex-president-burkinabe-donne-une-triste-image-du-pays-selon-l-opposition.html#primaryimage\",\"url\":\"https:\/\/www.justiceinfo.net\/wp-content\/uploads\/1029ec84c8ad9fb2a6c3dc7dd99eee2e-scaled.jpg\",\"contentUrl\":\"https:\/\/www.justiceinfo.net\/wp-content\/uploads\/1029ec84c8ad9fb2a6c3dc7dd99eee2e-scaled.jpg\",\"width\":2560,\"height\":1707},{\"@type\":\"BreadcrumbList\",\"@id\":\"https:\/\/www.justiceinfo.net\/fr\/26220-cote-d-ivoire-la-naturalisation-de-l-ex-president-burkinabe-donne-une-triste-image-du-pays-selon-l-opposition.html#breadcrumb\",\"itemListElement\":[{\"@type\":\"ListItem\",\"position\":1,\"name\":\"Home\",\"item\":\"https:\/\/www.justiceinfo.net\/fr\"},{\"@type\":\"ListItem\",\"position\":2,\"name\":\"C\u00f4te d'Ivoire : la naturalisation de l'ex-pr\u00e9sident burkinab\u00e8 donne une \\\"triste image\\\" du pays, selon l'opposition\"}]},{\"@type\":\"WebSite\",\"@id\":\"https:\/\/www.justiceinfo.net\/fr#website\",\"url\":\"https:\/\/www.justiceinfo.net\/fr\",\"name\":\"JusticeInfo.net\",\"description\":\"La justice doit \u00eatre vue pour \u00eatre rendue\",\"publisher\":{\"@id\":\"https:\/\/www.justiceinfo.net\/fr#organization\"},\"potentialAction\":[{\"@type\":\"SearchAction\",\"target\":{\"@type\":\"EntryPoint\",\"urlTemplate\":\"https:\/\/www.justiceinfo.net\/fr?s={search_term_string}\"},\"query-input\":{\"@type\":\"PropertyValueSpecification\",\"valueRequired\":true,\"valueName\":\"search_term_string\"}}],\"inLanguage\":\"fr-FR\"},{\"@type\":\"Organization\",\"@id\":\"https:\/\/www.justiceinfo.net\/fr#organization\",\"name\":\"Justice Info\",\"url\":\"https:\/\/www.justiceinfo.net\/fr\",\"logo\":{\"@type\":\"ImageObject\",\"inLanguage\":\"fr-FR\",\"@id\":\"https:\/\/www.justiceinfo.net\/fr#\/schema\/logo\/image\/\",\"url\":\"https:\/\/www.justiceinfo.net\/wp-content\/uploads\/justiceinfo_logo-trans_1200x1200px.png\",\"contentUrl\":\"https:\/\/www.justiceinfo.net\/wp-content\/uploads\/justiceinfo_logo-trans_1200x1200px.png\",\"width\":1199,\"height\":1200,\"caption\":\"Justice Info\"},\"image\":{\"@id\":\"https:\/\/www.justiceinfo.net\/fr#\/schema\/logo\/image\/\"},\"sameAs\":[\"https:\/\/www.facebook.com\/JusticeInfo\/\",\"https:\/\/x.com\/justiceinfonet\",\"https:\/\/www.linkedin.com\/company\/justice-info\",\"https:\/\/www.youtube.com\/channel\/UCyCEsARodyuWtkWyhn-e7pA\"]},{\"@type\":\"Person\",\"name\":\"AFP\",\"url\":\"\/fr\/?s=AFP\"}]}<\/script>\n<!-- \/ Yoast SEO Premium plugin. -->","yoast_head_json":{"title":"C\u00f4te d'Ivoire : la naturalisation de l'ex-pr\u00e9sident burkinab\u00e8 donne une \"triste image\" du pays, selon l'opposition - JusticeInfo.net","robots":{"index":"index","follow":"follow","max-snippet":"max-snippet:-1","max-image-preview":"max-image-preview:large","max-video-preview":"max-video-preview:-1"},"canonical":"https:\/\/www.justiceinfo.net\/fr\/26220-cote-d-ivoire-la-naturalisation-de-l-ex-president-burkinabe-donne-une-triste-image-du-pays-selon-l-opposition.html","og_locale":"fr_FR","og_type":"article","og_title":"C\u00f4te d'Ivoire : la naturalisation de l'ex-pr\u00e9sident burkinab\u00e8 donne une \"triste image\" du pays, selon l'opposition","og_description":"La naturalisation ivoirienne de l'ex-pr\u00e9sident burkinab\u00e8 Blaise Compaor\u00e9, en exil en C\u00f4te d'Ivoire depuis sa chute en 2014, donne une \"image triste\" du pays, a estim\u00e9 l'opposant Pascal Affi N'Guessan mercredi. \"Ce n'est pas bien et \u00e7a donne une image triste du syst\u00e8me politique de la C\u00f4te d'Ivoire\", a d\u00e9clar\u00e9 M. Affi N'Guessan lors d'une [&hellip;]","og_url":"https:\/\/www.justiceinfo.net\/fr\/26220-cote-d-ivoire-la-naturalisation-de-l-ex-president-burkinabe-donne-une-triste-image-du-pays-selon-l-opposition.html","og_site_name":"JusticeInfo.net","article_publisher":"https:\/\/www.facebook.com\/JusticeInfo\/","article_published_time":"2016-03-02T17:55:02+00:00","og_image":[{"width":2560,"height":1707,"url":"https:\/\/www.justiceinfo.net\/wp-content\/uploads\/1029ec84c8ad9fb2a6c3dc7dd99eee2e-scaled.jpg","type":"image\/jpeg"}],"author":"AFP","twitter_card":"summary_large_image","twitter_creator":"@justiceinfonet","twitter_site":"@justiceinfonet","twitter_misc":{"\u00c9crit par":"AFP","Dur\u00e9e de lecture estim\u00e9e":"2 minutes"},"schema":{"@context":"https:\/\/schema.org","@graph":[{"@type":"NewsArticle","@id":"https:\/\/www.justiceinfo.net\/fr\/26220-cote-d-ivoire-la-naturalisation-de-l-ex-president-burkinabe-donne-une-triste-image-du-pays-selon-l-opposition.html#article","isPartOf":{"@id":"https:\/\/www.justiceinfo.net\/fr\/26220-cote-d-ivoire-la-naturalisation-de-l-ex-president-burkinabe-donne-une-triste-image-du-pays-selon-l-opposition.html"},"author":{"name":"afp","@id":"https:\/\/www.justiceinfo.net\/fr#\/schema\/person\/713d340ef5f218fc36ce9b4244364a7f"},"headline":"C\u00f4te d'Ivoire : la naturalisation de l'ex-pr\u00e9sident burkinab\u00e8 donne une \"triste image\" du pays, selon l'opposition","datePublished":"2016-03-02T17:55:02+00:00","mainEntityOfPage":{"@id":"https:\/\/www.justiceinfo.net\/fr\/26220-cote-d-ivoire-la-naturalisation-de-l-ex-president-burkinabe-donne-une-triste-image-du-pays-selon-l-opposition.html"},"wordCount":380,"commentCount":0,"publisher":{"@id":"https:\/\/www.justiceinfo.net\/fr#organization"},"image":{"@id":"https:\/\/www.justiceinfo.net\/fr\/26220-cote-d-ivoire-la-naturalisation-de-l-ex-president-burkinabe-donne-une-triste-image-du-pays-selon-l-opposition.html#primaryimage"},"thumbnailUrl":"https:\/\/www.justiceinfo.net\/wp-content\/uploads\/1029ec84c8ad9fb2a6c3dc7dd99eee2e-scaled.jpg","articleSection":["Tribunaux"],"inLanguage":"fr-FR","potentialAction":[{"@type":"CommentAction","name":"Comment","target":["https:\/\/www.justiceinfo.net\/fr\/26220-cote-d-ivoire-la-naturalisation-de-l-ex-president-burkinabe-donne-une-triste-image-du-pays-selon-l-opposition.html#respond"]}]},{"@type":"WebPage","@id":"https:\/\/www.justiceinfo.net\/fr\/26220-cote-d-ivoire-la-naturalisation-de-l-ex-president-burkinabe-donne-une-triste-image-du-pays-selon-l-opposition.html","url":"https:\/\/www.justiceinfo.net\/fr\/26220-cote-d-ivoire-la-naturalisation-de-l-ex-president-burkinabe-donne-une-triste-image-du-pays-selon-l-opposition.html","name":"C\u00f4te d'Ivoire : la naturalisation de l'ex-pr\u00e9sident burkinab\u00e8 donne une \"triste image\" du pays, selon l'opposition - JusticeInfo.net","isPartOf":{"@id":"https:\/\/www.justiceinfo.net\/fr#website"},"primaryImageOfPage":{"@id":"https:\/\/www.justiceinfo.net\/fr\/26220-cote-d-ivoire-la-naturalisation-de-l-ex-president-burkinabe-donne-une-triste-image-du-pays-selon-l-opposition.html#primaryimage"},"image":{"@id":"https:\/\/www.justiceinfo.net\/fr\/26220-cote-d-ivoire-la-naturalisation-de-l-ex-president-burkinabe-donne-une-triste-image-du-pays-selon-l-opposition.html#primaryimage"},"thumbnailUrl":"https:\/\/www.justiceinfo.net\/wp-content\/uploads\/1029ec84c8ad9fb2a6c3dc7dd99eee2e-scaled.jpg","datePublished":"2016-03-02T17:55:02+00:00","breadcrumb":{"@id":"https:\/\/www.justiceinfo.net\/fr\/26220-cote-d-ivoire-la-naturalisation-de-l-ex-president-burkinabe-donne-une-triste-image-du-pays-selon-l-opposition.html#breadcrumb"},"inLanguage":"fr-FR","potentialAction":[{"@type":"ReadAction","target":["https:\/\/www.justiceinfo.net\/fr\/26220-cote-d-ivoire-la-naturalisation-de-l-ex-president-burkinabe-donne-une-triste-image-du-pays-selon-l-opposition.html"]}]},{"@type":"ImageObject","inLanguage":"fr-FR","@id":"https:\/\/www.justiceinfo.net\/fr\/26220-cote-d-ivoire-la-naturalisation-de-l-ex-president-burkinabe-donne-une-triste-image-du-pays-selon-l-opposition.html#primaryimage","url":"https:\/\/www.justiceinfo.net\/wp-content\/uploads\/1029ec84c8ad9fb2a6c3dc7dd99eee2e-scaled.jpg","contentUrl":"https:\/\/www.justiceinfo.net\/wp-content\/uploads\/1029ec84c8ad9fb2a6c3dc7dd99eee2e-scaled.jpg","width":2560,"height":1707},{"@type":"BreadcrumbList","@id":"https:\/\/www.justiceinfo.net\/fr\/26220-cote-d-ivoire-la-naturalisation-de-l-ex-president-burkinabe-donne-une-triste-image-du-pays-selon-l-opposition.html#breadcrumb","itemListElement":[{"@type":"ListItem","position":1,"name":"Home","item":"https:\/\/www.justiceinfo.net\/fr"},{"@type":"ListItem","position":2,"name":"C\u00f4te d'Ivoire : la naturalisation de l'ex-pr\u00e9sident burkinab\u00e8 donne une \"triste image\" du pays, selon l'opposition"}]},{"@type":"WebSite","@id":"https:\/\/www.justiceinfo.net\/fr#website","url":"https:\/\/www.justiceinfo.net\/fr","name":"JusticeInfo.net","description":"La justice doit \u00eatre vue pour \u00eatre rendue","publisher":{"@id":"https:\/\/www.justiceinfo.net\/fr#organization"},"potentialAction":[{"@type":"SearchAction","target":{"@type":"EntryPoint","urlTemplate":"https:\/\/www.justiceinfo.net\/fr?s={search_term_string}"},"query-input":{"@type":"PropertyValueSpecification","valueRequired":true,"valueName":"search_term_string"}}],"inLanguage":"fr-FR"},{"@type":"Organization","@id":"https:\/\/www.justiceinfo.net\/fr#organization","name":"Justice Info","url":"https:\/\/www.justiceinfo.net\/fr","logo":{"@type":"ImageObject","inLanguage":"fr-FR","@id":"https:\/\/www.justiceinfo.net\/fr#\/schema\/logo\/image\/","url":"https:\/\/www.justiceinfo.net\/wp-content\/uploads\/justiceinfo_logo-trans_1200x1200px.png","contentUrl":"https:\/\/www.justiceinfo.net\/wp-content\/uploads\/justiceinfo_logo-trans_1200x1200px.png","width":1199,"height":1200,"caption":"Justice Info"},"image":{"@id":"https:\/\/www.justiceinfo.net\/fr#\/schema\/logo\/image\/"},"sameAs":["https:\/\/www.facebook.com\/JusticeInfo\/","https:\/\/x.com\/justiceinfonet","https:\/\/www.linkedin.com\/company\/justice-info","https:\/\/www.youtube.com\/channel\/UCyCEsARodyuWtkWyhn-e7pA"]},{"@type":"Person","name":"AFP","url":"\/fr\/?s=AFP"}]}},"_links":{"self":[{"href":"https:\/\/www.justiceinfo.net\/fr\/wp-json\/wp\/v2\/posts\/26220","targetHints":{"allow":["GET"]}}],"collection":[{"href":"https:\/\/www.justiceinfo.net\/fr\/wp-json\/wp\/v2\/posts"}],"about":[{"href":"https:\/\/www.justiceinfo.net\/fr\/wp-json\/wp\/v2\/types\/post"}],"author":[{"embeddable":true,"href":"https:\/\/www.justiceinfo.net\/fr\/wp-json\/wp\/v2\/users\/60"}],"replies":[{"embeddable":true,"href":"https:\/\/www.justiceinfo.net\/fr\/wp-json\/wp\/v2\/comments?post=26220"}],"version-history":[{"count":0,"href":"https:\/\/www.justiceinfo.net\/fr\/wp-json\/wp\/v2\/posts\/26220\/revisions"}],"wp:featuredmedia":[{"embeddable":true,"href":"https:\/\/www.justiceinfo.net\/fr\/wp-json\/wp\/v2\/media\/67124"}],"wp:attachment":[{"href":"https:\/\/www.justiceinfo.net\/fr\/wp-json\/wp\/v2\/media?parent=26220"}],"wp:term":[{"taxonomy":"category","embeddable":true,"href":"https:\/\/www.justiceinfo.net\/fr\/wp-json\/wp\/v2\/categories?post=26220"},{"taxonomy":"post_tag","embeddable":true,"href":"https:\/\/www.justiceinfo.net\/fr\/wp-json\/wp\/v2\/tags?post=26220"},{"taxonomy":"ji_location","embeddable":true,"href":"https:\/\/www.justiceinfo.net\/fr\/wp-json\/wp\/v2\/ji_location?post=26220"}],"curies":[{"name":"wp","href":"https:\/\/api.w.org\/{rel}","templated":true}]}}