{"id":26504,"date":"2016-03-24T11:22:41","date_gmt":"2016-03-24T10:22:41","guid":{"rendered":"https:\/\/www.justiceinfo.net\/26504-tchad-le-gouvernement-na-toujours-pas-indemnise-les-victimes-du-regime-de-hissene-habre.html"},"modified":"2016-03-24T11:22:41","modified_gmt":"2016-03-24T10:22:41","slug":"tchad-le-gouvernement-na-toujours-pas-indemnise-les-victimes-du-regime-de-hissene-habre","status":"publish","type":"post","link":"https:\/\/www.justiceinfo.net\/fr\/26504-tchad-le-gouvernement-na-toujours-pas-indemnise-les-victimes-du-regime-de-hissene-habre.html","title":{"rendered":"Tchad: Le gouvernement n\u2019a toujours pas indemnis\u00e9 les victimes de Habr\u00e9, selon HRW"},"content":{"rendered":"<p>Le gouvernement <a href=\"Le gouvernement tchadien n\u2019a toujours pas ex\u00e9cut\u00e9 une d\u00e9cision de justice ordonnant r\u00e9paration \u00e0 plus de 7 000 victimes de crimes graves commis durant le r\u00e9gime de l\u2019ancien dictateur tchadien Hiss\u00e8ne Habr\u00e9, ont d\u00e9clar\u00e9 aujourd\u2019hui trois coalitions de d\u00e9fense des droits humains.\" rel=\"alternate\">tchadien<\/a>\u00a0n\u2019a toujours pas ex\u00e9cut\u00e9 une d\u00e9cision de justice ordonnant r\u00e9paration \u00e0 plus de 7 000 victimes de crimes graves commis durant le r\u00e9gime de l\u2019ancien dictateur tchadien<a href=\"https:\/\/www.hrw.org\/fr\/tag\/Hissene-Habre\" rel=\"alternate\"> Hiss\u00e8ne Habr\u00e9<\/a>, ont d\u00e9clar\u00e9 aujourd\u2019hui trois coalitions de d\u00e9fense des droits humains.<\/p>\n<p>Le <a href=\"https:\/\/www.hrw.org\/sites\/default\/files\/related_material\/Extrait%20de%20l%27arr%C3%AAt%20de%20la%20Cour%20criminelle%20de%20N%27Djam%C3%A9na%20%2825%20mars%202015%29.pdf\" rel=\"alternate\">25 mars 2015<\/a>, apr\u00e8s trois mois de proc\u00e8s, la cour criminelle sp\u00e9ciale tchadienne a <a href=\"https:\/\/www.hrw.org\/fr\/news\/2015\/03\/25\/tchad-des-agents-du-regime-habre-condamnes-pour-torture\" rel=\"alternate\">condamn\u00e9 20 agents du r\u00e9gime de Hiss\u00e8ne Habr\u00e9 <\/a>pour meurtre, torture, enl\u00e8vement et d\u00e9tention arbitraire. La cour a \u00e9galement ordonn\u00e9 que le gouvernement tchadien et les personnes condamn\u00e9es versent chacun la moiti\u00e9 de 75 milliards de francs CFA (environ 114 millions d\u2019euros) en r\u00e9paration aux victimes.<\/p>\n<p>\u00ab Cela fait un an et le gouvernement tchadien n\u2019a toujours pas daign\u00e9 mettre \u00e0 ex\u00e9cution la d\u00e9cision \u00bb, a d\u00e9clar\u00e9 <a href=\"https:\/\/www.hrw.org\/fr\/news\/2014\/09\/19\/jacqueline-moudeina-tchad\" rel=\"alternate\">Jacqueline Moudeina<\/a>, principale avocate des victimes et pr\u00e9sidente de l\u2019Association Tchadienne pour la Promotion et la D\u00e9fense des Droits de l\u2019Homme (ATPDH). \u00ab C\u2019est une insulte faite aux victimes et un affront \u00e0 l\u2019\u00c9tat de droit. \u00bb<\/p>\n<p>Hiss\u00e8ne Habr\u00e9 lui-m\u00eame est jug\u00e9 pour crimes contre l\u2019humanit\u00e9, crimes de guerre et torture depuis juillet 2015 par un tribunal sp\u00e9cial cr\u00e9\u00e9 au sein du syst\u00e8me judiciaire s\u00e9n\u00e9galais, \u00e0 Dakar. Un verdict devrait \u00eatre rendu le 30 mai prochain.<\/p>\n<p>La cour criminelle de N\u2019Djam\u00e9na avait <a href=\"https:\/\/www.hrw.org\/sites\/default\/files\/related_material\/Extrait%20de%20l%27arr%C3%AAt%20de%20la%20Cour%20criminelle%20de%20N%27Djam%C3%A9na%20%2825%20mars%202015%29.pdf\" rel=\"alternate\">ordonn\u00e9<\/a>\u00a0au premier ministre tchadien de mettre en place une commission charg\u00e9e de l\u2019ex\u00e9cution du paiement des dommages et int\u00e9r\u00eats aux victimes. Cette commission n\u2019a toujours pas \u00e9t\u00e9 constitu\u00e9e.<\/p>\n<p>La Cour avait \u00e9galement ordonn\u00e9 au gouvernement d\u2019\u00e9riger un monument \u00e0 la m\u00e9moire des victimes du r\u00e9gime Habr\u00e9 \u00ab dans un d\u00e9lai n\u2019exc\u00e9dant pas un an \u00bb, et de cr\u00e9er un mus\u00e9e dans l\u2019ancien si\u00e8ge de <a href=\"https:\/\/www.hrw.org\/legacy\/french\/themes\/habre-police.htm\" rel=\"alternate\">la Direction de la Documentation et de la S\u00e9curit\u00e9 (DDS)<\/a>, la police politique de Habr\u00e9. \u00c0 ce jour, aucune de ces d\u00e9cisions n\u2019a \u00e9t\u00e9 respect\u00e9e. Le Parquet g\u00e9n\u00e9ral non plus n\u2019a toujours pas accompli ses t\u00e2ches pour la mise en \u0153uvre de la d\u00e9cision, notamment le r\u00e9pertoriage et la confiscation des biens des condamn\u00e9s.<\/p>\n<p>\u00ab Le gouvernement doit maintenant ex\u00e9cuter cette d\u00e9cision pour que les victimes obtiennent enfin r\u00e9paration pour leurs souffrances, et que des mesures soient prises pour que nous ne tombions pas dans l\u2019oubli \u00bb, a d\u00e9clar\u00e9 Cl\u00e9ment Abaifouta, pr\u00e9sident de l\u2019Association des Victimes des Crimes du R\u00e9gime de Hiss\u00e8ne Habr\u00e9 (AVCRHH), qui, en tant que prisonnier sous le r\u00e9gime de Habr\u00e9, a \u00e9t\u00e9 forc\u00e9 de creuser des charniers et d\u2019enterrer de nombreux cod\u00e9tenus. \u00ab Nous nous sommes battus pendant 25 ans pour cette d\u00e9cision, et maintenant le gouvernement nous oblige \u00e0 nous battre pour obtenir son ex\u00e9cution. \u00bb<\/p>\n<p>Le r\u00e9gime \u00e0 parti unique de Hiss\u00e8ne Habr\u00e9 (1982-1990) a \u00e9t\u00e9 marqu\u00e9 par des atrocit\u00e9s massives et g\u00e9n\u00e9ralis\u00e9es, dont des r\u00e9pressions ethniques cibl\u00e9es. Les documents de la DDS<a href=\"https:\/\/www.hrw.org\/legacy\/french\/themes\/habre-police.htm\" rel=\"alternate\"> retrouv\u00e9<\/a>s par Human Rights Watch en 2001 ont <a href=\"https:\/\/www.hrdag.org\/content\/chad\/Violence-de-lEtat-Tchadien.pdf\" rel=\"alternate\">r\u00e9v\u00e9l\u00e9<\/a>\u00a0les noms de 1 208 personnes ex\u00e9cut\u00e9es ou d\u00e9c\u00e9d\u00e9es en d\u00e9tention, et de 12 321 victimes de violations des droits humains.<\/p>\n<p>Habr\u00e9 a \u00e9t\u00e9 renvers\u00e9 en 1990 par l\u2019actuel pr\u00e9sident Idriss D\u00e9by Itno et s\u2019est r\u00e9fugi\u00e9 au S\u00e9n\u00e9gal o\u00f9 ses victimes se sont battues pendant des d\u00e9cennies pour tenter de le faire traduire en justice, jusqu\u2019\u00e0 ce qu\u2019en 2013 le S\u00e9n\u00e9gal et l\u2019Union Africaine signent un <a href=\"https:\/\/www.hrw.org\/fr\/news\/2012\/07\/24\/senegal-un-accord-pour-le-proces-de-habre\" rel=\"alternate\">accord<\/a>\u00a0pour la cr\u00e9ation des <a href=\"https:\/\/www.hrw.org\/fr\/news\/2013\/01\/30\/statut-des-chambres-africaines-extraordinaires\" rel=\"alternate\">Chambres Africaines Extraordinaires<\/a>\u00a0pour la tenue du proc\u00e8s au sein des juridictions s\u00e9n\u00e9galaises. Le proc\u00e8s a d\u00e9but\u00e9 le 20 juillet 2015 et s\u2019est achev\u00e9 le 11 f\u00e9vrier 2016. Un verdict est attendu le 30 mai 2016.<\/p>\n<p>Les accusations qui ont men\u00e9 au proc\u00e8s tchadien des agents de Hiss\u00e8ne Habr\u00e9 ont \u00e9t\u00e9 d\u00e9pos\u00e9es par des survivants en 2000, mais l\u2019affaire a stagn\u00e9 jusqu\u2019\u00e0 ce qu\u2019Habr\u00e9 lui-m\u00eame soit arr\u00eat\u00e9 \u00e0 Dakar en 2013. Parmi les accus\u00e9s, nombreux \u00e9taient ceux qui occupaient des positions cl\u00e9s dans l'administration tchadienne jusqu\u2019\u00e0 leur arrestation, en 2013 ou 2014.<\/p>\n<p>Au cours de ce proc\u00e8s historique tenu au Tchad, environ <a href=\"https:\/\/www.hrw.org\/fr\/news\/2015\/01\/16\/tchad-des-preuves-sur-la-torture-presentees-lors-dun-proces\" rel=\"alternate\">50 victimes ont d\u00e9crit les tortures<\/a>\u00a0et les mauvais traitements subis entre les mains des agents de la DDS. Parmi les personnes condamn\u00e9es \u00e0 perp\u00e9tuit\u00e9 dans l\u2019affaire de 2015 au Tchad figuraient Saleh Younous, ancien directeur de la DDS, et <a href=\"https:\/\/www.hrw.org\/fr\/news\/2005\/01\/20\/un-tortionnaire-tchadien-redoute-est-renvoye-de-la-mission-des-nations-unies-en-cote\" rel=\"alternate\">Mahamat Djibrine dit \u00ab El-Djonto \u00bb <\/a>qui \u00e9tait, selon la Commission nationale tchadienne d\u2019enqu\u00eate de 1992, l\u2019un des \u00ab tortionnaires les plus redout\u00e9s \u00bb du Tchad.<\/p>\n<p>\u00ab Le proc\u00e8s et la condamnation d\u2019agents de l\u2019\u00c9tat pour des violations des droits de l\u2019homme \u00e9tait une avanc\u00e9e remarquable dans un pays o\u00f9 l\u2019impunit\u00e9 est la norme \u00bb, a d\u00e9clar\u00e9 <a href=\"https:\/\/www.hrw.org\/fr\/about\/people\/reed-brody\" rel=\"alternate\">Reed Brody<\/a>, conseiller juridique \u00e0 Human Rights Watch qui travaille aupr\u00e8s des victimes depuis 1999 et qui a assist\u00e9 au proc\u00e8s. \u00ab Le refus du gouvernement \u00e0 respecter ses obligations envers les victimes est une profonde d\u00e9ception. \u00bb<\/p>\n<p>Article publi\u00e9 par Human Rights Watch<\/p>\n","protected":false},"excerpt":{"rendered":"<p>Le gouvernement tchadien\u00a0n\u2019a toujours pas ex\u00e9cut\u00e9 une d\u00e9cision de justice ordonnant r\u00e9paration \u00e0 plus de 7 000 victimes de crimes graves commis durant le r\u00e9gime de l\u2019ancien dictateur tchadien Hiss\u00e8ne Habr\u00e9, ont d\u00e9clar\u00e9 aujourd\u2019hui trois coalitions de d\u00e9fense des droits humains. Le 25 mars 2015, apr\u00e8s trois mois de proc\u00e8s, la cour criminelle sp\u00e9ciale tchadienne [&hellip;]<\/p>\n","protected":false},"author":64,"featured_media":64477,"comment_status":"open","ping_status":"closed","sticky":false,"template":"","format":"standard","meta":{"_acf_changed":false,"footnotes":""},"categories":[575],"tags":[],"ji_location":[2166],"class_list":["post-26504","post","type-post","status-publish","format-standard","has-post-thumbnail","hentry","category-opinions","ji_location-tchad"],"acf":[],"yoast_head":"<!-- This site is optimized with the Yoast SEO Premium plugin v25.3.1 (Yoast SEO v25.3.1) - https:\/\/yoast.com\/wordpress\/plugins\/seo\/ -->\n<title>Tchad: Le gouvernement n\u2019a toujours pas indemnis\u00e9 les victimes de Habr\u00e9, selon HRW - JusticeInfo.net<\/title>\n<meta name=\"robots\" content=\"index, follow, max-snippet:-1, max-image-preview:large, max-video-preview:-1\" \/>\n<link rel=\"canonical\" href=\"https:\/\/www.justiceinfo.net\/fr\/26504-tchad-le-gouvernement-na-toujours-pas-indemnise-les-victimes-du-regime-de-hissene-habre.html\" \/>\n<meta property=\"og:locale\" content=\"fr_FR\" \/>\n<meta property=\"og:type\" content=\"article\" \/>\n<meta property=\"og:title\" content=\"Tchad: Le gouvernement n\u2019a toujours pas indemnis\u00e9 les victimes de Habr\u00e9, selon HRW\" \/>\n<meta property=\"og:description\" content=\"Le gouvernement tchadien\u00a0n\u2019a toujours pas ex\u00e9cut\u00e9 une d\u00e9cision de justice ordonnant r\u00e9paration \u00e0 plus de 7 000 victimes de crimes graves commis durant le r\u00e9gime de l\u2019ancien dictateur tchadien Hiss\u00e8ne Habr\u00e9, ont d\u00e9clar\u00e9 aujourd\u2019hui trois coalitions de d\u00e9fense des droits humains. Le 25 mars 2015, apr\u00e8s trois mois de proc\u00e8s, la cour criminelle sp\u00e9ciale tchadienne [&hellip;]\" \/>\n<meta property=\"og:url\" content=\"https:\/\/www.justiceinfo.net\/fr\/26504-tchad-le-gouvernement-na-toujours-pas-indemnise-les-victimes-du-regime-de-hissene-habre.html\" \/>\n<meta property=\"og:site_name\" content=\"JusticeInfo.net\" \/>\n<meta property=\"article:publisher\" content=\"https:\/\/www.facebook.com\/JusticeInfo\/\" \/>\n<meta property=\"article:published_time\" content=\"2016-03-24T10:22:41+00:00\" \/>\n<meta property=\"og:image\" content=\"https:\/\/www.justiceinfo.net\/wp-content\/uploads\/78428f7d163734de61bf738f54d65356.jpg\" \/>\n\t<meta property=\"og:image:width\" content=\"594\" \/>\n\t<meta property=\"og:image:height\" content=\"426\" \/>\n\t<meta property=\"og:image:type\" content=\"image\/jpeg\" \/>\n<meta name=\"author\" content=\"Human Rights Watch\" \/>\n<meta name=\"twitter:card\" content=\"summary_large_image\" \/>\n<meta name=\"twitter:creator\" content=\"@justiceinfonet\" \/>\n<meta name=\"twitter:site\" content=\"@justiceinfonet\" \/>\n<meta name=\"twitter:label1\" content=\"\u00c9crit par\" \/>\n\t<meta name=\"twitter:data1\" content=\"Human Rights Watch\" \/>\n\t<meta name=\"twitter:label2\" content=\"Dur\u00e9e de lecture estim\u00e9e\" \/>\n\t<meta name=\"twitter:data2\" content=\"4 minutes\" \/>\n<script type=\"application\/ld+json\" class=\"yoast-schema-graph\">{\"@context\":\"https:\/\/schema.org\",\"@graph\":[{\"@type\":\"NewsArticle\",\"@id\":\"https:\/\/www.justiceinfo.net\/fr\/26504-tchad-le-gouvernement-na-toujours-pas-indemnise-les-victimes-du-regime-de-hissene-habre.html#article\",\"isPartOf\":{\"@id\":\"https:\/\/www.justiceinfo.net\/fr\/26504-tchad-le-gouvernement-na-toujours-pas-indemnise-les-victimes-du-regime-de-hissene-habre.html\"},\"author\":{\"name\":\"solivri\",\"@id\":\"https:\/\/www.justiceinfo.net\/fr#\/schema\/person\/6e53cba1629e2e66f3fc1821d3091865\"},\"headline\":\"Tchad: Le gouvernement n\u2019a toujours pas indemnis\u00e9 les victimes de Habr\u00e9, selon HRW\",\"datePublished\":\"2016-03-24T10:22:41+00:00\",\"mainEntityOfPage\":{\"@id\":\"https:\/\/www.justiceinfo.net\/fr\/26504-tchad-le-gouvernement-na-toujours-pas-indemnise-les-victimes-du-regime-de-hissene-habre.html\"},\"wordCount\":875,\"commentCount\":0,\"publisher\":{\"@id\":\"https:\/\/www.justiceinfo.net\/fr#organization\"},\"image\":{\"@id\":\"https:\/\/www.justiceinfo.net\/fr\/26504-tchad-le-gouvernement-na-toujours-pas-indemnise-les-victimes-du-regime-de-hissene-habre.html#primaryimage\"},\"thumbnailUrl\":\"https:\/\/www.justiceinfo.net\/wp-content\/uploads\/78428f7d163734de61bf738f54d65356.jpg\",\"articleSection\":[\"Opinions\"],\"inLanguage\":\"fr-FR\",\"potentialAction\":[{\"@type\":\"CommentAction\",\"name\":\"Comment\",\"target\":[\"https:\/\/www.justiceinfo.net\/fr\/26504-tchad-le-gouvernement-na-toujours-pas-indemnise-les-victimes-du-regime-de-hissene-habre.html#respond\"]}]},{\"@type\":\"WebPage\",\"@id\":\"https:\/\/www.justiceinfo.net\/fr\/26504-tchad-le-gouvernement-na-toujours-pas-indemnise-les-victimes-du-regime-de-hissene-habre.html\",\"url\":\"https:\/\/www.justiceinfo.net\/fr\/26504-tchad-le-gouvernement-na-toujours-pas-indemnise-les-victimes-du-regime-de-hissene-habre.html\",\"name\":\"Tchad: Le gouvernement n\u2019a toujours pas indemnis\u00e9 les victimes de Habr\u00e9, selon HRW - JusticeInfo.net\",\"isPartOf\":{\"@id\":\"https:\/\/www.justiceinfo.net\/fr#website\"},\"primaryImageOfPage\":{\"@id\":\"https:\/\/www.justiceinfo.net\/fr\/26504-tchad-le-gouvernement-na-toujours-pas-indemnise-les-victimes-du-regime-de-hissene-habre.html#primaryimage\"},\"image\":{\"@id\":\"https:\/\/www.justiceinfo.net\/fr\/26504-tchad-le-gouvernement-na-toujours-pas-indemnise-les-victimes-du-regime-de-hissene-habre.html#primaryimage\"},\"thumbnailUrl\":\"https:\/\/www.justiceinfo.net\/wp-content\/uploads\/78428f7d163734de61bf738f54d65356.jpg\",\"datePublished\":\"2016-03-24T10:22:41+00:00\",\"breadcrumb\":{\"@id\":\"https:\/\/www.justiceinfo.net\/fr\/26504-tchad-le-gouvernement-na-toujours-pas-indemnise-les-victimes-du-regime-de-hissene-habre.html#breadcrumb\"},\"inLanguage\":\"fr-FR\",\"potentialAction\":[{\"@type\":\"ReadAction\",\"target\":[\"https:\/\/www.justiceinfo.net\/fr\/26504-tchad-le-gouvernement-na-toujours-pas-indemnise-les-victimes-du-regime-de-hissene-habre.html\"]}]},{\"@type\":\"ImageObject\",\"inLanguage\":\"fr-FR\",\"@id\":\"https:\/\/www.justiceinfo.net\/fr\/26504-tchad-le-gouvernement-na-toujours-pas-indemnise-les-victimes-du-regime-de-hissene-habre.html#primaryimage\",\"url\":\"https:\/\/www.justiceinfo.net\/wp-content\/uploads\/78428f7d163734de61bf738f54d65356.jpg\",\"contentUrl\":\"https:\/\/www.justiceinfo.net\/wp-content\/uploads\/78428f7d163734de61bf738f54d65356.jpg\",\"width\":594,\"height\":426},{\"@type\":\"BreadcrumbList\",\"@id\":\"https:\/\/www.justiceinfo.net\/fr\/26504-tchad-le-gouvernement-na-toujours-pas-indemnise-les-victimes-du-regime-de-hissene-habre.html#breadcrumb\",\"itemListElement\":[{\"@type\":\"ListItem\",\"position\":1,\"name\":\"Home\",\"item\":\"https:\/\/www.justiceinfo.net\/fr\"},{\"@type\":\"ListItem\",\"position\":2,\"name\":\"Tchad: Le gouvernement n\u2019a toujours pas indemnis\u00e9 les victimes de Habr\u00e9, selon HRW\"}]},{\"@type\":\"WebSite\",\"@id\":\"https:\/\/www.justiceinfo.net\/fr#website\",\"url\":\"https:\/\/www.justiceinfo.net\/fr\",\"name\":\"JusticeInfo.net\",\"description\":\"La justice doit \u00eatre vue pour \u00eatre rendue\",\"publisher\":{\"@id\":\"https:\/\/www.justiceinfo.net\/fr#organization\"},\"potentialAction\":[{\"@type\":\"SearchAction\",\"target\":{\"@type\":\"EntryPoint\",\"urlTemplate\":\"https:\/\/www.justiceinfo.net\/fr?s={search_term_string}\"},\"query-input\":{\"@type\":\"PropertyValueSpecification\",\"valueRequired\":true,\"valueName\":\"search_term_string\"}}],\"inLanguage\":\"fr-FR\"},{\"@type\":\"Organization\",\"@id\":\"https:\/\/www.justiceinfo.net\/fr#organization\",\"name\":\"Justice Info\",\"url\":\"https:\/\/www.justiceinfo.net\/fr\",\"logo\":{\"@type\":\"ImageObject\",\"inLanguage\":\"fr-FR\",\"@id\":\"https:\/\/www.justiceinfo.net\/fr#\/schema\/logo\/image\/\",\"url\":\"https:\/\/www.justiceinfo.net\/wp-content\/uploads\/justiceinfo_logo-trans_1200x1200px.png\",\"contentUrl\":\"https:\/\/www.justiceinfo.net\/wp-content\/uploads\/justiceinfo_logo-trans_1200x1200px.png\",\"width\":1199,\"height\":1200,\"caption\":\"Justice Info\"},\"image\":{\"@id\":\"https:\/\/www.justiceinfo.net\/fr#\/schema\/logo\/image\/\"},\"sameAs\":[\"https:\/\/www.facebook.com\/JusticeInfo\/\",\"https:\/\/x.com\/justiceinfonet\",\"https:\/\/www.linkedin.com\/company\/justice-info\",\"https:\/\/www.youtube.com\/channel\/UCyCEsARodyuWtkWyhn-e7pA\"]},{\"@type\":\"Person\",\"name\":\"Human Rights Watch\",\"url\":\"\/fr\/?s=Human Rights Watch\"}]}<\/script>\n<!-- \/ Yoast SEO Premium plugin. -->","yoast_head_json":{"title":"Tchad: Le gouvernement n\u2019a toujours pas indemnis\u00e9 les victimes de Habr\u00e9, selon HRW - JusticeInfo.net","robots":{"index":"index","follow":"follow","max-snippet":"max-snippet:-1","max-image-preview":"max-image-preview:large","max-video-preview":"max-video-preview:-1"},"canonical":"https:\/\/www.justiceinfo.net\/fr\/26504-tchad-le-gouvernement-na-toujours-pas-indemnise-les-victimes-du-regime-de-hissene-habre.html","og_locale":"fr_FR","og_type":"article","og_title":"Tchad: Le gouvernement n\u2019a toujours pas indemnis\u00e9 les victimes de Habr\u00e9, selon HRW","og_description":"Le gouvernement tchadien\u00a0n\u2019a toujours pas ex\u00e9cut\u00e9 une d\u00e9cision de justice ordonnant r\u00e9paration \u00e0 plus de 7 000 victimes de crimes graves commis durant le r\u00e9gime de l\u2019ancien dictateur tchadien Hiss\u00e8ne Habr\u00e9, ont d\u00e9clar\u00e9 aujourd\u2019hui trois coalitions de d\u00e9fense des droits humains. Le 25 mars 2015, apr\u00e8s trois mois de proc\u00e8s, la cour criminelle sp\u00e9ciale tchadienne [&hellip;]","og_url":"https:\/\/www.justiceinfo.net\/fr\/26504-tchad-le-gouvernement-na-toujours-pas-indemnise-les-victimes-du-regime-de-hissene-habre.html","og_site_name":"JusticeInfo.net","article_publisher":"https:\/\/www.facebook.com\/JusticeInfo\/","article_published_time":"2016-03-24T10:22:41+00:00","og_image":[{"width":594,"height":426,"url":"https:\/\/www.justiceinfo.net\/wp-content\/uploads\/78428f7d163734de61bf738f54d65356.jpg","type":"image\/jpeg"}],"author":"Human Rights Watch","twitter_card":"summary_large_image","twitter_creator":"@justiceinfonet","twitter_site":"@justiceinfonet","twitter_misc":{"\u00c9crit par":"Human Rights Watch","Dur\u00e9e de lecture estim\u00e9e":"4 minutes"},"schema":{"@context":"https:\/\/schema.org","@graph":[{"@type":"NewsArticle","@id":"https:\/\/www.justiceinfo.net\/fr\/26504-tchad-le-gouvernement-na-toujours-pas-indemnise-les-victimes-du-regime-de-hissene-habre.html#article","isPartOf":{"@id":"https:\/\/www.justiceinfo.net\/fr\/26504-tchad-le-gouvernement-na-toujours-pas-indemnise-les-victimes-du-regime-de-hissene-habre.html"},"author":{"name":"solivri","@id":"https:\/\/www.justiceinfo.net\/fr#\/schema\/person\/6e53cba1629e2e66f3fc1821d3091865"},"headline":"Tchad: Le gouvernement n\u2019a toujours pas indemnis\u00e9 les victimes de Habr\u00e9, selon HRW","datePublished":"2016-03-24T10:22:41+00:00","mainEntityOfPage":{"@id":"https:\/\/www.justiceinfo.net\/fr\/26504-tchad-le-gouvernement-na-toujours-pas-indemnise-les-victimes-du-regime-de-hissene-habre.html"},"wordCount":875,"commentCount":0,"publisher":{"@id":"https:\/\/www.justiceinfo.net\/fr#organization"},"image":{"@id":"https:\/\/www.justiceinfo.net\/fr\/26504-tchad-le-gouvernement-na-toujours-pas-indemnise-les-victimes-du-regime-de-hissene-habre.html#primaryimage"},"thumbnailUrl":"https:\/\/www.justiceinfo.net\/wp-content\/uploads\/78428f7d163734de61bf738f54d65356.jpg","articleSection":["Opinions"],"inLanguage":"fr-FR","potentialAction":[{"@type":"CommentAction","name":"Comment","target":["https:\/\/www.justiceinfo.net\/fr\/26504-tchad-le-gouvernement-na-toujours-pas-indemnise-les-victimes-du-regime-de-hissene-habre.html#respond"]}]},{"@type":"WebPage","@id":"https:\/\/www.justiceinfo.net\/fr\/26504-tchad-le-gouvernement-na-toujours-pas-indemnise-les-victimes-du-regime-de-hissene-habre.html","url":"https:\/\/www.justiceinfo.net\/fr\/26504-tchad-le-gouvernement-na-toujours-pas-indemnise-les-victimes-du-regime-de-hissene-habre.html","name":"Tchad: Le gouvernement n\u2019a toujours pas indemnis\u00e9 les victimes de Habr\u00e9, selon HRW - JusticeInfo.net","isPartOf":{"@id":"https:\/\/www.justiceinfo.net\/fr#website"},"primaryImageOfPage":{"@id":"https:\/\/www.justiceinfo.net\/fr\/26504-tchad-le-gouvernement-na-toujours-pas-indemnise-les-victimes-du-regime-de-hissene-habre.html#primaryimage"},"image":{"@id":"https:\/\/www.justiceinfo.net\/fr\/26504-tchad-le-gouvernement-na-toujours-pas-indemnise-les-victimes-du-regime-de-hissene-habre.html#primaryimage"},"thumbnailUrl":"https:\/\/www.justiceinfo.net\/wp-content\/uploads\/78428f7d163734de61bf738f54d65356.jpg","datePublished":"2016-03-24T10:22:41+00:00","breadcrumb":{"@id":"https:\/\/www.justiceinfo.net\/fr\/26504-tchad-le-gouvernement-na-toujours-pas-indemnise-les-victimes-du-regime-de-hissene-habre.html#breadcrumb"},"inLanguage":"fr-FR","potentialAction":[{"@type":"ReadAction","target":["https:\/\/www.justiceinfo.net\/fr\/26504-tchad-le-gouvernement-na-toujours-pas-indemnise-les-victimes-du-regime-de-hissene-habre.html"]}]},{"@type":"ImageObject","inLanguage":"fr-FR","@id":"https:\/\/www.justiceinfo.net\/fr\/26504-tchad-le-gouvernement-na-toujours-pas-indemnise-les-victimes-du-regime-de-hissene-habre.html#primaryimage","url":"https:\/\/www.justiceinfo.net\/wp-content\/uploads\/78428f7d163734de61bf738f54d65356.jpg","contentUrl":"https:\/\/www.justiceinfo.net\/wp-content\/uploads\/78428f7d163734de61bf738f54d65356.jpg","width":594,"height":426},{"@type":"BreadcrumbList","@id":"https:\/\/www.justiceinfo.net\/fr\/26504-tchad-le-gouvernement-na-toujours-pas-indemnise-les-victimes-du-regime-de-hissene-habre.html#breadcrumb","itemListElement":[{"@type":"ListItem","position":1,"name":"Home","item":"https:\/\/www.justiceinfo.net\/fr"},{"@type":"ListItem","position":2,"name":"Tchad: Le gouvernement n\u2019a toujours pas indemnis\u00e9 les victimes de Habr\u00e9, selon HRW"}]},{"@type":"WebSite","@id":"https:\/\/www.justiceinfo.net\/fr#website","url":"https:\/\/www.justiceinfo.net\/fr","name":"JusticeInfo.net","description":"La justice doit \u00eatre vue pour \u00eatre rendue","publisher":{"@id":"https:\/\/www.justiceinfo.net\/fr#organization"},"potentialAction":[{"@type":"SearchAction","target":{"@type":"EntryPoint","urlTemplate":"https:\/\/www.justiceinfo.net\/fr?s={search_term_string}"},"query-input":{"@type":"PropertyValueSpecification","valueRequired":true,"valueName":"search_term_string"}}],"inLanguage":"fr-FR"},{"@type":"Organization","@id":"https:\/\/www.justiceinfo.net\/fr#organization","name":"Justice Info","url":"https:\/\/www.justiceinfo.net\/fr","logo":{"@type":"ImageObject","inLanguage":"fr-FR","@id":"https:\/\/www.justiceinfo.net\/fr#\/schema\/logo\/image\/","url":"https:\/\/www.justiceinfo.net\/wp-content\/uploads\/justiceinfo_logo-trans_1200x1200px.png","contentUrl":"https:\/\/www.justiceinfo.net\/wp-content\/uploads\/justiceinfo_logo-trans_1200x1200px.png","width":1199,"height":1200,"caption":"Justice Info"},"image":{"@id":"https:\/\/www.justiceinfo.net\/fr#\/schema\/logo\/image\/"},"sameAs":["https:\/\/www.facebook.com\/JusticeInfo\/","https:\/\/x.com\/justiceinfonet","https:\/\/www.linkedin.com\/company\/justice-info","https:\/\/www.youtube.com\/channel\/UCyCEsARodyuWtkWyhn-e7pA"]},{"@type":"Person","name":"Human Rights Watch","url":"\/fr\/?s=Human Rights Watch"}]}},"_links":{"self":[{"href":"https:\/\/www.justiceinfo.net\/fr\/wp-json\/wp\/v2\/posts\/26504","targetHints":{"allow":["GET"]}}],"collection":[{"href":"https:\/\/www.justiceinfo.net\/fr\/wp-json\/wp\/v2\/posts"}],"about":[{"href":"https:\/\/www.justiceinfo.net\/fr\/wp-json\/wp\/v2\/types\/post"}],"author":[{"embeddable":true,"href":"https:\/\/www.justiceinfo.net\/fr\/wp-json\/wp\/v2\/users\/64"}],"replies":[{"embeddable":true,"href":"https:\/\/www.justiceinfo.net\/fr\/wp-json\/wp\/v2\/comments?post=26504"}],"version-history":[{"count":0,"href":"https:\/\/www.justiceinfo.net\/fr\/wp-json\/wp\/v2\/posts\/26504\/revisions"}],"wp:featuredmedia":[{"embeddable":true,"href":"https:\/\/www.justiceinfo.net\/fr\/wp-json\/wp\/v2\/media\/64477"}],"wp:attachment":[{"href":"https:\/\/www.justiceinfo.net\/fr\/wp-json\/wp\/v2\/media?parent=26504"}],"wp:term":[{"taxonomy":"category","embeddable":true,"href":"https:\/\/www.justiceinfo.net\/fr\/wp-json\/wp\/v2\/categories?post=26504"},{"taxonomy":"post_tag","embeddable":true,"href":"https:\/\/www.justiceinfo.net\/fr\/wp-json\/wp\/v2\/tags?post=26504"},{"taxonomy":"ji_location","embeddable":true,"href":"https:\/\/www.justiceinfo.net\/fr\/wp-json\/wp\/v2\/ji_location?post=26504"}],"curies":[{"name":"wp","href":"https:\/\/api.w.org\/{rel}","templated":true}]}}