{"id":26627,"date":"2016-03-29T12:29:15","date_gmt":"2016-03-29T10:29:15","guid":{"rendered":"https:\/\/www.justiceinfo.net\/26627-republique-centrafricaine-priorite-a-la-protection-des-civils-et-a-la-justice.html"},"modified":"2016-03-29T12:29:15","modified_gmt":"2016-03-29T10:29:15","slug":"republique-centrafricaine-priorite-a-la-protection-des-civils-et-a-la-justice","status":"publish","type":"post","link":"https:\/\/www.justiceinfo.net\/fr\/26627-republique-centrafricaine-priorite-a-la-protection-des-civils-et-a-la-justice.html","title":{"rendered":"R\u00e9publique centrafricaine : Priorit\u00e9 \u00e0 la protection des civils et \u00e0 la justice"},"content":{"rendered":"<p>Le nouveau pr\u00e9sident de la <a href=\"https:\/\/www.hrw.org\/fr\/africa\/central-african-republic\" rel=\"alternate\">R\u00e9publique centrafricaine<\/a>, Faustin-Archange Touad\u00e9ra, devrait fixer la s\u00e9curit\u00e9 et la justice pour les graves atteintes aux droits humains comme priorit\u00e9s pour son gouvernement.<\/p>\n<p>Touad\u00e9ra, un ancien premier ministre, doit prendre ses fonctions le 30 mars 2016, apr\u00e8s avoir remport\u00e9, le 14 f\u00e9vrier, le second tour de l\u2019\u00e9lection pr\u00e9sidentielle. Sa nouvelle administration prendra le relais du gouvernement de transition, qui s\u2019est heurt\u00e9, ces deux derni\u00e8res ann\u00e9es, \u00e0 des difficult\u00e9s pour r\u00e9tablir la s\u00e9curit\u00e9 et mettre fin aux violences sectaires.<\/p>\n<p>\u00ab\u00a0Il est n\u00e9cessaire que le gouvernement agisse rapidement,\u00a0avec le soutien de la communaut\u00e9 internationale, pour prot\u00e9ger les civils et mettre fin aux violations en cours\u00a0\u00bb, a d\u00e9clar\u00e9 <a href=\"https:\/\/www.hrw.org\/fr\/about\/people\/lewis-mudge\" rel=\"alternate\">Lewis Mudge<\/a>, chercheur aupr\u00e8s de la division Afrique de Human Rights Watch. \u00ab\u00a0Att\u00e9nuer les tensions, \u0153uvrer \u00e0 la justice et \u00e0 la r\u00e9conciliation, et prot\u00e9ger les civils de nouvelles attaques et violences devrait \u00eatre la premi\u00e8re des priorit\u00e9s.\u00a0\u00bb<\/p>\n<p>La R\u00e9publique centrafricaine est en crise depuis la fin 2012, lorsque les rebelles de la S\u00e9l\u00e9ka, principalement musulmans, ont renvers\u00e9 le gouvernement de Fran\u00e7ois Boziz\u00e9, commettant des <a href=\"https:\/\/www.hrw.org\/fr\/news\/2013\/09\/18\/republique-centrafricaine-les-nouveaux-dirigeants-commettent-de-terribles-exactions\" rel=\"alternate\">violations g\u00e9n\u00e9ralis\u00e9es<\/a>\u00a0contre les civils. Mi-2013, des chr\u00e9tiens et des animistes, regroup\u00e9s dans les milices dites anti-balaka, ont \u00e0 leur tour men\u00e9 des <a href=\"https:\/\/www.hrw.org\/fr\/report\/2013\/12\/19\/ils-sont-venus-pour-tuer\/escalade-des-atrocites-en-republique-centrafricaine\" rel=\"alternate\">attaques<\/a>\u00a0en guise de repr\u00e9sailles \u00e0 grande \u00e9chelle contre des civils musulmans de Bangui et de r\u00e9gions occidentales du pays. Pr\u00e8s d'un million de personnes ont \u00e9t\u00e9 contraintes de fuir leurs foyers suite aux violences.<\/p>\n<p>Les violences sectaires meurtri\u00e8res se poursuivent dans la capitale, Bangui, et dans plusieurs zones du centre du pays. Ces derniers mois, les combattants de la S\u00e9l\u00e9ka, des musulmans arm\u00e9s et des combattants anti-balaka se sont livr\u00e9s \u00e0 des attaques en guise de repr\u00e9sailles, provoquant des <a href=\"https:\/\/www.hrw.org\/fr\/news\/2015\/11\/26\/republique-centrafricaine-nouvelle-vague-dassassinats\" rel=\"alternate\">vagues d\u2019assassinats<\/a>\u00a0autour de l'enclave musulmane \u00ab\u00a0Kilom\u00e8tre 5\u00a0\u00bb et dans la ville de <a href=\"https:\/\/www.hrw.org\/fr\/news\/2016\/03\/17\/point-de-vue-le-plus-grand-defi-pour-la-republique-centrafricaine\" rel=\"alternate\">Bambari<\/a>.<\/p>\n<p>L'am\u00e9lioration de la s\u00e9curit\u00e9 passe par le d\u00e9sarmement des factions rebelles et le r\u00e9tablissement des forces de s\u00e9curit\u00e9. Pour ces deux t\u00e2ches, il est n\u00e9cessaire que le nouveau gouvernement s\u2019appuie fortement sur la mission de maintien de la paix des Nations Unies, la MINUSCA, qui compte 12 000 membres.<\/p>\n<p>Le d\u00e9sarmement des factions rebelles et des groupes arm\u00e9s dans le pays n\u2019a quasiment pas connu de progr\u00e8s au cours des deux derni\u00e8res ann\u00e9es. Le programme de d\u00e9sarmement soutenu par la communaut\u00e9 internationale n\u2019en est encore qu\u2019aux premiers stades. D\u00e9sarmer les combattants, et leur trouver de nouvelles occupations sera crucial pour mettre fin aux attaques contre des civils et r\u00e9tablir le contr\u00f4le gouvernemental, selon Human Rights Watch.<\/p>\n<p>L'arm\u00e9e nationale, la police et les autres forces de s\u00e9curit\u00e9 ont \u00e9galement besoin d'\u00eatre r\u00e9form\u00e9es. Tout r\u00e9armement des militaires devra tenir compte des graves violations des droits humains que des soldats et leurs commandants ont peut-\u00eatre commises pendant les violences ces derni\u00e8res ann\u00e9es. Un m\u00e9canisme de \u00ab vetting \u00bb (contr\u00f4le et v\u00e9rification) est essentiel pour exclure de l\u2019arm\u00e9e les soldats qui se sont rendus coupables de violations graves des droits humains, y compris ceux occupant des postes sup\u00e9rieurs. Cette proc\u00e9dure de v\u00e9rification devra \u00e9galement veiller \u00e0 ce que les nouvelles recrues ne soient pas responsables de crimes graves.<\/p>\n<p>Au cours des 20 derni\u00e8res ann\u00e9es, la R\u00e9publique centrafricaine a connu de nombreuses mutineries, r\u00e9bellions et coups d\u2019\u00c9tat. Presque aucun des responsables de violations g\u00e9n\u00e9ralis\u00e9es des droits humains n\u2019a \u00e9t\u00e9 tenu pour responsable de ses actes. Les cycles d'impunit\u00e9 ont aliment\u00e9 les abus en cours et enhardi ceux qui cherchent \u00e0 prendre le pouvoir par la force, a d\u00e9clar\u00e9 Human Rights Watch.<\/p>\n<p>Le nouveau gouvernement, qui h\u00e9ritera d'un syst\u00e8me judiciaire congestionn\u00e9 et tout juste fonctionnel, aura besoin d'un soutien international pour veiller \u00e0 ce que les auteurs de crimes pendant les violences soient tenus pour responsables de leurs actes.<\/p>\n<p>Depuis septembre 2014, le bureau du procureur de la Cour p\u00e9nale internationale (CPI) m\u00e8ne une deuxi\u00e8me enqu\u00eate en R\u00e9publique centrafricaine qui met l'accent sur les all\u00e9gations de crimes commis dans le pays depuis ao\u00fbt 2012. En juin 2015, la pr\u00e9sidente de transition de la R\u00e9publique centrafricaine a promulgu\u00e9 une loi visant \u00e0 \u00e9tablir une <a href=\"https:\/\/www.hrw.org\/fr\/news\/2015\/12\/23\/republique-centrafricaine-avancees-dans-la-mise-en-place-de-la-cour-penale-speciale\" rel=\"alternate\">Cour p\u00e9nale sp\u00e9ciale<\/a>, compos\u00e9e de personnel national et international, afin d'enqu\u00eater et d\u2019ouvrir des poursuites judiciaires pour les crimes les plus graves perp\u00e9tr\u00e9s dans le pays depuis 2003, y compris les crimes de guerre et les crimes contre l'humanit\u00e9.<\/p>\n<p>La CPI n'a pas encore \u00e9mis de mandats d'arr\u00eat ou ouvert de proc\u00e8s, et la Cour p\u00e9nale sp\u00e9ciale n\u2019existe que sur le papier. La pleine coop\u00e9ration du gouvernement avec la CPI sera essentielle pour lui permettre de remplir ses objectifs. Le gouvernement devra \u00e9galement prendre les devants pour \u00e9tablir rapidement la Cour p\u00e9nale sp\u00e9ciale. Enfin, le nouveau pr\u00e9sident devra s\u2019engager \u00e0 ce que son gouvernement soutienne le travail de la Cour p\u00e9nale sp\u00e9ciale et demander aux bailleurs de fonds de mobiliser des ressources et une assistance technique pour garantir le bon fonctionnement de la Cour, a d\u00e9clar\u00e9 Human Rights Watch.<\/p>\n<p>\u00ab La lutte contre l'impunit\u00e9 est une demande claire de la population et devrait r\u00e9solument figurer \u00e0 l'ordre du jour du nouveau gouvernement \u00bb, a conclu Lewis Mudge. \u00ab La CPI et la nouvelle Cour p\u00e9nale sp\u00e9ciale constituent la meilleure chance pour le pays de briser le long cycle de violences, de dissuader les crimes futurs et de faire en sorte que justice soit rendue aux victimes \u00bb.<\/p>\n<p>L'article est publi\u00e9 par Human Rights Watch\u00a0<\/p>\n","protected":false},"excerpt":{"rendered":"<p>Le nouveau pr\u00e9sident de la R\u00e9publique centrafricaine, Faustin-Archange Touad\u00e9ra, devrait fixer la s\u00e9curit\u00e9 et la justice pour les graves atteintes aux droits humains comme priorit\u00e9s pour son gouvernement. Touad\u00e9ra, un ancien premier ministre, doit prendre ses fonctions le 30 mars 2016, apr\u00e8s avoir remport\u00e9, le 14 f\u00e9vrier, le second tour de l\u2019\u00e9lection pr\u00e9sidentielle. Sa nouvelle [&hellip;]<\/p>\n","protected":false},"author":64,"featured_media":68086,"comment_status":"open","ping_status":"closed","sticky":false,"template":"","format":"standard","meta":{"_acf_changed":false,"footnotes":""},"categories":[575],"tags":[],"ji_location":[2164],"class_list":["post-26627","post","type-post","status-publish","format-standard","has-post-thumbnail","hentry","category-opinions","ji_location-republique-centrafricaine"],"acf":[],"yoast_head":"<!-- This site is optimized with the Yoast SEO Premium plugin v25.3.1 (Yoast SEO v25.3.1) - https:\/\/yoast.com\/wordpress\/plugins\/seo\/ -->\n<title>R\u00e9publique centrafricaine : Priorit\u00e9 \u00e0 la protection des civils et \u00e0 la justice - JusticeInfo.net<\/title>\n<meta name=\"robots\" content=\"index, follow, max-snippet:-1, max-image-preview:large, max-video-preview:-1\" \/>\n<link rel=\"canonical\" href=\"https:\/\/www.justiceinfo.net\/fr\/26627-republique-centrafricaine-priorite-a-la-protection-des-civils-et-a-la-justice.html\" \/>\n<meta property=\"og:locale\" content=\"fr_FR\" \/>\n<meta property=\"og:type\" content=\"article\" \/>\n<meta property=\"og:title\" content=\"R\u00e9publique centrafricaine : Priorit\u00e9 \u00e0 la protection des civils et \u00e0 la justice\" \/>\n<meta property=\"og:description\" content=\"Le nouveau pr\u00e9sident de la R\u00e9publique centrafricaine, Faustin-Archange Touad\u00e9ra, devrait fixer la s\u00e9curit\u00e9 et la justice pour les graves atteintes aux droits humains comme priorit\u00e9s pour son gouvernement. Touad\u00e9ra, un ancien premier ministre, doit prendre ses fonctions le 30 mars 2016, apr\u00e8s avoir remport\u00e9, le 14 f\u00e9vrier, le second tour de l\u2019\u00e9lection pr\u00e9sidentielle. Sa nouvelle [&hellip;]\" \/>\n<meta property=\"og:url\" content=\"https:\/\/www.justiceinfo.net\/fr\/26627-republique-centrafricaine-priorite-a-la-protection-des-civils-et-a-la-justice.html\" \/>\n<meta property=\"og:site_name\" content=\"JusticeInfo.net\" \/>\n<meta property=\"article:publisher\" content=\"https:\/\/www.facebook.com\/JusticeInfo\/\" \/>\n<meta property=\"article:published_time\" content=\"2016-03-29T10:29:15+00:00\" \/>\n<meta property=\"og:image\" content=\"https:\/\/www.justiceinfo.net\/wp-content\/uploads\/508edbf9396be360d9a34e6ea7d7e63b.jpg\" \/>\n\t<meta property=\"og:image:width\" content=\"946\" \/>\n\t<meta property=\"og:image:height\" content=\"653\" \/>\n\t<meta property=\"og:image:type\" content=\"image\/jpeg\" \/>\n<meta name=\"author\" content=\"Human Rights Watch\" \/>\n<meta name=\"twitter:card\" content=\"summary_large_image\" \/>\n<meta name=\"twitter:creator\" content=\"@justiceinfonet\" \/>\n<meta name=\"twitter:site\" content=\"@justiceinfonet\" \/>\n<meta name=\"twitter:label1\" content=\"\u00c9crit par\" \/>\n\t<meta name=\"twitter:data1\" content=\"Human Rights Watch\" \/>\n\t<meta name=\"twitter:label2\" content=\"Dur\u00e9e de lecture estim\u00e9e\" \/>\n\t<meta name=\"twitter:data2\" content=\"5 minutes\" \/>\n<script type=\"application\/ld+json\" class=\"yoast-schema-graph\">{\"@context\":\"https:\/\/schema.org\",\"@graph\":[{\"@type\":\"NewsArticle\",\"@id\":\"https:\/\/www.justiceinfo.net\/fr\/26627-republique-centrafricaine-priorite-a-la-protection-des-civils-et-a-la-justice.html#article\",\"isPartOf\":{\"@id\":\"https:\/\/www.justiceinfo.net\/fr\/26627-republique-centrafricaine-priorite-a-la-protection-des-civils-et-a-la-justice.html\"},\"author\":{\"name\":\"solivri\",\"@id\":\"https:\/\/www.justiceinfo.net\/fr#\/schema\/person\/6e53cba1629e2e66f3fc1821d3091865\"},\"headline\":\"R\u00e9publique centrafricaine : Priorit\u00e9 \u00e0 la protection des civils et \u00e0 la justice\",\"datePublished\":\"2016-03-29T10:29:15+00:00\",\"mainEntityOfPage\":{\"@id\":\"https:\/\/www.justiceinfo.net\/fr\/26627-republique-centrafricaine-priorite-a-la-protection-des-civils-et-a-la-justice.html\"},\"wordCount\":996,\"commentCount\":0,\"publisher\":{\"@id\":\"https:\/\/www.justiceinfo.net\/fr#organization\"},\"image\":{\"@id\":\"https:\/\/www.justiceinfo.net\/fr\/26627-republique-centrafricaine-priorite-a-la-protection-des-civils-et-a-la-justice.html#primaryimage\"},\"thumbnailUrl\":\"https:\/\/www.justiceinfo.net\/wp-content\/uploads\/508edbf9396be360d9a34e6ea7d7e63b.jpg\",\"articleSection\":[\"Opinions\"],\"inLanguage\":\"fr-FR\",\"potentialAction\":[{\"@type\":\"CommentAction\",\"name\":\"Comment\",\"target\":[\"https:\/\/www.justiceinfo.net\/fr\/26627-republique-centrafricaine-priorite-a-la-protection-des-civils-et-a-la-justice.html#respond\"]}]},{\"@type\":\"WebPage\",\"@id\":\"https:\/\/www.justiceinfo.net\/fr\/26627-republique-centrafricaine-priorite-a-la-protection-des-civils-et-a-la-justice.html\",\"url\":\"https:\/\/www.justiceinfo.net\/fr\/26627-republique-centrafricaine-priorite-a-la-protection-des-civils-et-a-la-justice.html\",\"name\":\"R\u00e9publique centrafricaine : Priorit\u00e9 \u00e0 la protection des civils et \u00e0 la justice - JusticeInfo.net\",\"isPartOf\":{\"@id\":\"https:\/\/www.justiceinfo.net\/fr#website\"},\"primaryImageOfPage\":{\"@id\":\"https:\/\/www.justiceinfo.net\/fr\/26627-republique-centrafricaine-priorite-a-la-protection-des-civils-et-a-la-justice.html#primaryimage\"},\"image\":{\"@id\":\"https:\/\/www.justiceinfo.net\/fr\/26627-republique-centrafricaine-priorite-a-la-protection-des-civils-et-a-la-justice.html#primaryimage\"},\"thumbnailUrl\":\"https:\/\/www.justiceinfo.net\/wp-content\/uploads\/508edbf9396be360d9a34e6ea7d7e63b.jpg\",\"datePublished\":\"2016-03-29T10:29:15+00:00\",\"breadcrumb\":{\"@id\":\"https:\/\/www.justiceinfo.net\/fr\/26627-republique-centrafricaine-priorite-a-la-protection-des-civils-et-a-la-justice.html#breadcrumb\"},\"inLanguage\":\"fr-FR\",\"potentialAction\":[{\"@type\":\"ReadAction\",\"target\":[\"https:\/\/www.justiceinfo.net\/fr\/26627-republique-centrafricaine-priorite-a-la-protection-des-civils-et-a-la-justice.html\"]}]},{\"@type\":\"ImageObject\",\"inLanguage\":\"fr-FR\",\"@id\":\"https:\/\/www.justiceinfo.net\/fr\/26627-republique-centrafricaine-priorite-a-la-protection-des-civils-et-a-la-justice.html#primaryimage\",\"url\":\"https:\/\/www.justiceinfo.net\/wp-content\/uploads\/508edbf9396be360d9a34e6ea7d7e63b.jpg\",\"contentUrl\":\"https:\/\/www.justiceinfo.net\/wp-content\/uploads\/508edbf9396be360d9a34e6ea7d7e63b.jpg\",\"width\":946,\"height\":653},{\"@type\":\"BreadcrumbList\",\"@id\":\"https:\/\/www.justiceinfo.net\/fr\/26627-republique-centrafricaine-priorite-a-la-protection-des-civils-et-a-la-justice.html#breadcrumb\",\"itemListElement\":[{\"@type\":\"ListItem\",\"position\":1,\"name\":\"Home\",\"item\":\"https:\/\/www.justiceinfo.net\/fr\"},{\"@type\":\"ListItem\",\"position\":2,\"name\":\"R\u00e9publique centrafricaine : Priorit\u00e9 \u00e0 la protection des civils et \u00e0 la justice\"}]},{\"@type\":\"WebSite\",\"@id\":\"https:\/\/www.justiceinfo.net\/fr#website\",\"url\":\"https:\/\/www.justiceinfo.net\/fr\",\"name\":\"JusticeInfo.net\",\"description\":\"La justice doit \u00eatre vue pour \u00eatre rendue\",\"publisher\":{\"@id\":\"https:\/\/www.justiceinfo.net\/fr#organization\"},\"potentialAction\":[{\"@type\":\"SearchAction\",\"target\":{\"@type\":\"EntryPoint\",\"urlTemplate\":\"https:\/\/www.justiceinfo.net\/fr?s={search_term_string}\"},\"query-input\":{\"@type\":\"PropertyValueSpecification\",\"valueRequired\":true,\"valueName\":\"search_term_string\"}}],\"inLanguage\":\"fr-FR\"},{\"@type\":\"Organization\",\"@id\":\"https:\/\/www.justiceinfo.net\/fr#organization\",\"name\":\"Justice Info\",\"url\":\"https:\/\/www.justiceinfo.net\/fr\",\"logo\":{\"@type\":\"ImageObject\",\"inLanguage\":\"fr-FR\",\"@id\":\"https:\/\/www.justiceinfo.net\/fr#\/schema\/logo\/image\/\",\"url\":\"https:\/\/www.justiceinfo.net\/wp-content\/uploads\/justiceinfo_logo-trans_1200x1200px.png\",\"contentUrl\":\"https:\/\/www.justiceinfo.net\/wp-content\/uploads\/justiceinfo_logo-trans_1200x1200px.png\",\"width\":1199,\"height\":1200,\"caption\":\"Justice Info\"},\"image\":{\"@id\":\"https:\/\/www.justiceinfo.net\/fr#\/schema\/logo\/image\/\"},\"sameAs\":[\"https:\/\/www.facebook.com\/JusticeInfo\/\",\"https:\/\/x.com\/justiceinfonet\",\"https:\/\/www.linkedin.com\/company\/justice-info\",\"https:\/\/www.youtube.com\/channel\/UCyCEsARodyuWtkWyhn-e7pA\"]},{\"@type\":\"Person\",\"name\":\"Human Rights Watch\",\"url\":\"\/fr\/?s=Human Rights Watch\"}]}<\/script>\n<!-- \/ Yoast SEO Premium plugin. -->","yoast_head_json":{"title":"R\u00e9publique centrafricaine : Priorit\u00e9 \u00e0 la protection des civils et \u00e0 la justice - JusticeInfo.net","robots":{"index":"index","follow":"follow","max-snippet":"max-snippet:-1","max-image-preview":"max-image-preview:large","max-video-preview":"max-video-preview:-1"},"canonical":"https:\/\/www.justiceinfo.net\/fr\/26627-republique-centrafricaine-priorite-a-la-protection-des-civils-et-a-la-justice.html","og_locale":"fr_FR","og_type":"article","og_title":"R\u00e9publique centrafricaine : Priorit\u00e9 \u00e0 la protection des civils et \u00e0 la justice","og_description":"Le nouveau pr\u00e9sident de la R\u00e9publique centrafricaine, Faustin-Archange Touad\u00e9ra, devrait fixer la s\u00e9curit\u00e9 et la justice pour les graves atteintes aux droits humains comme priorit\u00e9s pour son gouvernement. Touad\u00e9ra, un ancien premier ministre, doit prendre ses fonctions le 30 mars 2016, apr\u00e8s avoir remport\u00e9, le 14 f\u00e9vrier, le second tour de l\u2019\u00e9lection pr\u00e9sidentielle. Sa nouvelle [&hellip;]","og_url":"https:\/\/www.justiceinfo.net\/fr\/26627-republique-centrafricaine-priorite-a-la-protection-des-civils-et-a-la-justice.html","og_site_name":"JusticeInfo.net","article_publisher":"https:\/\/www.facebook.com\/JusticeInfo\/","article_published_time":"2016-03-29T10:29:15+00:00","og_image":[{"width":946,"height":653,"url":"https:\/\/www.justiceinfo.net\/wp-content\/uploads\/508edbf9396be360d9a34e6ea7d7e63b.jpg","type":"image\/jpeg"}],"author":"Human Rights Watch","twitter_card":"summary_large_image","twitter_creator":"@justiceinfonet","twitter_site":"@justiceinfonet","twitter_misc":{"\u00c9crit par":"Human Rights Watch","Dur\u00e9e de lecture estim\u00e9e":"5 minutes"},"schema":{"@context":"https:\/\/schema.org","@graph":[{"@type":"NewsArticle","@id":"https:\/\/www.justiceinfo.net\/fr\/26627-republique-centrafricaine-priorite-a-la-protection-des-civils-et-a-la-justice.html#article","isPartOf":{"@id":"https:\/\/www.justiceinfo.net\/fr\/26627-republique-centrafricaine-priorite-a-la-protection-des-civils-et-a-la-justice.html"},"author":{"name":"solivri","@id":"https:\/\/www.justiceinfo.net\/fr#\/schema\/person\/6e53cba1629e2e66f3fc1821d3091865"},"headline":"R\u00e9publique centrafricaine : Priorit\u00e9 \u00e0 la protection des civils et \u00e0 la justice","datePublished":"2016-03-29T10:29:15+00:00","mainEntityOfPage":{"@id":"https:\/\/www.justiceinfo.net\/fr\/26627-republique-centrafricaine-priorite-a-la-protection-des-civils-et-a-la-justice.html"},"wordCount":996,"commentCount":0,"publisher":{"@id":"https:\/\/www.justiceinfo.net\/fr#organization"},"image":{"@id":"https:\/\/www.justiceinfo.net\/fr\/26627-republique-centrafricaine-priorite-a-la-protection-des-civils-et-a-la-justice.html#primaryimage"},"thumbnailUrl":"https:\/\/www.justiceinfo.net\/wp-content\/uploads\/508edbf9396be360d9a34e6ea7d7e63b.jpg","articleSection":["Opinions"],"inLanguage":"fr-FR","potentialAction":[{"@type":"CommentAction","name":"Comment","target":["https:\/\/www.justiceinfo.net\/fr\/26627-republique-centrafricaine-priorite-a-la-protection-des-civils-et-a-la-justice.html#respond"]}]},{"@type":"WebPage","@id":"https:\/\/www.justiceinfo.net\/fr\/26627-republique-centrafricaine-priorite-a-la-protection-des-civils-et-a-la-justice.html","url":"https:\/\/www.justiceinfo.net\/fr\/26627-republique-centrafricaine-priorite-a-la-protection-des-civils-et-a-la-justice.html","name":"R\u00e9publique centrafricaine : Priorit\u00e9 \u00e0 la protection des civils et \u00e0 la justice - JusticeInfo.net","isPartOf":{"@id":"https:\/\/www.justiceinfo.net\/fr#website"},"primaryImageOfPage":{"@id":"https:\/\/www.justiceinfo.net\/fr\/26627-republique-centrafricaine-priorite-a-la-protection-des-civils-et-a-la-justice.html#primaryimage"},"image":{"@id":"https:\/\/www.justiceinfo.net\/fr\/26627-republique-centrafricaine-priorite-a-la-protection-des-civils-et-a-la-justice.html#primaryimage"},"thumbnailUrl":"https:\/\/www.justiceinfo.net\/wp-content\/uploads\/508edbf9396be360d9a34e6ea7d7e63b.jpg","datePublished":"2016-03-29T10:29:15+00:00","breadcrumb":{"@id":"https:\/\/www.justiceinfo.net\/fr\/26627-republique-centrafricaine-priorite-a-la-protection-des-civils-et-a-la-justice.html#breadcrumb"},"inLanguage":"fr-FR","potentialAction":[{"@type":"ReadAction","target":["https:\/\/www.justiceinfo.net\/fr\/26627-republique-centrafricaine-priorite-a-la-protection-des-civils-et-a-la-justice.html"]}]},{"@type":"ImageObject","inLanguage":"fr-FR","@id":"https:\/\/www.justiceinfo.net\/fr\/26627-republique-centrafricaine-priorite-a-la-protection-des-civils-et-a-la-justice.html#primaryimage","url":"https:\/\/www.justiceinfo.net\/wp-content\/uploads\/508edbf9396be360d9a34e6ea7d7e63b.jpg","contentUrl":"https:\/\/www.justiceinfo.net\/wp-content\/uploads\/508edbf9396be360d9a34e6ea7d7e63b.jpg","width":946,"height":653},{"@type":"BreadcrumbList","@id":"https:\/\/www.justiceinfo.net\/fr\/26627-republique-centrafricaine-priorite-a-la-protection-des-civils-et-a-la-justice.html#breadcrumb","itemListElement":[{"@type":"ListItem","position":1,"name":"Home","item":"https:\/\/www.justiceinfo.net\/fr"},{"@type":"ListItem","position":2,"name":"R\u00e9publique centrafricaine : Priorit\u00e9 \u00e0 la protection des civils et \u00e0 la justice"}]},{"@type":"WebSite","@id":"https:\/\/www.justiceinfo.net\/fr#website","url":"https:\/\/www.justiceinfo.net\/fr","name":"JusticeInfo.net","description":"La justice doit \u00eatre vue pour \u00eatre rendue","publisher":{"@id":"https:\/\/www.justiceinfo.net\/fr#organization"},"potentialAction":[{"@type":"SearchAction","target":{"@type":"EntryPoint","urlTemplate":"https:\/\/www.justiceinfo.net\/fr?s={search_term_string}"},"query-input":{"@type":"PropertyValueSpecification","valueRequired":true,"valueName":"search_term_string"}}],"inLanguage":"fr-FR"},{"@type":"Organization","@id":"https:\/\/www.justiceinfo.net\/fr#organization","name":"Justice Info","url":"https:\/\/www.justiceinfo.net\/fr","logo":{"@type":"ImageObject","inLanguage":"fr-FR","@id":"https:\/\/www.justiceinfo.net\/fr#\/schema\/logo\/image\/","url":"https:\/\/www.justiceinfo.net\/wp-content\/uploads\/justiceinfo_logo-trans_1200x1200px.png","contentUrl":"https:\/\/www.justiceinfo.net\/wp-content\/uploads\/justiceinfo_logo-trans_1200x1200px.png","width":1199,"height":1200,"caption":"Justice Info"},"image":{"@id":"https:\/\/www.justiceinfo.net\/fr#\/schema\/logo\/image\/"},"sameAs":["https:\/\/www.facebook.com\/JusticeInfo\/","https:\/\/x.com\/justiceinfonet","https:\/\/www.linkedin.com\/company\/justice-info","https:\/\/www.youtube.com\/channel\/UCyCEsARodyuWtkWyhn-e7pA"]},{"@type":"Person","name":"Human Rights Watch","url":"\/fr\/?s=Human Rights Watch"}]}},"_links":{"self":[{"href":"https:\/\/www.justiceinfo.net\/fr\/wp-json\/wp\/v2\/posts\/26627","targetHints":{"allow":["GET"]}}],"collection":[{"href":"https:\/\/www.justiceinfo.net\/fr\/wp-json\/wp\/v2\/posts"}],"about":[{"href":"https:\/\/www.justiceinfo.net\/fr\/wp-json\/wp\/v2\/types\/post"}],"author":[{"embeddable":true,"href":"https:\/\/www.justiceinfo.net\/fr\/wp-json\/wp\/v2\/users\/64"}],"replies":[{"embeddable":true,"href":"https:\/\/www.justiceinfo.net\/fr\/wp-json\/wp\/v2\/comments?post=26627"}],"version-history":[{"count":0,"href":"https:\/\/www.justiceinfo.net\/fr\/wp-json\/wp\/v2\/posts\/26627\/revisions"}],"wp:featuredmedia":[{"embeddable":true,"href":"https:\/\/www.justiceinfo.net\/fr\/wp-json\/wp\/v2\/media\/68086"}],"wp:attachment":[{"href":"https:\/\/www.justiceinfo.net\/fr\/wp-json\/wp\/v2\/media?parent=26627"}],"wp:term":[{"taxonomy":"category","embeddable":true,"href":"https:\/\/www.justiceinfo.net\/fr\/wp-json\/wp\/v2\/categories?post=26627"},{"taxonomy":"post_tag","embeddable":true,"href":"https:\/\/www.justiceinfo.net\/fr\/wp-json\/wp\/v2\/tags?post=26627"},{"taxonomy":"ji_location","embeddable":true,"href":"https:\/\/www.justiceinfo.net\/fr\/wp-json\/wp\/v2\/ji_location?post=26627"}],"curies":[{"name":"wp","href":"https:\/\/api.w.org\/{rel}","templated":true}]}}