{"id":26856,"date":"2016-04-13T06:40:03","date_gmt":"2016-04-13T04:40:03","guid":{"rendered":"https:\/\/www.justiceinfo.net\/26856-en-centrafrique-la-radio-comme-arme-contre-la-lra.html"},"modified":"2016-04-13T06:40:03","modified_gmt":"2016-04-13T04:40:03","slug":"en-centrafrique-la-radio-comme-arme-contre-la-lra","status":"publish","type":"post","link":"https:\/\/www.justiceinfo.net\/fr\/26856-en-centrafrique-la-radio-comme-arme-contre-la-lra.html","title":{"rendered":"En Centrafrique, la radio comme arme contre la LRA"},"content":{"rendered":"<p>\"Charlie six, ici India one... La ronde va commencer!\" Dans la petite salle de radio, vout\u00e9 au-dessus du micro, Joanick, l'op\u00e9rateur, appelle les hameaux alentour depuis Obo, dans le sud-est de la Centrafrique.<\/p>\n<p>Le rendez-vous est quotidien: aux aurores, chacun doit signaler \u00e0 la base s'il a subi une attaque des rebelles ougandais de l'Arm\u00e9e de r\u00e9sistance du Seigneur (LRA).<\/p>\n<p>Obo, petite ville tout en tons ocre dont les routes de lat\u00e9rite sont bord\u00e9es de huttes en terre, est nich\u00e9e pr\u00e8s de la fronti\u00e8re sud-soudanaise. Elle n'a connu ni les exactions des ex-rebelles de la S\u00e9l\u00e9ka, ni celles des milices anti-balaka, qui ont ravag\u00e9 le reste du pays.<\/p>\n<p>Ici, le danger est tout autre. La LRA, r\u00e9bellion cr\u00e9\u00e9e en Ouganda \u00e0 la fin des ann\u00e9es 1980, s'est d\u00e9sormais install\u00e9e dans cette r\u00e9gion. Tapis dans la for\u00eat, ses combattants n'en sortent que pour attaquer les convois routiers, piller les villages, enlever femmes et enfants.<\/p>\n<p>Les habitants vivent en quasi-autarcie, sans contact avec la lointaine capitale, Bangui. Le nouveau pr\u00e9sident, Faustin Touad\u00e9ra, y a effectu\u00e9 une visite fin mars \u00e0 la demande des Am\u00e9ricains qui traquent depuis des ann\u00e9es le sinistre chef de la LRA, Joseph Kony. C'\u00e9tait le premier d\u00e9placement d'un pr\u00e9sident \u00e0 Obo depuis l'ind\u00e9pendance en 1960.<\/p>\n<h3>- Communiquer par tam-tam -<\/h3>\n<p>Le petit contingent des Forces arm\u00e9es centrafricaines (FACA) ne dispose que de mat\u00e9riel v\u00e9tuste et n'a pas \u00e9t\u00e9 relev\u00e9 depuis un an.<\/p>\n<p>Alors la population a pris en main sa propre s\u00e9curit\u00e9, communiquant par rythmes cod\u00e9s de tam-tam ou de sifflets. Et depuis 2010, l'organisation am\u00e9ricaine Invisible Children \u00e9quipe les chefs de village de radios haute fr\u00e9quence et de t\u00e9l\u00e9phones satellite.<\/p>\n<p>Soudain, Dembia, \u00e0 quelques kilom\u00e8tres \u00e0 l'ouest, rapporte une attaque. Un groupe d'assaillants est entr\u00e9 dans le village, d\u00e9valisant les boutiques et br\u00fblant des maisons. \"Maisons br\u00fbl\u00e9es, OK\", r\u00e9p\u00e8te Joanick. \"Kidnappings?\", interroge-t-il: \"ils ont captur\u00e9 trois \u00e9leveurs\", confirme l'op\u00e9ratrice, pr\u00e9cisant que ceux-ci ont \u00e9t\u00e9 rel\u00e2ch\u00e9s par la suite.<\/p>\n<p>Aussit\u00f4t, l'alerte est relay\u00e9e aux trois forces bas\u00e9es \u00e0 Obo pour contrer la LRA: l'arm\u00e9e ougandaise, principal contingent d'une mission r\u00e9gionale de l'Union africaine, des soldats centrafricains, et une unit\u00e9 d'\u00e9lite am\u00e9ricaine qui fournit un soutien logistique.<\/p>\n<p>\"D\u00e8s que nous sommes inform\u00e9s, les trois arm\u00e9es se r\u00e9unissent pour d\u00e9finir un plan d'action\", d\u00e9taille le capitaine centrafricain P\u00e9tro Koni Z\u00e9z\u00e9. C'est l'unit\u00e9 qui dispose d'effectifs au plus proche du point attaqu\u00e9 qui interviendra.<\/p>\n<p>La LRA op\u00e8re par petits groupes dans une immense \u00e9tendue de for\u00eat au Soudan du Sud, en Centrafrique et en R\u00e9publique d\u00e9mocratique du Congo. \"Ils sont bien arm\u00e9s et, surtout, dou\u00e9s pour se cacher dans la for\u00eat\", explique le capitaine.<\/p>\n<p>Ni les avions et h\u00e9licopt\u00e8res de combat am\u00e9ricains qui effectuent des rondes et transportent les soldats, ni les v\u00e9hicules tout terrain ne parviennent \u00e0 les neutraliser.<\/p>\n<h3>- Appels \u00e0 la d\u00e9sertion -<\/h3>\n<p>La population opte \u00e0 nouveau pour une approche diff\u00e9rente. Un r\u00e9seau de radios FM, soutenues par des organisations comme Invisible Children et Catholic Relief Services, diffuse des \u00e9missions sur la LRA, dont certaines sont destin\u00e9es \u00e0 ses combattants.<\/p>\n<p>\"En allant chercher des fagots, prenez la fuite. En allant puiser de l'eau, prenez la fuite\", mart\u00e8le un de ces messages, en ajoutant que les d\u00e9serteurs seront pris en charge.<\/p>\n<p>\"Les chefs ont tous une radio dans la brousse\", confirme Solange, 17 ans, arriv\u00e9e \u00e0 Obo apr\u00e8s cinq ans de mariage forc\u00e9 \u00e0 un chef de la LRA: \"ils nous r\u00e9unissaient autour du poste pour nous dire que ce sont des mensonges, mais personne n'\u00e9tait dupe\".<\/p>\n<p>C'est en partie gr\u00e2ce \u00e0 ces messages qu'elle a trouv\u00e9 le courage de s'enfuir.<\/p>\n<p>Depuis janvier, plus de 200 personnes ont \u00e9t\u00e9 captur\u00e9es par la LRA en Centrafrique, selon l'ONG The Resolve, le double que durant toute l'ann\u00e9e 2015.<\/p>\n<p>Dominic Ongwen, un de ses commandants les plus redout\u00e9s, a \u00e9t\u00e9 remis \u00e0 la CPI. Il doit r\u00e9pondre de 70 accusations de crimes de guerre et crimes contre l'humanit\u00e9.<\/p>\n<p>Selon l'ONU, la LRA a tu\u00e9 plus de 100.000 personnes et enlev\u00e9 plus de 60.000 enfants d'abord dans le nord de l'Ouganda, puis au gr\u00e9 de son exil dans les pays voisins.<\/p>\n","protected":false},"excerpt":{"rendered":"<p>\"Charlie six, ici India one... La ronde va commencer!\" Dans la petite salle de radio, vout\u00e9 au-dessus du micro, Joanick, l'op\u00e9rateur, appelle les hameaux alentour depuis Obo, dans le sud-est de la Centrafrique. Le rendez-vous est quotidien: aux aurores, chacun doit signaler \u00e0 la base s'il a subi une attaque des rebelles ougandais de l'Arm\u00e9e [&hellip;]<\/p>\n","protected":false},"author":60,"featured_media":0,"comment_status":"open","ping_status":"closed","sticky":false,"template":"","format":"standard","meta":{"_acf_changed":false,"footnotes":""},"categories":[556],"tags":[],"ji_location":[2164],"class_list":["post-26856","post","type-post","status-publish","format-standard","hentry","category-divers","ji_location-republique-centrafricaine"],"acf":[],"yoast_head":"<!-- This site is optimized with the Yoast SEO Premium plugin v25.3.1 (Yoast SEO v25.3.1) - https:\/\/yoast.com\/wordpress\/plugins\/seo\/ -->\n<title>En Centrafrique, la radio comme arme contre la LRA - JusticeInfo.net<\/title>\n<meta name=\"robots\" content=\"index, follow, max-snippet:-1, max-image-preview:large, max-video-preview:-1\" \/>\n<link rel=\"canonical\" href=\"https:\/\/www.justiceinfo.net\/fr\/26856-en-centrafrique-la-radio-comme-arme-contre-la-lra.html\" \/>\n<meta property=\"og:locale\" content=\"fr_FR\" \/>\n<meta property=\"og:type\" content=\"article\" \/>\n<meta property=\"og:title\" content=\"En Centrafrique, la radio comme arme contre la LRA\" \/>\n<meta property=\"og:description\" content=\"&quot;Charlie six, ici India one... La ronde va commencer!&quot; Dans la petite salle de radio, vout\u00e9 au-dessus du micro, Joanick, l&#039;op\u00e9rateur, appelle les hameaux alentour depuis Obo, dans le sud-est de la Centrafrique. Le rendez-vous est quotidien: aux aurores, chacun doit signaler \u00e0 la base s&#039;il a subi une attaque des rebelles ougandais de l&#039;Arm\u00e9e [&hellip;]\" \/>\n<meta property=\"og:url\" content=\"https:\/\/www.justiceinfo.net\/fr\/26856-en-centrafrique-la-radio-comme-arme-contre-la-lra.html\" \/>\n<meta property=\"og:site_name\" content=\"JusticeInfo.net\" \/>\n<meta property=\"article:publisher\" content=\"https:\/\/www.facebook.com\/JusticeInfo\/\" \/>\n<meta property=\"article:published_time\" content=\"2016-04-13T04:40:03+00:00\" \/>\n<meta property=\"og:image\" content=\"https:\/\/www.justiceinfo.net\/wp-content\/uploads\/JusticeInfoNet_logo_1200x630px.jpg\" \/>\n\t<meta property=\"og:image:width\" content=\"1200\" \/>\n\t<meta property=\"og:image:height\" content=\"630\" \/>\n\t<meta property=\"og:image:type\" content=\"image\/jpeg\" \/>\n<meta name=\"author\" content=\"AFP\" \/>\n<meta name=\"twitter:card\" content=\"summary_large_image\" \/>\n<meta name=\"twitter:creator\" content=\"@justiceinfonet\" \/>\n<meta name=\"twitter:site\" content=\"@justiceinfonet\" \/>\n<meta name=\"twitter:label1\" content=\"\u00c9crit par\" \/>\n\t<meta name=\"twitter:data1\" content=\"AFP\" \/>\n\t<meta name=\"twitter:label2\" content=\"Dur\u00e9e de lecture estim\u00e9e\" \/>\n\t<meta name=\"twitter:data2\" content=\"4 minutes\" \/>\n<script type=\"application\/ld+json\" class=\"yoast-schema-graph\">{\"@context\":\"https:\/\/schema.org\",\"@graph\":[{\"@type\":\"NewsArticle\",\"@id\":\"https:\/\/www.justiceinfo.net\/fr\/26856-en-centrafrique-la-radio-comme-arme-contre-la-lra.html#article\",\"isPartOf\":{\"@id\":\"https:\/\/www.justiceinfo.net\/fr\/26856-en-centrafrique-la-radio-comme-arme-contre-la-lra.html\"},\"author\":{\"name\":\"afp\",\"@id\":\"https:\/\/www.justiceinfo.net\/fr#\/schema\/person\/713d340ef5f218fc36ce9b4244364a7f\"},\"headline\":\"En Centrafrique, la radio comme arme contre la LRA\",\"datePublished\":\"2016-04-13T04:40:03+00:00\",\"mainEntityOfPage\":{\"@id\":\"https:\/\/www.justiceinfo.net\/fr\/26856-en-centrafrique-la-radio-comme-arme-contre-la-lra.html\"},\"wordCount\":781,\"commentCount\":0,\"publisher\":{\"@id\":\"https:\/\/www.justiceinfo.net\/fr#organization\"},\"articleSection\":[\"Divers\"],\"inLanguage\":\"fr-FR\",\"potentialAction\":[{\"@type\":\"CommentAction\",\"name\":\"Comment\",\"target\":[\"https:\/\/www.justiceinfo.net\/fr\/26856-en-centrafrique-la-radio-comme-arme-contre-la-lra.html#respond\"]}]},{\"@type\":\"WebPage\",\"@id\":\"https:\/\/www.justiceinfo.net\/fr\/26856-en-centrafrique-la-radio-comme-arme-contre-la-lra.html\",\"url\":\"https:\/\/www.justiceinfo.net\/fr\/26856-en-centrafrique-la-radio-comme-arme-contre-la-lra.html\",\"name\":\"En Centrafrique, la radio comme arme contre la LRA - JusticeInfo.net\",\"isPartOf\":{\"@id\":\"https:\/\/www.justiceinfo.net\/fr#website\"},\"datePublished\":\"2016-04-13T04:40:03+00:00\",\"breadcrumb\":{\"@id\":\"https:\/\/www.justiceinfo.net\/fr\/26856-en-centrafrique-la-radio-comme-arme-contre-la-lra.html#breadcrumb\"},\"inLanguage\":\"fr-FR\",\"potentialAction\":[{\"@type\":\"ReadAction\",\"target\":[\"https:\/\/www.justiceinfo.net\/fr\/26856-en-centrafrique-la-radio-comme-arme-contre-la-lra.html\"]}]},{\"@type\":\"BreadcrumbList\",\"@id\":\"https:\/\/www.justiceinfo.net\/fr\/26856-en-centrafrique-la-radio-comme-arme-contre-la-lra.html#breadcrumb\",\"itemListElement\":[{\"@type\":\"ListItem\",\"position\":1,\"name\":\"Home\",\"item\":\"https:\/\/www.justiceinfo.net\/fr\"},{\"@type\":\"ListItem\",\"position\":2,\"name\":\"En Centrafrique, la radio comme arme contre la LRA\"}]},{\"@type\":\"WebSite\",\"@id\":\"https:\/\/www.justiceinfo.net\/fr#website\",\"url\":\"https:\/\/www.justiceinfo.net\/fr\",\"name\":\"JusticeInfo.net\",\"description\":\"La justice doit \u00eatre vue pour \u00eatre rendue\",\"publisher\":{\"@id\":\"https:\/\/www.justiceinfo.net\/fr#organization\"},\"potentialAction\":[{\"@type\":\"SearchAction\",\"target\":{\"@type\":\"EntryPoint\",\"urlTemplate\":\"https:\/\/www.justiceinfo.net\/fr?s={search_term_string}\"},\"query-input\":{\"@type\":\"PropertyValueSpecification\",\"valueRequired\":true,\"valueName\":\"search_term_string\"}}],\"inLanguage\":\"fr-FR\"},{\"@type\":\"Organization\",\"@id\":\"https:\/\/www.justiceinfo.net\/fr#organization\",\"name\":\"Justice Info\",\"url\":\"https:\/\/www.justiceinfo.net\/fr\",\"logo\":{\"@type\":\"ImageObject\",\"inLanguage\":\"fr-FR\",\"@id\":\"https:\/\/www.justiceinfo.net\/fr#\/schema\/logo\/image\/\",\"url\":\"https:\/\/www.justiceinfo.net\/wp-content\/uploads\/justiceinfo_logo-trans_1200x1200px.png\",\"contentUrl\":\"https:\/\/www.justiceinfo.net\/wp-content\/uploads\/justiceinfo_logo-trans_1200x1200px.png\",\"width\":1199,\"height\":1200,\"caption\":\"Justice Info\"},\"image\":{\"@id\":\"https:\/\/www.justiceinfo.net\/fr#\/schema\/logo\/image\/\"},\"sameAs\":[\"https:\/\/www.facebook.com\/JusticeInfo\/\",\"https:\/\/x.com\/justiceinfonet\",\"https:\/\/www.linkedin.com\/company\/justice-info\",\"https:\/\/www.youtube.com\/channel\/UCyCEsARodyuWtkWyhn-e7pA\"]},{\"@type\":\"Person\",\"name\":\"AFP\",\"url\":\"\/fr\/?s=AFP\"}]}<\/script>\n<!-- \/ Yoast SEO Premium plugin. -->","yoast_head_json":{"title":"En Centrafrique, la radio comme arme contre la LRA - JusticeInfo.net","robots":{"index":"index","follow":"follow","max-snippet":"max-snippet:-1","max-image-preview":"max-image-preview:large","max-video-preview":"max-video-preview:-1"},"canonical":"https:\/\/www.justiceinfo.net\/fr\/26856-en-centrafrique-la-radio-comme-arme-contre-la-lra.html","og_locale":"fr_FR","og_type":"article","og_title":"En Centrafrique, la radio comme arme contre la LRA","og_description":"\"Charlie six, ici India one... La ronde va commencer!\" Dans la petite salle de radio, vout\u00e9 au-dessus du micro, Joanick, l'op\u00e9rateur, appelle les hameaux alentour depuis Obo, dans le sud-est de la Centrafrique. Le rendez-vous est quotidien: aux aurores, chacun doit signaler \u00e0 la base s'il a subi une attaque des rebelles ougandais de l'Arm\u00e9e [&hellip;]","og_url":"https:\/\/www.justiceinfo.net\/fr\/26856-en-centrafrique-la-radio-comme-arme-contre-la-lra.html","og_site_name":"JusticeInfo.net","article_publisher":"https:\/\/www.facebook.com\/JusticeInfo\/","article_published_time":"2016-04-13T04:40:03+00:00","og_image":[{"width":1200,"height":630,"url":"https:\/\/www.justiceinfo.net\/wp-content\/uploads\/JusticeInfoNet_logo_1200x630px.jpg","type":"image\/jpeg"}],"author":"AFP","twitter_card":"summary_large_image","twitter_creator":"@justiceinfonet","twitter_site":"@justiceinfonet","twitter_misc":{"\u00c9crit par":"AFP","Dur\u00e9e de lecture estim\u00e9e":"4 minutes"},"schema":{"@context":"https:\/\/schema.org","@graph":[{"@type":"NewsArticle","@id":"https:\/\/www.justiceinfo.net\/fr\/26856-en-centrafrique-la-radio-comme-arme-contre-la-lra.html#article","isPartOf":{"@id":"https:\/\/www.justiceinfo.net\/fr\/26856-en-centrafrique-la-radio-comme-arme-contre-la-lra.html"},"author":{"name":"afp","@id":"https:\/\/www.justiceinfo.net\/fr#\/schema\/person\/713d340ef5f218fc36ce9b4244364a7f"},"headline":"En Centrafrique, la radio comme arme contre la LRA","datePublished":"2016-04-13T04:40:03+00:00","mainEntityOfPage":{"@id":"https:\/\/www.justiceinfo.net\/fr\/26856-en-centrafrique-la-radio-comme-arme-contre-la-lra.html"},"wordCount":781,"commentCount":0,"publisher":{"@id":"https:\/\/www.justiceinfo.net\/fr#organization"},"articleSection":["Divers"],"inLanguage":"fr-FR","potentialAction":[{"@type":"CommentAction","name":"Comment","target":["https:\/\/www.justiceinfo.net\/fr\/26856-en-centrafrique-la-radio-comme-arme-contre-la-lra.html#respond"]}]},{"@type":"WebPage","@id":"https:\/\/www.justiceinfo.net\/fr\/26856-en-centrafrique-la-radio-comme-arme-contre-la-lra.html","url":"https:\/\/www.justiceinfo.net\/fr\/26856-en-centrafrique-la-radio-comme-arme-contre-la-lra.html","name":"En Centrafrique, la radio comme arme contre la LRA - JusticeInfo.net","isPartOf":{"@id":"https:\/\/www.justiceinfo.net\/fr#website"},"datePublished":"2016-04-13T04:40:03+00:00","breadcrumb":{"@id":"https:\/\/www.justiceinfo.net\/fr\/26856-en-centrafrique-la-radio-comme-arme-contre-la-lra.html#breadcrumb"},"inLanguage":"fr-FR","potentialAction":[{"@type":"ReadAction","target":["https:\/\/www.justiceinfo.net\/fr\/26856-en-centrafrique-la-radio-comme-arme-contre-la-lra.html"]}]},{"@type":"BreadcrumbList","@id":"https:\/\/www.justiceinfo.net\/fr\/26856-en-centrafrique-la-radio-comme-arme-contre-la-lra.html#breadcrumb","itemListElement":[{"@type":"ListItem","position":1,"name":"Home","item":"https:\/\/www.justiceinfo.net\/fr"},{"@type":"ListItem","position":2,"name":"En Centrafrique, la radio comme arme contre la LRA"}]},{"@type":"WebSite","@id":"https:\/\/www.justiceinfo.net\/fr#website","url":"https:\/\/www.justiceinfo.net\/fr","name":"JusticeInfo.net","description":"La justice doit \u00eatre vue pour \u00eatre rendue","publisher":{"@id":"https:\/\/www.justiceinfo.net\/fr#organization"},"potentialAction":[{"@type":"SearchAction","target":{"@type":"EntryPoint","urlTemplate":"https:\/\/www.justiceinfo.net\/fr?s={search_term_string}"},"query-input":{"@type":"PropertyValueSpecification","valueRequired":true,"valueName":"search_term_string"}}],"inLanguage":"fr-FR"},{"@type":"Organization","@id":"https:\/\/www.justiceinfo.net\/fr#organization","name":"Justice Info","url":"https:\/\/www.justiceinfo.net\/fr","logo":{"@type":"ImageObject","inLanguage":"fr-FR","@id":"https:\/\/www.justiceinfo.net\/fr#\/schema\/logo\/image\/","url":"https:\/\/www.justiceinfo.net\/wp-content\/uploads\/justiceinfo_logo-trans_1200x1200px.png","contentUrl":"https:\/\/www.justiceinfo.net\/wp-content\/uploads\/justiceinfo_logo-trans_1200x1200px.png","width":1199,"height":1200,"caption":"Justice Info"},"image":{"@id":"https:\/\/www.justiceinfo.net\/fr#\/schema\/logo\/image\/"},"sameAs":["https:\/\/www.facebook.com\/JusticeInfo\/","https:\/\/x.com\/justiceinfonet","https:\/\/www.linkedin.com\/company\/justice-info","https:\/\/www.youtube.com\/channel\/UCyCEsARodyuWtkWyhn-e7pA"]},{"@type":"Person","name":"AFP","url":"\/fr\/?s=AFP"}]}},"_links":{"self":[{"href":"https:\/\/www.justiceinfo.net\/fr\/wp-json\/wp\/v2\/posts\/26856","targetHints":{"allow":["GET"]}}],"collection":[{"href":"https:\/\/www.justiceinfo.net\/fr\/wp-json\/wp\/v2\/posts"}],"about":[{"href":"https:\/\/www.justiceinfo.net\/fr\/wp-json\/wp\/v2\/types\/post"}],"author":[{"embeddable":true,"href":"https:\/\/www.justiceinfo.net\/fr\/wp-json\/wp\/v2\/users\/60"}],"replies":[{"embeddable":true,"href":"https:\/\/www.justiceinfo.net\/fr\/wp-json\/wp\/v2\/comments?post=26856"}],"version-history":[{"count":0,"href":"https:\/\/www.justiceinfo.net\/fr\/wp-json\/wp\/v2\/posts\/26856\/revisions"}],"wp:attachment":[{"href":"https:\/\/www.justiceinfo.net\/fr\/wp-json\/wp\/v2\/media?parent=26856"}],"wp:term":[{"taxonomy":"category","embeddable":true,"href":"https:\/\/www.justiceinfo.net\/fr\/wp-json\/wp\/v2\/categories?post=26856"},{"taxonomy":"post_tag","embeddable":true,"href":"https:\/\/www.justiceinfo.net\/fr\/wp-json\/wp\/v2\/tags?post=26856"},{"taxonomy":"ji_location","embeddable":true,"href":"https:\/\/www.justiceinfo.net\/fr\/wp-json\/wp\/v2\/ji_location?post=26856"}],"curies":[{"name":"wp","href":"https:\/\/api.w.org\/{rel}","templated":true}]}}