{"id":26922,"date":"2016-04-19T14:59:27","date_gmt":"2016-04-19T12:59:27","guid":{"rendered":"https:\/\/www.justiceinfo.net\/26922-congo-brazzaville-un-collectif-appelle-au-dialogue-sous-mediation-internationale.html"},"modified":"2016-04-19T14:59:27","modified_gmt":"2016-04-19T12:59:27","slug":"congo-brazzaville-un-collectif-appelle-au-dialogue-sous-mediation-internationale","status":"publish","type":"post","link":"https:\/\/www.justiceinfo.net\/fr\/26922-congo-brazzaville-un-collectif-appelle-au-dialogue-sous-mediation-internationale.html","title":{"rendered":"Congo-Brazzaville : un collectif appelle au dialogue sous m\u00e9diation internationale"},"content":{"rendered":"<p><em><strong>Alors que la France a demand\u00e9 mardi que \u00ab\u00a0la lumi\u00e8re\u00a0\u00bb soit faite sur la situation au Congo-Brazzaville, la branche congolaise du <a href=\"http:\/\/www.rpdh-cg.org\/\" rel=\"alternate\">collectif Tournons la page<\/a>, qui milite depuis 2014 pour l'alternance d\u00e9mocratique en Afrique, appelle \u00e0 un dialogue sous m\u00e9diation internationale pour r\u00e9soudre la crise issue de la pr\u00e9sidentielle du 20 mars 2016, remport\u00e9e par le sortant Denis Sassou Nguesso. Ce dernier a dirig\u00e9 le pays de 1979 \u00e0 1992, \u00e9tait revenu au pouvoir en 1997 apr\u00e8s une guerre civile et a \u00e9t\u00e9 \u00e9lu en 2002 et 2009. La Constitution l'emp\u00eachait de se repr\u00e9senter \u00e0 cause de la limitation des mandats et de son \u00e2ge, 72 ans, mais la donne a chang\u00e9 apr\u00e8s un referendum contest\u00e9. Le 18 avril, Amnesty International a d\u00e9nonc\u00e9 les violences post-\u00e9lectorales, dont des frappes a\u00e9riennes mortelles dans la r\u00e9gion du Pool (sud-est). Entretien avec Christian Mounzeo, pr\u00e9sident de la Rencontre pour la paix et les droits de l'homme, membre de Tournons la Page.<\/strong><\/em>\u00a0<\/p>\n<p><strong>JusticeInfo : Vous lancez un appel \u00e0 un \u00ab\u00a0dialogue franc et sinc\u00e8re\u00a0\u00bb pour \u00ab\u00a0solder le contentieux hors du diktat des armes\u00a0\u00bb\u2026<\/strong><\/p>\n<p>Aujourd'hui, on pr\u00e9texte une r\u00e9bellion pour justifier la r\u00e9pression contre un peuple qui ne demande rien d'autre que le respect de son vote, sa s\u00e9curit\u00e9 et la paix. Il est \u00e9vident que l'usage des armes est une grosse diversion pour justifier et imposer une situation militaire, alors qu'au fond, il y a des questions qui doivent absolument trouver des r\u00e9ponses s'agissant de la transparence du processus \u00e9lectoral, des op\u00e9rations de vote, la v\u00e9rit\u00e9 issue des urnes, l'ind\u00e9pendance des institutions judiciaires \u2013 autant de sujets pour lesquels les r\u00e9ponses ne sont nullement militaires mais politiques. Il est donc urgent que les politiques se parlent.\u00a0<\/p>\n<p><strong>JusticeInfo\u00a0: Ce dialogue vous semble-t-il possible alors que l'opposition d\u00e9nonce une \u00e9lection irr\u00e9guli\u00e8re ?<\/strong><\/p>\n<p>Les opposants sont l'objet de vexations, humiliations, assignations \u00e0 r\u00e9sidence, interdiction de voyager, interdiction de se r\u00e9unir, d'autres sont arr\u00eat\u00e9s, d\u00e9tenus arbitrairement et ill\u00e9galement. Dans des conditions o\u00f9 leurs libert\u00e9s sont confisqu\u00e9es, le dialogue demeure le seul moyen pour d\u00e9crisper la situation.<\/p>\n<p>\u00a0J<strong>usticeInfo\u00a0: Des opposants sont-ils pr\u00eats \u00e0 un tel dialogue\u00a0?<\/strong><\/p>\n<p>\u00a0Nous ne voyons pas pourquoi ces opposants ne s'engageraient pas \u00e0 dialoguer.<\/p>\n<p>J<strong>usticeInfo\u00a0: Sugg\u00e9rez-vous un dialogue inter-congolais ou sous m\u00e9diation internationale\u00a0?<\/strong><\/p>\n<p>Le Congo est coutumier des dialogues depuis le d\u00e9clenchement des conflits arm\u00e9s de la d\u00e9cennie 1993-2003. Cependant, les r\u00e9formes fondamentales attendues n'ont pas \u00e9t\u00e9 mises en route. Compte tenu du fait que les crises politiques fragilisent toujours la paix, la s\u00e9curit\u00e9 et hypoth\u00e8quent les droits des populations civiles, il devient imp\u00e9rieux que ce dialogue se tienne sous l'\u00e9gide d'une m\u00e9diation internationale, dans le cadre des Nations unies, avec un concours de l'Union europ\u00e9enne et pourquoi pas des institutions r\u00e9gionales comme le Conseil de paix et s\u00e9curit\u00e9 de l'Union africaine.<\/p>\n<p><strong>JusticeInfo\u00a0: L'Eglise catholique fait partie de la branche congolaise de Tournons la page. Quelle est son influence aujourd\u2019hui ?<\/strong><\/p>\n<p>Sans doute, l'Eglise catholique a un poids au regard de l'importance du nombre de ses fid\u00e8les au Congo. C'est l'institution religieuse la plus importante. Par le pass\u00e9, elle a offert ses bons offices pour g\u00e9rer des situations de conflits dans le pays, son autorit\u00e9 ne fait pas d\u00e9bat.<\/p>\n<p><strong>JusticeInfo\u00a0: Le pr\u00e9sident Sassou Nguesso a \u00e9t\u00e9 m\u00e9diateur dans plusieurs crises r\u00e9gionales. Pensez-vous que cela soit un atout\u00a0?<\/strong><\/p>\n<p>Nous aurions pu anticiper et pr\u00e9venir la pr\u00e9sente crise, car nous l'avions senti et vu venir. Pourtant, rien n'a \u00e9t\u00e9 fait pour la pr\u00e9venir. Aujourd'hui, le pr\u00e9sident actuel fait partie de la crise, il est une partie prenante au conflit. Nous ne pensons donc pas que son exp\u00e9rience ait servi \u00e0 son pays.<\/p>\n<p>J<strong>usticeInfo\u00a0: <a href=\"http:\/\/www.ohchr.org\/fr\/NewsEvents\/Pages\/DisplayNews.aspx?NewsID=19812&amp;LangID=F\" rel=\"alternate\">Le Haut-Commissaire des Nations unies aux droits de l'homme<\/a>\u00a0a \u00e9voqu\u00e9 des arrestations massives, des cas de torture et des meurtres dans la r\u00e9gion du Pool. Les confirmez-vous\u00a0?<\/strong><\/p>\n<p>Les arrestations et d\u00e9tentions se font aussi bien de jour que nuit, des domiciles priv\u00e9s sont viol\u00e9s. Si l\u2019on souhaitait instaurer un \u00e9tat de terreur, on ne s'y prendrait pas autrement. Par ailleurs, les autorit\u00e9s ont formellement reconnu et admis des \u00ab\u00a0bombardements cibl\u00e9s\u00a0\u00bb dans le cadre d'une \u00ab\u00a0op\u00e9ration de police\u00a0\u00bb. Les zones dont il s'agit sont sous le contr\u00f4le de l'arm\u00e9e depuis de nombreuses ann\u00e9es, les miliciens ayant \u00e9t\u00e9 d\u00e9sarm\u00e9s et r\u00e9int\u00e9gr\u00e9s. A ce jour, l'arm\u00e9e n'a pas montr\u00e9 de preuves de destruction d'un quelconque arsenal militaire. Ces bombardements d\u00e9bouchent forc\u00e9ment sur des d\u00e9g\u00e2ts mat\u00e9riels et humains. Des populations se sont massivement d\u00e9plac\u00e9es dans les for\u00eats et \u00e0 Brazzaville. Une crise humanitaire est pr\u00e9visible.\u00a0<\/p>\n<p><strong>JusticeInfo\u00a0: Vous demandez l'ouverture d'une enqu\u00eate \u00ab\u00a0internationale \u00bb sur les violences survenues \u00e0 Brazzaville et dans le Pool. Pourquoi pas une enqu\u00eate congolaise\u00a0?<\/strong><\/p>\n<p>Il n'y a plus aucune confiance en la neutralit\u00e9 et l'ind\u00e9pendance de l'administration publique car aujourd'hui l'administration est mise \u00e0 contribution pour garantir les int\u00e9r\u00eats d'une des parties au conflit. Et l'exp\u00e9rience a d\u00e9montr\u00e9 qu'aucune des enqu\u00eates internes annonc\u00e9es n'a abouti. Les citoyens attendent une enqu\u00eate internationale, ind\u00e9pendante et\u00a0impartiale.<\/p>\n<p><strong>JusticeInfo\u00a0: Une p\u00e9tition a \u00e9t\u00e9 lanc\u00e9e sur <a href=\"https:\/\/www.change.org\/\" rel=\"alternate\">change.org<\/a>\u00a0pour demander \u00e0 la France, ex-puissance coloniale et premier partenaire \u00e9conomique du Congo, de faire cesser les violences\u2026<\/strong><\/p>\n<p>Absolument, nous apprenons des autorit\u00e9s en France qu'elles jouent au Congo la carte de la discr\u00e9tion, de la diplomatie. Combien faudra-t-il encore d'\u00e9lections d\u00e9bouchant sur des violences, combien faudra-t-il encore de destructions mat\u00e9rielles, combien de pertes de vies humaines, pour qu'enfin la France des droits de l'homme sorte r\u00e9ellement du bois ? Nous savons que la voix de la France compte \u00e9norm\u00e9ment au sein de l'Union europ\u00e9enne, nous savons aussi que nos autorit\u00e9s sont sensibles au regard \u00e9tranger et en particulier du partenaire privil\u00e9gi\u00e9 qu'est la France. Nous sommes persuad\u00e9s qu'une implication plus ouverte, plus directe de la France permettra d'asseoir des solutions durables au contexte congolais.<\/p>\n","protected":false},"excerpt":{"rendered":"<p>Alors que la France a demand\u00e9 mardi que \u00ab\u00a0la lumi\u00e8re\u00a0\u00bb soit faite sur la situation au Congo-Brazzaville, la branche congolaise du collectif Tournons la page, qui milite depuis 2014 pour l'alternance d\u00e9mocratique en Afrique, appelle \u00e0 un dialogue sous m\u00e9diation internationale pour r\u00e9soudre la crise issue de la pr\u00e9sidentielle du 20 mars 2016, remport\u00e9e par [&hellip;]<\/p>\n","protected":false},"author":64,"featured_media":63176,"comment_status":"open","ping_status":"closed","sticky":false,"template":"","format":"standard","meta":{"_acf_changed":false,"footnotes":""},"categories":[549],"tags":[],"ji_location":[2424],"class_list":["post-26922","post","type-post","status-publish","format-standard","has-post-thumbnail","hentry","category-reconciliation","ji_location-republique-du-congo"],"acf":[],"yoast_head":"<!-- This site is optimized with the Yoast SEO Premium plugin v25.3.1 (Yoast SEO v25.3.1) - https:\/\/yoast.com\/wordpress\/plugins\/seo\/ -->\n<title>Congo-Brazzaville : un collectif appelle au dialogue sous m\u00e9diation internationale - JusticeInfo.net<\/title>\n<meta name=\"robots\" content=\"index, follow, max-snippet:-1, max-image-preview:large, max-video-preview:-1\" \/>\n<link rel=\"canonical\" href=\"https:\/\/www.justiceinfo.net\/fr\/26922-congo-brazzaville-un-collectif-appelle-au-dialogue-sous-mediation-internationale.html\" \/>\n<meta property=\"og:locale\" content=\"fr_FR\" \/>\n<meta property=\"og:type\" content=\"article\" \/>\n<meta property=\"og:title\" content=\"Congo-Brazzaville : un collectif appelle au dialogue sous m\u00e9diation internationale\" \/>\n<meta property=\"og:description\" content=\"Alors que la France a demand\u00e9 mardi que \u00ab\u00a0la lumi\u00e8re\u00a0\u00bb soit faite sur la situation au Congo-Brazzaville, la branche congolaise du collectif Tournons la page, qui milite depuis 2014 pour l&#039;alternance d\u00e9mocratique en Afrique, appelle \u00e0 un dialogue sous m\u00e9diation internationale pour r\u00e9soudre la crise issue de la pr\u00e9sidentielle du 20 mars 2016, remport\u00e9e par [&hellip;]\" \/>\n<meta property=\"og:url\" content=\"https:\/\/www.justiceinfo.net\/fr\/26922-congo-brazzaville-un-collectif-appelle-au-dialogue-sous-mediation-internationale.html\" \/>\n<meta property=\"og:site_name\" content=\"JusticeInfo.net\" \/>\n<meta property=\"article:publisher\" content=\"https:\/\/www.facebook.com\/JusticeInfo\/\" \/>\n<meta property=\"article:published_time\" content=\"2016-04-19T12:59:27+00:00\" \/>\n<meta property=\"og:image\" content=\"https:\/\/www.justiceinfo.net\/wp-content\/uploads\/00ed3b95847d7e006c93f1c1ed7e51f7.jpg\" \/>\n\t<meta property=\"og:image:width\" content=\"640\" \/>\n\t<meta property=\"og:image:height\" content=\"361\" \/>\n\t<meta property=\"og:image:type\" content=\"image\/jpeg\" \/>\n<meta name=\"author\" content=\"Habibou Bangr\u00e9, Kinshasa, Correspondance\" \/>\n<meta name=\"twitter:card\" content=\"summary_large_image\" \/>\n<meta name=\"twitter:creator\" content=\"@justiceinfonet\" \/>\n<meta name=\"twitter:site\" content=\"@justiceinfonet\" \/>\n<meta name=\"twitter:label1\" content=\"\u00c9crit par\" \/>\n\t<meta name=\"twitter:data1\" content=\"Habibou Bangr\u00e9, Kinshasa, Correspondance\" \/>\n\t<meta name=\"twitter:label2\" content=\"Dur\u00e9e de lecture estim\u00e9e\" \/>\n\t<meta name=\"twitter:data2\" content=\"5 minutes\" \/>\n<script type=\"application\/ld+json\" class=\"yoast-schema-graph\">{\"@context\":\"https:\/\/schema.org\",\"@graph\":[{\"@type\":\"NewsArticle\",\"@id\":\"https:\/\/www.justiceinfo.net\/fr\/26922-congo-brazzaville-un-collectif-appelle-au-dialogue-sous-mediation-internationale.html#article\",\"isPartOf\":{\"@id\":\"https:\/\/www.justiceinfo.net\/fr\/26922-congo-brazzaville-un-collectif-appelle-au-dialogue-sous-mediation-internationale.html\"},\"author\":{\"name\":\"solivri\",\"@id\":\"https:\/\/www.justiceinfo.net\/fr#\/schema\/person\/6e53cba1629e2e66f3fc1821d3091865\"},\"headline\":\"Congo-Brazzaville : un collectif appelle au dialogue sous m\u00e9diation internationale\",\"datePublished\":\"2016-04-19T12:59:27+00:00\",\"mainEntityOfPage\":{\"@id\":\"https:\/\/www.justiceinfo.net\/fr\/26922-congo-brazzaville-un-collectif-appelle-au-dialogue-sous-mediation-internationale.html\"},\"wordCount\":1092,\"commentCount\":0,\"publisher\":{\"@id\":\"https:\/\/www.justiceinfo.net\/fr#organization\"},\"image\":{\"@id\":\"https:\/\/www.justiceinfo.net\/fr\/26922-congo-brazzaville-un-collectif-appelle-au-dialogue-sous-mediation-internationale.html#primaryimage\"},\"thumbnailUrl\":\"https:\/\/www.justiceinfo.net\/wp-content\/uploads\/00ed3b95847d7e006c93f1c1ed7e51f7.jpg\",\"articleSection\":[\"R\u00e9conciliation\"],\"inLanguage\":\"fr-FR\",\"potentialAction\":[{\"@type\":\"CommentAction\",\"name\":\"Comment\",\"target\":[\"https:\/\/www.justiceinfo.net\/fr\/26922-congo-brazzaville-un-collectif-appelle-au-dialogue-sous-mediation-internationale.html#respond\"]}]},{\"@type\":\"WebPage\",\"@id\":\"https:\/\/www.justiceinfo.net\/fr\/26922-congo-brazzaville-un-collectif-appelle-au-dialogue-sous-mediation-internationale.html\",\"url\":\"https:\/\/www.justiceinfo.net\/fr\/26922-congo-brazzaville-un-collectif-appelle-au-dialogue-sous-mediation-internationale.html\",\"name\":\"Congo-Brazzaville : un collectif appelle au dialogue sous m\u00e9diation internationale - JusticeInfo.net\",\"isPartOf\":{\"@id\":\"https:\/\/www.justiceinfo.net\/fr#website\"},\"primaryImageOfPage\":{\"@id\":\"https:\/\/www.justiceinfo.net\/fr\/26922-congo-brazzaville-un-collectif-appelle-au-dialogue-sous-mediation-internationale.html#primaryimage\"},\"image\":{\"@id\":\"https:\/\/www.justiceinfo.net\/fr\/26922-congo-brazzaville-un-collectif-appelle-au-dialogue-sous-mediation-internationale.html#primaryimage\"},\"thumbnailUrl\":\"https:\/\/www.justiceinfo.net\/wp-content\/uploads\/00ed3b95847d7e006c93f1c1ed7e51f7.jpg\",\"datePublished\":\"2016-04-19T12:59:27+00:00\",\"breadcrumb\":{\"@id\":\"https:\/\/www.justiceinfo.net\/fr\/26922-congo-brazzaville-un-collectif-appelle-au-dialogue-sous-mediation-internationale.html#breadcrumb\"},\"inLanguage\":\"fr-FR\",\"potentialAction\":[{\"@type\":\"ReadAction\",\"target\":[\"https:\/\/www.justiceinfo.net\/fr\/26922-congo-brazzaville-un-collectif-appelle-au-dialogue-sous-mediation-internationale.html\"]}]},{\"@type\":\"ImageObject\",\"inLanguage\":\"fr-FR\",\"@id\":\"https:\/\/www.justiceinfo.net\/fr\/26922-congo-brazzaville-un-collectif-appelle-au-dialogue-sous-mediation-internationale.html#primaryimage\",\"url\":\"https:\/\/www.justiceinfo.net\/wp-content\/uploads\/00ed3b95847d7e006c93f1c1ed7e51f7.jpg\",\"contentUrl\":\"https:\/\/www.justiceinfo.net\/wp-content\/uploads\/00ed3b95847d7e006c93f1c1ed7e51f7.jpg\",\"width\":640,\"height\":361},{\"@type\":\"BreadcrumbList\",\"@id\":\"https:\/\/www.justiceinfo.net\/fr\/26922-congo-brazzaville-un-collectif-appelle-au-dialogue-sous-mediation-internationale.html#breadcrumb\",\"itemListElement\":[{\"@type\":\"ListItem\",\"position\":1,\"name\":\"Home\",\"item\":\"https:\/\/www.justiceinfo.net\/fr\"},{\"@type\":\"ListItem\",\"position\":2,\"name\":\"Congo-Brazzaville : un collectif appelle au dialogue sous m\u00e9diation internationale\"}]},{\"@type\":\"WebSite\",\"@id\":\"https:\/\/www.justiceinfo.net\/fr#website\",\"url\":\"https:\/\/www.justiceinfo.net\/fr\",\"name\":\"JusticeInfo.net\",\"description\":\"La justice doit \u00eatre vue pour \u00eatre rendue\",\"publisher\":{\"@id\":\"https:\/\/www.justiceinfo.net\/fr#organization\"},\"potentialAction\":[{\"@type\":\"SearchAction\",\"target\":{\"@type\":\"EntryPoint\",\"urlTemplate\":\"https:\/\/www.justiceinfo.net\/fr?s={search_term_string}\"},\"query-input\":{\"@type\":\"PropertyValueSpecification\",\"valueRequired\":true,\"valueName\":\"search_term_string\"}}],\"inLanguage\":\"fr-FR\"},{\"@type\":\"Organization\",\"@id\":\"https:\/\/www.justiceinfo.net\/fr#organization\",\"name\":\"Justice Info\",\"url\":\"https:\/\/www.justiceinfo.net\/fr\",\"logo\":{\"@type\":\"ImageObject\",\"inLanguage\":\"fr-FR\",\"@id\":\"https:\/\/www.justiceinfo.net\/fr#\/schema\/logo\/image\/\",\"url\":\"https:\/\/www.justiceinfo.net\/wp-content\/uploads\/justiceinfo_logo-trans_1200x1200px.png\",\"contentUrl\":\"https:\/\/www.justiceinfo.net\/wp-content\/uploads\/justiceinfo_logo-trans_1200x1200px.png\",\"width\":1199,\"height\":1200,\"caption\":\"Justice Info\"},\"image\":{\"@id\":\"https:\/\/www.justiceinfo.net\/fr#\/schema\/logo\/image\/\"},\"sameAs\":[\"https:\/\/www.facebook.com\/JusticeInfo\/\",\"https:\/\/x.com\/justiceinfonet\",\"https:\/\/www.linkedin.com\/company\/justice-info\",\"https:\/\/www.youtube.com\/channel\/UCyCEsARodyuWtkWyhn-e7pA\"]},{\"@type\":\"Person\",\"name\":\"Habibou Bangr\u00e9, Kinshasa, Correspondance\",\"url\":\"\/fr\/?s=Habibou Bangr\u00e9, Kinshasa, Correspondance\"}]}<\/script>\n<!-- \/ Yoast SEO Premium plugin. -->","yoast_head_json":{"title":"Congo-Brazzaville : un collectif appelle au dialogue sous m\u00e9diation internationale - JusticeInfo.net","robots":{"index":"index","follow":"follow","max-snippet":"max-snippet:-1","max-image-preview":"max-image-preview:large","max-video-preview":"max-video-preview:-1"},"canonical":"https:\/\/www.justiceinfo.net\/fr\/26922-congo-brazzaville-un-collectif-appelle-au-dialogue-sous-mediation-internationale.html","og_locale":"fr_FR","og_type":"article","og_title":"Congo-Brazzaville : un collectif appelle au dialogue sous m\u00e9diation internationale","og_description":"Alors que la France a demand\u00e9 mardi que \u00ab\u00a0la lumi\u00e8re\u00a0\u00bb soit faite sur la situation au Congo-Brazzaville, la branche congolaise du collectif Tournons la page, qui milite depuis 2014 pour l'alternance d\u00e9mocratique en Afrique, appelle \u00e0 un dialogue sous m\u00e9diation internationale pour r\u00e9soudre la crise issue de la pr\u00e9sidentielle du 20 mars 2016, remport\u00e9e par [&hellip;]","og_url":"https:\/\/www.justiceinfo.net\/fr\/26922-congo-brazzaville-un-collectif-appelle-au-dialogue-sous-mediation-internationale.html","og_site_name":"JusticeInfo.net","article_publisher":"https:\/\/www.facebook.com\/JusticeInfo\/","article_published_time":"2016-04-19T12:59:27+00:00","og_image":[{"width":640,"height":361,"url":"https:\/\/www.justiceinfo.net\/wp-content\/uploads\/00ed3b95847d7e006c93f1c1ed7e51f7.jpg","type":"image\/jpeg"}],"author":"Habibou Bangr\u00e9, Kinshasa, Correspondance","twitter_card":"summary_large_image","twitter_creator":"@justiceinfonet","twitter_site":"@justiceinfonet","twitter_misc":{"\u00c9crit par":"Habibou Bangr\u00e9, Kinshasa, Correspondance","Dur\u00e9e de lecture estim\u00e9e":"5 minutes"},"schema":{"@context":"https:\/\/schema.org","@graph":[{"@type":"NewsArticle","@id":"https:\/\/www.justiceinfo.net\/fr\/26922-congo-brazzaville-un-collectif-appelle-au-dialogue-sous-mediation-internationale.html#article","isPartOf":{"@id":"https:\/\/www.justiceinfo.net\/fr\/26922-congo-brazzaville-un-collectif-appelle-au-dialogue-sous-mediation-internationale.html"},"author":{"name":"solivri","@id":"https:\/\/www.justiceinfo.net\/fr#\/schema\/person\/6e53cba1629e2e66f3fc1821d3091865"},"headline":"Congo-Brazzaville : un collectif appelle au dialogue sous m\u00e9diation internationale","datePublished":"2016-04-19T12:59:27+00:00","mainEntityOfPage":{"@id":"https:\/\/www.justiceinfo.net\/fr\/26922-congo-brazzaville-un-collectif-appelle-au-dialogue-sous-mediation-internationale.html"},"wordCount":1092,"commentCount":0,"publisher":{"@id":"https:\/\/www.justiceinfo.net\/fr#organization"},"image":{"@id":"https:\/\/www.justiceinfo.net\/fr\/26922-congo-brazzaville-un-collectif-appelle-au-dialogue-sous-mediation-internationale.html#primaryimage"},"thumbnailUrl":"https:\/\/www.justiceinfo.net\/wp-content\/uploads\/00ed3b95847d7e006c93f1c1ed7e51f7.jpg","articleSection":["R\u00e9conciliation"],"inLanguage":"fr-FR","potentialAction":[{"@type":"CommentAction","name":"Comment","target":["https:\/\/www.justiceinfo.net\/fr\/26922-congo-brazzaville-un-collectif-appelle-au-dialogue-sous-mediation-internationale.html#respond"]}]},{"@type":"WebPage","@id":"https:\/\/www.justiceinfo.net\/fr\/26922-congo-brazzaville-un-collectif-appelle-au-dialogue-sous-mediation-internationale.html","url":"https:\/\/www.justiceinfo.net\/fr\/26922-congo-brazzaville-un-collectif-appelle-au-dialogue-sous-mediation-internationale.html","name":"Congo-Brazzaville : un collectif appelle au dialogue sous m\u00e9diation internationale - JusticeInfo.net","isPartOf":{"@id":"https:\/\/www.justiceinfo.net\/fr#website"},"primaryImageOfPage":{"@id":"https:\/\/www.justiceinfo.net\/fr\/26922-congo-brazzaville-un-collectif-appelle-au-dialogue-sous-mediation-internationale.html#primaryimage"},"image":{"@id":"https:\/\/www.justiceinfo.net\/fr\/26922-congo-brazzaville-un-collectif-appelle-au-dialogue-sous-mediation-internationale.html#primaryimage"},"thumbnailUrl":"https:\/\/www.justiceinfo.net\/wp-content\/uploads\/00ed3b95847d7e006c93f1c1ed7e51f7.jpg","datePublished":"2016-04-19T12:59:27+00:00","breadcrumb":{"@id":"https:\/\/www.justiceinfo.net\/fr\/26922-congo-brazzaville-un-collectif-appelle-au-dialogue-sous-mediation-internationale.html#breadcrumb"},"inLanguage":"fr-FR","potentialAction":[{"@type":"ReadAction","target":["https:\/\/www.justiceinfo.net\/fr\/26922-congo-brazzaville-un-collectif-appelle-au-dialogue-sous-mediation-internationale.html"]}]},{"@type":"ImageObject","inLanguage":"fr-FR","@id":"https:\/\/www.justiceinfo.net\/fr\/26922-congo-brazzaville-un-collectif-appelle-au-dialogue-sous-mediation-internationale.html#primaryimage","url":"https:\/\/www.justiceinfo.net\/wp-content\/uploads\/00ed3b95847d7e006c93f1c1ed7e51f7.jpg","contentUrl":"https:\/\/www.justiceinfo.net\/wp-content\/uploads\/00ed3b95847d7e006c93f1c1ed7e51f7.jpg","width":640,"height":361},{"@type":"BreadcrumbList","@id":"https:\/\/www.justiceinfo.net\/fr\/26922-congo-brazzaville-un-collectif-appelle-au-dialogue-sous-mediation-internationale.html#breadcrumb","itemListElement":[{"@type":"ListItem","position":1,"name":"Home","item":"https:\/\/www.justiceinfo.net\/fr"},{"@type":"ListItem","position":2,"name":"Congo-Brazzaville : un collectif appelle au dialogue sous m\u00e9diation internationale"}]},{"@type":"WebSite","@id":"https:\/\/www.justiceinfo.net\/fr#website","url":"https:\/\/www.justiceinfo.net\/fr","name":"JusticeInfo.net","description":"La justice doit \u00eatre vue pour \u00eatre rendue","publisher":{"@id":"https:\/\/www.justiceinfo.net\/fr#organization"},"potentialAction":[{"@type":"SearchAction","target":{"@type":"EntryPoint","urlTemplate":"https:\/\/www.justiceinfo.net\/fr?s={search_term_string}"},"query-input":{"@type":"PropertyValueSpecification","valueRequired":true,"valueName":"search_term_string"}}],"inLanguage":"fr-FR"},{"@type":"Organization","@id":"https:\/\/www.justiceinfo.net\/fr#organization","name":"Justice Info","url":"https:\/\/www.justiceinfo.net\/fr","logo":{"@type":"ImageObject","inLanguage":"fr-FR","@id":"https:\/\/www.justiceinfo.net\/fr#\/schema\/logo\/image\/","url":"https:\/\/www.justiceinfo.net\/wp-content\/uploads\/justiceinfo_logo-trans_1200x1200px.png","contentUrl":"https:\/\/www.justiceinfo.net\/wp-content\/uploads\/justiceinfo_logo-trans_1200x1200px.png","width":1199,"height":1200,"caption":"Justice Info"},"image":{"@id":"https:\/\/www.justiceinfo.net\/fr#\/schema\/logo\/image\/"},"sameAs":["https:\/\/www.facebook.com\/JusticeInfo\/","https:\/\/x.com\/justiceinfonet","https:\/\/www.linkedin.com\/company\/justice-info","https:\/\/www.youtube.com\/channel\/UCyCEsARodyuWtkWyhn-e7pA"]},{"@type":"Person","name":"Habibou Bangr\u00e9, Kinshasa, Correspondance","url":"\/fr\/?s=Habibou Bangr\u00e9, Kinshasa, Correspondance"}]}},"_links":{"self":[{"href":"https:\/\/www.justiceinfo.net\/fr\/wp-json\/wp\/v2\/posts\/26922","targetHints":{"allow":["GET"]}}],"collection":[{"href":"https:\/\/www.justiceinfo.net\/fr\/wp-json\/wp\/v2\/posts"}],"about":[{"href":"https:\/\/www.justiceinfo.net\/fr\/wp-json\/wp\/v2\/types\/post"}],"author":[{"embeddable":true,"href":"https:\/\/www.justiceinfo.net\/fr\/wp-json\/wp\/v2\/users\/64"}],"replies":[{"embeddable":true,"href":"https:\/\/www.justiceinfo.net\/fr\/wp-json\/wp\/v2\/comments?post=26922"}],"version-history":[{"count":0,"href":"https:\/\/www.justiceinfo.net\/fr\/wp-json\/wp\/v2\/posts\/26922\/revisions"}],"wp:featuredmedia":[{"embeddable":true,"href":"https:\/\/www.justiceinfo.net\/fr\/wp-json\/wp\/v2\/media\/63176"}],"wp:attachment":[{"href":"https:\/\/www.justiceinfo.net\/fr\/wp-json\/wp\/v2\/media?parent=26922"}],"wp:term":[{"taxonomy":"category","embeddable":true,"href":"https:\/\/www.justiceinfo.net\/fr\/wp-json\/wp\/v2\/categories?post=26922"},{"taxonomy":"post_tag","embeddable":true,"href":"https:\/\/www.justiceinfo.net\/fr\/wp-json\/wp\/v2\/tags?post=26922"},{"taxonomy":"ji_location","embeddable":true,"href":"https:\/\/www.justiceinfo.net\/fr\/wp-json\/wp\/v2\/ji_location?post=26922"}],"curies":[{"name":"wp","href":"https:\/\/api.w.org\/{rel}","templated":true}]}}