{"id":27128,"date":"2016-05-03T08:03:00","date_gmt":"2016-05-03T06:03:00","guid":{"rendered":"https:\/\/www.justiceinfo.net\/27128-la-traque-en-europe-des-criminels-de-guerre-syriens.html"},"modified":"2025-03-20T16:39:26","modified_gmt":"2025-03-20T15:39:26","slug":"la-traque-en-europe-des-criminels-de-guerre-syriens","status":"publish","type":"post","link":"https:\/\/www.justiceinfo.net\/fr\/27128-la-traque-en-europe-des-criminels-de-guerre-syriens.html","title":{"rendered":"La traque en Europe des criminels de guerre syriens"},"content":{"rendered":"<div class=\"wrapper\">\n<article id=\"node-256183\" class=\"node node-report node-promoted node-sticky clearfix\">\n<div class=\"report-banner row\">\n<div class=\"col col--100\">\n<div class=\"file-entity__image file-entity__image--mid\"><img loading=\"lazy\" decoding=\"async\" src=\"https:\/\/assets.irinnews.org\/s3fs-public\/montage_war_criminals2.png?gLbkO3dSkhZB3XkqQjg9PKa00WT5bNvU\" srcset=\"\/\/assets.irinnews.org\/s3fs-public\/styles\/responsive_small\/public\/montage_war_criminals2.png?yA0Z93sUQCvmtOcDmaLdrbfvfPNJD.ih&amp;itok=OZfjP2El 400w, \/\/assets.irinnews.org\/s3fs-public\/styles\/responsive_medium\/public\/montage_war_criminals2.png?HTlNSuvgz6FuSd9SEVwbN.CwfitUi_TI&amp;itok=NlcK7bbw 700w, \/\/assets.irinnews.org\/s3fs-public\/styles\/responsive_large\/public\/montage_war_criminals2.png?_tBEFWeAZDbhwvTibU5.uG_utU8YWBYq&amp;itok=qTrTJwUc 1000w\" alt=\"\" width=\"851\" height=\"315\" \/><\/div>\n<\/div>\n<\/div>\n<div class=\"report-content col col--75 push--25\">\n<div class=\"report-meta__aside\">\n<div class=\"author-info__block author-info__block--report image--true\"><\/div>\n<\/div>\n<div class=\"share-report\">\n<p><em>Mohamed Abdullah serait arriv\u00e9 en Europe l\u2019ann\u00e9e derni\u00e8re.<\/em><\/p>\n<p><em>Le Syrien, \u00e2g\u00e9 de 31 ans, appara\u00eet souriant sur une photo prise dans un parking de Stockholm (un num\u00e9ro de t\u00e9l\u00e9phone \u00e0 l\u2019arri\u00e8re-plan permet d\u2019identifier la ville). L\u2019image, qui aurait \u00e9t\u00e9 publi\u00e9e sur son profil Facebook puis supprim\u00e9e, est anodine, \u00e0 l\u2019instar des milliers de clich\u00e9s mis en ligne par les r\u00e9fugi\u00e9s parvenus en Europe \u2014 ils partagent l\u2019accomplissement de leur objectif, le d\u00e9but d\u2019une nouvelle vie.<\/em><\/p>\n<div class=\"media media-element-container media-default\"><img loading=\"lazy\" decoding=\"async\" src=\"https:\/\/assets.irinnews.org\/s3fs-public\/abdullahsweden.jpg?6ABtWp8NfF4W2vp5DudpRUmjmuOliqtL\" srcset=\"\/\/assets.irinnews.org\/s3fs-public\/styles\/responsive_small\/public\/abdullahsweden.jpg?7xqeLpKaW3u2ljKa4kzHvC2ZP__jLDL4&amp;itok=nZCNg0jA 400w, \/\/www.irinnews.org\/s3\/files\/styles\/responsive_medium\/public\/abdullahsweden.jpg?itok=BVeXGPGy 700w, \/\/assets.irinnews.org\/s3fs-public\/styles\/responsive_large\/public\/abdullahsweden.jpg?TznWu6G4MaAgKFjmNOTT8odf6TJgcg4z&amp;itok=4NSzUfyt 1000w\" alt=\"\" width=\"452\" height=\"331\" \/><\/div>\n<p>Mais il y a d\u2019autres photos \u2013\u00a0des activistes et d\u2019autres r\u00e9fugi\u00e9s ont commenc\u00e9 \u00e0 faire circuler des images du pass\u00e9 d\u2019Abdullah d\u00e8s novembre 2015.<\/p>\n<p>Sur l\u2019une d\u2019elles, Abdullah prend la pose, un pied sur le corps d\u2019un homme en civil au milieu d\u2019autres cadavres. Il regarde l\u2019objectif, avec un sinistre sourire en coin.<\/p>\n<div class=\"media media-element-container media-wysiwyg_inline\">\n<figure class=\"report-photo content report-photo--inline\"><img decoding=\"async\" class=\"image image--inline\" style=\"display: block;\" src=\"https:\/\/assets.irinnews.org\/s3fs-public\/styles\/responsive_small\/public\/abdullahcorpses.jpg?nirh4l.iUOIlkoqJRTQJ_y.FVGV45B94&amp;itok=JHGim1vX\" alt=\"\" width=\"400\" data-original=\"\/\/assets.irinnews.org\/s3fs-public\/styles\/responsive_small\/public\/abdullahcorpses.jpg?nirh4l.iUOIlkoqJRTQJ_y.FVGV45B94&amp;itok=JHGim1vX\" \/><figcaption><\/figcaption><\/figure>\n<\/div>\n<p>Sur une autre image, Abdullah porte l\u2019insigne des forces sp\u00e9ciales sur son bras gauche, ce qui permet aux activistes syriens d\u2019affirmer qu\u2019il appartenait \u00e0 la Division 14, une unit\u00e9 qui aurait commis des atrocit\u00e9s pendant le si\u00e8ge de Homs, en 2012.<\/p>\n<p>Le site syrien Mujremon <a href=\"http:\/\/mujremon.com\/?p=2242\"><strong>a publi\u00e9 les images<\/strong><\/a>, et Ammar*, un r\u00e9fugi\u00e9 palestinien de Syrie vivant en Su\u00e8de, les a partag\u00e9es sur Twitter, demandant aux Syriens r\u00e9fugi\u00e9s dans le pays de trouver et signaler Abdullah aux autorit\u00e9s su\u00e9doises.<\/p>\n<blockquote><p>\u00ab\u00a0Cet homme avait une photo qui montrait clairement qu\u2019il \u00e9tait en Su\u00e8de\u00a0; et sur une autre, on voyait clairement qu\u2019il marchait sur des cadavres \u2026 et qu\u2019il en \u00e9tait fier \u00bb<\/p><\/blockquote>\n<p>\u00ab\u00a0Cela a \u00e9t\u00e9 un grand choc pour moi\u00a0\u00bb, a dit \u00e0 IRIN Ammar en expliquant sa d\u00e9cision. \u00ab\u00a0Cet homme avait une photo qui montrait clairement qu\u2019il \u00e9tait en Su\u00e8de\u00a0; et sur une autre, on voyait clairement qu\u2019il marchait sur des cadavres \u2026 et qu\u2019il en \u00e9tait fier. Et aujourd\u2019hui, cet homme se trouve en Su\u00e8de, il prend le m\u00e9tro comme tout le monde, il a d\u00e9pos\u00e9 une demande d\u2019asile comme beaucoup d\u2019autres l\u2019ont fait, alors que ce sont des personnes comme lui qui sont responsables de cette crise\u00a0\u00bb.<\/p>\n<p>Un autre Palestinien de Syrie, lui aussi install\u00e9 en Su\u00e8de, a fini par contacter le procureur national pour d\u00e9noncer Abdullah. Trois ou quatre mois apr\u00e8s la publication de cette photographie, Ammar dit avoir re\u00e7u un appel de la police lui demandant son aide pour trouver des t\u00e9moins.<\/p>\n<p>Abdullah a \u00e9t\u00e9 retrouv\u00e9\u00a0: accus\u00e9 d\u2019avoir commis des crimes de guerre entre 2012 et 2015, il a comparu devant un tribunal de Stockholm au mois de f\u00e9vrier. Il aurait reconnu avoir travaill\u00e9 pour le r\u00e9gime syrien, mais a ni\u00e9 avoir particip\u00e9 aux combats. Finalement, l\u2019affaire a \u00e9t\u00e9 class\u00e9e en raison du manque de t\u00e9moignages corroborant les faits. Abdullah a \u00e9t\u00e9 rel\u00e2ch\u00e9 le mois dernier et on ignore o\u00f9 il se trouve actuellement.<\/p>\n<h4>Le cas d\u2019Abdullah n\u2019est pas unique.<\/h4>\n<p>Il y a six mois, Ben Davies, un journaliste et r\u00e9alisateur britannique engag\u00e9 qui s\u2019est rendu en Syrie en 2013, a commenc\u00e9 \u00e0 rassembler des documents sur des criminels de guerre pr\u00e9sum\u00e9s qui ont quitt\u00e9 la Syrie pour rejoindre l\u2019Europe. Son blog <a href=\"https:\/\/unfetteredfreedom.wordpress.com\/2015\/10\/03\/list-of-shabiha-posing-as-refugees-in-europe\/\"><strong>en pr\u00e9sente plusieurs dizaines<\/strong><\/a>, mais il estime qu\u2019ils pourraient \u00eatre jusqu\u2019\u00e0 2\u00a0000 en Europe. L\u2019un des hommes pr\u00e9sent\u00e9s sur son blog est un soldat de l\u2019arm\u00e9e syrienne film\u00e9 sur le front \u00e0 l\u2019occasion d\u2019une s\u00e9ance photos avec le pr\u00e9sident <a href=\"https:\/\/www.justiceinfo.net\/fr\/tag\/bachar-el-assad\">Bachar el-Assad<\/a>. Une autre photo montre un chr\u00e9tien arm\u00e9nien, membre combattant d\u2019une milice, \u00e0 Alep, posant fi\u00e8rement avec un fusil-mitrailleur. Les deux hommes se trouveraient en Allemagne.<\/p>\n<p>\u00ab\u00a0Parfois, je retrouve des gens en suivant leur page Facebook et en regardant ce qu\u2019ils font. Mais tr\u00e8s souvent, des Syriens ont d\u00e9j\u00e0 rep\u00e9r\u00e9 ces personnes et ils m\u2019envoient un message pour me demander de les aider \u00e0 partager les preuves\u00a0\u00bb, a expliqu\u00e9 M. Davies.<\/p>\n<p>\u00ab\u00a0En Europe, [les Syriens] sont cens\u00e9s \u00eatre en s\u00e9curit\u00e9 en tant que r\u00e9fugi\u00e9s. Comment peut-on leur donner un sentiment de s\u00e9curit\u00e9 si nous ignorons les personnes qui sont responsables de leurs souffrances et qui les suivent aujourd\u2019hui\u00a0?\u00a0\u00bb.<\/p>\n<h4><strong>Une r\u00e9ponse commune de l\u2019Europe\u00a0? <\/strong><\/h4>\n<p>En octobre 2013, un groupe compos\u00e9 de procureurs, d\u2019inspecteurs de police et d\u2019organisations non gouvernementales (ONG) issus de tous les Etats membres s\u2019est r\u00e9uni pour \u00e9voquer la d\u00e9t\u00e9rioration de la situation en Syrie.<\/p>\n<p>La r\u00e9union \u00e9tait organis\u00e9e par le \u00ab\u00a0R\u00e9seau g\u00e9nocide\u00a0\u00bb \u2013 cr\u00e9\u00e9 en 2004 pour offrir aux procureurs et aux juristes des Etats membres de l\u2019UE une plateforme pour partager les informations, les dossiers et les meilleures pratiques en vue de juger les crimes internationaux graves. L\u2019un des principaux objectifs du R\u00e9seau \u00e9tait la cr\u00e9ation d\u2019unit\u00e9s nationales sp\u00e9cialis\u00e9es pour enqu\u00eater sur les crimes, tels que les g\u00e9nocides, et poursuivre leurs auteurs, conform\u00e9ment au principe de comp\u00e9tence universelle.<\/p>\n<p><strong>Voir aussi: <a href=\"https:\/\/www.irinnews.org\/report\/97045\/analysis-beginnings-transitional-justice-syria\" target=\"_blank\" rel=\"noopener\">The beginnings of transitional justice in Syria<\/a>\u00a0<\/strong><\/p>\n<p>En 2013, la r\u00e9union - qui est devenue un rendez-vous annuel - a rassembl\u00e9 des unit\u00e9s issues de tous les Etats membres de l\u2019Union europ\u00e9enne, ainsi que des \u00e9quipes internationales travaillant sp\u00e9cifiquement sur les crimes de guerre commis en Syrie\u00a0: Human Rights Watch\u00a0; Stephen Rapp, ancien ambassadeur itin\u00e9rant pour les crimes de guerre du D\u00e9partement d\u2019Etat des Etats-Unis\u00a0; et des repr\u00e9sentants de la Commission pour la justice et la redevabilit\u00e9 internationales (Commission for International Justice and Accountability) qui ont collect\u00e9 plus de 600\u00a0000 documents gouvernementaux de Syrie au cours des quatre derni\u00e8res ann\u00e9es \u2014 bon nombre de ces documents ont \u00e9t\u00e9 sortis clandestinement du pays par des enqu\u00eateurs et des transfuges du r\u00e9gime.<\/p>\n<aside class=\"discover-more sidebar__block discover-more--content\"><\/aside>\n<p>\u00ab\u00a0Nous avons pris l\u2019initiative de traiter le conflit [syrien] pendant son d\u00e9roulement. Nous avons compris que ce conflit aurait un impact sur les juridictions de l\u2019UE\u00a0\u00bb, a expliqu\u00e9 Matev\u017e Pezdirc, juriste slov\u00e8ne sp\u00e9cialis\u00e9 dans les questions de crimes de guerre et secr\u00e9taire du R\u00e9seau \u00e0 La Haye. \u00ab\u00a0En raison de la proximit\u00e9 g\u00e9ographique du conflit, il \u00e9tait admis qu\u2019il y aurait peut-\u00eatre des affaires \u00e0 traiter\u00a0\u00bb.<\/p>\n<p>Le R\u00e9seau se pr\u00e9parait \u00e0 l\u2019\u00e9ventualit\u00e9 de la pr\u00e9sence de transfuges, d\u2019anciens combattants et m\u00eame de criminels de guerre parmi les r\u00e9fugi\u00e9s qui quittaient la Syrie pour l\u2019Europe en nombre croissant. Les Etats membres exer\u00e7ant la comp\u00e9tence universelle pourraient ainsi poursuivre les personnes retrouv\u00e9es sur le sol europ\u00e9en.<\/p>\n<p>Trois ans plus tard, leurs pr\u00e9parations portent leurs fruits.<\/p>\n<p>\u00ab\u00a0On ne peut pas vraiment dire que nous l\u2019avions pr\u00e9vu \u2014 un million [de demandeurs d\u2019asile arriv\u00e9s en Europe] en 2015, qui aurait pu le pr\u00e9dire\u00a0?\u00a0\u00bb, a demand\u00e9 M. Pezdirc. \u00ab\u00a0Mais on savait qu\u2019il y aurait des r\u00e9fugi\u00e9s\u00a0\u00bb.<\/p>\n<p>\u00ab\u00a0Cela a \u00e9t\u00e9 la m\u00eame chose pendant les conflits dans les Balkans. Il y a eu un grand d\u00e9placement de r\u00e9fugi\u00e9s et plus tard on a trouv\u00e9 des criminels au sein de ce groupe\u00a0\u00bb, a ajout\u00e9 M. Pezdirc.<\/p>\n<h4><strong>\u00ab\u00a0Augmentation significative\u00a0\u00bb du nombre d\u2019enqu\u00eates <\/strong><\/h4>\n<p>Depuis la premi\u00e8re r\u00e9union du R\u00e9seau g\u00e9nocide, les procureurs et les inspecteurs de police ont resserr\u00e9 l\u2019\u00e9tau autour d\u2019un petit nombre de suspects originaires de Syrie.<\/p>\n<p>En janvier dernier, Sigurd Moe, responsable de la section des crimes de guerre du Bureau national d\u2019enqu\u00eates criminelles norv\u00e9gien,\u00a0<a href=\"http:\/\/uk.reuters.com\/article\/uk-europe-migrants-warcrimes-norway-idUKKCN0UT1FG\"><strong>a dit \u00e0 Reuters<\/strong><\/a>\u00a0que la police \u00ab\u00a0suivait avec attention une vingtaine de personnes, et\u2026 examinait s\u2019il y avait lieu d\u2019ouvrir une enqu\u00eate\u00a0\u00bb.<\/p>\n<p>Un porte-parole de l\u2019Office f\u00e9d\u00e9ral de police criminelle allemand (Bundeskriminalamt, BKA), l\u2019organisme charg\u00e9 des enqu\u00eates sur les crimes internationaux, a dit \u00e0 IRIN qu\u2019il y avait eu une \u00ab\u00a0augmentation significative\u00a0\u00bb des informations fournies par les autorit\u00e9s en charge de l\u2019immigration et d\u2019autres demandeurs d\u2019asile concernant des criminels de guerre pr\u00e9sum\u00e9s depuis la vague sans pr\u00e9c\u00e9dent d\u2019arriv\u00e9es de r\u00e9fugi\u00e9s l\u2019ann\u00e9e derni\u00e8re. Jusqu\u2019\u00e0 pr\u00e9sent, plus de 2\u00a0000 informations ont \u00e9t\u00e9 re\u00e7ues et 13 enqu\u00eates pr\u00e9liminaires ont \u00e9t\u00e9 lanc\u00e9es.<\/p>\n<p>Le 6 avril, la police allemande a arr\u00eat\u00e9 un Syrien pour crimes de guerre. L\u2019homme, qui aurait \u00e9t\u00e9 \u00e0 la t\u00eate de 150 miliciens affili\u00e9s \u00e0 la brigade Ghuraba\u2019 al-Sham (\u00ab\u00a0Les \u00e9trangers du Levant\u00a0\u00bb) \u00e0 Alep, est fortement soup\u00e7onn\u00e9 d\u2019avoir trait\u00e9 des civils \u00ab\u00a0de mani\u00e8re cruelle et inhumaine\u00a0\u00bb \u00e0 l\u2019automne 2012, ainsi que d\u2019avoir tortur\u00e9 des personnes \u00ab\u00a0qui essayaient de prot\u00e9ger leur quartier voisin des pillages\u00a0\u00bb, selon les <a href=\"https:\/\/www.yahoo.com\/news\/syrian-arrested-germany-war-crimes-charges-154007829.html\"><strong>procureurs<\/strong><\/a>.<\/p>\n<p>D\u2019autres pays europ\u00e9ens entament \u00e0 leur tour des poursuites \u00e0 l\u2019encontre de criminels de guerre syriens. L\u2019ann\u00e9e derni\u00e8re, un tribunal su\u00e9dois a condamn\u00e9 Mohannad Droubi - un ancien membre de l\u2019Arm\u00e9e libre syrienne - \u00e0 cinq d\u2019emprisonnement pour avoir tortur\u00e9 un homme soup\u00e7onn\u00e9 d\u2019\u00eatre li\u00e9 aux forces gouvernementales syriennes en 2012. L\u2019affaire a commenc\u00e9 quand une connaissance de M. Droubi en Syrie a inform\u00e9 la police de l\u2019existence d\u2019une vid\u00e9o de torture publi\u00e9e sur Facebook.<\/p>\n<p>La procureure Reena Devgun, qui travaille \u00e0 la chambre d\u2019accusation internationale (International Prosecution Office) de Stockholm, dit que l\u2019on attend une nouvelle augmentation des informations au cours de la prochaine ann\u00e9e. \u00ab\u00a0Nous pensons qu\u2019il y aura davantage de signalements \u2014 mais cela ne veut pas dire qu\u2019il y aura davantage de condamnations\u00a0\u00bb, a-t-elle expliqu\u00e9.<\/p>\n<p>Enqu\u00eater sur des crimes commis en Syrie pose des d\u00e9fis certains. Les inspecteurs ne peuvent pas travailler sur les lieux des crimes car le conflit se poursuit, et il n\u2019y a pas d\u2019autorit\u00e9 qu\u2019ils peuvent contacter sur place pour les aider. Il peut aussi \u00eatre difficile de trouver des t\u00e9moins syriens pour corroborer et certifier les all\u00e9gations, a reconnu Mme Devgun.<\/p>\n<p>\u00ab\u00a0C\u2019est pour cela que c\u2019est tr\u00e8s difficile, mais cela ne veut pas dire que c\u2019est impossible\u00a0\u00bb, a-t-elle dit \u00e0 IRIN.<\/p>\n<p>Les informations relatives \u00e0 la pr\u00e9sence de criminels de guerre syriens pr\u00e9sum\u00e9s sur le territoire europ\u00e9en risquent d\u2019apporter de l\u2019eau au moulin des groupes d\u2019extr\u00eame-droite et anti-immigration dans leur combat contre l\u2019ouverture des fronti\u00e8res aux demandeurs d\u2019asile, mais rien n\u2019indique que les personnes comme Abdullah repr\u00e9sentent une menace pour la s\u00e9curit\u00e9 de l\u2019Europe.<\/p>\n<p>En r\u00e9alit\u00e9, l\u2019arriv\u00e9e d\u2019un nombre relativement faible d\u2019\u00e9trangers soup\u00e7onn\u00e9s de crimes de guerre sur le sol europ\u00e9en n\u2019est pas nouvelle et les autorit\u00e9s europ\u00e9ennes sont mieux pr\u00e9par\u00e9es pour faire face \u00e0 ce probl\u00e8me.<\/p>\n<p>\u00ab\u00a0Aujourd\u2019hui, il y a davantage d\u2019unit\u00e9s sp\u00e9cialis\u00e9es, plus de sensibilisation, plus d\u2019informations\u00a0\u00bb, a dit M. Pezdirc du R\u00e9seau g\u00e9nocide. \u00ab\u00a0Ces structures n\u2019existaient pas dans les ann\u00e9es 1990\u00a0\u00bb.<\/p>\n<p>\u00ab\u00a0Je dirais que nous sommes dans un climat plus s\u00fbr pour combattre l\u2019impunit\u00e9\u00a0\u00bb.<\/p>\n<p>Les procureurs, les inspecteurs, les activistes et les r\u00e9fugi\u00e9s qui participent aux enqu\u00eates ont tendance \u00e0 poser le probl\u00e8me en termes de justice internationale plut\u00f4t qu\u2019en termes d\u2019inqui\u00e9tudes pour la s\u00e9curit\u00e9 ou de mesures anti-terroristes.<\/p>\n<p>Ahmad, un Palestinien du camp de r\u00e9fugi\u00e9s de Yarmouk \u00e0 Damas, attend l\u2019examen de la demande d\u2019asile qu\u2019il a d\u00e9pos\u00e9e en Europe du Nord. Il a parl\u00e9 \u00e0 IRIN du sentiment d\u2019injustice qu\u2019il ressent quand il entend dire que d\u2019anciens combattants favorables au r\u00e9gime demandent l\u2019asile en Europe.<\/p>\n<p>\u00ab\u00a0Ils nous ont forc\u00e9s \u00e0 quitter nos maisons, ils ont vol\u00e9 et tu\u00e9 des gens, et maintenant ils demandent l\u2019asile, comme nous\u00a0?\u00a0\u00bb, a-t-il dit. \u00ab\u00a0C\u2019est \u00e0 cause d\u2019eux que nous sommes des r\u00e9fugi\u00e9s\u00a0\u00bb.<\/p>\n<p>*Nom d\u2019emprunt<\/p>\n<p><em><strong>Cet article a \u00e9t\u00e9 publi\u00e9 par <a href=\"http:\/\/www.irinnews.org\" rel=\"alternate\">Irin<\/a><\/strong><\/em><\/p>\n<\/div>\n<\/div>\n<\/article>\n<\/div>\n<div id=\"fb-root\" class=\" fb_reset\">\n<div style=\"position: absolute; top: -10000px; height: 0px; width: 0px;\">\n<div><iframe loading=\"lazy\" id=\"fb_xdm_frame_https\" tabindex=\"-1\" title=\"Facebook Cross Domain Communication Frame\" src=\"https:\/\/staticxx.facebook.com\/connect\/xd_arbiter.php?version=42#channel=f2a1d4e7d1f077a&amp;origin=https%3A%2F%2Fwww.irinnews.org\" name=\"fb_xdm_frame_https\" width=\"300\" height=\"150\" frameborder=\"0\" scrolling=\"no\" allowfullscreen=\"allowfullscreen\"><\/iframe><\/div>\n<\/div>\n<div style=\"position: absolute; top: -10000px; height: 0px; width: 0px;\"><\/div>\n<\/div>\n","protected":false},"excerpt":{"rendered":"<p>Mohamed Abdullah serait arriv\u00e9 en Europe l\u2019ann\u00e9e derni\u00e8re. Le Syrien, \u00e2g\u00e9 de 31 ans, appara\u00eet souriant sur une photo prise dans un parking de Stockholm (un num\u00e9ro de t\u00e9l\u00e9phone \u00e0 l\u2019arri\u00e8re-plan permet d\u2019identifier la ville). L\u2019image, qui aurait \u00e9t\u00e9 publi\u00e9e sur son profil Facebook puis supprim\u00e9e, est anodine, \u00e0 l\u2019instar des milliers de clich\u00e9s mis [&hellip;]<\/p>\n","protected":false},"author":64,"featured_media":0,"comment_status":"open","ping_status":"closed","sticky":false,"template":"","format":"standard","meta":{"_acf_changed":false,"footnotes":""},"categories":[2800,575],"tags":[4167],"ji_location":[2498],"class_list":["post-27128","post","type-post","status-publish","format-standard","hentry","category-competence-universelle","category-opinions","tag-bachar-el-assad","ji_location-syrie"],"acf":[],"yoast_head":"<!-- This site is optimized with the Yoast SEO Premium plugin v25.3.1 (Yoast SEO v25.3.1) - https:\/\/yoast.com\/wordpress\/plugins\/seo\/ -->\n<title>La traque en Europe des criminels de guerre syriens - JusticeInfo.net<\/title>\n<meta name=\"robots\" content=\"index, follow, max-snippet:-1, max-image-preview:large, max-video-preview:-1\" \/>\n<link rel=\"canonical\" href=\"https:\/\/www.justiceinfo.net\/fr\/27128-la-traque-en-europe-des-criminels-de-guerre-syriens.html\" \/>\n<meta property=\"og:locale\" content=\"fr_FR\" \/>\n<meta property=\"og:type\" content=\"article\" \/>\n<meta property=\"og:title\" content=\"La traque en Europe des criminels de guerre syriens\" \/>\n<meta property=\"og:description\" content=\"Mohamed Abdullah serait arriv\u00e9 en Europe l\u2019ann\u00e9e derni\u00e8re. Le Syrien, \u00e2g\u00e9 de 31 ans, appara\u00eet souriant sur une photo prise dans un parking de Stockholm (un num\u00e9ro de t\u00e9l\u00e9phone \u00e0 l\u2019arri\u00e8re-plan permet d\u2019identifier la ville). L\u2019image, qui aurait \u00e9t\u00e9 publi\u00e9e sur son profil Facebook puis supprim\u00e9e, est anodine, \u00e0 l\u2019instar des milliers de clich\u00e9s mis [&hellip;]\" \/>\n<meta property=\"og:url\" content=\"https:\/\/www.justiceinfo.net\/fr\/27128-la-traque-en-europe-des-criminels-de-guerre-syriens.html\" \/>\n<meta property=\"og:site_name\" content=\"JusticeInfo.net\" \/>\n<meta property=\"article:publisher\" content=\"https:\/\/www.facebook.com\/JusticeInfo\/\" \/>\n<meta property=\"article:published_time\" content=\"2016-05-03T06:03:00+00:00\" \/>\n<meta property=\"article:modified_time\" content=\"2025-03-20T15:39:26+00:00\" \/>\n<meta property=\"og:image\" content=\"https:\/\/assets.irinnews.org\/s3fs-public\/montage_war_criminals2.png?gLbkO3dSkhZB3XkqQjg9PKa00WT5bNvU\" \/>\n<meta name=\"author\" content=\"Tom Rollins\" \/>\n<meta name=\"twitter:card\" content=\"summary_large_image\" \/>\n<meta name=\"twitter:creator\" content=\"@justiceinfonet\" \/>\n<meta name=\"twitter:site\" content=\"@justiceinfonet\" \/>\n<meta name=\"twitter:label1\" content=\"\u00c9crit par\" \/>\n\t<meta name=\"twitter:data1\" content=\"Tom Rollins\" \/>\n\t<meta name=\"twitter:label2\" content=\"Dur\u00e9e de lecture estim\u00e9e\" \/>\n\t<meta name=\"twitter:data2\" content=\"10 minutes\" \/>\n<script type=\"application\/ld+json\" class=\"yoast-schema-graph\">{\"@context\":\"https:\/\/schema.org\",\"@graph\":[{\"@type\":\"NewsArticle\",\"@id\":\"https:\/\/www.justiceinfo.net\/fr\/27128-la-traque-en-europe-des-criminels-de-guerre-syriens.html#article\",\"isPartOf\":{\"@id\":\"https:\/\/www.justiceinfo.net\/fr\/27128-la-traque-en-europe-des-criminels-de-guerre-syriens.html\"},\"author\":{\"name\":\"solivri\",\"@id\":\"https:\/\/www.justiceinfo.net\/fr#\/schema\/person\/6e53cba1629e2e66f3fc1821d3091865\"},\"headline\":\"La traque en Europe des criminels de guerre syriens\",\"datePublished\":\"2016-05-03T06:03:00+00:00\",\"dateModified\":\"2025-03-20T15:39:26+00:00\",\"mainEntityOfPage\":{\"@id\":\"https:\/\/www.justiceinfo.net\/fr\/27128-la-traque-en-europe-des-criminels-de-guerre-syriens.html\"},\"wordCount\":2035,\"commentCount\":0,\"publisher\":{\"@id\":\"https:\/\/www.justiceinfo.net\/fr#organization\"},\"image\":{\"@id\":\"https:\/\/www.justiceinfo.net\/fr\/27128-la-traque-en-europe-des-criminels-de-guerre-syriens.html#primaryimage\"},\"thumbnailUrl\":\"https:\/\/assets.irinnews.org\/s3fs-public\/montage_war_criminals2.png?gLbkO3dSkhZB3XkqQjg9PKa00WT5bNvU\",\"keywords\":[\"Bachar el-Assad\"],\"articleSection\":[\"Comp\u00e9tence universelle\",\"Opinions\"],\"inLanguage\":\"fr-FR\",\"potentialAction\":[{\"@type\":\"CommentAction\",\"name\":\"Comment\",\"target\":[\"https:\/\/www.justiceinfo.net\/fr\/27128-la-traque-en-europe-des-criminels-de-guerre-syriens.html#respond\"]}]},{\"@type\":\"WebPage\",\"@id\":\"https:\/\/www.justiceinfo.net\/fr\/27128-la-traque-en-europe-des-criminels-de-guerre-syriens.html\",\"url\":\"https:\/\/www.justiceinfo.net\/fr\/27128-la-traque-en-europe-des-criminels-de-guerre-syriens.html\",\"name\":\"La traque en Europe des criminels de guerre syriens - JusticeInfo.net\",\"isPartOf\":{\"@id\":\"https:\/\/www.justiceinfo.net\/fr#website\"},\"primaryImageOfPage\":{\"@id\":\"https:\/\/www.justiceinfo.net\/fr\/27128-la-traque-en-europe-des-criminels-de-guerre-syriens.html#primaryimage\"},\"image\":{\"@id\":\"https:\/\/www.justiceinfo.net\/fr\/27128-la-traque-en-europe-des-criminels-de-guerre-syriens.html#primaryimage\"},\"thumbnailUrl\":\"https:\/\/assets.irinnews.org\/s3fs-public\/montage_war_criminals2.png?gLbkO3dSkhZB3XkqQjg9PKa00WT5bNvU\",\"datePublished\":\"2016-05-03T06:03:00+00:00\",\"dateModified\":\"2025-03-20T15:39:26+00:00\",\"breadcrumb\":{\"@id\":\"https:\/\/www.justiceinfo.net\/fr\/27128-la-traque-en-europe-des-criminels-de-guerre-syriens.html#breadcrumb\"},\"inLanguage\":\"fr-FR\",\"potentialAction\":[{\"@type\":\"ReadAction\",\"target\":[\"https:\/\/www.justiceinfo.net\/fr\/27128-la-traque-en-europe-des-criminels-de-guerre-syriens.html\"]}]},{\"@type\":\"ImageObject\",\"inLanguage\":\"fr-FR\",\"@id\":\"https:\/\/www.justiceinfo.net\/fr\/27128-la-traque-en-europe-des-criminels-de-guerre-syriens.html#primaryimage\",\"url\":\"https:\/\/assets.irinnews.org\/s3fs-public\/montage_war_criminals2.png?gLbkO3dSkhZB3XkqQjg9PKa00WT5bNvU\",\"contentUrl\":\"https:\/\/assets.irinnews.org\/s3fs-public\/montage_war_criminals2.png?gLbkO3dSkhZB3XkqQjg9PKa00WT5bNvU\"},{\"@type\":\"BreadcrumbList\",\"@id\":\"https:\/\/www.justiceinfo.net\/fr\/27128-la-traque-en-europe-des-criminels-de-guerre-syriens.html#breadcrumb\",\"itemListElement\":[{\"@type\":\"ListItem\",\"position\":1,\"name\":\"Home\",\"item\":\"https:\/\/www.justiceinfo.net\/fr\"},{\"@type\":\"ListItem\",\"position\":2,\"name\":\"La traque en Europe des criminels de guerre syriens\"}]},{\"@type\":\"WebSite\",\"@id\":\"https:\/\/www.justiceinfo.net\/fr#website\",\"url\":\"https:\/\/www.justiceinfo.net\/fr\",\"name\":\"JusticeInfo.net\",\"description\":\"La justice doit \u00eatre vue pour \u00eatre rendue\",\"publisher\":{\"@id\":\"https:\/\/www.justiceinfo.net\/fr#organization\"},\"potentialAction\":[{\"@type\":\"SearchAction\",\"target\":{\"@type\":\"EntryPoint\",\"urlTemplate\":\"https:\/\/www.justiceinfo.net\/fr?s={search_term_string}\"},\"query-input\":{\"@type\":\"PropertyValueSpecification\",\"valueRequired\":true,\"valueName\":\"search_term_string\"}}],\"inLanguage\":\"fr-FR\"},{\"@type\":\"Organization\",\"@id\":\"https:\/\/www.justiceinfo.net\/fr#organization\",\"name\":\"Justice Info\",\"url\":\"https:\/\/www.justiceinfo.net\/fr\",\"logo\":{\"@type\":\"ImageObject\",\"inLanguage\":\"fr-FR\",\"@id\":\"https:\/\/www.justiceinfo.net\/fr#\/schema\/logo\/image\/\",\"url\":\"https:\/\/www.justiceinfo.net\/wp-content\/uploads\/justiceinfo_logo-trans_1200x1200px.png\",\"contentUrl\":\"https:\/\/www.justiceinfo.net\/wp-content\/uploads\/justiceinfo_logo-trans_1200x1200px.png\",\"width\":1199,\"height\":1200,\"caption\":\"Justice Info\"},\"image\":{\"@id\":\"https:\/\/www.justiceinfo.net\/fr#\/schema\/logo\/image\/\"},\"sameAs\":[\"https:\/\/www.facebook.com\/JusticeInfo\/\",\"https:\/\/x.com\/justiceinfonet\",\"https:\/\/www.linkedin.com\/company\/justice-info\",\"https:\/\/www.youtube.com\/channel\/UCyCEsARodyuWtkWyhn-e7pA\"]},{\"@type\":\"Person\",\"name\":\"Tom Rollins\",\"url\":\"\/fr\/?s=Tom Rollins\"}]}<\/script>\n<!-- \/ Yoast SEO Premium plugin. -->","yoast_head_json":{"title":"La traque en Europe des criminels de guerre syriens - JusticeInfo.net","robots":{"index":"index","follow":"follow","max-snippet":"max-snippet:-1","max-image-preview":"max-image-preview:large","max-video-preview":"max-video-preview:-1"},"canonical":"https:\/\/www.justiceinfo.net\/fr\/27128-la-traque-en-europe-des-criminels-de-guerre-syriens.html","og_locale":"fr_FR","og_type":"article","og_title":"La traque en Europe des criminels de guerre syriens","og_description":"Mohamed Abdullah serait arriv\u00e9 en Europe l\u2019ann\u00e9e derni\u00e8re. Le Syrien, \u00e2g\u00e9 de 31 ans, appara\u00eet souriant sur une photo prise dans un parking de Stockholm (un num\u00e9ro de t\u00e9l\u00e9phone \u00e0 l\u2019arri\u00e8re-plan permet d\u2019identifier la ville). L\u2019image, qui aurait \u00e9t\u00e9 publi\u00e9e sur son profil Facebook puis supprim\u00e9e, est anodine, \u00e0 l\u2019instar des milliers de clich\u00e9s mis [&hellip;]","og_url":"https:\/\/www.justiceinfo.net\/fr\/27128-la-traque-en-europe-des-criminels-de-guerre-syriens.html","og_site_name":"JusticeInfo.net","article_publisher":"https:\/\/www.facebook.com\/JusticeInfo\/","article_published_time":"2016-05-03T06:03:00+00:00","article_modified_time":"2025-03-20T15:39:26+00:00","og_image":[{"url":"https:\/\/assets.irinnews.org\/s3fs-public\/montage_war_criminals2.png?gLbkO3dSkhZB3XkqQjg9PKa00WT5bNvU","type":"","width":"","height":""}],"author":"Tom Rollins","twitter_card":"summary_large_image","twitter_creator":"@justiceinfonet","twitter_site":"@justiceinfonet","twitter_misc":{"\u00c9crit par":"Tom Rollins","Dur\u00e9e de lecture estim\u00e9e":"10 minutes"},"schema":{"@context":"https:\/\/schema.org","@graph":[{"@type":"NewsArticle","@id":"https:\/\/www.justiceinfo.net\/fr\/27128-la-traque-en-europe-des-criminels-de-guerre-syriens.html#article","isPartOf":{"@id":"https:\/\/www.justiceinfo.net\/fr\/27128-la-traque-en-europe-des-criminels-de-guerre-syriens.html"},"author":{"name":"solivri","@id":"https:\/\/www.justiceinfo.net\/fr#\/schema\/person\/6e53cba1629e2e66f3fc1821d3091865"},"headline":"La traque en Europe des criminels de guerre syriens","datePublished":"2016-05-03T06:03:00+00:00","dateModified":"2025-03-20T15:39:26+00:00","mainEntityOfPage":{"@id":"https:\/\/www.justiceinfo.net\/fr\/27128-la-traque-en-europe-des-criminels-de-guerre-syriens.html"},"wordCount":2035,"commentCount":0,"publisher":{"@id":"https:\/\/www.justiceinfo.net\/fr#organization"},"image":{"@id":"https:\/\/www.justiceinfo.net\/fr\/27128-la-traque-en-europe-des-criminels-de-guerre-syriens.html#primaryimage"},"thumbnailUrl":"https:\/\/assets.irinnews.org\/s3fs-public\/montage_war_criminals2.png?gLbkO3dSkhZB3XkqQjg9PKa00WT5bNvU","keywords":["Bachar el-Assad"],"articleSection":["Comp\u00e9tence universelle","Opinions"],"inLanguage":"fr-FR","potentialAction":[{"@type":"CommentAction","name":"Comment","target":["https:\/\/www.justiceinfo.net\/fr\/27128-la-traque-en-europe-des-criminels-de-guerre-syriens.html#respond"]}]},{"@type":"WebPage","@id":"https:\/\/www.justiceinfo.net\/fr\/27128-la-traque-en-europe-des-criminels-de-guerre-syriens.html","url":"https:\/\/www.justiceinfo.net\/fr\/27128-la-traque-en-europe-des-criminels-de-guerre-syriens.html","name":"La traque en Europe des criminels de guerre syriens - JusticeInfo.net","isPartOf":{"@id":"https:\/\/www.justiceinfo.net\/fr#website"},"primaryImageOfPage":{"@id":"https:\/\/www.justiceinfo.net\/fr\/27128-la-traque-en-europe-des-criminels-de-guerre-syriens.html#primaryimage"},"image":{"@id":"https:\/\/www.justiceinfo.net\/fr\/27128-la-traque-en-europe-des-criminels-de-guerre-syriens.html#primaryimage"},"thumbnailUrl":"https:\/\/assets.irinnews.org\/s3fs-public\/montage_war_criminals2.png?gLbkO3dSkhZB3XkqQjg9PKa00WT5bNvU","datePublished":"2016-05-03T06:03:00+00:00","dateModified":"2025-03-20T15:39:26+00:00","breadcrumb":{"@id":"https:\/\/www.justiceinfo.net\/fr\/27128-la-traque-en-europe-des-criminels-de-guerre-syriens.html#breadcrumb"},"inLanguage":"fr-FR","potentialAction":[{"@type":"ReadAction","target":["https:\/\/www.justiceinfo.net\/fr\/27128-la-traque-en-europe-des-criminels-de-guerre-syriens.html"]}]},{"@type":"ImageObject","inLanguage":"fr-FR","@id":"https:\/\/www.justiceinfo.net\/fr\/27128-la-traque-en-europe-des-criminels-de-guerre-syriens.html#primaryimage","url":"https:\/\/assets.irinnews.org\/s3fs-public\/montage_war_criminals2.png?gLbkO3dSkhZB3XkqQjg9PKa00WT5bNvU","contentUrl":"https:\/\/assets.irinnews.org\/s3fs-public\/montage_war_criminals2.png?gLbkO3dSkhZB3XkqQjg9PKa00WT5bNvU"},{"@type":"BreadcrumbList","@id":"https:\/\/www.justiceinfo.net\/fr\/27128-la-traque-en-europe-des-criminels-de-guerre-syriens.html#breadcrumb","itemListElement":[{"@type":"ListItem","position":1,"name":"Home","item":"https:\/\/www.justiceinfo.net\/fr"},{"@type":"ListItem","position":2,"name":"La traque en Europe des criminels de guerre syriens"}]},{"@type":"WebSite","@id":"https:\/\/www.justiceinfo.net\/fr#website","url":"https:\/\/www.justiceinfo.net\/fr","name":"JusticeInfo.net","description":"La justice doit \u00eatre vue pour \u00eatre rendue","publisher":{"@id":"https:\/\/www.justiceinfo.net\/fr#organization"},"potentialAction":[{"@type":"SearchAction","target":{"@type":"EntryPoint","urlTemplate":"https:\/\/www.justiceinfo.net\/fr?s={search_term_string}"},"query-input":{"@type":"PropertyValueSpecification","valueRequired":true,"valueName":"search_term_string"}}],"inLanguage":"fr-FR"},{"@type":"Organization","@id":"https:\/\/www.justiceinfo.net\/fr#organization","name":"Justice Info","url":"https:\/\/www.justiceinfo.net\/fr","logo":{"@type":"ImageObject","inLanguage":"fr-FR","@id":"https:\/\/www.justiceinfo.net\/fr#\/schema\/logo\/image\/","url":"https:\/\/www.justiceinfo.net\/wp-content\/uploads\/justiceinfo_logo-trans_1200x1200px.png","contentUrl":"https:\/\/www.justiceinfo.net\/wp-content\/uploads\/justiceinfo_logo-trans_1200x1200px.png","width":1199,"height":1200,"caption":"Justice Info"},"image":{"@id":"https:\/\/www.justiceinfo.net\/fr#\/schema\/logo\/image\/"},"sameAs":["https:\/\/www.facebook.com\/JusticeInfo\/","https:\/\/x.com\/justiceinfonet","https:\/\/www.linkedin.com\/company\/justice-info","https:\/\/www.youtube.com\/channel\/UCyCEsARodyuWtkWyhn-e7pA"]},{"@type":"Person","name":"Tom Rollins","url":"\/fr\/?s=Tom Rollins"}]}},"_links":{"self":[{"href":"https:\/\/www.justiceinfo.net\/fr\/wp-json\/wp\/v2\/posts\/27128","targetHints":{"allow":["GET"]}}],"collection":[{"href":"https:\/\/www.justiceinfo.net\/fr\/wp-json\/wp\/v2\/posts"}],"about":[{"href":"https:\/\/www.justiceinfo.net\/fr\/wp-json\/wp\/v2\/types\/post"}],"author":[{"embeddable":true,"href":"https:\/\/www.justiceinfo.net\/fr\/wp-json\/wp\/v2\/users\/64"}],"replies":[{"embeddable":true,"href":"https:\/\/www.justiceinfo.net\/fr\/wp-json\/wp\/v2\/comments?post=27128"}],"version-history":[{"count":2,"href":"https:\/\/www.justiceinfo.net\/fr\/wp-json\/wp\/v2\/posts\/27128\/revisions"}],"predecessor-version":[{"id":143030,"href":"https:\/\/www.justiceinfo.net\/fr\/wp-json\/wp\/v2\/posts\/27128\/revisions\/143030"}],"wp:attachment":[{"href":"https:\/\/www.justiceinfo.net\/fr\/wp-json\/wp\/v2\/media?parent=27128"}],"wp:term":[{"taxonomy":"category","embeddable":true,"href":"https:\/\/www.justiceinfo.net\/fr\/wp-json\/wp\/v2\/categories?post=27128"},{"taxonomy":"post_tag","embeddable":true,"href":"https:\/\/www.justiceinfo.net\/fr\/wp-json\/wp\/v2\/tags?post=27128"},{"taxonomy":"ji_location","embeddable":true,"href":"https:\/\/www.justiceinfo.net\/fr\/wp-json\/wp\/v2\/ji_location?post=27128"}],"curies":[{"name":"wp","href":"https:\/\/api.w.org\/{rel}","templated":true}]}}