{"id":27335,"date":"2016-05-13T06:27:22","date_gmt":"2016-05-13T04:27:22","guid":{"rendered":"https:\/\/www.justiceinfo.net\/27335-proces-du-genocide-rwandais-a-paris-le-portrait-des-accuses.html"},"modified":"2016-05-13T06:27:22","modified_gmt":"2016-05-13T04:27:22","slug":"proces-du-genocide-rwandais-a-paris-le-portrait-des-accuses","status":"publish","type":"post","link":"https:\/\/www.justiceinfo.net\/fr\/27335-proces-du-genocide-rwandais-a-paris-le-portrait-des-accuses.html","title":{"rendered":"Proc\u00e8s du g\u00e9nocide rwandais \u00e0 Paris : portrait des accus\u00e9s"},"content":{"rendered":"<p><strong>Apr\u00e8s trois journ\u00e9es d\u2019audience, les caract\u00e8res se d\u00e9voilent des deux notables ayant occup\u00e9 le si\u00e8ge de bourgmestre \u00e0 la commune de Kabarondo (Est du Rwanda), co-accus\u00e9s dans le proc\u00e8s ouvert pour g\u00e9nocide ce mardi, devant la cour d\u2019assises de Paris. Peu loquace, voix sourde s\u2019exprimant en kinyarwanda, Tito Barahira a \u00e9t\u00e9 soumis le premier \u00e0 l\u2019interrogatoire de personnalit\u00e9. Son cadet, Octavien Ngenzi, plus press\u00e9 de s\u2019expliquer, lui a succ\u00e9d\u00e9.<\/strong><\/p>\n<p><!--more--><\/p>\n<p>Dans ce \u00ab\u00a0combat du tigre contre un \u00e2ne ficel\u00e9\u00a0\u00bb d\u00e9peint \u00e0 l\u2019ouverture du proc\u00e8s par l\u2019avocate d\u2019Octavien Ngenzi, pour d\u00e9crier la faiblesse des moyens de la d\u00e9fense, les griffes ne sortent pas que de l\u2019attaquant. Celle qui a pris la d\u00e9fense du Rwandais d\u00e8s son arrestation \u00e0 Mayotte, il y a six ans, compte bien tra\u00eener la France devant la Cour europ\u00e9enne des droits de l\u2019homme pour une proc\u00e9dure o\u00f9, plaide Me Fran\u00e7oise Math\u00e9, \u00ab\u00a0l\u2019exercice des droits de la d\u00e9fense ne trouve pas de cadre \u00e0 la hauteur des enjeux\u00a0\u00bb. Se pr\u00e9sentant comme militante de la comp\u00e9tence universelle, la co-fondatrice d\u2019Avocats sans fronti\u00e8res France reproche aux juges d\u2019instruction de n\u2019avoir\u00a0\u00ab\u00a0m\u00eame pas statu\u00e9 sur les demandes de la d\u00e9fense d\u2019un transport sur les lieux\u00a0[au Rwanda] dans le cadre de la coop\u00e9ration avec un pays que je qualifie de dictature sanglante\u00a0\u00bb.<\/p>\n<h4>\u00ab Crimes de masse \u00e9pouvantables\u00a0\u00bb<\/h4>\n<p>Le d\u00e9cor est pos\u00e9 et le public, moins nombreux que pour le proc\u00e8s Simbinkangwa il y a deux ans, fix\u00e9 sur la pr\u00e9sence d\u2019une d\u00e9fense solide et combattive. Les parties civiles r\u00e9pliquent. \u00ab\u00a0Pendant quatre ann\u00e9es, des magistrats instructeurs au-dessus de tout soup\u00e7on, totalement d\u00e9vou\u00e9s, ont instruit cette affaire dans des conditions de l\u00e9galit\u00e9 absolue.\u00a0\u00bb Un doigt point\u00e9 sur le box des accus\u00e9s, Me Michel Laval, avocat du Collectif pour les parties civiles au Rwanda (CPCR) convoque \u00ab\u00a0les crimes de masse \u00e9pouvantables \u00e9valu\u00e9s entre 800.000 et 1 millions de morts (\u2026) qui hantent cette salle\u00a0\u00bb. \u00ab\u00a0J\u2019ai \u00e0 mes c\u00f4t\u00e9s une association, poursuit-il en pivotant vers son pr\u00e9sident Alain Gauthier et sa femme Dafroza, qui ne sont pas des accusateurs priv\u00e9s mais qui sont l\u00e0 pour faire entendre la voix de tous ceux qui ont \u00e9t\u00e9 d\u00e9coup\u00e9s \u00e0 la machette.\u00a0\u00bb<\/p>\n<p>\u00a0Les jur\u00e9s, tir\u00e9s au sort le matin m\u00eame, partent pour un voyage sans joie de deux mois. Les crimes dont on accuse Octavien Ngenzi et Tito Barahira se d\u00e9roulent sur une p\u00e9riode de deux semaines. Dans la zone de Kabarondo, l\u2019arm\u00e9e du Front patriotique rwandais (FPR) arrive en effet tr\u00e8s vite apr\u00e8s le d\u00e9clenchement du g\u00e9nocide. Causant la fuite des deux acteurs du proc\u00e8s. Barahira, le plus ancien des deux bourgmestres, l\u2019a \u00e9t\u00e9 de 1976 \u00e0 1986. Il n\u2019est plus qu\u2019un employ\u00e9 de la compagnie \u00c9lectrogaz, dit-il, lorsque l\u2019avion du pr\u00e9sident Habyarimana est abattu le 6 avril 1994. Il d\u00e9crit l\u2019avanc\u00e9e rapide des rebelles. \u00ab\u00a0Il y a eu beaucoup de probl\u00e8mes dans le secteur, traduit son interpr\u00e8te, et \u00e0 plusieurs endroits il y a eu des massacres qui ont \u00f4t\u00e9 la vie \u00e0 des victimes, notamment des tutsis.\u00a0\u00bb<\/p>\n<h4>\u00ab\u00a0Des probl\u00e8mes d\u2019incarc\u00e9ration\u00a0durant ma retraite \u00bb<\/h4>\n<p>\u00ab\u00a0La guerre arrivait \u00e0 Kabarondo. J\u2019ai trouv\u00e9 n\u00e9cessaire de m\u2019enfuir avec ma famille en Tanzanie.\u00a0\u00bb Barahira \u00e9choue dans le camp de Benaco, avec son fils a\u00een\u00e9. \u00c0 la recherche du reste de sa famille il rejoint Nairobi, o\u00f9 sa femme et ses autres enfants le rejoignent. Sa femme obtient l\u2019asile en France en 1998. Les enfants la rejoignent. Lui n\u2019arrive qu\u2019en d\u00e9cembre 2004. \u00ab\u00a0J\u2019\u00e9tais malade, j\u2019avais de la tension, mais je faisais tout pour m\u2019int\u00e9grer.\u00a0\u00bb Il encha\u00eene les \u00ab\u00a0CDI\u00a0\u00bb, dit-il, dans les entreprises de nettoyage. Et les probl\u00e8mes de sant\u00e9. Obtient une pension d\u2019invalidit\u00e9 qu\u2019il appelle sa \u00ab\u00a0retraite\u00a0\u00bb. Puis, \u00e9nonce-t-il pudiquement, \u00ab\u00a0j\u2019ai eu des probl\u00e8mes d\u2019incarc\u00e9ration durant ma retraite.\u00a0\u00bb L\u2019homme, qui r\u00e9side pr\u00e8s de Toulouse, est rattrap\u00e9 par une plainte du CPCR. Selon l\u2019instruction, peu de t\u00e9moignages d\u00e9taillent la fa\u00e7on dont il a exerc\u00e9 ses fonctions de bourgmestre, mais \u00ab\u00a0le comportement de l\u2019accus\u00e9 aurait nettement chang\u00e9 \u00e0 compter de 1990\u00a0\u00bb.\u00a0Il aurait particip\u00e9 \u00e0 des r\u00e9unions \u00ab\u00a0anti-tutsi\u00a0\u00bb en pr\u00e9sence d\u2019Octavien Ngenzi et de l\u2019homme puissant de la r\u00e9gion,\u00a0mentor pr\u00e9sum\u00e9 des deux bourgmestres, le colonel Pierre-C\u00e9lestin Rwagafilita. Consid\u00e9r\u00e9 comme un membre influent du clan pr\u00e9sidentiel baptis\u00e9\u00a0\u00ab akazu\u00a0\u00bb (la petite maison),\u00a0ancien chef d\u2019\u00e9tat-major adjoint de la gendarmerie rwandaise, Rwagafilita serait aujourd\u2019hui d\u00e9c\u00e9d\u00e9. Plusieurs t\u00e9moins d\u00e9signent Barahira comme un leader au cours de cette p\u00e9riode. Certains le consid\u00e8rent comme le chef local des milices Interahamwe.<\/p>\n<p>Grisonnant, malade, install\u00e9 dans un fauteuil bleu, Tito Barahira va rythmer le proc\u00e8s de ses dialyses, deux apr\u00e8s-midi par semaine. L\u2019enqu\u00eate de personnalit\u00e9 d\u00e9crit un homme d\u00e9tach\u00e9, qui \u00e9vite de s\u2019impliquer \u00e9motionnellement, ayant des contacts peu ais\u00e9s avec son entourage. Il n\u2019a re\u00e7u que trois visites en prison en 2015. Seul son fils a\u00een\u00e9 reste proche. Sur Barahira, les \u00e9lans de l\u2019avocat g\u00e9n\u00e9ral Philippe Courroye se brisent sans heurt. Sur son influence\u00a0: \u00ab\u00a0N\u2019aviez-vous pas un certain prestige apr\u00e8s dix ans comme bourgmestre\u00a0?\u00a0\u00bb - \u00ab\u00a0Je connais beaucoup de monde mais c\u2019est le monde qui me connait plus que je les connais\u00a0\u00bb. Sur des contacts avec les Interahamwe\u00a0: \u00ab\u00a0Je n\u2019ai jamais eu de contact parce qu\u2019\u00e0 Kabarondo il n\u2019y en avait pas. \u00bb<\/p>\n<h4>\u00ab\u00a0Un simple bourgmestre\u00a0\u00bb<\/h4>\n<p>Sur un banc \u00e0 sa gauche, rehauss\u00e9 d\u2019un coussin \u00e9pais, Octavien Ngenzi suit du regard chaque \u00e9change, se contient. Mais lorsque vient son tour de d\u00e9crire son parcours, les mots lui viennent mal. Il parle clair, puis bas \u00e0 son tour, se tord les mains, frotte ses avants bras, \u00e9voque assez vite une enfance pauvre, un p\u00e8re agriculteur, ses \u00e9tudes d\u2019agronome et son affectation par le minist\u00e8re de l\u2019Agriculture dans sa commune d\u2019origine, Kabarondo. \u00ab\u00a0Tite\u00a0\u00bb, qu\u2019il conna\u00eet y est devenu bourgmestre. L\u2019\u00e9tendue de la commune, qui fait \u00ab\u00a0162 km2\u00a0\u00bb, et dont il doit visiter chaque exploitation. Les \u00e9tudes qu\u2019il reprend, cette fois pour devenir ing\u00e9nieur.<\/p>\n<p>Le r\u00e9cit d\u00e9file. Puis se pr\u00e9cise quand, \u00ab\u00a0le 6 mai 1986\u00a0\u00bb, il croise une Nissan Patrol. \u00ab\u00a0Voiture utilis\u00e9e par les services de renseignements.\u00a0\u00bb Un homme \u00e0 l\u2019arri\u00e8re annonce que \u00ab\u00a0le pr\u00e9sident de la R\u00e9publique, tout \u00e0 l\u2019heure, a sign\u00e9 un arr\u00eat\u00e9 qui te nomme bourgmestre.\u00a0\u00bb Ngenzi est surpris, un peu d\u00e9\u00e7u aussi parce qu\u2019il a d\u2019autres ambitions qu\u2019\u00eatre \u00ab\u00a0un simple bourgmestre\u00a0\u00bb. Impossible de refuser. De nouveau, le d\u00e9bit s\u2019acc\u00e9l\u00e8re. \u00ab\u00a0J\u2019ai occup\u00e9 cette fonction du 7 mai 1986 au 16 avril 1994. Apr\u00e8s j\u2019ai pris la route du Kenya, des Comores, de Mayotte. C\u2019est comme \u00e7a que je suis ici.\u00a0\u00bb Ngenzi \u00e9voque alors la population \u00ab\u00a0m\u00e9lang\u00e9e\u00a0\u00bb de Fleury-M\u00e9rogis. S\u2019arr\u00eate, tire sur le bas de sa chemisette. \u00ab\u00a0Je me sens d\u00e9bord\u00e9, je m\u2019excuse\u2026\u00a0\u00bb<\/p>\n<h4>\u00ab\u00a0Le FPR a tu\u00e9, il continue\u00a0\u00bb<\/h4>\n<p>Au fil des questions, la confiance lui vient. Ses bras s\u2019ouvrent, ponctuent chaque phrase. Il nie \u00e0 son tour les accusations. \u00ab\u00a0\u00c0 Kabarondo, il n\u2019y a jamais eu de racisme, de s\u00e9gr\u00e9gation. On ne sait pas rechercher qui est hutu, qui est tutsi dans cette r\u00e9gion-l\u00e0.\u00a0\u00bb La pr\u00e9sidente de la chambre d\u2019assises, Madeleine Mathieu, lui demande alors pourquoi il n\u2019est pas rentr\u00e9 au Rwanda apr\u00e8s la guerre, en 1995\u00a0? Un filet de voix\u00a0: \u00ab\u00a0Le FPR a tu\u00e9 depuis 1990, il continue, il continue, il continue\u2026 je m\u2019excuse mais c\u2019est la r\u00e9alit\u00e9.\u00a0\u00bb Son engagement au sein du parti pr\u00e9sidentiel, d\u00e9crite par des t\u00e9moins, m\u00eame apr\u00e8s l\u2019arriv\u00e9e du multipartisme\u00a0? \u00ab\u00a0Ce n\u2019est pas du militantisme, mais ce que l\u2019on nomme \u2018ishaka\u2019 en kinyarwanda, du d\u00e9vouement pour la cause de la population locale.\u00a0\u00bb<\/p>\n<p>\u00c0 l\u2019unisson avec Barahira, Ngenzi d\u00e9crit une commune \u00e0 part, \u00e9trangement pr\u00e9serv\u00e9e de la haine. \u00ab\u00a0Jusqu\u2019au g\u00e9nocide.\u00a0\u00bb L\u00e0, mart\u00e8le-t-il, \u00ab\u00a0ce n\u2019est pas la population qui a chang\u00e9, c\u2019est la situation.\u00a0\u00bb \u00c0 Kabarondo, il n\u2019y avait pas d\u2019extr\u00e9mistes, mais la peur a envahi toute la population. \u00ab\u00a0Les extr\u00e9mistes on les verra depuis le 8 [avril 1994] et en ma pr\u00e9sence jusqu\u2019au 15.\u00a0\u00bb Et ailleurs dans le pays\u00a0? \u00ab\u00a0Pour ce qui est de l\u2019extr\u00e9misme, je ne sais pas d\u00e9passer la commune de Kabarondo o\u00f9 j\u2019\u00e9tais bourgmestre. Je ne sais pas.\u00a0\u00bb Le procureur Courroye s\u2019\u00e9lance \u00e0 nouveau, sur la division ethnique. Trouve une meilleure prise cette fois. \u00ab\u00a0C\u2019est \u00e7a notre probl\u00e8me, s\u2019exclame Ngenzi. Quand cela va s\u2019arr\u00eater\u00a0? \u00c7a ne finit jamais. \u00c7a aurait d\u00fb finir avec le g\u00e9nocide qui est pass\u00e9 et \u00e7a aurait d\u00fb recommencer sur de nouvelles bases.\u00a0\u00bb<\/p>\n<p>Ngenzi a \u00e9t\u00e9 f\u00e9brile, mais spontan\u00e9. Son avocate para\u00eet soulag\u00e9e. \u00ab\u00a0Mme la pr\u00e9sidente, ponctue Me Math\u00e9, je crois que nous sommes tr\u00e8s \u00e9clair\u00e9s sur la personnalit\u00e9 de l\u2019accus\u00e9.\u00a0\u00bb L\u2019audience se poursuit, ce vendredi, avec l\u2019audition de l\u2019ex-\u00e9pouse de Tito Barahira.\u00a0\u00a0\u00a0\u00a0\u00a0<\/p>\n","protected":false},"excerpt":{"rendered":"<p>Apr\u00e8s trois journ\u00e9es d\u2019audience, les caract\u00e8res se d\u00e9voilent des deux notables ayant occup\u00e9 le si\u00e8ge de bourgmestre \u00e0 la commune de Kabarondo (Est du Rwanda), co-accus\u00e9s dans le proc\u00e8s ouvert pour g\u00e9nocide ce mardi, devant la cour d\u2019assises de Paris. Peu loquace, voix sourde s\u2019exprimant en kinyarwanda, Tito Barahira a \u00e9t\u00e9 soumis le premier \u00e0 [&hellip;]<\/p>\n","protected":false},"author":72,"featured_media":62660,"comment_status":"open","ping_status":"closed","sticky":false,"template":"","format":"standard","meta":{"_acf_changed":false,"footnotes":""},"categories":[574],"tags":[],"ji_location":[2230],"class_list":["post-27335","post","type-post","status-publish","format-standard","has-post-thumbnail","hentry","category-tribunaux-nationaux","ji_location-france"],"acf":[],"yoast_head":"<!-- This site is optimized with the Yoast SEO Premium plugin v25.3.1 (Yoast SEO v25.3.1) - https:\/\/yoast.com\/wordpress\/plugins\/seo\/ -->\n<title>Proc\u00e8s du g\u00e9nocide rwandais \u00e0 Paris : portrait des accus\u00e9s - JusticeInfo.net<\/title>\n<meta name=\"robots\" content=\"index, follow, max-snippet:-1, max-image-preview:large, max-video-preview:-1\" \/>\n<link rel=\"canonical\" href=\"https:\/\/www.justiceinfo.net\/fr\/27335-proces-du-genocide-rwandais-a-paris-le-portrait-des-accuses.html\" \/>\n<meta property=\"og:locale\" content=\"fr_FR\" \/>\n<meta property=\"og:type\" content=\"article\" \/>\n<meta property=\"og:title\" content=\"Proc\u00e8s du g\u00e9nocide rwandais \u00e0 Paris : portrait des accus\u00e9s\" \/>\n<meta property=\"og:description\" content=\"Apr\u00e8s trois journ\u00e9es d\u2019audience, les caract\u00e8res se d\u00e9voilent des deux notables ayant occup\u00e9 le si\u00e8ge de bourgmestre \u00e0 la commune de Kabarondo (Est du Rwanda), co-accus\u00e9s dans le proc\u00e8s ouvert pour g\u00e9nocide ce mardi, devant la cour d\u2019assises de Paris. Peu loquace, voix sourde s\u2019exprimant en kinyarwanda, Tito Barahira a \u00e9t\u00e9 soumis le premier \u00e0 [&hellip;]\" \/>\n<meta property=\"og:url\" content=\"https:\/\/www.justiceinfo.net\/fr\/27335-proces-du-genocide-rwandais-a-paris-le-portrait-des-accuses.html\" \/>\n<meta property=\"og:site_name\" content=\"JusticeInfo.net\" \/>\n<meta property=\"article:publisher\" content=\"https:\/\/www.facebook.com\/JusticeInfo\/\" \/>\n<meta property=\"article:published_time\" content=\"2016-05-13T04:27:22+00:00\" \/>\n<meta property=\"og:image\" content=\"https:\/\/www.justiceinfo.net\/wp-content\/uploads\/401e16bb4582a405a3b2d6b7f6f1a10e-scaled.jpg\" \/>\n\t<meta property=\"og:image:width\" content=\"2560\" \/>\n\t<meta property=\"og:image:height\" content=\"1860\" \/>\n\t<meta property=\"og:image:type\" content=\"image\/jpeg\" \/>\n<meta name=\"author\" content=\"Franck Petit\" \/>\n<meta name=\"twitter:card\" content=\"summary_large_image\" \/>\n<meta name=\"twitter:creator\" content=\"@FranckF_P\" \/>\n<meta name=\"twitter:site\" content=\"@justiceinfonet\" \/>\n<meta name=\"twitter:label1\" content=\"\u00c9crit par\" \/>\n\t<meta name=\"twitter:data1\" content=\"Franck Petit\" \/>\n\t<meta name=\"twitter:label2\" content=\"Dur\u00e9e de lecture estim\u00e9e\" \/>\n\t<meta name=\"twitter:data2\" content=\"8 minutes\" \/>\n<script type=\"application\/ld+json\" class=\"yoast-schema-graph\">{\"@context\":\"https:\/\/schema.org\",\"@graph\":[{\"@type\":\"NewsArticle\",\"@id\":\"https:\/\/www.justiceinfo.net\/fr\/27335-proces-du-genocide-rwandais-a-paris-le-portrait-des-accuses.html#article\",\"isPartOf\":{\"@id\":\"https:\/\/www.justiceinfo.net\/fr\/27335-proces-du-genocide-rwandais-a-paris-le-portrait-des-accuses.html\"},\"author\":{\"name\":\"fpetit\",\"@id\":\"https:\/\/www.justiceinfo.net\/fr#\/schema\/person\/594d5223f847f747608174d9c27d1abc\"},\"headline\":\"Proc\u00e8s du g\u00e9nocide rwandais \u00e0 Paris : portrait des accus\u00e9s\",\"datePublished\":\"2016-05-13T04:27:22+00:00\",\"mainEntityOfPage\":{\"@id\":\"https:\/\/www.justiceinfo.net\/fr\/27335-proces-du-genocide-rwandais-a-paris-le-portrait-des-accuses.html\"},\"wordCount\":1595,\"commentCount\":0,\"publisher\":{\"@id\":\"https:\/\/www.justiceinfo.net\/fr#organization\"},\"image\":{\"@id\":\"https:\/\/www.justiceinfo.net\/fr\/27335-proces-du-genocide-rwandais-a-paris-le-portrait-des-accuses.html#primaryimage\"},\"thumbnailUrl\":\"https:\/\/www.justiceinfo.net\/wp-content\/uploads\/401e16bb4582a405a3b2d6b7f6f1a10e-scaled.jpg\",\"articleSection\":[\"Tribunaux nationaux\"],\"inLanguage\":\"fr-FR\",\"potentialAction\":[{\"@type\":\"CommentAction\",\"name\":\"Comment\",\"target\":[\"https:\/\/www.justiceinfo.net\/fr\/27335-proces-du-genocide-rwandais-a-paris-le-portrait-des-accuses.html#respond\"]}]},{\"@type\":\"WebPage\",\"@id\":\"https:\/\/www.justiceinfo.net\/fr\/27335-proces-du-genocide-rwandais-a-paris-le-portrait-des-accuses.html\",\"url\":\"https:\/\/www.justiceinfo.net\/fr\/27335-proces-du-genocide-rwandais-a-paris-le-portrait-des-accuses.html\",\"name\":\"Proc\u00e8s du g\u00e9nocide rwandais \u00e0 Paris : portrait des accus\u00e9s - JusticeInfo.net\",\"isPartOf\":{\"@id\":\"https:\/\/www.justiceinfo.net\/fr#website\"},\"primaryImageOfPage\":{\"@id\":\"https:\/\/www.justiceinfo.net\/fr\/27335-proces-du-genocide-rwandais-a-paris-le-portrait-des-accuses.html#primaryimage\"},\"image\":{\"@id\":\"https:\/\/www.justiceinfo.net\/fr\/27335-proces-du-genocide-rwandais-a-paris-le-portrait-des-accuses.html#primaryimage\"},\"thumbnailUrl\":\"https:\/\/www.justiceinfo.net\/wp-content\/uploads\/401e16bb4582a405a3b2d6b7f6f1a10e-scaled.jpg\",\"datePublished\":\"2016-05-13T04:27:22+00:00\",\"breadcrumb\":{\"@id\":\"https:\/\/www.justiceinfo.net\/fr\/27335-proces-du-genocide-rwandais-a-paris-le-portrait-des-accuses.html#breadcrumb\"},\"inLanguage\":\"fr-FR\",\"potentialAction\":[{\"@type\":\"ReadAction\",\"target\":[\"https:\/\/www.justiceinfo.net\/fr\/27335-proces-du-genocide-rwandais-a-paris-le-portrait-des-accuses.html\"]}]},{\"@type\":\"ImageObject\",\"inLanguage\":\"fr-FR\",\"@id\":\"https:\/\/www.justiceinfo.net\/fr\/27335-proces-du-genocide-rwandais-a-paris-le-portrait-des-accuses.html#primaryimage\",\"url\":\"https:\/\/www.justiceinfo.net\/wp-content\/uploads\/401e16bb4582a405a3b2d6b7f6f1a10e-scaled.jpg\",\"contentUrl\":\"https:\/\/www.justiceinfo.net\/wp-content\/uploads\/401e16bb4582a405a3b2d6b7f6f1a10e-scaled.jpg\",\"width\":2560,\"height\":1860},{\"@type\":\"BreadcrumbList\",\"@id\":\"https:\/\/www.justiceinfo.net\/fr\/27335-proces-du-genocide-rwandais-a-paris-le-portrait-des-accuses.html#breadcrumb\",\"itemListElement\":[{\"@type\":\"ListItem\",\"position\":1,\"name\":\"Home\",\"item\":\"https:\/\/www.justiceinfo.net\/fr\"},{\"@type\":\"ListItem\",\"position\":2,\"name\":\"Proc\u00e8s du g\u00e9nocide rwandais \u00e0 Paris : portrait des accus\u00e9s\"}]},{\"@type\":\"WebSite\",\"@id\":\"https:\/\/www.justiceinfo.net\/fr#website\",\"url\":\"https:\/\/www.justiceinfo.net\/fr\",\"name\":\"JusticeInfo.net\",\"description\":\"La justice doit \u00eatre vue pour \u00eatre rendue\",\"publisher\":{\"@id\":\"https:\/\/www.justiceinfo.net\/fr#organization\"},\"potentialAction\":[{\"@type\":\"SearchAction\",\"target\":{\"@type\":\"EntryPoint\",\"urlTemplate\":\"https:\/\/www.justiceinfo.net\/fr?s={search_term_string}\"},\"query-input\":{\"@type\":\"PropertyValueSpecification\",\"valueRequired\":true,\"valueName\":\"search_term_string\"}}],\"inLanguage\":\"fr-FR\"},{\"@type\":\"Organization\",\"@id\":\"https:\/\/www.justiceinfo.net\/fr#organization\",\"name\":\"Justice Info\",\"url\":\"https:\/\/www.justiceinfo.net\/fr\",\"logo\":{\"@type\":\"ImageObject\",\"inLanguage\":\"fr-FR\",\"@id\":\"https:\/\/www.justiceinfo.net\/fr#\/schema\/logo\/image\/\",\"url\":\"https:\/\/www.justiceinfo.net\/wp-content\/uploads\/justiceinfo_logo-trans_1200x1200px.png\",\"contentUrl\":\"https:\/\/www.justiceinfo.net\/wp-content\/uploads\/justiceinfo_logo-trans_1200x1200px.png\",\"width\":1199,\"height\":1200,\"caption\":\"Justice Info\"},\"image\":{\"@id\":\"https:\/\/www.justiceinfo.net\/fr#\/schema\/logo\/image\/\"},\"sameAs\":[\"https:\/\/www.facebook.com\/JusticeInfo\/\",\"https:\/\/x.com\/justiceinfonet\",\"https:\/\/www.linkedin.com\/company\/justice-info\",\"https:\/\/www.youtube.com\/channel\/UCyCEsARodyuWtkWyhn-e7pA\"]},{\"@type\":\"Person\",\"name\":\"Franck Petit\",\"sameAs\":[\"https:\/\/x.com\/FranckF_P\"],\"url\":\"https:\/\/www.justiceinfo.net\/fr\/auteur\/fpetit\"}]}<\/script>\n<!-- \/ Yoast SEO Premium plugin. -->","yoast_head_json":{"title":"Proc\u00e8s du g\u00e9nocide rwandais \u00e0 Paris : portrait des accus\u00e9s - JusticeInfo.net","robots":{"index":"index","follow":"follow","max-snippet":"max-snippet:-1","max-image-preview":"max-image-preview:large","max-video-preview":"max-video-preview:-1"},"canonical":"https:\/\/www.justiceinfo.net\/fr\/27335-proces-du-genocide-rwandais-a-paris-le-portrait-des-accuses.html","og_locale":"fr_FR","og_type":"article","og_title":"Proc\u00e8s du g\u00e9nocide rwandais \u00e0 Paris : portrait des accus\u00e9s","og_description":"Apr\u00e8s trois journ\u00e9es d\u2019audience, les caract\u00e8res se d\u00e9voilent des deux notables ayant occup\u00e9 le si\u00e8ge de bourgmestre \u00e0 la commune de Kabarondo (Est du Rwanda), co-accus\u00e9s dans le proc\u00e8s ouvert pour g\u00e9nocide ce mardi, devant la cour d\u2019assises de Paris. Peu loquace, voix sourde s\u2019exprimant en kinyarwanda, Tito Barahira a \u00e9t\u00e9 soumis le premier \u00e0 [&hellip;]","og_url":"https:\/\/www.justiceinfo.net\/fr\/27335-proces-du-genocide-rwandais-a-paris-le-portrait-des-accuses.html","og_site_name":"JusticeInfo.net","article_publisher":"https:\/\/www.facebook.com\/JusticeInfo\/","article_published_time":"2016-05-13T04:27:22+00:00","og_image":[{"width":2560,"height":1860,"url":"https:\/\/www.justiceinfo.net\/wp-content\/uploads\/401e16bb4582a405a3b2d6b7f6f1a10e-scaled.jpg","type":"image\/jpeg"}],"author":"Franck Petit","twitter_card":"summary_large_image","twitter_creator":"@FranckF_P","twitter_site":"@justiceinfonet","twitter_misc":{"\u00c9crit par":"Franck Petit","Dur\u00e9e de lecture estim\u00e9e":"8 minutes"},"schema":{"@context":"https:\/\/schema.org","@graph":[{"@type":"NewsArticle","@id":"https:\/\/www.justiceinfo.net\/fr\/27335-proces-du-genocide-rwandais-a-paris-le-portrait-des-accuses.html#article","isPartOf":{"@id":"https:\/\/www.justiceinfo.net\/fr\/27335-proces-du-genocide-rwandais-a-paris-le-portrait-des-accuses.html"},"author":{"name":"fpetit","@id":"https:\/\/www.justiceinfo.net\/fr#\/schema\/person\/594d5223f847f747608174d9c27d1abc"},"headline":"Proc\u00e8s du g\u00e9nocide rwandais \u00e0 Paris : portrait des accus\u00e9s","datePublished":"2016-05-13T04:27:22+00:00","mainEntityOfPage":{"@id":"https:\/\/www.justiceinfo.net\/fr\/27335-proces-du-genocide-rwandais-a-paris-le-portrait-des-accuses.html"},"wordCount":1595,"commentCount":0,"publisher":{"@id":"https:\/\/www.justiceinfo.net\/fr#organization"},"image":{"@id":"https:\/\/www.justiceinfo.net\/fr\/27335-proces-du-genocide-rwandais-a-paris-le-portrait-des-accuses.html#primaryimage"},"thumbnailUrl":"https:\/\/www.justiceinfo.net\/wp-content\/uploads\/401e16bb4582a405a3b2d6b7f6f1a10e-scaled.jpg","articleSection":["Tribunaux nationaux"],"inLanguage":"fr-FR","potentialAction":[{"@type":"CommentAction","name":"Comment","target":["https:\/\/www.justiceinfo.net\/fr\/27335-proces-du-genocide-rwandais-a-paris-le-portrait-des-accuses.html#respond"]}]},{"@type":"WebPage","@id":"https:\/\/www.justiceinfo.net\/fr\/27335-proces-du-genocide-rwandais-a-paris-le-portrait-des-accuses.html","url":"https:\/\/www.justiceinfo.net\/fr\/27335-proces-du-genocide-rwandais-a-paris-le-portrait-des-accuses.html","name":"Proc\u00e8s du g\u00e9nocide rwandais \u00e0 Paris : portrait des accus\u00e9s - JusticeInfo.net","isPartOf":{"@id":"https:\/\/www.justiceinfo.net\/fr#website"},"primaryImageOfPage":{"@id":"https:\/\/www.justiceinfo.net\/fr\/27335-proces-du-genocide-rwandais-a-paris-le-portrait-des-accuses.html#primaryimage"},"image":{"@id":"https:\/\/www.justiceinfo.net\/fr\/27335-proces-du-genocide-rwandais-a-paris-le-portrait-des-accuses.html#primaryimage"},"thumbnailUrl":"https:\/\/www.justiceinfo.net\/wp-content\/uploads\/401e16bb4582a405a3b2d6b7f6f1a10e-scaled.jpg","datePublished":"2016-05-13T04:27:22+00:00","breadcrumb":{"@id":"https:\/\/www.justiceinfo.net\/fr\/27335-proces-du-genocide-rwandais-a-paris-le-portrait-des-accuses.html#breadcrumb"},"inLanguage":"fr-FR","potentialAction":[{"@type":"ReadAction","target":["https:\/\/www.justiceinfo.net\/fr\/27335-proces-du-genocide-rwandais-a-paris-le-portrait-des-accuses.html"]}]},{"@type":"ImageObject","inLanguage":"fr-FR","@id":"https:\/\/www.justiceinfo.net\/fr\/27335-proces-du-genocide-rwandais-a-paris-le-portrait-des-accuses.html#primaryimage","url":"https:\/\/www.justiceinfo.net\/wp-content\/uploads\/401e16bb4582a405a3b2d6b7f6f1a10e-scaled.jpg","contentUrl":"https:\/\/www.justiceinfo.net\/wp-content\/uploads\/401e16bb4582a405a3b2d6b7f6f1a10e-scaled.jpg","width":2560,"height":1860},{"@type":"BreadcrumbList","@id":"https:\/\/www.justiceinfo.net\/fr\/27335-proces-du-genocide-rwandais-a-paris-le-portrait-des-accuses.html#breadcrumb","itemListElement":[{"@type":"ListItem","position":1,"name":"Home","item":"https:\/\/www.justiceinfo.net\/fr"},{"@type":"ListItem","position":2,"name":"Proc\u00e8s du g\u00e9nocide rwandais \u00e0 Paris : portrait des accus\u00e9s"}]},{"@type":"WebSite","@id":"https:\/\/www.justiceinfo.net\/fr#website","url":"https:\/\/www.justiceinfo.net\/fr","name":"JusticeInfo.net","description":"La justice doit \u00eatre vue pour \u00eatre rendue","publisher":{"@id":"https:\/\/www.justiceinfo.net\/fr#organization"},"potentialAction":[{"@type":"SearchAction","target":{"@type":"EntryPoint","urlTemplate":"https:\/\/www.justiceinfo.net\/fr?s={search_term_string}"},"query-input":{"@type":"PropertyValueSpecification","valueRequired":true,"valueName":"search_term_string"}}],"inLanguage":"fr-FR"},{"@type":"Organization","@id":"https:\/\/www.justiceinfo.net\/fr#organization","name":"Justice Info","url":"https:\/\/www.justiceinfo.net\/fr","logo":{"@type":"ImageObject","inLanguage":"fr-FR","@id":"https:\/\/www.justiceinfo.net\/fr#\/schema\/logo\/image\/","url":"https:\/\/www.justiceinfo.net\/wp-content\/uploads\/justiceinfo_logo-trans_1200x1200px.png","contentUrl":"https:\/\/www.justiceinfo.net\/wp-content\/uploads\/justiceinfo_logo-trans_1200x1200px.png","width":1199,"height":1200,"caption":"Justice Info"},"image":{"@id":"https:\/\/www.justiceinfo.net\/fr#\/schema\/logo\/image\/"},"sameAs":["https:\/\/www.facebook.com\/JusticeInfo\/","https:\/\/x.com\/justiceinfonet","https:\/\/www.linkedin.com\/company\/justice-info","https:\/\/www.youtube.com\/channel\/UCyCEsARodyuWtkWyhn-e7pA"]},{"@type":"Person","name":"Franck Petit","sameAs":["https:\/\/x.com\/FranckF_P"],"url":"https:\/\/www.justiceinfo.net\/fr\/auteur\/fpetit"}]}},"_links":{"self":[{"href":"https:\/\/www.justiceinfo.net\/fr\/wp-json\/wp\/v2\/posts\/27335","targetHints":{"allow":["GET"]}}],"collection":[{"href":"https:\/\/www.justiceinfo.net\/fr\/wp-json\/wp\/v2\/posts"}],"about":[{"href":"https:\/\/www.justiceinfo.net\/fr\/wp-json\/wp\/v2\/types\/post"}],"author":[{"embeddable":true,"href":"https:\/\/www.justiceinfo.net\/fr\/wp-json\/wp\/v2\/users\/72"}],"replies":[{"embeddable":true,"href":"https:\/\/www.justiceinfo.net\/fr\/wp-json\/wp\/v2\/comments?post=27335"}],"version-history":[{"count":0,"href":"https:\/\/www.justiceinfo.net\/fr\/wp-json\/wp\/v2\/posts\/27335\/revisions"}],"wp:featuredmedia":[{"embeddable":true,"href":"https:\/\/www.justiceinfo.net\/fr\/wp-json\/wp\/v2\/media\/62660"}],"wp:attachment":[{"href":"https:\/\/www.justiceinfo.net\/fr\/wp-json\/wp\/v2\/media?parent=27335"}],"wp:term":[{"taxonomy":"category","embeddable":true,"href":"https:\/\/www.justiceinfo.net\/fr\/wp-json\/wp\/v2\/categories?post=27335"},{"taxonomy":"post_tag","embeddable":true,"href":"https:\/\/www.justiceinfo.net\/fr\/wp-json\/wp\/v2\/tags?post=27335"},{"taxonomy":"ji_location","embeddable":true,"href":"https:\/\/www.justiceinfo.net\/fr\/wp-json\/wp\/v2\/ji_location?post=27335"}],"curies":[{"name":"wp","href":"https:\/\/api.w.org\/{rel}","templated":true}]}}