{"id":27463,"date":"2016-05-25T04:50:01","date_gmt":"2016-05-25T02:50:01","guid":{"rendered":"https:\/\/www.justiceinfo.net\/27463-plan-condor-d-elimination-des-opposants-verdict-a-buenos-aires.html"},"modified":"2016-05-25T04:50:01","modified_gmt":"2016-05-25T02:50:01","slug":"plan-condor-d-elimination-des-opposants-verdict-a-buenos-aires","status":"publish","type":"post","link":"https:\/\/www.justiceinfo.net\/fr\/27463-plan-condor-d-elimination-des-opposants-verdict-a-buenos-aires.html","title":{"rendered":"Plan Condor d'\u00e9limination des opposants : verdict \u00e0 Buenos Aires"},"content":{"rendered":"<p>Apr\u00e8s trois ans d'audiences, le verdict du Plan Condor tombe vendredi \u00e0 Buenos Aires. Dans les ann\u00e9es 1970, il a permis aux dictatures sud-am\u00e9ricaines (Argentine, Chili, Uruguay, Bolivie, Paraguay, Br\u00e9sil) d'\u00e9tendre la r\u00e9pression d'opposants dans des pays amis.<\/p>\n<p>La plupart des ex\u00e9cutions ou enl\u00e8vements (89) ont \u00e9t\u00e9 perp\u00e9tr\u00e9s en Argentine, o\u00f9 de nombreux Uruguayens, Chiliens et Paraguayens ayant fui leur pays vivaient comme r\u00e9fugi\u00e9s politiques.<\/p>\n<p>\"C'est la premi\u00e8re d\u00e9cision judiciaire sur le Plan Condor en tant que structure de coordination r\u00e9pressive\", fait remarquer Gaston Chillier, directeur ex\u00e9cutif du Centre d'\u00e9tudes l\u00e9gales et sociales (CELS), ONG argentine d\u00e9fendant les droits de l'Homme et repr\u00e9sentant les int\u00e9r\u00eats des familles de victimes.<\/p>\n<p>Au d\u00e9but du proc\u00e8s, en f\u00e9vrier 2013, ils \u00e9taient 25 accus\u00e9s, dont l'ancien dictateur argentin Jorge Videla (1976-1981), retrouv\u00e9 mort dans sa prison, trois jours apr\u00e8s son t\u00e9moignage. Il avait \u00e9t\u00e9 pr\u00e9c\u00e9demment condamn\u00e9 pour crime contre l'humanit\u00e9.<\/p>\n<p>Vendredi, ils seront 18 sur les bancs des accus\u00e9s, des cadres de l'arm\u00e9e, 17 Argentins et un Uruguayen.<\/p>\n<p>Ils auraient pu \u00eatre plus nombreux mais diverses demandes d'extradition sont rest\u00e9es lettre morte.<\/p>\n<h4>- Washington savait -<\/h4>\n<p>A cette \u00e9poque, Henry Kissinger \u00e9tait le chef de la diplomatie am\u00e9ricaine et les Etats-Unis voyaient dans les dictatures un rempart face \u00e0 l'avanc\u00e9e de la gauche, dans un contexte de Guerre froide.<\/p>\n<p>\"Des documents d\u00e9classifi\u00e9s r\u00e9v\u00e8lent une correspondance entre un ministre argentin et Kissinger sur le Plan Condor. Le ministre expose la n\u00e9cessit\u00e9 de maximiser les efforts contre le marxisme\", assure l'avocate des victimes Luz Palmas.<\/p>\n<p>\"S'il y a des choses qui doivent \u00eatre faites, faites-les rapidement. Mais vous devez reprendre rapidement les proc\u00e9dures normales\", lui aurait r\u00e9pondu Kissinger.<\/p>\n<p>Le dossier s'appuie sur des documents am\u00e9ricains des National Security Archives. Ils \u00e9tablissent une grande coop\u00e9ration entre pays membres du Plan Condor. Les services uruguayens \u00e9taient par exemple autoris\u00e9s \u00e0 supprimer un opposant en Argentine ou \u00e0 demander \u00e0 la junte argentine de le faire dispara\u00eetre.<\/p>\n<p>Le Plan Condor pr\u00e9voyait trois phases, d\u00e9taille l'avocate. Premi\u00e8rement, l'identification des opposants. Deuxi\u00e8mement, leur \u00e9limination ou leur enl\u00e8vement dans les pays sud-am\u00e9ricains.<\/p>\n<p>La troisi\u00e8me phase, la neutralisation d'exil\u00e9s en Europe ou \u00e0 l'ext\u00e9rieur de l'Am\u00e9rique du sud, poursuit Luz Palmas, a finalement \u00e9t\u00e9 suspendue apr\u00e8s l'attentat men\u00e9 par un agent des services chiliens et de la CIA contre Orlando Letelier.<\/p>\n<p>Letelier, ancien ministre de Salvador Allende, a \u00e9t\u00e9 tu\u00e9 lors d'un attentat \u00e0 la voiture pi\u00e9g\u00e9e \u00e0 Washington le 21 septembre 1976, consid\u00e9r\u00e9 comme l'une des premi\u00e8res attaques terroristes sur le sol am\u00e9ricain.<\/p>\n<p>\"Des op\u00e9rations \u00e9taient en pr\u00e9paration en France et au Portugal. Mais il y a eu des fuites et tout a \u00e9t\u00e9 annul\u00e9\", indique Luz Palmas.<\/p>\n<h4>- Deux ex-pr\u00e9sidents accus\u00e9s -<\/h4>\n<p>Un cas embl\u00e9matique est celui d'un couple de militants oppos\u00e9s \u00e0 la junte militaire, Maria Garcia et Marcelo Gelman, arr\u00eat\u00e9s le 24 ao\u00fbt 1976 \u00e0 Buenos Aires et conduits dans l'atelier m\u00e9canique Orletti, transform\u00e9 en centre de torture. Lui est tu\u00e9. Elle, enceinte et de nationalit\u00e9 uruguayenne, est transf\u00e9r\u00e9e \u00e0 Montevideo. Sa famille reste sans nouvelles \u00e0 ce jour.<\/p>\n<p>Sa fille, Macarena, confi\u00e9e en adoption \u00e0 une famille proche de la dictature uruguayenne, fera la connaissance de sa famille de sang \u00e0 l'\u00e2ge de 23 ans, en 2000.<\/p>\n<p>Des centaines de militaires et policiers ont \u00e9t\u00e9 jug\u00e9s en Argentine pour des crimes commis pendant les ann\u00e9es de dictature (1976-1983), alors que dans les autres pays voisins, les tortionnaires ont b\u00e9n\u00e9fici\u00e9 de lois d'amnistie, notamment au Br\u00e9sil.<\/p>\n<p>\"Le proc\u00e8s a permis de mieux comprendre comment fonctionnait le Plan Condor, et sa dimension. Jusque l\u00e0, il n'y avait eu que des investigations d'historiens et des journalistes\", souligne l'avocate argentine.<\/p>\n<p>Les militaires communiquaient entre eux avec une sorte de t\u00e9lex, baptis\u00e9 \"condortel\", dont ils avaient appris le maniement lors de formations organis\u00e9es par l'arm\u00e9e am\u00e9ricaine \u00e0 l'Ecole des Am\u00e9riques au Panama.<\/p>\n<p>Outre Videla, le dernier g\u00e9n\u00e9ral \u00e0 avoir pr\u00e9sid\u00e9 l'Argentine (1982-1983), Reynaldo Bignone, risque 20 ans de prison de plus. Il a d\u00e9j\u00e0 \u00e9t\u00e9 condamn\u00e9 en 2012, en m\u00eame temps que Videla, pour vols de b\u00e9b\u00e9s d'opposants qui \u00e9taient ensuite adopt\u00e9s par des fonctionnaires du r\u00e9gime.<\/p>\n","protected":false},"excerpt":{"rendered":"<p>Apr\u00e8s trois ans d'audiences, le verdict du Plan Condor tombe vendredi \u00e0 Buenos Aires. Dans les ann\u00e9es 1970, il a permis aux dictatures sud-am\u00e9ricaines (Argentine, Chili, Uruguay, Bolivie, Paraguay, Br\u00e9sil) d'\u00e9tendre la r\u00e9pression d'opposants dans des pays amis. La plupart des ex\u00e9cutions ou enl\u00e8vements (89) ont \u00e9t\u00e9 perp\u00e9tr\u00e9s en Argentine, o\u00f9 de nombreux Uruguayens, Chiliens [&hellip;]<\/p>\n","protected":false},"author":60,"featured_media":67826,"comment_status":"open","ping_status":"closed","sticky":false,"template":"","format":"standard","meta":{"_acf_changed":false,"footnotes":""},"categories":[549],"tags":[],"ji_location":[2080],"class_list":["post-27463","post","type-post","status-publish","format-standard","has-post-thumbnail","hentry","category-reconciliation","ji_location-ameriques"],"acf":[],"yoast_head":"<!-- This site is optimized with the Yoast SEO Premium plugin v25.3.1 (Yoast SEO v25.3.1) - https:\/\/yoast.com\/wordpress\/plugins\/seo\/ -->\n<title>Plan Condor d&#039;\u00e9limination des opposants : verdict \u00e0 Buenos Aires - JusticeInfo.net<\/title>\n<meta name=\"robots\" content=\"index, follow, max-snippet:-1, max-image-preview:large, max-video-preview:-1\" \/>\n<link rel=\"canonical\" href=\"https:\/\/www.justiceinfo.net\/fr\/27463-plan-condor-d-elimination-des-opposants-verdict-a-buenos-aires.html\" \/>\n<meta property=\"og:locale\" content=\"fr_FR\" \/>\n<meta property=\"og:type\" content=\"article\" \/>\n<meta property=\"og:title\" content=\"Plan Condor d&#039;\u00e9limination des opposants : verdict \u00e0 Buenos Aires\" \/>\n<meta property=\"og:description\" content=\"Apr\u00e8s trois ans d&#039;audiences, le verdict du Plan Condor tombe vendredi \u00e0 Buenos Aires. Dans les ann\u00e9es 1970, il a permis aux dictatures sud-am\u00e9ricaines (Argentine, Chili, Uruguay, Bolivie, Paraguay, Br\u00e9sil) d&#039;\u00e9tendre la r\u00e9pression d&#039;opposants dans des pays amis. La plupart des ex\u00e9cutions ou enl\u00e8vements (89) ont \u00e9t\u00e9 perp\u00e9tr\u00e9s en Argentine, o\u00f9 de nombreux Uruguayens, Chiliens [&hellip;]\" \/>\n<meta property=\"og:url\" content=\"https:\/\/www.justiceinfo.net\/fr\/27463-plan-condor-d-elimination-des-opposants-verdict-a-buenos-aires.html\" \/>\n<meta property=\"og:site_name\" content=\"JusticeInfo.net\" \/>\n<meta property=\"article:publisher\" content=\"https:\/\/www.facebook.com\/JusticeInfo\/\" \/>\n<meta property=\"article:published_time\" content=\"2016-05-25T02:50:01+00:00\" \/>\n<meta property=\"og:image\" content=\"https:\/\/www.justiceinfo.net\/wp-content\/uploads\/e521e1d118bbe2d8948ce00f5fb19e91-scaled.jpg\" \/>\n\t<meta property=\"og:image:width\" content=\"2560\" \/>\n\t<meta property=\"og:image:height\" content=\"1487\" \/>\n\t<meta property=\"og:image:type\" content=\"image\/jpeg\" \/>\n<meta name=\"author\" content=\"AFP\" \/>\n<meta name=\"twitter:card\" content=\"summary_large_image\" \/>\n<meta name=\"twitter:creator\" content=\"@justiceinfonet\" \/>\n<meta name=\"twitter:site\" content=\"@justiceinfonet\" \/>\n<meta name=\"twitter:label1\" content=\"\u00c9crit par\" \/>\n\t<meta name=\"twitter:data1\" content=\"AFP\" \/>\n\t<meta name=\"twitter:label2\" content=\"Dur\u00e9e de lecture estim\u00e9e\" \/>\n\t<meta name=\"twitter:data2\" content=\"4 minutes\" \/>\n<script type=\"application\/ld+json\" class=\"yoast-schema-graph\">{\"@context\":\"https:\/\/schema.org\",\"@graph\":[{\"@type\":\"NewsArticle\",\"@id\":\"https:\/\/www.justiceinfo.net\/fr\/27463-plan-condor-d-elimination-des-opposants-verdict-a-buenos-aires.html#article\",\"isPartOf\":{\"@id\":\"https:\/\/www.justiceinfo.net\/fr\/27463-plan-condor-d-elimination-des-opposants-verdict-a-buenos-aires.html\"},\"author\":{\"name\":\"afp\",\"@id\":\"https:\/\/www.justiceinfo.net\/fr#\/schema\/person\/713d340ef5f218fc36ce9b4244364a7f\"},\"headline\":\"Plan Condor d'\u00e9limination des opposants : verdict \u00e0 Buenos Aires\",\"datePublished\":\"2016-05-25T02:50:01+00:00\",\"mainEntityOfPage\":{\"@id\":\"https:\/\/www.justiceinfo.net\/fr\/27463-plan-condor-d-elimination-des-opposants-verdict-a-buenos-aires.html\"},\"wordCount\":779,\"commentCount\":0,\"publisher\":{\"@id\":\"https:\/\/www.justiceinfo.net\/fr#organization\"},\"image\":{\"@id\":\"https:\/\/www.justiceinfo.net\/fr\/27463-plan-condor-d-elimination-des-opposants-verdict-a-buenos-aires.html#primaryimage\"},\"thumbnailUrl\":\"https:\/\/www.justiceinfo.net\/wp-content\/uploads\/e521e1d118bbe2d8948ce00f5fb19e91-scaled.jpg\",\"articleSection\":[\"R\u00e9conciliation\"],\"inLanguage\":\"fr-FR\",\"potentialAction\":[{\"@type\":\"CommentAction\",\"name\":\"Comment\",\"target\":[\"https:\/\/www.justiceinfo.net\/fr\/27463-plan-condor-d-elimination-des-opposants-verdict-a-buenos-aires.html#respond\"]}]},{\"@type\":\"WebPage\",\"@id\":\"https:\/\/www.justiceinfo.net\/fr\/27463-plan-condor-d-elimination-des-opposants-verdict-a-buenos-aires.html\",\"url\":\"https:\/\/www.justiceinfo.net\/fr\/27463-plan-condor-d-elimination-des-opposants-verdict-a-buenos-aires.html\",\"name\":\"Plan Condor d'\u00e9limination des opposants : verdict \u00e0 Buenos Aires - JusticeInfo.net\",\"isPartOf\":{\"@id\":\"https:\/\/www.justiceinfo.net\/fr#website\"},\"primaryImageOfPage\":{\"@id\":\"https:\/\/www.justiceinfo.net\/fr\/27463-plan-condor-d-elimination-des-opposants-verdict-a-buenos-aires.html#primaryimage\"},\"image\":{\"@id\":\"https:\/\/www.justiceinfo.net\/fr\/27463-plan-condor-d-elimination-des-opposants-verdict-a-buenos-aires.html#primaryimage\"},\"thumbnailUrl\":\"https:\/\/www.justiceinfo.net\/wp-content\/uploads\/e521e1d118bbe2d8948ce00f5fb19e91-scaled.jpg\",\"datePublished\":\"2016-05-25T02:50:01+00:00\",\"breadcrumb\":{\"@id\":\"https:\/\/www.justiceinfo.net\/fr\/27463-plan-condor-d-elimination-des-opposants-verdict-a-buenos-aires.html#breadcrumb\"},\"inLanguage\":\"fr-FR\",\"potentialAction\":[{\"@type\":\"ReadAction\",\"target\":[\"https:\/\/www.justiceinfo.net\/fr\/27463-plan-condor-d-elimination-des-opposants-verdict-a-buenos-aires.html\"]}]},{\"@type\":\"ImageObject\",\"inLanguage\":\"fr-FR\",\"@id\":\"https:\/\/www.justiceinfo.net\/fr\/27463-plan-condor-d-elimination-des-opposants-verdict-a-buenos-aires.html#primaryimage\",\"url\":\"https:\/\/www.justiceinfo.net\/wp-content\/uploads\/e521e1d118bbe2d8948ce00f5fb19e91-scaled.jpg\",\"contentUrl\":\"https:\/\/www.justiceinfo.net\/wp-content\/uploads\/e521e1d118bbe2d8948ce00f5fb19e91-scaled.jpg\",\"width\":2560,\"height\":1487},{\"@type\":\"BreadcrumbList\",\"@id\":\"https:\/\/www.justiceinfo.net\/fr\/27463-plan-condor-d-elimination-des-opposants-verdict-a-buenos-aires.html#breadcrumb\",\"itemListElement\":[{\"@type\":\"ListItem\",\"position\":1,\"name\":\"Home\",\"item\":\"https:\/\/www.justiceinfo.net\/fr\"},{\"@type\":\"ListItem\",\"position\":2,\"name\":\"Plan Condor d'\u00e9limination des opposants : verdict \u00e0 Buenos Aires\"}]},{\"@type\":\"WebSite\",\"@id\":\"https:\/\/www.justiceinfo.net\/fr#website\",\"url\":\"https:\/\/www.justiceinfo.net\/fr\",\"name\":\"JusticeInfo.net\",\"description\":\"La justice doit \u00eatre vue pour \u00eatre rendue\",\"publisher\":{\"@id\":\"https:\/\/www.justiceinfo.net\/fr#organization\"},\"potentialAction\":[{\"@type\":\"SearchAction\",\"target\":{\"@type\":\"EntryPoint\",\"urlTemplate\":\"https:\/\/www.justiceinfo.net\/fr?s={search_term_string}\"},\"query-input\":{\"@type\":\"PropertyValueSpecification\",\"valueRequired\":true,\"valueName\":\"search_term_string\"}}],\"inLanguage\":\"fr-FR\"},{\"@type\":\"Organization\",\"@id\":\"https:\/\/www.justiceinfo.net\/fr#organization\",\"name\":\"Justice Info\",\"url\":\"https:\/\/www.justiceinfo.net\/fr\",\"logo\":{\"@type\":\"ImageObject\",\"inLanguage\":\"fr-FR\",\"@id\":\"https:\/\/www.justiceinfo.net\/fr#\/schema\/logo\/image\/\",\"url\":\"https:\/\/www.justiceinfo.net\/wp-content\/uploads\/justiceinfo_logo-trans_1200x1200px.png\",\"contentUrl\":\"https:\/\/www.justiceinfo.net\/wp-content\/uploads\/justiceinfo_logo-trans_1200x1200px.png\",\"width\":1199,\"height\":1200,\"caption\":\"Justice Info\"},\"image\":{\"@id\":\"https:\/\/www.justiceinfo.net\/fr#\/schema\/logo\/image\/\"},\"sameAs\":[\"https:\/\/www.facebook.com\/JusticeInfo\/\",\"https:\/\/x.com\/justiceinfonet\",\"https:\/\/www.linkedin.com\/company\/justice-info\",\"https:\/\/www.youtube.com\/channel\/UCyCEsARodyuWtkWyhn-e7pA\"]},{\"@type\":\"Person\",\"name\":\"AFP\",\"url\":\"\/fr\/?s=AFP\"}]}<\/script>\n<!-- \/ Yoast SEO Premium plugin. -->","yoast_head_json":{"title":"Plan Condor d'\u00e9limination des opposants : verdict \u00e0 Buenos Aires - JusticeInfo.net","robots":{"index":"index","follow":"follow","max-snippet":"max-snippet:-1","max-image-preview":"max-image-preview:large","max-video-preview":"max-video-preview:-1"},"canonical":"https:\/\/www.justiceinfo.net\/fr\/27463-plan-condor-d-elimination-des-opposants-verdict-a-buenos-aires.html","og_locale":"fr_FR","og_type":"article","og_title":"Plan Condor d'\u00e9limination des opposants : verdict \u00e0 Buenos Aires","og_description":"Apr\u00e8s trois ans d'audiences, le verdict du Plan Condor tombe vendredi \u00e0 Buenos Aires. Dans les ann\u00e9es 1970, il a permis aux dictatures sud-am\u00e9ricaines (Argentine, Chili, Uruguay, Bolivie, Paraguay, Br\u00e9sil) d'\u00e9tendre la r\u00e9pression d'opposants dans des pays amis. La plupart des ex\u00e9cutions ou enl\u00e8vements (89) ont \u00e9t\u00e9 perp\u00e9tr\u00e9s en Argentine, o\u00f9 de nombreux Uruguayens, Chiliens [&hellip;]","og_url":"https:\/\/www.justiceinfo.net\/fr\/27463-plan-condor-d-elimination-des-opposants-verdict-a-buenos-aires.html","og_site_name":"JusticeInfo.net","article_publisher":"https:\/\/www.facebook.com\/JusticeInfo\/","article_published_time":"2016-05-25T02:50:01+00:00","og_image":[{"width":2560,"height":1487,"url":"https:\/\/www.justiceinfo.net\/wp-content\/uploads\/e521e1d118bbe2d8948ce00f5fb19e91-scaled.jpg","type":"image\/jpeg"}],"author":"AFP","twitter_card":"summary_large_image","twitter_creator":"@justiceinfonet","twitter_site":"@justiceinfonet","twitter_misc":{"\u00c9crit par":"AFP","Dur\u00e9e de lecture estim\u00e9e":"4 minutes"},"schema":{"@context":"https:\/\/schema.org","@graph":[{"@type":"NewsArticle","@id":"https:\/\/www.justiceinfo.net\/fr\/27463-plan-condor-d-elimination-des-opposants-verdict-a-buenos-aires.html#article","isPartOf":{"@id":"https:\/\/www.justiceinfo.net\/fr\/27463-plan-condor-d-elimination-des-opposants-verdict-a-buenos-aires.html"},"author":{"name":"afp","@id":"https:\/\/www.justiceinfo.net\/fr#\/schema\/person\/713d340ef5f218fc36ce9b4244364a7f"},"headline":"Plan Condor d'\u00e9limination des opposants : verdict \u00e0 Buenos Aires","datePublished":"2016-05-25T02:50:01+00:00","mainEntityOfPage":{"@id":"https:\/\/www.justiceinfo.net\/fr\/27463-plan-condor-d-elimination-des-opposants-verdict-a-buenos-aires.html"},"wordCount":779,"commentCount":0,"publisher":{"@id":"https:\/\/www.justiceinfo.net\/fr#organization"},"image":{"@id":"https:\/\/www.justiceinfo.net\/fr\/27463-plan-condor-d-elimination-des-opposants-verdict-a-buenos-aires.html#primaryimage"},"thumbnailUrl":"https:\/\/www.justiceinfo.net\/wp-content\/uploads\/e521e1d118bbe2d8948ce00f5fb19e91-scaled.jpg","articleSection":["R\u00e9conciliation"],"inLanguage":"fr-FR","potentialAction":[{"@type":"CommentAction","name":"Comment","target":["https:\/\/www.justiceinfo.net\/fr\/27463-plan-condor-d-elimination-des-opposants-verdict-a-buenos-aires.html#respond"]}]},{"@type":"WebPage","@id":"https:\/\/www.justiceinfo.net\/fr\/27463-plan-condor-d-elimination-des-opposants-verdict-a-buenos-aires.html","url":"https:\/\/www.justiceinfo.net\/fr\/27463-plan-condor-d-elimination-des-opposants-verdict-a-buenos-aires.html","name":"Plan Condor d'\u00e9limination des opposants : verdict \u00e0 Buenos Aires - JusticeInfo.net","isPartOf":{"@id":"https:\/\/www.justiceinfo.net\/fr#website"},"primaryImageOfPage":{"@id":"https:\/\/www.justiceinfo.net\/fr\/27463-plan-condor-d-elimination-des-opposants-verdict-a-buenos-aires.html#primaryimage"},"image":{"@id":"https:\/\/www.justiceinfo.net\/fr\/27463-plan-condor-d-elimination-des-opposants-verdict-a-buenos-aires.html#primaryimage"},"thumbnailUrl":"https:\/\/www.justiceinfo.net\/wp-content\/uploads\/e521e1d118bbe2d8948ce00f5fb19e91-scaled.jpg","datePublished":"2016-05-25T02:50:01+00:00","breadcrumb":{"@id":"https:\/\/www.justiceinfo.net\/fr\/27463-plan-condor-d-elimination-des-opposants-verdict-a-buenos-aires.html#breadcrumb"},"inLanguage":"fr-FR","potentialAction":[{"@type":"ReadAction","target":["https:\/\/www.justiceinfo.net\/fr\/27463-plan-condor-d-elimination-des-opposants-verdict-a-buenos-aires.html"]}]},{"@type":"ImageObject","inLanguage":"fr-FR","@id":"https:\/\/www.justiceinfo.net\/fr\/27463-plan-condor-d-elimination-des-opposants-verdict-a-buenos-aires.html#primaryimage","url":"https:\/\/www.justiceinfo.net\/wp-content\/uploads\/e521e1d118bbe2d8948ce00f5fb19e91-scaled.jpg","contentUrl":"https:\/\/www.justiceinfo.net\/wp-content\/uploads\/e521e1d118bbe2d8948ce00f5fb19e91-scaled.jpg","width":2560,"height":1487},{"@type":"BreadcrumbList","@id":"https:\/\/www.justiceinfo.net\/fr\/27463-plan-condor-d-elimination-des-opposants-verdict-a-buenos-aires.html#breadcrumb","itemListElement":[{"@type":"ListItem","position":1,"name":"Home","item":"https:\/\/www.justiceinfo.net\/fr"},{"@type":"ListItem","position":2,"name":"Plan Condor d'\u00e9limination des opposants : verdict \u00e0 Buenos Aires"}]},{"@type":"WebSite","@id":"https:\/\/www.justiceinfo.net\/fr#website","url":"https:\/\/www.justiceinfo.net\/fr","name":"JusticeInfo.net","description":"La justice doit \u00eatre vue pour \u00eatre rendue","publisher":{"@id":"https:\/\/www.justiceinfo.net\/fr#organization"},"potentialAction":[{"@type":"SearchAction","target":{"@type":"EntryPoint","urlTemplate":"https:\/\/www.justiceinfo.net\/fr?s={search_term_string}"},"query-input":{"@type":"PropertyValueSpecification","valueRequired":true,"valueName":"search_term_string"}}],"inLanguage":"fr-FR"},{"@type":"Organization","@id":"https:\/\/www.justiceinfo.net\/fr#organization","name":"Justice Info","url":"https:\/\/www.justiceinfo.net\/fr","logo":{"@type":"ImageObject","inLanguage":"fr-FR","@id":"https:\/\/www.justiceinfo.net\/fr#\/schema\/logo\/image\/","url":"https:\/\/www.justiceinfo.net\/wp-content\/uploads\/justiceinfo_logo-trans_1200x1200px.png","contentUrl":"https:\/\/www.justiceinfo.net\/wp-content\/uploads\/justiceinfo_logo-trans_1200x1200px.png","width":1199,"height":1200,"caption":"Justice Info"},"image":{"@id":"https:\/\/www.justiceinfo.net\/fr#\/schema\/logo\/image\/"},"sameAs":["https:\/\/www.facebook.com\/JusticeInfo\/","https:\/\/x.com\/justiceinfonet","https:\/\/www.linkedin.com\/company\/justice-info","https:\/\/www.youtube.com\/channel\/UCyCEsARodyuWtkWyhn-e7pA"]},{"@type":"Person","name":"AFP","url":"\/fr\/?s=AFP"}]}},"_links":{"self":[{"href":"https:\/\/www.justiceinfo.net\/fr\/wp-json\/wp\/v2\/posts\/27463","targetHints":{"allow":["GET"]}}],"collection":[{"href":"https:\/\/www.justiceinfo.net\/fr\/wp-json\/wp\/v2\/posts"}],"about":[{"href":"https:\/\/www.justiceinfo.net\/fr\/wp-json\/wp\/v2\/types\/post"}],"author":[{"embeddable":true,"href":"https:\/\/www.justiceinfo.net\/fr\/wp-json\/wp\/v2\/users\/60"}],"replies":[{"embeddable":true,"href":"https:\/\/www.justiceinfo.net\/fr\/wp-json\/wp\/v2\/comments?post=27463"}],"version-history":[{"count":0,"href":"https:\/\/www.justiceinfo.net\/fr\/wp-json\/wp\/v2\/posts\/27463\/revisions"}],"wp:featuredmedia":[{"embeddable":true,"href":"https:\/\/www.justiceinfo.net\/fr\/wp-json\/wp\/v2\/media\/67826"}],"wp:attachment":[{"href":"https:\/\/www.justiceinfo.net\/fr\/wp-json\/wp\/v2\/media?parent=27463"}],"wp:term":[{"taxonomy":"category","embeddable":true,"href":"https:\/\/www.justiceinfo.net\/fr\/wp-json\/wp\/v2\/categories?post=27463"},{"taxonomy":"post_tag","embeddable":true,"href":"https:\/\/www.justiceinfo.net\/fr\/wp-json\/wp\/v2\/tags?post=27463"},{"taxonomy":"ji_location","embeddable":true,"href":"https:\/\/www.justiceinfo.net\/fr\/wp-json\/wp\/v2\/ji_location?post=27463"}],"curies":[{"name":"wp","href":"https:\/\/api.w.org\/{rel}","templated":true}]}}