{"id":27536,"date":"2016-05-30T11:05:03","date_gmt":"2016-05-30T09:05:03","guid":{"rendered":"https:\/\/www.justiceinfo.net\/27536-proces-habre-verdict-a-dakar-25-ans-apres-la-chute-de-l-ex-president-tchadien.html"},"modified":"2016-05-30T11:05:03","modified_gmt":"2016-05-30T09:05:03","slug":"proces-habre-verdict-a-dakar-25-ans-apres-la-chute-de-l-ex-president-tchadien","status":"publish","type":"post","link":"https:\/\/www.justiceinfo.net\/fr\/27536-proces-habre-verdict-a-dakar-25-ans-apres-la-chute-de-l-ex-president-tchadien.html","title":{"rendered":"Proc\u00e8s Habr\u00e9: verdict \u00e0 Dakar, 25 ans apr\u00e8s la chute de l'ex-pr\u00e9sident tchadien"},"content":{"rendered":"<p>Le tribunal sp\u00e9cial africain qui juge Hiss\u00e8ne Habr\u00e9 \u00e0 Dakar pour crimes contre l'humanit\u00e9 a entam\u00e9 lundi matin la lecture de son verdict, au terme d'un proc\u00e8s in\u00e9dit cens\u00e9 servir d'exemple en Afrique, un quart de si\u00e8cle apr\u00e8s la chute de l'ex-pr\u00e9sident tchadien.<\/p>\n<p>Poursuivi pour \"crimes de guerre, crimes contre l'humanit\u00e9 et crimes de torture\", Hiss\u00e8ne Habr\u00e9 a dirig\u00e9 le Tchad pendant huit ans (1982-1990) avant d'\u00eatre renvers\u00e9 par un de ses anciens collaborateurs, l'actuel pr\u00e9sident Idriss D\u00e9by Itno, et de se r\u00e9fugier au S\u00e9n\u00e9gal en d\u00e9cembre 1990.<\/p>\n<p>Arr\u00eat\u00e9 le 30 juin 2013, il est jug\u00e9 depuis le 20 juillet 2015 par les Chambres africaines extraordinaires (CAE), cr\u00e9\u00e9es en vertu d'un accord entre le S\u00e9n\u00e9gal et l'Union africaine (UA), qu'il r\u00e9cuse et devant lesquelles il refuse de s'exprimer ou de se d\u00e9fendre.<\/p>\n<p>Une commission d'enqu\u00eate tchadienne estime le bilan de la r\u00e9pression sous Hiss\u00e8ne Habr\u00e9 \u00e0 quelque 40.000 morts.<\/p>\n<p>Le pr\u00e9sident du tribunal sp\u00e9cial, le magistrat burkinab\u00e8 Gberdao Gustave Kam, a ouvert la s\u00e9ance peu avant 10H30 (locales et GMT), rappelant les \u00e9l\u00e9ments du dossier et le d\u00e9roul\u00e9 du proc\u00e8s, marqu\u00e9 par l'audition de \"96 victimes, t\u00e9moins et experts\".<\/p>\n<p>Comme depuis le premier jour du proc\u00e8s, o\u00f9 il avait \u00e9t\u00e9 amen\u00e9 de force \u00e0 l'audience, le pr\u00e9venu, en boubou et turban blancs, le regard cach\u00e9 par des lunettes noires, restait impassible lundi.<\/p>\n<p>Conform\u00e9ment \u00e0 ses instructions et \u00e0 son attitude depuis l'ouverture du proc\u00e8s - qui a conduit les CAE \u00e0 d\u00e9signer trois avocats commis d'office pour assurer sa d\u00e9fense -, les conseils choisis par Hiss\u00e8ne Habr\u00e9 n'\u00e9taient pas pr\u00e9sents.<\/p>\n<p>Les avocats commis d'office et ceux des parties civiles assistaient en revanche \u00e0 l'audience, de m\u00eame que des d\u00e9fenseurs de droits humains, et des partisans de l'accus\u00e9, dont des proches, dans une salle plus clairsem\u00e9e qu'\u00e0 l'ouverture du proc\u00e8s.<\/p>\n<p>A la cl\u00f4ture des d\u00e9bats, le 11 f\u00e9vrier, la d\u00e9fense a plaid\u00e9 l'acquittement. L'un des avocats commis d'office, Mbaye S\u00e8ne, a assur\u00e9 \u00e0 l'AFP attendre \"le verdict avec beaucoup de s\u00e9r\u00e9nit\u00e9\", estimant avoir \u00e9tabli l'innocence de Hiss\u00e8ne Habr\u00e9 et concluant \u00e0 \"l'impossibilit\u00e9 pour l'accusation et les parties civiles de prouver sa culpabilit\u00e9\".<\/p>\n<p>Le procureur sp\u00e9cial, Mback\u00e9 Fall, avait r\u00e9clam\u00e9 la prison \u00e0 perp\u00e9tuit\u00e9 contre le pr\u00e9sident tchadien d\u00e9chu, \"v\u00e9ritable chef de service\" de l'appareil de r\u00e9pression sous son r\u00e9gime, en particulier la Direction de la documentation et de la s\u00e9curit\u00e9 (DDS), la police politique.<\/p>\n<h4>'Un pr\u00e9c\u00e9dent extraordinaire' <\/h4>\n<p>Pour un des avocats officiels de l'accus\u00e9, Me Ibrahima Diawara, \"cette affaire n'est pas judiciaire mais politique. Il n'y a qu'une seule issue, que Hiss\u00e8ne Habr\u00e9 soit condamn\u00e9\".<\/p>\n<p>Ce proc\u00e8s est le premier au monde dans lequel un ancien chef d'Etat est traduit devant une juridiction d'un autre pays pour violations pr\u00e9sum\u00e9es des droits de l'homme, se f\u00e9licite au contraire Reed Brody, cheville ouvri\u00e8re de cette proc\u00e9dure au sein de Human Rights Watch (HRW).<\/p>\n<p>Il vise \u00e9galement \u00e0 r\u00e9pondre aux griefs croissants contre la Cour p\u00e9nale internationale (CPI), si\u00e9geant \u00e0 La Haye, accus\u00e9e de ne poursuivre que des dirigeants africains, en montrant que le continent peut les juger lui-m\u00eame.<\/p>\n<p>\"Ce proc\u00e8s est un pr\u00e9c\u00e9dent extraordinaire qui montre que des tribunaux africains peuvent juger des crimes commis en Afrique\", a d\u00e9clar\u00e9 Reed Brody \u00e0 l'AFP.<\/p>\n<p>\"Nous esp\u00e9rons que d'autres survivants, d'autres militants, s'inspireront de ce que les victimes de Habr\u00e9 sont parvenues \u00e0 accomplir\", a-t-il dit.<\/p>\n<p>Au Tchad, des victimes pr\u00e9sum\u00e9es du r\u00e9gime Habr\u00e9 pouvaient suivre le verdict en direct sur la t\u00e9l\u00e9vision et la radio.<\/p>\n<p>\"Mon soulagement, ce serait de voir Habr\u00e9 condamn\u00e9 \u00e0 vie, m\u00eame si je ne sais pas dans quelles circonstances mon \u00e9poux a \u00e9t\u00e9 tu\u00e9\" en 1988 dans les ge\u00f4les de la DDS, a confi\u00e9 Zenaba Moussa.<\/p>\n<p>Pour Massa Mo\u00efse, d\u00e9tenu pendant trois ans par la DDS et qui dit ne toujours pas savoir pourquoi, \"Habr\u00e9 doit \u00eatre condamn\u00e9 \u00e0 mort\".<\/p>\n<p>L'accus\u00e9 encourt jusqu'aux travaux forc\u00e9s \u00e0 perp\u00e9tuit\u00e9. En cas de condamnation, dont il peut faire appel, il purgera sa peine au S\u00e9n\u00e9gal ou dans un autre pays de l'UA.<\/p>\n<p>S'il est reconnu coupable, une autre phase s'ouvrira durant laquelle seront examin\u00e9es d'\u00e9ventuelles demandes de r\u00e9paration au civil.<\/p>\n<p>Un collectif d'organisations de d\u00e9fense des droits de l'homme internationales et africaines a salu\u00e9 dimanche, \"la tenue d'un proc\u00e8s exemplaire devant d\u00e9boucher sur un verdict historique\", mais appel\u00e9 les juges \u00e0 d\u00e9finir rapidement \"des proc\u00e9dures permettant l'examen des demandes de r\u00e9parations des victimes\".<\/p>\n<p>\"Le fonds au profit des victimes pr\u00e9vu dans le Statut (des Chambres africaines extraordinaires, NDLR) n'est pas encore op\u00e9rationnel\", soulignent ces organisations.<\/p>\n","protected":false},"excerpt":{"rendered":"<p>Le tribunal sp\u00e9cial africain qui juge Hiss\u00e8ne Habr\u00e9 \u00e0 Dakar pour crimes contre l'humanit\u00e9 a entam\u00e9 lundi matin la lecture de son verdict, au terme d'un proc\u00e8s in\u00e9dit cens\u00e9 servir d'exemple en Afrique, un quart de si\u00e8cle apr\u00e8s la chute de l'ex-pr\u00e9sident tchadien. Poursuivi pour \"crimes de guerre, crimes contre l'humanit\u00e9 et crimes de torture\", [&hellip;]<\/p>\n","protected":false},"author":60,"featured_media":64471,"comment_status":"open","ping_status":"closed","sticky":false,"template":"","format":"standard","meta":{"_acf_changed":false,"footnotes":""},"categories":[556],"tags":[],"ji_location":[2166],"class_list":["post-27536","post","type-post","status-publish","format-standard","has-post-thumbnail","hentry","category-divers","ji_location-tchad"],"acf":[],"yoast_head":"<!-- This site is optimized with the Yoast SEO Premium plugin v25.3.1 (Yoast SEO v25.3.1) - https:\/\/yoast.com\/wordpress\/plugins\/seo\/ -->\n<title>Proc\u00e8s Habr\u00e9: verdict \u00e0 Dakar, 25 ans apr\u00e8s la chute de l&#039;ex-pr\u00e9sident tchadien - JusticeInfo.net<\/title>\n<meta name=\"robots\" content=\"index, follow, max-snippet:-1, max-image-preview:large, max-video-preview:-1\" \/>\n<link rel=\"canonical\" href=\"https:\/\/www.justiceinfo.net\/fr\/27536-proces-habre-verdict-a-dakar-25-ans-apres-la-chute-de-l-ex-president-tchadien.html\" \/>\n<meta property=\"og:locale\" content=\"fr_FR\" \/>\n<meta property=\"og:type\" content=\"article\" \/>\n<meta property=\"og:title\" content=\"Proc\u00e8s Habr\u00e9: verdict \u00e0 Dakar, 25 ans apr\u00e8s la chute de l&#039;ex-pr\u00e9sident tchadien\" \/>\n<meta property=\"og:description\" content=\"Le tribunal sp\u00e9cial africain qui juge Hiss\u00e8ne Habr\u00e9 \u00e0 Dakar pour crimes contre l&#039;humanit\u00e9 a entam\u00e9 lundi matin la lecture de son verdict, au terme d&#039;un proc\u00e8s in\u00e9dit cens\u00e9 servir d&#039;exemple en Afrique, un quart de si\u00e8cle apr\u00e8s la chute de l&#039;ex-pr\u00e9sident tchadien. Poursuivi pour &quot;crimes de guerre, crimes contre l&#039;humanit\u00e9 et crimes de torture&quot;, [&hellip;]\" \/>\n<meta property=\"og:url\" content=\"https:\/\/www.justiceinfo.net\/fr\/27536-proces-habre-verdict-a-dakar-25-ans-apres-la-chute-de-l-ex-president-tchadien.html\" \/>\n<meta property=\"og:site_name\" content=\"JusticeInfo.net\" \/>\n<meta property=\"article:publisher\" content=\"https:\/\/www.facebook.com\/JusticeInfo\/\" \/>\n<meta property=\"article:published_time\" content=\"2016-05-30T09:05:03+00:00\" \/>\n<meta property=\"og:image\" content=\"https:\/\/www.justiceinfo.net\/wp-content\/uploads\/9c630804da1d5c49d6eaeae2c96d7cf9-scaled.jpg\" \/>\n\t<meta property=\"og:image:width\" content=\"2560\" \/>\n\t<meta property=\"og:image:height\" content=\"1709\" \/>\n\t<meta property=\"og:image:type\" content=\"image\/jpeg\" \/>\n<meta name=\"author\" content=\"AFP\" \/>\n<meta name=\"twitter:card\" content=\"summary_large_image\" \/>\n<meta name=\"twitter:creator\" content=\"@justiceinfonet\" \/>\n<meta name=\"twitter:site\" content=\"@justiceinfonet\" \/>\n<meta name=\"twitter:label1\" content=\"\u00c9crit par\" \/>\n\t<meta name=\"twitter:data1\" content=\"AFP\" \/>\n\t<meta name=\"twitter:label2\" content=\"Dur\u00e9e de lecture estim\u00e9e\" \/>\n\t<meta name=\"twitter:data2\" content=\"4 minutes\" \/>\n<script type=\"application\/ld+json\" class=\"yoast-schema-graph\">{\"@context\":\"https:\/\/schema.org\",\"@graph\":[{\"@type\":\"NewsArticle\",\"@id\":\"https:\/\/www.justiceinfo.net\/fr\/27536-proces-habre-verdict-a-dakar-25-ans-apres-la-chute-de-l-ex-president-tchadien.html#article\",\"isPartOf\":{\"@id\":\"https:\/\/www.justiceinfo.net\/fr\/27536-proces-habre-verdict-a-dakar-25-ans-apres-la-chute-de-l-ex-president-tchadien.html\"},\"author\":{\"name\":\"afp\",\"@id\":\"https:\/\/www.justiceinfo.net\/fr#\/schema\/person\/713d340ef5f218fc36ce9b4244364a7f\"},\"headline\":\"Proc\u00e8s Habr\u00e9: verdict \u00e0 Dakar, 25 ans apr\u00e8s la chute de l'ex-pr\u00e9sident tchadien\",\"datePublished\":\"2016-05-30T09:05:03+00:00\",\"mainEntityOfPage\":{\"@id\":\"https:\/\/www.justiceinfo.net\/fr\/27536-proces-habre-verdict-a-dakar-25-ans-apres-la-chute-de-l-ex-president-tchadien.html\"},\"wordCount\":883,\"commentCount\":0,\"publisher\":{\"@id\":\"https:\/\/www.justiceinfo.net\/fr#organization\"},\"image\":{\"@id\":\"https:\/\/www.justiceinfo.net\/fr\/27536-proces-habre-verdict-a-dakar-25-ans-apres-la-chute-de-l-ex-president-tchadien.html#primaryimage\"},\"thumbnailUrl\":\"https:\/\/www.justiceinfo.net\/wp-content\/uploads\/9c630804da1d5c49d6eaeae2c96d7cf9-scaled.jpg\",\"articleSection\":[\"Divers\"],\"inLanguage\":\"fr-FR\",\"potentialAction\":[{\"@type\":\"CommentAction\",\"name\":\"Comment\",\"target\":[\"https:\/\/www.justiceinfo.net\/fr\/27536-proces-habre-verdict-a-dakar-25-ans-apres-la-chute-de-l-ex-president-tchadien.html#respond\"]}]},{\"@type\":\"WebPage\",\"@id\":\"https:\/\/www.justiceinfo.net\/fr\/27536-proces-habre-verdict-a-dakar-25-ans-apres-la-chute-de-l-ex-president-tchadien.html\",\"url\":\"https:\/\/www.justiceinfo.net\/fr\/27536-proces-habre-verdict-a-dakar-25-ans-apres-la-chute-de-l-ex-president-tchadien.html\",\"name\":\"Proc\u00e8s Habr\u00e9: verdict \u00e0 Dakar, 25 ans apr\u00e8s la chute de l'ex-pr\u00e9sident tchadien - JusticeInfo.net\",\"isPartOf\":{\"@id\":\"https:\/\/www.justiceinfo.net\/fr#website\"},\"primaryImageOfPage\":{\"@id\":\"https:\/\/www.justiceinfo.net\/fr\/27536-proces-habre-verdict-a-dakar-25-ans-apres-la-chute-de-l-ex-president-tchadien.html#primaryimage\"},\"image\":{\"@id\":\"https:\/\/www.justiceinfo.net\/fr\/27536-proces-habre-verdict-a-dakar-25-ans-apres-la-chute-de-l-ex-president-tchadien.html#primaryimage\"},\"thumbnailUrl\":\"https:\/\/www.justiceinfo.net\/wp-content\/uploads\/9c630804da1d5c49d6eaeae2c96d7cf9-scaled.jpg\",\"datePublished\":\"2016-05-30T09:05:03+00:00\",\"breadcrumb\":{\"@id\":\"https:\/\/www.justiceinfo.net\/fr\/27536-proces-habre-verdict-a-dakar-25-ans-apres-la-chute-de-l-ex-president-tchadien.html#breadcrumb\"},\"inLanguage\":\"fr-FR\",\"potentialAction\":[{\"@type\":\"ReadAction\",\"target\":[\"https:\/\/www.justiceinfo.net\/fr\/27536-proces-habre-verdict-a-dakar-25-ans-apres-la-chute-de-l-ex-president-tchadien.html\"]}]},{\"@type\":\"ImageObject\",\"inLanguage\":\"fr-FR\",\"@id\":\"https:\/\/www.justiceinfo.net\/fr\/27536-proces-habre-verdict-a-dakar-25-ans-apres-la-chute-de-l-ex-president-tchadien.html#primaryimage\",\"url\":\"https:\/\/www.justiceinfo.net\/wp-content\/uploads\/9c630804da1d5c49d6eaeae2c96d7cf9-scaled.jpg\",\"contentUrl\":\"https:\/\/www.justiceinfo.net\/wp-content\/uploads\/9c630804da1d5c49d6eaeae2c96d7cf9-scaled.jpg\",\"width\":2560,\"height\":1709},{\"@type\":\"BreadcrumbList\",\"@id\":\"https:\/\/www.justiceinfo.net\/fr\/27536-proces-habre-verdict-a-dakar-25-ans-apres-la-chute-de-l-ex-president-tchadien.html#breadcrumb\",\"itemListElement\":[{\"@type\":\"ListItem\",\"position\":1,\"name\":\"Home\",\"item\":\"https:\/\/www.justiceinfo.net\/fr\"},{\"@type\":\"ListItem\",\"position\":2,\"name\":\"Proc\u00e8s Habr\u00e9: verdict \u00e0 Dakar, 25 ans apr\u00e8s la chute de l'ex-pr\u00e9sident tchadien\"}]},{\"@type\":\"WebSite\",\"@id\":\"https:\/\/www.justiceinfo.net\/fr#website\",\"url\":\"https:\/\/www.justiceinfo.net\/fr\",\"name\":\"JusticeInfo.net\",\"description\":\"La justice doit \u00eatre vue pour \u00eatre rendue\",\"publisher\":{\"@id\":\"https:\/\/www.justiceinfo.net\/fr#organization\"},\"potentialAction\":[{\"@type\":\"SearchAction\",\"target\":{\"@type\":\"EntryPoint\",\"urlTemplate\":\"https:\/\/www.justiceinfo.net\/fr?s={search_term_string}\"},\"query-input\":{\"@type\":\"PropertyValueSpecification\",\"valueRequired\":true,\"valueName\":\"search_term_string\"}}],\"inLanguage\":\"fr-FR\"},{\"@type\":\"Organization\",\"@id\":\"https:\/\/www.justiceinfo.net\/fr#organization\",\"name\":\"Justice Info\",\"url\":\"https:\/\/www.justiceinfo.net\/fr\",\"logo\":{\"@type\":\"ImageObject\",\"inLanguage\":\"fr-FR\",\"@id\":\"https:\/\/www.justiceinfo.net\/fr#\/schema\/logo\/image\/\",\"url\":\"https:\/\/www.justiceinfo.net\/wp-content\/uploads\/justiceinfo_logo-trans_1200x1200px.png\",\"contentUrl\":\"https:\/\/www.justiceinfo.net\/wp-content\/uploads\/justiceinfo_logo-trans_1200x1200px.png\",\"width\":1199,\"height\":1200,\"caption\":\"Justice Info\"},\"image\":{\"@id\":\"https:\/\/www.justiceinfo.net\/fr#\/schema\/logo\/image\/\"},\"sameAs\":[\"https:\/\/www.facebook.com\/JusticeInfo\/\",\"https:\/\/x.com\/justiceinfonet\",\"https:\/\/www.linkedin.com\/company\/justice-info\",\"https:\/\/www.youtube.com\/channel\/UCyCEsARodyuWtkWyhn-e7pA\"]},{\"@type\":\"Person\",\"name\":\"AFP\",\"url\":\"\/fr\/?s=AFP\"}]}<\/script>\n<!-- \/ Yoast SEO Premium plugin. -->","yoast_head_json":{"title":"Proc\u00e8s Habr\u00e9: verdict \u00e0 Dakar, 25 ans apr\u00e8s la chute de l'ex-pr\u00e9sident tchadien - JusticeInfo.net","robots":{"index":"index","follow":"follow","max-snippet":"max-snippet:-1","max-image-preview":"max-image-preview:large","max-video-preview":"max-video-preview:-1"},"canonical":"https:\/\/www.justiceinfo.net\/fr\/27536-proces-habre-verdict-a-dakar-25-ans-apres-la-chute-de-l-ex-president-tchadien.html","og_locale":"fr_FR","og_type":"article","og_title":"Proc\u00e8s Habr\u00e9: verdict \u00e0 Dakar, 25 ans apr\u00e8s la chute de l'ex-pr\u00e9sident tchadien","og_description":"Le tribunal sp\u00e9cial africain qui juge Hiss\u00e8ne Habr\u00e9 \u00e0 Dakar pour crimes contre l'humanit\u00e9 a entam\u00e9 lundi matin la lecture de son verdict, au terme d'un proc\u00e8s in\u00e9dit cens\u00e9 servir d'exemple en Afrique, un quart de si\u00e8cle apr\u00e8s la chute de l'ex-pr\u00e9sident tchadien. Poursuivi pour \"crimes de guerre, crimes contre l'humanit\u00e9 et crimes de torture\", [&hellip;]","og_url":"https:\/\/www.justiceinfo.net\/fr\/27536-proces-habre-verdict-a-dakar-25-ans-apres-la-chute-de-l-ex-president-tchadien.html","og_site_name":"JusticeInfo.net","article_publisher":"https:\/\/www.facebook.com\/JusticeInfo\/","article_published_time":"2016-05-30T09:05:03+00:00","og_image":[{"width":2560,"height":1709,"url":"https:\/\/www.justiceinfo.net\/wp-content\/uploads\/9c630804da1d5c49d6eaeae2c96d7cf9-scaled.jpg","type":"image\/jpeg"}],"author":"AFP","twitter_card":"summary_large_image","twitter_creator":"@justiceinfonet","twitter_site":"@justiceinfonet","twitter_misc":{"\u00c9crit par":"AFP","Dur\u00e9e de lecture estim\u00e9e":"4 minutes"},"schema":{"@context":"https:\/\/schema.org","@graph":[{"@type":"NewsArticle","@id":"https:\/\/www.justiceinfo.net\/fr\/27536-proces-habre-verdict-a-dakar-25-ans-apres-la-chute-de-l-ex-president-tchadien.html#article","isPartOf":{"@id":"https:\/\/www.justiceinfo.net\/fr\/27536-proces-habre-verdict-a-dakar-25-ans-apres-la-chute-de-l-ex-president-tchadien.html"},"author":{"name":"afp","@id":"https:\/\/www.justiceinfo.net\/fr#\/schema\/person\/713d340ef5f218fc36ce9b4244364a7f"},"headline":"Proc\u00e8s Habr\u00e9: verdict \u00e0 Dakar, 25 ans apr\u00e8s la chute de l'ex-pr\u00e9sident tchadien","datePublished":"2016-05-30T09:05:03+00:00","mainEntityOfPage":{"@id":"https:\/\/www.justiceinfo.net\/fr\/27536-proces-habre-verdict-a-dakar-25-ans-apres-la-chute-de-l-ex-president-tchadien.html"},"wordCount":883,"commentCount":0,"publisher":{"@id":"https:\/\/www.justiceinfo.net\/fr#organization"},"image":{"@id":"https:\/\/www.justiceinfo.net\/fr\/27536-proces-habre-verdict-a-dakar-25-ans-apres-la-chute-de-l-ex-president-tchadien.html#primaryimage"},"thumbnailUrl":"https:\/\/www.justiceinfo.net\/wp-content\/uploads\/9c630804da1d5c49d6eaeae2c96d7cf9-scaled.jpg","articleSection":["Divers"],"inLanguage":"fr-FR","potentialAction":[{"@type":"CommentAction","name":"Comment","target":["https:\/\/www.justiceinfo.net\/fr\/27536-proces-habre-verdict-a-dakar-25-ans-apres-la-chute-de-l-ex-president-tchadien.html#respond"]}]},{"@type":"WebPage","@id":"https:\/\/www.justiceinfo.net\/fr\/27536-proces-habre-verdict-a-dakar-25-ans-apres-la-chute-de-l-ex-president-tchadien.html","url":"https:\/\/www.justiceinfo.net\/fr\/27536-proces-habre-verdict-a-dakar-25-ans-apres-la-chute-de-l-ex-president-tchadien.html","name":"Proc\u00e8s Habr\u00e9: verdict \u00e0 Dakar, 25 ans apr\u00e8s la chute de l'ex-pr\u00e9sident tchadien - JusticeInfo.net","isPartOf":{"@id":"https:\/\/www.justiceinfo.net\/fr#website"},"primaryImageOfPage":{"@id":"https:\/\/www.justiceinfo.net\/fr\/27536-proces-habre-verdict-a-dakar-25-ans-apres-la-chute-de-l-ex-president-tchadien.html#primaryimage"},"image":{"@id":"https:\/\/www.justiceinfo.net\/fr\/27536-proces-habre-verdict-a-dakar-25-ans-apres-la-chute-de-l-ex-president-tchadien.html#primaryimage"},"thumbnailUrl":"https:\/\/www.justiceinfo.net\/wp-content\/uploads\/9c630804da1d5c49d6eaeae2c96d7cf9-scaled.jpg","datePublished":"2016-05-30T09:05:03+00:00","breadcrumb":{"@id":"https:\/\/www.justiceinfo.net\/fr\/27536-proces-habre-verdict-a-dakar-25-ans-apres-la-chute-de-l-ex-president-tchadien.html#breadcrumb"},"inLanguage":"fr-FR","potentialAction":[{"@type":"ReadAction","target":["https:\/\/www.justiceinfo.net\/fr\/27536-proces-habre-verdict-a-dakar-25-ans-apres-la-chute-de-l-ex-president-tchadien.html"]}]},{"@type":"ImageObject","inLanguage":"fr-FR","@id":"https:\/\/www.justiceinfo.net\/fr\/27536-proces-habre-verdict-a-dakar-25-ans-apres-la-chute-de-l-ex-president-tchadien.html#primaryimage","url":"https:\/\/www.justiceinfo.net\/wp-content\/uploads\/9c630804da1d5c49d6eaeae2c96d7cf9-scaled.jpg","contentUrl":"https:\/\/www.justiceinfo.net\/wp-content\/uploads\/9c630804da1d5c49d6eaeae2c96d7cf9-scaled.jpg","width":2560,"height":1709},{"@type":"BreadcrumbList","@id":"https:\/\/www.justiceinfo.net\/fr\/27536-proces-habre-verdict-a-dakar-25-ans-apres-la-chute-de-l-ex-president-tchadien.html#breadcrumb","itemListElement":[{"@type":"ListItem","position":1,"name":"Home","item":"https:\/\/www.justiceinfo.net\/fr"},{"@type":"ListItem","position":2,"name":"Proc\u00e8s Habr\u00e9: verdict \u00e0 Dakar, 25 ans apr\u00e8s la chute de l'ex-pr\u00e9sident tchadien"}]},{"@type":"WebSite","@id":"https:\/\/www.justiceinfo.net\/fr#website","url":"https:\/\/www.justiceinfo.net\/fr","name":"JusticeInfo.net","description":"La justice doit \u00eatre vue pour \u00eatre rendue","publisher":{"@id":"https:\/\/www.justiceinfo.net\/fr#organization"},"potentialAction":[{"@type":"SearchAction","target":{"@type":"EntryPoint","urlTemplate":"https:\/\/www.justiceinfo.net\/fr?s={search_term_string}"},"query-input":{"@type":"PropertyValueSpecification","valueRequired":true,"valueName":"search_term_string"}}],"inLanguage":"fr-FR"},{"@type":"Organization","@id":"https:\/\/www.justiceinfo.net\/fr#organization","name":"Justice Info","url":"https:\/\/www.justiceinfo.net\/fr","logo":{"@type":"ImageObject","inLanguage":"fr-FR","@id":"https:\/\/www.justiceinfo.net\/fr#\/schema\/logo\/image\/","url":"https:\/\/www.justiceinfo.net\/wp-content\/uploads\/justiceinfo_logo-trans_1200x1200px.png","contentUrl":"https:\/\/www.justiceinfo.net\/wp-content\/uploads\/justiceinfo_logo-trans_1200x1200px.png","width":1199,"height":1200,"caption":"Justice Info"},"image":{"@id":"https:\/\/www.justiceinfo.net\/fr#\/schema\/logo\/image\/"},"sameAs":["https:\/\/www.facebook.com\/JusticeInfo\/","https:\/\/x.com\/justiceinfonet","https:\/\/www.linkedin.com\/company\/justice-info","https:\/\/www.youtube.com\/channel\/UCyCEsARodyuWtkWyhn-e7pA"]},{"@type":"Person","name":"AFP","url":"\/fr\/?s=AFP"}]}},"_links":{"self":[{"href":"https:\/\/www.justiceinfo.net\/fr\/wp-json\/wp\/v2\/posts\/27536","targetHints":{"allow":["GET"]}}],"collection":[{"href":"https:\/\/www.justiceinfo.net\/fr\/wp-json\/wp\/v2\/posts"}],"about":[{"href":"https:\/\/www.justiceinfo.net\/fr\/wp-json\/wp\/v2\/types\/post"}],"author":[{"embeddable":true,"href":"https:\/\/www.justiceinfo.net\/fr\/wp-json\/wp\/v2\/users\/60"}],"replies":[{"embeddable":true,"href":"https:\/\/www.justiceinfo.net\/fr\/wp-json\/wp\/v2\/comments?post=27536"}],"version-history":[{"count":0,"href":"https:\/\/www.justiceinfo.net\/fr\/wp-json\/wp\/v2\/posts\/27536\/revisions"}],"wp:featuredmedia":[{"embeddable":true,"href":"https:\/\/www.justiceinfo.net\/fr\/wp-json\/wp\/v2\/media\/64471"}],"wp:attachment":[{"href":"https:\/\/www.justiceinfo.net\/fr\/wp-json\/wp\/v2\/media?parent=27536"}],"wp:term":[{"taxonomy":"category","embeddable":true,"href":"https:\/\/www.justiceinfo.net\/fr\/wp-json\/wp\/v2\/categories?post=27536"},{"taxonomy":"post_tag","embeddable":true,"href":"https:\/\/www.justiceinfo.net\/fr\/wp-json\/wp\/v2\/tags?post=27536"},{"taxonomy":"ji_location","embeddable":true,"href":"https:\/\/www.justiceinfo.net\/fr\/wp-json\/wp\/v2\/ji_location?post=27536"}],"curies":[{"name":"wp","href":"https:\/\/api.w.org\/{rel}","templated":true}]}}