{"id":27609,"date":"2016-06-01T14:26:12","date_gmt":"2016-06-01T12:26:12","guid":{"rendered":"https:\/\/www.justiceinfo.net\/27609-colombie-archives-conflit-memoire.html"},"modified":"2016-06-01T14:26:12","modified_gmt":"2016-06-01T12:26:12","slug":"colombie-archives-conflit-memoire","status":"publish","type":"post","link":"https:\/\/www.justiceinfo.net\/fr\/27609-colombie-archives-conflit-memoire.html","title":{"rendered":"La Colombie met en ligne la m\u00e9moire de ses guerres"},"content":{"rendered":"<p><strong><em>Un peu plus de 160 000 documents compil\u00e9s durant 4 ans: les archives en lignes du Centre National de M\u00e9moire Historique (CNMH) ont vu le jour il y a tout juste un mois. Elles sont en acc\u00e8s libre sur le site web de l\u2019 organisme, cr\u00e9\u00e9 en 2010 par l\u2019Etat colombien pour faire la lumi\u00e8re sur la violence qui d\u00e9chire ce pays d\u2019Am\u00e9rique Latine depuis plus de 50 ans.<\/em><\/strong><\/p>\n<p>Tout, ou presque, y est: les r\u00e9cits, souvent tr\u00e8s angoissants, des victimes, les rapports des syndicats pers\u00e9cut\u00e9s par l\u2019extr\u00eame droite arm\u00e9e, les sentences des tribunaux, des documents de certaines gu\u00e9rillas, et 8000 fiches d\u2019information d\u00e9classifi\u00e9es de la CIA et de l\u2019Agence anti-drogue am\u00e9ricaine (DEA), donn\u00e9es par la National Security Association (<span style=\"text-decoration: underline;\"><a href=\"https:\/\/www.nsa.gov\" rel=\"alternate\">NSA<\/a><\/span>), qui permettent d\u2019entrevoir l\u2019implication des Etats-unis dans le conflit colombien.<\/p>\n<p>\u00c0 la diff\u00e9rence d\u2019autres banques de donn\u00e9es existantes sur des conflits pass\u00e9s, comme celles du Guatemala, du Salvador ou de l\u2019Argentine, ces <a href=\"http:\/\/www.archivodelosddhh.gov.co\/saia_dev\/ws_client_oim\/menu_usuario.php\" rel=\"alternate\">archives<\/a>\u00a0virtuelles ont pour particularit\u00e9 de faire entendre principalement la voix de ceux qui ont directement souffert de la violence politique. \u201cNous avons privil\u00e9gi\u00e9 les informations provenant de la soci\u00e9t\u00e9 civile et des organisations de victimes\u201d, explique la directrice de ces archives en lignes, Ana Margoth Guerrero.<\/p>\n<p>Pour les obtenir,\u00a0 son \u00e9quipe a fourni un travail de fourmis, allant chercher dans toutes les r\u00e9gions touch\u00e9es les pi\u00e8ces qui permettraient de reconstituer le puzzle de ces derni\u00e8res d\u00e9cennies de guerre. \u201cNous avons d\u2019abord d\u00fb gagner la confiance des associations, et cela au milieu du conflit, qui continue.\u00a0 Nous sommes un organisme d\u00e9pendant de l\u2019Etat. Un Etat dont ces communaut\u00e9s d\u00e9laiss\u00e9es se m\u00e9fient\u201d, souligne l\u2019archiviste.\u00a0 \u201cDans certains cas, il a presque fallu convaincre les gens de sortir la bo\u00eete qu\u2019ils gardaient sous leur lit comme un tr\u00e9sor. Ils ne nous donnaient pas tout d\u2019un coup\u201d, raconte-t-elle.<\/p>\n<p><img loading=\"lazy\" decoding=\"async\" src=\"images\/temoignageredi.png\" alt=\"T\u00e9moignage manuscrit d'un proche de disparu\" width=\"379\" height=\"423\" \/><\/p>\n<p><span style=\"font-size: 8pt;\">T\u00e9moignage manuscrit d'un proche de disparu \u00a0Archives des Droits de l'Homme \u00e0 Bogot\u00e1.<\/span><\/p>\n<p>Les d\u00e9l\u00e9gu\u00e9s du Centre de M\u00e9moire ont d\u2019abord expliqu\u00e9 leur t\u00e2che, et enseign\u00e9 aux\u00a0 associations \u00e0 organiser, classifier et digitaliser leurs propres fonds. Peu \u00e0 peu,\u00a0 ces organisations ont compris que leurs documents seraient sauv\u00e9s si une copie \u00e9tait conserv\u00e9e par le Centre, et qu\u2019ils seraient plus utiles si tous pouvaient y avoir acc\u00e8s. \u201c Ils savaient que s\u2019ils ne les partageaient pas, jamais nous ne d\u00e9couvririons la v\u00e9rit\u00e9\u201d analyse la directrice.<\/p>\n<p>Le r\u00e9sultat est un portrait fid\u00e8le et dur de la violence en Colombie, fait de milliers de d\u00e9tails: t\u00e9moignages manuscrits, po\u00eames, journaux intimes, croquis, qui ont parfois permis de retrouver les corps de quelques uns des 51 000 disparus colombiens, photographies\u2026 Un fond tr\u00e8s vari\u00e9 retra\u00e7ant, aussi, la r\u00e9sistance des villageois qui ont compuls\u00e9 inlassablement ce que les factions arm\u00e9es leurs faisaient subir, esp\u00e9rant qu\u2019un jour justice serait faite.<\/p>\n<p>Ces documents, essentiellement destin\u00e9s aux victimes et aux universit\u00e9s, sont d\u2019ailleurs devenues leur arme. \u201cLe parquet a consult\u00e9 r\u00e9cemment des documents pour d\u00e9fendre le cas d\u2019un dirigeant populaire de la c\u00f4te pacifique \u201d, explique la directrice. Pour \u00e9viter tout piratage informatique, le Centre de M\u00e9moire pense h\u00e9berger une copie de ses fonds en Suisse, avec l\u2019aide de la fondation pour la paix <a href=\"http:\/\/www.swisspeace.ch\" rel=\"alternate\"><span style=\"text-decoration: underline;\">swisspeace<\/span><\/a>, comme l\u2019a fait le Guatemala.<\/p>\n<p>Le fait de ne pas avoir emport\u00e9 dans la capitale les originaux permet par ailleurs aux associations locales de r\u00e9utiliser t\u00e9moignages, photographies et enregistrements pour expliquer sur place, aux \u00e9coliers et au public en g\u00e9n\u00e9ral, ce qui s\u2019est pass\u00e9 dans leur r\u00e9gion.\u00a0 \u201cCe ne sont pas seulement les archives de la terreur, c\u2019est aussi un outil de r\u00e9paration\u201d insiste Ana Margoth Guerrero.<\/p>\n<figure><img loading=\"lazy\" decoding=\"async\" src=\"images\/manifestationColombie.jpg\" alt=\"Manifestation de l'Association Nationale des Paysans colombiens (ANUC), d\u00e9cim\u00e9e par l'extr\u00eame droite, Bogota 1972.\" width=\"664\" height=\"458\" \/><figcaption>\n<p class=\"Subttulo\"><span lang=\"ES-TRAD\" style=\"font-size: 8.0pt; font-family: 'Calibri','sans-serif'; background: white;\">\u00a0Manifestation de l'Association Nationale des Paysans colombiens, d\u00e9cim\u00e9e par l'extr\u00eame droite, Bogota 1972.\u00a0<\/span><span style=\"font-size: 8pt;\">Archives des Droits de l'Homme \u00a0\u00e0 Bogot\u00e1.<\/span><\/p>\n<\/figcaption><\/figure>\n<p>Le <a href=\"http:\/\/www.centrodememoriahistorica.gov.co\/\" rel=\"alternate\">Centre National de M\u00e9moire historique <\/a>soutient depuis quelques ann\u00e9es ces manifestations r\u00e9gionales et appuie plusieurs projet de mus\u00e9es locaux de la m\u00e9moire.<\/p>\n<p>Seul b\u00e9mol, soulign\u00e9 par les organisations de d\u00e9fenses des droits de l\u2019homme colombiennes, ces archives sont incompl\u00e8tes. Les dossiers des services de s\u00e9curit\u00e9 colombiens (D\u00e9partement administratif de s\u00e9curit\u00e9, DAS), dont une partie a \u00e9t\u00e9 soustraite par des responsables militaires et politiques, ne figurent pas dans le fond du CNMH. Sur ce point, la position du Centre est plut\u00f4t frileuse. \u201cLeur place devrait \u00eatre aux archives nationales, m\u00eame si nous aimerions bien s\u00fbr en avoir une copie\u201d<strong>,<\/strong> avance Ana Margoth Guerrero. Les documents des gu\u00e9rillas, except\u00e9s ceux du mouvement du M 19 demantel\u00e9 en 1991, sont \u00e9galement absents. Mais le Centre tente d\u2019obtenir que la gu\u00e9rilla marxiste des Forces Arm\u00e9es R\u00e9volutionnaires de Colombie (FARC), qui n\u00e9gocie actuellement un accord de paix avec le gouvernement, partage ses archives. Ces informations pourraient aider la Commission de la v\u00e9rit\u00e9, qui doit \u00eatre cr\u00e9\u00e9e \u00e0 l\u2019issue des pourparlers,\u00a0 \u00e0 \u00e9tablir les responsabilit\u00e9 de chacun et garantir, dans certains cas, justice et r\u00e9paration.<\/p>\n<p>\u00a0<\/p>\n","protected":false},"excerpt":{"rendered":"<p>Un peu plus de 160 000 documents compil\u00e9s durant 4 ans: les archives en lignes du Centre National de M\u00e9moire Historique (CNMH) ont vu le jour il y a tout juste un mois. Elles sont en acc\u00e8s libre sur le site web de l\u2019 organisme, cr\u00e9\u00e9 en 2010 par l\u2019Etat colombien pour faire la lumi\u00e8re [&hellip;]<\/p>\n","protected":false},"author":64,"featured_media":64967,"comment_status":"open","ping_status":"closed","sticky":false,"template":"","format":"standard","meta":{"_acf_changed":false,"footnotes":""},"categories":[556],"tags":[],"ji_location":[2176],"class_list":["post-27609","post","type-post","status-publish","format-standard","has-post-thumbnail","hentry","category-divers","ji_location-colombie"],"acf":[],"yoast_head":"<!-- This site is optimized with the Yoast SEO Premium plugin v25.3.1 (Yoast SEO v25.3.1) - https:\/\/yoast.com\/wordpress\/plugins\/seo\/ -->\n<title>La Colombie met en ligne la m\u00e9moire de ses guerres - JusticeInfo.net<\/title>\n<meta name=\"robots\" content=\"index, follow, max-snippet:-1, max-image-preview:large, max-video-preview:-1\" \/>\n<link rel=\"canonical\" href=\"https:\/\/www.justiceinfo.net\/fr\/27609-colombie-archives-conflit-memoire.html\" \/>\n<meta property=\"og:locale\" content=\"fr_FR\" \/>\n<meta property=\"og:type\" content=\"article\" \/>\n<meta property=\"og:title\" content=\"La Colombie met en ligne la m\u00e9moire de ses guerres\" \/>\n<meta property=\"og:description\" content=\"Un peu plus de 160 000 documents compil\u00e9s durant 4 ans: les archives en lignes du Centre National de M\u00e9moire Historique (CNMH) ont vu le jour il y a tout juste un mois. Elles sont en acc\u00e8s libre sur le site web de l\u2019 organisme, cr\u00e9\u00e9 en 2010 par l\u2019Etat colombien pour faire la lumi\u00e8re [&hellip;]\" \/>\n<meta property=\"og:url\" content=\"https:\/\/www.justiceinfo.net\/fr\/27609-colombie-archives-conflit-memoire.html\" \/>\n<meta property=\"og:site_name\" content=\"JusticeInfo.net\" \/>\n<meta property=\"article:publisher\" content=\"https:\/\/www.facebook.com\/JusticeInfo\/\" \/>\n<meta property=\"article:published_time\" content=\"2016-06-01T12:26:12+00:00\" \/>\n<meta property=\"og:image\" content=\"https:\/\/www.justiceinfo.net\/wp-content\/uploads\/c0c0bfc7aee2dae95e1a31f9d087b05b.jpg\" \/>\n\t<meta property=\"og:image:width\" content=\"1164\" \/>\n\t<meta property=\"og:image:height\" content=\"704\" \/>\n\t<meta property=\"og:image:type\" content=\"image\/jpeg\" \/>\n<meta name=\"author\" content=\"Christine Renaudat, Bogota correspondance\" \/>\n<meta name=\"twitter:card\" content=\"summary_large_image\" \/>\n<meta name=\"twitter:creator\" content=\"@justiceinfonet\" \/>\n<meta name=\"twitter:site\" content=\"@justiceinfonet\" \/>\n<meta name=\"twitter:label1\" content=\"\u00c9crit par\" \/>\n\t<meta name=\"twitter:data1\" content=\"Christine Renaudat, Bogota correspondance\" \/>\n\t<meta name=\"twitter:label2\" content=\"Dur\u00e9e de lecture estim\u00e9e\" \/>\n\t<meta name=\"twitter:data2\" content=\"4 minutes\" \/>\n<script type=\"application\/ld+json\" class=\"yoast-schema-graph\">{\"@context\":\"https:\/\/schema.org\",\"@graph\":[{\"@type\":\"NewsArticle\",\"@id\":\"https:\/\/www.justiceinfo.net\/fr\/27609-colombie-archives-conflit-memoire.html#article\",\"isPartOf\":{\"@id\":\"https:\/\/www.justiceinfo.net\/fr\/27609-colombie-archives-conflit-memoire.html\"},\"author\":{\"name\":\"solivri\",\"@id\":\"https:\/\/www.justiceinfo.net\/fr#\/schema\/person\/6e53cba1629e2e66f3fc1821d3091865\"},\"headline\":\"La Colombie met en ligne la m\u00e9moire de ses guerres\",\"datePublished\":\"2016-06-01T12:26:12+00:00\",\"mainEntityOfPage\":{\"@id\":\"https:\/\/www.justiceinfo.net\/fr\/27609-colombie-archives-conflit-memoire.html\"},\"wordCount\":897,\"commentCount\":0,\"publisher\":{\"@id\":\"https:\/\/www.justiceinfo.net\/fr#organization\"},\"image\":{\"@id\":\"https:\/\/www.justiceinfo.net\/fr\/27609-colombie-archives-conflit-memoire.html#primaryimage\"},\"thumbnailUrl\":\"https:\/\/www.justiceinfo.net\/wp-content\/uploads\/c0c0bfc7aee2dae95e1a31f9d087b05b.jpg\",\"articleSection\":[\"Divers\"],\"inLanguage\":\"fr-FR\",\"potentialAction\":[{\"@type\":\"CommentAction\",\"name\":\"Comment\",\"target\":[\"https:\/\/www.justiceinfo.net\/fr\/27609-colombie-archives-conflit-memoire.html#respond\"]}]},{\"@type\":\"WebPage\",\"@id\":\"https:\/\/www.justiceinfo.net\/fr\/27609-colombie-archives-conflit-memoire.html\",\"url\":\"https:\/\/www.justiceinfo.net\/fr\/27609-colombie-archives-conflit-memoire.html\",\"name\":\"La Colombie met en ligne la m\u00e9moire de ses guerres - JusticeInfo.net\",\"isPartOf\":{\"@id\":\"https:\/\/www.justiceinfo.net\/fr#website\"},\"primaryImageOfPage\":{\"@id\":\"https:\/\/www.justiceinfo.net\/fr\/27609-colombie-archives-conflit-memoire.html#primaryimage\"},\"image\":{\"@id\":\"https:\/\/www.justiceinfo.net\/fr\/27609-colombie-archives-conflit-memoire.html#primaryimage\"},\"thumbnailUrl\":\"https:\/\/www.justiceinfo.net\/wp-content\/uploads\/c0c0bfc7aee2dae95e1a31f9d087b05b.jpg\",\"datePublished\":\"2016-06-01T12:26:12+00:00\",\"breadcrumb\":{\"@id\":\"https:\/\/www.justiceinfo.net\/fr\/27609-colombie-archives-conflit-memoire.html#breadcrumb\"},\"inLanguage\":\"fr-FR\",\"potentialAction\":[{\"@type\":\"ReadAction\",\"target\":[\"https:\/\/www.justiceinfo.net\/fr\/27609-colombie-archives-conflit-memoire.html\"]}]},{\"@type\":\"ImageObject\",\"inLanguage\":\"fr-FR\",\"@id\":\"https:\/\/www.justiceinfo.net\/fr\/27609-colombie-archives-conflit-memoire.html#primaryimage\",\"url\":\"https:\/\/www.justiceinfo.net\/wp-content\/uploads\/c0c0bfc7aee2dae95e1a31f9d087b05b.jpg\",\"contentUrl\":\"https:\/\/www.justiceinfo.net\/wp-content\/uploads\/c0c0bfc7aee2dae95e1a31f9d087b05b.jpg\",\"width\":1164,\"height\":704},{\"@type\":\"BreadcrumbList\",\"@id\":\"https:\/\/www.justiceinfo.net\/fr\/27609-colombie-archives-conflit-memoire.html#breadcrumb\",\"itemListElement\":[{\"@type\":\"ListItem\",\"position\":1,\"name\":\"Home\",\"item\":\"https:\/\/www.justiceinfo.net\/fr\"},{\"@type\":\"ListItem\",\"position\":2,\"name\":\"La Colombie met en ligne la m\u00e9moire de ses guerres\"}]},{\"@type\":\"WebSite\",\"@id\":\"https:\/\/www.justiceinfo.net\/fr#website\",\"url\":\"https:\/\/www.justiceinfo.net\/fr\",\"name\":\"JusticeInfo.net\",\"description\":\"La justice doit \u00eatre vue pour \u00eatre rendue\",\"publisher\":{\"@id\":\"https:\/\/www.justiceinfo.net\/fr#organization\"},\"potentialAction\":[{\"@type\":\"SearchAction\",\"target\":{\"@type\":\"EntryPoint\",\"urlTemplate\":\"https:\/\/www.justiceinfo.net\/fr?s={search_term_string}\"},\"query-input\":{\"@type\":\"PropertyValueSpecification\",\"valueRequired\":true,\"valueName\":\"search_term_string\"}}],\"inLanguage\":\"fr-FR\"},{\"@type\":\"Organization\",\"@id\":\"https:\/\/www.justiceinfo.net\/fr#organization\",\"name\":\"Justice Info\",\"url\":\"https:\/\/www.justiceinfo.net\/fr\",\"logo\":{\"@type\":\"ImageObject\",\"inLanguage\":\"fr-FR\",\"@id\":\"https:\/\/www.justiceinfo.net\/fr#\/schema\/logo\/image\/\",\"url\":\"https:\/\/www.justiceinfo.net\/wp-content\/uploads\/justiceinfo_logo-trans_1200x1200px.png\",\"contentUrl\":\"https:\/\/www.justiceinfo.net\/wp-content\/uploads\/justiceinfo_logo-trans_1200x1200px.png\",\"width\":1199,\"height\":1200,\"caption\":\"Justice Info\"},\"image\":{\"@id\":\"https:\/\/www.justiceinfo.net\/fr#\/schema\/logo\/image\/\"},\"sameAs\":[\"https:\/\/www.facebook.com\/JusticeInfo\/\",\"https:\/\/x.com\/justiceinfonet\",\"https:\/\/www.linkedin.com\/company\/justice-info\",\"https:\/\/www.youtube.com\/channel\/UCyCEsARodyuWtkWyhn-e7pA\"]},{\"@type\":\"Person\",\"name\":\"Christine Renaudat, Bogota correspondance\",\"url\":\"\/fr\/?s=Christine Renaudat, Bogota correspondance\"}]}<\/script>\n<!-- \/ Yoast SEO Premium plugin. -->","yoast_head_json":{"title":"La Colombie met en ligne la m\u00e9moire de ses guerres - JusticeInfo.net","robots":{"index":"index","follow":"follow","max-snippet":"max-snippet:-1","max-image-preview":"max-image-preview:large","max-video-preview":"max-video-preview:-1"},"canonical":"https:\/\/www.justiceinfo.net\/fr\/27609-colombie-archives-conflit-memoire.html","og_locale":"fr_FR","og_type":"article","og_title":"La Colombie met en ligne la m\u00e9moire de ses guerres","og_description":"Un peu plus de 160 000 documents compil\u00e9s durant 4 ans: les archives en lignes du Centre National de M\u00e9moire Historique (CNMH) ont vu le jour il y a tout juste un mois. Elles sont en acc\u00e8s libre sur le site web de l\u2019 organisme, cr\u00e9\u00e9 en 2010 par l\u2019Etat colombien pour faire la lumi\u00e8re [&hellip;]","og_url":"https:\/\/www.justiceinfo.net\/fr\/27609-colombie-archives-conflit-memoire.html","og_site_name":"JusticeInfo.net","article_publisher":"https:\/\/www.facebook.com\/JusticeInfo\/","article_published_time":"2016-06-01T12:26:12+00:00","og_image":[{"width":1164,"height":704,"url":"https:\/\/www.justiceinfo.net\/wp-content\/uploads\/c0c0bfc7aee2dae95e1a31f9d087b05b.jpg","type":"image\/jpeg"}],"author":"Christine Renaudat, Bogota correspondance","twitter_card":"summary_large_image","twitter_creator":"@justiceinfonet","twitter_site":"@justiceinfonet","twitter_misc":{"\u00c9crit par":"Christine Renaudat, Bogota correspondance","Dur\u00e9e de lecture estim\u00e9e":"4 minutes"},"schema":{"@context":"https:\/\/schema.org","@graph":[{"@type":"NewsArticle","@id":"https:\/\/www.justiceinfo.net\/fr\/27609-colombie-archives-conflit-memoire.html#article","isPartOf":{"@id":"https:\/\/www.justiceinfo.net\/fr\/27609-colombie-archives-conflit-memoire.html"},"author":{"name":"solivri","@id":"https:\/\/www.justiceinfo.net\/fr#\/schema\/person\/6e53cba1629e2e66f3fc1821d3091865"},"headline":"La Colombie met en ligne la m\u00e9moire de ses guerres","datePublished":"2016-06-01T12:26:12+00:00","mainEntityOfPage":{"@id":"https:\/\/www.justiceinfo.net\/fr\/27609-colombie-archives-conflit-memoire.html"},"wordCount":897,"commentCount":0,"publisher":{"@id":"https:\/\/www.justiceinfo.net\/fr#organization"},"image":{"@id":"https:\/\/www.justiceinfo.net\/fr\/27609-colombie-archives-conflit-memoire.html#primaryimage"},"thumbnailUrl":"https:\/\/www.justiceinfo.net\/wp-content\/uploads\/c0c0bfc7aee2dae95e1a31f9d087b05b.jpg","articleSection":["Divers"],"inLanguage":"fr-FR","potentialAction":[{"@type":"CommentAction","name":"Comment","target":["https:\/\/www.justiceinfo.net\/fr\/27609-colombie-archives-conflit-memoire.html#respond"]}]},{"@type":"WebPage","@id":"https:\/\/www.justiceinfo.net\/fr\/27609-colombie-archives-conflit-memoire.html","url":"https:\/\/www.justiceinfo.net\/fr\/27609-colombie-archives-conflit-memoire.html","name":"La Colombie met en ligne la m\u00e9moire de ses guerres - JusticeInfo.net","isPartOf":{"@id":"https:\/\/www.justiceinfo.net\/fr#website"},"primaryImageOfPage":{"@id":"https:\/\/www.justiceinfo.net\/fr\/27609-colombie-archives-conflit-memoire.html#primaryimage"},"image":{"@id":"https:\/\/www.justiceinfo.net\/fr\/27609-colombie-archives-conflit-memoire.html#primaryimage"},"thumbnailUrl":"https:\/\/www.justiceinfo.net\/wp-content\/uploads\/c0c0bfc7aee2dae95e1a31f9d087b05b.jpg","datePublished":"2016-06-01T12:26:12+00:00","breadcrumb":{"@id":"https:\/\/www.justiceinfo.net\/fr\/27609-colombie-archives-conflit-memoire.html#breadcrumb"},"inLanguage":"fr-FR","potentialAction":[{"@type":"ReadAction","target":["https:\/\/www.justiceinfo.net\/fr\/27609-colombie-archives-conflit-memoire.html"]}]},{"@type":"ImageObject","inLanguage":"fr-FR","@id":"https:\/\/www.justiceinfo.net\/fr\/27609-colombie-archives-conflit-memoire.html#primaryimage","url":"https:\/\/www.justiceinfo.net\/wp-content\/uploads\/c0c0bfc7aee2dae95e1a31f9d087b05b.jpg","contentUrl":"https:\/\/www.justiceinfo.net\/wp-content\/uploads\/c0c0bfc7aee2dae95e1a31f9d087b05b.jpg","width":1164,"height":704},{"@type":"BreadcrumbList","@id":"https:\/\/www.justiceinfo.net\/fr\/27609-colombie-archives-conflit-memoire.html#breadcrumb","itemListElement":[{"@type":"ListItem","position":1,"name":"Home","item":"https:\/\/www.justiceinfo.net\/fr"},{"@type":"ListItem","position":2,"name":"La Colombie met en ligne la m\u00e9moire de ses guerres"}]},{"@type":"WebSite","@id":"https:\/\/www.justiceinfo.net\/fr#website","url":"https:\/\/www.justiceinfo.net\/fr","name":"JusticeInfo.net","description":"La justice doit \u00eatre vue pour \u00eatre rendue","publisher":{"@id":"https:\/\/www.justiceinfo.net\/fr#organization"},"potentialAction":[{"@type":"SearchAction","target":{"@type":"EntryPoint","urlTemplate":"https:\/\/www.justiceinfo.net\/fr?s={search_term_string}"},"query-input":{"@type":"PropertyValueSpecification","valueRequired":true,"valueName":"search_term_string"}}],"inLanguage":"fr-FR"},{"@type":"Organization","@id":"https:\/\/www.justiceinfo.net\/fr#organization","name":"Justice Info","url":"https:\/\/www.justiceinfo.net\/fr","logo":{"@type":"ImageObject","inLanguage":"fr-FR","@id":"https:\/\/www.justiceinfo.net\/fr#\/schema\/logo\/image\/","url":"https:\/\/www.justiceinfo.net\/wp-content\/uploads\/justiceinfo_logo-trans_1200x1200px.png","contentUrl":"https:\/\/www.justiceinfo.net\/wp-content\/uploads\/justiceinfo_logo-trans_1200x1200px.png","width":1199,"height":1200,"caption":"Justice Info"},"image":{"@id":"https:\/\/www.justiceinfo.net\/fr#\/schema\/logo\/image\/"},"sameAs":["https:\/\/www.facebook.com\/JusticeInfo\/","https:\/\/x.com\/justiceinfonet","https:\/\/www.linkedin.com\/company\/justice-info","https:\/\/www.youtube.com\/channel\/UCyCEsARodyuWtkWyhn-e7pA"]},{"@type":"Person","name":"Christine Renaudat, Bogota correspondance","url":"\/fr\/?s=Christine Renaudat, Bogota correspondance"}]}},"_links":{"self":[{"href":"https:\/\/www.justiceinfo.net\/fr\/wp-json\/wp\/v2\/posts\/27609","targetHints":{"allow":["GET"]}}],"collection":[{"href":"https:\/\/www.justiceinfo.net\/fr\/wp-json\/wp\/v2\/posts"}],"about":[{"href":"https:\/\/www.justiceinfo.net\/fr\/wp-json\/wp\/v2\/types\/post"}],"author":[{"embeddable":true,"href":"https:\/\/www.justiceinfo.net\/fr\/wp-json\/wp\/v2\/users\/64"}],"replies":[{"embeddable":true,"href":"https:\/\/www.justiceinfo.net\/fr\/wp-json\/wp\/v2\/comments?post=27609"}],"version-history":[{"count":0,"href":"https:\/\/www.justiceinfo.net\/fr\/wp-json\/wp\/v2\/posts\/27609\/revisions"}],"wp:featuredmedia":[{"embeddable":true,"href":"https:\/\/www.justiceinfo.net\/fr\/wp-json\/wp\/v2\/media\/64967"}],"wp:attachment":[{"href":"https:\/\/www.justiceinfo.net\/fr\/wp-json\/wp\/v2\/media?parent=27609"}],"wp:term":[{"taxonomy":"category","embeddable":true,"href":"https:\/\/www.justiceinfo.net\/fr\/wp-json\/wp\/v2\/categories?post=27609"},{"taxonomy":"post_tag","embeddable":true,"href":"https:\/\/www.justiceinfo.net\/fr\/wp-json\/wp\/v2\/tags?post=27609"},{"taxonomy":"ji_location","embeddable":true,"href":"https:\/\/www.justiceinfo.net\/fr\/wp-json\/wp\/v2\/ji_location?post=27609"}],"curies":[{"name":"wp","href":"https:\/\/api.w.org\/{rel}","templated":true}]}}