{"id":27653,"date":"2016-06-02T18:40:02","date_gmt":"2016-06-02T16:40:02","guid":{"rendered":"https:\/\/www.justiceinfo.net\/27653-la-reconnaissance-du-genocide-armenien-dans-le-monde.html"},"modified":"2016-06-02T18:40:02","modified_gmt":"2016-06-02T16:40:02","slug":"la-reconnaissance-du-genocide-armenien-dans-le-monde","status":"publish","type":"post","link":"https:\/\/www.justiceinfo.net\/fr\/27653-la-reconnaissance-du-genocide-armenien-dans-le-monde.html","title":{"rendered":"La reconnaissance du g\u00e9nocide arm\u00e9nien dans le monde"},"content":{"rendered":"<p>Un nombre croissant de parlements, principalement en Europe, \u00e0 l'instar du Bundestag jeudi, ont vot\u00e9 des lois ou des r\u00e9solutions reconnaissant explicitement le g\u00e9nocide arm\u00e9nien, \u00e0 l'inverse d'autres pays s'abstenant de prononcer ce mot qui met la Turquie en fureur.<\/p>\n<p>Selon l'Institut national arm\u00e9nien, 26 autres parlements ont reconnu le g\u00e9nocide : Argentine, Autriche, Belgique, Bolivie, Br\u00e9sil, Bulgarie, Canada, Chili, Chypre, France, Gr\u00e8ce, Italie, Liban, Lituanie, Luxembourg, Pays-Bas, Paraguay, Pologne, Russie, Slovaquie, Su\u00e8de, Suisse, Etats-Unis, Uruguay, Vatican, Venezuela. Mais ces votes peuvent rev\u00eatir des formes et avoir des port\u00e9es juridiques tr\u00e8s diverses.<\/p>\n<h4>- Reconnaissance et n\u00e9gationnisme -<\/h4>\n<p>La France a \u00e9t\u00e9, en janvier 2001, le premier grand pays \u00e0 reconna\u00eetre le g\u00e9nocide arm\u00e9nien. La n\u00e9gation de ce g\u00e9nocide n'est cependant pas p\u00e9nalis\u00e9e, le Conseil constitutionnel ayant censur\u00e9 en f\u00e9vrier 2012 une loi en ce sens, la jugeant contraire \u00e0 la libert\u00e9 d'expression.<\/p>\n<p>Au contraire de la France, certains pays p\u00e9nalisent la n\u00e9gation du g\u00e9nocide arm\u00e9nien \u00e0 l'instar de la Suisse, o\u00f9 un n\u00e9gationniste a \u00e9t\u00e9 condamn\u00e9 par le tribunal f\u00e9d\u00e9ral en 2007, et Chypre par une loi adopt\u00e9e en avril 2015. En Slovaquie, la n\u00e9gation est \u00e9galement passible de prison.<\/p>\n<p>La loi chypriote \u00e9tablit le 24 avril, date des premiers massacres en 1915, comme Journ\u00e9e nationale du souvenir dans ce pays, o\u00f9 les membres de la minorit\u00e9 arm\u00e9nienne sont pour la plupart des descendants des rescap\u00e9s du \"g\u00e9nocide\".<\/p>\n<h4>- D'autres parlements europ\u00e9ens -<\/h4>\n<p>Parmi les Parlements ayant r\u00e9cemment adopt\u00e9 une r\u00e9solution reconnaissant le g\u00e9nocide figurent le Parlement luxembourgeois, en mai 2015, et belge, en juillet de la m\u00eame ann\u00e9e. La r\u00e9solution adopt\u00e9e par les d\u00e9put\u00e9s belges ne reconna\u00eet toutefois pas explicitement le caract\u00e8re de g\u00e9nocide aux massacres et d\u00e9portations d'Arm\u00e9niens.<\/p>\n<p>Le Parlement europ\u00e9en a reconnu le g\u00e9nocide d\u00e8s 1987.<\/p>\n<p>Le caract\u00e8re g\u00e9nocidaire des massacres et d\u00e9portations survenus entre 1915 et 1917 a \u00e9t\u00e9 reconnu par les Parlements de plusieurs autres pays tels la Russie (1994), la Gr\u00e8ce (1996), l'Italie (2000), les Pays-Bas (2004), la Su\u00e8de (2010).<\/p>\n<p>Le 24 avril 2015, en pleine comm\u00e9moration par l'Arm\u00e9nie du 100e anniversaire du g\u00e9nocide, le pape Fran\u00e7ois parle de \"premier g\u00e9nocide du XXe si\u00e8cle\" \u00e0 propos du massacre des Arm\u00e9niens, dans le cadre tr\u00e8s solennel de la basilique Saint-Pierre. Une premi\u00e8re au Vatican.<\/p>\n<p>Plus symboliquement, les d\u00e9put\u00e9s autrichiens ont observ\u00e9 en avril 2015, une minute de silence en m\u00e9moire du g\u00e9nocide arm\u00e9nien, une premi\u00e8re dans ce pays autrefois alli\u00e9 \u00e0 l'empire ottoman et o\u00f9 ce terme n'a jamais \u00e9t\u00e9 endoss\u00e9 officiellement.<\/p>\n<h4>- H\u00e9sitations am\u00e9ricaines -<\/h4>\n<p>Le 20 avril 1965, l'Uruguay a \u00e9t\u00e9 le premier pays au monde \u00e0 reconna\u00eetre le g\u00e9nocide arm\u00e9nien. D'autres pays d'Am\u00e9rique latine ont suivi comme le V\u00e9n\u00e9zuela, l'Argentine, le Chili, la Bolivie, le Paraguay et le Br\u00e9sil.<\/p>\n<p>La Chambre des Communes canadienne a reconnu le g\u00e9nocide arm\u00e9nien en 2004.<\/p>\n<p>Aux Etats-Unis, le Congr\u00e8s a reconnu le g\u00e9nocide avec l'adoption de r\u00e9solutions par la Chambre en 1975 et 1984. Lorsqu'il faisait campagne pour la Maison Blanche en 2008, Barack Obama s'\u00e9tait engag\u00e9 \u00e0 reconna\u00eetre le g\u00e9nocide, un terme qu'il n'a cependant jamais employ\u00e9 en tant que pr\u00e9sident.<\/p>\n","protected":false},"excerpt":{"rendered":"<p>Un nombre croissant de parlements, principalement en Europe, \u00e0 l'instar du Bundestag jeudi, ont vot\u00e9 des lois ou des r\u00e9solutions reconnaissant explicitement le g\u00e9nocide arm\u00e9nien, \u00e0 l'inverse d'autres pays s'abstenant de prononcer ce mot qui met la Turquie en fureur. Selon l'Institut national arm\u00e9nien, 26 autres parlements ont reconnu le g\u00e9nocide : Argentine, Autriche, Belgique, [&hellip;]<\/p>\n","protected":false},"author":60,"featured_media":0,"comment_status":"open","ping_status":"closed","sticky":false,"template":"","format":"standard","meta":{"_acf_changed":false,"footnotes":""},"categories":[556],"tags":[],"ji_location":[2522],"class_list":["post-27653","post","type-post","status-publish","format-standard","hentry","category-divers","ji_location-turquie"],"acf":[],"yoast_head":"<!-- This site is optimized with the Yoast SEO Premium plugin v25.3.1 (Yoast SEO v25.3.1) - https:\/\/yoast.com\/wordpress\/plugins\/seo\/ -->\n<title>La reconnaissance du g\u00e9nocide arm\u00e9nien dans le monde - JusticeInfo.net<\/title>\n<meta name=\"robots\" content=\"index, follow, max-snippet:-1, max-image-preview:large, max-video-preview:-1\" \/>\n<link rel=\"canonical\" href=\"https:\/\/www.justiceinfo.net\/fr\/27653-la-reconnaissance-du-genocide-armenien-dans-le-monde.html\" \/>\n<meta property=\"og:locale\" content=\"fr_FR\" \/>\n<meta property=\"og:type\" content=\"article\" \/>\n<meta property=\"og:title\" content=\"La reconnaissance du g\u00e9nocide arm\u00e9nien dans le monde\" \/>\n<meta property=\"og:description\" content=\"Un nombre croissant de parlements, principalement en Europe, \u00e0 l&#039;instar du Bundestag jeudi, ont vot\u00e9 des lois ou des r\u00e9solutions reconnaissant explicitement le g\u00e9nocide arm\u00e9nien, \u00e0 l&#039;inverse d&#039;autres pays s&#039;abstenant de prononcer ce mot qui met la Turquie en fureur. Selon l&#039;Institut national arm\u00e9nien, 26 autres parlements ont reconnu le g\u00e9nocide : Argentine, Autriche, Belgique, [&hellip;]\" \/>\n<meta property=\"og:url\" content=\"https:\/\/www.justiceinfo.net\/fr\/27653-la-reconnaissance-du-genocide-armenien-dans-le-monde.html\" \/>\n<meta property=\"og:site_name\" content=\"JusticeInfo.net\" \/>\n<meta property=\"article:publisher\" content=\"https:\/\/www.facebook.com\/JusticeInfo\/\" \/>\n<meta property=\"article:published_time\" content=\"2016-06-02T16:40:02+00:00\" \/>\n<meta property=\"og:image\" content=\"https:\/\/www.justiceinfo.net\/wp-content\/uploads\/JusticeInfoNet_logo_1200x630px.jpg\" \/>\n\t<meta property=\"og:image:width\" content=\"1200\" \/>\n\t<meta property=\"og:image:height\" content=\"630\" \/>\n\t<meta property=\"og:image:type\" content=\"image\/jpeg\" \/>\n<meta name=\"author\" content=\"AFP\" \/>\n<meta name=\"twitter:card\" content=\"summary_large_image\" \/>\n<meta name=\"twitter:creator\" content=\"@justiceinfonet\" \/>\n<meta name=\"twitter:site\" content=\"@justiceinfonet\" \/>\n<meta name=\"twitter:label1\" content=\"\u00c9crit par\" \/>\n\t<meta name=\"twitter:data1\" content=\"AFP\" \/>\n\t<meta name=\"twitter:label2\" content=\"Dur\u00e9e de lecture estim\u00e9e\" \/>\n\t<meta name=\"twitter:data2\" content=\"3 minutes\" \/>\n<script type=\"application\/ld+json\" class=\"yoast-schema-graph\">{\"@context\":\"https:\/\/schema.org\",\"@graph\":[{\"@type\":\"NewsArticle\",\"@id\":\"https:\/\/www.justiceinfo.net\/fr\/27653-la-reconnaissance-du-genocide-armenien-dans-le-monde.html#article\",\"isPartOf\":{\"@id\":\"https:\/\/www.justiceinfo.net\/fr\/27653-la-reconnaissance-du-genocide-armenien-dans-le-monde.html\"},\"author\":{\"name\":\"afp\",\"@id\":\"https:\/\/www.justiceinfo.net\/fr#\/schema\/person\/713d340ef5f218fc36ce9b4244364a7f\"},\"headline\":\"La reconnaissance du g\u00e9nocide arm\u00e9nien dans le monde\",\"datePublished\":\"2016-06-02T16:40:02+00:00\",\"mainEntityOfPage\":{\"@id\":\"https:\/\/www.justiceinfo.net\/fr\/27653-la-reconnaissance-du-genocide-armenien-dans-le-monde.html\"},\"wordCount\":592,\"commentCount\":0,\"publisher\":{\"@id\":\"https:\/\/www.justiceinfo.net\/fr#organization\"},\"articleSection\":[\"Divers\"],\"inLanguage\":\"fr-FR\",\"potentialAction\":[{\"@type\":\"CommentAction\",\"name\":\"Comment\",\"target\":[\"https:\/\/www.justiceinfo.net\/fr\/27653-la-reconnaissance-du-genocide-armenien-dans-le-monde.html#respond\"]}]},{\"@type\":\"WebPage\",\"@id\":\"https:\/\/www.justiceinfo.net\/fr\/27653-la-reconnaissance-du-genocide-armenien-dans-le-monde.html\",\"url\":\"https:\/\/www.justiceinfo.net\/fr\/27653-la-reconnaissance-du-genocide-armenien-dans-le-monde.html\",\"name\":\"La reconnaissance du g\u00e9nocide arm\u00e9nien dans le monde - JusticeInfo.net\",\"isPartOf\":{\"@id\":\"https:\/\/www.justiceinfo.net\/fr#website\"},\"datePublished\":\"2016-06-02T16:40:02+00:00\",\"breadcrumb\":{\"@id\":\"https:\/\/www.justiceinfo.net\/fr\/27653-la-reconnaissance-du-genocide-armenien-dans-le-monde.html#breadcrumb\"},\"inLanguage\":\"fr-FR\",\"potentialAction\":[{\"@type\":\"ReadAction\",\"target\":[\"https:\/\/www.justiceinfo.net\/fr\/27653-la-reconnaissance-du-genocide-armenien-dans-le-monde.html\"]}]},{\"@type\":\"BreadcrumbList\",\"@id\":\"https:\/\/www.justiceinfo.net\/fr\/27653-la-reconnaissance-du-genocide-armenien-dans-le-monde.html#breadcrumb\",\"itemListElement\":[{\"@type\":\"ListItem\",\"position\":1,\"name\":\"Home\",\"item\":\"https:\/\/www.justiceinfo.net\/fr\"},{\"@type\":\"ListItem\",\"position\":2,\"name\":\"La reconnaissance du g\u00e9nocide arm\u00e9nien dans le monde\"}]},{\"@type\":\"WebSite\",\"@id\":\"https:\/\/www.justiceinfo.net\/fr#website\",\"url\":\"https:\/\/www.justiceinfo.net\/fr\",\"name\":\"JusticeInfo.net\",\"description\":\"La justice doit \u00eatre vue pour \u00eatre rendue\",\"publisher\":{\"@id\":\"https:\/\/www.justiceinfo.net\/fr#organization\"},\"potentialAction\":[{\"@type\":\"SearchAction\",\"target\":{\"@type\":\"EntryPoint\",\"urlTemplate\":\"https:\/\/www.justiceinfo.net\/fr?s={search_term_string}\"},\"query-input\":{\"@type\":\"PropertyValueSpecification\",\"valueRequired\":true,\"valueName\":\"search_term_string\"}}],\"inLanguage\":\"fr-FR\"},{\"@type\":\"Organization\",\"@id\":\"https:\/\/www.justiceinfo.net\/fr#organization\",\"name\":\"Justice Info\",\"url\":\"https:\/\/www.justiceinfo.net\/fr\",\"logo\":{\"@type\":\"ImageObject\",\"inLanguage\":\"fr-FR\",\"@id\":\"https:\/\/www.justiceinfo.net\/fr#\/schema\/logo\/image\/\",\"url\":\"https:\/\/www.justiceinfo.net\/wp-content\/uploads\/justiceinfo_logo-trans_1200x1200px.png\",\"contentUrl\":\"https:\/\/www.justiceinfo.net\/wp-content\/uploads\/justiceinfo_logo-trans_1200x1200px.png\",\"width\":1199,\"height\":1200,\"caption\":\"Justice Info\"},\"image\":{\"@id\":\"https:\/\/www.justiceinfo.net\/fr#\/schema\/logo\/image\/\"},\"sameAs\":[\"https:\/\/www.facebook.com\/JusticeInfo\/\",\"https:\/\/x.com\/justiceinfonet\",\"https:\/\/www.linkedin.com\/company\/justice-info\",\"https:\/\/www.youtube.com\/channel\/UCyCEsARodyuWtkWyhn-e7pA\"]},{\"@type\":\"Person\",\"name\":\"AFP\",\"url\":\"\/fr\/?s=AFP\"}]}<\/script>\n<!-- \/ Yoast SEO Premium plugin. -->","yoast_head_json":{"title":"La reconnaissance du g\u00e9nocide arm\u00e9nien dans le monde - JusticeInfo.net","robots":{"index":"index","follow":"follow","max-snippet":"max-snippet:-1","max-image-preview":"max-image-preview:large","max-video-preview":"max-video-preview:-1"},"canonical":"https:\/\/www.justiceinfo.net\/fr\/27653-la-reconnaissance-du-genocide-armenien-dans-le-monde.html","og_locale":"fr_FR","og_type":"article","og_title":"La reconnaissance du g\u00e9nocide arm\u00e9nien dans le monde","og_description":"Un nombre croissant de parlements, principalement en Europe, \u00e0 l'instar du Bundestag jeudi, ont vot\u00e9 des lois ou des r\u00e9solutions reconnaissant explicitement le g\u00e9nocide arm\u00e9nien, \u00e0 l'inverse d'autres pays s'abstenant de prononcer ce mot qui met la Turquie en fureur. Selon l'Institut national arm\u00e9nien, 26 autres parlements ont reconnu le g\u00e9nocide : Argentine, Autriche, Belgique, [&hellip;]","og_url":"https:\/\/www.justiceinfo.net\/fr\/27653-la-reconnaissance-du-genocide-armenien-dans-le-monde.html","og_site_name":"JusticeInfo.net","article_publisher":"https:\/\/www.facebook.com\/JusticeInfo\/","article_published_time":"2016-06-02T16:40:02+00:00","og_image":[{"width":1200,"height":630,"url":"https:\/\/www.justiceinfo.net\/wp-content\/uploads\/JusticeInfoNet_logo_1200x630px.jpg","type":"image\/jpeg"}],"author":"AFP","twitter_card":"summary_large_image","twitter_creator":"@justiceinfonet","twitter_site":"@justiceinfonet","twitter_misc":{"\u00c9crit par":"AFP","Dur\u00e9e de lecture estim\u00e9e":"3 minutes"},"schema":{"@context":"https:\/\/schema.org","@graph":[{"@type":"NewsArticle","@id":"https:\/\/www.justiceinfo.net\/fr\/27653-la-reconnaissance-du-genocide-armenien-dans-le-monde.html#article","isPartOf":{"@id":"https:\/\/www.justiceinfo.net\/fr\/27653-la-reconnaissance-du-genocide-armenien-dans-le-monde.html"},"author":{"name":"afp","@id":"https:\/\/www.justiceinfo.net\/fr#\/schema\/person\/713d340ef5f218fc36ce9b4244364a7f"},"headline":"La reconnaissance du g\u00e9nocide arm\u00e9nien dans le monde","datePublished":"2016-06-02T16:40:02+00:00","mainEntityOfPage":{"@id":"https:\/\/www.justiceinfo.net\/fr\/27653-la-reconnaissance-du-genocide-armenien-dans-le-monde.html"},"wordCount":592,"commentCount":0,"publisher":{"@id":"https:\/\/www.justiceinfo.net\/fr#organization"},"articleSection":["Divers"],"inLanguage":"fr-FR","potentialAction":[{"@type":"CommentAction","name":"Comment","target":["https:\/\/www.justiceinfo.net\/fr\/27653-la-reconnaissance-du-genocide-armenien-dans-le-monde.html#respond"]}]},{"@type":"WebPage","@id":"https:\/\/www.justiceinfo.net\/fr\/27653-la-reconnaissance-du-genocide-armenien-dans-le-monde.html","url":"https:\/\/www.justiceinfo.net\/fr\/27653-la-reconnaissance-du-genocide-armenien-dans-le-monde.html","name":"La reconnaissance du g\u00e9nocide arm\u00e9nien dans le monde - JusticeInfo.net","isPartOf":{"@id":"https:\/\/www.justiceinfo.net\/fr#website"},"datePublished":"2016-06-02T16:40:02+00:00","breadcrumb":{"@id":"https:\/\/www.justiceinfo.net\/fr\/27653-la-reconnaissance-du-genocide-armenien-dans-le-monde.html#breadcrumb"},"inLanguage":"fr-FR","potentialAction":[{"@type":"ReadAction","target":["https:\/\/www.justiceinfo.net\/fr\/27653-la-reconnaissance-du-genocide-armenien-dans-le-monde.html"]}]},{"@type":"BreadcrumbList","@id":"https:\/\/www.justiceinfo.net\/fr\/27653-la-reconnaissance-du-genocide-armenien-dans-le-monde.html#breadcrumb","itemListElement":[{"@type":"ListItem","position":1,"name":"Home","item":"https:\/\/www.justiceinfo.net\/fr"},{"@type":"ListItem","position":2,"name":"La reconnaissance du g\u00e9nocide arm\u00e9nien dans le monde"}]},{"@type":"WebSite","@id":"https:\/\/www.justiceinfo.net\/fr#website","url":"https:\/\/www.justiceinfo.net\/fr","name":"JusticeInfo.net","description":"La justice doit \u00eatre vue pour \u00eatre rendue","publisher":{"@id":"https:\/\/www.justiceinfo.net\/fr#organization"},"potentialAction":[{"@type":"SearchAction","target":{"@type":"EntryPoint","urlTemplate":"https:\/\/www.justiceinfo.net\/fr?s={search_term_string}"},"query-input":{"@type":"PropertyValueSpecification","valueRequired":true,"valueName":"search_term_string"}}],"inLanguage":"fr-FR"},{"@type":"Organization","@id":"https:\/\/www.justiceinfo.net\/fr#organization","name":"Justice Info","url":"https:\/\/www.justiceinfo.net\/fr","logo":{"@type":"ImageObject","inLanguage":"fr-FR","@id":"https:\/\/www.justiceinfo.net\/fr#\/schema\/logo\/image\/","url":"https:\/\/www.justiceinfo.net\/wp-content\/uploads\/justiceinfo_logo-trans_1200x1200px.png","contentUrl":"https:\/\/www.justiceinfo.net\/wp-content\/uploads\/justiceinfo_logo-trans_1200x1200px.png","width":1199,"height":1200,"caption":"Justice Info"},"image":{"@id":"https:\/\/www.justiceinfo.net\/fr#\/schema\/logo\/image\/"},"sameAs":["https:\/\/www.facebook.com\/JusticeInfo\/","https:\/\/x.com\/justiceinfonet","https:\/\/www.linkedin.com\/company\/justice-info","https:\/\/www.youtube.com\/channel\/UCyCEsARodyuWtkWyhn-e7pA"]},{"@type":"Person","name":"AFP","url":"\/fr\/?s=AFP"}]}},"_links":{"self":[{"href":"https:\/\/www.justiceinfo.net\/fr\/wp-json\/wp\/v2\/posts\/27653","targetHints":{"allow":["GET"]}}],"collection":[{"href":"https:\/\/www.justiceinfo.net\/fr\/wp-json\/wp\/v2\/posts"}],"about":[{"href":"https:\/\/www.justiceinfo.net\/fr\/wp-json\/wp\/v2\/types\/post"}],"author":[{"embeddable":true,"href":"https:\/\/www.justiceinfo.net\/fr\/wp-json\/wp\/v2\/users\/60"}],"replies":[{"embeddable":true,"href":"https:\/\/www.justiceinfo.net\/fr\/wp-json\/wp\/v2\/comments?post=27653"}],"version-history":[{"count":0,"href":"https:\/\/www.justiceinfo.net\/fr\/wp-json\/wp\/v2\/posts\/27653\/revisions"}],"wp:attachment":[{"href":"https:\/\/www.justiceinfo.net\/fr\/wp-json\/wp\/v2\/media?parent=27653"}],"wp:term":[{"taxonomy":"category","embeddable":true,"href":"https:\/\/www.justiceinfo.net\/fr\/wp-json\/wp\/v2\/categories?post=27653"},{"taxonomy":"post_tag","embeddable":true,"href":"https:\/\/www.justiceinfo.net\/fr\/wp-json\/wp\/v2\/tags?post=27653"},{"taxonomy":"ji_location","embeddable":true,"href":"https:\/\/www.justiceinfo.net\/fr\/wp-json\/wp\/v2\/ji_location?post=27653"}],"curies":[{"name":"wp","href":"https:\/\/api.w.org\/{rel}","templated":true}]}}