{"id":27824,"date":"2016-06-13T07:24:11","date_gmt":"2016-06-13T05:24:11","guid":{"rendered":"https:\/\/www.justiceinfo.net\/27824-la-semaine-de-la-justice-transitionnelle-bensouda-repond-a-ses-critiques-sur-justiceinfo-net.html"},"modified":"2016-06-13T07:24:11","modified_gmt":"2016-06-13T05:24:11","slug":"la-semaine-de-la-justice-transitionnelle-bensouda-repond-a-ses-critiques-sur-justiceinfo-net","status":"publish","type":"post","link":"https:\/\/www.justiceinfo.net\/fr\/27824-la-semaine-de-la-justice-transitionnelle-bensouda-repond-a-ses-critiques-sur-justiceinfo-net.html","title":{"rendered":"La semaine de la justice transitionnelle : Bensouda r\u00e9pond \u00e0 ses critiques sur JusticeInfo.net"},"content":{"rendered":"<p><em><strong>Interviewer Fatou Bensouda dans le domaine de la justice transitionnelle, c\u2019est comme parler avec Glenn Gould pour un pianiste ou avec Lionel Messi dans le foot-ball. C\u2019est ainsi que Pierre Hazan, conseiller \u00e9ditorial de JusticeInfo.net a <a href=\"fr\/component\/k2\/27721-cpi-%C2%AB-personne-ne-doit-%C3%AAtre-au-dessus-de-la-loi-%C2%BB-bensouda.html\">rencontr\u00e9<\/a> \u00e0 Gen\u00e8ve la procureure de la Cour P\u00e9nale internationale Fatou Bensouda qui a reconnu avoir l\u2019un des jobs les plus durs au monde. Critiqu\u00e9e \u00e0 la fois pour en faire trop notamment en Afrique et pour ne pas en faire pas dans le reste du monde quand il s\u2019agit des puissants du Nord.<\/strong><\/em><\/p>\n<p>L\u2019ancienne avocate et ministre gambienne a r\u00e9pondu point par point \u00e0 ces mises en cause. Africaine, elle s\u2019est d\u00e9fendue de ne cibler que des Africains. <em>\u00ab\u00a0<\/em><em>La CPI n\u2019a pas couru derri\u00e8re l\u2019Afrique. C\u2019est l\u2019oppos\u00e9 qui s\u2019est pass\u00e9\u00a0\u00bb<\/em> , a-t-elle soulign\u00e9 rappelant que cinq pays du continent ont demand\u00e9 \u00e0 la Cour P\u00e9nale d\u2019intervenir.<\/p>\n<p>Avocate de son tribunal, Fatou Bensouda explique\u00a0: <em>\u00ab\u00a0Personne ne doit \u00eatre au-dessus de la loi, pas plus les pr\u00e9sidents que les chefs des milices. Le plus souvent, aucune juridiction ne peut les juger dans leur pays, c\u2019est pourquoi la CPI a \u00e9t\u00e9 cr\u00e9\u00e9e\u00a0: pour juger des personnes autrement hors d\u2019atteinte\u00a0\u00bb<\/em>. (A noter que cette interview a \u00e9t\u00e9 film\u00e9e par notre \u00e9quipe et est diffus\u00e9e dans une vid\u00e9o \u00e9dit\u00e9e sur le site.)<\/p>\n<p>Autre dimension de la justice transitionnelle et des processus de m\u00e9moire et de r\u00e9parations, la place des femmes notamment en Tunisie. Malgr\u00e8 les tabous, les <a href=\"fr\/component\/k2\/27732-justice-tunisie.html?mc_cid=3665d572e8&amp;mc_eid=37ca84be75\">victimes<\/a> sont venues en nombre t\u00e9moigner devant l\u2019Instance V\u00e9rit\u00e9 et Justice. Les femmes opposantes ou \u00e9pouses ou s\u0153urs d\u2019opposants \u00e9taient ainsi deux fois victimes\u00a0: du r\u00e9gime et de la soci\u00e9t\u00e9 qui les condamnaient, explique notre correspondante Olfa Belhassine.<\/p>\n<p>Ibtihel Abdellatif, pr\u00e9sidente du Comit\u00e9 femme \u00e0 la commission v\u00e9rit\u00e9\u00a0explique : <em>\u00ab\u00a0Nous savons que les tabous qui p\u00e8sent sur les femmes dans notre soci\u00e9t\u00e9 patriarcale ont la vie dure. L\u2019h\u00e9ritage social est tr\u00e8s lourd. Pour cela, nous entourons les d\u00e9positions des femmes et leur audience priv\u00e9e de l\u2019anonymat et de toutes les garanties susceptibles de les rassurer. La confidentialit\u00e9 de leur dossier fait partie de nos priorit\u00e9s. Leur t\u00e9moignage est recueilli par une femme, et \u00e0 leur demande par un homme, dans le cas ou leur bourreau s\u2019av\u00e8re de sexe f\u00e9minin\u00a0\u00bb.<\/em><\/p>\n<p>Ces m\u00eames tabous persistent au <a href=\"fr\/component\/k2\/27703.html?Itemid=102\">Mali<\/a> o\u00f9 la soci\u00e9t\u00e9 civile d\u00e9nonce les lenteurs des processus de justice transitionnelle en raison de l\u2019absence d\u2019une claire volont\u00e9 politique de confronter le pass\u00e9. A ces facteurs s\u2019ajoute la pression d\u2019une soci\u00e9t\u00e9 tr\u00e8s croyante qui pr\u00e8che le pardon et le refoulement.<\/p>\n<p>Comme l\u2019\u00e9crit le correspondant de JusticeInfo.net \u00e0 Bamako Bruno Djito Segbedji\u00a0: <em>\u00ab\u00a0l'\u00e9vocation d'une infraction touchant au sexe est tabou<\/em>. <em>il est quasiment impossible aux femmes viol\u00e9es, encore marqu\u00e9es par le traumatisme, de raconter leur calvaire.\u00a0<\/em>\u00bb\u00a0Les m\u00eames tabous bloquent les t\u00e9moignages d\u2019hommes victimes de violences sexuelles\u00a0pendant un coup d\u2019\u00e9tat en 2012 :\u00a0 <em>\u00ab\u00a0Des policiers et militaires d\u00e9tenus au Groupement mobile de s\u00e9curit\u00e9 (GMS) de Bamako avaient \u00e9t\u00e9 contraints, armes point\u00e9es sur eux, \u00e0 se d\u00e9shabiller et \u00e0 se sodomiser \u00e0 plusieurs reprises\u00a0\u00bb<\/em>, \u00e9crit le correspondant citant un rapport d\u2019Amnesty International.<\/p>\n<p>Dans d\u2019autres pays, la justice transitionnelle tente malgr\u00e8 ces \u00e9cueils et remous d\u2019aller de l\u2019avant. Ainsi, en <a href=\"fr\/component\/k2\/27803.html?Itemid=102\">R\u00e9publique centrafricaine<\/a>, Faustin-Archange Touadera le Pr\u00e9sident nouvellement \u00e9lu a d\u00e9fini comme priorit\u00e9 de son mandat le d\u00e9sarmement des groupes arm\u00e9es et la reconstruction d\u2019une arm\u00e9e r\u00e9guli\u00e8re r\u00e9put\u00e9e jusqu\u2019\u00e0 aujourd\u2019hui pour ses tendances putschistes et ses violations des droits de la population qu\u2019elle \u00e9tait cens\u00e9e prot\u00e9ger. <em>\u00ab\u00a0<\/em><em>Soulignant que la Centrafrique \u00ab\u00a0doit sortir de ce cycle qui la projette aux yeux du monde comme un pays instable, incapable durant des d\u00e9cennies de prendre en main sa s\u00e9curit\u00e9 et celles de ses populations\u00a0\u00bb, Touadera a instamment demand\u00e9 aux commandants militaires de faire leur travail \u00ab\u00a0avec discernement, avec comp\u00e9tence, avec sang-froid, avec courage\u00a0\u00bb, car ils sont responsables de \u00ab\u00a0l'arm\u00e9e d'un pays qui veut reconqu\u00e9rir tous ses attributs\u00a0\u00bb,<\/em> \u00e9crit ainsi Ephrem Rugiririza de JusticeInfo.net.<\/p>\n<p>\u00a0En <a href=\"fr\/component\/k2\/27718-mauritanie-esclavage-justice.html?Itemid=102\">Mauritanie<\/a> <em>pays avec le taux d\u2019esclavage\u00a0<\/em><a href=\"http:\/\/www.globalslaveryindex.org\/findings\">le plus \u00e9lev\u00e9<\/a><em> au monde<\/em>, <em>\u00abun certain nombre de d\u00e9cisions fait esp\u00e9rer un r\u00e9el revirement de situation pour les esclaves. Emprisonn\u00e9s depuis seize mois, deux militants antiesclavagistes ont ainsi \u00e9t\u00e9 lib\u00e9r\u00e9s le 17 mai sur d\u00e9cision de la Cour Supr\u00eame.\u00a0\u00bb, <\/em><em>\u00e9crit JusticeInfo.net<\/em>La journaliste de JusticeInfo.net Vony Rambolamanana\u00a0\u00a0 explique\u00a0: \u00ab\u00a0<em>l\u2019esclavage est enracin\u00e9 en Mauritanie et constitue l\u2019un des ressorts de la domination politique et soci\u00e9tale de la communaut\u00e9 Baydan, \u00e0 laquelle appartient le Pr\u00e9sident et dont son pouvoir est largement tributaire\u00a0\u00bb.<\/em><\/p>\n","protected":false},"excerpt":{"rendered":"<p>Interviewer Fatou Bensouda dans le domaine de la justice transitionnelle, c\u2019est comme parler avec Glenn Gould pour un pianiste ou avec Lionel Messi dans le foot-ball. C\u2019est ainsi que Pierre Hazan, conseiller \u00e9ditorial de JusticeInfo.net a rencontr\u00e9 \u00e0 Gen\u00e8ve la procureure de la Cour P\u00e9nale internationale Fatou Bensouda qui a reconnu avoir l\u2019un des jobs [&hellip;]<\/p>\n","protected":false},"author":58,"featured_media":63128,"comment_status":"open","ping_status":"closed","sticky":false,"template":"","format":"standard","meta":{"_acf_changed":false,"footnotes":""},"categories":[570],"tags":[],"ji_location":[2372],"class_list":["post-27824","post","type-post","status-publish","format-standard","has-post-thumbnail","hentry","category-cpi","ji_location-pays-bas"],"acf":[],"yoast_head":"<!-- This site is optimized with the Yoast SEO Premium plugin v25.3.1 (Yoast SEO v25.3.1) - https:\/\/yoast.com\/wordpress\/plugins\/seo\/ -->\n<title>La semaine de la justice transitionnelle : Bensouda r\u00e9pond \u00e0 ses critiques sur JusticeInfo.net - JusticeInfo.net<\/title>\n<meta name=\"robots\" content=\"index, follow, max-snippet:-1, max-image-preview:large, max-video-preview:-1\" \/>\n<link rel=\"canonical\" href=\"https:\/\/www.justiceinfo.net\/fr\/27824-la-semaine-de-la-justice-transitionnelle-bensouda-repond-a-ses-critiques-sur-justiceinfo-net.html\" \/>\n<meta property=\"og:locale\" content=\"fr_FR\" \/>\n<meta property=\"og:type\" content=\"article\" \/>\n<meta property=\"og:title\" content=\"La semaine de la justice transitionnelle : Bensouda r\u00e9pond \u00e0 ses critiques sur JusticeInfo.net\" \/>\n<meta property=\"og:description\" content=\"Interviewer Fatou Bensouda dans le domaine de la justice transitionnelle, c\u2019est comme parler avec Glenn Gould pour un pianiste ou avec Lionel Messi dans le foot-ball. C\u2019est ainsi que Pierre Hazan, conseiller \u00e9ditorial de JusticeInfo.net a rencontr\u00e9 \u00e0 Gen\u00e8ve la procureure de la Cour P\u00e9nale internationale Fatou Bensouda qui a reconnu avoir l\u2019un des jobs [&hellip;]\" \/>\n<meta property=\"og:url\" content=\"https:\/\/www.justiceinfo.net\/fr\/27824-la-semaine-de-la-justice-transitionnelle-bensouda-repond-a-ses-critiques-sur-justiceinfo-net.html\" \/>\n<meta property=\"og:site_name\" content=\"JusticeInfo.net\" \/>\n<meta property=\"article:publisher\" content=\"https:\/\/www.facebook.com\/JusticeInfo\/\" \/>\n<meta property=\"article:author\" content=\"https:\/\/www.facebook.com\/profile.php?id=100004809918727\" \/>\n<meta property=\"article:published_time\" content=\"2016-06-13T05:24:11+00:00\" \/>\n<meta property=\"og:image\" content=\"https:\/\/www.justiceinfo.net\/wp-content\/uploads\/529b0a775bd7d2bc84e7da8acc3e8a9b.jpg\" \/>\n\t<meta property=\"og:image:width\" content=\"680\" \/>\n\t<meta property=\"og:image:height\" content=\"454\" \/>\n\t<meta property=\"og:image:type\" content=\"image\/jpeg\" \/>\n<meta name=\"author\" content=\"Fran\u00e7ois Sergent\" \/>\n<meta name=\"twitter:card\" content=\"summary_large_image\" \/>\n<meta name=\"twitter:creator\" content=\"@FrancoisSergent\" \/>\n<meta name=\"twitter:site\" content=\"@justiceinfonet\" \/>\n<meta name=\"twitter:label1\" content=\"\u00c9crit par\" \/>\n\t<meta name=\"twitter:data1\" content=\"Fran\u00e7ois Sergent\" \/>\n\t<meta name=\"twitter:label2\" content=\"Dur\u00e9e de lecture estim\u00e9e\" \/>\n\t<meta name=\"twitter:data2\" content=\"4 minutes\" \/>\n<script type=\"application\/ld+json\" class=\"yoast-schema-graph\">{\"@context\":\"https:\/\/schema.org\",\"@graph\":[{\"@type\":\"NewsArticle\",\"@id\":\"https:\/\/www.justiceinfo.net\/fr\/27824-la-semaine-de-la-justice-transitionnelle-bensouda-repond-a-ses-critiques-sur-justiceinfo-net.html#article\",\"isPartOf\":{\"@id\":\"https:\/\/www.justiceinfo.net\/fr\/27824-la-semaine-de-la-justice-transitionnelle-bensouda-repond-a-ses-critiques-sur-justiceinfo-net.html\"},\"author\":{\"name\":\"fsergent\",\"@id\":\"https:\/\/www.justiceinfo.net\/fr#\/schema\/person\/724414fc3a7779fc189a73a27563e5e1\"},\"headline\":\"La semaine de la justice transitionnelle : Bensouda r\u00e9pond \u00e0 ses critiques sur JusticeInfo.net\",\"datePublished\":\"2016-06-13T05:24:11+00:00\",\"mainEntityOfPage\":{\"@id\":\"https:\/\/www.justiceinfo.net\/fr\/27824-la-semaine-de-la-justice-transitionnelle-bensouda-repond-a-ses-critiques-sur-justiceinfo-net.html\"},\"wordCount\":846,\"commentCount\":0,\"publisher\":{\"@id\":\"https:\/\/www.justiceinfo.net\/fr#organization\"},\"image\":{\"@id\":\"https:\/\/www.justiceinfo.net\/fr\/27824-la-semaine-de-la-justice-transitionnelle-bensouda-repond-a-ses-critiques-sur-justiceinfo-net.html#primaryimage\"},\"thumbnailUrl\":\"https:\/\/www.justiceinfo.net\/wp-content\/uploads\/529b0a775bd7d2bc84e7da8acc3e8a9b.jpg\",\"articleSection\":[\"CPI\"],\"inLanguage\":\"fr-FR\",\"potentialAction\":[{\"@type\":\"CommentAction\",\"name\":\"Comment\",\"target\":[\"https:\/\/www.justiceinfo.net\/fr\/27824-la-semaine-de-la-justice-transitionnelle-bensouda-repond-a-ses-critiques-sur-justiceinfo-net.html#respond\"]}]},{\"@type\":\"WebPage\",\"@id\":\"https:\/\/www.justiceinfo.net\/fr\/27824-la-semaine-de-la-justice-transitionnelle-bensouda-repond-a-ses-critiques-sur-justiceinfo-net.html\",\"url\":\"https:\/\/www.justiceinfo.net\/fr\/27824-la-semaine-de-la-justice-transitionnelle-bensouda-repond-a-ses-critiques-sur-justiceinfo-net.html\",\"name\":\"La semaine de la justice transitionnelle : Bensouda r\u00e9pond \u00e0 ses critiques sur JusticeInfo.net - JusticeInfo.net\",\"isPartOf\":{\"@id\":\"https:\/\/www.justiceinfo.net\/fr#website\"},\"primaryImageOfPage\":{\"@id\":\"https:\/\/www.justiceinfo.net\/fr\/27824-la-semaine-de-la-justice-transitionnelle-bensouda-repond-a-ses-critiques-sur-justiceinfo-net.html#primaryimage\"},\"image\":{\"@id\":\"https:\/\/www.justiceinfo.net\/fr\/27824-la-semaine-de-la-justice-transitionnelle-bensouda-repond-a-ses-critiques-sur-justiceinfo-net.html#primaryimage\"},\"thumbnailUrl\":\"https:\/\/www.justiceinfo.net\/wp-content\/uploads\/529b0a775bd7d2bc84e7da8acc3e8a9b.jpg\",\"datePublished\":\"2016-06-13T05:24:11+00:00\",\"breadcrumb\":{\"@id\":\"https:\/\/www.justiceinfo.net\/fr\/27824-la-semaine-de-la-justice-transitionnelle-bensouda-repond-a-ses-critiques-sur-justiceinfo-net.html#breadcrumb\"},\"inLanguage\":\"fr-FR\",\"potentialAction\":[{\"@type\":\"ReadAction\",\"target\":[\"https:\/\/www.justiceinfo.net\/fr\/27824-la-semaine-de-la-justice-transitionnelle-bensouda-repond-a-ses-critiques-sur-justiceinfo-net.html\"]}]},{\"@type\":\"ImageObject\",\"inLanguage\":\"fr-FR\",\"@id\":\"https:\/\/www.justiceinfo.net\/fr\/27824-la-semaine-de-la-justice-transitionnelle-bensouda-repond-a-ses-critiques-sur-justiceinfo-net.html#primaryimage\",\"url\":\"https:\/\/www.justiceinfo.net\/wp-content\/uploads\/529b0a775bd7d2bc84e7da8acc3e8a9b.jpg\",\"contentUrl\":\"https:\/\/www.justiceinfo.net\/wp-content\/uploads\/529b0a775bd7d2bc84e7da8acc3e8a9b.jpg\",\"width\":680,\"height\":454},{\"@type\":\"BreadcrumbList\",\"@id\":\"https:\/\/www.justiceinfo.net\/fr\/27824-la-semaine-de-la-justice-transitionnelle-bensouda-repond-a-ses-critiques-sur-justiceinfo-net.html#breadcrumb\",\"itemListElement\":[{\"@type\":\"ListItem\",\"position\":1,\"name\":\"Home\",\"item\":\"https:\/\/www.justiceinfo.net\/fr\"},{\"@type\":\"ListItem\",\"position\":2,\"name\":\"La semaine de la justice transitionnelle : Bensouda r\u00e9pond \u00e0 ses critiques sur JusticeInfo.net\"}]},{\"@type\":\"WebSite\",\"@id\":\"https:\/\/www.justiceinfo.net\/fr#website\",\"url\":\"https:\/\/www.justiceinfo.net\/fr\",\"name\":\"JusticeInfo.net\",\"description\":\"La justice doit \u00eatre vue pour \u00eatre rendue\",\"publisher\":{\"@id\":\"https:\/\/www.justiceinfo.net\/fr#organization\"},\"potentialAction\":[{\"@type\":\"SearchAction\",\"target\":{\"@type\":\"EntryPoint\",\"urlTemplate\":\"https:\/\/www.justiceinfo.net\/fr?s={search_term_string}\"},\"query-input\":{\"@type\":\"PropertyValueSpecification\",\"valueRequired\":true,\"valueName\":\"search_term_string\"}}],\"inLanguage\":\"fr-FR\"},{\"@type\":\"Organization\",\"@id\":\"https:\/\/www.justiceinfo.net\/fr#organization\",\"name\":\"Justice Info\",\"url\":\"https:\/\/www.justiceinfo.net\/fr\",\"logo\":{\"@type\":\"ImageObject\",\"inLanguage\":\"fr-FR\",\"@id\":\"https:\/\/www.justiceinfo.net\/fr#\/schema\/logo\/image\/\",\"url\":\"https:\/\/www.justiceinfo.net\/wp-content\/uploads\/justiceinfo_logo-trans_1200x1200px.png\",\"contentUrl\":\"https:\/\/www.justiceinfo.net\/wp-content\/uploads\/justiceinfo_logo-trans_1200x1200px.png\",\"width\":1199,\"height\":1200,\"caption\":\"Justice Info\"},\"image\":{\"@id\":\"https:\/\/www.justiceinfo.net\/fr#\/schema\/logo\/image\/\"},\"sameAs\":[\"https:\/\/www.facebook.com\/JusticeInfo\/\",\"https:\/\/x.com\/justiceinfonet\",\"https:\/\/www.linkedin.com\/company\/justice-info\",\"https:\/\/www.youtube.com\/channel\/UCyCEsARodyuWtkWyhn-e7pA\"]},{\"@type\":\"Person\",\"name\":\"Fran\u00e7ois Sergent\",\"sameAs\":[\"https:\/\/www.facebook.com\/profile.php?id=100004809918727\",\"https:\/\/x.com\/FrancoisSergent\"],\"url\":\"https:\/\/www.justiceinfo.net\/fr\/auteur\/fsergent\"}]}<\/script>\n<!-- \/ Yoast SEO Premium plugin. -->","yoast_head_json":{"title":"La semaine de la justice transitionnelle : Bensouda r\u00e9pond \u00e0 ses critiques sur JusticeInfo.net - JusticeInfo.net","robots":{"index":"index","follow":"follow","max-snippet":"max-snippet:-1","max-image-preview":"max-image-preview:large","max-video-preview":"max-video-preview:-1"},"canonical":"https:\/\/www.justiceinfo.net\/fr\/27824-la-semaine-de-la-justice-transitionnelle-bensouda-repond-a-ses-critiques-sur-justiceinfo-net.html","og_locale":"fr_FR","og_type":"article","og_title":"La semaine de la justice transitionnelle : Bensouda r\u00e9pond \u00e0 ses critiques sur JusticeInfo.net","og_description":"Interviewer Fatou Bensouda dans le domaine de la justice transitionnelle, c\u2019est comme parler avec Glenn Gould pour un pianiste ou avec Lionel Messi dans le foot-ball. C\u2019est ainsi que Pierre Hazan, conseiller \u00e9ditorial de JusticeInfo.net a rencontr\u00e9 \u00e0 Gen\u00e8ve la procureure de la Cour P\u00e9nale internationale Fatou Bensouda qui a reconnu avoir l\u2019un des jobs [&hellip;]","og_url":"https:\/\/www.justiceinfo.net\/fr\/27824-la-semaine-de-la-justice-transitionnelle-bensouda-repond-a-ses-critiques-sur-justiceinfo-net.html","og_site_name":"JusticeInfo.net","article_publisher":"https:\/\/www.facebook.com\/JusticeInfo\/","article_author":"https:\/\/www.facebook.com\/profile.php?id=100004809918727","article_published_time":"2016-06-13T05:24:11+00:00","og_image":[{"width":680,"height":454,"url":"https:\/\/www.justiceinfo.net\/wp-content\/uploads\/529b0a775bd7d2bc84e7da8acc3e8a9b.jpg","type":"image\/jpeg"}],"author":"Fran\u00e7ois Sergent","twitter_card":"summary_large_image","twitter_creator":"@FrancoisSergent","twitter_site":"@justiceinfonet","twitter_misc":{"\u00c9crit par":"Fran\u00e7ois Sergent","Dur\u00e9e de lecture estim\u00e9e":"4 minutes"},"schema":{"@context":"https:\/\/schema.org","@graph":[{"@type":"NewsArticle","@id":"https:\/\/www.justiceinfo.net\/fr\/27824-la-semaine-de-la-justice-transitionnelle-bensouda-repond-a-ses-critiques-sur-justiceinfo-net.html#article","isPartOf":{"@id":"https:\/\/www.justiceinfo.net\/fr\/27824-la-semaine-de-la-justice-transitionnelle-bensouda-repond-a-ses-critiques-sur-justiceinfo-net.html"},"author":{"name":"fsergent","@id":"https:\/\/www.justiceinfo.net\/fr#\/schema\/person\/724414fc3a7779fc189a73a27563e5e1"},"headline":"La semaine de la justice transitionnelle : Bensouda r\u00e9pond \u00e0 ses critiques sur JusticeInfo.net","datePublished":"2016-06-13T05:24:11+00:00","mainEntityOfPage":{"@id":"https:\/\/www.justiceinfo.net\/fr\/27824-la-semaine-de-la-justice-transitionnelle-bensouda-repond-a-ses-critiques-sur-justiceinfo-net.html"},"wordCount":846,"commentCount":0,"publisher":{"@id":"https:\/\/www.justiceinfo.net\/fr#organization"},"image":{"@id":"https:\/\/www.justiceinfo.net\/fr\/27824-la-semaine-de-la-justice-transitionnelle-bensouda-repond-a-ses-critiques-sur-justiceinfo-net.html#primaryimage"},"thumbnailUrl":"https:\/\/www.justiceinfo.net\/wp-content\/uploads\/529b0a775bd7d2bc84e7da8acc3e8a9b.jpg","articleSection":["CPI"],"inLanguage":"fr-FR","potentialAction":[{"@type":"CommentAction","name":"Comment","target":["https:\/\/www.justiceinfo.net\/fr\/27824-la-semaine-de-la-justice-transitionnelle-bensouda-repond-a-ses-critiques-sur-justiceinfo-net.html#respond"]}]},{"@type":"WebPage","@id":"https:\/\/www.justiceinfo.net\/fr\/27824-la-semaine-de-la-justice-transitionnelle-bensouda-repond-a-ses-critiques-sur-justiceinfo-net.html","url":"https:\/\/www.justiceinfo.net\/fr\/27824-la-semaine-de-la-justice-transitionnelle-bensouda-repond-a-ses-critiques-sur-justiceinfo-net.html","name":"La semaine de la justice transitionnelle : Bensouda r\u00e9pond \u00e0 ses critiques sur JusticeInfo.net - JusticeInfo.net","isPartOf":{"@id":"https:\/\/www.justiceinfo.net\/fr#website"},"primaryImageOfPage":{"@id":"https:\/\/www.justiceinfo.net\/fr\/27824-la-semaine-de-la-justice-transitionnelle-bensouda-repond-a-ses-critiques-sur-justiceinfo-net.html#primaryimage"},"image":{"@id":"https:\/\/www.justiceinfo.net\/fr\/27824-la-semaine-de-la-justice-transitionnelle-bensouda-repond-a-ses-critiques-sur-justiceinfo-net.html#primaryimage"},"thumbnailUrl":"https:\/\/www.justiceinfo.net\/wp-content\/uploads\/529b0a775bd7d2bc84e7da8acc3e8a9b.jpg","datePublished":"2016-06-13T05:24:11+00:00","breadcrumb":{"@id":"https:\/\/www.justiceinfo.net\/fr\/27824-la-semaine-de-la-justice-transitionnelle-bensouda-repond-a-ses-critiques-sur-justiceinfo-net.html#breadcrumb"},"inLanguage":"fr-FR","potentialAction":[{"@type":"ReadAction","target":["https:\/\/www.justiceinfo.net\/fr\/27824-la-semaine-de-la-justice-transitionnelle-bensouda-repond-a-ses-critiques-sur-justiceinfo-net.html"]}]},{"@type":"ImageObject","inLanguage":"fr-FR","@id":"https:\/\/www.justiceinfo.net\/fr\/27824-la-semaine-de-la-justice-transitionnelle-bensouda-repond-a-ses-critiques-sur-justiceinfo-net.html#primaryimage","url":"https:\/\/www.justiceinfo.net\/wp-content\/uploads\/529b0a775bd7d2bc84e7da8acc3e8a9b.jpg","contentUrl":"https:\/\/www.justiceinfo.net\/wp-content\/uploads\/529b0a775bd7d2bc84e7da8acc3e8a9b.jpg","width":680,"height":454},{"@type":"BreadcrumbList","@id":"https:\/\/www.justiceinfo.net\/fr\/27824-la-semaine-de-la-justice-transitionnelle-bensouda-repond-a-ses-critiques-sur-justiceinfo-net.html#breadcrumb","itemListElement":[{"@type":"ListItem","position":1,"name":"Home","item":"https:\/\/www.justiceinfo.net\/fr"},{"@type":"ListItem","position":2,"name":"La semaine de la justice transitionnelle : Bensouda r\u00e9pond \u00e0 ses critiques sur JusticeInfo.net"}]},{"@type":"WebSite","@id":"https:\/\/www.justiceinfo.net\/fr#website","url":"https:\/\/www.justiceinfo.net\/fr","name":"JusticeInfo.net","description":"La justice doit \u00eatre vue pour \u00eatre rendue","publisher":{"@id":"https:\/\/www.justiceinfo.net\/fr#organization"},"potentialAction":[{"@type":"SearchAction","target":{"@type":"EntryPoint","urlTemplate":"https:\/\/www.justiceinfo.net\/fr?s={search_term_string}"},"query-input":{"@type":"PropertyValueSpecification","valueRequired":true,"valueName":"search_term_string"}}],"inLanguage":"fr-FR"},{"@type":"Organization","@id":"https:\/\/www.justiceinfo.net\/fr#organization","name":"Justice Info","url":"https:\/\/www.justiceinfo.net\/fr","logo":{"@type":"ImageObject","inLanguage":"fr-FR","@id":"https:\/\/www.justiceinfo.net\/fr#\/schema\/logo\/image\/","url":"https:\/\/www.justiceinfo.net\/wp-content\/uploads\/justiceinfo_logo-trans_1200x1200px.png","contentUrl":"https:\/\/www.justiceinfo.net\/wp-content\/uploads\/justiceinfo_logo-trans_1200x1200px.png","width":1199,"height":1200,"caption":"Justice Info"},"image":{"@id":"https:\/\/www.justiceinfo.net\/fr#\/schema\/logo\/image\/"},"sameAs":["https:\/\/www.facebook.com\/JusticeInfo\/","https:\/\/x.com\/justiceinfonet","https:\/\/www.linkedin.com\/company\/justice-info","https:\/\/www.youtube.com\/channel\/UCyCEsARodyuWtkWyhn-e7pA"]},{"@type":"Person","name":"Fran\u00e7ois Sergent","sameAs":["https:\/\/www.facebook.com\/profile.php?id=100004809918727","https:\/\/x.com\/FrancoisSergent"],"url":"https:\/\/www.justiceinfo.net\/fr\/auteur\/fsergent"}]}},"_links":{"self":[{"href":"https:\/\/www.justiceinfo.net\/fr\/wp-json\/wp\/v2\/posts\/27824","targetHints":{"allow":["GET"]}}],"collection":[{"href":"https:\/\/www.justiceinfo.net\/fr\/wp-json\/wp\/v2\/posts"}],"about":[{"href":"https:\/\/www.justiceinfo.net\/fr\/wp-json\/wp\/v2\/types\/post"}],"author":[{"embeddable":true,"href":"https:\/\/www.justiceinfo.net\/fr\/wp-json\/wp\/v2\/users\/58"}],"replies":[{"embeddable":true,"href":"https:\/\/www.justiceinfo.net\/fr\/wp-json\/wp\/v2\/comments?post=27824"}],"version-history":[{"count":0,"href":"https:\/\/www.justiceinfo.net\/fr\/wp-json\/wp\/v2\/posts\/27824\/revisions"}],"wp:featuredmedia":[{"embeddable":true,"href":"https:\/\/www.justiceinfo.net\/fr\/wp-json\/wp\/v2\/media\/63128"}],"wp:attachment":[{"href":"https:\/\/www.justiceinfo.net\/fr\/wp-json\/wp\/v2\/media?parent=27824"}],"wp:term":[{"taxonomy":"category","embeddable":true,"href":"https:\/\/www.justiceinfo.net\/fr\/wp-json\/wp\/v2\/categories?post=27824"},{"taxonomy":"post_tag","embeddable":true,"href":"https:\/\/www.justiceinfo.net\/fr\/wp-json\/wp\/v2\/tags?post=27824"},{"taxonomy":"ji_location","embeddable":true,"href":"https:\/\/www.justiceinfo.net\/fr\/wp-json\/wp\/v2\/ji_location?post=27824"}],"curies":[{"name":"wp","href":"https:\/\/api.w.org\/{rel}","templated":true}]}}