{"id":27855,"date":"2016-06-15T09:45:02","date_gmt":"2016-06-15T07:45:02","guid":{"rendered":"https:\/\/www.justiceinfo.net\/27855-kenya-huit-parlementaires-en-detention-pour-des-discours-racistes.html"},"modified":"2016-06-15T09:45:02","modified_gmt":"2016-06-15T07:45:02","slug":"kenya-huit-parlementaires-en-detention-pour-des-discours-racistes","status":"publish","type":"post","link":"https:\/\/www.justiceinfo.net\/fr\/27855-kenya-huit-parlementaires-en-detention-pour-des-discours-racistes.html","title":{"rendered":"Kenya: huit parlementaires en d\u00e9tention pour des discours racistes"},"content":{"rendered":"<p>Huit parlementaires k\u00e9nyans ont \u00e9t\u00e9 plac\u00e9s en d\u00e9tention pr\u00e9ventive par un tribunal de Nairobi pour avoir prof\u00e9r\u00e9 des discours de haine qui risquent d'attiser les tensions ethniques et politiques \u00e0 un an des \u00e9lections g\u00e9n\u00e9rales.<\/p>\n<p>La Haute cour k\u00e9nyane a ordonn\u00e9 mardi soir que trois d\u00e9put\u00e9s de la coalition au pouvoir, Jubilee, et quatre d\u00e9put\u00e9s et un s\u00e9nateur de la coalition d'opposition, Cord, soient d\u00e9tenus pendant quatre jours, le temps de l'enqu\u00eate.<\/p>\n<p>Ils sont accus\u00e9s d'avoir tenu des discours haineux et d'incitation \u00e0 la haine. La Haute cour a d\u00e9cid\u00e9 de les maintenir en prison au motif qu'ils pourraient interf\u00e9rer avec l'enqu\u00eate s'ils \u00e9taient libres.<\/p>\n<p>Les d\u00e9put\u00e9s de Jubilee, Moses Kuria, Kimani Ngunjiri et Ferdinand Waititu, sont des soutiens fervents du pr\u00e9sident Uhuru Kenyatta et membres de son ethnie, les Kikuyus.<\/p>\n<p>Les parlementaires de Cord sont les d\u00e9put\u00e9s Timothy Bosire, Aisha Jumwa, Junet Mohammed et Florence Mutua, et le s\u00e9nateur Johnson Muthama.<\/p>\n<p>Ces arrestations font suite \u00e0 des semaines de mobilisation dans les rues de l'opposition, emmen\u00e9e par l'ancien Premier ministre Raila Odinga, qui consid\u00e8re que la victoire lors de la pr\u00e9c\u00e9dente \u00e9lection pr\u00e9sidentielle en 2013 lui a \u00e9t\u00e9 vol\u00e9e.<\/p>\n<p>MM. Kuria et Waititu sont accus\u00e9s d'avoir dans des discours publics prof\u00e9r\u00e9 des menaces de mort \u00e0 l'encontre de M. Odinga, qui est d'ethnie luo. M. Ngunjiri aurait appel\u00e9 les Luos de la ville de Nakuru (centre-ouest) \u00e0 retourner dans l'ouest du Kenya, leur terre d'origine.<\/p>\n<p>Du c\u00f4t\u00e9 de Cord, M. Junet et Muthama, et Mme Mutua, sont accus\u00e9s d'avoir incit\u00e9 la population \u00e0 p\u00e9n\u00e9trer de force dans le quartier g\u00e9n\u00e9ral de la police, alors que M. Bosire et Mme Jumwa auraient pr\u00e9dit le chaos et la violence en raison de l'incapacit\u00e9, selon eux, du pr\u00e9sident Kenyatta \u00e0 unir le pays.<\/p>\n<p>Les \u00e9lections de 2007 au Kenya avaient d\u00e9bouch\u00e9 sur des violences \u00e0 caract\u00e8re tribal, opposant principalement les Kikuyus aux Luos et aux Kalenjins, qui avaient fait plus de 1.100 morts.<\/p>\n<p>M. Kenyatta et son actuel vice-pr\u00e9sident, William Ruto, avaient \u00e9t\u00e9 inculp\u00e9s pour crimes contre l'humanit\u00e9 pour leur r\u00f4le dans ces violences post-\u00e9lectorales. Mais la Cour p\u00e9nale internationale (CPI) a fini par abandonner les poursuites contre les deux dirigeants.<\/p>\n<p>L'alliance entre MM. Kenyatta et Ruto, un Kalenjin, pour les \u00e9lections de 2013 a alors permis d'\u00e9viter des violences. Mais des diplomates et observateurs craignent que les tensions tribales et politiques ne continuent \u00e0 augmenter \u00e0 l'approche des \u00e9lections d'ao\u00fbt 2016.<\/p>\n","protected":false},"excerpt":{"rendered":"<p>Huit parlementaires k\u00e9nyans ont \u00e9t\u00e9 plac\u00e9s en d\u00e9tention pr\u00e9ventive par un tribunal de Nairobi pour avoir prof\u00e9r\u00e9 des discours de haine qui risquent d'attiser les tensions ethniques et politiques \u00e0 un an des \u00e9lections g\u00e9n\u00e9rales. La Haute cour k\u00e9nyane a ordonn\u00e9 mardi soir que trois d\u00e9put\u00e9s de la coalition au pouvoir, Jubilee, et quatre d\u00e9put\u00e9s [&hellip;]<\/p>\n","protected":false},"author":60,"featured_media":0,"comment_status":"open","ping_status":"closed","sticky":false,"template":"","format":"standard","meta":{"_acf_changed":false,"footnotes":""},"categories":[556],"tags":[],"ji_location":[2298],"class_list":["post-27855","post","type-post","status-publish","format-standard","hentry","category-divers","ji_location-kenya"],"acf":[],"yoast_head":"<!-- This site is optimized with the Yoast SEO Premium plugin v25.3.1 (Yoast SEO v25.3.1) - https:\/\/yoast.com\/wordpress\/plugins\/seo\/ -->\n<title>Kenya: huit parlementaires en d\u00e9tention pour des discours racistes - JusticeInfo.net<\/title>\n<meta name=\"robots\" content=\"index, follow, max-snippet:-1, max-image-preview:large, max-video-preview:-1\" \/>\n<link rel=\"canonical\" href=\"https:\/\/www.justiceinfo.net\/fr\/27855-kenya-huit-parlementaires-en-detention-pour-des-discours-racistes.html\" \/>\n<meta property=\"og:locale\" content=\"fr_FR\" \/>\n<meta property=\"og:type\" content=\"article\" \/>\n<meta property=\"og:title\" content=\"Kenya: huit parlementaires en d\u00e9tention pour des discours racistes\" \/>\n<meta property=\"og:description\" content=\"Huit parlementaires k\u00e9nyans ont \u00e9t\u00e9 plac\u00e9s en d\u00e9tention pr\u00e9ventive par un tribunal de Nairobi pour avoir prof\u00e9r\u00e9 des discours de haine qui risquent d&#039;attiser les tensions ethniques et politiques \u00e0 un an des \u00e9lections g\u00e9n\u00e9rales. La Haute cour k\u00e9nyane a ordonn\u00e9 mardi soir que trois d\u00e9put\u00e9s de la coalition au pouvoir, Jubilee, et quatre d\u00e9put\u00e9s [&hellip;]\" \/>\n<meta property=\"og:url\" content=\"https:\/\/www.justiceinfo.net\/fr\/27855-kenya-huit-parlementaires-en-detention-pour-des-discours-racistes.html\" \/>\n<meta property=\"og:site_name\" content=\"JusticeInfo.net\" \/>\n<meta property=\"article:publisher\" content=\"https:\/\/www.facebook.com\/JusticeInfo\/\" \/>\n<meta property=\"article:published_time\" content=\"2016-06-15T07:45:02+00:00\" \/>\n<meta property=\"og:image\" content=\"https:\/\/www.justiceinfo.net\/wp-content\/uploads\/JusticeInfoNet_logo_1200x630px.jpg\" \/>\n\t<meta property=\"og:image:width\" content=\"1200\" \/>\n\t<meta property=\"og:image:height\" content=\"630\" \/>\n\t<meta property=\"og:image:type\" content=\"image\/jpeg\" \/>\n<meta name=\"author\" content=\"AFP\" \/>\n<meta name=\"twitter:card\" content=\"summary_large_image\" \/>\n<meta name=\"twitter:creator\" content=\"@justiceinfonet\" \/>\n<meta name=\"twitter:site\" content=\"@justiceinfonet\" \/>\n<meta name=\"twitter:label1\" content=\"\u00c9crit par\" \/>\n\t<meta name=\"twitter:data1\" content=\"AFP\" \/>\n\t<meta name=\"twitter:label2\" content=\"Dur\u00e9e de lecture estim\u00e9e\" \/>\n\t<meta name=\"twitter:data2\" content=\"2 minutes\" \/>\n<script type=\"application\/ld+json\" class=\"yoast-schema-graph\">{\"@context\":\"https:\/\/schema.org\",\"@graph\":[{\"@type\":\"NewsArticle\",\"@id\":\"https:\/\/www.justiceinfo.net\/fr\/27855-kenya-huit-parlementaires-en-detention-pour-des-discours-racistes.html#article\",\"isPartOf\":{\"@id\":\"https:\/\/www.justiceinfo.net\/fr\/27855-kenya-huit-parlementaires-en-detention-pour-des-discours-racistes.html\"},\"author\":{\"name\":\"afp\",\"@id\":\"https:\/\/www.justiceinfo.net\/fr#\/schema\/person\/713d340ef5f218fc36ce9b4244364a7f\"},\"headline\":\"Kenya: huit parlementaires en d\u00e9tention pour des discours racistes\",\"datePublished\":\"2016-06-15T07:45:02+00:00\",\"mainEntityOfPage\":{\"@id\":\"https:\/\/www.justiceinfo.net\/fr\/27855-kenya-huit-parlementaires-en-detention-pour-des-discours-racistes.html\"},\"wordCount\":466,\"commentCount\":0,\"publisher\":{\"@id\":\"https:\/\/www.justiceinfo.net\/fr#organization\"},\"articleSection\":[\"Divers\"],\"inLanguage\":\"fr-FR\",\"potentialAction\":[{\"@type\":\"CommentAction\",\"name\":\"Comment\",\"target\":[\"https:\/\/www.justiceinfo.net\/fr\/27855-kenya-huit-parlementaires-en-detention-pour-des-discours-racistes.html#respond\"]}]},{\"@type\":\"WebPage\",\"@id\":\"https:\/\/www.justiceinfo.net\/fr\/27855-kenya-huit-parlementaires-en-detention-pour-des-discours-racistes.html\",\"url\":\"https:\/\/www.justiceinfo.net\/fr\/27855-kenya-huit-parlementaires-en-detention-pour-des-discours-racistes.html\",\"name\":\"Kenya: huit parlementaires en d\u00e9tention pour des discours racistes - JusticeInfo.net\",\"isPartOf\":{\"@id\":\"https:\/\/www.justiceinfo.net\/fr#website\"},\"datePublished\":\"2016-06-15T07:45:02+00:00\",\"breadcrumb\":{\"@id\":\"https:\/\/www.justiceinfo.net\/fr\/27855-kenya-huit-parlementaires-en-detention-pour-des-discours-racistes.html#breadcrumb\"},\"inLanguage\":\"fr-FR\",\"potentialAction\":[{\"@type\":\"ReadAction\",\"target\":[\"https:\/\/www.justiceinfo.net\/fr\/27855-kenya-huit-parlementaires-en-detention-pour-des-discours-racistes.html\"]}]},{\"@type\":\"BreadcrumbList\",\"@id\":\"https:\/\/www.justiceinfo.net\/fr\/27855-kenya-huit-parlementaires-en-detention-pour-des-discours-racistes.html#breadcrumb\",\"itemListElement\":[{\"@type\":\"ListItem\",\"position\":1,\"name\":\"Home\",\"item\":\"https:\/\/www.justiceinfo.net\/fr\"},{\"@type\":\"ListItem\",\"position\":2,\"name\":\"Kenya: huit parlementaires en d\u00e9tention pour des discours racistes\"}]},{\"@type\":\"WebSite\",\"@id\":\"https:\/\/www.justiceinfo.net\/fr#website\",\"url\":\"https:\/\/www.justiceinfo.net\/fr\",\"name\":\"JusticeInfo.net\",\"description\":\"La justice doit \u00eatre vue pour \u00eatre rendue\",\"publisher\":{\"@id\":\"https:\/\/www.justiceinfo.net\/fr#organization\"},\"potentialAction\":[{\"@type\":\"SearchAction\",\"target\":{\"@type\":\"EntryPoint\",\"urlTemplate\":\"https:\/\/www.justiceinfo.net\/fr?s={search_term_string}\"},\"query-input\":{\"@type\":\"PropertyValueSpecification\",\"valueRequired\":true,\"valueName\":\"search_term_string\"}}],\"inLanguage\":\"fr-FR\"},{\"@type\":\"Organization\",\"@id\":\"https:\/\/www.justiceinfo.net\/fr#organization\",\"name\":\"Justice Info\",\"url\":\"https:\/\/www.justiceinfo.net\/fr\",\"logo\":{\"@type\":\"ImageObject\",\"inLanguage\":\"fr-FR\",\"@id\":\"https:\/\/www.justiceinfo.net\/fr#\/schema\/logo\/image\/\",\"url\":\"https:\/\/www.justiceinfo.net\/wp-content\/uploads\/justiceinfo_logo-trans_1200x1200px.png\",\"contentUrl\":\"https:\/\/www.justiceinfo.net\/wp-content\/uploads\/justiceinfo_logo-trans_1200x1200px.png\",\"width\":1199,\"height\":1200,\"caption\":\"Justice Info\"},\"image\":{\"@id\":\"https:\/\/www.justiceinfo.net\/fr#\/schema\/logo\/image\/\"},\"sameAs\":[\"https:\/\/www.facebook.com\/JusticeInfo\/\",\"https:\/\/x.com\/justiceinfonet\",\"https:\/\/www.linkedin.com\/company\/justice-info\",\"https:\/\/www.youtube.com\/channel\/UCyCEsARodyuWtkWyhn-e7pA\"]},{\"@type\":\"Person\",\"name\":\"AFP\",\"url\":\"\/fr\/?s=AFP\"}]}<\/script>\n<!-- \/ Yoast SEO Premium plugin. -->","yoast_head_json":{"title":"Kenya: huit parlementaires en d\u00e9tention pour des discours racistes - JusticeInfo.net","robots":{"index":"index","follow":"follow","max-snippet":"max-snippet:-1","max-image-preview":"max-image-preview:large","max-video-preview":"max-video-preview:-1"},"canonical":"https:\/\/www.justiceinfo.net\/fr\/27855-kenya-huit-parlementaires-en-detention-pour-des-discours-racistes.html","og_locale":"fr_FR","og_type":"article","og_title":"Kenya: huit parlementaires en d\u00e9tention pour des discours racistes","og_description":"Huit parlementaires k\u00e9nyans ont \u00e9t\u00e9 plac\u00e9s en d\u00e9tention pr\u00e9ventive par un tribunal de Nairobi pour avoir prof\u00e9r\u00e9 des discours de haine qui risquent d'attiser les tensions ethniques et politiques \u00e0 un an des \u00e9lections g\u00e9n\u00e9rales. La Haute cour k\u00e9nyane a ordonn\u00e9 mardi soir que trois d\u00e9put\u00e9s de la coalition au pouvoir, Jubilee, et quatre d\u00e9put\u00e9s [&hellip;]","og_url":"https:\/\/www.justiceinfo.net\/fr\/27855-kenya-huit-parlementaires-en-detention-pour-des-discours-racistes.html","og_site_name":"JusticeInfo.net","article_publisher":"https:\/\/www.facebook.com\/JusticeInfo\/","article_published_time":"2016-06-15T07:45:02+00:00","og_image":[{"width":1200,"height":630,"url":"https:\/\/www.justiceinfo.net\/wp-content\/uploads\/JusticeInfoNet_logo_1200x630px.jpg","type":"image\/jpeg"}],"author":"AFP","twitter_card":"summary_large_image","twitter_creator":"@justiceinfonet","twitter_site":"@justiceinfonet","twitter_misc":{"\u00c9crit par":"AFP","Dur\u00e9e de lecture estim\u00e9e":"2 minutes"},"schema":{"@context":"https:\/\/schema.org","@graph":[{"@type":"NewsArticle","@id":"https:\/\/www.justiceinfo.net\/fr\/27855-kenya-huit-parlementaires-en-detention-pour-des-discours-racistes.html#article","isPartOf":{"@id":"https:\/\/www.justiceinfo.net\/fr\/27855-kenya-huit-parlementaires-en-detention-pour-des-discours-racistes.html"},"author":{"name":"afp","@id":"https:\/\/www.justiceinfo.net\/fr#\/schema\/person\/713d340ef5f218fc36ce9b4244364a7f"},"headline":"Kenya: huit parlementaires en d\u00e9tention pour des discours racistes","datePublished":"2016-06-15T07:45:02+00:00","mainEntityOfPage":{"@id":"https:\/\/www.justiceinfo.net\/fr\/27855-kenya-huit-parlementaires-en-detention-pour-des-discours-racistes.html"},"wordCount":466,"commentCount":0,"publisher":{"@id":"https:\/\/www.justiceinfo.net\/fr#organization"},"articleSection":["Divers"],"inLanguage":"fr-FR","potentialAction":[{"@type":"CommentAction","name":"Comment","target":["https:\/\/www.justiceinfo.net\/fr\/27855-kenya-huit-parlementaires-en-detention-pour-des-discours-racistes.html#respond"]}]},{"@type":"WebPage","@id":"https:\/\/www.justiceinfo.net\/fr\/27855-kenya-huit-parlementaires-en-detention-pour-des-discours-racistes.html","url":"https:\/\/www.justiceinfo.net\/fr\/27855-kenya-huit-parlementaires-en-detention-pour-des-discours-racistes.html","name":"Kenya: huit parlementaires en d\u00e9tention pour des discours racistes - JusticeInfo.net","isPartOf":{"@id":"https:\/\/www.justiceinfo.net\/fr#website"},"datePublished":"2016-06-15T07:45:02+00:00","breadcrumb":{"@id":"https:\/\/www.justiceinfo.net\/fr\/27855-kenya-huit-parlementaires-en-detention-pour-des-discours-racistes.html#breadcrumb"},"inLanguage":"fr-FR","potentialAction":[{"@type":"ReadAction","target":["https:\/\/www.justiceinfo.net\/fr\/27855-kenya-huit-parlementaires-en-detention-pour-des-discours-racistes.html"]}]},{"@type":"BreadcrumbList","@id":"https:\/\/www.justiceinfo.net\/fr\/27855-kenya-huit-parlementaires-en-detention-pour-des-discours-racistes.html#breadcrumb","itemListElement":[{"@type":"ListItem","position":1,"name":"Home","item":"https:\/\/www.justiceinfo.net\/fr"},{"@type":"ListItem","position":2,"name":"Kenya: huit parlementaires en d\u00e9tention pour des discours racistes"}]},{"@type":"WebSite","@id":"https:\/\/www.justiceinfo.net\/fr#website","url":"https:\/\/www.justiceinfo.net\/fr","name":"JusticeInfo.net","description":"La justice doit \u00eatre vue pour \u00eatre rendue","publisher":{"@id":"https:\/\/www.justiceinfo.net\/fr#organization"},"potentialAction":[{"@type":"SearchAction","target":{"@type":"EntryPoint","urlTemplate":"https:\/\/www.justiceinfo.net\/fr?s={search_term_string}"},"query-input":{"@type":"PropertyValueSpecification","valueRequired":true,"valueName":"search_term_string"}}],"inLanguage":"fr-FR"},{"@type":"Organization","@id":"https:\/\/www.justiceinfo.net\/fr#organization","name":"Justice Info","url":"https:\/\/www.justiceinfo.net\/fr","logo":{"@type":"ImageObject","inLanguage":"fr-FR","@id":"https:\/\/www.justiceinfo.net\/fr#\/schema\/logo\/image\/","url":"https:\/\/www.justiceinfo.net\/wp-content\/uploads\/justiceinfo_logo-trans_1200x1200px.png","contentUrl":"https:\/\/www.justiceinfo.net\/wp-content\/uploads\/justiceinfo_logo-trans_1200x1200px.png","width":1199,"height":1200,"caption":"Justice Info"},"image":{"@id":"https:\/\/www.justiceinfo.net\/fr#\/schema\/logo\/image\/"},"sameAs":["https:\/\/www.facebook.com\/JusticeInfo\/","https:\/\/x.com\/justiceinfonet","https:\/\/www.linkedin.com\/company\/justice-info","https:\/\/www.youtube.com\/channel\/UCyCEsARodyuWtkWyhn-e7pA"]},{"@type":"Person","name":"AFP","url":"\/fr\/?s=AFP"}]}},"_links":{"self":[{"href":"https:\/\/www.justiceinfo.net\/fr\/wp-json\/wp\/v2\/posts\/27855","targetHints":{"allow":["GET"]}}],"collection":[{"href":"https:\/\/www.justiceinfo.net\/fr\/wp-json\/wp\/v2\/posts"}],"about":[{"href":"https:\/\/www.justiceinfo.net\/fr\/wp-json\/wp\/v2\/types\/post"}],"author":[{"embeddable":true,"href":"https:\/\/www.justiceinfo.net\/fr\/wp-json\/wp\/v2\/users\/60"}],"replies":[{"embeddable":true,"href":"https:\/\/www.justiceinfo.net\/fr\/wp-json\/wp\/v2\/comments?post=27855"}],"version-history":[{"count":0,"href":"https:\/\/www.justiceinfo.net\/fr\/wp-json\/wp\/v2\/posts\/27855\/revisions"}],"wp:attachment":[{"href":"https:\/\/www.justiceinfo.net\/fr\/wp-json\/wp\/v2\/media?parent=27855"}],"wp:term":[{"taxonomy":"category","embeddable":true,"href":"https:\/\/www.justiceinfo.net\/fr\/wp-json\/wp\/v2\/categories?post=27855"},{"taxonomy":"post_tag","embeddable":true,"href":"https:\/\/www.justiceinfo.net\/fr\/wp-json\/wp\/v2\/tags?post=27855"},{"taxonomy":"ji_location","embeddable":true,"href":"https:\/\/www.justiceinfo.net\/fr\/wp-json\/wp\/v2\/ji_location?post=27855"}],"curies":[{"name":"wp","href":"https:\/\/api.w.org\/{rel}","templated":true}]}}