{"id":28068,"date":"2016-06-30T06:57:59","date_gmt":"2016-06-30T04:57:59","guid":{"rendered":"https:\/\/www.justiceinfo.net\/28068-le-groupe-etat-islamique-s-infiltre-au-kenya.html"},"modified":"2016-06-30T06:57:59","modified_gmt":"2016-06-30T04:57:59","slug":"le-groupe-etat-islamique-s-infiltre-au-kenya","status":"publish","type":"post","link":"https:\/\/www.justiceinfo.net\/fr\/28068-le-groupe-etat-islamique-s-infiltre-au-kenya.html","title":{"rendered":"Le groupe Etat islamique s'infiltre au Kenya"},"content":{"rendered":"<p>\u00a0<\/p>\n<p>D\u00e9j\u00e0 meurtri par plusieurs attaques d'envergure des islamistes somaliens shebab, le Kenya voit la pr\u00e9sence croissante du groupe Etat islamique en Afrique de l'Est attiser les craintes d'attentats par des K\u00e9nyans rentr\u00e9s au pays apr\u00e8s avoir \u00e9t\u00e9 combattre le jihad.<\/p>\n<p>\"Il y a maintenant une menace r\u00e9elle de la part de l'EI pour le Kenya et le danger va continuer de cro\u00eetre\", estime Rashid Abdi, analyste de l'International Crisis Group bas\u00e9 \u00e0 Nairobi.<\/p>\n<p>En t\u00e9moigne, selon lui, plusieurs arrestations r\u00e9centes, dont celle d\u00e9but mai de trois K\u00e9nyans accus\u00e9s de recruter pour l'organisation EI et d'avoir \"planifi\u00e9 des attaques \u00e0 grande \u00e9chelle\".<\/p>\n<p>Les renseignements k\u00e9nyans estiment \u00e0 une centaine le nombre de K\u00e9nyans ayant rejoint les rangs de l'EI en Libye et en Syrie, avec la perspective de voir certaines de ces recrues rentrer avec la formation n\u00e9cessaire pour commettre des attentats meurtriers.<\/p>\n<p>\"C'est une bombe \u00e0 retardement\", affirme George Musamali, un ancien officier des forces paramilitaires k\u00e9nyanes devenu consultant en s\u00e9curit\u00e9. \"Ce qu'ils vont faire en Syrie ou en Libye n'est pas un probl\u00e8me pour le Kenya, mais c'est ce qu'ils feront en rentrant qui en est un\".<\/p>\n<p>Le Kenya a d\u00e9j\u00e0 eu son lot d'attentat meurtrier, contre des cibles nationales ou internationales : Al-Qa\u00efda avait attaqu\u00e9 l'ambassade am\u00e9ricaine \u00e0 Nairobi en 1998, tandis que les shebab, affili\u00e9s \u00e0 Al-Qa\u00efda, s'en sont pris au centre commercial Westgate en 2013 et \u00e0 l'universit\u00e9 de Garissa en 2015.<\/p>\n<p>Mais les contours de la menace que repr\u00e9sente l'EI, organisation ultraradicale concurrente d'Al-Qa\u00efda, sont difficiles \u00e0 tracer.<\/p>\n<p>- Anthrax -<\/p>\n<p>\"Le Kenya risque de bient\u00f4t se retrouver dans la position de la Belgique, la France ou des Etats-Unis, o\u00f9 des extr\u00e9mistes inspir\u00e9s par l'EI repr\u00e9sentent un risque\", souligne Matt Bryden, directeur de l'institut Sahan Research, bas\u00e9 \u00e0 Nairobi. \"Nous n'en sommes pas encore au point o\u00f9 des combattants exp\u00e9riment\u00e9s rentrent au pays, mais nous n'en sommes peut-\u00eatre pas tr\u00e8s loin\", ajoute-t-il.<\/p>\n<p>En mars, quatre hommes ont comparu au Kenya, accus\u00e9s d'avoir voulu se rendre en Libye pour combattre aux c\u00f4t\u00e9s de l'EI.<\/p>\n<p>D\u00e9but mai, trois K\u00e9nyans, deux femmes et un \u00e9tudiant en m\u00e9decine soup\u00e7onn\u00e9 d'\u00eatre \u00e0 la t\u00eate d'un \"r\u00e9seau terroriste\" ont \u00e9t\u00e9 arr\u00eat\u00e9s. La police les soup\u00e7onne d'avoir \"planifi\u00e9 des attaques \u00e0 grande \u00e9chelle\", incluant \"une attaque biologique au Kenya \u00e0 l'aide d'anthrax\", le bacille de charbon.<\/p>\n<p>Trois semaines plus tard, la police a annonc\u00e9 l'arrestation de deux membres pr\u00e9sum\u00e9s de l'EI, qualifi\u00e9 de groupe qui \"cherche \u00e0 s'\u00e9tablir au Kenya\". \"Du mat\u00e9riel terroriste g\u00e9n\u00e9ralement utilis\u00e9 dans la fabrication d'engins explosifs improvis\u00e9s\" avait en outre \u00e9t\u00e9 saisi, selon la police.<\/p>\n<p>Des nombreux experts ont temp\u00e9r\u00e9 la suggestion d'une attaque imminente de l'EI au Kenya, mais estiment que la menace d'une radicalisation aliment\u00e9e par les frustrations d'une jeunesse d\u00e9soeuvr\u00e9e est r\u00e9elle.<\/p>\n<p>\"Nous ne voyons ni l'intention de mener une attaque \u00e0 l'anthrax, ni de vraies pr\u00e9parations \u00e0 cet effet\", affirme \u00e0 l'AFP un responsable s\u00e9curitaire \u00e9tranger ayant \u00e9tudi\u00e9 la question. \"Mais il y a quelque chose l\u00e0-dessous: il y a l'EI, impliqu\u00e9 principalement dans le recrutement et la facilitation\".<\/p>\n<p>- Prolif\u00e9ration -<\/p>\n<p>Martine Zeuthen, experte de l'extr\u00e9misme violent pour le Royal United Services Institute, estime quant \u00e0 elle \"cr\u00e9dibles\" les informations selon lesquelles des K\u00e9nyans sont recrut\u00e9s pour aller se battre notamment en Libye.<\/p>\n<p>\"Tout comme ceux qui sont partis se battre en Somalie et sont revenus au Kenya, cette nouvelle cat\u00e9gorie de recrue peut aussi rentrer et \u00eatre un risque pour le Kenya\", estime-t-elle, jugeant toutefois que les shebab restent la principale menace pour le pays.<\/p>\n<p>Dans le futur, le Kenya pourrait devoir faire face \u00e0 des \"solitaires\" inspir\u00e9s par l'id\u00e9ologie du groupe Etat islamique, diffus\u00e9e notamment sur internet, estiment d'autres analystes.<\/p>\n<p>D'autant que les succ\u00e8s de certaines op\u00e9rations des autorit\u00e9s k\u00e9nyanes contre les shebab, qui disent de leur c\u00f4t\u00e9 viser le Kenya en repr\u00e9sailles \u00e0 sa pr\u00e9sence militaire en Somalie, ont eu des effets secondaires ind\u00e9sirables.\u00a0<\/p>\n<p>\"Le d\u00e9mant\u00e8lement de r\u00e9seaux jihadistes organis\u00e9s a cr\u00e9\u00e9 un vide dans lequel l'EI s'engouffre\", assure Rashid Abdi.\u00a0\"Il y a d\u00e9sormais une prolif\u00e9ration de groupes jihadistes (improvis\u00e9s), et cela rend la situation encore plus dangereuse\".<\/p>\n<p>\u00a0<\/p>\n","protected":false},"excerpt":{"rendered":"<p>\u00a0 D\u00e9j\u00e0 meurtri par plusieurs attaques d'envergure des islamistes somaliens shebab, le Kenya voit la pr\u00e9sence croissante du groupe Etat islamique en Afrique de l'Est attiser les craintes d'attentats par des K\u00e9nyans rentr\u00e9s au pays apr\u00e8s avoir \u00e9t\u00e9 combattre le jihad. \"Il y a maintenant une menace r\u00e9elle de la part de l'EI pour le [&hellip;]<\/p>\n","protected":false},"author":60,"featured_media":0,"comment_status":"open","ping_status":"closed","sticky":false,"template":"","format":"standard","meta":{"_acf_changed":false,"footnotes":""},"categories":[556],"tags":[],"ji_location":[2298],"class_list":["post-28068","post","type-post","status-publish","format-standard","hentry","category-divers","ji_location-kenya"],"acf":[],"yoast_head":"<!-- This site is optimized with the Yoast SEO Premium plugin v25.3.1 (Yoast SEO v25.3.1) - https:\/\/yoast.com\/wordpress\/plugins\/seo\/ -->\n<title>Le groupe Etat islamique s&#039;infiltre au Kenya - JusticeInfo.net<\/title>\n<meta name=\"robots\" content=\"index, follow, max-snippet:-1, max-image-preview:large, max-video-preview:-1\" \/>\n<link rel=\"canonical\" href=\"https:\/\/www.justiceinfo.net\/fr\/28068-le-groupe-etat-islamique-s-infiltre-au-kenya.html\" \/>\n<meta property=\"og:locale\" content=\"fr_FR\" \/>\n<meta property=\"og:type\" content=\"article\" \/>\n<meta property=\"og:title\" content=\"Le groupe Etat islamique s&#039;infiltre au Kenya\" \/>\n<meta property=\"og:description\" content=\"\u00a0 D\u00e9j\u00e0 meurtri par plusieurs attaques d&#039;envergure des islamistes somaliens shebab, le Kenya voit la pr\u00e9sence croissante du groupe Etat islamique en Afrique de l&#039;Est attiser les craintes d&#039;attentats par des K\u00e9nyans rentr\u00e9s au pays apr\u00e8s avoir \u00e9t\u00e9 combattre le jihad. &quot;Il y a maintenant une menace r\u00e9elle de la part de l&#039;EI pour le [&hellip;]\" \/>\n<meta property=\"og:url\" content=\"https:\/\/www.justiceinfo.net\/fr\/28068-le-groupe-etat-islamique-s-infiltre-au-kenya.html\" \/>\n<meta property=\"og:site_name\" content=\"JusticeInfo.net\" \/>\n<meta property=\"article:publisher\" content=\"https:\/\/www.facebook.com\/JusticeInfo\/\" \/>\n<meta property=\"article:published_time\" content=\"2016-06-30T04:57:59+00:00\" \/>\n<meta property=\"og:image\" content=\"https:\/\/www.justiceinfo.net\/wp-content\/uploads\/JusticeInfoNet_logo_1200x630px.jpg\" \/>\n\t<meta property=\"og:image:width\" content=\"1200\" \/>\n\t<meta property=\"og:image:height\" content=\"630\" \/>\n\t<meta property=\"og:image:type\" content=\"image\/jpeg\" \/>\n<meta name=\"author\" content=\"AFP\" \/>\n<meta name=\"twitter:card\" content=\"summary_large_image\" \/>\n<meta name=\"twitter:creator\" content=\"@justiceinfonet\" \/>\n<meta name=\"twitter:site\" content=\"@justiceinfonet\" \/>\n<meta name=\"twitter:label1\" content=\"\u00c9crit par\" \/>\n\t<meta name=\"twitter:data1\" content=\"AFP\" \/>\n\t<meta name=\"twitter:label2\" content=\"Dur\u00e9e de lecture estim\u00e9e\" \/>\n\t<meta name=\"twitter:data2\" content=\"4 minutes\" \/>\n<script type=\"application\/ld+json\" class=\"yoast-schema-graph\">{\"@context\":\"https:\/\/schema.org\",\"@graph\":[{\"@type\":\"NewsArticle\",\"@id\":\"https:\/\/www.justiceinfo.net\/fr\/28068-le-groupe-etat-islamique-s-infiltre-au-kenya.html#article\",\"isPartOf\":{\"@id\":\"https:\/\/www.justiceinfo.net\/fr\/28068-le-groupe-etat-islamique-s-infiltre-au-kenya.html\"},\"author\":{\"name\":\"afp\",\"@id\":\"https:\/\/www.justiceinfo.net\/fr#\/schema\/person\/713d340ef5f218fc36ce9b4244364a7f\"},\"headline\":\"Le groupe Etat islamique s'infiltre au Kenya\",\"datePublished\":\"2016-06-30T04:57:59+00:00\",\"mainEntityOfPage\":{\"@id\":\"https:\/\/www.justiceinfo.net\/fr\/28068-le-groupe-etat-islamique-s-infiltre-au-kenya.html\"},\"wordCount\":795,\"commentCount\":0,\"publisher\":{\"@id\":\"https:\/\/www.justiceinfo.net\/fr#organization\"},\"articleSection\":[\"Divers\"],\"inLanguage\":\"fr-FR\",\"potentialAction\":[{\"@type\":\"CommentAction\",\"name\":\"Comment\",\"target\":[\"https:\/\/www.justiceinfo.net\/fr\/28068-le-groupe-etat-islamique-s-infiltre-au-kenya.html#respond\"]}]},{\"@type\":\"WebPage\",\"@id\":\"https:\/\/www.justiceinfo.net\/fr\/28068-le-groupe-etat-islamique-s-infiltre-au-kenya.html\",\"url\":\"https:\/\/www.justiceinfo.net\/fr\/28068-le-groupe-etat-islamique-s-infiltre-au-kenya.html\",\"name\":\"Le groupe Etat islamique s'infiltre au Kenya - JusticeInfo.net\",\"isPartOf\":{\"@id\":\"https:\/\/www.justiceinfo.net\/fr#website\"},\"datePublished\":\"2016-06-30T04:57:59+00:00\",\"breadcrumb\":{\"@id\":\"https:\/\/www.justiceinfo.net\/fr\/28068-le-groupe-etat-islamique-s-infiltre-au-kenya.html#breadcrumb\"},\"inLanguage\":\"fr-FR\",\"potentialAction\":[{\"@type\":\"ReadAction\",\"target\":[\"https:\/\/www.justiceinfo.net\/fr\/28068-le-groupe-etat-islamique-s-infiltre-au-kenya.html\"]}]},{\"@type\":\"BreadcrumbList\",\"@id\":\"https:\/\/www.justiceinfo.net\/fr\/28068-le-groupe-etat-islamique-s-infiltre-au-kenya.html#breadcrumb\",\"itemListElement\":[{\"@type\":\"ListItem\",\"position\":1,\"name\":\"Home\",\"item\":\"https:\/\/www.justiceinfo.net\/fr\"},{\"@type\":\"ListItem\",\"position\":2,\"name\":\"Le groupe Etat islamique s'infiltre au Kenya\"}]},{\"@type\":\"WebSite\",\"@id\":\"https:\/\/www.justiceinfo.net\/fr#website\",\"url\":\"https:\/\/www.justiceinfo.net\/fr\",\"name\":\"JusticeInfo.net\",\"description\":\"La justice doit \u00eatre vue pour \u00eatre rendue\",\"publisher\":{\"@id\":\"https:\/\/www.justiceinfo.net\/fr#organization\"},\"potentialAction\":[{\"@type\":\"SearchAction\",\"target\":{\"@type\":\"EntryPoint\",\"urlTemplate\":\"https:\/\/www.justiceinfo.net\/fr?s={search_term_string}\"},\"query-input\":{\"@type\":\"PropertyValueSpecification\",\"valueRequired\":true,\"valueName\":\"search_term_string\"}}],\"inLanguage\":\"fr-FR\"},{\"@type\":\"Organization\",\"@id\":\"https:\/\/www.justiceinfo.net\/fr#organization\",\"name\":\"Justice Info\",\"url\":\"https:\/\/www.justiceinfo.net\/fr\",\"logo\":{\"@type\":\"ImageObject\",\"inLanguage\":\"fr-FR\",\"@id\":\"https:\/\/www.justiceinfo.net\/fr#\/schema\/logo\/image\/\",\"url\":\"https:\/\/www.justiceinfo.net\/wp-content\/uploads\/justiceinfo_logo-trans_1200x1200px.png\",\"contentUrl\":\"https:\/\/www.justiceinfo.net\/wp-content\/uploads\/justiceinfo_logo-trans_1200x1200px.png\",\"width\":1199,\"height\":1200,\"caption\":\"Justice Info\"},\"image\":{\"@id\":\"https:\/\/www.justiceinfo.net\/fr#\/schema\/logo\/image\/\"},\"sameAs\":[\"https:\/\/www.facebook.com\/JusticeInfo\/\",\"https:\/\/x.com\/justiceinfonet\",\"https:\/\/www.linkedin.com\/company\/justice-info\",\"https:\/\/www.youtube.com\/channel\/UCyCEsARodyuWtkWyhn-e7pA\"]},{\"@type\":\"Person\",\"name\":\"AFP\",\"url\":\"\/fr\/?s=AFP\"}]}<\/script>\n<!-- \/ Yoast SEO Premium plugin. -->","yoast_head_json":{"title":"Le groupe Etat islamique s'infiltre au Kenya - JusticeInfo.net","robots":{"index":"index","follow":"follow","max-snippet":"max-snippet:-1","max-image-preview":"max-image-preview:large","max-video-preview":"max-video-preview:-1"},"canonical":"https:\/\/www.justiceinfo.net\/fr\/28068-le-groupe-etat-islamique-s-infiltre-au-kenya.html","og_locale":"fr_FR","og_type":"article","og_title":"Le groupe Etat islamique s'infiltre au Kenya","og_description":"\u00a0 D\u00e9j\u00e0 meurtri par plusieurs attaques d'envergure des islamistes somaliens shebab, le Kenya voit la pr\u00e9sence croissante du groupe Etat islamique en Afrique de l'Est attiser les craintes d'attentats par des K\u00e9nyans rentr\u00e9s au pays apr\u00e8s avoir \u00e9t\u00e9 combattre le jihad. \"Il y a maintenant une menace r\u00e9elle de la part de l'EI pour le [&hellip;]","og_url":"https:\/\/www.justiceinfo.net\/fr\/28068-le-groupe-etat-islamique-s-infiltre-au-kenya.html","og_site_name":"JusticeInfo.net","article_publisher":"https:\/\/www.facebook.com\/JusticeInfo\/","article_published_time":"2016-06-30T04:57:59+00:00","og_image":[{"width":1200,"height":630,"url":"https:\/\/www.justiceinfo.net\/wp-content\/uploads\/JusticeInfoNet_logo_1200x630px.jpg","type":"image\/jpeg"}],"author":"AFP","twitter_card":"summary_large_image","twitter_creator":"@justiceinfonet","twitter_site":"@justiceinfonet","twitter_misc":{"\u00c9crit par":"AFP","Dur\u00e9e de lecture estim\u00e9e":"4 minutes"},"schema":{"@context":"https:\/\/schema.org","@graph":[{"@type":"NewsArticle","@id":"https:\/\/www.justiceinfo.net\/fr\/28068-le-groupe-etat-islamique-s-infiltre-au-kenya.html#article","isPartOf":{"@id":"https:\/\/www.justiceinfo.net\/fr\/28068-le-groupe-etat-islamique-s-infiltre-au-kenya.html"},"author":{"name":"afp","@id":"https:\/\/www.justiceinfo.net\/fr#\/schema\/person\/713d340ef5f218fc36ce9b4244364a7f"},"headline":"Le groupe Etat islamique s'infiltre au Kenya","datePublished":"2016-06-30T04:57:59+00:00","mainEntityOfPage":{"@id":"https:\/\/www.justiceinfo.net\/fr\/28068-le-groupe-etat-islamique-s-infiltre-au-kenya.html"},"wordCount":795,"commentCount":0,"publisher":{"@id":"https:\/\/www.justiceinfo.net\/fr#organization"},"articleSection":["Divers"],"inLanguage":"fr-FR","potentialAction":[{"@type":"CommentAction","name":"Comment","target":["https:\/\/www.justiceinfo.net\/fr\/28068-le-groupe-etat-islamique-s-infiltre-au-kenya.html#respond"]}]},{"@type":"WebPage","@id":"https:\/\/www.justiceinfo.net\/fr\/28068-le-groupe-etat-islamique-s-infiltre-au-kenya.html","url":"https:\/\/www.justiceinfo.net\/fr\/28068-le-groupe-etat-islamique-s-infiltre-au-kenya.html","name":"Le groupe Etat islamique s'infiltre au Kenya - JusticeInfo.net","isPartOf":{"@id":"https:\/\/www.justiceinfo.net\/fr#website"},"datePublished":"2016-06-30T04:57:59+00:00","breadcrumb":{"@id":"https:\/\/www.justiceinfo.net\/fr\/28068-le-groupe-etat-islamique-s-infiltre-au-kenya.html#breadcrumb"},"inLanguage":"fr-FR","potentialAction":[{"@type":"ReadAction","target":["https:\/\/www.justiceinfo.net\/fr\/28068-le-groupe-etat-islamique-s-infiltre-au-kenya.html"]}]},{"@type":"BreadcrumbList","@id":"https:\/\/www.justiceinfo.net\/fr\/28068-le-groupe-etat-islamique-s-infiltre-au-kenya.html#breadcrumb","itemListElement":[{"@type":"ListItem","position":1,"name":"Home","item":"https:\/\/www.justiceinfo.net\/fr"},{"@type":"ListItem","position":2,"name":"Le groupe Etat islamique s'infiltre au Kenya"}]},{"@type":"WebSite","@id":"https:\/\/www.justiceinfo.net\/fr#website","url":"https:\/\/www.justiceinfo.net\/fr","name":"JusticeInfo.net","description":"La justice doit \u00eatre vue pour \u00eatre rendue","publisher":{"@id":"https:\/\/www.justiceinfo.net\/fr#organization"},"potentialAction":[{"@type":"SearchAction","target":{"@type":"EntryPoint","urlTemplate":"https:\/\/www.justiceinfo.net\/fr?s={search_term_string}"},"query-input":{"@type":"PropertyValueSpecification","valueRequired":true,"valueName":"search_term_string"}}],"inLanguage":"fr-FR"},{"@type":"Organization","@id":"https:\/\/www.justiceinfo.net\/fr#organization","name":"Justice Info","url":"https:\/\/www.justiceinfo.net\/fr","logo":{"@type":"ImageObject","inLanguage":"fr-FR","@id":"https:\/\/www.justiceinfo.net\/fr#\/schema\/logo\/image\/","url":"https:\/\/www.justiceinfo.net\/wp-content\/uploads\/justiceinfo_logo-trans_1200x1200px.png","contentUrl":"https:\/\/www.justiceinfo.net\/wp-content\/uploads\/justiceinfo_logo-trans_1200x1200px.png","width":1199,"height":1200,"caption":"Justice Info"},"image":{"@id":"https:\/\/www.justiceinfo.net\/fr#\/schema\/logo\/image\/"},"sameAs":["https:\/\/www.facebook.com\/JusticeInfo\/","https:\/\/x.com\/justiceinfonet","https:\/\/www.linkedin.com\/company\/justice-info","https:\/\/www.youtube.com\/channel\/UCyCEsARodyuWtkWyhn-e7pA"]},{"@type":"Person","name":"AFP","url":"\/fr\/?s=AFP"}]}},"_links":{"self":[{"href":"https:\/\/www.justiceinfo.net\/fr\/wp-json\/wp\/v2\/posts\/28068","targetHints":{"allow":["GET"]}}],"collection":[{"href":"https:\/\/www.justiceinfo.net\/fr\/wp-json\/wp\/v2\/posts"}],"about":[{"href":"https:\/\/www.justiceinfo.net\/fr\/wp-json\/wp\/v2\/types\/post"}],"author":[{"embeddable":true,"href":"https:\/\/www.justiceinfo.net\/fr\/wp-json\/wp\/v2\/users\/60"}],"replies":[{"embeddable":true,"href":"https:\/\/www.justiceinfo.net\/fr\/wp-json\/wp\/v2\/comments?post=28068"}],"version-history":[{"count":0,"href":"https:\/\/www.justiceinfo.net\/fr\/wp-json\/wp\/v2\/posts\/28068\/revisions"}],"wp:attachment":[{"href":"https:\/\/www.justiceinfo.net\/fr\/wp-json\/wp\/v2\/media?parent=28068"}],"wp:term":[{"taxonomy":"category","embeddable":true,"href":"https:\/\/www.justiceinfo.net\/fr\/wp-json\/wp\/v2\/categories?post=28068"},{"taxonomy":"post_tag","embeddable":true,"href":"https:\/\/www.justiceinfo.net\/fr\/wp-json\/wp\/v2\/tags?post=28068"},{"taxonomy":"ji_location","embeddable":true,"href":"https:\/\/www.justiceinfo.net\/fr\/wp-json\/wp\/v2\/ji_location?post=28068"}],"curies":[{"name":"wp","href":"https:\/\/api.w.org\/{rel}","templated":true}]}}