{"id":28103,"date":"2016-07-01T03:00:45","date_gmt":"2016-07-01T01:00:45","guid":{"rendered":"https:\/\/www.justiceinfo.net\/28103-burkina-sankara-de-nouvelles-expertises-reclamees.html"},"modified":"2016-07-01T03:00:45","modified_gmt":"2016-07-01T01:00:45","slug":"burkina-sankara-de-nouvelles-expertises-reclamees","status":"publish","type":"post","link":"https:\/\/www.justiceinfo.net\/fr\/28103-burkina-sankara-de-nouvelles-expertises-reclamees.html","title":{"rendered":"Burkina\/Sankara: de nouvelles expertises r\u00e9clam\u00e9es"},"content":{"rendered":"<p>\u00a0<\/p>\n<p>Le parquet militaire va \u00e9tendre la contre-expertise ADN aux douze autres victimes dans le dossier Thomas Sankara, afin \"d'\u00e9toffer le dossier et \u00e9viter une vice de proc\u00e9dure\", a annonc\u00e9 jeudi Me B\u00e9n\u00e9wend\u00e9 Sankara, l'avocat de la famille Sankara.<\/p>\n<p>Thomas Sankara, le \"p\u00e8re de la r\u00e9volution\" burkinab\u00e8, a \u00e9t\u00e9 tu\u00e9 lors du putsch qui porta au pouvoir, le 15 octobre 1987, l'ex-pr\u00e9sident Blaise Compaor\u00e9.<\/p>\n<p>\"Le juge d\u2019instruction va \u00e9tendre la contre-expertise \u00e0 tous les 13 corps et a requis \u00e0 cet effet le consentement des familles concern\u00e9es\", a d\u00e9clar\u00e9 \u00e0 l'AFP Me Sankara.<\/p>\n<p>Les familles \"ont marqu\u00e9 leur accord\" et cette contre-expertise, dont les r\u00e9sultats pourront \u00eatre disponibles dans \"quelques semaines\", sera r\u00e9alis\u00e9e \u00e0 Santiago en Espagne, a-t-il pr\u00e9cis\u00e9.<\/p>\n<p>Les corps pr\u00e9sum\u00e9s de Sankara et de ses 12 compagnons tu\u00e9s avec lui ont \u00e9t\u00e9 exhum\u00e9s fin mai 2015 afin de d\u00e9terminer avec certitude l'identit\u00e9 des victimes et lever le voile sur les circonstances de leur mort.<\/p>\n<p>Les r\u00e9sultats de ces tests ADN, r\u00e9alis\u00e9s en France, indiquaient que les ADN n'\u00e9taient pas \"d\u00e9tectables\" et ne permettaient pas d'identifier \u00e0 coup s\u00fbr les victimes.<\/p>\n<p>Selon Me Sankara, seulement deux familles, dont celle de Thomas Sankara, avaient demand\u00e9 une contre-expertise ADN des pr\u00e9sum\u00e9s restes de leurs proches enterr\u00e9s \u00e0 la sauvette au cimeti\u00e8re de Dagno\u00ebn, un quartier populaire \u00e0 l'est de Ouagadougou, la capitale burkinab\u00e8.<\/p>\n<p>\"\u00c9tendre cette contre-expertise \u00e0 tous les treize corps permettra d\u2019\u00e9toffer davantage le dossier et \u00e9viter tout vice de proc\u00e9dure\", s\u2019est-il r\u00e9joui.<\/p>\n<p>La justice militaire avait \u00e9mis d\u00e9but d\u00e9cembre 2015 un mandat d'arr\u00eat international contre M. Compaor\u00e9, qui vit en exil en C\u00f4te d'Ivoire, pour son implication pr\u00e9sum\u00e9e dans l'assassinat du pr\u00e9sident Thomas Sankara.<\/p>\n<p>Il est poursuivi pour \"assassinat\", \"attentat\" et \"recel de cadavre\" dans le cadre de l'enqu\u00eate ouverte fin mars 2015 par les autorit\u00e9s de la transition burkinab\u00e9.<\/p>\n<p>\u00a0<\/p>\n","protected":false},"excerpt":{"rendered":"<p>\u00a0 Le parquet militaire va \u00e9tendre la contre-expertise ADN aux douze autres victimes dans le dossier Thomas Sankara, afin \"d'\u00e9toffer le dossier et \u00e9viter une vice de proc\u00e9dure\", a annonc\u00e9 jeudi Me B\u00e9n\u00e9wend\u00e9 Sankara, l'avocat de la famille Sankara. Thomas Sankara, le \"p\u00e8re de la r\u00e9volution\" burkinab\u00e8, a \u00e9t\u00e9 tu\u00e9 lors du putsch qui porta [&hellip;]<\/p>\n","protected":false},"author":60,"featured_media":0,"comment_status":"open","ping_status":"closed","sticky":false,"template":"","format":"standard","meta":{"_acf_changed":false,"footnotes":""},"categories":[2576],"tags":[],"ji_location":[2150],"class_list":["post-28103","post","type-post","status-publish","format-standard","hentry","category-fil-d-actualite","ji_location-burkina-faso"],"acf":[],"yoast_head":"<!-- This site is optimized with the Yoast SEO Premium plugin v25.3.1 (Yoast SEO v25.3.1) - https:\/\/yoast.com\/wordpress\/plugins\/seo\/ -->\n<title>Burkina\/Sankara: de nouvelles expertises r\u00e9clam\u00e9es - JusticeInfo.net<\/title>\n<meta name=\"robots\" content=\"index, follow, max-snippet:-1, max-image-preview:large, max-video-preview:-1\" \/>\n<link rel=\"canonical\" href=\"https:\/\/www.justiceinfo.net\/fr\/28103-burkina-sankara-de-nouvelles-expertises-reclamees.html\" \/>\n<meta property=\"og:locale\" content=\"fr_FR\" \/>\n<meta property=\"og:type\" content=\"article\" \/>\n<meta property=\"og:title\" content=\"Burkina\/Sankara: de nouvelles expertises r\u00e9clam\u00e9es\" \/>\n<meta property=\"og:description\" content=\"\u00a0 Le parquet militaire va \u00e9tendre la contre-expertise ADN aux douze autres victimes dans le dossier Thomas Sankara, afin &quot;d&#039;\u00e9toffer le dossier et \u00e9viter une vice de proc\u00e9dure&quot;, a annonc\u00e9 jeudi Me B\u00e9n\u00e9wend\u00e9 Sankara, l&#039;avocat de la famille Sankara. Thomas Sankara, le &quot;p\u00e8re de la r\u00e9volution&quot; burkinab\u00e8, a \u00e9t\u00e9 tu\u00e9 lors du putsch qui porta [&hellip;]\" \/>\n<meta property=\"og:url\" content=\"https:\/\/www.justiceinfo.net\/fr\/28103-burkina-sankara-de-nouvelles-expertises-reclamees.html\" \/>\n<meta property=\"og:site_name\" content=\"JusticeInfo.net\" \/>\n<meta property=\"article:publisher\" content=\"https:\/\/www.facebook.com\/JusticeInfo\/\" \/>\n<meta property=\"article:published_time\" content=\"2016-07-01T01:00:45+00:00\" \/>\n<meta property=\"og:image\" content=\"https:\/\/www.justiceinfo.net\/wp-content\/uploads\/JusticeInfoNet_logo_1200x630px.jpg\" \/>\n\t<meta property=\"og:image:width\" content=\"1200\" \/>\n\t<meta property=\"og:image:height\" content=\"630\" \/>\n\t<meta property=\"og:image:type\" content=\"image\/jpeg\" \/>\n<meta name=\"author\" content=\"AFP\" \/>\n<meta name=\"twitter:card\" content=\"summary_large_image\" \/>\n<meta name=\"twitter:creator\" content=\"@justiceinfonet\" \/>\n<meta name=\"twitter:site\" content=\"@justiceinfonet\" \/>\n<meta name=\"twitter:label1\" content=\"\u00c9crit par\" \/>\n\t<meta name=\"twitter:data1\" content=\"AFP\" \/>\n\t<meta name=\"twitter:label2\" content=\"Dur\u00e9e de lecture estim\u00e9e\" \/>\n\t<meta name=\"twitter:data2\" content=\"2 minutes\" \/>\n<script type=\"application\/ld+json\" class=\"yoast-schema-graph\">{\"@context\":\"https:\/\/schema.org\",\"@graph\":[{\"@type\":\"NewsArticle\",\"@id\":\"https:\/\/www.justiceinfo.net\/fr\/28103-burkina-sankara-de-nouvelles-expertises-reclamees.html#article\",\"isPartOf\":{\"@id\":\"https:\/\/www.justiceinfo.net\/fr\/28103-burkina-sankara-de-nouvelles-expertises-reclamees.html\"},\"author\":{\"name\":\"afp\",\"@id\":\"https:\/\/www.justiceinfo.net\/fr#\/schema\/person\/713d340ef5f218fc36ce9b4244364a7f\"},\"headline\":\"Burkina\/Sankara: de nouvelles expertises r\u00e9clam\u00e9es\",\"datePublished\":\"2016-07-01T01:00:45+00:00\",\"mainEntityOfPage\":{\"@id\":\"https:\/\/www.justiceinfo.net\/fr\/28103-burkina-sankara-de-nouvelles-expertises-reclamees.html\"},\"wordCount\":346,\"commentCount\":0,\"publisher\":{\"@id\":\"https:\/\/www.justiceinfo.net\/fr#organization\"},\"articleSection\":[\"Fil d'info AFP\"],\"inLanguage\":\"fr-FR\",\"potentialAction\":[{\"@type\":\"CommentAction\",\"name\":\"Comment\",\"target\":[\"https:\/\/www.justiceinfo.net\/fr\/28103-burkina-sankara-de-nouvelles-expertises-reclamees.html#respond\"]}]},{\"@type\":\"WebPage\",\"@id\":\"https:\/\/www.justiceinfo.net\/fr\/28103-burkina-sankara-de-nouvelles-expertises-reclamees.html\",\"url\":\"https:\/\/www.justiceinfo.net\/fr\/28103-burkina-sankara-de-nouvelles-expertises-reclamees.html\",\"name\":\"Burkina\/Sankara: de nouvelles expertises r\u00e9clam\u00e9es - JusticeInfo.net\",\"isPartOf\":{\"@id\":\"https:\/\/www.justiceinfo.net\/fr#website\"},\"datePublished\":\"2016-07-01T01:00:45+00:00\",\"breadcrumb\":{\"@id\":\"https:\/\/www.justiceinfo.net\/fr\/28103-burkina-sankara-de-nouvelles-expertises-reclamees.html#breadcrumb\"},\"inLanguage\":\"fr-FR\",\"potentialAction\":[{\"@type\":\"ReadAction\",\"target\":[\"https:\/\/www.justiceinfo.net\/fr\/28103-burkina-sankara-de-nouvelles-expertises-reclamees.html\"]}]},{\"@type\":\"BreadcrumbList\",\"@id\":\"https:\/\/www.justiceinfo.net\/fr\/28103-burkina-sankara-de-nouvelles-expertises-reclamees.html#breadcrumb\",\"itemListElement\":[{\"@type\":\"ListItem\",\"position\":1,\"name\":\"Home\",\"item\":\"https:\/\/www.justiceinfo.net\/fr\"},{\"@type\":\"ListItem\",\"position\":2,\"name\":\"Burkina\/Sankara: de nouvelles expertises r\u00e9clam\u00e9es\"}]},{\"@type\":\"WebSite\",\"@id\":\"https:\/\/www.justiceinfo.net\/fr#website\",\"url\":\"https:\/\/www.justiceinfo.net\/fr\",\"name\":\"JusticeInfo.net\",\"description\":\"La justice doit \u00eatre vue pour \u00eatre rendue\",\"publisher\":{\"@id\":\"https:\/\/www.justiceinfo.net\/fr#organization\"},\"potentialAction\":[{\"@type\":\"SearchAction\",\"target\":{\"@type\":\"EntryPoint\",\"urlTemplate\":\"https:\/\/www.justiceinfo.net\/fr?s={search_term_string}\"},\"query-input\":{\"@type\":\"PropertyValueSpecification\",\"valueRequired\":true,\"valueName\":\"search_term_string\"}}],\"inLanguage\":\"fr-FR\"},{\"@type\":\"Organization\",\"@id\":\"https:\/\/www.justiceinfo.net\/fr#organization\",\"name\":\"Justice Info\",\"url\":\"https:\/\/www.justiceinfo.net\/fr\",\"logo\":{\"@type\":\"ImageObject\",\"inLanguage\":\"fr-FR\",\"@id\":\"https:\/\/www.justiceinfo.net\/fr#\/schema\/logo\/image\/\",\"url\":\"https:\/\/www.justiceinfo.net\/wp-content\/uploads\/justiceinfo_logo-trans_1200x1200px.png\",\"contentUrl\":\"https:\/\/www.justiceinfo.net\/wp-content\/uploads\/justiceinfo_logo-trans_1200x1200px.png\",\"width\":1199,\"height\":1200,\"caption\":\"Justice Info\"},\"image\":{\"@id\":\"https:\/\/www.justiceinfo.net\/fr#\/schema\/logo\/image\/\"},\"sameAs\":[\"https:\/\/www.facebook.com\/JusticeInfo\/\",\"https:\/\/x.com\/justiceinfonet\",\"https:\/\/www.linkedin.com\/company\/justice-info\",\"https:\/\/www.youtube.com\/channel\/UCyCEsARodyuWtkWyhn-e7pA\"]},{\"@type\":\"Person\",\"name\":\"AFP\",\"url\":\"\/fr\/?s=AFP\"}]}<\/script>\n<!-- \/ Yoast SEO Premium plugin. -->","yoast_head_json":{"title":"Burkina\/Sankara: de nouvelles expertises r\u00e9clam\u00e9es - JusticeInfo.net","robots":{"index":"index","follow":"follow","max-snippet":"max-snippet:-1","max-image-preview":"max-image-preview:large","max-video-preview":"max-video-preview:-1"},"canonical":"https:\/\/www.justiceinfo.net\/fr\/28103-burkina-sankara-de-nouvelles-expertises-reclamees.html","og_locale":"fr_FR","og_type":"article","og_title":"Burkina\/Sankara: de nouvelles expertises r\u00e9clam\u00e9es","og_description":"\u00a0 Le parquet militaire va \u00e9tendre la contre-expertise ADN aux douze autres victimes dans le dossier Thomas Sankara, afin \"d'\u00e9toffer le dossier et \u00e9viter une vice de proc\u00e9dure\", a annonc\u00e9 jeudi Me B\u00e9n\u00e9wend\u00e9 Sankara, l'avocat de la famille Sankara. Thomas Sankara, le \"p\u00e8re de la r\u00e9volution\" burkinab\u00e8, a \u00e9t\u00e9 tu\u00e9 lors du putsch qui porta [&hellip;]","og_url":"https:\/\/www.justiceinfo.net\/fr\/28103-burkina-sankara-de-nouvelles-expertises-reclamees.html","og_site_name":"JusticeInfo.net","article_publisher":"https:\/\/www.facebook.com\/JusticeInfo\/","article_published_time":"2016-07-01T01:00:45+00:00","og_image":[{"width":1200,"height":630,"url":"https:\/\/www.justiceinfo.net\/wp-content\/uploads\/JusticeInfoNet_logo_1200x630px.jpg","type":"image\/jpeg"}],"author":"AFP","twitter_card":"summary_large_image","twitter_creator":"@justiceinfonet","twitter_site":"@justiceinfonet","twitter_misc":{"\u00c9crit par":"AFP","Dur\u00e9e de lecture estim\u00e9e":"2 minutes"},"schema":{"@context":"https:\/\/schema.org","@graph":[{"@type":"NewsArticle","@id":"https:\/\/www.justiceinfo.net\/fr\/28103-burkina-sankara-de-nouvelles-expertises-reclamees.html#article","isPartOf":{"@id":"https:\/\/www.justiceinfo.net\/fr\/28103-burkina-sankara-de-nouvelles-expertises-reclamees.html"},"author":{"name":"afp","@id":"https:\/\/www.justiceinfo.net\/fr#\/schema\/person\/713d340ef5f218fc36ce9b4244364a7f"},"headline":"Burkina\/Sankara: de nouvelles expertises r\u00e9clam\u00e9es","datePublished":"2016-07-01T01:00:45+00:00","mainEntityOfPage":{"@id":"https:\/\/www.justiceinfo.net\/fr\/28103-burkina-sankara-de-nouvelles-expertises-reclamees.html"},"wordCount":346,"commentCount":0,"publisher":{"@id":"https:\/\/www.justiceinfo.net\/fr#organization"},"articleSection":["Fil d'info AFP"],"inLanguage":"fr-FR","potentialAction":[{"@type":"CommentAction","name":"Comment","target":["https:\/\/www.justiceinfo.net\/fr\/28103-burkina-sankara-de-nouvelles-expertises-reclamees.html#respond"]}]},{"@type":"WebPage","@id":"https:\/\/www.justiceinfo.net\/fr\/28103-burkina-sankara-de-nouvelles-expertises-reclamees.html","url":"https:\/\/www.justiceinfo.net\/fr\/28103-burkina-sankara-de-nouvelles-expertises-reclamees.html","name":"Burkina\/Sankara: de nouvelles expertises r\u00e9clam\u00e9es - JusticeInfo.net","isPartOf":{"@id":"https:\/\/www.justiceinfo.net\/fr#website"},"datePublished":"2016-07-01T01:00:45+00:00","breadcrumb":{"@id":"https:\/\/www.justiceinfo.net\/fr\/28103-burkina-sankara-de-nouvelles-expertises-reclamees.html#breadcrumb"},"inLanguage":"fr-FR","potentialAction":[{"@type":"ReadAction","target":["https:\/\/www.justiceinfo.net\/fr\/28103-burkina-sankara-de-nouvelles-expertises-reclamees.html"]}]},{"@type":"BreadcrumbList","@id":"https:\/\/www.justiceinfo.net\/fr\/28103-burkina-sankara-de-nouvelles-expertises-reclamees.html#breadcrumb","itemListElement":[{"@type":"ListItem","position":1,"name":"Home","item":"https:\/\/www.justiceinfo.net\/fr"},{"@type":"ListItem","position":2,"name":"Burkina\/Sankara: de nouvelles expertises r\u00e9clam\u00e9es"}]},{"@type":"WebSite","@id":"https:\/\/www.justiceinfo.net\/fr#website","url":"https:\/\/www.justiceinfo.net\/fr","name":"JusticeInfo.net","description":"La justice doit \u00eatre vue pour \u00eatre rendue","publisher":{"@id":"https:\/\/www.justiceinfo.net\/fr#organization"},"potentialAction":[{"@type":"SearchAction","target":{"@type":"EntryPoint","urlTemplate":"https:\/\/www.justiceinfo.net\/fr?s={search_term_string}"},"query-input":{"@type":"PropertyValueSpecification","valueRequired":true,"valueName":"search_term_string"}}],"inLanguage":"fr-FR"},{"@type":"Organization","@id":"https:\/\/www.justiceinfo.net\/fr#organization","name":"Justice Info","url":"https:\/\/www.justiceinfo.net\/fr","logo":{"@type":"ImageObject","inLanguage":"fr-FR","@id":"https:\/\/www.justiceinfo.net\/fr#\/schema\/logo\/image\/","url":"https:\/\/www.justiceinfo.net\/wp-content\/uploads\/justiceinfo_logo-trans_1200x1200px.png","contentUrl":"https:\/\/www.justiceinfo.net\/wp-content\/uploads\/justiceinfo_logo-trans_1200x1200px.png","width":1199,"height":1200,"caption":"Justice Info"},"image":{"@id":"https:\/\/www.justiceinfo.net\/fr#\/schema\/logo\/image\/"},"sameAs":["https:\/\/www.facebook.com\/JusticeInfo\/","https:\/\/x.com\/justiceinfonet","https:\/\/www.linkedin.com\/company\/justice-info","https:\/\/www.youtube.com\/channel\/UCyCEsARodyuWtkWyhn-e7pA"]},{"@type":"Person","name":"AFP","url":"\/fr\/?s=AFP"}]}},"_links":{"self":[{"href":"https:\/\/www.justiceinfo.net\/fr\/wp-json\/wp\/v2\/posts\/28103","targetHints":{"allow":["GET"]}}],"collection":[{"href":"https:\/\/www.justiceinfo.net\/fr\/wp-json\/wp\/v2\/posts"}],"about":[{"href":"https:\/\/www.justiceinfo.net\/fr\/wp-json\/wp\/v2\/types\/post"}],"author":[{"embeddable":true,"href":"https:\/\/www.justiceinfo.net\/fr\/wp-json\/wp\/v2\/users\/60"}],"replies":[{"embeddable":true,"href":"https:\/\/www.justiceinfo.net\/fr\/wp-json\/wp\/v2\/comments?post=28103"}],"version-history":[{"count":0,"href":"https:\/\/www.justiceinfo.net\/fr\/wp-json\/wp\/v2\/posts\/28103\/revisions"}],"wp:attachment":[{"href":"https:\/\/www.justiceinfo.net\/fr\/wp-json\/wp\/v2\/media?parent=28103"}],"wp:term":[{"taxonomy":"category","embeddable":true,"href":"https:\/\/www.justiceinfo.net\/fr\/wp-json\/wp\/v2\/categories?post=28103"},{"taxonomy":"post_tag","embeddable":true,"href":"https:\/\/www.justiceinfo.net\/fr\/wp-json\/wp\/v2\/tags?post=28103"},{"taxonomy":"ji_location","embeddable":true,"href":"https:\/\/www.justiceinfo.net\/fr\/wp-json\/wp\/v2\/ji_location?post=28103"}],"curies":[{"name":"wp","href":"https:\/\/api.w.org\/{rel}","templated":true}]}}