{"id":28111,"date":"2016-07-01T13:00:20","date_gmt":"2016-07-01T11:00:20","guid":{"rendered":"https:\/\/www.justiceinfo.net\/28111-cameroun-le-nouveau-code-penal-met-le-pays-en-emoi.html"},"modified":"2016-07-01T13:00:20","modified_gmt":"2016-07-01T11:00:20","slug":"cameroun-le-nouveau-code-penal-met-le-pays-en-emoi","status":"publish","type":"post","link":"https:\/\/www.justiceinfo.net\/fr\/28111-cameroun-le-nouveau-code-penal-met-le-pays-en-emoi.html","title":{"rendered":"Cameroun: le nouveau code p\u00e9nal met le pays en \u00e9moi"},"content":{"rendered":"<p>\u00a0<\/p>\n<p>P\u00e9nalisation de l'adult\u00e8re dans un pays polygame, mendicit\u00e9 r\u00e9prim\u00e9e l\u00e0 o\u00f9 la pauvret\u00e9 frappe 37,5% de la population, prison pour loyers impay\u00e9s...: la r\u00e9forme du code p\u00e9nal provoque un vif d\u00e9bat de soci\u00e9t\u00e9 au Cameroun, avec parmi les enjeux les in\u00e9galit\u00e9s et les modes de vie.<\/p>\n<p>Plusieurs des 370 articles concernent la vie quotidienne des 23 millions de Camerounais. La froideur des \u00e9nonc\u00e9s juridiques enflamme donc les d\u00e9bats bien au-del\u00e0 du cercle des juristes ou des parlementaires, qui devaient adopter le texte vendredi.<\/p>\n<p>L'instauration d'un d\u00e9lit d'adult\u00e8re fait grand bruit. L'article 361 pr\u00e9voit une peine de prison (un \u00e0 deux mois) ou une amende (25.000 \u00e0 100.000 francs CFA, entre 37,5 et 150 euros) pour \"la femme mari\u00e9e qui a des rapports sexuels avec un autre homme que son mari\".\u00a0<\/p>\n<p>M\u00eames sanctions pour le mari pris en faute \"avec d\u2019autres femmes que son ou ses \u00e9pouses\", pr\u00e9cise l'alin\u00e9a 2, qui tient compte de la polygamie masculine, autoris\u00e9e au Cameroun comme dans plusieurs pays d'Afrique.<\/p>\n<p>\"Moralit\u00e9: il vaut mieux rester c\u00e9libataire\", ironise un internaute sur le site camer.be: \"La moiti\u00e9 des maris camerounais ira en prison \u00e0 coup s\u00fbr. La totalit\u00e9 des \u00e9pouses camerounaises se retrouvera derri\u00e8re les barreaux\", plaisante-t-il.<\/p>\n<p><strong>- 'Nous avons notre culture' -<\/strong><br \/>\u00a0<\/p>\n<p>Cette p\u00e9nalisation de l'adult\u00e8re r\u00e9veille le d\u00e9bat sur le choc des mod\u00e8les de soci\u00e9t\u00e9.<\/p>\n<p>\"Moi je suis quand m\u00eame quelqu'un qui a au moins quatre femmes... Il faut que vous sachiez que nous avons notre culture, on ne devrait pas tout copier de ce qui vient de l\u2019Europe\", estime Deffo Oumbe Sangong, d\u00e9put\u00e9 du Social D\u00e9mocrati Front (SDF, principal parti de l\u2019opposition), cit\u00e9 sur le site de RFI.<\/p>\n<p>Les d\u00e9fenseurs des gays sont plus discrets pour d\u00e9noncer le maintien de la r\u00e9pression de l'homosexualit\u00e9, passible de cinq ans de prison.\u00a0<\/p>\n<p>\"L'homosexualit\u00e9 est le cache-sexe des violations des droits de l'homme et de l'impunit\u00e9 que pr\u00e9pare le nouveau code p\u00e9nal\", proteste sur Twitter l'avocate Alice Nkom, r\u00e9compens\u00e9e en 2013 par Amnesty-Allemagne pour son engagement aux c\u00f4t\u00e9s des LBGT.<\/p>\n<p>La premi\u00e8re r\u00e9forme du code p\u00e9nal depuis 1967 risque-t-elle de durcir les in\u00e9galit\u00e9s sociales? Le nouveau code instaure une peine de prison (six mois \u00e0 trois ans) et une amende (100.000 \u00e0 300.000 FCFA, 150 \u00e0 450 euros) pour le locataire qui ne paie pas son loyer pendant deux mois.<\/p>\n<p>La mendicit\u00e9 est d\u00e9sormais passible de trois mois \u00e0 trois ans de prison et d'une amende de 50.000 \u00e0 500.000 FCFA (75 \u00e0 750 euros), tout comme le vagabondage (six mois \u00e0 deux ans de prison).\u00a0<\/p>\n<p>Le b\u00e2tonnier du barreau du Cameroun, Jackson Ngi\u00e9 Kamga, s'inqui\u00e8te de dispositions \"de nature \u00e0 sanctionner les pauvres\".<\/p>\n<p>\u00a0<\/p>\n<p><strong>- Modernit\u00e9 ou tradition -<\/strong><br \/><strong>\u00a0<\/strong><\/p>\n<p>En 2014, 37,5% des Camerounais, soit plus de huit millions de personnes, vivaient sous le seuil de la pauvret\u00e9, d'apr\u00e8s l'institut national de la statistique (INS).<\/p>\n<p>\"Projet de loi liberticide\", \"absence de concertation\"... l'opposition et l'ordre des avocats demandent le retrait du texte, lui reprochant tant\u00f4t de ne pas rattacher le Cameroun \u00e0 la modernit\u00e9, tant\u00f4t au contraire de prendre les traditions \u00e0 rebrousse-poil.<\/p>\n<p>\"Il faudra un changement de r\u00e9gime pour faire entrer le Cameroun dans la modernit\u00e9\", regrettait il y a quelques jours sur Facebook Joshua Osih, responsable du SDF, allusion au pr\u00e9sident Paul Biya au pouvoir depuis 1982.<\/p>\n<p>\"Plusieurs dispositions sont contraires \u00e0 nos engagements internationaux\", ajoutait-t-il, mentionnant des menaces sur la libert\u00e9 de la presse.<\/p>\n<p>Le texte pr\u00e9voit aussi le maintien de la peine de mort, dans un pays o\u00f9 la justice avait annonc\u00e9 en mars la condamnation en un an de 89 islamistes de Boko Haram \u00e0 la peine capitale.<\/p>\n<p>Autre grief contre la r\u00e9forme du code p\u00e9nal: \"un d\u00e9faut de concordance\" selon les avocats entre les versions fran\u00e7aise et anglaise dans ce pays o\u00f9 la minorit\u00e9 anglophone repr\u00e9sente pr\u00e8s de 20% de la population.<\/p>\n<p>Le texte devait finalement passer, avec une toute petite victoire pour ses opposants: le pr\u00e9sident Paul Biya a exceptionnellement refus\u00e9 de promulguer sa premi\u00e8re version, parce qu'il pr\u00e9voyait l'immunit\u00e9 pour les ministres en exercice. Un rare d\u00e9saveu de sa majorit\u00e9 qui a permis de prolonger les joutes parlementaires de quelques heures. Mais le d\u00e9bat dans les rues n'est pas fini.<\/p>\n<p>\u00a0<\/p>\n","protected":false},"excerpt":{"rendered":"<p>\u00a0 P\u00e9nalisation de l'adult\u00e8re dans un pays polygame, mendicit\u00e9 r\u00e9prim\u00e9e l\u00e0 o\u00f9 la pauvret\u00e9 frappe 37,5% de la population, prison pour loyers impay\u00e9s...: la r\u00e9forme du code p\u00e9nal provoque un vif d\u00e9bat de soci\u00e9t\u00e9 au Cameroun, avec parmi les enjeux les in\u00e9galit\u00e9s et les modes de vie. Plusieurs des 370 articles concernent la vie quotidienne [&hellip;]<\/p>\n","protected":false},"author":60,"featured_media":0,"comment_status":"open","ping_status":"closed","sticky":false,"template":"","format":"standard","meta":{"_acf_changed":false,"footnotes":""},"categories":[2576],"tags":[],"ji_location":[2156],"class_list":["post-28111","post","type-post","status-publish","format-standard","hentry","category-fil-d-actualite","ji_location-cameroun"],"acf":[],"yoast_head":"<!-- This site is optimized with the Yoast SEO Premium plugin v25.3.1 (Yoast SEO v25.3.1) - https:\/\/yoast.com\/wordpress\/plugins\/seo\/ -->\n<title>Cameroun: le nouveau code p\u00e9nal met le pays en \u00e9moi - JusticeInfo.net<\/title>\n<meta name=\"robots\" content=\"index, follow, max-snippet:-1, max-image-preview:large, max-video-preview:-1\" \/>\n<link rel=\"canonical\" href=\"https:\/\/www.justiceinfo.net\/fr\/28111-cameroun-le-nouveau-code-penal-met-le-pays-en-emoi.html\" \/>\n<meta property=\"og:locale\" content=\"fr_FR\" \/>\n<meta property=\"og:type\" content=\"article\" \/>\n<meta property=\"og:title\" content=\"Cameroun: le nouveau code p\u00e9nal met le pays en \u00e9moi\" \/>\n<meta property=\"og:description\" content=\"\u00a0 P\u00e9nalisation de l&#039;adult\u00e8re dans un pays polygame, mendicit\u00e9 r\u00e9prim\u00e9e l\u00e0 o\u00f9 la pauvret\u00e9 frappe 37,5% de la population, prison pour loyers impay\u00e9s...: la r\u00e9forme du code p\u00e9nal provoque un vif d\u00e9bat de soci\u00e9t\u00e9 au Cameroun, avec parmi les enjeux les in\u00e9galit\u00e9s et les modes de vie. Plusieurs des 370 articles concernent la vie quotidienne [&hellip;]\" \/>\n<meta property=\"og:url\" content=\"https:\/\/www.justiceinfo.net\/fr\/28111-cameroun-le-nouveau-code-penal-met-le-pays-en-emoi.html\" \/>\n<meta property=\"og:site_name\" content=\"JusticeInfo.net\" \/>\n<meta property=\"article:publisher\" content=\"https:\/\/www.facebook.com\/JusticeInfo\/\" \/>\n<meta property=\"article:published_time\" content=\"2016-07-01T11:00:20+00:00\" \/>\n<meta property=\"og:image\" content=\"https:\/\/www.justiceinfo.net\/wp-content\/uploads\/JusticeInfoNet_logo_1200x630px.jpg\" \/>\n\t<meta property=\"og:image:width\" content=\"1200\" \/>\n\t<meta property=\"og:image:height\" content=\"630\" \/>\n\t<meta property=\"og:image:type\" content=\"image\/jpeg\" \/>\n<meta name=\"author\" content=\"AFP\" \/>\n<meta name=\"twitter:card\" content=\"summary_large_image\" \/>\n<meta name=\"twitter:creator\" content=\"@justiceinfonet\" \/>\n<meta name=\"twitter:site\" content=\"@justiceinfonet\" \/>\n<meta name=\"twitter:label1\" content=\"\u00c9crit par\" \/>\n\t<meta name=\"twitter:data1\" content=\"AFP\" \/>\n\t<meta name=\"twitter:label2\" content=\"Dur\u00e9e de lecture estim\u00e9e\" \/>\n\t<meta name=\"twitter:data2\" content=\"4 minutes\" \/>\n<script type=\"application\/ld+json\" class=\"yoast-schema-graph\">{\"@context\":\"https:\/\/schema.org\",\"@graph\":[{\"@type\":\"NewsArticle\",\"@id\":\"https:\/\/www.justiceinfo.net\/fr\/28111-cameroun-le-nouveau-code-penal-met-le-pays-en-emoi.html#article\",\"isPartOf\":{\"@id\":\"https:\/\/www.justiceinfo.net\/fr\/28111-cameroun-le-nouveau-code-penal-met-le-pays-en-emoi.html\"},\"author\":{\"name\":\"afp\",\"@id\":\"https:\/\/www.justiceinfo.net\/fr#\/schema\/person\/713d340ef5f218fc36ce9b4244364a7f\"},\"headline\":\"Cameroun: le nouveau code p\u00e9nal met le pays en \u00e9moi\",\"datePublished\":\"2016-07-01T11:00:20+00:00\",\"mainEntityOfPage\":{\"@id\":\"https:\/\/www.justiceinfo.net\/fr\/28111-cameroun-le-nouveau-code-penal-met-le-pays-en-emoi.html\"},\"wordCount\":756,\"commentCount\":0,\"publisher\":{\"@id\":\"https:\/\/www.justiceinfo.net\/fr#organization\"},\"articleSection\":[\"Fil d'info AFP\"],\"inLanguage\":\"fr-FR\",\"potentialAction\":[{\"@type\":\"CommentAction\",\"name\":\"Comment\",\"target\":[\"https:\/\/www.justiceinfo.net\/fr\/28111-cameroun-le-nouveau-code-penal-met-le-pays-en-emoi.html#respond\"]}]},{\"@type\":\"WebPage\",\"@id\":\"https:\/\/www.justiceinfo.net\/fr\/28111-cameroun-le-nouveau-code-penal-met-le-pays-en-emoi.html\",\"url\":\"https:\/\/www.justiceinfo.net\/fr\/28111-cameroun-le-nouveau-code-penal-met-le-pays-en-emoi.html\",\"name\":\"Cameroun: le nouveau code p\u00e9nal met le pays en \u00e9moi - JusticeInfo.net\",\"isPartOf\":{\"@id\":\"https:\/\/www.justiceinfo.net\/fr#website\"},\"datePublished\":\"2016-07-01T11:00:20+00:00\",\"breadcrumb\":{\"@id\":\"https:\/\/www.justiceinfo.net\/fr\/28111-cameroun-le-nouveau-code-penal-met-le-pays-en-emoi.html#breadcrumb\"},\"inLanguage\":\"fr-FR\",\"potentialAction\":[{\"@type\":\"ReadAction\",\"target\":[\"https:\/\/www.justiceinfo.net\/fr\/28111-cameroun-le-nouveau-code-penal-met-le-pays-en-emoi.html\"]}]},{\"@type\":\"BreadcrumbList\",\"@id\":\"https:\/\/www.justiceinfo.net\/fr\/28111-cameroun-le-nouveau-code-penal-met-le-pays-en-emoi.html#breadcrumb\",\"itemListElement\":[{\"@type\":\"ListItem\",\"position\":1,\"name\":\"Home\",\"item\":\"https:\/\/www.justiceinfo.net\/fr\"},{\"@type\":\"ListItem\",\"position\":2,\"name\":\"Cameroun: le nouveau code p\u00e9nal met le pays en \u00e9moi\"}]},{\"@type\":\"WebSite\",\"@id\":\"https:\/\/www.justiceinfo.net\/fr#website\",\"url\":\"https:\/\/www.justiceinfo.net\/fr\",\"name\":\"JusticeInfo.net\",\"description\":\"La justice doit \u00eatre vue pour \u00eatre rendue\",\"publisher\":{\"@id\":\"https:\/\/www.justiceinfo.net\/fr#organization\"},\"potentialAction\":[{\"@type\":\"SearchAction\",\"target\":{\"@type\":\"EntryPoint\",\"urlTemplate\":\"https:\/\/www.justiceinfo.net\/fr?s={search_term_string}\"},\"query-input\":{\"@type\":\"PropertyValueSpecification\",\"valueRequired\":true,\"valueName\":\"search_term_string\"}}],\"inLanguage\":\"fr-FR\"},{\"@type\":\"Organization\",\"@id\":\"https:\/\/www.justiceinfo.net\/fr#organization\",\"name\":\"Justice Info\",\"url\":\"https:\/\/www.justiceinfo.net\/fr\",\"logo\":{\"@type\":\"ImageObject\",\"inLanguage\":\"fr-FR\",\"@id\":\"https:\/\/www.justiceinfo.net\/fr#\/schema\/logo\/image\/\",\"url\":\"https:\/\/www.justiceinfo.net\/wp-content\/uploads\/justiceinfo_logo-trans_1200x1200px.png\",\"contentUrl\":\"https:\/\/www.justiceinfo.net\/wp-content\/uploads\/justiceinfo_logo-trans_1200x1200px.png\",\"width\":1199,\"height\":1200,\"caption\":\"Justice Info\"},\"image\":{\"@id\":\"https:\/\/www.justiceinfo.net\/fr#\/schema\/logo\/image\/\"},\"sameAs\":[\"https:\/\/www.facebook.com\/JusticeInfo\/\",\"https:\/\/x.com\/justiceinfonet\",\"https:\/\/www.linkedin.com\/company\/justice-info\",\"https:\/\/www.youtube.com\/channel\/UCyCEsARodyuWtkWyhn-e7pA\"]},{\"@type\":\"Person\",\"name\":\"AFP\",\"url\":\"\/fr\/?s=AFP\"}]}<\/script>\n<!-- \/ Yoast SEO Premium plugin. -->","yoast_head_json":{"title":"Cameroun: le nouveau code p\u00e9nal met le pays en \u00e9moi - JusticeInfo.net","robots":{"index":"index","follow":"follow","max-snippet":"max-snippet:-1","max-image-preview":"max-image-preview:large","max-video-preview":"max-video-preview:-1"},"canonical":"https:\/\/www.justiceinfo.net\/fr\/28111-cameroun-le-nouveau-code-penal-met-le-pays-en-emoi.html","og_locale":"fr_FR","og_type":"article","og_title":"Cameroun: le nouveau code p\u00e9nal met le pays en \u00e9moi","og_description":"\u00a0 P\u00e9nalisation de l'adult\u00e8re dans un pays polygame, mendicit\u00e9 r\u00e9prim\u00e9e l\u00e0 o\u00f9 la pauvret\u00e9 frappe 37,5% de la population, prison pour loyers impay\u00e9s...: la r\u00e9forme du code p\u00e9nal provoque un vif d\u00e9bat de soci\u00e9t\u00e9 au Cameroun, avec parmi les enjeux les in\u00e9galit\u00e9s et les modes de vie. Plusieurs des 370 articles concernent la vie quotidienne [&hellip;]","og_url":"https:\/\/www.justiceinfo.net\/fr\/28111-cameroun-le-nouveau-code-penal-met-le-pays-en-emoi.html","og_site_name":"JusticeInfo.net","article_publisher":"https:\/\/www.facebook.com\/JusticeInfo\/","article_published_time":"2016-07-01T11:00:20+00:00","og_image":[{"width":1200,"height":630,"url":"https:\/\/www.justiceinfo.net\/wp-content\/uploads\/JusticeInfoNet_logo_1200x630px.jpg","type":"image\/jpeg"}],"author":"AFP","twitter_card":"summary_large_image","twitter_creator":"@justiceinfonet","twitter_site":"@justiceinfonet","twitter_misc":{"\u00c9crit par":"AFP","Dur\u00e9e de lecture estim\u00e9e":"4 minutes"},"schema":{"@context":"https:\/\/schema.org","@graph":[{"@type":"NewsArticle","@id":"https:\/\/www.justiceinfo.net\/fr\/28111-cameroun-le-nouveau-code-penal-met-le-pays-en-emoi.html#article","isPartOf":{"@id":"https:\/\/www.justiceinfo.net\/fr\/28111-cameroun-le-nouveau-code-penal-met-le-pays-en-emoi.html"},"author":{"name":"afp","@id":"https:\/\/www.justiceinfo.net\/fr#\/schema\/person\/713d340ef5f218fc36ce9b4244364a7f"},"headline":"Cameroun: le nouveau code p\u00e9nal met le pays en \u00e9moi","datePublished":"2016-07-01T11:00:20+00:00","mainEntityOfPage":{"@id":"https:\/\/www.justiceinfo.net\/fr\/28111-cameroun-le-nouveau-code-penal-met-le-pays-en-emoi.html"},"wordCount":756,"commentCount":0,"publisher":{"@id":"https:\/\/www.justiceinfo.net\/fr#organization"},"articleSection":["Fil d'info AFP"],"inLanguage":"fr-FR","potentialAction":[{"@type":"CommentAction","name":"Comment","target":["https:\/\/www.justiceinfo.net\/fr\/28111-cameroun-le-nouveau-code-penal-met-le-pays-en-emoi.html#respond"]}]},{"@type":"WebPage","@id":"https:\/\/www.justiceinfo.net\/fr\/28111-cameroun-le-nouveau-code-penal-met-le-pays-en-emoi.html","url":"https:\/\/www.justiceinfo.net\/fr\/28111-cameroun-le-nouveau-code-penal-met-le-pays-en-emoi.html","name":"Cameroun: le nouveau code p\u00e9nal met le pays en \u00e9moi - JusticeInfo.net","isPartOf":{"@id":"https:\/\/www.justiceinfo.net\/fr#website"},"datePublished":"2016-07-01T11:00:20+00:00","breadcrumb":{"@id":"https:\/\/www.justiceinfo.net\/fr\/28111-cameroun-le-nouveau-code-penal-met-le-pays-en-emoi.html#breadcrumb"},"inLanguage":"fr-FR","potentialAction":[{"@type":"ReadAction","target":["https:\/\/www.justiceinfo.net\/fr\/28111-cameroun-le-nouveau-code-penal-met-le-pays-en-emoi.html"]}]},{"@type":"BreadcrumbList","@id":"https:\/\/www.justiceinfo.net\/fr\/28111-cameroun-le-nouveau-code-penal-met-le-pays-en-emoi.html#breadcrumb","itemListElement":[{"@type":"ListItem","position":1,"name":"Home","item":"https:\/\/www.justiceinfo.net\/fr"},{"@type":"ListItem","position":2,"name":"Cameroun: le nouveau code p\u00e9nal met le pays en \u00e9moi"}]},{"@type":"WebSite","@id":"https:\/\/www.justiceinfo.net\/fr#website","url":"https:\/\/www.justiceinfo.net\/fr","name":"JusticeInfo.net","description":"La justice doit \u00eatre vue pour \u00eatre rendue","publisher":{"@id":"https:\/\/www.justiceinfo.net\/fr#organization"},"potentialAction":[{"@type":"SearchAction","target":{"@type":"EntryPoint","urlTemplate":"https:\/\/www.justiceinfo.net\/fr?s={search_term_string}"},"query-input":{"@type":"PropertyValueSpecification","valueRequired":true,"valueName":"search_term_string"}}],"inLanguage":"fr-FR"},{"@type":"Organization","@id":"https:\/\/www.justiceinfo.net\/fr#organization","name":"Justice Info","url":"https:\/\/www.justiceinfo.net\/fr","logo":{"@type":"ImageObject","inLanguage":"fr-FR","@id":"https:\/\/www.justiceinfo.net\/fr#\/schema\/logo\/image\/","url":"https:\/\/www.justiceinfo.net\/wp-content\/uploads\/justiceinfo_logo-trans_1200x1200px.png","contentUrl":"https:\/\/www.justiceinfo.net\/wp-content\/uploads\/justiceinfo_logo-trans_1200x1200px.png","width":1199,"height":1200,"caption":"Justice Info"},"image":{"@id":"https:\/\/www.justiceinfo.net\/fr#\/schema\/logo\/image\/"},"sameAs":["https:\/\/www.facebook.com\/JusticeInfo\/","https:\/\/x.com\/justiceinfonet","https:\/\/www.linkedin.com\/company\/justice-info","https:\/\/www.youtube.com\/channel\/UCyCEsARodyuWtkWyhn-e7pA"]},{"@type":"Person","name":"AFP","url":"\/fr\/?s=AFP"}]}},"_links":{"self":[{"href":"https:\/\/www.justiceinfo.net\/fr\/wp-json\/wp\/v2\/posts\/28111","targetHints":{"allow":["GET"]}}],"collection":[{"href":"https:\/\/www.justiceinfo.net\/fr\/wp-json\/wp\/v2\/posts"}],"about":[{"href":"https:\/\/www.justiceinfo.net\/fr\/wp-json\/wp\/v2\/types\/post"}],"author":[{"embeddable":true,"href":"https:\/\/www.justiceinfo.net\/fr\/wp-json\/wp\/v2\/users\/60"}],"replies":[{"embeddable":true,"href":"https:\/\/www.justiceinfo.net\/fr\/wp-json\/wp\/v2\/comments?post=28111"}],"version-history":[{"count":0,"href":"https:\/\/www.justiceinfo.net\/fr\/wp-json\/wp\/v2\/posts\/28111\/revisions"}],"wp:attachment":[{"href":"https:\/\/www.justiceinfo.net\/fr\/wp-json\/wp\/v2\/media?parent=28111"}],"wp:term":[{"taxonomy":"category","embeddable":true,"href":"https:\/\/www.justiceinfo.net\/fr\/wp-json\/wp\/v2\/categories?post=28111"},{"taxonomy":"post_tag","embeddable":true,"href":"https:\/\/www.justiceinfo.net\/fr\/wp-json\/wp\/v2\/tags?post=28111"},{"taxonomy":"ji_location","embeddable":true,"href":"https:\/\/www.justiceinfo.net\/fr\/wp-json\/wp\/v2\/ji_location?post=28111"}],"curies":[{"name":"wp","href":"https:\/\/api.w.org\/{rel}","templated":true}]}}