{"id":28295,"date":"2016-07-11T18:12:20","date_gmt":"2016-07-11T16:12:20","guid":{"rendered":"https:\/\/www.justiceinfo.net\/28295-algerie-2-ans-de-prison-pour-un-blogueur-accuse-d-offense-au-president.html"},"modified":"2016-07-11T18:12:20","modified_gmt":"2016-07-11T16:12:20","slug":"algerie-2-ans-de-prison-pour-un-blogueur-accuse-d-offense-au-president","status":"publish","type":"post","link":"https:\/\/www.justiceinfo.net\/fr\/28295-algerie-2-ans-de-prison-pour-un-blogueur-accuse-d-offense-au-president.html","title":{"rendered":"Alg\u00e9rie: 2 ans de prison pour un blogueur accus\u00e9 d'\"offense au pr\u00e9sident\""},"content":{"rendered":"<div id=\"textscroller\" class=\"textContent tinyscrollbar-y jq_resizeScroll jq_columns fontsize_0\">\n<p>Un blogueur et journaliste alg\u00e9rien r\u00e9sidant \u00e0 Londres a \u00e9t\u00e9 condamn\u00e9 lundi par le tribunal d'Alger \u00e0\u00a0deux ans de prison ferme pour \"offense au pr\u00e9sident de la R\u00e9publique\", a indiqu\u00e9 l'un de ses avocats \u00e0 l'AFP.<\/p>\n<p>\"Mohamed Tamalt a \u00e9t\u00e9 condamn\u00e9 \u00e0 deux ans de prison ferme et 200.000 dinars (1.632 euros) d'amende\", a d\u00e9clar\u00e9 Me. Amine Sidhoum en ajoutant qu'il allait faire appel.<\/p>\n<p>M. Tamalt, 42 ans, anime une page Facebook sur laquelle il a publi\u00e9\u00a0des contenus mettant en cause le pr\u00e9sident alg\u00e9rien Abdelaziz Bouteflika, des responsables du pays ou des membres de leur famille. Ces publications ont ensuite \u00e9t\u00e9 diffus\u00e9es sur le site internet qu'il dirige, h\u00e9berg\u00e9 \u00e0 Londres, selon la m\u00eame source.<\/p>\n<p>Il a \u00e9t\u00e9 arr\u00eat\u00e9 \u00e0 Alger le 27 juin et accus\u00e9 \"d'offense au pr\u00e9sident de la R\u00e9publique\" et \"outrage \u00e0 corps constitu\u00e9\", en vertu des articles 144 bis et 146 du code p\u00e9nal, a pr\u00e9cis\u00e9 l'avocat, soulignant que ces articles pr\u00e9voient des amendes mais pas de peines de prison.<\/p>\n<p>\"La juge a requalifi\u00e9 les faits et introduit l'article 144 qui pr\u00e9voit une peine de prison\", a ajout\u00e9 Me Sidhoum en affirmant que cet article du code p\u00e9nal n'inclut pas les personnes incrimin\u00e9es dans la page Facebook.<\/p>\n<p>Il n'y a pas eu de confirmation officielle concernant cette affaire.<\/p>\n<\/div>\n","protected":false},"excerpt":{"rendered":"<p>Un blogueur et journaliste alg\u00e9rien r\u00e9sidant \u00e0 Londres a \u00e9t\u00e9 condamn\u00e9 lundi par le tribunal d'Alger \u00e0\u00a0deux ans de prison ferme pour \"offense au pr\u00e9sident de la R\u00e9publique\", a indiqu\u00e9 l'un de ses avocats \u00e0 l'AFP. \"Mohamed Tamalt a \u00e9t\u00e9 condamn\u00e9 \u00e0 deux ans de prison ferme et 200.000 dinars (1.632 euros) d'amende\", a d\u00e9clar\u00e9 [&hellip;]<\/p>\n","protected":false},"author":60,"featured_media":0,"comment_status":"open","ping_status":"closed","sticky":false,"template":"","format":"standard","meta":{"_acf_changed":false,"footnotes":""},"categories":[2576],"tags":[],"ji_location":[2092],"class_list":["post-28295","post","type-post","status-publish","format-standard","hentry","category-fil-d-actualite","ji_location-algerie"],"acf":[],"yoast_head":"<!-- This site is optimized with the Yoast SEO Premium plugin v25.3.1 (Yoast SEO v25.3.1) - https:\/\/yoast.com\/wordpress\/plugins\/seo\/ -->\n<title>Alg\u00e9rie: 2 ans de prison pour un blogueur accus\u00e9 d&#039;&quot;offense au pr\u00e9sident&quot; - JusticeInfo.net<\/title>\n<meta name=\"robots\" content=\"index, follow, max-snippet:-1, max-image-preview:large, max-video-preview:-1\" \/>\n<link rel=\"canonical\" href=\"https:\/\/www.justiceinfo.net\/fr\/28295-algerie-2-ans-de-prison-pour-un-blogueur-accuse-d-offense-au-president.html\" \/>\n<meta property=\"og:locale\" content=\"fr_FR\" \/>\n<meta property=\"og:type\" content=\"article\" \/>\n<meta property=\"og:title\" content=\"Alg\u00e9rie: 2 ans de prison pour un blogueur accus\u00e9 d&#039;&quot;offense au pr\u00e9sident&quot;\" \/>\n<meta property=\"og:description\" content=\"Un blogueur et journaliste alg\u00e9rien r\u00e9sidant \u00e0 Londres a \u00e9t\u00e9 condamn\u00e9 lundi par le tribunal d&#039;Alger \u00e0\u00a0deux ans de prison ferme pour &quot;offense au pr\u00e9sident de la R\u00e9publique&quot;, a indiqu\u00e9 l&#039;un de ses avocats \u00e0 l&#039;AFP. &quot;Mohamed Tamalt a \u00e9t\u00e9 condamn\u00e9 \u00e0 deux ans de prison ferme et 200.000 dinars (1.632 euros) d&#039;amende&quot;, a d\u00e9clar\u00e9 [&hellip;]\" \/>\n<meta property=\"og:url\" content=\"https:\/\/www.justiceinfo.net\/fr\/28295-algerie-2-ans-de-prison-pour-un-blogueur-accuse-d-offense-au-president.html\" \/>\n<meta property=\"og:site_name\" content=\"JusticeInfo.net\" \/>\n<meta property=\"article:publisher\" content=\"https:\/\/www.facebook.com\/JusticeInfo\/\" \/>\n<meta property=\"article:published_time\" content=\"2016-07-11T16:12:20+00:00\" \/>\n<meta property=\"og:image\" content=\"https:\/\/www.justiceinfo.net\/wp-content\/uploads\/JusticeInfoNet_logo_1200x630px.jpg\" \/>\n\t<meta property=\"og:image:width\" content=\"1200\" \/>\n\t<meta property=\"og:image:height\" content=\"630\" \/>\n\t<meta property=\"og:image:type\" content=\"image\/jpeg\" \/>\n<meta name=\"author\" content=\"AFP\" \/>\n<meta name=\"twitter:card\" content=\"summary_large_image\" \/>\n<meta name=\"twitter:creator\" content=\"@justiceinfonet\" \/>\n<meta name=\"twitter:site\" content=\"@justiceinfonet\" \/>\n<meta name=\"twitter:label1\" content=\"\u00c9crit par\" \/>\n\t<meta name=\"twitter:data1\" content=\"AFP\" \/>\n\t<meta name=\"twitter:label2\" content=\"Dur\u00e9e de lecture estim\u00e9e\" \/>\n\t<meta name=\"twitter:data2\" content=\"1 minute\" \/>\n<script type=\"application\/ld+json\" class=\"yoast-schema-graph\">{\"@context\":\"https:\/\/schema.org\",\"@graph\":[{\"@type\":\"NewsArticle\",\"@id\":\"https:\/\/www.justiceinfo.net\/fr\/28295-algerie-2-ans-de-prison-pour-un-blogueur-accuse-d-offense-au-president.html#article\",\"isPartOf\":{\"@id\":\"https:\/\/www.justiceinfo.net\/fr\/28295-algerie-2-ans-de-prison-pour-un-blogueur-accuse-d-offense-au-president.html\"},\"author\":{\"name\":\"afp\",\"@id\":\"https:\/\/www.justiceinfo.net\/fr#\/schema\/person\/713d340ef5f218fc36ce9b4244364a7f\"},\"headline\":\"Alg\u00e9rie: 2 ans de prison pour un blogueur accus\u00e9 d'\\\"offense au pr\u00e9sident\\\"\",\"datePublished\":\"2016-07-11T16:12:20+00:00\",\"mainEntityOfPage\":{\"@id\":\"https:\/\/www.justiceinfo.net\/fr\/28295-algerie-2-ans-de-prison-pour-un-blogueur-accuse-d-offense-au-president.html\"},\"wordCount\":244,\"commentCount\":0,\"publisher\":{\"@id\":\"https:\/\/www.justiceinfo.net\/fr#organization\"},\"articleSection\":[\"Fil d'info AFP\"],\"inLanguage\":\"fr-FR\",\"potentialAction\":[{\"@type\":\"CommentAction\",\"name\":\"Comment\",\"target\":[\"https:\/\/www.justiceinfo.net\/fr\/28295-algerie-2-ans-de-prison-pour-un-blogueur-accuse-d-offense-au-president.html#respond\"]}]},{\"@type\":\"WebPage\",\"@id\":\"https:\/\/www.justiceinfo.net\/fr\/28295-algerie-2-ans-de-prison-pour-un-blogueur-accuse-d-offense-au-president.html\",\"url\":\"https:\/\/www.justiceinfo.net\/fr\/28295-algerie-2-ans-de-prison-pour-un-blogueur-accuse-d-offense-au-president.html\",\"name\":\"Alg\u00e9rie: 2 ans de prison pour un blogueur accus\u00e9 d'\\\"offense au pr\u00e9sident\\\" - JusticeInfo.net\",\"isPartOf\":{\"@id\":\"https:\/\/www.justiceinfo.net\/fr#website\"},\"datePublished\":\"2016-07-11T16:12:20+00:00\",\"breadcrumb\":{\"@id\":\"https:\/\/www.justiceinfo.net\/fr\/28295-algerie-2-ans-de-prison-pour-un-blogueur-accuse-d-offense-au-president.html#breadcrumb\"},\"inLanguage\":\"fr-FR\",\"potentialAction\":[{\"@type\":\"ReadAction\",\"target\":[\"https:\/\/www.justiceinfo.net\/fr\/28295-algerie-2-ans-de-prison-pour-un-blogueur-accuse-d-offense-au-president.html\"]}]},{\"@type\":\"BreadcrumbList\",\"@id\":\"https:\/\/www.justiceinfo.net\/fr\/28295-algerie-2-ans-de-prison-pour-un-blogueur-accuse-d-offense-au-president.html#breadcrumb\",\"itemListElement\":[{\"@type\":\"ListItem\",\"position\":1,\"name\":\"Home\",\"item\":\"https:\/\/www.justiceinfo.net\/fr\"},{\"@type\":\"ListItem\",\"position\":2,\"name\":\"Alg\u00e9rie: 2 ans de prison pour un blogueur accus\u00e9 d'\\\"offense au pr\u00e9sident\\\"\"}]},{\"@type\":\"WebSite\",\"@id\":\"https:\/\/www.justiceinfo.net\/fr#website\",\"url\":\"https:\/\/www.justiceinfo.net\/fr\",\"name\":\"JusticeInfo.net\",\"description\":\"La justice doit \u00eatre vue pour \u00eatre rendue\",\"publisher\":{\"@id\":\"https:\/\/www.justiceinfo.net\/fr#organization\"},\"potentialAction\":[{\"@type\":\"SearchAction\",\"target\":{\"@type\":\"EntryPoint\",\"urlTemplate\":\"https:\/\/www.justiceinfo.net\/fr?s={search_term_string}\"},\"query-input\":{\"@type\":\"PropertyValueSpecification\",\"valueRequired\":true,\"valueName\":\"search_term_string\"}}],\"inLanguage\":\"fr-FR\"},{\"@type\":\"Organization\",\"@id\":\"https:\/\/www.justiceinfo.net\/fr#organization\",\"name\":\"Justice Info\",\"url\":\"https:\/\/www.justiceinfo.net\/fr\",\"logo\":{\"@type\":\"ImageObject\",\"inLanguage\":\"fr-FR\",\"@id\":\"https:\/\/www.justiceinfo.net\/fr#\/schema\/logo\/image\/\",\"url\":\"https:\/\/www.justiceinfo.net\/wp-content\/uploads\/justiceinfo_logo-trans_1200x1200px.png\",\"contentUrl\":\"https:\/\/www.justiceinfo.net\/wp-content\/uploads\/justiceinfo_logo-trans_1200x1200px.png\",\"width\":1199,\"height\":1200,\"caption\":\"Justice Info\"},\"image\":{\"@id\":\"https:\/\/www.justiceinfo.net\/fr#\/schema\/logo\/image\/\"},\"sameAs\":[\"https:\/\/www.facebook.com\/JusticeInfo\/\",\"https:\/\/x.com\/justiceinfonet\",\"https:\/\/www.linkedin.com\/company\/justice-info\",\"https:\/\/www.youtube.com\/channel\/UCyCEsARodyuWtkWyhn-e7pA\"]},{\"@type\":\"Person\",\"name\":\"AFP\",\"url\":\"\/fr\/?s=AFP\"}]}<\/script>\n<!-- \/ Yoast SEO Premium plugin. -->","yoast_head_json":{"title":"Alg\u00e9rie: 2 ans de prison pour un blogueur accus\u00e9 d'\"offense au pr\u00e9sident\" - JusticeInfo.net","robots":{"index":"index","follow":"follow","max-snippet":"max-snippet:-1","max-image-preview":"max-image-preview:large","max-video-preview":"max-video-preview:-1"},"canonical":"https:\/\/www.justiceinfo.net\/fr\/28295-algerie-2-ans-de-prison-pour-un-blogueur-accuse-d-offense-au-president.html","og_locale":"fr_FR","og_type":"article","og_title":"Alg\u00e9rie: 2 ans de prison pour un blogueur accus\u00e9 d'\"offense au pr\u00e9sident\"","og_description":"Un blogueur et journaliste alg\u00e9rien r\u00e9sidant \u00e0 Londres a \u00e9t\u00e9 condamn\u00e9 lundi par le tribunal d'Alger \u00e0\u00a0deux ans de prison ferme pour \"offense au pr\u00e9sident de la R\u00e9publique\", a indiqu\u00e9 l'un de ses avocats \u00e0 l'AFP. \"Mohamed Tamalt a \u00e9t\u00e9 condamn\u00e9 \u00e0 deux ans de prison ferme et 200.000 dinars (1.632 euros) d'amende\", a d\u00e9clar\u00e9 [&hellip;]","og_url":"https:\/\/www.justiceinfo.net\/fr\/28295-algerie-2-ans-de-prison-pour-un-blogueur-accuse-d-offense-au-president.html","og_site_name":"JusticeInfo.net","article_publisher":"https:\/\/www.facebook.com\/JusticeInfo\/","article_published_time":"2016-07-11T16:12:20+00:00","og_image":[{"width":1200,"height":630,"url":"https:\/\/www.justiceinfo.net\/wp-content\/uploads\/JusticeInfoNet_logo_1200x630px.jpg","type":"image\/jpeg"}],"author":"AFP","twitter_card":"summary_large_image","twitter_creator":"@justiceinfonet","twitter_site":"@justiceinfonet","twitter_misc":{"\u00c9crit par":"AFP","Dur\u00e9e de lecture estim\u00e9e":"1 minute"},"schema":{"@context":"https:\/\/schema.org","@graph":[{"@type":"NewsArticle","@id":"https:\/\/www.justiceinfo.net\/fr\/28295-algerie-2-ans-de-prison-pour-un-blogueur-accuse-d-offense-au-president.html#article","isPartOf":{"@id":"https:\/\/www.justiceinfo.net\/fr\/28295-algerie-2-ans-de-prison-pour-un-blogueur-accuse-d-offense-au-president.html"},"author":{"name":"afp","@id":"https:\/\/www.justiceinfo.net\/fr#\/schema\/person\/713d340ef5f218fc36ce9b4244364a7f"},"headline":"Alg\u00e9rie: 2 ans de prison pour un blogueur accus\u00e9 d'\"offense au pr\u00e9sident\"","datePublished":"2016-07-11T16:12:20+00:00","mainEntityOfPage":{"@id":"https:\/\/www.justiceinfo.net\/fr\/28295-algerie-2-ans-de-prison-pour-un-blogueur-accuse-d-offense-au-president.html"},"wordCount":244,"commentCount":0,"publisher":{"@id":"https:\/\/www.justiceinfo.net\/fr#organization"},"articleSection":["Fil d'info AFP"],"inLanguage":"fr-FR","potentialAction":[{"@type":"CommentAction","name":"Comment","target":["https:\/\/www.justiceinfo.net\/fr\/28295-algerie-2-ans-de-prison-pour-un-blogueur-accuse-d-offense-au-president.html#respond"]}]},{"@type":"WebPage","@id":"https:\/\/www.justiceinfo.net\/fr\/28295-algerie-2-ans-de-prison-pour-un-blogueur-accuse-d-offense-au-president.html","url":"https:\/\/www.justiceinfo.net\/fr\/28295-algerie-2-ans-de-prison-pour-un-blogueur-accuse-d-offense-au-president.html","name":"Alg\u00e9rie: 2 ans de prison pour un blogueur accus\u00e9 d'\"offense au pr\u00e9sident\" - JusticeInfo.net","isPartOf":{"@id":"https:\/\/www.justiceinfo.net\/fr#website"},"datePublished":"2016-07-11T16:12:20+00:00","breadcrumb":{"@id":"https:\/\/www.justiceinfo.net\/fr\/28295-algerie-2-ans-de-prison-pour-un-blogueur-accuse-d-offense-au-president.html#breadcrumb"},"inLanguage":"fr-FR","potentialAction":[{"@type":"ReadAction","target":["https:\/\/www.justiceinfo.net\/fr\/28295-algerie-2-ans-de-prison-pour-un-blogueur-accuse-d-offense-au-president.html"]}]},{"@type":"BreadcrumbList","@id":"https:\/\/www.justiceinfo.net\/fr\/28295-algerie-2-ans-de-prison-pour-un-blogueur-accuse-d-offense-au-president.html#breadcrumb","itemListElement":[{"@type":"ListItem","position":1,"name":"Home","item":"https:\/\/www.justiceinfo.net\/fr"},{"@type":"ListItem","position":2,"name":"Alg\u00e9rie: 2 ans de prison pour un blogueur accus\u00e9 d'\"offense au pr\u00e9sident\""}]},{"@type":"WebSite","@id":"https:\/\/www.justiceinfo.net\/fr#website","url":"https:\/\/www.justiceinfo.net\/fr","name":"JusticeInfo.net","description":"La justice doit \u00eatre vue pour \u00eatre rendue","publisher":{"@id":"https:\/\/www.justiceinfo.net\/fr#organization"},"potentialAction":[{"@type":"SearchAction","target":{"@type":"EntryPoint","urlTemplate":"https:\/\/www.justiceinfo.net\/fr?s={search_term_string}"},"query-input":{"@type":"PropertyValueSpecification","valueRequired":true,"valueName":"search_term_string"}}],"inLanguage":"fr-FR"},{"@type":"Organization","@id":"https:\/\/www.justiceinfo.net\/fr#organization","name":"Justice Info","url":"https:\/\/www.justiceinfo.net\/fr","logo":{"@type":"ImageObject","inLanguage":"fr-FR","@id":"https:\/\/www.justiceinfo.net\/fr#\/schema\/logo\/image\/","url":"https:\/\/www.justiceinfo.net\/wp-content\/uploads\/justiceinfo_logo-trans_1200x1200px.png","contentUrl":"https:\/\/www.justiceinfo.net\/wp-content\/uploads\/justiceinfo_logo-trans_1200x1200px.png","width":1199,"height":1200,"caption":"Justice Info"},"image":{"@id":"https:\/\/www.justiceinfo.net\/fr#\/schema\/logo\/image\/"},"sameAs":["https:\/\/www.facebook.com\/JusticeInfo\/","https:\/\/x.com\/justiceinfonet","https:\/\/www.linkedin.com\/company\/justice-info","https:\/\/www.youtube.com\/channel\/UCyCEsARodyuWtkWyhn-e7pA"]},{"@type":"Person","name":"AFP","url":"\/fr\/?s=AFP"}]}},"_links":{"self":[{"href":"https:\/\/www.justiceinfo.net\/fr\/wp-json\/wp\/v2\/posts\/28295","targetHints":{"allow":["GET"]}}],"collection":[{"href":"https:\/\/www.justiceinfo.net\/fr\/wp-json\/wp\/v2\/posts"}],"about":[{"href":"https:\/\/www.justiceinfo.net\/fr\/wp-json\/wp\/v2\/types\/post"}],"author":[{"embeddable":true,"href":"https:\/\/www.justiceinfo.net\/fr\/wp-json\/wp\/v2\/users\/60"}],"replies":[{"embeddable":true,"href":"https:\/\/www.justiceinfo.net\/fr\/wp-json\/wp\/v2\/comments?post=28295"}],"version-history":[{"count":0,"href":"https:\/\/www.justiceinfo.net\/fr\/wp-json\/wp\/v2\/posts\/28295\/revisions"}],"wp:attachment":[{"href":"https:\/\/www.justiceinfo.net\/fr\/wp-json\/wp\/v2\/media?parent=28295"}],"wp:term":[{"taxonomy":"category","embeddable":true,"href":"https:\/\/www.justiceinfo.net\/fr\/wp-json\/wp\/v2\/categories?post=28295"},{"taxonomy":"post_tag","embeddable":true,"href":"https:\/\/www.justiceinfo.net\/fr\/wp-json\/wp\/v2\/tags?post=28295"},{"taxonomy":"ji_location","embeddable":true,"href":"https:\/\/www.justiceinfo.net\/fr\/wp-json\/wp\/v2\/ji_location?post=28295"}],"curies":[{"name":"wp","href":"https:\/\/api.w.org\/{rel}","templated":true}]}}