{"id":28346,"date":"2016-07-13T09:07:34","date_gmt":"2016-07-13T07:07:34","guid":{"rendered":"https:\/\/www.justiceinfo.net\/28346-rd-congo-la-cooperation-entre-l-armee-et-l-onu-est-de-nouveau-une-realite.html"},"modified":"2016-07-13T09:07:34","modified_gmt":"2016-07-13T07:07:34","slug":"rd-congo-la-cooperation-entre-l-armee-et-l-onu-est-de-nouveau-une-realite","status":"publish","type":"post","link":"https:\/\/www.justiceinfo.net\/fr\/28346-rd-congo-la-cooperation-entre-l-armee-et-l-onu-est-de-nouveau-une-realite.html","title":{"rendered":"RD Congo: la coop\u00e9ration entre l'arm\u00e9e et l'ONU est de nouveau une \"r\u00e9alit\u00e9\""},"content":{"rendered":"<div id=\"textscroller\" class=\"textContent tinyscrollbar-y jq_resizeScroll jq_columns fontsize_0\">\n<p>Le g\u00e9n\u00e9ral Jean Baillaud, de la Mission de l'ONU en R\u00e9publique d\u00e9mocratique du Congo (Monusco), appelle \u00e0 reconna\u00eetre les progr\u00e8s de l'arm\u00e9e congolaise apr\u00e8s un an d'une brouille entre l'ONU et Kinshasa qui semble en passe d'\u00eatre d\u00e9pass\u00e9e.<\/p>\n<p>Dans un entretien avec l'AFP, le chef adjoint de la Force militaire de la Monusco, assure que la coop\u00e9ration entre les Forces arm\u00e9es de la RDC (FARDC) et les Casques bleus est de nouveau \"une r\u00e9alit\u00e9\".<\/p>\n<p>\"Aujourd'hui dans le respect des principes que l'ONU nous impose pour apporter soutien \u00e0 toute force dans le monde, nous sommes vraiment s\u00fbrs qu'en appuyant les FARDC (Forces arm\u00e9es de la RDC, NDLR) nous engageons des bons processus\", affirme ce g\u00e9n\u00e9ral de division fran\u00e7ais \u00e0 quelques jours de son d\u00e9part apr\u00e8s trois ans en poste au Congo.<\/p>\n<p>D\u00e9but 2015, l'ONU avait refus\u00e9 son soutien \u00e0 l'offensive militaire qu'elle demandait de longue date \u00e0 Kinshasa contre les rebelles hutu rwandais des Forces d\u00e9mocratiques de lib\u00e9ration du Rwanda (FDLR) dont la pr\u00e9sence dans l'Est congolais complique les efforts de stabilisation de la r\u00e9gion des Grands Lacs.<\/p>\n<p>Les Nations unies avaient justifi\u00e9 ce refus par la nomination au Nord-Kivu de deux g\u00e9n\u00e9raux congolais qu'elles tenaient pour responsables de graves violations des droits de l'Homme.<\/p>\n<p>D\u00e9chir\u00e9 par la violence des conflits arm\u00e9s depuis plus de vingt ans, le Nord-Kivu est une des deux principales provinces concern\u00e9es par cette op\u00e9ration contre un groupe dont les fondateurs sont accus\u00e9s d'avoir particip\u00e9 au g\u00e9nocide des Tutsis au Rwanda (1994).<\/p>\n<p>L'ultimatum adress\u00e9 par l'ONU aux autorit\u00e9s congolaises pour qu'elles r\u00e9voquent les deux officiers a \u00e9t\u00e9 re\u00e7u par Kinshasa comme une ing\u00e9rence inadmissible. La RDC n'a pas c\u00e9d\u00e9 et a lanc\u00e9 seule son offensive contre les FDLR.<\/p>\n<p>Un an apr\u00e8s la temp\u00eate diplomatique, la Monusco, dot\u00e9e entretemps d'un nouveau chef, Maman Sidikou, a sign\u00e9 en janvier un accord avec le gouvernement congolais destin\u00e9 \u00e0 permettre la reprise de la coop\u00e9ration militaire.<\/p>\n<h2>- 'Aller au bout' -<\/h2>\n<p>\"Il ne s'agit pas de se substituer (aux FARDC sur le terrain), il n'y a m\u00eame pas besoin de se substituer puisqu'ils ont la volont\u00e9\" d'agir contre les groupes arm\u00e9s qui continuent de s\u00e9vir dans l'est du Congo, d\u00e9clare le g\u00e9n\u00e9ral Baillaud \u00e0 Sake (Nord-Kivu) \u00e0 l'occasion d'une visite aux forces sp\u00e9ciales guat\u00e9malt\u00e8ques de la Monusco.<\/p>\n<p>\"Le tout c'est d'apporter la compl\u00e9mentarit\u00e9 avec des moyens dont nous disposons, des moyens souvent assez co\u00fbteux, et de les employer au mieux pour les aider \u00e0 r\u00e9ussir\", ajoute le g\u00e9n\u00e9ral \u00e0 propos d'une arm\u00e9e \u00e0 la r\u00e9putation ternie par le pass\u00e9 par le manque de discipline et une tendance \u00e0 opprimer les populations qu'elle avait \u00e0 prot\u00e9ger.<\/p>\n<p>\"S'agissant du comportement de tout militaire par rapport aux populations civiles, c'est aussi un domaine sur lequel il faut reconna\u00eetre les progr\u00e8s qui ont \u00e9t\u00e9 faits\" par l'arm\u00e9e congolaise en d\u00e9pit des violations des droits de l'Homme que l'ONU continue d'imputer chaque mois \u00e0 certains de ses soldats, dit encore l'officier.<\/p>\n<p>Avant de participer \u00e0 une r\u00e9union avec l'\u00e9tat-major congolais de la troisi\u00e8me zone de d\u00e9fense (nord-est de la RDC), le g\u00e9n\u00e9ral Baillaud affirme : \"Nous avons connu effectivement des frictions mais (...) \u00e0 mon avis elles n'existent plus (...) maintenant le dialogue est ouvert et la coop\u00e9ration une r\u00e9alit\u00e9\".<\/p>\n<p>Plus grosse force de maintien de la paix au monde (avec plus de 18.600 hommes en uniformes fin mars), la mission onusienne au Congo a \u00e9t\u00e9 cr\u00e9\u00e9e en 1999, et doit co\u00fbter cette ann\u00e9e, 1,3 milliard de dollars \u00e0 la communaut\u00e9 internationale.<\/p>\n<p>Ces derni\u00e8res semaines, elle s'est engag\u00e9e aux c\u00f4t\u00e9s des FARDC sur plusieurs fronts au Nord-Kivu : contre les rebelles ougandais des Forces d\u00e9mocratiques alli\u00e9es (ADF), contre les FDLR, et contre divers groupes ma\u00ef-ma\u00ef (milices congolaises d'autod\u00e9fense souvent constitu\u00e9es sur une base ethnique).<\/p>\n<p>\"Notre travail, quand il est vraiment conjoint, fonctionne tr\u00e8s bien et permet de sauver beaucoup de vies\", estime le g\u00e9n\u00e9ral.<\/p>\n<p>\"Ces groupes ne sont pas en effectifs ou en capacit\u00e9s aussi extraordinaires que \u00e7a\", dit-il : \"On est vraiment, nous, dans un rapport de force qui normalement doit nous permettre, nous, d'aller au bout.\"<\/p>\n<\/div>\n","protected":false},"excerpt":{"rendered":"<p>Le g\u00e9n\u00e9ral Jean Baillaud, de la Mission de l'ONU en R\u00e9publique d\u00e9mocratique du Congo (Monusco), appelle \u00e0 reconna\u00eetre les progr\u00e8s de l'arm\u00e9e congolaise apr\u00e8s un an d'une brouille entre l'ONU et Kinshasa qui semble en passe d'\u00eatre d\u00e9pass\u00e9e. Dans un entretien avec l'AFP, le chef adjoint de la Force militaire de la Monusco, assure que [&hellip;]<\/p>\n","protected":false},"author":60,"featured_media":0,"comment_status":"open","ping_status":"closed","sticky":false,"template":"","format":"standard","meta":{"_acf_changed":false,"footnotes":""},"categories":[2576],"tags":[],"ji_location":[2196],"class_list":["post-28346","post","type-post","status-publish","format-standard","hentry","category-fil-d-actualite","ji_location-republique-democratique-du-congo"],"acf":[],"yoast_head":"<!-- This site is optimized with the Yoast SEO Premium plugin v25.3.1 (Yoast SEO v25.3.1) - https:\/\/yoast.com\/wordpress\/plugins\/seo\/ -->\n<title>RD Congo: la coop\u00e9ration entre l&#039;arm\u00e9e et l&#039;ONU est de nouveau une &quot;r\u00e9alit\u00e9&quot; - JusticeInfo.net<\/title>\n<meta name=\"robots\" content=\"index, follow, max-snippet:-1, max-image-preview:large, max-video-preview:-1\" \/>\n<link rel=\"canonical\" href=\"https:\/\/www.justiceinfo.net\/fr\/28346-rd-congo-la-cooperation-entre-l-armee-et-l-onu-est-de-nouveau-une-realite.html\" \/>\n<meta property=\"og:locale\" content=\"fr_FR\" \/>\n<meta property=\"og:type\" content=\"article\" \/>\n<meta property=\"og:title\" content=\"RD Congo: la coop\u00e9ration entre l&#039;arm\u00e9e et l&#039;ONU est de nouveau une &quot;r\u00e9alit\u00e9&quot;\" \/>\n<meta property=\"og:description\" content=\"Le g\u00e9n\u00e9ral Jean Baillaud, de la Mission de l&#039;ONU en R\u00e9publique d\u00e9mocratique du Congo (Monusco), appelle \u00e0 reconna\u00eetre les progr\u00e8s de l&#039;arm\u00e9e congolaise apr\u00e8s un an d&#039;une brouille entre l&#039;ONU et Kinshasa qui semble en passe d&#039;\u00eatre d\u00e9pass\u00e9e. Dans un entretien avec l&#039;AFP, le chef adjoint de la Force militaire de la Monusco, assure que [&hellip;]\" \/>\n<meta property=\"og:url\" content=\"https:\/\/www.justiceinfo.net\/fr\/28346-rd-congo-la-cooperation-entre-l-armee-et-l-onu-est-de-nouveau-une-realite.html\" \/>\n<meta property=\"og:site_name\" content=\"JusticeInfo.net\" \/>\n<meta property=\"article:publisher\" content=\"https:\/\/www.facebook.com\/JusticeInfo\/\" \/>\n<meta property=\"article:published_time\" content=\"2016-07-13T07:07:34+00:00\" \/>\n<meta property=\"og:image\" content=\"https:\/\/www.justiceinfo.net\/wp-content\/uploads\/JusticeInfoNet_logo_1200x630px.jpg\" \/>\n\t<meta property=\"og:image:width\" content=\"1200\" \/>\n\t<meta property=\"og:image:height\" content=\"630\" \/>\n\t<meta property=\"og:image:type\" content=\"image\/jpeg\" \/>\n<meta name=\"author\" content=\"AFP\" \/>\n<meta name=\"twitter:card\" content=\"summary_large_image\" \/>\n<meta name=\"twitter:creator\" content=\"@justiceinfonet\" \/>\n<meta name=\"twitter:site\" content=\"@justiceinfonet\" \/>\n<meta name=\"twitter:label1\" content=\"\u00c9crit par\" \/>\n\t<meta name=\"twitter:data1\" content=\"AFP\" \/>\n\t<meta name=\"twitter:label2\" content=\"Dur\u00e9e de lecture estim\u00e9e\" \/>\n\t<meta name=\"twitter:data2\" content=\"4 minutes\" \/>\n<script type=\"application\/ld+json\" class=\"yoast-schema-graph\">{\"@context\":\"https:\/\/schema.org\",\"@graph\":[{\"@type\":\"NewsArticle\",\"@id\":\"https:\/\/www.justiceinfo.net\/fr\/28346-rd-congo-la-cooperation-entre-l-armee-et-l-onu-est-de-nouveau-une-realite.html#article\",\"isPartOf\":{\"@id\":\"https:\/\/www.justiceinfo.net\/fr\/28346-rd-congo-la-cooperation-entre-l-armee-et-l-onu-est-de-nouveau-une-realite.html\"},\"author\":{\"name\":\"afp\",\"@id\":\"https:\/\/www.justiceinfo.net\/fr#\/schema\/person\/713d340ef5f218fc36ce9b4244364a7f\"},\"headline\":\"RD Congo: la coop\u00e9ration entre l'arm\u00e9e et l'ONU est de nouveau une \\\"r\u00e9alit\u00e9\\\"\",\"datePublished\":\"2016-07-13T07:07:34+00:00\",\"mainEntityOfPage\":{\"@id\":\"https:\/\/www.justiceinfo.net\/fr\/28346-rd-congo-la-cooperation-entre-l-armee-et-l-onu-est-de-nouveau-une-realite.html\"},\"wordCount\":794,\"commentCount\":0,\"publisher\":{\"@id\":\"https:\/\/www.justiceinfo.net\/fr#organization\"},\"articleSection\":[\"Fil d'info AFP\"],\"inLanguage\":\"fr-FR\",\"potentialAction\":[{\"@type\":\"CommentAction\",\"name\":\"Comment\",\"target\":[\"https:\/\/www.justiceinfo.net\/fr\/28346-rd-congo-la-cooperation-entre-l-armee-et-l-onu-est-de-nouveau-une-realite.html#respond\"]}]},{\"@type\":\"WebPage\",\"@id\":\"https:\/\/www.justiceinfo.net\/fr\/28346-rd-congo-la-cooperation-entre-l-armee-et-l-onu-est-de-nouveau-une-realite.html\",\"url\":\"https:\/\/www.justiceinfo.net\/fr\/28346-rd-congo-la-cooperation-entre-l-armee-et-l-onu-est-de-nouveau-une-realite.html\",\"name\":\"RD Congo: la coop\u00e9ration entre l'arm\u00e9e et l'ONU est de nouveau une \\\"r\u00e9alit\u00e9\\\" - JusticeInfo.net\",\"isPartOf\":{\"@id\":\"https:\/\/www.justiceinfo.net\/fr#website\"},\"datePublished\":\"2016-07-13T07:07:34+00:00\",\"breadcrumb\":{\"@id\":\"https:\/\/www.justiceinfo.net\/fr\/28346-rd-congo-la-cooperation-entre-l-armee-et-l-onu-est-de-nouveau-une-realite.html#breadcrumb\"},\"inLanguage\":\"fr-FR\",\"potentialAction\":[{\"@type\":\"ReadAction\",\"target\":[\"https:\/\/www.justiceinfo.net\/fr\/28346-rd-congo-la-cooperation-entre-l-armee-et-l-onu-est-de-nouveau-une-realite.html\"]}]},{\"@type\":\"BreadcrumbList\",\"@id\":\"https:\/\/www.justiceinfo.net\/fr\/28346-rd-congo-la-cooperation-entre-l-armee-et-l-onu-est-de-nouveau-une-realite.html#breadcrumb\",\"itemListElement\":[{\"@type\":\"ListItem\",\"position\":1,\"name\":\"Home\",\"item\":\"https:\/\/www.justiceinfo.net\/fr\"},{\"@type\":\"ListItem\",\"position\":2,\"name\":\"RD Congo: la coop\u00e9ration entre l'arm\u00e9e et l'ONU est de nouveau une \\\"r\u00e9alit\u00e9\\\"\"}]},{\"@type\":\"WebSite\",\"@id\":\"https:\/\/www.justiceinfo.net\/fr#website\",\"url\":\"https:\/\/www.justiceinfo.net\/fr\",\"name\":\"JusticeInfo.net\",\"description\":\"La justice doit \u00eatre vue pour \u00eatre rendue\",\"publisher\":{\"@id\":\"https:\/\/www.justiceinfo.net\/fr#organization\"},\"potentialAction\":[{\"@type\":\"SearchAction\",\"target\":{\"@type\":\"EntryPoint\",\"urlTemplate\":\"https:\/\/www.justiceinfo.net\/fr?s={search_term_string}\"},\"query-input\":{\"@type\":\"PropertyValueSpecification\",\"valueRequired\":true,\"valueName\":\"search_term_string\"}}],\"inLanguage\":\"fr-FR\"},{\"@type\":\"Organization\",\"@id\":\"https:\/\/www.justiceinfo.net\/fr#organization\",\"name\":\"Justice Info\",\"url\":\"https:\/\/www.justiceinfo.net\/fr\",\"logo\":{\"@type\":\"ImageObject\",\"inLanguage\":\"fr-FR\",\"@id\":\"https:\/\/www.justiceinfo.net\/fr#\/schema\/logo\/image\/\",\"url\":\"https:\/\/www.justiceinfo.net\/wp-content\/uploads\/justiceinfo_logo-trans_1200x1200px.png\",\"contentUrl\":\"https:\/\/www.justiceinfo.net\/wp-content\/uploads\/justiceinfo_logo-trans_1200x1200px.png\",\"width\":1199,\"height\":1200,\"caption\":\"Justice Info\"},\"image\":{\"@id\":\"https:\/\/www.justiceinfo.net\/fr#\/schema\/logo\/image\/\"},\"sameAs\":[\"https:\/\/www.facebook.com\/JusticeInfo\/\",\"https:\/\/x.com\/justiceinfonet\",\"https:\/\/www.linkedin.com\/company\/justice-info\",\"https:\/\/www.youtube.com\/channel\/UCyCEsARodyuWtkWyhn-e7pA\"]},{\"@type\":\"Person\",\"name\":\"AFP\",\"url\":\"\/fr\/?s=AFP\"}]}<\/script>\n<!-- \/ Yoast SEO Premium plugin. -->","yoast_head_json":{"title":"RD Congo: la coop\u00e9ration entre l'arm\u00e9e et l'ONU est de nouveau une \"r\u00e9alit\u00e9\" - JusticeInfo.net","robots":{"index":"index","follow":"follow","max-snippet":"max-snippet:-1","max-image-preview":"max-image-preview:large","max-video-preview":"max-video-preview:-1"},"canonical":"https:\/\/www.justiceinfo.net\/fr\/28346-rd-congo-la-cooperation-entre-l-armee-et-l-onu-est-de-nouveau-une-realite.html","og_locale":"fr_FR","og_type":"article","og_title":"RD Congo: la coop\u00e9ration entre l'arm\u00e9e et l'ONU est de nouveau une \"r\u00e9alit\u00e9\"","og_description":"Le g\u00e9n\u00e9ral Jean Baillaud, de la Mission de l'ONU en R\u00e9publique d\u00e9mocratique du Congo (Monusco), appelle \u00e0 reconna\u00eetre les progr\u00e8s de l'arm\u00e9e congolaise apr\u00e8s un an d'une brouille entre l'ONU et Kinshasa qui semble en passe d'\u00eatre d\u00e9pass\u00e9e. Dans un entretien avec l'AFP, le chef adjoint de la Force militaire de la Monusco, assure que [&hellip;]","og_url":"https:\/\/www.justiceinfo.net\/fr\/28346-rd-congo-la-cooperation-entre-l-armee-et-l-onu-est-de-nouveau-une-realite.html","og_site_name":"JusticeInfo.net","article_publisher":"https:\/\/www.facebook.com\/JusticeInfo\/","article_published_time":"2016-07-13T07:07:34+00:00","og_image":[{"width":1200,"height":630,"url":"https:\/\/www.justiceinfo.net\/wp-content\/uploads\/JusticeInfoNet_logo_1200x630px.jpg","type":"image\/jpeg"}],"author":"AFP","twitter_card":"summary_large_image","twitter_creator":"@justiceinfonet","twitter_site":"@justiceinfonet","twitter_misc":{"\u00c9crit par":"AFP","Dur\u00e9e de lecture estim\u00e9e":"4 minutes"},"schema":{"@context":"https:\/\/schema.org","@graph":[{"@type":"NewsArticle","@id":"https:\/\/www.justiceinfo.net\/fr\/28346-rd-congo-la-cooperation-entre-l-armee-et-l-onu-est-de-nouveau-une-realite.html#article","isPartOf":{"@id":"https:\/\/www.justiceinfo.net\/fr\/28346-rd-congo-la-cooperation-entre-l-armee-et-l-onu-est-de-nouveau-une-realite.html"},"author":{"name":"afp","@id":"https:\/\/www.justiceinfo.net\/fr#\/schema\/person\/713d340ef5f218fc36ce9b4244364a7f"},"headline":"RD Congo: la coop\u00e9ration entre l'arm\u00e9e et l'ONU est de nouveau une \"r\u00e9alit\u00e9\"","datePublished":"2016-07-13T07:07:34+00:00","mainEntityOfPage":{"@id":"https:\/\/www.justiceinfo.net\/fr\/28346-rd-congo-la-cooperation-entre-l-armee-et-l-onu-est-de-nouveau-une-realite.html"},"wordCount":794,"commentCount":0,"publisher":{"@id":"https:\/\/www.justiceinfo.net\/fr#organization"},"articleSection":["Fil d'info AFP"],"inLanguage":"fr-FR","potentialAction":[{"@type":"CommentAction","name":"Comment","target":["https:\/\/www.justiceinfo.net\/fr\/28346-rd-congo-la-cooperation-entre-l-armee-et-l-onu-est-de-nouveau-une-realite.html#respond"]}]},{"@type":"WebPage","@id":"https:\/\/www.justiceinfo.net\/fr\/28346-rd-congo-la-cooperation-entre-l-armee-et-l-onu-est-de-nouveau-une-realite.html","url":"https:\/\/www.justiceinfo.net\/fr\/28346-rd-congo-la-cooperation-entre-l-armee-et-l-onu-est-de-nouveau-une-realite.html","name":"RD Congo: la coop\u00e9ration entre l'arm\u00e9e et l'ONU est de nouveau une \"r\u00e9alit\u00e9\" - JusticeInfo.net","isPartOf":{"@id":"https:\/\/www.justiceinfo.net\/fr#website"},"datePublished":"2016-07-13T07:07:34+00:00","breadcrumb":{"@id":"https:\/\/www.justiceinfo.net\/fr\/28346-rd-congo-la-cooperation-entre-l-armee-et-l-onu-est-de-nouveau-une-realite.html#breadcrumb"},"inLanguage":"fr-FR","potentialAction":[{"@type":"ReadAction","target":["https:\/\/www.justiceinfo.net\/fr\/28346-rd-congo-la-cooperation-entre-l-armee-et-l-onu-est-de-nouveau-une-realite.html"]}]},{"@type":"BreadcrumbList","@id":"https:\/\/www.justiceinfo.net\/fr\/28346-rd-congo-la-cooperation-entre-l-armee-et-l-onu-est-de-nouveau-une-realite.html#breadcrumb","itemListElement":[{"@type":"ListItem","position":1,"name":"Home","item":"https:\/\/www.justiceinfo.net\/fr"},{"@type":"ListItem","position":2,"name":"RD Congo: la coop\u00e9ration entre l'arm\u00e9e et l'ONU est de nouveau une \"r\u00e9alit\u00e9\""}]},{"@type":"WebSite","@id":"https:\/\/www.justiceinfo.net\/fr#website","url":"https:\/\/www.justiceinfo.net\/fr","name":"JusticeInfo.net","description":"La justice doit \u00eatre vue pour \u00eatre rendue","publisher":{"@id":"https:\/\/www.justiceinfo.net\/fr#organization"},"potentialAction":[{"@type":"SearchAction","target":{"@type":"EntryPoint","urlTemplate":"https:\/\/www.justiceinfo.net\/fr?s={search_term_string}"},"query-input":{"@type":"PropertyValueSpecification","valueRequired":true,"valueName":"search_term_string"}}],"inLanguage":"fr-FR"},{"@type":"Organization","@id":"https:\/\/www.justiceinfo.net\/fr#organization","name":"Justice Info","url":"https:\/\/www.justiceinfo.net\/fr","logo":{"@type":"ImageObject","inLanguage":"fr-FR","@id":"https:\/\/www.justiceinfo.net\/fr#\/schema\/logo\/image\/","url":"https:\/\/www.justiceinfo.net\/wp-content\/uploads\/justiceinfo_logo-trans_1200x1200px.png","contentUrl":"https:\/\/www.justiceinfo.net\/wp-content\/uploads\/justiceinfo_logo-trans_1200x1200px.png","width":1199,"height":1200,"caption":"Justice Info"},"image":{"@id":"https:\/\/www.justiceinfo.net\/fr#\/schema\/logo\/image\/"},"sameAs":["https:\/\/www.facebook.com\/JusticeInfo\/","https:\/\/x.com\/justiceinfonet","https:\/\/www.linkedin.com\/company\/justice-info","https:\/\/www.youtube.com\/channel\/UCyCEsARodyuWtkWyhn-e7pA"]},{"@type":"Person","name":"AFP","url":"\/fr\/?s=AFP"}]}},"_links":{"self":[{"href":"https:\/\/www.justiceinfo.net\/fr\/wp-json\/wp\/v2\/posts\/28346","targetHints":{"allow":["GET"]}}],"collection":[{"href":"https:\/\/www.justiceinfo.net\/fr\/wp-json\/wp\/v2\/posts"}],"about":[{"href":"https:\/\/www.justiceinfo.net\/fr\/wp-json\/wp\/v2\/types\/post"}],"author":[{"embeddable":true,"href":"https:\/\/www.justiceinfo.net\/fr\/wp-json\/wp\/v2\/users\/60"}],"replies":[{"embeddable":true,"href":"https:\/\/www.justiceinfo.net\/fr\/wp-json\/wp\/v2\/comments?post=28346"}],"version-history":[{"count":0,"href":"https:\/\/www.justiceinfo.net\/fr\/wp-json\/wp\/v2\/posts\/28346\/revisions"}],"wp:attachment":[{"href":"https:\/\/www.justiceinfo.net\/fr\/wp-json\/wp\/v2\/media?parent=28346"}],"wp:term":[{"taxonomy":"category","embeddable":true,"href":"https:\/\/www.justiceinfo.net\/fr\/wp-json\/wp\/v2\/categories?post=28346"},{"taxonomy":"post_tag","embeddable":true,"href":"https:\/\/www.justiceinfo.net\/fr\/wp-json\/wp\/v2\/tags?post=28346"},{"taxonomy":"ji_location","embeddable":true,"href":"https:\/\/www.justiceinfo.net\/fr\/wp-json\/wp\/v2\/ji_location?post=28346"}],"curies":[{"name":"wp","href":"https:\/\/api.w.org\/{rel}","templated":true}]}}