{"id":28607,"date":"2016-07-26T08:59:25","date_gmt":"2016-07-26T06:59:25","guid":{"rendered":"https:\/\/www.justiceinfo.net\/28607-burundi-inquietude-apres-la-disparition-du-journaliste-jean-bigirimana.html"},"modified":"2016-07-26T08:59:25","modified_gmt":"2016-07-26T06:59:25","slug":"burundi-inquietude-apres-la-disparition-du-journaliste-jean-bigirimana","status":"publish","type":"post","link":"https:\/\/www.justiceinfo.net\/fr\/28607-burundi-inquietude-apres-la-disparition-du-journaliste-jean-bigirimana.html","title":{"rendered":"Burundi : inqui\u00e9tude apr\u00e8s la disparition du journaliste Jean Bigirimana"},"content":{"rendered":"<p><em><strong>Au 5\u00e8me jour de la disparition inexpliqu\u00e9e du journaliste Jean Bigirimana, depuis Bruxelles, le directeur du Groupe de Presse, Antoine Kaburahe, lance un appel aux autorit\u00e9s burundaises.<\/strong><\/em><\/p>\n<div id=\"attachment_73412\" class=\"wp-caption alignleft\" style=\"width: 355px;\"><a href=\"http:\/\/www.iwacu-burundi.org\/wp-content\/uploads\/2016\/07\/Jean.jpg\"><img loading=\"lazy\" decoding=\"async\" class=\" wp-image-73412\" src=\"http:\/\/www.iwacu-burundi.org\/wp-content\/uploads\/2016\/07\/Jean.jpg\" srcset=\"http:\/\/www.iwacu-burundi.org\/wp-content\/uploads\/2016\/07\/Jean.jpg 672w, http:\/\/www.iwacu-burundi.org\/wp-content\/uploads\/2016\/07\/Jean-98x150.jpg 98w, http:\/\/www.iwacu-burundi.org\/wp-content\/uploads\/2016\/07\/Jean-197x300.jpg 197w, http:\/\/www.iwacu-burundi.org\/wp-content\/uploads\/2016\/07\/Jean-600x914.jpg 600w\" alt=\"Jean Bigirimana \" width=\"345\" height=\"525\" \/><\/a><\/p>\n<p class=\"wp-caption-text\">Jean Bigirimana<\/p>\n<\/div>\n<p>Depuis vendredi apr\u00e8s-midi, nous n\u2019avons aucune trace de notre coll\u00e8gue Jean Bigirimana. Alors que durant le week-end les rumeurs les plus inqui\u00e9tantes circulaient (enl\u00e8vement et assassinat, etc.), malgr\u00e9 notre inqui\u00e9tude, Iwacu a opt\u00e9 pour le respect des proc\u00e9dures et s\u2019est gard\u00e9 de toute accusation ou commentaire n\u00e9gatifs envers les autorit\u00e9s.<\/p>\n<p>Ainsi, nous avons saisi officiellement le Conseil National de la Communication qui a \u00e9galement en charge la protection des journalistes.<\/p>\n<p>Au cinqui\u00e8me jour de la disparition de notre confr\u00e8re, nous lan\u00e7ons un appel pressant au gouvernement de tout faire pour que Jean Bigirimana recouvre sa libert\u00e9.<\/p>\n<p>Bien entendu, nous ne sommes pas en train de dire que le journaliste ne doit pas faire face \u00e0 la Justice. Jean est un citoyen burundais avant d\u2019\u00eatre journaliste. Mais nous demandons que l\u2019arrestation respecte les r\u00e8gles du droit, qu\u2019un mandat d\u2019arr\u00eat lui soit signifi\u00e9 et qu\u2019il comparaisse.<\/p>\n<p>Ce que nous demandons rel\u00e8ve du droit, mais aussi de l\u2019humanit\u00e9. Jean Bigirimana n\u2019est pas un criminel. Au ch\u00f4mage depuis quelques mois, cet ancien journaliste de la Radio Rema venait d\u2019\u00eatre recrut\u00e9 par Iwacu. Licenci\u00e9 en droit, gar\u00e7on discret, travailleur Jean est un p\u00e8re de famille.<\/p>\n<p>Que ceux qui le d\u00e9tiennent, surement eux aussi \u00e9poux et p\u00e8res, pensent \u00e0 ses deux petits gar\u00e7ons, Don Douglas (8 ans), John Kiny (3 ans) et sa jeune \u00e9pouse, Godeberthe (28 ans).Cette famille vit dans l\u2019angoisse depuis 5 jours.<\/p>\n<p>Au nom de tout le Groupe de Presse Iwacu, au nom de sa famille, nous demandons que la vie de Jean Bigirimana soit pr\u00e9serv\u00e9e et qu\u2019il puisse recouvrer sa libert\u00e9.<\/p>\n<p><strong>\u00a0<\/strong><\/p>\n","protected":false},"excerpt":{"rendered":"<p>Au 5\u00e8me jour de la disparition inexpliqu\u00e9e du journaliste Jean Bigirimana, depuis Bruxelles, le directeur du Groupe de Presse, Antoine Kaburahe, lance un appel aux autorit\u00e9s burundaises. Jean Bigirimana Depuis vendredi apr\u00e8s-midi, nous n\u2019avons aucune trace de notre coll\u00e8gue Jean Bigirimana. Alors que durant le week-end les rumeurs les plus inqui\u00e9tantes circulaient (enl\u00e8vement et assassinat, [&hellip;]<\/p>\n","protected":false},"author":64,"featured_media":0,"comment_status":"open","ping_status":"closed","sticky":false,"template":"","format":"standard","meta":{"_acf_changed":false,"footnotes":""},"categories":[575],"tags":[],"ji_location":[2152],"class_list":["post-28607","post","type-post","status-publish","format-standard","hentry","category-opinions","ji_location-burundi"],"acf":[],"yoast_head":"<!-- This site is optimized with the Yoast SEO Premium plugin v25.3.1 (Yoast SEO v25.3.1) - https:\/\/yoast.com\/wordpress\/plugins\/seo\/ -->\n<title>Burundi : inqui\u00e9tude apr\u00e8s la disparition du journaliste Jean Bigirimana - JusticeInfo.net<\/title>\n<meta name=\"robots\" content=\"index, follow, max-snippet:-1, max-image-preview:large, max-video-preview:-1\" \/>\n<link rel=\"canonical\" href=\"https:\/\/www.justiceinfo.net\/fr\/28607-burundi-inquietude-apres-la-disparition-du-journaliste-jean-bigirimana.html\" \/>\n<meta property=\"og:locale\" content=\"fr_FR\" \/>\n<meta property=\"og:type\" content=\"article\" \/>\n<meta property=\"og:title\" content=\"Burundi : inqui\u00e9tude apr\u00e8s la disparition du journaliste Jean Bigirimana\" \/>\n<meta property=\"og:description\" content=\"Au 5\u00e8me jour de la disparition inexpliqu\u00e9e du journaliste Jean Bigirimana, depuis Bruxelles, le directeur du Groupe de Presse, Antoine Kaburahe, lance un appel aux autorit\u00e9s burundaises. Jean Bigirimana Depuis vendredi apr\u00e8s-midi, nous n\u2019avons aucune trace de notre coll\u00e8gue Jean Bigirimana. Alors que durant le week-end les rumeurs les plus inqui\u00e9tantes circulaient (enl\u00e8vement et assassinat, [&hellip;]\" \/>\n<meta property=\"og:url\" content=\"https:\/\/www.justiceinfo.net\/fr\/28607-burundi-inquietude-apres-la-disparition-du-journaliste-jean-bigirimana.html\" \/>\n<meta property=\"og:site_name\" content=\"JusticeInfo.net\" \/>\n<meta property=\"article:publisher\" content=\"https:\/\/www.facebook.com\/JusticeInfo\/\" \/>\n<meta property=\"article:published_time\" content=\"2016-07-26T06:59:25+00:00\" \/>\n<meta property=\"og:image\" content=\"http:\/\/www.iwacu-burundi.org\/wp-content\/uploads\/2016\/07\/Jean.jpg\" \/>\n<meta name=\"author\" content=\"Antoine Kaburahe\" \/>\n<meta name=\"twitter:card\" content=\"summary_large_image\" \/>\n<meta name=\"twitter:creator\" content=\"@justiceinfonet\" \/>\n<meta name=\"twitter:site\" content=\"@justiceinfonet\" \/>\n<meta name=\"twitter:label1\" content=\"\u00c9crit par\" \/>\n\t<meta name=\"twitter:data1\" content=\"Antoine Kaburahe\" \/>\n\t<meta name=\"twitter:label2\" content=\"Dur\u00e9e de lecture estim\u00e9e\" \/>\n\t<meta name=\"twitter:data2\" content=\"2 minutes\" \/>\n<script type=\"application\/ld+json\" class=\"yoast-schema-graph\">{\"@context\":\"https:\/\/schema.org\",\"@graph\":[{\"@type\":\"NewsArticle\",\"@id\":\"https:\/\/www.justiceinfo.net\/fr\/28607-burundi-inquietude-apres-la-disparition-du-journaliste-jean-bigirimana.html#article\",\"isPartOf\":{\"@id\":\"https:\/\/www.justiceinfo.net\/fr\/28607-burundi-inquietude-apres-la-disparition-du-journaliste-jean-bigirimana.html\"},\"author\":{\"name\":\"solivri\",\"@id\":\"https:\/\/www.justiceinfo.net\/fr#\/schema\/person\/6e53cba1629e2e66f3fc1821d3091865\"},\"headline\":\"Burundi : inqui\u00e9tude apr\u00e8s la disparition du journaliste Jean Bigirimana\",\"datePublished\":\"2016-07-26T06:59:25+00:00\",\"mainEntityOfPage\":{\"@id\":\"https:\/\/www.justiceinfo.net\/fr\/28607-burundi-inquietude-apres-la-disparition-du-journaliste-jean-bigirimana.html\"},\"wordCount\":330,\"commentCount\":0,\"publisher\":{\"@id\":\"https:\/\/www.justiceinfo.net\/fr#organization\"},\"image\":{\"@id\":\"https:\/\/www.justiceinfo.net\/fr\/28607-burundi-inquietude-apres-la-disparition-du-journaliste-jean-bigirimana.html#primaryimage\"},\"thumbnailUrl\":\"http:\/\/www.iwacu-burundi.org\/wp-content\/uploads\/2016\/07\/Jean.jpg\",\"articleSection\":[\"Opinions\"],\"inLanguage\":\"fr-FR\",\"potentialAction\":[{\"@type\":\"CommentAction\",\"name\":\"Comment\",\"target\":[\"https:\/\/www.justiceinfo.net\/fr\/28607-burundi-inquietude-apres-la-disparition-du-journaliste-jean-bigirimana.html#respond\"]}]},{\"@type\":\"WebPage\",\"@id\":\"https:\/\/www.justiceinfo.net\/fr\/28607-burundi-inquietude-apres-la-disparition-du-journaliste-jean-bigirimana.html\",\"url\":\"https:\/\/www.justiceinfo.net\/fr\/28607-burundi-inquietude-apres-la-disparition-du-journaliste-jean-bigirimana.html\",\"name\":\"Burundi : inqui\u00e9tude apr\u00e8s la disparition du journaliste Jean Bigirimana - JusticeInfo.net\",\"isPartOf\":{\"@id\":\"https:\/\/www.justiceinfo.net\/fr#website\"},\"primaryImageOfPage\":{\"@id\":\"https:\/\/www.justiceinfo.net\/fr\/28607-burundi-inquietude-apres-la-disparition-du-journaliste-jean-bigirimana.html#primaryimage\"},\"image\":{\"@id\":\"https:\/\/www.justiceinfo.net\/fr\/28607-burundi-inquietude-apres-la-disparition-du-journaliste-jean-bigirimana.html#primaryimage\"},\"thumbnailUrl\":\"http:\/\/www.iwacu-burundi.org\/wp-content\/uploads\/2016\/07\/Jean.jpg\",\"datePublished\":\"2016-07-26T06:59:25+00:00\",\"breadcrumb\":{\"@id\":\"https:\/\/www.justiceinfo.net\/fr\/28607-burundi-inquietude-apres-la-disparition-du-journaliste-jean-bigirimana.html#breadcrumb\"},\"inLanguage\":\"fr-FR\",\"potentialAction\":[{\"@type\":\"ReadAction\",\"target\":[\"https:\/\/www.justiceinfo.net\/fr\/28607-burundi-inquietude-apres-la-disparition-du-journaliste-jean-bigirimana.html\"]}]},{\"@type\":\"ImageObject\",\"inLanguage\":\"fr-FR\",\"@id\":\"https:\/\/www.justiceinfo.net\/fr\/28607-burundi-inquietude-apres-la-disparition-du-journaliste-jean-bigirimana.html#primaryimage\",\"url\":\"http:\/\/www.iwacu-burundi.org\/wp-content\/uploads\/2016\/07\/Jean.jpg\",\"contentUrl\":\"http:\/\/www.iwacu-burundi.org\/wp-content\/uploads\/2016\/07\/Jean.jpg\"},{\"@type\":\"BreadcrumbList\",\"@id\":\"https:\/\/www.justiceinfo.net\/fr\/28607-burundi-inquietude-apres-la-disparition-du-journaliste-jean-bigirimana.html#breadcrumb\",\"itemListElement\":[{\"@type\":\"ListItem\",\"position\":1,\"name\":\"Home\",\"item\":\"https:\/\/www.justiceinfo.net\/fr\"},{\"@type\":\"ListItem\",\"position\":2,\"name\":\"Burundi : inqui\u00e9tude apr\u00e8s la disparition du journaliste Jean Bigirimana\"}]},{\"@type\":\"WebSite\",\"@id\":\"https:\/\/www.justiceinfo.net\/fr#website\",\"url\":\"https:\/\/www.justiceinfo.net\/fr\",\"name\":\"JusticeInfo.net\",\"description\":\"La justice doit \u00eatre vue pour \u00eatre rendue\",\"publisher\":{\"@id\":\"https:\/\/www.justiceinfo.net\/fr#organization\"},\"potentialAction\":[{\"@type\":\"SearchAction\",\"target\":{\"@type\":\"EntryPoint\",\"urlTemplate\":\"https:\/\/www.justiceinfo.net\/fr?s={search_term_string}\"},\"query-input\":{\"@type\":\"PropertyValueSpecification\",\"valueRequired\":true,\"valueName\":\"search_term_string\"}}],\"inLanguage\":\"fr-FR\"},{\"@type\":\"Organization\",\"@id\":\"https:\/\/www.justiceinfo.net\/fr#organization\",\"name\":\"Justice Info\",\"url\":\"https:\/\/www.justiceinfo.net\/fr\",\"logo\":{\"@type\":\"ImageObject\",\"inLanguage\":\"fr-FR\",\"@id\":\"https:\/\/www.justiceinfo.net\/fr#\/schema\/logo\/image\/\",\"url\":\"https:\/\/www.justiceinfo.net\/wp-content\/uploads\/justiceinfo_logo-trans_1200x1200px.png\",\"contentUrl\":\"https:\/\/www.justiceinfo.net\/wp-content\/uploads\/justiceinfo_logo-trans_1200x1200px.png\",\"width\":1199,\"height\":1200,\"caption\":\"Justice Info\"},\"image\":{\"@id\":\"https:\/\/www.justiceinfo.net\/fr#\/schema\/logo\/image\/\"},\"sameAs\":[\"https:\/\/www.facebook.com\/JusticeInfo\/\",\"https:\/\/x.com\/justiceinfonet\",\"https:\/\/www.linkedin.com\/company\/justice-info\",\"https:\/\/www.youtube.com\/channel\/UCyCEsARodyuWtkWyhn-e7pA\"]},{\"@type\":\"Person\",\"name\":\"Antoine Kaburahe\",\"url\":\"\/fr\/?s=Antoine Kaburahe\"}]}<\/script>\n<!-- \/ Yoast SEO Premium plugin. -->","yoast_head_json":{"title":"Burundi : inqui\u00e9tude apr\u00e8s la disparition du journaliste Jean Bigirimana - JusticeInfo.net","robots":{"index":"index","follow":"follow","max-snippet":"max-snippet:-1","max-image-preview":"max-image-preview:large","max-video-preview":"max-video-preview:-1"},"canonical":"https:\/\/www.justiceinfo.net\/fr\/28607-burundi-inquietude-apres-la-disparition-du-journaliste-jean-bigirimana.html","og_locale":"fr_FR","og_type":"article","og_title":"Burundi : inqui\u00e9tude apr\u00e8s la disparition du journaliste Jean Bigirimana","og_description":"Au 5\u00e8me jour de la disparition inexpliqu\u00e9e du journaliste Jean Bigirimana, depuis Bruxelles, le directeur du Groupe de Presse, Antoine Kaburahe, lance un appel aux autorit\u00e9s burundaises. Jean Bigirimana Depuis vendredi apr\u00e8s-midi, nous n\u2019avons aucune trace de notre coll\u00e8gue Jean Bigirimana. Alors que durant le week-end les rumeurs les plus inqui\u00e9tantes circulaient (enl\u00e8vement et assassinat, [&hellip;]","og_url":"https:\/\/www.justiceinfo.net\/fr\/28607-burundi-inquietude-apres-la-disparition-du-journaliste-jean-bigirimana.html","og_site_name":"JusticeInfo.net","article_publisher":"https:\/\/www.facebook.com\/JusticeInfo\/","article_published_time":"2016-07-26T06:59:25+00:00","og_image":[{"url":"http:\/\/www.iwacu-burundi.org\/wp-content\/uploads\/2016\/07\/Jean.jpg","type":"","width":"","height":""}],"author":"Antoine Kaburahe","twitter_card":"summary_large_image","twitter_creator":"@justiceinfonet","twitter_site":"@justiceinfonet","twitter_misc":{"\u00c9crit par":"Antoine Kaburahe","Dur\u00e9e de lecture estim\u00e9e":"2 minutes"},"schema":{"@context":"https:\/\/schema.org","@graph":[{"@type":"NewsArticle","@id":"https:\/\/www.justiceinfo.net\/fr\/28607-burundi-inquietude-apres-la-disparition-du-journaliste-jean-bigirimana.html#article","isPartOf":{"@id":"https:\/\/www.justiceinfo.net\/fr\/28607-burundi-inquietude-apres-la-disparition-du-journaliste-jean-bigirimana.html"},"author":{"name":"solivri","@id":"https:\/\/www.justiceinfo.net\/fr#\/schema\/person\/6e53cba1629e2e66f3fc1821d3091865"},"headline":"Burundi : inqui\u00e9tude apr\u00e8s la disparition du journaliste Jean Bigirimana","datePublished":"2016-07-26T06:59:25+00:00","mainEntityOfPage":{"@id":"https:\/\/www.justiceinfo.net\/fr\/28607-burundi-inquietude-apres-la-disparition-du-journaliste-jean-bigirimana.html"},"wordCount":330,"commentCount":0,"publisher":{"@id":"https:\/\/www.justiceinfo.net\/fr#organization"},"image":{"@id":"https:\/\/www.justiceinfo.net\/fr\/28607-burundi-inquietude-apres-la-disparition-du-journaliste-jean-bigirimana.html#primaryimage"},"thumbnailUrl":"http:\/\/www.iwacu-burundi.org\/wp-content\/uploads\/2016\/07\/Jean.jpg","articleSection":["Opinions"],"inLanguage":"fr-FR","potentialAction":[{"@type":"CommentAction","name":"Comment","target":["https:\/\/www.justiceinfo.net\/fr\/28607-burundi-inquietude-apres-la-disparition-du-journaliste-jean-bigirimana.html#respond"]}]},{"@type":"WebPage","@id":"https:\/\/www.justiceinfo.net\/fr\/28607-burundi-inquietude-apres-la-disparition-du-journaliste-jean-bigirimana.html","url":"https:\/\/www.justiceinfo.net\/fr\/28607-burundi-inquietude-apres-la-disparition-du-journaliste-jean-bigirimana.html","name":"Burundi : inqui\u00e9tude apr\u00e8s la disparition du journaliste Jean Bigirimana - JusticeInfo.net","isPartOf":{"@id":"https:\/\/www.justiceinfo.net\/fr#website"},"primaryImageOfPage":{"@id":"https:\/\/www.justiceinfo.net\/fr\/28607-burundi-inquietude-apres-la-disparition-du-journaliste-jean-bigirimana.html#primaryimage"},"image":{"@id":"https:\/\/www.justiceinfo.net\/fr\/28607-burundi-inquietude-apres-la-disparition-du-journaliste-jean-bigirimana.html#primaryimage"},"thumbnailUrl":"http:\/\/www.iwacu-burundi.org\/wp-content\/uploads\/2016\/07\/Jean.jpg","datePublished":"2016-07-26T06:59:25+00:00","breadcrumb":{"@id":"https:\/\/www.justiceinfo.net\/fr\/28607-burundi-inquietude-apres-la-disparition-du-journaliste-jean-bigirimana.html#breadcrumb"},"inLanguage":"fr-FR","potentialAction":[{"@type":"ReadAction","target":["https:\/\/www.justiceinfo.net\/fr\/28607-burundi-inquietude-apres-la-disparition-du-journaliste-jean-bigirimana.html"]}]},{"@type":"ImageObject","inLanguage":"fr-FR","@id":"https:\/\/www.justiceinfo.net\/fr\/28607-burundi-inquietude-apres-la-disparition-du-journaliste-jean-bigirimana.html#primaryimage","url":"http:\/\/www.iwacu-burundi.org\/wp-content\/uploads\/2016\/07\/Jean.jpg","contentUrl":"http:\/\/www.iwacu-burundi.org\/wp-content\/uploads\/2016\/07\/Jean.jpg"},{"@type":"BreadcrumbList","@id":"https:\/\/www.justiceinfo.net\/fr\/28607-burundi-inquietude-apres-la-disparition-du-journaliste-jean-bigirimana.html#breadcrumb","itemListElement":[{"@type":"ListItem","position":1,"name":"Home","item":"https:\/\/www.justiceinfo.net\/fr"},{"@type":"ListItem","position":2,"name":"Burundi : inqui\u00e9tude apr\u00e8s la disparition du journaliste Jean Bigirimana"}]},{"@type":"WebSite","@id":"https:\/\/www.justiceinfo.net\/fr#website","url":"https:\/\/www.justiceinfo.net\/fr","name":"JusticeInfo.net","description":"La justice doit \u00eatre vue pour \u00eatre rendue","publisher":{"@id":"https:\/\/www.justiceinfo.net\/fr#organization"},"potentialAction":[{"@type":"SearchAction","target":{"@type":"EntryPoint","urlTemplate":"https:\/\/www.justiceinfo.net\/fr?s={search_term_string}"},"query-input":{"@type":"PropertyValueSpecification","valueRequired":true,"valueName":"search_term_string"}}],"inLanguage":"fr-FR"},{"@type":"Organization","@id":"https:\/\/www.justiceinfo.net\/fr#organization","name":"Justice Info","url":"https:\/\/www.justiceinfo.net\/fr","logo":{"@type":"ImageObject","inLanguage":"fr-FR","@id":"https:\/\/www.justiceinfo.net\/fr#\/schema\/logo\/image\/","url":"https:\/\/www.justiceinfo.net\/wp-content\/uploads\/justiceinfo_logo-trans_1200x1200px.png","contentUrl":"https:\/\/www.justiceinfo.net\/wp-content\/uploads\/justiceinfo_logo-trans_1200x1200px.png","width":1199,"height":1200,"caption":"Justice Info"},"image":{"@id":"https:\/\/www.justiceinfo.net\/fr#\/schema\/logo\/image\/"},"sameAs":["https:\/\/www.facebook.com\/JusticeInfo\/","https:\/\/x.com\/justiceinfonet","https:\/\/www.linkedin.com\/company\/justice-info","https:\/\/www.youtube.com\/channel\/UCyCEsARodyuWtkWyhn-e7pA"]},{"@type":"Person","name":"Antoine Kaburahe","url":"\/fr\/?s=Antoine Kaburahe"}]}},"_links":{"self":[{"href":"https:\/\/www.justiceinfo.net\/fr\/wp-json\/wp\/v2\/posts\/28607","targetHints":{"allow":["GET"]}}],"collection":[{"href":"https:\/\/www.justiceinfo.net\/fr\/wp-json\/wp\/v2\/posts"}],"about":[{"href":"https:\/\/www.justiceinfo.net\/fr\/wp-json\/wp\/v2\/types\/post"}],"author":[{"embeddable":true,"href":"https:\/\/www.justiceinfo.net\/fr\/wp-json\/wp\/v2\/users\/64"}],"replies":[{"embeddable":true,"href":"https:\/\/www.justiceinfo.net\/fr\/wp-json\/wp\/v2\/comments?post=28607"}],"version-history":[{"count":0,"href":"https:\/\/www.justiceinfo.net\/fr\/wp-json\/wp\/v2\/posts\/28607\/revisions"}],"wp:attachment":[{"href":"https:\/\/www.justiceinfo.net\/fr\/wp-json\/wp\/v2\/media?parent=28607"}],"wp:term":[{"taxonomy":"category","embeddable":true,"href":"https:\/\/www.justiceinfo.net\/fr\/wp-json\/wp\/v2\/categories?post=28607"},{"taxonomy":"post_tag","embeddable":true,"href":"https:\/\/www.justiceinfo.net\/fr\/wp-json\/wp\/v2\/tags?post=28607"},{"taxonomy":"ji_location","embeddable":true,"href":"https:\/\/www.justiceinfo.net\/fr\/wp-json\/wp\/v2\/ji_location?post=28607"}],"curies":[{"name":"wp","href":"https:\/\/api.w.org\/{rel}","templated":true}]}}