{"id":28723,"date":"2016-08-11T07:42:59","date_gmt":"2016-08-11T05:42:59","guid":{"rendered":"https:\/\/www.justiceinfo.net\/28723-nouveau-proces-contre-katanga-demontre-le-potentiel-du-systeme-de-justice-de-la-rdc-pour-juger-les-crimes-internationaux-complexes.html"},"modified":"2016-08-11T07:42:59","modified_gmt":"2016-08-11T05:42:59","slug":"nouveau-proces-contre-katanga-demontre-le-potentiel-du-systeme-de-justice-de-la-rdc-pour-juger-les-crimes-internationaux-complexes","status":"publish","type":"post","link":"https:\/\/www.justiceinfo.net\/fr\/28723-nouveau-proces-contre-katanga-demontre-le-potentiel-du-systeme-de-justice-de-la-rdc-pour-juger-les-crimes-internationaux-complexes.html","title":{"rendered":"Le nouveau proc\u00e8s contre Katanga d\u00e9montre le potentiel du syst\u00e8me de justice de la RDC pour juger les crimes internationaux complexes"},"content":{"rendered":"<p><em><strong>Germain Katanga, un chef de guerre condamn\u00e9 par la Cour p\u00e9nale internationale pour meurtre et d'autres crimes, pensait qu'il allait \u00eatre lib\u00e9r\u00e9 de prison en janvier. Mais il avait tort. Il avait \u00e9t\u00e9 <a href=\"http:\/\/www.jeuneafrique.com\/165083\/politique\/rdc-cpi-germain-katanga-reconnu-complice-de-crimes-contre-l-humanit\/\">reconnu coupable<\/a> des accusations li\u00e9es \u00e0 une attaque en 2003 dans le village de Bogoro, de la province de l'Ituri en R\u00e9publique d\u00e9mocratique du Congo (RDC), en 2014 \u2014 et avait servi la fin de sa peine de 12 ans dans une prison de Kinshasa, suivant sa propre demande.<\/strong><\/em><\/p>\n<p>Mais les autorit\u00e9s de la RDC, au lieu de le lib\u00e9rer, l\u2019ont maintenu en d\u00e9tention pour un <a href=\"http:\/\/www.jeuneafrique.com\/298401\/societe\/rdc-faux-depart-dans-le-proces-de-germain-katanga\/\">proc\u00e8s<\/a> quant \u00e0 d'autres chefs d\u2019accusation qui n'ont pas \u00e9t\u00e9 trait\u00e9s par la CPI. Cette \u00e9volution repr\u00e9sente non seulement une autre nouveaut\u00e9 juridique pour la CPI, mais aussi un changement de vitesse potentiellement important par le syst\u00e8me de justice en RDC.<\/p>\n<p>Lorsque le pr\u00e9sident Kabila avait volontairement demand\u00e9 au procureur de la CPI de se pencher sur les crimes de la RDC en 2003, il a indiqu\u00e9 que c\u2019\u00e9tait parce que les conditions ne permettaient pas aux fonctionnaires de la RDC de le faire. Est-ce que la d\u00e9cision de maintenir Katanga en d\u00e9tention et de le poursuivre indique que ces conditions ont consid\u00e9rablement chang\u00e9?<\/p>\n<p>Le processus judiciaire en RDC contre Katanga, ancien chef de la Force de r\u00e9sistance patriotique de l\u2019Ituri, a n\u00e9cessit\u00e9 une danse juridique assez complexe entre la CPI, la RDC et l'\u00e9quipe de d\u00e9fense Katanga. Katanga a fait valoir qu'il ne pouvait pas \u00eatre jug\u00e9 en RDC pour \u00ab\u00a0crimes contre l'humanit\u00e9\u00a0\u00bb parce qu'il avait d\u00e9j\u00e0 \u00e9t\u00e9 condamn\u00e9 pr\u00e9cis\u00e9ment en vertu de ce chef d\u2019accusation \u00e0 La Haye. Ceci, dit-il, violerait ses droits li\u00e9s au principe de double incrimination. La CPI a d\u00e9cid\u00e9 qu'il n'\u00e9tait pas poursuivi pour les m\u00eames crimes devant la CPI.<\/p>\n<p>Les chefs d\u2019accusations auxquelles il fait face en RDC comprennent la participation \u00e0 un mouvement insurrectionnel en Ituri pendant la p\u00e9riode de 2003-2005, la conscription ou l'enr\u00f4lement d'enfants de moins de 15 ans \u00e9galement en Ituri pendant la p\u00e9riode de 2003-2005, crimes contre l'humanit\u00e9 par meurtre \u00e0 Bunia, en Ituri, en 2003, et crimes de guerre par meurtre dans les villages de Mandro, Largu, Tchomia, Blukwa, Lengabo pendant la p\u00e9riode de 2002-2005.<\/p>\n<p>En effet, la CPI <a href=\"http:\/\/www.radiookapi.net\/2016\/04\/07\/actualite\/justice\/la-cpi-approuve-les-poursuites-lencontre-de-germain-katanga-par-la\">a dit<\/a> qu'il n'est pas important que ces crimes puissent \u00e9galement \u00eatre consid\u00e9r\u00e9s comme des crimes contre l'humanit\u00e9 \u2014 ils sont des crimes diff\u00e9rents, et donc, la poursuite de Katanga pour ces crimes ne viole aucun de ses droits.<\/p>\n<p>Certains pourraient se demander s\u2019il est une utilisation intelligente des ressources limit\u00e9es de la RDC de poursuivre quelqu'un qui a d\u00e9j\u00e0 jug\u00e9 et condamn\u00e9 par la CPI, \u00e9tant donn\u00e9 le grand nombre d\u2019auteurs de crimes qui n\u2019ont pas encore \u00e9t\u00e9 poursuivis.<\/p>\n<p>Il y a, en effet, un arri\u00e9r\u00e9 de cas de crimes internationaux (crimes de guerre, crimes contre l'humanit\u00e9 et g\u00e9nocide) devant les tribunaux de la RDC. En l'absence de donn\u00e9es officielles, la <a href=\"https:\/\/www.ictj.org\/sites\/default\/files\/ICTJ-Report-DRC-Accountability-Landscape-French-2015.pdf\">recherche<\/a> du Centre international pour la justice transitionnelle (ICTJ) a identifi\u00e9 que moins de la moiti\u00e9 des 39 cas de crimes internationaux port\u00e9s devant les tribunaux dans l'est du pays de 2009 \u00e0 2014 ont \u00e9t\u00e9 trait\u00e9s. La plupart des crimes internationaux ne sont pas traduits en justice du tout.<\/p>\n<p>Le pr\u00e9sident de la Haute Cour militaire de la RDC, le G\u00e9n\u00e9ral major Bivegete, a d\u00e9clar\u00e9 \u00e0 ICTJ que la d\u00e9cision de poursuivre Katanga a soulign\u00e9 \u00ab\u00a0l'importance de se reconcentrer sur la primaut\u00e9 de la comp\u00e9tence nationale pour poursuivre les crimes internationaux plut\u00f4t que sur la compl\u00e9mentarit\u00e9 de la CPI. L'accent ne devrait pas \u00eatre sur le r\u00f4le de la CPI dans le traitement de ces crimes, mais sur la responsabilit\u00e9 de la RDC de les poursuivre \u00bb.<\/p>\n<p>Ce sont des mots importants, non seulement pour Katanga, ou pour les victimes de ses nombreux crimes pr\u00e9sum\u00e9s qui ne verraient pas de justice sans nouveaux proc\u00e8s\u00a0: ils montrent qu'un changement de mentalit\u00e9 est en place et qu'un syst\u00e8me judiciaire qui n\u2019\u00e9tait pas enclin \u00e0 poursuivre un tel cas il y a 10 ans peut maintenant avoir la confiance et la capacit\u00e9 de le faire.<\/p>\n<p>La d\u00e9cision des autorit\u00e9s de la RDC au sujet de Katanga n'a rien \u00e0 voir avec l'id\u00e9e de limiter le r\u00f4le de la CPI en RDC, voire le retrait du Statut de Rome. Au contraire, il est l'un des signes les plus positifs \u00e0 ce jour d'un syst\u00e8me de justice internationale en maturation o\u00f9 la CPI a jou\u00e9 un r\u00f4le solide et constructif pour encourager les autorit\u00e9s de la RDC \u00e0 reconna\u00eetre et \u00e0 respecter leurs principales fonctions et responsabilit\u00e9s.<\/p>\n<p>En outre, rien de tout cela ne sugg\u00e8re que le syst\u00e8me judiciaire de la RDC est maintenant parfait. Les d\u00e9fis ne manquent pas. La plupart des cas de crimes graves restent dans la juridiction militaire, par exemple. Mais des efforts importants sont men\u00e9s par certaines autorit\u00e9s nationales cl\u00e9s qui tentent d'am\u00e9liorer l'efficacit\u00e9 de la poursuite nationale des crimes internationaux.<\/p>\n<p>Par exemple, dans une tentative de r\u00e9gler l'arri\u00e9r\u00e9 des cas, avec le soutien d'ICTJ, les magistrats de l\u2019est de la RDC ont identifi\u00e9 des cas prioritaires \u00e0 \u00eatre trait\u00e9 en premier lieu, sur la base de crit\u00e8res tels que la gravit\u00e9 des crimes, le nombre et la vuln\u00e9rabilit\u00e9 des victimes, et l\u2019impact des crimes sur les communaut\u00e9s. Le processus d'\u00e9tablissement des priorit\u00e9s a \u00e9t\u00e9 men\u00e9 sous l'autorit\u00e9 de repr\u00e9sentants des plus hautes autorit\u00e9s judiciaires militaires et les cas prioritaires ont r\u00e9cemment \u00e9t\u00e9 endoss\u00e9s par le Minist\u00e8re de la Justice de la RDC. Cette priorisation a entra\u00een\u00e9 un changement de dynamique en redonnant l\u2019appropriation des enqu\u00eates aux autorit\u00e9s nationales, plut\u00f4t qu\u2019aux partenaires ext\u00e9rieurs, et en conduisant \u00e0 un r\u00f4le relativement plus proactif de la part des magistrats, ce qui permet un plus grand suivi institutionnel des enqu\u00eates et des proc\u00e8s.<\/p>\n<p>Le proc\u00e8s national de Katanga sera jug\u00e9, comme tous les proc\u00e8s devraient l\u2019\u00eatre, sur son \u00e9quit\u00e9. Mais les indications d'un changement de mentalit\u00e9, d\u2019un d\u00e9sir d'appropriation nationale des poursuites et des mesures concr\u00e8tes pour r\u00e9duire les arri\u00e9r\u00e9s et prioriser des cas sont toutes des \u00e9tapes dans la bonne direction.<\/p>\n<p>Certains penseront que les victimes ont attendu la justice trop longtemps. Tous les crimes pour lesquelles Katanga est accus\u00e9 ont \u00e9t\u00e9 commis il y a plus de dix ans. Mais il est parfois un soup\u00e7on de facilit\u00e9 dans la critique que \u00ab\u00a0la justice retard\u00e9e est une justice ni\u00e9e.\u00a0\u00bb Si l'on consid\u00e8re les ressources et la fragilit\u00e9 de la RDC de l'\u00e9poque, il faut reconna\u00eetre le progr\u00e8s quand on le voit \u2014 et cela est certainement le progr\u00e8s. Parfois, il ne sera pas possible, ou peut-\u00eatre prudent, de directement mener des enqu\u00eates criminelles alors qu'une guerre fait rage ou d\u00e8s son sillage imm\u00e9diat. Un certain retard peut en fait \u00eatre le meilleur moyen de garantir une justice significative.<\/p>\n<p>C\u2019est en b\u00e2tissant une banque d'affaires cr\u00e9dibles que les tribunaux nationaux et internationaux traitant des crimes atroces aideront \u00e0 changer les attitudes quant \u00e0 ce qui est un comportement acceptable et ce qui ne l\u2019est pas. La poursuite de Katanga par la RDC est une \u00e9tape extr\u00eamement bienvenue dans ce parcours de persuasion.<\/p>\n<p>\u00a0<\/p>\n","protected":false},"excerpt":{"rendered":"<p>Germain Katanga, un chef de guerre condamn\u00e9 par la Cour p\u00e9nale internationale pour meurtre et d'autres crimes, pensait qu'il allait \u00eatre lib\u00e9r\u00e9 de prison en janvier. Mais il avait tort. Il avait \u00e9t\u00e9 reconnu coupable des accusations li\u00e9es \u00e0 une attaque en 2003 dans le village de Bogoro, de la province de l'Ituri en R\u00e9publique [&hellip;]<\/p>\n","protected":false},"author":64,"featured_media":67846,"comment_status":"open","ping_status":"closed","sticky":false,"template":"","format":"standard","meta":{"_acf_changed":false,"footnotes":""},"categories":[575],"tags":[],"ji_location":[2196],"class_list":["post-28723","post","type-post","status-publish","format-standard","has-post-thumbnail","hentry","category-opinions","ji_location-republique-democratique-du-congo"],"acf":[],"yoast_head":"<!-- This site is optimized with the Yoast SEO Premium plugin v25.3.1 (Yoast SEO v25.3.1) - https:\/\/yoast.com\/wordpress\/plugins\/seo\/ -->\n<title>Le nouveau proc\u00e8s contre Katanga d\u00e9montre le potentiel du syst\u00e8me de justice de la RDC pour juger les crimes internationaux complexes - JusticeInfo.net<\/title>\n<meta name=\"robots\" content=\"index, follow, max-snippet:-1, max-image-preview:large, max-video-preview:-1\" \/>\n<link rel=\"canonical\" href=\"https:\/\/www.justiceinfo.net\/fr\/28723-nouveau-proces-contre-katanga-demontre-le-potentiel-du-systeme-de-justice-de-la-rdc-pour-juger-les-crimes-internationaux-complexes.html\" \/>\n<meta property=\"og:locale\" content=\"fr_FR\" \/>\n<meta property=\"og:type\" content=\"article\" \/>\n<meta property=\"og:title\" content=\"Le nouveau proc\u00e8s contre Katanga d\u00e9montre le potentiel du syst\u00e8me de justice de la RDC pour juger les crimes internationaux complexes\" \/>\n<meta property=\"og:description\" content=\"Germain Katanga, un chef de guerre condamn\u00e9 par la Cour p\u00e9nale internationale pour meurtre et d&#039;autres crimes, pensait qu&#039;il allait \u00eatre lib\u00e9r\u00e9 de prison en janvier. Mais il avait tort. Il avait \u00e9t\u00e9 reconnu coupable des accusations li\u00e9es \u00e0 une attaque en 2003 dans le village de Bogoro, de la province de l&#039;Ituri en R\u00e9publique [&hellip;]\" \/>\n<meta property=\"og:url\" content=\"https:\/\/www.justiceinfo.net\/fr\/28723-nouveau-proces-contre-katanga-demontre-le-potentiel-du-systeme-de-justice-de-la-rdc-pour-juger-les-crimes-internationaux-complexes.html\" \/>\n<meta property=\"og:site_name\" content=\"JusticeInfo.net\" \/>\n<meta property=\"article:publisher\" content=\"https:\/\/www.facebook.com\/JusticeInfo\/\" \/>\n<meta property=\"article:published_time\" content=\"2016-08-11T05:42:59+00:00\" \/>\n<meta property=\"og:image\" content=\"https:\/\/www.justiceinfo.net\/wp-content\/uploads\/e60c215b64923b5f0ee054b29f7034da.jpg\" \/>\n\t<meta property=\"og:image:width\" content=\"657\" \/>\n\t<meta property=\"og:image:height\" content=\"406\" \/>\n\t<meta property=\"og:image:type\" content=\"image\/jpeg\" \/>\n<meta name=\"author\" content=\"Paul Seils et Myriam Raymond-Jett\u00e9\" \/>\n<meta name=\"twitter:card\" content=\"summary_large_image\" \/>\n<meta name=\"twitter:creator\" content=\"@justiceinfonet\" \/>\n<meta name=\"twitter:site\" content=\"@justiceinfonet\" \/>\n<meta name=\"twitter:label1\" content=\"\u00c9crit par\" \/>\n\t<meta name=\"twitter:data1\" content=\"Paul Seils et Myriam Raymond-Jett\u00e9\" \/>\n\t<meta name=\"twitter:label2\" content=\"Dur\u00e9e de lecture estim\u00e9e\" \/>\n\t<meta name=\"twitter:data2\" content=\"6 minutes\" \/>\n<script type=\"application\/ld+json\" class=\"yoast-schema-graph\">{\"@context\":\"https:\/\/schema.org\",\"@graph\":[{\"@type\":\"NewsArticle\",\"@id\":\"https:\/\/www.justiceinfo.net\/fr\/28723-nouveau-proces-contre-katanga-demontre-le-potentiel-du-systeme-de-justice-de-la-rdc-pour-juger-les-crimes-internationaux-complexes.html#article\",\"isPartOf\":{\"@id\":\"https:\/\/www.justiceinfo.net\/fr\/28723-nouveau-proces-contre-katanga-demontre-le-potentiel-du-systeme-de-justice-de-la-rdc-pour-juger-les-crimes-internationaux-complexes.html\"},\"author\":{\"name\":\"solivri\",\"@id\":\"https:\/\/www.justiceinfo.net\/fr#\/schema\/person\/6e53cba1629e2e66f3fc1821d3091865\"},\"headline\":\"Le nouveau proc\u00e8s contre Katanga d\u00e9montre le potentiel du syst\u00e8me de justice de la RDC pour juger les crimes internationaux complexes\",\"datePublished\":\"2016-08-11T05:42:59+00:00\",\"mainEntityOfPage\":{\"@id\":\"https:\/\/www.justiceinfo.net\/fr\/28723-nouveau-proces-contre-katanga-demontre-le-potentiel-du-systeme-de-justice-de-la-rdc-pour-juger-les-crimes-internationaux-complexes.html\"},\"wordCount\":1334,\"commentCount\":0,\"publisher\":{\"@id\":\"https:\/\/www.justiceinfo.net\/fr#organization\"},\"image\":{\"@id\":\"https:\/\/www.justiceinfo.net\/fr\/28723-nouveau-proces-contre-katanga-demontre-le-potentiel-du-systeme-de-justice-de-la-rdc-pour-juger-les-crimes-internationaux-complexes.html#primaryimage\"},\"thumbnailUrl\":\"https:\/\/www.justiceinfo.net\/wp-content\/uploads\/e60c215b64923b5f0ee054b29f7034da.jpg\",\"articleSection\":[\"Opinions\"],\"inLanguage\":\"fr-FR\",\"potentialAction\":[{\"@type\":\"CommentAction\",\"name\":\"Comment\",\"target\":[\"https:\/\/www.justiceinfo.net\/fr\/28723-nouveau-proces-contre-katanga-demontre-le-potentiel-du-systeme-de-justice-de-la-rdc-pour-juger-les-crimes-internationaux-complexes.html#respond\"]}]},{\"@type\":\"WebPage\",\"@id\":\"https:\/\/www.justiceinfo.net\/fr\/28723-nouveau-proces-contre-katanga-demontre-le-potentiel-du-systeme-de-justice-de-la-rdc-pour-juger-les-crimes-internationaux-complexes.html\",\"url\":\"https:\/\/www.justiceinfo.net\/fr\/28723-nouveau-proces-contre-katanga-demontre-le-potentiel-du-systeme-de-justice-de-la-rdc-pour-juger-les-crimes-internationaux-complexes.html\",\"name\":\"Le nouveau proc\u00e8s contre Katanga d\u00e9montre le potentiel du syst\u00e8me de justice de la RDC pour juger les crimes internationaux complexes - JusticeInfo.net\",\"isPartOf\":{\"@id\":\"https:\/\/www.justiceinfo.net\/fr#website\"},\"primaryImageOfPage\":{\"@id\":\"https:\/\/www.justiceinfo.net\/fr\/28723-nouveau-proces-contre-katanga-demontre-le-potentiel-du-systeme-de-justice-de-la-rdc-pour-juger-les-crimes-internationaux-complexes.html#primaryimage\"},\"image\":{\"@id\":\"https:\/\/www.justiceinfo.net\/fr\/28723-nouveau-proces-contre-katanga-demontre-le-potentiel-du-systeme-de-justice-de-la-rdc-pour-juger-les-crimes-internationaux-complexes.html#primaryimage\"},\"thumbnailUrl\":\"https:\/\/www.justiceinfo.net\/wp-content\/uploads\/e60c215b64923b5f0ee054b29f7034da.jpg\",\"datePublished\":\"2016-08-11T05:42:59+00:00\",\"breadcrumb\":{\"@id\":\"https:\/\/www.justiceinfo.net\/fr\/28723-nouveau-proces-contre-katanga-demontre-le-potentiel-du-systeme-de-justice-de-la-rdc-pour-juger-les-crimes-internationaux-complexes.html#breadcrumb\"},\"inLanguage\":\"fr-FR\",\"potentialAction\":[{\"@type\":\"ReadAction\",\"target\":[\"https:\/\/www.justiceinfo.net\/fr\/28723-nouveau-proces-contre-katanga-demontre-le-potentiel-du-systeme-de-justice-de-la-rdc-pour-juger-les-crimes-internationaux-complexes.html\"]}]},{\"@type\":\"ImageObject\",\"inLanguage\":\"fr-FR\",\"@id\":\"https:\/\/www.justiceinfo.net\/fr\/28723-nouveau-proces-contre-katanga-demontre-le-potentiel-du-systeme-de-justice-de-la-rdc-pour-juger-les-crimes-internationaux-complexes.html#primaryimage\",\"url\":\"https:\/\/www.justiceinfo.net\/wp-content\/uploads\/e60c215b64923b5f0ee054b29f7034da.jpg\",\"contentUrl\":\"https:\/\/www.justiceinfo.net\/wp-content\/uploads\/e60c215b64923b5f0ee054b29f7034da.jpg\",\"width\":657,\"height\":406},{\"@type\":\"BreadcrumbList\",\"@id\":\"https:\/\/www.justiceinfo.net\/fr\/28723-nouveau-proces-contre-katanga-demontre-le-potentiel-du-systeme-de-justice-de-la-rdc-pour-juger-les-crimes-internationaux-complexes.html#breadcrumb\",\"itemListElement\":[{\"@type\":\"ListItem\",\"position\":1,\"name\":\"Home\",\"item\":\"https:\/\/www.justiceinfo.net\/fr\"},{\"@type\":\"ListItem\",\"position\":2,\"name\":\"Le nouveau proc\u00e8s contre Katanga d\u00e9montre le potentiel du syst\u00e8me de justice de la RDC pour juger les crimes internationaux complexes\"}]},{\"@type\":\"WebSite\",\"@id\":\"https:\/\/www.justiceinfo.net\/fr#website\",\"url\":\"https:\/\/www.justiceinfo.net\/fr\",\"name\":\"JusticeInfo.net\",\"description\":\"La justice doit \u00eatre vue pour \u00eatre rendue\",\"publisher\":{\"@id\":\"https:\/\/www.justiceinfo.net\/fr#organization\"},\"potentialAction\":[{\"@type\":\"SearchAction\",\"target\":{\"@type\":\"EntryPoint\",\"urlTemplate\":\"https:\/\/www.justiceinfo.net\/fr?s={search_term_string}\"},\"query-input\":{\"@type\":\"PropertyValueSpecification\",\"valueRequired\":true,\"valueName\":\"search_term_string\"}}],\"inLanguage\":\"fr-FR\"},{\"@type\":\"Organization\",\"@id\":\"https:\/\/www.justiceinfo.net\/fr#organization\",\"name\":\"Justice Info\",\"url\":\"https:\/\/www.justiceinfo.net\/fr\",\"logo\":{\"@type\":\"ImageObject\",\"inLanguage\":\"fr-FR\",\"@id\":\"https:\/\/www.justiceinfo.net\/fr#\/schema\/logo\/image\/\",\"url\":\"https:\/\/www.justiceinfo.net\/wp-content\/uploads\/justiceinfo_logo-trans_1200x1200px.png\",\"contentUrl\":\"https:\/\/www.justiceinfo.net\/wp-content\/uploads\/justiceinfo_logo-trans_1200x1200px.png\",\"width\":1199,\"height\":1200,\"caption\":\"Justice Info\"},\"image\":{\"@id\":\"https:\/\/www.justiceinfo.net\/fr#\/schema\/logo\/image\/\"},\"sameAs\":[\"https:\/\/www.facebook.com\/JusticeInfo\/\",\"https:\/\/x.com\/justiceinfonet\",\"https:\/\/www.linkedin.com\/company\/justice-info\",\"https:\/\/www.youtube.com\/channel\/UCyCEsARodyuWtkWyhn-e7pA\"]},{\"@type\":\"Person\",\"name\":\"Paul Seils et Myriam Raymond-Jett\u00e9\",\"url\":\"\/fr\/?s=Paul Seils et Myriam Raymond-Jett\u00e9\"}]}<\/script>\n<!-- \/ Yoast SEO Premium plugin. -->","yoast_head_json":{"title":"Le nouveau proc\u00e8s contre Katanga d\u00e9montre le potentiel du syst\u00e8me de justice de la RDC pour juger les crimes internationaux complexes - JusticeInfo.net","robots":{"index":"index","follow":"follow","max-snippet":"max-snippet:-1","max-image-preview":"max-image-preview:large","max-video-preview":"max-video-preview:-1"},"canonical":"https:\/\/www.justiceinfo.net\/fr\/28723-nouveau-proces-contre-katanga-demontre-le-potentiel-du-systeme-de-justice-de-la-rdc-pour-juger-les-crimes-internationaux-complexes.html","og_locale":"fr_FR","og_type":"article","og_title":"Le nouveau proc\u00e8s contre Katanga d\u00e9montre le potentiel du syst\u00e8me de justice de la RDC pour juger les crimes internationaux complexes","og_description":"Germain Katanga, un chef de guerre condamn\u00e9 par la Cour p\u00e9nale internationale pour meurtre et d'autres crimes, pensait qu'il allait \u00eatre lib\u00e9r\u00e9 de prison en janvier. Mais il avait tort. Il avait \u00e9t\u00e9 reconnu coupable des accusations li\u00e9es \u00e0 une attaque en 2003 dans le village de Bogoro, de la province de l'Ituri en R\u00e9publique [&hellip;]","og_url":"https:\/\/www.justiceinfo.net\/fr\/28723-nouveau-proces-contre-katanga-demontre-le-potentiel-du-systeme-de-justice-de-la-rdc-pour-juger-les-crimes-internationaux-complexes.html","og_site_name":"JusticeInfo.net","article_publisher":"https:\/\/www.facebook.com\/JusticeInfo\/","article_published_time":"2016-08-11T05:42:59+00:00","og_image":[{"width":657,"height":406,"url":"https:\/\/www.justiceinfo.net\/wp-content\/uploads\/e60c215b64923b5f0ee054b29f7034da.jpg","type":"image\/jpeg"}],"author":"Paul Seils et Myriam Raymond-Jett\u00e9","twitter_card":"summary_large_image","twitter_creator":"@justiceinfonet","twitter_site":"@justiceinfonet","twitter_misc":{"\u00c9crit par":"Paul Seils et Myriam Raymond-Jett\u00e9","Dur\u00e9e de lecture estim\u00e9e":"6 minutes"},"schema":{"@context":"https:\/\/schema.org","@graph":[{"@type":"NewsArticle","@id":"https:\/\/www.justiceinfo.net\/fr\/28723-nouveau-proces-contre-katanga-demontre-le-potentiel-du-systeme-de-justice-de-la-rdc-pour-juger-les-crimes-internationaux-complexes.html#article","isPartOf":{"@id":"https:\/\/www.justiceinfo.net\/fr\/28723-nouveau-proces-contre-katanga-demontre-le-potentiel-du-systeme-de-justice-de-la-rdc-pour-juger-les-crimes-internationaux-complexes.html"},"author":{"name":"solivri","@id":"https:\/\/www.justiceinfo.net\/fr#\/schema\/person\/6e53cba1629e2e66f3fc1821d3091865"},"headline":"Le nouveau proc\u00e8s contre Katanga d\u00e9montre le potentiel du syst\u00e8me de justice de la RDC pour juger les crimes internationaux complexes","datePublished":"2016-08-11T05:42:59+00:00","mainEntityOfPage":{"@id":"https:\/\/www.justiceinfo.net\/fr\/28723-nouveau-proces-contre-katanga-demontre-le-potentiel-du-systeme-de-justice-de-la-rdc-pour-juger-les-crimes-internationaux-complexes.html"},"wordCount":1334,"commentCount":0,"publisher":{"@id":"https:\/\/www.justiceinfo.net\/fr#organization"},"image":{"@id":"https:\/\/www.justiceinfo.net\/fr\/28723-nouveau-proces-contre-katanga-demontre-le-potentiel-du-systeme-de-justice-de-la-rdc-pour-juger-les-crimes-internationaux-complexes.html#primaryimage"},"thumbnailUrl":"https:\/\/www.justiceinfo.net\/wp-content\/uploads\/e60c215b64923b5f0ee054b29f7034da.jpg","articleSection":["Opinions"],"inLanguage":"fr-FR","potentialAction":[{"@type":"CommentAction","name":"Comment","target":["https:\/\/www.justiceinfo.net\/fr\/28723-nouveau-proces-contre-katanga-demontre-le-potentiel-du-systeme-de-justice-de-la-rdc-pour-juger-les-crimes-internationaux-complexes.html#respond"]}]},{"@type":"WebPage","@id":"https:\/\/www.justiceinfo.net\/fr\/28723-nouveau-proces-contre-katanga-demontre-le-potentiel-du-systeme-de-justice-de-la-rdc-pour-juger-les-crimes-internationaux-complexes.html","url":"https:\/\/www.justiceinfo.net\/fr\/28723-nouveau-proces-contre-katanga-demontre-le-potentiel-du-systeme-de-justice-de-la-rdc-pour-juger-les-crimes-internationaux-complexes.html","name":"Le nouveau proc\u00e8s contre Katanga d\u00e9montre le potentiel du syst\u00e8me de justice de la RDC pour juger les crimes internationaux complexes - JusticeInfo.net","isPartOf":{"@id":"https:\/\/www.justiceinfo.net\/fr#website"},"primaryImageOfPage":{"@id":"https:\/\/www.justiceinfo.net\/fr\/28723-nouveau-proces-contre-katanga-demontre-le-potentiel-du-systeme-de-justice-de-la-rdc-pour-juger-les-crimes-internationaux-complexes.html#primaryimage"},"image":{"@id":"https:\/\/www.justiceinfo.net\/fr\/28723-nouveau-proces-contre-katanga-demontre-le-potentiel-du-systeme-de-justice-de-la-rdc-pour-juger-les-crimes-internationaux-complexes.html#primaryimage"},"thumbnailUrl":"https:\/\/www.justiceinfo.net\/wp-content\/uploads\/e60c215b64923b5f0ee054b29f7034da.jpg","datePublished":"2016-08-11T05:42:59+00:00","breadcrumb":{"@id":"https:\/\/www.justiceinfo.net\/fr\/28723-nouveau-proces-contre-katanga-demontre-le-potentiel-du-systeme-de-justice-de-la-rdc-pour-juger-les-crimes-internationaux-complexes.html#breadcrumb"},"inLanguage":"fr-FR","potentialAction":[{"@type":"ReadAction","target":["https:\/\/www.justiceinfo.net\/fr\/28723-nouveau-proces-contre-katanga-demontre-le-potentiel-du-systeme-de-justice-de-la-rdc-pour-juger-les-crimes-internationaux-complexes.html"]}]},{"@type":"ImageObject","inLanguage":"fr-FR","@id":"https:\/\/www.justiceinfo.net\/fr\/28723-nouveau-proces-contre-katanga-demontre-le-potentiel-du-systeme-de-justice-de-la-rdc-pour-juger-les-crimes-internationaux-complexes.html#primaryimage","url":"https:\/\/www.justiceinfo.net\/wp-content\/uploads\/e60c215b64923b5f0ee054b29f7034da.jpg","contentUrl":"https:\/\/www.justiceinfo.net\/wp-content\/uploads\/e60c215b64923b5f0ee054b29f7034da.jpg","width":657,"height":406},{"@type":"BreadcrumbList","@id":"https:\/\/www.justiceinfo.net\/fr\/28723-nouveau-proces-contre-katanga-demontre-le-potentiel-du-systeme-de-justice-de-la-rdc-pour-juger-les-crimes-internationaux-complexes.html#breadcrumb","itemListElement":[{"@type":"ListItem","position":1,"name":"Home","item":"https:\/\/www.justiceinfo.net\/fr"},{"@type":"ListItem","position":2,"name":"Le nouveau proc\u00e8s contre Katanga d\u00e9montre le potentiel du syst\u00e8me de justice de la RDC pour juger les crimes internationaux complexes"}]},{"@type":"WebSite","@id":"https:\/\/www.justiceinfo.net\/fr#website","url":"https:\/\/www.justiceinfo.net\/fr","name":"JusticeInfo.net","description":"La justice doit \u00eatre vue pour \u00eatre rendue","publisher":{"@id":"https:\/\/www.justiceinfo.net\/fr#organization"},"potentialAction":[{"@type":"SearchAction","target":{"@type":"EntryPoint","urlTemplate":"https:\/\/www.justiceinfo.net\/fr?s={search_term_string}"},"query-input":{"@type":"PropertyValueSpecification","valueRequired":true,"valueName":"search_term_string"}}],"inLanguage":"fr-FR"},{"@type":"Organization","@id":"https:\/\/www.justiceinfo.net\/fr#organization","name":"Justice Info","url":"https:\/\/www.justiceinfo.net\/fr","logo":{"@type":"ImageObject","inLanguage":"fr-FR","@id":"https:\/\/www.justiceinfo.net\/fr#\/schema\/logo\/image\/","url":"https:\/\/www.justiceinfo.net\/wp-content\/uploads\/justiceinfo_logo-trans_1200x1200px.png","contentUrl":"https:\/\/www.justiceinfo.net\/wp-content\/uploads\/justiceinfo_logo-trans_1200x1200px.png","width":1199,"height":1200,"caption":"Justice Info"},"image":{"@id":"https:\/\/www.justiceinfo.net\/fr#\/schema\/logo\/image\/"},"sameAs":["https:\/\/www.facebook.com\/JusticeInfo\/","https:\/\/x.com\/justiceinfonet","https:\/\/www.linkedin.com\/company\/justice-info","https:\/\/www.youtube.com\/channel\/UCyCEsARodyuWtkWyhn-e7pA"]},{"@type":"Person","name":"Paul Seils et Myriam Raymond-Jett\u00e9","url":"\/fr\/?s=Paul Seils et Myriam Raymond-Jett\u00e9"}]}},"_links":{"self":[{"href":"https:\/\/www.justiceinfo.net\/fr\/wp-json\/wp\/v2\/posts\/28723","targetHints":{"allow":["GET"]}}],"collection":[{"href":"https:\/\/www.justiceinfo.net\/fr\/wp-json\/wp\/v2\/posts"}],"about":[{"href":"https:\/\/www.justiceinfo.net\/fr\/wp-json\/wp\/v2\/types\/post"}],"author":[{"embeddable":true,"href":"https:\/\/www.justiceinfo.net\/fr\/wp-json\/wp\/v2\/users\/64"}],"replies":[{"embeddable":true,"href":"https:\/\/www.justiceinfo.net\/fr\/wp-json\/wp\/v2\/comments?post=28723"}],"version-history":[{"count":0,"href":"https:\/\/www.justiceinfo.net\/fr\/wp-json\/wp\/v2\/posts\/28723\/revisions"}],"wp:featuredmedia":[{"embeddable":true,"href":"https:\/\/www.justiceinfo.net\/fr\/wp-json\/wp\/v2\/media\/67846"}],"wp:attachment":[{"href":"https:\/\/www.justiceinfo.net\/fr\/wp-json\/wp\/v2\/media?parent=28723"}],"wp:term":[{"taxonomy":"category","embeddable":true,"href":"https:\/\/www.justiceinfo.net\/fr\/wp-json\/wp\/v2\/categories?post=28723"},{"taxonomy":"post_tag","embeddable":true,"href":"https:\/\/www.justiceinfo.net\/fr\/wp-json\/wp\/v2\/tags?post=28723"},{"taxonomy":"ji_location","embeddable":true,"href":"https:\/\/www.justiceinfo.net\/fr\/wp-json\/wp\/v2\/ji_location?post=28723"}],"curies":[{"name":"wp","href":"https:\/\/api.w.org\/{rel}","templated":true}]}}