{"id":28780,"date":"2016-08-18T13:20:02","date_gmt":"2016-08-18T11:20:02","guid":{"rendered":"https:\/\/www.justiceinfo.net\/28780-une-juge-argentine-va-enqueter-sur-l-execution-du-poete-garcia-lorca.html"},"modified":"2016-08-18T13:20:02","modified_gmt":"2016-08-18T11:20:02","slug":"une-juge-argentine-va-enqueter-sur-l-execution-du-poete-garcia-lorca","status":"publish","type":"post","link":"https:\/\/www.justiceinfo.net\/fr\/28780-une-juge-argentine-va-enqueter-sur-l-execution-du-poete-garcia-lorca.html","title":{"rendered":"Une juge argentine va enqu\u00eater sur l'ex\u00e9cution du po\u00e8te Garcia Lorca"},"content":{"rendered":"<p><strong><em>Une juge argentine enqu\u00eatant sur les crimes commis durant la guerre civile espagnole va tenter d'\u00e9claircir les circonstances de l'assassinat en 1936 du po\u00e8te Federico Garc\u00eda Lorca dont les restes n'ont jamais \u00e9t\u00e9 retrouv\u00e9s, a annonc\u00e9 jeudi \u00e0 Madrid une association de victimes.<\/em><\/strong><\/p>\n<p>La juge Mar\u00eda Servini \"a d\u00e9j\u00e0 accept\u00e9 notre plainte et s'est mise \u00e0 travailler sur cette question\", a assur\u00e9 \u00e0 l'AFP Emilio Silva, le pr\u00e9sident de l'Association espagnole pour la r\u00e9cup\u00e9ration de la m\u00e9moire historique (ARMH), qui a sollicit\u00e9 la juge argentine.<\/p>\n<p>En 2010, la magistrate de Buenos Aires avait invoqu\u00e9 le principe de justice universelle pour ouvrir une enqu\u00eate pour g\u00e9nocide et crimes contre l'humanit\u00e9 durant la guerre civile (1936-1939) et sous la dictature de Francisco Franco (1939-1975).<\/p>\n<p>Cette fois, la juge entend demander \"au gouvernement espagnol toute information en lien avec ce dossier (de la mort de Lorca) qui puisse exister dans les archives\" et elle pourrait se rendre prochainement en Espagne \u00e0 cette fin, selon M. Silva.<\/p>\n<p>L'annonce a \u00e9t\u00e9 faite 80 ans apr\u00e8s la mort du po\u00e8te: Federico Garcia Lorca - auteur du recueil de po\u00e8mes \"Romances Gitanes\" ou encore des pi\u00e8ces \"Yerma\" et \"Noces de sang\" - avait \u00e9t\u00e9 fusill\u00e9 pr\u00e8s de Grenade en ao\u00fbt 1936, aux premiers jours de la guerre civile et ses restes avaient \u00e9t\u00e9 jet\u00e9s dans une fosse commune.<\/p>\n<p>En septembre d\u00e9butera une troisi\u00e8me recherche de ses restes jamais retrouv\u00e9s, selon l'annonce faite r\u00e9cemment par un arch\u00e9ologue dirigeant les travaux.<\/p>\n<p>L'association de victimes a bas\u00e9 sa demande sur un document de 1965 rest\u00e9 \"cach\u00e9\" pendant des d\u00e9cennies aux archives du minist\u00e8re de l'Int\u00e9rieur, dans lequel \"pour la premi\u00e8re fois l'Etat franquiste reconna\u00eet l'assassinat de Lorca\", a dit M. Silva.<\/p>\n<p>Le texte, un rapport de la police de Grenade, indique que le po\u00e8te \"a \u00e9t\u00e9 pass\u00e9 par les armes\" et \"enterr\u00e9 \u00e0 cet endroit\", \u00e0 une faible profondeur.<\/p>\n<p>\"L'impunit\u00e9 qui a r\u00e9gn\u00e9 au sujet du franquisme est devenue toute une culture politique et dans ce cas (de l'assassinat de Lorca), c'est \u00e9vident\", a d\u00e9plor\u00e9 M. Silva.<\/p>\n<p>Au nom d'une loi d'amnistie de 1977, adopt\u00e9e pendant la p\u00e9riode de \"transition\" vers la d\u00e9mocratie apr\u00e8s la mort de Franco, l'Espagne a toujours refus\u00e9 de lever le voile sur les plus sombres \u00e9pisodes de son histoire contemporaine. Mais les victimes n'ont pas cess\u00e9 de r\u00e9clamer une remise en question de cette politique destin\u00e9e officiellement \u00e0 \u00e9viter que deux Espagne s'affrontent.<\/p>\n<p>En novembre 2014, la juge argentine avait lanc\u00e9 20 mandats d'arr\u00eat internationaux visant une vingtaine d'Espagnols franquistes qu'elle voulait interroger, dont six anciens ministres de Franco. Mais en mars 2015, le ministre de la Justice espagnol, Rafael Catala, avait annonc\u00e9 qu'il avait rendu un avis d\u00e9favorable \u00e0 leur extradition en Argentine.<\/p>\n","protected":false},"excerpt":{"rendered":"<p>Une juge argentine enqu\u00eatant sur les crimes commis durant la guerre civile espagnole va tenter d'\u00e9claircir les circonstances de l'assassinat en 1936 du po\u00e8te Federico Garc\u00eda Lorca dont les restes n'ont jamais \u00e9t\u00e9 retrouv\u00e9s, a annonc\u00e9 jeudi \u00e0 Madrid une association de victimes. La juge Mar\u00eda Servini \"a d\u00e9j\u00e0 accept\u00e9 notre plainte et s'est mise [&hellip;]<\/p>\n","protected":false},"author":60,"featured_media":0,"comment_status":"open","ping_status":"closed","sticky":false,"template":"","format":"standard","meta":{"_acf_changed":false,"footnotes":""},"categories":[556],"tags":[],"ji_location":[2080],"class_list":["post-28780","post","type-post","status-publish","format-standard","hentry","category-divers","ji_location-ameriques"],"acf":[],"yoast_head":"<!-- This site is optimized with the Yoast SEO Premium plugin v25.3.1 (Yoast SEO v25.3.1) - https:\/\/yoast.com\/wordpress\/plugins\/seo\/ -->\n<title>Une juge argentine va enqu\u00eater sur l&#039;ex\u00e9cution du po\u00e8te Garcia Lorca - JusticeInfo.net<\/title>\n<meta name=\"robots\" content=\"index, follow, max-snippet:-1, max-image-preview:large, max-video-preview:-1\" \/>\n<link rel=\"canonical\" href=\"https:\/\/www.justiceinfo.net\/fr\/28780-une-juge-argentine-va-enqueter-sur-l-execution-du-poete-garcia-lorca.html\" \/>\n<meta property=\"og:locale\" content=\"fr_FR\" \/>\n<meta property=\"og:type\" content=\"article\" \/>\n<meta property=\"og:title\" content=\"Une juge argentine va enqu\u00eater sur l&#039;ex\u00e9cution du po\u00e8te Garcia Lorca\" \/>\n<meta property=\"og:description\" content=\"Une juge argentine enqu\u00eatant sur les crimes commis durant la guerre civile espagnole va tenter d&#039;\u00e9claircir les circonstances de l&#039;assassinat en 1936 du po\u00e8te Federico Garc\u00eda Lorca dont les restes n&#039;ont jamais \u00e9t\u00e9 retrouv\u00e9s, a annonc\u00e9 jeudi \u00e0 Madrid une association de victimes. La juge Mar\u00eda Servini &quot;a d\u00e9j\u00e0 accept\u00e9 notre plainte et s&#039;est mise [&hellip;]\" \/>\n<meta property=\"og:url\" content=\"https:\/\/www.justiceinfo.net\/fr\/28780-une-juge-argentine-va-enqueter-sur-l-execution-du-poete-garcia-lorca.html\" \/>\n<meta property=\"og:site_name\" content=\"JusticeInfo.net\" \/>\n<meta property=\"article:publisher\" content=\"https:\/\/www.facebook.com\/JusticeInfo\/\" \/>\n<meta property=\"article:published_time\" content=\"2016-08-18T11:20:02+00:00\" \/>\n<meta property=\"og:image\" content=\"https:\/\/www.justiceinfo.net\/wp-content\/uploads\/JusticeInfoNet_logo_1200x630px.jpg\" \/>\n\t<meta property=\"og:image:width\" content=\"1200\" \/>\n\t<meta property=\"og:image:height\" content=\"630\" \/>\n\t<meta property=\"og:image:type\" content=\"image\/jpeg\" \/>\n<meta name=\"author\" content=\"AFP\" \/>\n<meta name=\"twitter:card\" content=\"summary_large_image\" \/>\n<meta name=\"twitter:creator\" content=\"@justiceinfonet\" \/>\n<meta name=\"twitter:site\" content=\"@justiceinfonet\" \/>\n<meta name=\"twitter:label1\" content=\"\u00c9crit par\" \/>\n\t<meta name=\"twitter:data1\" content=\"AFP\" \/>\n\t<meta name=\"twitter:label2\" content=\"Dur\u00e9e de lecture estim\u00e9e\" \/>\n\t<meta name=\"twitter:data2\" content=\"2 minutes\" \/>\n<script type=\"application\/ld+json\" class=\"yoast-schema-graph\">{\"@context\":\"https:\/\/schema.org\",\"@graph\":[{\"@type\":\"NewsArticle\",\"@id\":\"https:\/\/www.justiceinfo.net\/fr\/28780-une-juge-argentine-va-enqueter-sur-l-execution-du-poete-garcia-lorca.html#article\",\"isPartOf\":{\"@id\":\"https:\/\/www.justiceinfo.net\/fr\/28780-une-juge-argentine-va-enqueter-sur-l-execution-du-poete-garcia-lorca.html\"},\"author\":{\"name\":\"afp\",\"@id\":\"https:\/\/www.justiceinfo.net\/fr#\/schema\/person\/713d340ef5f218fc36ce9b4244364a7f\"},\"headline\":\"Une juge argentine va enqu\u00eater sur l'ex\u00e9cution du po\u00e8te Garcia Lorca\",\"datePublished\":\"2016-08-18T11:20:02+00:00\",\"mainEntityOfPage\":{\"@id\":\"https:\/\/www.justiceinfo.net\/fr\/28780-une-juge-argentine-va-enqueter-sur-l-execution-du-poete-garcia-lorca.html\"},\"wordCount\":512,\"commentCount\":0,\"publisher\":{\"@id\":\"https:\/\/www.justiceinfo.net\/fr#organization\"},\"articleSection\":[\"Divers\"],\"inLanguage\":\"fr-FR\",\"potentialAction\":[{\"@type\":\"CommentAction\",\"name\":\"Comment\",\"target\":[\"https:\/\/www.justiceinfo.net\/fr\/28780-une-juge-argentine-va-enqueter-sur-l-execution-du-poete-garcia-lorca.html#respond\"]}]},{\"@type\":\"WebPage\",\"@id\":\"https:\/\/www.justiceinfo.net\/fr\/28780-une-juge-argentine-va-enqueter-sur-l-execution-du-poete-garcia-lorca.html\",\"url\":\"https:\/\/www.justiceinfo.net\/fr\/28780-une-juge-argentine-va-enqueter-sur-l-execution-du-poete-garcia-lorca.html\",\"name\":\"Une juge argentine va enqu\u00eater sur l'ex\u00e9cution du po\u00e8te Garcia Lorca - JusticeInfo.net\",\"isPartOf\":{\"@id\":\"https:\/\/www.justiceinfo.net\/fr#website\"},\"datePublished\":\"2016-08-18T11:20:02+00:00\",\"breadcrumb\":{\"@id\":\"https:\/\/www.justiceinfo.net\/fr\/28780-une-juge-argentine-va-enqueter-sur-l-execution-du-poete-garcia-lorca.html#breadcrumb\"},\"inLanguage\":\"fr-FR\",\"potentialAction\":[{\"@type\":\"ReadAction\",\"target\":[\"https:\/\/www.justiceinfo.net\/fr\/28780-une-juge-argentine-va-enqueter-sur-l-execution-du-poete-garcia-lorca.html\"]}]},{\"@type\":\"BreadcrumbList\",\"@id\":\"https:\/\/www.justiceinfo.net\/fr\/28780-une-juge-argentine-va-enqueter-sur-l-execution-du-poete-garcia-lorca.html#breadcrumb\",\"itemListElement\":[{\"@type\":\"ListItem\",\"position\":1,\"name\":\"Home\",\"item\":\"https:\/\/www.justiceinfo.net\/fr\"},{\"@type\":\"ListItem\",\"position\":2,\"name\":\"Une juge argentine va enqu\u00eater sur l'ex\u00e9cution du po\u00e8te Garcia Lorca\"}]},{\"@type\":\"WebSite\",\"@id\":\"https:\/\/www.justiceinfo.net\/fr#website\",\"url\":\"https:\/\/www.justiceinfo.net\/fr\",\"name\":\"JusticeInfo.net\",\"description\":\"La justice doit \u00eatre vue pour \u00eatre rendue\",\"publisher\":{\"@id\":\"https:\/\/www.justiceinfo.net\/fr#organization\"},\"potentialAction\":[{\"@type\":\"SearchAction\",\"target\":{\"@type\":\"EntryPoint\",\"urlTemplate\":\"https:\/\/www.justiceinfo.net\/fr?s={search_term_string}\"},\"query-input\":{\"@type\":\"PropertyValueSpecification\",\"valueRequired\":true,\"valueName\":\"search_term_string\"}}],\"inLanguage\":\"fr-FR\"},{\"@type\":\"Organization\",\"@id\":\"https:\/\/www.justiceinfo.net\/fr#organization\",\"name\":\"Justice Info\",\"url\":\"https:\/\/www.justiceinfo.net\/fr\",\"logo\":{\"@type\":\"ImageObject\",\"inLanguage\":\"fr-FR\",\"@id\":\"https:\/\/www.justiceinfo.net\/fr#\/schema\/logo\/image\/\",\"url\":\"https:\/\/www.justiceinfo.net\/wp-content\/uploads\/justiceinfo_logo-trans_1200x1200px.png\",\"contentUrl\":\"https:\/\/www.justiceinfo.net\/wp-content\/uploads\/justiceinfo_logo-trans_1200x1200px.png\",\"width\":1199,\"height\":1200,\"caption\":\"Justice Info\"},\"image\":{\"@id\":\"https:\/\/www.justiceinfo.net\/fr#\/schema\/logo\/image\/\"},\"sameAs\":[\"https:\/\/www.facebook.com\/JusticeInfo\/\",\"https:\/\/x.com\/justiceinfonet\",\"https:\/\/www.linkedin.com\/company\/justice-info\",\"https:\/\/www.youtube.com\/channel\/UCyCEsARodyuWtkWyhn-e7pA\"]},{\"@type\":\"Person\",\"name\":\"AFP\",\"url\":\"\/fr\/?s=AFP\"}]}<\/script>\n<!-- \/ Yoast SEO Premium plugin. -->","yoast_head_json":{"title":"Une juge argentine va enqu\u00eater sur l'ex\u00e9cution du po\u00e8te Garcia Lorca - JusticeInfo.net","robots":{"index":"index","follow":"follow","max-snippet":"max-snippet:-1","max-image-preview":"max-image-preview:large","max-video-preview":"max-video-preview:-1"},"canonical":"https:\/\/www.justiceinfo.net\/fr\/28780-une-juge-argentine-va-enqueter-sur-l-execution-du-poete-garcia-lorca.html","og_locale":"fr_FR","og_type":"article","og_title":"Une juge argentine va enqu\u00eater sur l'ex\u00e9cution du po\u00e8te Garcia Lorca","og_description":"Une juge argentine enqu\u00eatant sur les crimes commis durant la guerre civile espagnole va tenter d'\u00e9claircir les circonstances de l'assassinat en 1936 du po\u00e8te Federico Garc\u00eda Lorca dont les restes n'ont jamais \u00e9t\u00e9 retrouv\u00e9s, a annonc\u00e9 jeudi \u00e0 Madrid une association de victimes. La juge Mar\u00eda Servini \"a d\u00e9j\u00e0 accept\u00e9 notre plainte et s'est mise [&hellip;]","og_url":"https:\/\/www.justiceinfo.net\/fr\/28780-une-juge-argentine-va-enqueter-sur-l-execution-du-poete-garcia-lorca.html","og_site_name":"JusticeInfo.net","article_publisher":"https:\/\/www.facebook.com\/JusticeInfo\/","article_published_time":"2016-08-18T11:20:02+00:00","og_image":[{"width":1200,"height":630,"url":"https:\/\/www.justiceinfo.net\/wp-content\/uploads\/JusticeInfoNet_logo_1200x630px.jpg","type":"image\/jpeg"}],"author":"AFP","twitter_card":"summary_large_image","twitter_creator":"@justiceinfonet","twitter_site":"@justiceinfonet","twitter_misc":{"\u00c9crit par":"AFP","Dur\u00e9e de lecture estim\u00e9e":"2 minutes"},"schema":{"@context":"https:\/\/schema.org","@graph":[{"@type":"NewsArticle","@id":"https:\/\/www.justiceinfo.net\/fr\/28780-une-juge-argentine-va-enqueter-sur-l-execution-du-poete-garcia-lorca.html#article","isPartOf":{"@id":"https:\/\/www.justiceinfo.net\/fr\/28780-une-juge-argentine-va-enqueter-sur-l-execution-du-poete-garcia-lorca.html"},"author":{"name":"afp","@id":"https:\/\/www.justiceinfo.net\/fr#\/schema\/person\/713d340ef5f218fc36ce9b4244364a7f"},"headline":"Une juge argentine va enqu\u00eater sur l'ex\u00e9cution du po\u00e8te Garcia Lorca","datePublished":"2016-08-18T11:20:02+00:00","mainEntityOfPage":{"@id":"https:\/\/www.justiceinfo.net\/fr\/28780-une-juge-argentine-va-enqueter-sur-l-execution-du-poete-garcia-lorca.html"},"wordCount":512,"commentCount":0,"publisher":{"@id":"https:\/\/www.justiceinfo.net\/fr#organization"},"articleSection":["Divers"],"inLanguage":"fr-FR","potentialAction":[{"@type":"CommentAction","name":"Comment","target":["https:\/\/www.justiceinfo.net\/fr\/28780-une-juge-argentine-va-enqueter-sur-l-execution-du-poete-garcia-lorca.html#respond"]}]},{"@type":"WebPage","@id":"https:\/\/www.justiceinfo.net\/fr\/28780-une-juge-argentine-va-enqueter-sur-l-execution-du-poete-garcia-lorca.html","url":"https:\/\/www.justiceinfo.net\/fr\/28780-une-juge-argentine-va-enqueter-sur-l-execution-du-poete-garcia-lorca.html","name":"Une juge argentine va enqu\u00eater sur l'ex\u00e9cution du po\u00e8te Garcia Lorca - JusticeInfo.net","isPartOf":{"@id":"https:\/\/www.justiceinfo.net\/fr#website"},"datePublished":"2016-08-18T11:20:02+00:00","breadcrumb":{"@id":"https:\/\/www.justiceinfo.net\/fr\/28780-une-juge-argentine-va-enqueter-sur-l-execution-du-poete-garcia-lorca.html#breadcrumb"},"inLanguage":"fr-FR","potentialAction":[{"@type":"ReadAction","target":["https:\/\/www.justiceinfo.net\/fr\/28780-une-juge-argentine-va-enqueter-sur-l-execution-du-poete-garcia-lorca.html"]}]},{"@type":"BreadcrumbList","@id":"https:\/\/www.justiceinfo.net\/fr\/28780-une-juge-argentine-va-enqueter-sur-l-execution-du-poete-garcia-lorca.html#breadcrumb","itemListElement":[{"@type":"ListItem","position":1,"name":"Home","item":"https:\/\/www.justiceinfo.net\/fr"},{"@type":"ListItem","position":2,"name":"Une juge argentine va enqu\u00eater sur l'ex\u00e9cution du po\u00e8te Garcia Lorca"}]},{"@type":"WebSite","@id":"https:\/\/www.justiceinfo.net\/fr#website","url":"https:\/\/www.justiceinfo.net\/fr","name":"JusticeInfo.net","description":"La justice doit \u00eatre vue pour \u00eatre rendue","publisher":{"@id":"https:\/\/www.justiceinfo.net\/fr#organization"},"potentialAction":[{"@type":"SearchAction","target":{"@type":"EntryPoint","urlTemplate":"https:\/\/www.justiceinfo.net\/fr?s={search_term_string}"},"query-input":{"@type":"PropertyValueSpecification","valueRequired":true,"valueName":"search_term_string"}}],"inLanguage":"fr-FR"},{"@type":"Organization","@id":"https:\/\/www.justiceinfo.net\/fr#organization","name":"Justice Info","url":"https:\/\/www.justiceinfo.net\/fr","logo":{"@type":"ImageObject","inLanguage":"fr-FR","@id":"https:\/\/www.justiceinfo.net\/fr#\/schema\/logo\/image\/","url":"https:\/\/www.justiceinfo.net\/wp-content\/uploads\/justiceinfo_logo-trans_1200x1200px.png","contentUrl":"https:\/\/www.justiceinfo.net\/wp-content\/uploads\/justiceinfo_logo-trans_1200x1200px.png","width":1199,"height":1200,"caption":"Justice Info"},"image":{"@id":"https:\/\/www.justiceinfo.net\/fr#\/schema\/logo\/image\/"},"sameAs":["https:\/\/www.facebook.com\/JusticeInfo\/","https:\/\/x.com\/justiceinfonet","https:\/\/www.linkedin.com\/company\/justice-info","https:\/\/www.youtube.com\/channel\/UCyCEsARodyuWtkWyhn-e7pA"]},{"@type":"Person","name":"AFP","url":"\/fr\/?s=AFP"}]}},"_links":{"self":[{"href":"https:\/\/www.justiceinfo.net\/fr\/wp-json\/wp\/v2\/posts\/28780","targetHints":{"allow":["GET"]}}],"collection":[{"href":"https:\/\/www.justiceinfo.net\/fr\/wp-json\/wp\/v2\/posts"}],"about":[{"href":"https:\/\/www.justiceinfo.net\/fr\/wp-json\/wp\/v2\/types\/post"}],"author":[{"embeddable":true,"href":"https:\/\/www.justiceinfo.net\/fr\/wp-json\/wp\/v2\/users\/60"}],"replies":[{"embeddable":true,"href":"https:\/\/www.justiceinfo.net\/fr\/wp-json\/wp\/v2\/comments?post=28780"}],"version-history":[{"count":0,"href":"https:\/\/www.justiceinfo.net\/fr\/wp-json\/wp\/v2\/posts\/28780\/revisions"}],"wp:attachment":[{"href":"https:\/\/www.justiceinfo.net\/fr\/wp-json\/wp\/v2\/media?parent=28780"}],"wp:term":[{"taxonomy":"category","embeddable":true,"href":"https:\/\/www.justiceinfo.net\/fr\/wp-json\/wp\/v2\/categories?post=28780"},{"taxonomy":"post_tag","embeddable":true,"href":"https:\/\/www.justiceinfo.net\/fr\/wp-json\/wp\/v2\/tags?post=28780"},{"taxonomy":"ji_location","embeddable":true,"href":"https:\/\/www.justiceinfo.net\/fr\/wp-json\/wp\/v2\/ji_location?post=28780"}],"curies":[{"name":"wp","href":"https:\/\/api.w.org\/{rel}","templated":true}]}}