{"id":28881,"date":"2016-08-26T07:21:30","date_gmt":"2016-08-26T05:21:30","guid":{"rendered":"https:\/\/www.justiceinfo.net\/28881-colombie-l-accord-de-paix-est-une-occasion-cruciale-dendiguer-les-violations-des-droits-humains.html"},"modified":"2016-08-26T07:21:30","modified_gmt":"2016-08-26T05:21:30","slug":"colombie-l-accord-de-paix-est-une-occasion-cruciale-dendiguer-les-violations-des-droits-humains","status":"publish","type":"post","link":"https:\/\/www.justiceinfo.net\/fr\/28881-colombie-l-accord-de-paix-est-une-occasion-cruciale-dendiguer-les-violations-des-droits-humains.html","title":{"rendered":"Colombie : L'accord de paix est une occasion cruciale d\u2019endiguer les violations des droits humains"},"content":{"rendered":"<p>(Washington, le 25 ao\u00fbt 2016) \u2013 L'accord conclu le 24 ao\u00fbt 2016 entre le gouvernement\u00a0<a href=\"http:\/\/www.hrw.org\/fr\/americas\/colombia\">colombien<\/a> et les gu\u00e9rilleros des Forces arm\u00e9es r\u00e9volutionnaires de Colombie (FARC), en vue de mettre fin \u00e0 leur conflit qui dure depuis 52 ans, constitue une occasion sans pr\u00e9c\u00e9dent d\u2019endiguer\u00a0les violations des droits humains dans le pays, a d\u00e9clar\u00e9 Human Rights Watch aujourd'hui. Mais cet accord comporte un grave d\u00e9faut qui risque de le rendre inefficace: un arrangement d\u00e9fectueux concernant les droits des victimes, conclu en d\u00e9cembre 2015 et qui pourrait garantir l'impunit\u00e9 pour les individus responsables de violations des droits humains et de crimes de guerre.<\/p>\n<p>Les pourparlers de paix avec les gu\u00e9rilleros, qui ont commenc\u00e9 en octobre 2012, visaient \u00e0 parvenir \u00e0 des accords partiels sur cinq points particuliers, outre la cessation du conflit. Parmi ces points, figurent la participation politique des anciens rebelles, les droits des victimes et la politique en mati\u00e8re de drogue. Le gouvernement pr\u00e9voit d'organiser dans les prochaines semaines un r\u00e9f\u00e9rendum national pour faire approuver l'accord.<\/p>\n<p>\u00ab<em> L'engagement des FARC \u00e0 d\u00e9mobiliser et \u00e0 d\u00e9poser les armes devrait clore un chapitre tragique et sanglant de l'histoire de la Colombie et apporter un soulagement apr\u00e8s des ann\u00e9es de violences et d'abus<\/em> \u00bb, a d\u00e9clar\u00e9 <a href=\"https:\/\/www.hrw.org\/fr\/about\/people\/jose-miguel-vivanco\">Jos\u00e9 Miguel Vivanco<\/a>, directeur de la division Am\u00e9riques \u00e0 Human Rights Watch. \u00ab<em> Mais les parties aux n\u00e9gociations ont gravement compromis cette occasion d'aboutir \u00e0 une paix juste et durable, avec un pr\u00e9tendu accord sur les victimes qui faillit \u00e0 l'obligation de satisfaire aux droits des personnes qui ont souffert des pires atrocit\u00e9s.<\/em> \u00bb<\/p>\n<p>Depuis leur formation au milieu des ann\u00e9es 1960, les FARC, qui constituent le principal groupe rebelle de Colombie, ont commis des abus syst\u00e9matiquement \u00e0 l'encontre des civils. Leurs gu\u00e9rilleros ont tu\u00e9 et enlev\u00e9 des civils, pris des otages, fait dispara\u00eetre des personnes, commis des violences sexuelles g\u00e9n\u00e9ralis\u00e9es, utilis\u00e9 des enfants soldats, organis\u00e9 des proc\u00e8s d'une iniquit\u00e9 choquante, d\u00e9plac\u00e9 des civils de force et soumis des combattants captur\u00e9s \u00e0 des traitements cruels et inhumains.<\/p>\n<div class=\"article-body\">\n<p class=\"embed\" data-type=\"quote\">Dans sa forme actuelle, l'accord sur les victimes assure que les individus qui portent la principale responsabilit\u00e9 pour ces atrocit\u00e9s \u00e9chapperont \u00e0 une v\u00e9ritable justice, car il permet \u00e0 ceux qui avoueront leurs crimes d'\u00e9viter toute forme de sanction un tant soit peu s\u00e9v\u00e8re.<\/p>\n<p class=\"embed\" data-type=\"quote\">Aux termes de l'accord, les gu\u00e9rilleros des FARC qui passeront aux aveux pourraient \u00e9viter la prison ou toute forme \u00ab<em> \u00e9quivalente<\/em> \u00bb de d\u00e9tention. \u00c0 la place, ils feraient l'objet de sanctions \u00e9quivalant \u00e0 des \u00ab<em> restrictions de leurs droits et libert\u00e9s<\/em> \u00bb mod\u00e9r\u00e9es et br\u00e8ves, en m\u00eame temps qu'ils seraient tenus de participer \u00e0 des projets destin\u00e9s \u00e0 porter assistance aux victimes du conflit. Les nombreuses ambigu\u00eft\u00e9s et lacunes contenues dans l'accord pourraient permettre \u00e0 des criminels ayant avou\u00e9 leurs crimes d'\u00eatre exempt\u00e9s de toutes ces restrictions avant m\u00eame que leurs peines ne soient purg\u00e9es et d'\u00e9viter toute cons\u00e9quence au cas o\u00f9 ils ne se plieraient pas aux sanctions prononc\u00e9es contre eux.<\/p>\n<div class=\"embed\" data-type=\"quote\">\n<p>Des sanctions similaires seraient applicables aux membres des forces arm\u00e9es, y compris probablement nombre de ceux qui sont r\u00e9put\u00e9s responsables des ex\u00e9cutions syst\u00e9matiques de milliers de civils effectu\u00e9es par des unit\u00e9s militaires \u00e0 travers la Colombie entre 2002 et 2008 afin de gonfler les bilans des pertes ennemies dans la lutte anti-gu\u00e9rilla pr\u00e9sent\u00e9s par l'arm\u00e9e \u2013 connus sous le nom de \u00ab<em> bilans faussement positifs<\/em> \u00bb.<\/p>\n<p>\u00ab<em> Permettre \u00e0 des individus qui ont avou\u00e9 et ont \u00e9t\u00e9 reconnus coupables de crimes de guerre d'\u00eatre \u2018punis\u2019 de rien de plus qu'une assignation \u00e0 des services communautaires est d'une insuffisance grotesque <\/em>\u00bb, a affirm\u00e9 Jos\u00e9 Miguel Vivanco. \u00ab<em> La communaut\u00e9 internationale ne devrait pas d\u00e9tourner le regard devant cette parodie de justice au nom de la paix.<\/em> \u00bb<\/p>\n<p>Parmi d'autres \u00e9l\u00e9ments troublants de l'accord relatif \u00e0 la justice, figure une d\u00e9finition de la \u00ab<em> responsabilit\u00e9 de commandement<\/em> \u00bb qui pourrait \u00eatre interpr\u00e9t\u00e9e d'une mani\u00e8re non conforme au droit international afin de permettre \u00e0 des officiers sup\u00e9rieurs des forces arm\u00e9es colombiennes et des FARC d'\u00e9chapper \u00e0 leurs responsabilit\u00e9s pour des crimes commis par leurs subordonn\u00e9s. Contrairement \u00e0 la d\u00e9finition consacr\u00e9e par le droit international, l'accord pourrait exiger une preuve que les commandants savaient que des crimes contre les droits humains \u00e9taient commis par leurs troupes, plut\u00f4t que la simple pr\u00e9somption qu'ils \u00e9taient au courant du fait de leur position hi\u00e9rarchique.<\/p>\n<p>\u00ab<em> Si le gouvernement colombien est s\u00e9rieux dans son intention d'instaurer une paix durable et de respecter le droit des victimes \u00e0 la justice, il devrait modifier la loi mettant en \u0153uvre l\u2019accord de paix en vue de rectifier les graves lacunes contenues dans le volet relatif aux victimes <\/em>\u00bb, a conclu Jos\u00e9 Miguel Vivanco. \u00ab<em> Pour commencer, il devrait amender l'accord pour faire en sorte que les commandants soient tenus responsables des crimes commis par leurs troupes et pour rectifier les ambigu\u00eft\u00e9s qui pourraient permettre que des criminels ayant avou\u00e9 leurs crimes re\u00e7oivent des sanctions inad\u00e9quates.<\/em> \u00bb\u00a0<\/p>\n<\/div>\n<\/div>\n<div class=\"article-tags\">\u00a0<\/div>\n","protected":false},"excerpt":{"rendered":"<p>(Washington, le 25 ao\u00fbt 2016) \u2013 L'accord conclu le 24 ao\u00fbt 2016 entre le gouvernement\u00a0colombien et les gu\u00e9rilleros des Forces arm\u00e9es r\u00e9volutionnaires de Colombie (FARC), en vue de mettre fin \u00e0 leur conflit qui dure depuis 52 ans, constitue une occasion sans pr\u00e9c\u00e9dent d\u2019endiguer\u00a0les violations des droits humains dans le pays, a d\u00e9clar\u00e9 Human Rights [&hellip;]<\/p>\n","protected":false},"author":64,"featured_media":67666,"comment_status":"open","ping_status":"closed","sticky":false,"template":"","format":"standard","meta":{"_acf_changed":false,"footnotes":""},"categories":[575],"tags":[],"ji_location":[2176],"class_list":["post-28881","post","type-post","status-publish","format-standard","has-post-thumbnail","hentry","category-opinions","ji_location-colombie"],"acf":[],"yoast_head":"<!-- This site is optimized with the Yoast SEO Premium plugin v25.3.1 (Yoast SEO v25.3.1) - https:\/\/yoast.com\/wordpress\/plugins\/seo\/ -->\n<title>Colombie : L&#039;accord de paix est une occasion cruciale d\u2019endiguer les violations des droits humains - JusticeInfo.net<\/title>\n<meta name=\"robots\" content=\"index, follow, max-snippet:-1, max-image-preview:large, max-video-preview:-1\" \/>\n<link rel=\"canonical\" href=\"https:\/\/www.justiceinfo.net\/fr\/28881-colombie-l-accord-de-paix-est-une-occasion-cruciale-dendiguer-les-violations-des-droits-humains.html\" \/>\n<meta property=\"og:locale\" content=\"fr_FR\" \/>\n<meta property=\"og:type\" content=\"article\" \/>\n<meta property=\"og:title\" content=\"Colombie : L&#039;accord de paix est une occasion cruciale d\u2019endiguer les violations des droits humains\" \/>\n<meta property=\"og:description\" content=\"(Washington, le 25 ao\u00fbt 2016) \u2013 L&#039;accord conclu le 24 ao\u00fbt 2016 entre le gouvernement\u00a0colombien et les gu\u00e9rilleros des Forces arm\u00e9es r\u00e9volutionnaires de Colombie (FARC), en vue de mettre fin \u00e0 leur conflit qui dure depuis 52 ans, constitue une occasion sans pr\u00e9c\u00e9dent d\u2019endiguer\u00a0les violations des droits humains dans le pays, a d\u00e9clar\u00e9 Human Rights [&hellip;]\" \/>\n<meta property=\"og:url\" content=\"https:\/\/www.justiceinfo.net\/fr\/28881-colombie-l-accord-de-paix-est-une-occasion-cruciale-dendiguer-les-violations-des-droits-humains.html\" \/>\n<meta property=\"og:site_name\" content=\"JusticeInfo.net\" \/>\n<meta property=\"article:publisher\" content=\"https:\/\/www.facebook.com\/JusticeInfo\/\" \/>\n<meta property=\"article:published_time\" content=\"2016-08-26T05:21:30+00:00\" \/>\n<meta property=\"og:image\" content=\"https:\/\/www.justiceinfo.net\/wp-content\/uploads\/458c5df309e19022742b1bd326a5ae2f.jpg\" \/>\n\t<meta property=\"og:image:width\" content=\"728\" \/>\n\t<meta property=\"og:image:height\" content=\"473\" \/>\n\t<meta property=\"og:image:type\" content=\"image\/jpeg\" \/>\n<meta name=\"author\" content=\"Human Rights Watch\" \/>\n<meta name=\"twitter:card\" content=\"summary_large_image\" \/>\n<meta name=\"twitter:creator\" content=\"@justiceinfonet\" \/>\n<meta name=\"twitter:site\" content=\"@justiceinfonet\" \/>\n<meta name=\"twitter:label1\" content=\"\u00c9crit par\" \/>\n\t<meta name=\"twitter:data1\" content=\"Human Rights Watch\" \/>\n\t<meta name=\"twitter:label2\" content=\"Dur\u00e9e de lecture estim\u00e9e\" \/>\n\t<meta name=\"twitter:data2\" content=\"4 minutes\" \/>\n<script type=\"application\/ld+json\" class=\"yoast-schema-graph\">{\"@context\":\"https:\/\/schema.org\",\"@graph\":[{\"@type\":\"NewsArticle\",\"@id\":\"https:\/\/www.justiceinfo.net\/fr\/28881-colombie-l-accord-de-paix-est-une-occasion-cruciale-dendiguer-les-violations-des-droits-humains.html#article\",\"isPartOf\":{\"@id\":\"https:\/\/www.justiceinfo.net\/fr\/28881-colombie-l-accord-de-paix-est-une-occasion-cruciale-dendiguer-les-violations-des-droits-humains.html\"},\"author\":{\"name\":\"solivri\",\"@id\":\"https:\/\/www.justiceinfo.net\/fr#\/schema\/person\/6e53cba1629e2e66f3fc1821d3091865\"},\"headline\":\"Colombie : L'accord de paix est une occasion cruciale d\u2019endiguer les violations des droits humains\",\"datePublished\":\"2016-08-26T05:21:30+00:00\",\"mainEntityOfPage\":{\"@id\":\"https:\/\/www.justiceinfo.net\/fr\/28881-colombie-l-accord-de-paix-est-une-occasion-cruciale-dendiguer-les-violations-des-droits-humains.html\"},\"wordCount\":892,\"commentCount\":0,\"publisher\":{\"@id\":\"https:\/\/www.justiceinfo.net\/fr#organization\"},\"image\":{\"@id\":\"https:\/\/www.justiceinfo.net\/fr\/28881-colombie-l-accord-de-paix-est-une-occasion-cruciale-dendiguer-les-violations-des-droits-humains.html#primaryimage\"},\"thumbnailUrl\":\"https:\/\/www.justiceinfo.net\/wp-content\/uploads\/458c5df309e19022742b1bd326a5ae2f.jpg\",\"articleSection\":[\"Opinions\"],\"inLanguage\":\"fr-FR\",\"potentialAction\":[{\"@type\":\"CommentAction\",\"name\":\"Comment\",\"target\":[\"https:\/\/www.justiceinfo.net\/fr\/28881-colombie-l-accord-de-paix-est-une-occasion-cruciale-dendiguer-les-violations-des-droits-humains.html#respond\"]}]},{\"@type\":\"WebPage\",\"@id\":\"https:\/\/www.justiceinfo.net\/fr\/28881-colombie-l-accord-de-paix-est-une-occasion-cruciale-dendiguer-les-violations-des-droits-humains.html\",\"url\":\"https:\/\/www.justiceinfo.net\/fr\/28881-colombie-l-accord-de-paix-est-une-occasion-cruciale-dendiguer-les-violations-des-droits-humains.html\",\"name\":\"Colombie : L'accord de paix est une occasion cruciale d\u2019endiguer les violations des droits humains - JusticeInfo.net\",\"isPartOf\":{\"@id\":\"https:\/\/www.justiceinfo.net\/fr#website\"},\"primaryImageOfPage\":{\"@id\":\"https:\/\/www.justiceinfo.net\/fr\/28881-colombie-l-accord-de-paix-est-une-occasion-cruciale-dendiguer-les-violations-des-droits-humains.html#primaryimage\"},\"image\":{\"@id\":\"https:\/\/www.justiceinfo.net\/fr\/28881-colombie-l-accord-de-paix-est-une-occasion-cruciale-dendiguer-les-violations-des-droits-humains.html#primaryimage\"},\"thumbnailUrl\":\"https:\/\/www.justiceinfo.net\/wp-content\/uploads\/458c5df309e19022742b1bd326a5ae2f.jpg\",\"datePublished\":\"2016-08-26T05:21:30+00:00\",\"breadcrumb\":{\"@id\":\"https:\/\/www.justiceinfo.net\/fr\/28881-colombie-l-accord-de-paix-est-une-occasion-cruciale-dendiguer-les-violations-des-droits-humains.html#breadcrumb\"},\"inLanguage\":\"fr-FR\",\"potentialAction\":[{\"@type\":\"ReadAction\",\"target\":[\"https:\/\/www.justiceinfo.net\/fr\/28881-colombie-l-accord-de-paix-est-une-occasion-cruciale-dendiguer-les-violations-des-droits-humains.html\"]}]},{\"@type\":\"ImageObject\",\"inLanguage\":\"fr-FR\",\"@id\":\"https:\/\/www.justiceinfo.net\/fr\/28881-colombie-l-accord-de-paix-est-une-occasion-cruciale-dendiguer-les-violations-des-droits-humains.html#primaryimage\",\"url\":\"https:\/\/www.justiceinfo.net\/wp-content\/uploads\/458c5df309e19022742b1bd326a5ae2f.jpg\",\"contentUrl\":\"https:\/\/www.justiceinfo.net\/wp-content\/uploads\/458c5df309e19022742b1bd326a5ae2f.jpg\",\"width\":728,\"height\":473},{\"@type\":\"BreadcrumbList\",\"@id\":\"https:\/\/www.justiceinfo.net\/fr\/28881-colombie-l-accord-de-paix-est-une-occasion-cruciale-dendiguer-les-violations-des-droits-humains.html#breadcrumb\",\"itemListElement\":[{\"@type\":\"ListItem\",\"position\":1,\"name\":\"Home\",\"item\":\"https:\/\/www.justiceinfo.net\/fr\"},{\"@type\":\"ListItem\",\"position\":2,\"name\":\"Colombie : L'accord de paix est une occasion cruciale d\u2019endiguer les violations des droits humains\"}]},{\"@type\":\"WebSite\",\"@id\":\"https:\/\/www.justiceinfo.net\/fr#website\",\"url\":\"https:\/\/www.justiceinfo.net\/fr\",\"name\":\"JusticeInfo.net\",\"description\":\"La justice doit \u00eatre vue pour \u00eatre rendue\",\"publisher\":{\"@id\":\"https:\/\/www.justiceinfo.net\/fr#organization\"},\"potentialAction\":[{\"@type\":\"SearchAction\",\"target\":{\"@type\":\"EntryPoint\",\"urlTemplate\":\"https:\/\/www.justiceinfo.net\/fr?s={search_term_string}\"},\"query-input\":{\"@type\":\"PropertyValueSpecification\",\"valueRequired\":true,\"valueName\":\"search_term_string\"}}],\"inLanguage\":\"fr-FR\"},{\"@type\":\"Organization\",\"@id\":\"https:\/\/www.justiceinfo.net\/fr#organization\",\"name\":\"Justice Info\",\"url\":\"https:\/\/www.justiceinfo.net\/fr\",\"logo\":{\"@type\":\"ImageObject\",\"inLanguage\":\"fr-FR\",\"@id\":\"https:\/\/www.justiceinfo.net\/fr#\/schema\/logo\/image\/\",\"url\":\"https:\/\/www.justiceinfo.net\/wp-content\/uploads\/justiceinfo_logo-trans_1200x1200px.png\",\"contentUrl\":\"https:\/\/www.justiceinfo.net\/wp-content\/uploads\/justiceinfo_logo-trans_1200x1200px.png\",\"width\":1199,\"height\":1200,\"caption\":\"Justice Info\"},\"image\":{\"@id\":\"https:\/\/www.justiceinfo.net\/fr#\/schema\/logo\/image\/\"},\"sameAs\":[\"https:\/\/www.facebook.com\/JusticeInfo\/\",\"https:\/\/x.com\/justiceinfonet\",\"https:\/\/www.linkedin.com\/company\/justice-info\",\"https:\/\/www.youtube.com\/channel\/UCyCEsARodyuWtkWyhn-e7pA\"]},{\"@type\":\"Person\",\"name\":\"Human Rights Watch\",\"url\":\"\/fr\/?s=Human Rights Watch\"}]}<\/script>\n<!-- \/ Yoast SEO Premium plugin. -->","yoast_head_json":{"title":"Colombie : L'accord de paix est une occasion cruciale d\u2019endiguer les violations des droits humains - JusticeInfo.net","robots":{"index":"index","follow":"follow","max-snippet":"max-snippet:-1","max-image-preview":"max-image-preview:large","max-video-preview":"max-video-preview:-1"},"canonical":"https:\/\/www.justiceinfo.net\/fr\/28881-colombie-l-accord-de-paix-est-une-occasion-cruciale-dendiguer-les-violations-des-droits-humains.html","og_locale":"fr_FR","og_type":"article","og_title":"Colombie : L'accord de paix est une occasion cruciale d\u2019endiguer les violations des droits humains","og_description":"(Washington, le 25 ao\u00fbt 2016) \u2013 L'accord conclu le 24 ao\u00fbt 2016 entre le gouvernement\u00a0colombien et les gu\u00e9rilleros des Forces arm\u00e9es r\u00e9volutionnaires de Colombie (FARC), en vue de mettre fin \u00e0 leur conflit qui dure depuis 52 ans, constitue une occasion sans pr\u00e9c\u00e9dent d\u2019endiguer\u00a0les violations des droits humains dans le pays, a d\u00e9clar\u00e9 Human Rights [&hellip;]","og_url":"https:\/\/www.justiceinfo.net\/fr\/28881-colombie-l-accord-de-paix-est-une-occasion-cruciale-dendiguer-les-violations-des-droits-humains.html","og_site_name":"JusticeInfo.net","article_publisher":"https:\/\/www.facebook.com\/JusticeInfo\/","article_published_time":"2016-08-26T05:21:30+00:00","og_image":[{"width":728,"height":473,"url":"https:\/\/www.justiceinfo.net\/wp-content\/uploads\/458c5df309e19022742b1bd326a5ae2f.jpg","type":"image\/jpeg"}],"author":"Human Rights Watch","twitter_card":"summary_large_image","twitter_creator":"@justiceinfonet","twitter_site":"@justiceinfonet","twitter_misc":{"\u00c9crit par":"Human Rights Watch","Dur\u00e9e de lecture estim\u00e9e":"4 minutes"},"schema":{"@context":"https:\/\/schema.org","@graph":[{"@type":"NewsArticle","@id":"https:\/\/www.justiceinfo.net\/fr\/28881-colombie-l-accord-de-paix-est-une-occasion-cruciale-dendiguer-les-violations-des-droits-humains.html#article","isPartOf":{"@id":"https:\/\/www.justiceinfo.net\/fr\/28881-colombie-l-accord-de-paix-est-une-occasion-cruciale-dendiguer-les-violations-des-droits-humains.html"},"author":{"name":"solivri","@id":"https:\/\/www.justiceinfo.net\/fr#\/schema\/person\/6e53cba1629e2e66f3fc1821d3091865"},"headline":"Colombie : L'accord de paix est une occasion cruciale d\u2019endiguer les violations des droits humains","datePublished":"2016-08-26T05:21:30+00:00","mainEntityOfPage":{"@id":"https:\/\/www.justiceinfo.net\/fr\/28881-colombie-l-accord-de-paix-est-une-occasion-cruciale-dendiguer-les-violations-des-droits-humains.html"},"wordCount":892,"commentCount":0,"publisher":{"@id":"https:\/\/www.justiceinfo.net\/fr#organization"},"image":{"@id":"https:\/\/www.justiceinfo.net\/fr\/28881-colombie-l-accord-de-paix-est-une-occasion-cruciale-dendiguer-les-violations-des-droits-humains.html#primaryimage"},"thumbnailUrl":"https:\/\/www.justiceinfo.net\/wp-content\/uploads\/458c5df309e19022742b1bd326a5ae2f.jpg","articleSection":["Opinions"],"inLanguage":"fr-FR","potentialAction":[{"@type":"CommentAction","name":"Comment","target":["https:\/\/www.justiceinfo.net\/fr\/28881-colombie-l-accord-de-paix-est-une-occasion-cruciale-dendiguer-les-violations-des-droits-humains.html#respond"]}]},{"@type":"WebPage","@id":"https:\/\/www.justiceinfo.net\/fr\/28881-colombie-l-accord-de-paix-est-une-occasion-cruciale-dendiguer-les-violations-des-droits-humains.html","url":"https:\/\/www.justiceinfo.net\/fr\/28881-colombie-l-accord-de-paix-est-une-occasion-cruciale-dendiguer-les-violations-des-droits-humains.html","name":"Colombie : L'accord de paix est une occasion cruciale d\u2019endiguer les violations des droits humains - JusticeInfo.net","isPartOf":{"@id":"https:\/\/www.justiceinfo.net\/fr#website"},"primaryImageOfPage":{"@id":"https:\/\/www.justiceinfo.net\/fr\/28881-colombie-l-accord-de-paix-est-une-occasion-cruciale-dendiguer-les-violations-des-droits-humains.html#primaryimage"},"image":{"@id":"https:\/\/www.justiceinfo.net\/fr\/28881-colombie-l-accord-de-paix-est-une-occasion-cruciale-dendiguer-les-violations-des-droits-humains.html#primaryimage"},"thumbnailUrl":"https:\/\/www.justiceinfo.net\/wp-content\/uploads\/458c5df309e19022742b1bd326a5ae2f.jpg","datePublished":"2016-08-26T05:21:30+00:00","breadcrumb":{"@id":"https:\/\/www.justiceinfo.net\/fr\/28881-colombie-l-accord-de-paix-est-une-occasion-cruciale-dendiguer-les-violations-des-droits-humains.html#breadcrumb"},"inLanguage":"fr-FR","potentialAction":[{"@type":"ReadAction","target":["https:\/\/www.justiceinfo.net\/fr\/28881-colombie-l-accord-de-paix-est-une-occasion-cruciale-dendiguer-les-violations-des-droits-humains.html"]}]},{"@type":"ImageObject","inLanguage":"fr-FR","@id":"https:\/\/www.justiceinfo.net\/fr\/28881-colombie-l-accord-de-paix-est-une-occasion-cruciale-dendiguer-les-violations-des-droits-humains.html#primaryimage","url":"https:\/\/www.justiceinfo.net\/wp-content\/uploads\/458c5df309e19022742b1bd326a5ae2f.jpg","contentUrl":"https:\/\/www.justiceinfo.net\/wp-content\/uploads\/458c5df309e19022742b1bd326a5ae2f.jpg","width":728,"height":473},{"@type":"BreadcrumbList","@id":"https:\/\/www.justiceinfo.net\/fr\/28881-colombie-l-accord-de-paix-est-une-occasion-cruciale-dendiguer-les-violations-des-droits-humains.html#breadcrumb","itemListElement":[{"@type":"ListItem","position":1,"name":"Home","item":"https:\/\/www.justiceinfo.net\/fr"},{"@type":"ListItem","position":2,"name":"Colombie : L'accord de paix est une occasion cruciale d\u2019endiguer les violations des droits humains"}]},{"@type":"WebSite","@id":"https:\/\/www.justiceinfo.net\/fr#website","url":"https:\/\/www.justiceinfo.net\/fr","name":"JusticeInfo.net","description":"La justice doit \u00eatre vue pour \u00eatre rendue","publisher":{"@id":"https:\/\/www.justiceinfo.net\/fr#organization"},"potentialAction":[{"@type":"SearchAction","target":{"@type":"EntryPoint","urlTemplate":"https:\/\/www.justiceinfo.net\/fr?s={search_term_string}"},"query-input":{"@type":"PropertyValueSpecification","valueRequired":true,"valueName":"search_term_string"}}],"inLanguage":"fr-FR"},{"@type":"Organization","@id":"https:\/\/www.justiceinfo.net\/fr#organization","name":"Justice Info","url":"https:\/\/www.justiceinfo.net\/fr","logo":{"@type":"ImageObject","inLanguage":"fr-FR","@id":"https:\/\/www.justiceinfo.net\/fr#\/schema\/logo\/image\/","url":"https:\/\/www.justiceinfo.net\/wp-content\/uploads\/justiceinfo_logo-trans_1200x1200px.png","contentUrl":"https:\/\/www.justiceinfo.net\/wp-content\/uploads\/justiceinfo_logo-trans_1200x1200px.png","width":1199,"height":1200,"caption":"Justice Info"},"image":{"@id":"https:\/\/www.justiceinfo.net\/fr#\/schema\/logo\/image\/"},"sameAs":["https:\/\/www.facebook.com\/JusticeInfo\/","https:\/\/x.com\/justiceinfonet","https:\/\/www.linkedin.com\/company\/justice-info","https:\/\/www.youtube.com\/channel\/UCyCEsARodyuWtkWyhn-e7pA"]},{"@type":"Person","name":"Human Rights Watch","url":"\/fr\/?s=Human Rights Watch"}]}},"_links":{"self":[{"href":"https:\/\/www.justiceinfo.net\/fr\/wp-json\/wp\/v2\/posts\/28881","targetHints":{"allow":["GET"]}}],"collection":[{"href":"https:\/\/www.justiceinfo.net\/fr\/wp-json\/wp\/v2\/posts"}],"about":[{"href":"https:\/\/www.justiceinfo.net\/fr\/wp-json\/wp\/v2\/types\/post"}],"author":[{"embeddable":true,"href":"https:\/\/www.justiceinfo.net\/fr\/wp-json\/wp\/v2\/users\/64"}],"replies":[{"embeddable":true,"href":"https:\/\/www.justiceinfo.net\/fr\/wp-json\/wp\/v2\/comments?post=28881"}],"version-history":[{"count":0,"href":"https:\/\/www.justiceinfo.net\/fr\/wp-json\/wp\/v2\/posts\/28881\/revisions"}],"wp:featuredmedia":[{"embeddable":true,"href":"https:\/\/www.justiceinfo.net\/fr\/wp-json\/wp\/v2\/media\/67666"}],"wp:attachment":[{"href":"https:\/\/www.justiceinfo.net\/fr\/wp-json\/wp\/v2\/media?parent=28881"}],"wp:term":[{"taxonomy":"category","embeddable":true,"href":"https:\/\/www.justiceinfo.net\/fr\/wp-json\/wp\/v2\/categories?post=28881"},{"taxonomy":"post_tag","embeddable":true,"href":"https:\/\/www.justiceinfo.net\/fr\/wp-json\/wp\/v2\/tags?post=28881"},{"taxonomy":"ji_location","embeddable":true,"href":"https:\/\/www.justiceinfo.net\/fr\/wp-json\/wp\/v2\/ji_location?post=28881"}],"curies":[{"name":"wp","href":"https:\/\/api.w.org\/{rel}","templated":true}]}}