{"id":29021,"date":"2016-09-11T00:00:00","date_gmt":"2016-09-10T22:00:00","guid":{"rendered":"https:\/\/www.justiceinfo.net\/29021-le-gabon-en-danger-de-mort.html"},"modified":"2016-09-11T00:00:00","modified_gmt":"2016-09-10T22:00:00","slug":"le-gabon-en-danger-de-mort","status":"publish","type":"post","link":"https:\/\/www.justiceinfo.net\/fr\/29021-le-gabon-en-danger-de-mort.html","title":{"rendered":"Le Gabon en danger de mort"},"content":{"rendered":"<p>Apr\u00e8s presque 60\u00a0ans d\u2019ind\u00e9pendance marqu\u00e9e par un coup d\u2019\u00c9tat (1964) et deux insurrections populaires (1990 et 2009), le Gabon traverse aujourd\u2019hui la plus grave crise de son histoire. Il s\u2019agit d\u2019une crise post\u00e9lectorale qui \u00e9tait pr\u00e9visible si l\u2019on tient compte notamment de l\u2019\u00e9volution du contexte sociopolitique, de l\u2019importante mutation d\u00e9mographique \u2013 aujourd\u2019hui, les mariages mixtes sont nettement plus nombreux que ceux intra-ethniques \u2013 et du mode de gouvernance dictatorial \u00e0 l\u2019\u0153uvre dans ce pays depuis longtemps.<\/p>\n<p>Car comment comprendre autrement qu\u2019un pays consid\u00e9r\u00e9 sur le plan de ses revenus comme un \u00e9mirat p\u00e9trolier africain ne soit jamais parvenu \u00e0 prendre le train du d\u00e9veloppement \u00e9conomique et social\u00a0? La crise actuelle n\u2019est pas la cons\u00e9quence d\u2019une simple fraude \u00e9lectorale, mais aussi et surtout du ras-le-bol contre un \u00c9tat qui s\u2019est ing\u00e9ni\u00e9 \u00e0 manipuler la d\u00e9mocratie et \u00e0 en bloquer le d\u00e9veloppement.<\/p>\n<p>Mais ce qui est r\u00e9v\u00e9lateur aujourd\u2019hui, c\u2019est que les Gabonais ne veulent plus s\u2019en accommoder. Plus que jamais, au-del\u00e0 du tourment, ils s\u2019interrogent sur le pass\u00e9, le pr\u00e9sent et le devenir de leur pays, dans la presse et les r\u00e9seaux sociaux. Et certains de leurs questionnements s\u2019imposent aujourd\u2019hui avec force. Ils portent sur les raisons profondes de la crise post\u00e9lectorale actuelle, sur la r\u00e9alit\u00e9 et le devenir de la d\u00e9mocratie, sur la symbolique de l\u2019\u00c9tat dans la conscience collective et sur les conditions du vivre-ensemble. Comme ils ont l\u2019habitude de le dire\u00a0: \u00ab\u00a0Pour savoir o\u00f9 l\u2019on va, il faut savoir d\u2019o\u00f9 l\u2019on vient\u00a0\u00bb. Et surtout\u00a0: \u00ab\u00a0Au lieu de s\u2019en prendre au lieu o\u00f9 l\u2019on a chut\u00e9, il faut plut\u00f4t en vouloir \u00e0 l\u2019endroit o\u00f9 l\u2019on a tr\u00e9buch\u00e9\u00a0\u00bb.<\/p>\n<p>\u00c0 toutes ces interrogations, toutes aussi urgentes les unes que les autres, il est heureux de constater que les r\u00e9ponses se font sans haine, mais avec la sagesse d\u2019un vieux pays d\u2019histoire et de civilisation qui a su patiemment \u00e9voluer et se transformer consid\u00e9rant sa diversit\u00e9 ethnique et confessionnelle comme autant de chances pour son avenir.<\/p>\n<h4>Le \u00ab\u00a0coup d\u2019\u00c9tat permanent\u00a0\u00bb<\/h4>\n<p>Apr\u00e8s la Conf\u00e9rence nationale de 1990, de nouvelles institutions avaient \u00e9t\u00e9 mises en place pour inscrire de fa\u00e7on irr\u00e9versible le pays dans la d\u00e9mocratie, la paix et le d\u00e9veloppement. Mais apr\u00e8s les \u00e9lections contest\u00e9es de 1993 et les accords de Paris, ce projet a \u00e9t\u00e9 remplac\u00e9 par un appareil de domination charg\u00e9 de g\u00e9rer les ambitions personnelles et les luttes interethniques et interr\u00e9gionales, et surtout d\u2019\u00e9viter l\u2019alternance par la voie des urnes. Cela s\u2019est fait avec l\u2019adoption d\u2019une loi \u00e9lectorale avec un mode de scrutin \u00e0 un seul tour qui favorisait syst\u00e9matiquement l\u2019\u00e9quipe au pouvoir. Il s\u2019agit donc d\u2019une sorte de \u00ab\u00a0coup d\u2019\u00c9tat permanent\u00a0\u00bb.<\/p>\n<p><iframe loading=\"lazy\" src=\"\/\/www.youtube.com\/embed\/MrFAfx9C0Eg\" width=\"560\" height=\"314\" allowfullscreen=\"allowfullscreen\"><\/iframe><\/p>\n<p><em>Omar Bongo \u00e0 la Conf\u00e9rence nationale de 1990.<\/em><\/p>\n<p>Ceci s\u2019est v\u00e9rifi\u00e9 notamment \u00e0 la <a href=\"http:\/\/www.dailymotion.com\/video\/x9j4u0_annonce-de-la-mort-du-president-oma_news\">mort du Pr\u00e9sident Omar Bongo<\/a>, en juin 2009. Les <a href=\"https:\/\/fr.wikipedia.org\/wiki\/%C3%89lection_pr%C3%A9sidentielle_gabonaise_de_2009\">\u00e9lections qui s\u2019en suivirent<\/a> et qui ont fait \u00e9lire Ali Bongo furent contest\u00e9es en raison de leur mode de gestion opaque \u00e0 travers une Commission nationale des \u00e9lections et une Cour constitutionnelle aux ordres et donc \u00e0 l\u2019impartialit\u00e9 douteuse. Depuis cette \u00e9poque o\u00f9 les d\u00e9cisions de ces instances n\u2019ont fait que conforter l\u2019\u00e9quipe au pouvoir par Ali Bongo, rien n\u2019a \u00e9t\u00e9 fait pour assurer la transparence du jeu d\u00e9mocratique.<\/p>\n<p>Au contraire, l\u2019enfermement s\u2019est install\u00e9, malgr\u00e9 les mises en sc\u00e8ne politiques\u00a0: absence de d\u00e9bats r\u00e9els et contradictoires, pseudo-participation des \u00e9lites et des repr\u00e9sentants des ethnies et des r\u00e9gions au gouvernement et au pouvoir, suj\u00e9tion des responsables des organes de gestion des \u00e9lections et de la d\u00e9mocratie, humiliations et ostracismes vis-\u00e0-vis de ceux qui paraissaient emp\u00eacher de tourner en rond. Logique qui a conduit \u00e0 d\u00e9cr\u00e9dibiliser ces institutions et leurs gestionnaires et qui a consacr\u00e9 le caract\u00e8re artificiel de la d\u00e9mocratie \u00e0 la gabonaise et les fractures.<\/p>\n<p>Et pourtant les signaux d\u2019alarme de cette d\u00e9liquescence et de cette mal-gouvernance n\u2019ont pas manqu\u00e9\u00a0: les scandales politico-financiers (Delta Synergie, Olam, etc.), les incessantes convulsions sociales et corporatives, la paup\u00e9risation grandissante en raison du ch\u00f4mage \u00e9lev\u00e9 des jeunes, les <a href=\"http:\/\/lemonde.fr\/international\/article\/2016\/08\/27\/au-gabon-le-clan-bongo-defie-par-un-ancien-de-la-famille_4988801_3210.html\">d\u00e9fections de plus en plus nombreuses<\/a> des membres du parti pr\u00e9sidentiel au profit de l\u2019opposition pour protester notamment contre la confiscation du pouvoir par la famille Bongo, etc. Bref, au barom\u00e8tre de la d\u00e9mocratie participative, le pays a vite fait de ressembler trait pour trait \u00e0 une dictature.<\/p>\n<h4>Un \u00c9tat contre ses populations<\/h4>\n<p>La gestion de la crise actuelle depuis une dizaine de jours t\u00e9moigne \u00e0 suffisance d\u2019un mode de gouvernance par la peur et par la terreur en coupant les syst\u00e8mes de communication et en instaurant la violence et les assassinats et arrestations arbitraires. On parle aujourd\u2019hui de plus d\u2019une cinquantaine de morts et de disparus et de plus de 1200 arrestations. Au lieu d\u2019\u00e9clairer les populations et la communaut\u00e9 internationale sur les vrais r\u00e9sultats des \u00e9lections, bureau de vote par bureau de vote, il s\u2019agit au contraire de conforter la place du \u00ab\u00a0clan\u00a0\u00bb Bongo et de ses r\u00e9seaux sur le r\u00e9servoir de ressources \u00e0 piller qu\u2019est le Gabon. Et le Parti d\u00e9mocratique gabonais (PDG), celui d\u2019Ali Bongo, dont la devise est\u00a0: \u00ab\u00a0Dialogue, Tol\u00e9rance, Paix\u00a0\u00bb appara\u00eet d\u00e9sormais celui de l\u2019autoritarisme, du rejet du dialogue et de la violence.<\/p>\n<p>Le sc\u00e9nario de la crise post\u00e9lectorale actuelle est quasiment le m\u00eame qu\u2019en 2009. Il faut s\u2019emparer du pouvoir par tous les moyens pour obliger l\u2019opposition \u00e0 recourir aux voies \u00ab\u00a0l\u00e9gales\u00a0\u00bb pour toute contestation. Et ce sc\u00e9nario repose lui-m\u00eame sur un air bien connu qu\u2019aimait \u00e0 rappeler le Pr\u00e9sident Omar Bongo lui-m\u00eame\u00a0: \u00ab\u00a0On n\u2019organise pas les \u00e9lections pour les perdre\u00a0\u00bb.<\/p>\n<p>Jusqu\u2019\u00e0 tr\u00e8s r\u00e9cemment, ce syst\u00e8me a march\u00e9 et les populations l\u2019avaient implicitement accept\u00e9, seul moyen pour elles de glaner quelques miettes par ricochet en esp\u00e9rant que l\u2019un des siens soit appel\u00e9 \u00e0 son tour \u00e0 la table du festin. C\u2019est ce qui expliquait que le Gabon soit un pays o\u00f9 il ne se passe jamais rien, <a href=\"https:\/\/theconversation.com\/le-gabon-le-pays-ou-il-ne-se-passe-jamais-rien-64856\">comme l\u2019a si bien analys\u00e9 Florence Bernault<\/a>. Un pays marqu\u00e9 par le d\u00e9faitisme des populations et des \u00e9lites intellectuelles. Un pays en mal de d\u00e9veloppement.<\/p>\n<p><img loading=\"lazy\" decoding=\"async\" src=\"https:\/\/62e528761d0685343e1c-f3d1b99a743ffa4142d9d7f1978d9686.ssl.cf2.rackcdn.com\/files\/137238\/width754\/image-20160909-13345-wvqcol.jpg\" alt=\"\" width=\"577\" height=\"388\" \/><\/p>\n<p><em><span class=\"caption\">Malgr\u00e9 de r\u00e9els atouts \u00e9conomiques, dont la fili\u00e8re du bois, le Gabon n\u2019a pas d\u00e9coll\u00e9 \u00e9conomiquement.<\/span> <span class=\"attribution\"><a class=\"source\" href=\"https:\/\/www.flickr.com\/photos\/jbdodane\/11938355326\/in\/photolist-jbXc7w-4xkZ2t-fN4Er3-xAA9Lq-4xNPPq-4xNQ5y-3JE9fS-4xJCyD-6DUTha-fLSEJQ-E2bdsF-oSPDHB-urGgFd-4xmEWa-mfPFx-8ZRhKT-ztJHu8-dgL1az-e7oNai-mcmVp-cg3S4b-dPnbom-4URNz-eg6fY6-aabZgL-4xJGXV-zHu3pP-amW7n-4xJGST-4xNNY5-4xNP4h-4xJGQg-7zbsMH-6GFvd-8vzZrD-8v4cJ3-4xqjBc-4xJCR4-4xuy6J-4xuwLh-7yPC9E-4xqiWx-4xmEVz-pmRZx8-2hPHyc-4xmddk-4xmEVZ-4xqkiB-8Azw7X-jewAws\">jbdodane\/Flickr<\/a>, <a class=\"license\" href=\"http:\/\/creativecommons.org\/licenses\/by-nc\/4.0\/\">CC BY-NC<\/a><\/span><\/em><\/p>\n<p>Comment comprendre autrement qu\u2019apr\u00e8s plus de cinquante ans de r\u00e9gime Bongo, aucun secteur ne conna\u00eet de r\u00e9sultats significatifs\u00a0? Ni l\u2019\u00e9ducation, dont les dipl\u00f4m\u00e9s sont au ch\u00f4mage parce que leurs formations ne sont pas adapt\u00e9es aux besoins de l\u2019\u00e9conomie\u00a0! Ni la sant\u00e9, dont la plupart des centres hospitaliers ne disposent pas d\u2019infrastructures de qualit\u00e9 et de personnels en nombre suffisant. Le r\u00e9seau routier est peu d\u00e9velopp\u00e9 avec un peu plus de 1\u00a0000\u00a0km de routes bitum\u00e9es, dont moins de 20\u00a0% peuvent \u00eatre consid\u00e9r\u00e9s comme en bon \u00e9tat dans un pays dont la superficie est la moiti\u00e9 de la France.<\/p>\n<p>En ce qui concerne l\u2019eau et l\u2019\u00e9nergie, m\u00eame si on peut dire que les services se sont install\u00e9s dans les villes, il est facile de constater que ceux-ci sont inexistants dans l\u2019unit\u00e9 sociale de base que constitue le village. L\u2019agriculture est rest\u00e9e traditionnelle dans ses modes de production, jouant surtout un r\u00f4le de subsistance, les paysans n\u2019\u00e9tant ni form\u00e9s, ni aid\u00e9s. Bref, m\u00eame avec une \u00e9conomie fond\u00e9e sur la rente p\u00e9troli\u00e8re et mini\u00e8re et sur celle des revenus du bois, qui ont permis d\u2019\u00e9lever le pays au rang de pays \u00e0 revenus moyens, les populations ont \u00e9t\u00e9 les oubli\u00e9es du syst\u00e8me. Avec un PIB par habitant de 16\u00a0000 dollars (en 2011), le Gabon occupe la 73<sup>e<\/sup> place et la 106<sup>e<\/sup> au titre de l\u2019IDH (Indice du d\u00e9veloppement humain), aggravant par l\u00e0 m\u00eame leur m\u00e9contentement.<\/p>\n<h4>Ali Bongo \u00e0 tout prix<\/h4>\n<p>Depuis l\u2019ind\u00e9pendance (1960), le Gabon a v\u00e9cu sous une gouvernance autoritaire, marqu\u00e9e par un mode autocratique, consacr\u00e9 jusqu\u2019en 1990 par le parti unique. Cons\u00e9quence de tout cela, aucune alternance v\u00e9ritable n\u2019a jamais eu lieu. M\u00eame s\u2019il est fond\u00e9 formellement sur le mod\u00e8le fran\u00e7ais, le syst\u00e8me politique actuel, qui se compose de trois corps administratifs \u2013 l\u2019ex\u00e9cutif, le l\u00e9gislatif et le judiciaire \u2013 est organis\u00e9 sur la suj\u00e9tion des deux derniers sur le premier.<\/p>\n<p>C\u2019est ainsi que le Pr\u00e9sident de la R\u00e9publique est le Pr\u00e9sident du Conseil national de la magistrature et que, dans ce r\u00e9gime dit d\u00e9mocratique, l\u2019opposition ne dispose que de quelques repr\u00e9sentants \u00e0 l\u2019Assembl\u00e9e nationale et au S\u00e9nat. Toutes choses qui expliquent l\u2019incapacit\u00e9 de ces instances \u00e0 prendre en compte r\u00e9ellement les aspirations des populations locales. Dans ces conditions, on comprend pourquoi <a href=\"http:\/\/afrique.lepoint.fr\/actualites\/gabon-la-cour-constitutionnelle-solution-et-probleme-09-09-2016-2067172_2365.php\">nombre de Gabonais se m\u00e9fient du r\u00f4le<\/a> que pourraient jouer ces institutions dans la logique de sortie de crise.<\/p>\n<p>Pourtant, le Gabon n\u2019est pas condamn\u00e9 \u00e0 la crise, \u00e0 la mal-gouvernance, \u00e0 la dictature et \u00e0 l\u2019anarchie. Depuis le d\u00e9but de cette crise, des voix venues du pays et du monde entier appellent \u00e0 la paix et \u00e0 la normalisation en demandant \u00e0 l\u2019opposition de saisir les institutions en charge de la gestion de la d\u00e9mocratie. D\u2019autres pr\u00f4nent de mettre en place un gouvernement d\u2019union nationale, voire d\u2019instaurer une sorte de cohabitation.<\/p>\n<p>Or il est facile de voir que toutes ces solutions ont en commun de r\u00e9installer le Pr\u00e9sident Ali Bongo au pouvoir. Elles ne sont donc ni r\u00e9alistes, ni faisables tant est grande la fracture entre les parties en pr\u00e9sence. Et il ne s\u2019agit pas ici d\u2019une figure de style.<\/p>\n<h4>Assistance \u00e0 peuple en danger<\/h4>\n<p>Parce qu\u2019elle a su r\u00e9aliser l\u2019unit\u00e9 en son sein et faire fi des divisions pour se concentrer sur l\u2019essentiel, l\u2019opposition, organis\u00e9e autour de Jean Ping avec ses diff\u00e9rents leaders comme Zacharie Myboto, Guy Nzouba, Alexandre Barro-Chambrier, Ren\u00e9 Ndemezo\u2019o et Casimir Oy\u00e9 Mba, a r\u00e9ussi \u00e0 vaincre ses peurs en r\u00e9alisant l\u2019unit\u00e9. Elle s\u2019est engag\u00e9e \u00e0 mettre en place une nouvelle gouvernance fond\u00e9e sur le passage d\u2019une d\u00e9mocratie formelle \u00e0 une d\u00e9mocratie v\u00e9ritable et responsable, une d\u00e9mocratie fond\u00e9e sur les principes de bonne gouvernance, de participation, de reddition des comptes et de transparence. Il ne s\u2019agit donc pas d\u2019une simple opposition entre deux hommes \u2013 Ali Bongo et Jean Ping \u2013 mais bien d\u2019une opposition sur la conception m\u00eame de l\u2019\u00c9tat et la mani\u00e8re de le g\u00e9rer.<\/p>\n<p>En proposant de construire enfin un \u00c9tat au service r\u00e9el des populations les plus vuln\u00e9rables ou les plus d\u00e9munies, l\u2019opposition, alli\u00e9e \u00e0 la soci\u00e9t\u00e9 civile, veut renverser la vapeur et impulser le d\u00e9veloppement. C\u2019est pourquoi elle le montre d\u00e9j\u00e0 dans son fonctionnement en \u00e9quipe, rejetant le mythe suppos\u00e9 de la hi\u00e9rarchie des ethnies et des r\u00e9gions qui est au c\u0153ur du mode de gouvernance du syst\u00e8me Bongo. Son ambition est de r\u00e9inventer le vivre-ensemble, d\u2019instaurer des r\u00e8gles de vie communes et justes, conditions de la paix et du d\u00e9veloppement.<\/p>\n<p>La r\u00e9ponse \u00e0 cette fracture et le retour \u00e0 la paix v\u00e9ritable ne sont possibles que si la communaut\u00e9 internationale, sous l\u2019\u00e9gide de l\u2019ONU, aide \u00e0 reconstruire le cadre de paix et le capital de confiance qui s\u2019est bris\u00e9 en raison du hold-up \u00e9lectoral. Le chemin est \u00e9troit et difficile et il faudra \u00e0 l\u2019ONU plus que jamais la sagesse du Roi Salomon. Et cela passe par la reconnaissance des r\u00e9sultats des \u00e9lections du 27\u00a0ao\u00fbt et donc du nouveau Pr\u00e9sident \u00e9lu.<\/p>\n<p>Il faudra aussi et enfin l\u2019appui multiforme des pays amis et de la communaut\u00e9 internationale pour s\u00e9curiser les populations, assurer un fonctionnement minimal du pays et aider \u00e0 imprimer une dynamique nouvelle. Il ne s\u2019agit pas ici d\u2019un simple devoir d\u2019ing\u00e9rence, mais v\u00e9ritablement de la n\u00e9cessaire assistance \u00e0 peuple en danger de mort. Mais le comprendront-ils\u00a0?<\/p>\n<p>Car aucun pays ne peut fonctionner de fa\u00e7on durable sans un minimum de confiance entre les individus, sans un minimum de r\u00e8gles admises par tous, sans un minimum de justice et sans un minimum de principes.\u00a0<\/p>\n<p>Cet article a pr\u00e9c\u00e9demment \u00e9t\u00e9 publi\u00e9 par <a href=\"https:\/\/theconversation.com\/le-gabon-en-danger-de-mort-65061\">The Conversation<\/a><\/p>\n","protected":false},"excerpt":{"rendered":"<p>Apr\u00e8s presque 60\u00a0ans d\u2019ind\u00e9pendance marqu\u00e9e par un coup d\u2019\u00c9tat (1964) et deux insurrections populaires (1990 et 2009), le Gabon traverse aujourd\u2019hui la plus grave crise de son histoire. Il s\u2019agit d\u2019une crise post\u00e9lectorale qui \u00e9tait pr\u00e9visible si l\u2019on tient compte notamment de l\u2019\u00e9volution du contexte sociopolitique, de l\u2019importante mutation d\u00e9mographique \u2013 aujourd\u2019hui, les mariages mixtes [&hellip;]<\/p>\n","protected":false},"author":64,"featured_media":62622,"comment_status":"open","ping_status":"closed","sticky":false,"template":"","format":"standard","meta":{"_acf_changed":false,"footnotes":""},"categories":[556],"tags":[],"ji_location":[2234],"class_list":["post-29021","post","type-post","status-publish","format-standard","has-post-thumbnail","hentry","category-divers","ji_location-gabon"],"acf":[],"yoast_head":"<!-- This site is optimized with the Yoast SEO Premium plugin v25.3.1 (Yoast SEO v25.3.1) - https:\/\/yoast.com\/wordpress\/plugins\/seo\/ -->\n<title>Le Gabon en danger de mort - JusticeInfo.net<\/title>\n<meta name=\"robots\" content=\"index, follow, max-snippet:-1, max-image-preview:large, max-video-preview:-1\" \/>\n<link rel=\"canonical\" href=\"https:\/\/www.justiceinfo.net\/fr\/29021-le-gabon-en-danger-de-mort.html\" \/>\n<meta property=\"og:locale\" content=\"fr_FR\" \/>\n<meta property=\"og:type\" content=\"article\" \/>\n<meta property=\"og:title\" content=\"Le Gabon en danger de mort\" \/>\n<meta property=\"og:description\" content=\"Apr\u00e8s presque 60\u00a0ans d\u2019ind\u00e9pendance marqu\u00e9e par un coup d\u2019\u00c9tat (1964) et deux insurrections populaires (1990 et 2009), le Gabon traverse aujourd\u2019hui la plus grave crise de son histoire. Il s\u2019agit d\u2019une crise post\u00e9lectorale qui \u00e9tait pr\u00e9visible si l\u2019on tient compte notamment de l\u2019\u00e9volution du contexte sociopolitique, de l\u2019importante mutation d\u00e9mographique \u2013 aujourd\u2019hui, les mariages mixtes [&hellip;]\" \/>\n<meta property=\"og:url\" content=\"https:\/\/www.justiceinfo.net\/fr\/29021-le-gabon-en-danger-de-mort.html\" \/>\n<meta property=\"og:site_name\" content=\"JusticeInfo.net\" \/>\n<meta property=\"article:publisher\" content=\"https:\/\/www.facebook.com\/JusticeInfo\/\" \/>\n<meta property=\"article:published_time\" content=\"2016-09-10T22:00:00+00:00\" \/>\n<meta property=\"og:image\" content=\"https:\/\/www.justiceinfo.net\/wp-content\/uploads\/2132126ef3266ee108501bf3fa3d04b3.jpg\" \/>\n\t<meta property=\"og:image:width\" content=\"926\" \/>\n\t<meta property=\"og:image:height\" content=\"617\" \/>\n\t<meta property=\"og:image:type\" content=\"image\/jpeg\" \/>\n<meta name=\"author\" content=\"The Conversation\" \/>\n<meta name=\"twitter:card\" content=\"summary_large_image\" \/>\n<meta name=\"twitter:creator\" content=\"@justiceinfonet\" \/>\n<meta name=\"twitter:site\" content=\"@justiceinfonet\" \/>\n<meta name=\"twitter:label1\" content=\"\u00c9crit par\" \/>\n\t<meta name=\"twitter:data1\" content=\"The Conversation\" \/>\n\t<meta name=\"twitter:label2\" content=\"Dur\u00e9e de lecture estim\u00e9e\" \/>\n\t<meta name=\"twitter:data2\" content=\"11 minutes\" \/>\n<script type=\"application\/ld+json\" class=\"yoast-schema-graph\">{\"@context\":\"https:\/\/schema.org\",\"@graph\":[{\"@type\":\"NewsArticle\",\"@id\":\"https:\/\/www.justiceinfo.net\/fr\/29021-le-gabon-en-danger-de-mort.html#article\",\"isPartOf\":{\"@id\":\"https:\/\/www.justiceinfo.net\/fr\/29021-le-gabon-en-danger-de-mort.html\"},\"author\":{\"name\":\"solivri\",\"@id\":\"https:\/\/www.justiceinfo.net\/fr#\/schema\/person\/6e53cba1629e2e66f3fc1821d3091865\"},\"headline\":\"Le Gabon en danger de mort\",\"datePublished\":\"2016-09-10T22:00:00+00:00\",\"mainEntityOfPage\":{\"@id\":\"https:\/\/www.justiceinfo.net\/fr\/29021-le-gabon-en-danger-de-mort.html\"},\"wordCount\":2163,\"commentCount\":0,\"publisher\":{\"@id\":\"https:\/\/www.justiceinfo.net\/fr#organization\"},\"image\":{\"@id\":\"https:\/\/www.justiceinfo.net\/fr\/29021-le-gabon-en-danger-de-mort.html#primaryimage\"},\"thumbnailUrl\":\"https:\/\/www.justiceinfo.net\/wp-content\/uploads\/2132126ef3266ee108501bf3fa3d04b3.jpg\",\"articleSection\":[\"Divers\"],\"inLanguage\":\"fr-FR\",\"potentialAction\":[{\"@type\":\"CommentAction\",\"name\":\"Comment\",\"target\":[\"https:\/\/www.justiceinfo.net\/fr\/29021-le-gabon-en-danger-de-mort.html#respond\"]}]},{\"@type\":\"WebPage\",\"@id\":\"https:\/\/www.justiceinfo.net\/fr\/29021-le-gabon-en-danger-de-mort.html\",\"url\":\"https:\/\/www.justiceinfo.net\/fr\/29021-le-gabon-en-danger-de-mort.html\",\"name\":\"Le Gabon en danger de mort - JusticeInfo.net\",\"isPartOf\":{\"@id\":\"https:\/\/www.justiceinfo.net\/fr#website\"},\"primaryImageOfPage\":{\"@id\":\"https:\/\/www.justiceinfo.net\/fr\/29021-le-gabon-en-danger-de-mort.html#primaryimage\"},\"image\":{\"@id\":\"https:\/\/www.justiceinfo.net\/fr\/29021-le-gabon-en-danger-de-mort.html#primaryimage\"},\"thumbnailUrl\":\"https:\/\/www.justiceinfo.net\/wp-content\/uploads\/2132126ef3266ee108501bf3fa3d04b3.jpg\",\"datePublished\":\"2016-09-10T22:00:00+00:00\",\"breadcrumb\":{\"@id\":\"https:\/\/www.justiceinfo.net\/fr\/29021-le-gabon-en-danger-de-mort.html#breadcrumb\"},\"inLanguage\":\"fr-FR\",\"potentialAction\":[{\"@type\":\"ReadAction\",\"target\":[\"https:\/\/www.justiceinfo.net\/fr\/29021-le-gabon-en-danger-de-mort.html\"]}]},{\"@type\":\"ImageObject\",\"inLanguage\":\"fr-FR\",\"@id\":\"https:\/\/www.justiceinfo.net\/fr\/29021-le-gabon-en-danger-de-mort.html#primaryimage\",\"url\":\"https:\/\/www.justiceinfo.net\/wp-content\/uploads\/2132126ef3266ee108501bf3fa3d04b3.jpg\",\"contentUrl\":\"https:\/\/www.justiceinfo.net\/wp-content\/uploads\/2132126ef3266ee108501bf3fa3d04b3.jpg\",\"width\":926,\"height\":617},{\"@type\":\"BreadcrumbList\",\"@id\":\"https:\/\/www.justiceinfo.net\/fr\/29021-le-gabon-en-danger-de-mort.html#breadcrumb\",\"itemListElement\":[{\"@type\":\"ListItem\",\"position\":1,\"name\":\"Home\",\"item\":\"https:\/\/www.justiceinfo.net\/fr\"},{\"@type\":\"ListItem\",\"position\":2,\"name\":\"Le Gabon en danger de mort\"}]},{\"@type\":\"WebSite\",\"@id\":\"https:\/\/www.justiceinfo.net\/fr#website\",\"url\":\"https:\/\/www.justiceinfo.net\/fr\",\"name\":\"JusticeInfo.net\",\"description\":\"La justice doit \u00eatre vue pour \u00eatre rendue\",\"publisher\":{\"@id\":\"https:\/\/www.justiceinfo.net\/fr#organization\"},\"potentialAction\":[{\"@type\":\"SearchAction\",\"target\":{\"@type\":\"EntryPoint\",\"urlTemplate\":\"https:\/\/www.justiceinfo.net\/fr?s={search_term_string}\"},\"query-input\":{\"@type\":\"PropertyValueSpecification\",\"valueRequired\":true,\"valueName\":\"search_term_string\"}}],\"inLanguage\":\"fr-FR\"},{\"@type\":\"Organization\",\"@id\":\"https:\/\/www.justiceinfo.net\/fr#organization\",\"name\":\"Justice Info\",\"url\":\"https:\/\/www.justiceinfo.net\/fr\",\"logo\":{\"@type\":\"ImageObject\",\"inLanguage\":\"fr-FR\",\"@id\":\"https:\/\/www.justiceinfo.net\/fr#\/schema\/logo\/image\/\",\"url\":\"https:\/\/www.justiceinfo.net\/wp-content\/uploads\/justiceinfo_logo-trans_1200x1200px.png\",\"contentUrl\":\"https:\/\/www.justiceinfo.net\/wp-content\/uploads\/justiceinfo_logo-trans_1200x1200px.png\",\"width\":1199,\"height\":1200,\"caption\":\"Justice Info\"},\"image\":{\"@id\":\"https:\/\/www.justiceinfo.net\/fr#\/schema\/logo\/image\/\"},\"sameAs\":[\"https:\/\/www.facebook.com\/JusticeInfo\/\",\"https:\/\/x.com\/justiceinfonet\",\"https:\/\/www.linkedin.com\/company\/justice-info\",\"https:\/\/www.youtube.com\/channel\/UCyCEsARodyuWtkWyhn-e7pA\"]},{\"@type\":\"Person\",\"name\":\"The Conversation\",\"url\":\"\/fr\/?s=The Conversation\"}]}<\/script>\n<!-- \/ Yoast SEO Premium plugin. -->","yoast_head_json":{"title":"Le Gabon en danger de mort - JusticeInfo.net","robots":{"index":"index","follow":"follow","max-snippet":"max-snippet:-1","max-image-preview":"max-image-preview:large","max-video-preview":"max-video-preview:-1"},"canonical":"https:\/\/www.justiceinfo.net\/fr\/29021-le-gabon-en-danger-de-mort.html","og_locale":"fr_FR","og_type":"article","og_title":"Le Gabon en danger de mort","og_description":"Apr\u00e8s presque 60\u00a0ans d\u2019ind\u00e9pendance marqu\u00e9e par un coup d\u2019\u00c9tat (1964) et deux insurrections populaires (1990 et 2009), le Gabon traverse aujourd\u2019hui la plus grave crise de son histoire. Il s\u2019agit d\u2019une crise post\u00e9lectorale qui \u00e9tait pr\u00e9visible si l\u2019on tient compte notamment de l\u2019\u00e9volution du contexte sociopolitique, de l\u2019importante mutation d\u00e9mographique \u2013 aujourd\u2019hui, les mariages mixtes [&hellip;]","og_url":"https:\/\/www.justiceinfo.net\/fr\/29021-le-gabon-en-danger-de-mort.html","og_site_name":"JusticeInfo.net","article_publisher":"https:\/\/www.facebook.com\/JusticeInfo\/","article_published_time":"2016-09-10T22:00:00+00:00","og_image":[{"width":926,"height":617,"url":"https:\/\/www.justiceinfo.net\/wp-content\/uploads\/2132126ef3266ee108501bf3fa3d04b3.jpg","type":"image\/jpeg"}],"author":"The Conversation","twitter_card":"summary_large_image","twitter_creator":"@justiceinfonet","twitter_site":"@justiceinfonet","twitter_misc":{"\u00c9crit par":"The Conversation","Dur\u00e9e de lecture estim\u00e9e":"11 minutes"},"schema":{"@context":"https:\/\/schema.org","@graph":[{"@type":"NewsArticle","@id":"https:\/\/www.justiceinfo.net\/fr\/29021-le-gabon-en-danger-de-mort.html#article","isPartOf":{"@id":"https:\/\/www.justiceinfo.net\/fr\/29021-le-gabon-en-danger-de-mort.html"},"author":{"name":"solivri","@id":"https:\/\/www.justiceinfo.net\/fr#\/schema\/person\/6e53cba1629e2e66f3fc1821d3091865"},"headline":"Le Gabon en danger de mort","datePublished":"2016-09-10T22:00:00+00:00","mainEntityOfPage":{"@id":"https:\/\/www.justiceinfo.net\/fr\/29021-le-gabon-en-danger-de-mort.html"},"wordCount":2163,"commentCount":0,"publisher":{"@id":"https:\/\/www.justiceinfo.net\/fr#organization"},"image":{"@id":"https:\/\/www.justiceinfo.net\/fr\/29021-le-gabon-en-danger-de-mort.html#primaryimage"},"thumbnailUrl":"https:\/\/www.justiceinfo.net\/wp-content\/uploads\/2132126ef3266ee108501bf3fa3d04b3.jpg","articleSection":["Divers"],"inLanguage":"fr-FR","potentialAction":[{"@type":"CommentAction","name":"Comment","target":["https:\/\/www.justiceinfo.net\/fr\/29021-le-gabon-en-danger-de-mort.html#respond"]}]},{"@type":"WebPage","@id":"https:\/\/www.justiceinfo.net\/fr\/29021-le-gabon-en-danger-de-mort.html","url":"https:\/\/www.justiceinfo.net\/fr\/29021-le-gabon-en-danger-de-mort.html","name":"Le Gabon en danger de mort - JusticeInfo.net","isPartOf":{"@id":"https:\/\/www.justiceinfo.net\/fr#website"},"primaryImageOfPage":{"@id":"https:\/\/www.justiceinfo.net\/fr\/29021-le-gabon-en-danger-de-mort.html#primaryimage"},"image":{"@id":"https:\/\/www.justiceinfo.net\/fr\/29021-le-gabon-en-danger-de-mort.html#primaryimage"},"thumbnailUrl":"https:\/\/www.justiceinfo.net\/wp-content\/uploads\/2132126ef3266ee108501bf3fa3d04b3.jpg","datePublished":"2016-09-10T22:00:00+00:00","breadcrumb":{"@id":"https:\/\/www.justiceinfo.net\/fr\/29021-le-gabon-en-danger-de-mort.html#breadcrumb"},"inLanguage":"fr-FR","potentialAction":[{"@type":"ReadAction","target":["https:\/\/www.justiceinfo.net\/fr\/29021-le-gabon-en-danger-de-mort.html"]}]},{"@type":"ImageObject","inLanguage":"fr-FR","@id":"https:\/\/www.justiceinfo.net\/fr\/29021-le-gabon-en-danger-de-mort.html#primaryimage","url":"https:\/\/www.justiceinfo.net\/wp-content\/uploads\/2132126ef3266ee108501bf3fa3d04b3.jpg","contentUrl":"https:\/\/www.justiceinfo.net\/wp-content\/uploads\/2132126ef3266ee108501bf3fa3d04b3.jpg","width":926,"height":617},{"@type":"BreadcrumbList","@id":"https:\/\/www.justiceinfo.net\/fr\/29021-le-gabon-en-danger-de-mort.html#breadcrumb","itemListElement":[{"@type":"ListItem","position":1,"name":"Home","item":"https:\/\/www.justiceinfo.net\/fr"},{"@type":"ListItem","position":2,"name":"Le Gabon en danger de mort"}]},{"@type":"WebSite","@id":"https:\/\/www.justiceinfo.net\/fr#website","url":"https:\/\/www.justiceinfo.net\/fr","name":"JusticeInfo.net","description":"La justice doit \u00eatre vue pour \u00eatre rendue","publisher":{"@id":"https:\/\/www.justiceinfo.net\/fr#organization"},"potentialAction":[{"@type":"SearchAction","target":{"@type":"EntryPoint","urlTemplate":"https:\/\/www.justiceinfo.net\/fr?s={search_term_string}"},"query-input":{"@type":"PropertyValueSpecification","valueRequired":true,"valueName":"search_term_string"}}],"inLanguage":"fr-FR"},{"@type":"Organization","@id":"https:\/\/www.justiceinfo.net\/fr#organization","name":"Justice Info","url":"https:\/\/www.justiceinfo.net\/fr","logo":{"@type":"ImageObject","inLanguage":"fr-FR","@id":"https:\/\/www.justiceinfo.net\/fr#\/schema\/logo\/image\/","url":"https:\/\/www.justiceinfo.net\/wp-content\/uploads\/justiceinfo_logo-trans_1200x1200px.png","contentUrl":"https:\/\/www.justiceinfo.net\/wp-content\/uploads\/justiceinfo_logo-trans_1200x1200px.png","width":1199,"height":1200,"caption":"Justice Info"},"image":{"@id":"https:\/\/www.justiceinfo.net\/fr#\/schema\/logo\/image\/"},"sameAs":["https:\/\/www.facebook.com\/JusticeInfo\/","https:\/\/x.com\/justiceinfonet","https:\/\/www.linkedin.com\/company\/justice-info","https:\/\/www.youtube.com\/channel\/UCyCEsARodyuWtkWyhn-e7pA"]},{"@type":"Person","name":"The Conversation","url":"\/fr\/?s=The Conversation"}]}},"_links":{"self":[{"href":"https:\/\/www.justiceinfo.net\/fr\/wp-json\/wp\/v2\/posts\/29021","targetHints":{"allow":["GET"]}}],"collection":[{"href":"https:\/\/www.justiceinfo.net\/fr\/wp-json\/wp\/v2\/posts"}],"about":[{"href":"https:\/\/www.justiceinfo.net\/fr\/wp-json\/wp\/v2\/types\/post"}],"author":[{"embeddable":true,"href":"https:\/\/www.justiceinfo.net\/fr\/wp-json\/wp\/v2\/users\/64"}],"replies":[{"embeddable":true,"href":"https:\/\/www.justiceinfo.net\/fr\/wp-json\/wp\/v2\/comments?post=29021"}],"version-history":[{"count":0,"href":"https:\/\/www.justiceinfo.net\/fr\/wp-json\/wp\/v2\/posts\/29021\/revisions"}],"wp:featuredmedia":[{"embeddable":true,"href":"https:\/\/www.justiceinfo.net\/fr\/wp-json\/wp\/v2\/media\/62622"}],"wp:attachment":[{"href":"https:\/\/www.justiceinfo.net\/fr\/wp-json\/wp\/v2\/media?parent=29021"}],"wp:term":[{"taxonomy":"category","embeddable":true,"href":"https:\/\/www.justiceinfo.net\/fr\/wp-json\/wp\/v2\/categories?post=29021"},{"taxonomy":"post_tag","embeddable":true,"href":"https:\/\/www.justiceinfo.net\/fr\/wp-json\/wp\/v2\/tags?post=29021"},{"taxonomy":"ji_location","embeddable":true,"href":"https:\/\/www.justiceinfo.net\/fr\/wp-json\/wp\/v2\/ji_location?post=29021"}],"curies":[{"name":"wp","href":"https:\/\/api.w.org\/{rel}","templated":true}]}}