{"id":29107,"date":"2016-09-21T04:03:43","date_gmt":"2016-09-21T02:03:43","guid":{"rendered":"https:\/\/www.justiceinfo.net\/29107-kinshasa-multitude-d-affrontements-entre-jeunes-et-forces-de-l-ordre-de-nouveaux-morts.html"},"modified":"2016-09-21T04:03:43","modified_gmt":"2016-09-21T02:03:43","slug":"kinshasa-multitude-d-affrontements-entre-jeunes-et-forces-de-l-ordre-de-nouveaux-morts","status":"publish","type":"post","link":"https:\/\/www.justiceinfo.net\/fr\/29107-kinshasa-multitude-d-affrontements-entre-jeunes-et-forces-de-l-ordre-de-nouveaux-morts.html","title":{"rendered":"Kinshasa: multitude d'affrontements entre jeunes et forces de l'ordre, de nouveaux morts"},"content":{"rendered":"<div id=\"textscroller\" class=\"textContent tinyscrollbar-y jq_resizeScroll jq_columns fontsize_0\">\n<p>Des affrontements entre jeunes et forces de l'ordre ont fait un nombre ind\u00e9termin\u00e9 de morts\u00a0pour la deuxi\u00e8me journ\u00e9e cons\u00e9cutive \u00e0 Kinshasa, o\u00f9 l'opposition r\u00e9clame le d\u00e9part du pr\u00e9sident Joseph Kabila et la tenue d'une pr\u00e9sidentielle.<\/p>\n<p>Ces violences surviennent en plein \"dialogue national\", tentative pour sortir la R\u00e9publique d\u00e9mocratique du Congo de l'impasse \u00e9lectorale dans laquelle elle s'est fourvoy\u00e9e mais rejet\u00e9e par la majeure partie de l'opposition, qui avait appel\u00e9 \u00e0 manifester lundi.<\/p>\n<p>Renvoyant pouvoir et opposition dos \u00e0 dos, l'\u00c9glise catholique a condamn\u00e9 \"fermement la violence d'o\u00f9 qu'elle vienne\". La Conf\u00e9rence \u00e9piscopale nationale du Congo (Cenco) a annonc\u00e9 qu'elle suspendait sa participation au \"dialogue national\" en cours, \"par respect pour les victimes\", \"pour faire le deuil et rechercher un consensus plus large\".<\/p>\n<p>Les appels au calme lanc\u00e9s lundi soir par la communaut\u00e9 internationale n'ont pas \u00e9t\u00e9 entendus.<\/p>\n<p>Selon des sources de s\u00e9curit\u00e9 priv\u00e9es, des sources diplomatiques et des habitants, une multitude d'affrontements entre forces de l'ordre et jeunes en col\u00e8re a eu lieu pendant une grande partie de la journ\u00e9e dans les quartiers du centre et du sud de la capitale, les plus pauvres de cette m\u00e9gapole de 10 millions d'habitants habitu\u00e9e \u00e0 la mis\u00e8re.<\/p>\n<p>Comme la veille, plusieurs symboles de l'\u00c9tat, comme des postes de police, ont \u00e9t\u00e9 attaqu\u00e9s. Il y a eu aussi plusieurs pillages.<\/p>\n<p>Vers 19h30 (18h30 GMT), le calme semblait \u00eatre revenu dans la plus grande partie de la ville.<\/p>\n<p>Ces violences, les pires depuis janvier 2015, ont commenc\u00e9 lundi matin en marge d'une manifestation \u00e0 l'appel d'un \"Rassemblement\" d'opposition constitu\u00e9 autour du vieil opposant Etienne Tshisekedi \u00e0 trois mois et un jour de la fin du mandat de M. Kabila, pour lui signifier son \"pr\u00e9avis\".<\/p>\n<p>La marche a tr\u00e8s rapidement d\u00e9g\u00e9n\u00e9r\u00e9 en affrontements avec les forces de l'ordre. L'opposition et le pouvoir se sont renvoy\u00e9 la responsabilit\u00e9 des violences \u00e9maill\u00e9es de pillages qui ont fait 50 morts selon le Rassemblement, 17 (3 policiers et 14 \"pillards\") selon les autorit\u00e9s.<\/p>\n<p>Lundi, plusieurs b\u00e2timents de partis de la majorit\u00e9 ont \u00e9t\u00e9 incendi\u00e9s. Dans la nuit de lundi \u00e0 mardi, dans ce qui a \u00e9t\u00e9 per\u00e7u par l'opposition comme des \"repr\u00e9sailles\", trois si\u00e8ges de parti de l'opposition ont \u00e9t\u00e9 incendi\u00e9s, dont celui de l'Union pour la d\u00e9mocratie et le progr\u00e8s social (UDPS), la formation de M. Tshisekedi.<\/p>\n<p>- 'Exactions' \u00e9tatiques -<\/p>\n<p>Une journaliste de l'AFP y a vu deux corps carbonis\u00e9s, deux autres personnes en train de br\u00fbler vives et un homme gri\u00e8vement bless\u00e9 \u00e0 la t\u00eate allong\u00e9 \u00e0 terre.<\/p>\n<p>Dans un message sur Twitter, Ida Sawyer, chercheuse de l'ONG Human Rights Watch (HRW) r\u00e9cemment expuls\u00e9e du Congo, \u00e9crit que son organisation a re\u00e7u \"des rapports cr\u00e9dibles de 37 civils tu\u00e9s par (les) forces de s\u00e9curit\u00e9\" depuis lundi (dont 17 pour la seule journ\u00e9e de mardi) et de 6 policiers et un membre du parti pr\u00e9sidentiel \"tu\u00e9s par les manifestants\".<\/p>\n<p>Habitu\u00e9e des violences \u00e0 caract\u00e8re politique, la population de la capitale est rest\u00e9e massivement chez elle. Comme la veille la plupart des boutiques sont rest\u00e9es closes, et les \u00e9coles ont \u00e9t\u00e9 d\u00e9sert\u00e9es.<\/p>\n<p>\"Je ne peux pas sortir de chez moi\", a d\u00e9clar\u00e9 \u00e0 l'AFP un habitant du centre de la capitale, en d\u00e9but d'apr\u00e8s-midi, expliquant qu'il y avait des tirs dans son quartier depuis le matin.<\/p>\n<p>Selon la Constitution, le 20 septembre \u00e9tait la date limite pour convier les \u00e9lecteurs aux urnes pour la pr\u00e9sidentielle, qui appara\u00eet aujourd'hui impossible \u00e0 tenir dans les temps.<\/p>\n<p>La loi fondamentale interdit \u00e0 M. Kabila, au pouvoir depuis 2001, de se repr\u00e9senter, mais celui-ci ne donne aucun signe de vouloir quitter son poste.<\/p>\n<p>L'Union africaine (UA), qui assure la facilitation du \"dialogue national\", a annonc\u00e9 mardi que les travaux de ce forum \u00e9taient suspendus jusqu'\u00e0 vendredi.<\/p>\n<p>Outre des repr\u00e9sentants de la soci\u00e9t\u00e9 civile, ces assises r\u00e9unissent la majorit\u00e9 et une frange minoritaire de l'opposition avec le but affich\u00e9 de r\u00e9soudre la crise provoqu\u00e9 par l'impossibilit\u00e9 de tenir \u00e0 temps l'\u00e9lection pr\u00e9sidentielle cens\u00e9e avoir lieu avant le 20 d\u00e9cembre, date de la fin du mandat de M. Kabila.\u00a0<\/p>\n<p>Respect\u00e9e dans le pays pour son r\u00f4le d\u00e9terminant dans l'ouverture d\u00e9mocratique de la d\u00e9cennie 1990, l'Eglise catholique juge qu'il \"devra \u00eatre clairement \u00e9tabli et stipul\u00e9\" dans tout \"accord politique\" dont accoucherait le \"dialogue national\" que M. Kabila \"ne sera pas candidat \u00e0 la prochaine \u00e9lection pr\u00e9sidentielle \u00e0 organiser le plus t\u00f4t possible\".<\/p>\n<p>De New York, le pr\u00e9sident fran\u00e7ais Fran\u00e7ois Hollande a qualifi\u00e9 d'\"inadmissibles\" et \"insupportables\" les violences \u00e0 Kinshasa et a accus\u00e9 \"l'Etat congolais lui-m\u00eame\" d'avoir provoqu\u00e9 \"des exactions\".<\/p>\n<p>Les Etats-Unis disent \u00eatre pr\u00eats \u00e0 prendre des sanctions financi\u00e8res contre d'autres responsables congolais apr\u00e8s celles qu'ils avaient impos\u00e9es en juin au chef de la police.<\/p>\n<\/div>\n","protected":false},"excerpt":{"rendered":"<p>Des affrontements entre jeunes et forces de l'ordre ont fait un nombre ind\u00e9termin\u00e9 de morts\u00a0pour la deuxi\u00e8me journ\u00e9e cons\u00e9cutive \u00e0 Kinshasa, o\u00f9 l'opposition r\u00e9clame le d\u00e9part du pr\u00e9sident Joseph Kabila et la tenue d'une pr\u00e9sidentielle. Ces violences surviennent en plein \"dialogue national\", tentative pour sortir la R\u00e9publique d\u00e9mocratique du Congo de l'impasse \u00e9lectorale dans laquelle [&hellip;]<\/p>\n","protected":false},"author":60,"featured_media":0,"comment_status":"open","ping_status":"closed","sticky":false,"template":"","format":"standard","meta":{"_acf_changed":false,"footnotes":""},"categories":[2576],"tags":[],"ji_location":[2196],"class_list":["post-29107","post","type-post","status-publish","format-standard","hentry","category-fil-d-actualite","ji_location-republique-democratique-du-congo"],"acf":[],"yoast_head":"<!-- This site is optimized with the Yoast SEO Premium plugin v25.3.1 (Yoast SEO v25.3.1) - https:\/\/yoast.com\/wordpress\/plugins\/seo\/ -->\n<title>Kinshasa: multitude d&#039;affrontements entre jeunes et forces de l&#039;ordre, de nouveaux morts - JusticeInfo.net<\/title>\n<meta name=\"robots\" content=\"index, follow, max-snippet:-1, max-image-preview:large, max-video-preview:-1\" \/>\n<link rel=\"canonical\" href=\"https:\/\/www.justiceinfo.net\/fr\/29107-kinshasa-multitude-d-affrontements-entre-jeunes-et-forces-de-l-ordre-de-nouveaux-morts.html\" \/>\n<meta property=\"og:locale\" content=\"fr_FR\" \/>\n<meta property=\"og:type\" content=\"article\" \/>\n<meta property=\"og:title\" content=\"Kinshasa: multitude d&#039;affrontements entre jeunes et forces de l&#039;ordre, de nouveaux morts\" \/>\n<meta property=\"og:description\" content=\"Des affrontements entre jeunes et forces de l&#039;ordre ont fait un nombre ind\u00e9termin\u00e9 de morts\u00a0pour la deuxi\u00e8me journ\u00e9e cons\u00e9cutive \u00e0 Kinshasa, o\u00f9 l&#039;opposition r\u00e9clame le d\u00e9part du pr\u00e9sident Joseph Kabila et la tenue d&#039;une pr\u00e9sidentielle. Ces violences surviennent en plein &quot;dialogue national&quot;, tentative pour sortir la R\u00e9publique d\u00e9mocratique du Congo de l&#039;impasse \u00e9lectorale dans laquelle [&hellip;]\" \/>\n<meta property=\"og:url\" content=\"https:\/\/www.justiceinfo.net\/fr\/29107-kinshasa-multitude-d-affrontements-entre-jeunes-et-forces-de-l-ordre-de-nouveaux-morts.html\" \/>\n<meta property=\"og:site_name\" content=\"JusticeInfo.net\" \/>\n<meta property=\"article:publisher\" content=\"https:\/\/www.facebook.com\/JusticeInfo\/\" \/>\n<meta property=\"article:published_time\" content=\"2016-09-21T02:03:43+00:00\" \/>\n<meta property=\"og:image\" content=\"https:\/\/www.justiceinfo.net\/wp-content\/uploads\/JusticeInfoNet_logo_1200x630px.jpg\" \/>\n\t<meta property=\"og:image:width\" content=\"1200\" \/>\n\t<meta property=\"og:image:height\" content=\"630\" \/>\n\t<meta property=\"og:image:type\" content=\"image\/jpeg\" \/>\n<meta name=\"author\" content=\"AFP\" \/>\n<meta name=\"twitter:card\" content=\"summary_large_image\" \/>\n<meta name=\"twitter:creator\" content=\"@justiceinfonet\" \/>\n<meta name=\"twitter:site\" content=\"@justiceinfonet\" \/>\n<meta name=\"twitter:label1\" content=\"\u00c9crit par\" \/>\n\t<meta name=\"twitter:data1\" content=\"AFP\" \/>\n\t<meta name=\"twitter:label2\" content=\"Dur\u00e9e de lecture estim\u00e9e\" \/>\n\t<meta name=\"twitter:data2\" content=\"4 minutes\" \/>\n<script type=\"application\/ld+json\" class=\"yoast-schema-graph\">{\"@context\":\"https:\/\/schema.org\",\"@graph\":[{\"@type\":\"NewsArticle\",\"@id\":\"https:\/\/www.justiceinfo.net\/fr\/29107-kinshasa-multitude-d-affrontements-entre-jeunes-et-forces-de-l-ordre-de-nouveaux-morts.html#article\",\"isPartOf\":{\"@id\":\"https:\/\/www.justiceinfo.net\/fr\/29107-kinshasa-multitude-d-affrontements-entre-jeunes-et-forces-de-l-ordre-de-nouveaux-morts.html\"},\"author\":{\"name\":\"afp\",\"@id\":\"https:\/\/www.justiceinfo.net\/fr#\/schema\/person\/713d340ef5f218fc36ce9b4244364a7f\"},\"headline\":\"Kinshasa: multitude d'affrontements entre jeunes et forces de l'ordre, de nouveaux morts\",\"datePublished\":\"2016-09-21T02:03:43+00:00\",\"mainEntityOfPage\":{\"@id\":\"https:\/\/www.justiceinfo.net\/fr\/29107-kinshasa-multitude-d-affrontements-entre-jeunes-et-forces-de-l-ordre-de-nouveaux-morts.html\"},\"wordCount\":880,\"commentCount\":0,\"publisher\":{\"@id\":\"https:\/\/www.justiceinfo.net\/fr#organization\"},\"articleSection\":[\"Fil d'info AFP\"],\"inLanguage\":\"fr-FR\",\"potentialAction\":[{\"@type\":\"CommentAction\",\"name\":\"Comment\",\"target\":[\"https:\/\/www.justiceinfo.net\/fr\/29107-kinshasa-multitude-d-affrontements-entre-jeunes-et-forces-de-l-ordre-de-nouveaux-morts.html#respond\"]}]},{\"@type\":\"WebPage\",\"@id\":\"https:\/\/www.justiceinfo.net\/fr\/29107-kinshasa-multitude-d-affrontements-entre-jeunes-et-forces-de-l-ordre-de-nouveaux-morts.html\",\"url\":\"https:\/\/www.justiceinfo.net\/fr\/29107-kinshasa-multitude-d-affrontements-entre-jeunes-et-forces-de-l-ordre-de-nouveaux-morts.html\",\"name\":\"Kinshasa: multitude d'affrontements entre jeunes et forces de l'ordre, de nouveaux morts - JusticeInfo.net\",\"isPartOf\":{\"@id\":\"https:\/\/www.justiceinfo.net\/fr#website\"},\"datePublished\":\"2016-09-21T02:03:43+00:00\",\"breadcrumb\":{\"@id\":\"https:\/\/www.justiceinfo.net\/fr\/29107-kinshasa-multitude-d-affrontements-entre-jeunes-et-forces-de-l-ordre-de-nouveaux-morts.html#breadcrumb\"},\"inLanguage\":\"fr-FR\",\"potentialAction\":[{\"@type\":\"ReadAction\",\"target\":[\"https:\/\/www.justiceinfo.net\/fr\/29107-kinshasa-multitude-d-affrontements-entre-jeunes-et-forces-de-l-ordre-de-nouveaux-morts.html\"]}]},{\"@type\":\"BreadcrumbList\",\"@id\":\"https:\/\/www.justiceinfo.net\/fr\/29107-kinshasa-multitude-d-affrontements-entre-jeunes-et-forces-de-l-ordre-de-nouveaux-morts.html#breadcrumb\",\"itemListElement\":[{\"@type\":\"ListItem\",\"position\":1,\"name\":\"Home\",\"item\":\"https:\/\/www.justiceinfo.net\/fr\"},{\"@type\":\"ListItem\",\"position\":2,\"name\":\"Kinshasa: multitude d'affrontements entre jeunes et forces de l'ordre, de nouveaux morts\"}]},{\"@type\":\"WebSite\",\"@id\":\"https:\/\/www.justiceinfo.net\/fr#website\",\"url\":\"https:\/\/www.justiceinfo.net\/fr\",\"name\":\"JusticeInfo.net\",\"description\":\"La justice doit \u00eatre vue pour \u00eatre rendue\",\"publisher\":{\"@id\":\"https:\/\/www.justiceinfo.net\/fr#organization\"},\"potentialAction\":[{\"@type\":\"SearchAction\",\"target\":{\"@type\":\"EntryPoint\",\"urlTemplate\":\"https:\/\/www.justiceinfo.net\/fr?s={search_term_string}\"},\"query-input\":{\"@type\":\"PropertyValueSpecification\",\"valueRequired\":true,\"valueName\":\"search_term_string\"}}],\"inLanguage\":\"fr-FR\"},{\"@type\":\"Organization\",\"@id\":\"https:\/\/www.justiceinfo.net\/fr#organization\",\"name\":\"Justice Info\",\"url\":\"https:\/\/www.justiceinfo.net\/fr\",\"logo\":{\"@type\":\"ImageObject\",\"inLanguage\":\"fr-FR\",\"@id\":\"https:\/\/www.justiceinfo.net\/fr#\/schema\/logo\/image\/\",\"url\":\"https:\/\/www.justiceinfo.net\/wp-content\/uploads\/justiceinfo_logo-trans_1200x1200px.png\",\"contentUrl\":\"https:\/\/www.justiceinfo.net\/wp-content\/uploads\/justiceinfo_logo-trans_1200x1200px.png\",\"width\":1199,\"height\":1200,\"caption\":\"Justice Info\"},\"image\":{\"@id\":\"https:\/\/www.justiceinfo.net\/fr#\/schema\/logo\/image\/\"},\"sameAs\":[\"https:\/\/www.facebook.com\/JusticeInfo\/\",\"https:\/\/x.com\/justiceinfonet\",\"https:\/\/www.linkedin.com\/company\/justice-info\",\"https:\/\/www.youtube.com\/channel\/UCyCEsARodyuWtkWyhn-e7pA\"]},{\"@type\":\"Person\",\"name\":\"AFP\",\"url\":\"\/fr\/?s=AFP\"}]}<\/script>\n<!-- \/ Yoast SEO Premium plugin. -->","yoast_head_json":{"title":"Kinshasa: multitude d'affrontements entre jeunes et forces de l'ordre, de nouveaux morts - JusticeInfo.net","robots":{"index":"index","follow":"follow","max-snippet":"max-snippet:-1","max-image-preview":"max-image-preview:large","max-video-preview":"max-video-preview:-1"},"canonical":"https:\/\/www.justiceinfo.net\/fr\/29107-kinshasa-multitude-d-affrontements-entre-jeunes-et-forces-de-l-ordre-de-nouveaux-morts.html","og_locale":"fr_FR","og_type":"article","og_title":"Kinshasa: multitude d'affrontements entre jeunes et forces de l'ordre, de nouveaux morts","og_description":"Des affrontements entre jeunes et forces de l'ordre ont fait un nombre ind\u00e9termin\u00e9 de morts\u00a0pour la deuxi\u00e8me journ\u00e9e cons\u00e9cutive \u00e0 Kinshasa, o\u00f9 l'opposition r\u00e9clame le d\u00e9part du pr\u00e9sident Joseph Kabila et la tenue d'une pr\u00e9sidentielle. Ces violences surviennent en plein \"dialogue national\", tentative pour sortir la R\u00e9publique d\u00e9mocratique du Congo de l'impasse \u00e9lectorale dans laquelle [&hellip;]","og_url":"https:\/\/www.justiceinfo.net\/fr\/29107-kinshasa-multitude-d-affrontements-entre-jeunes-et-forces-de-l-ordre-de-nouveaux-morts.html","og_site_name":"JusticeInfo.net","article_publisher":"https:\/\/www.facebook.com\/JusticeInfo\/","article_published_time":"2016-09-21T02:03:43+00:00","og_image":[{"width":1200,"height":630,"url":"https:\/\/www.justiceinfo.net\/wp-content\/uploads\/JusticeInfoNet_logo_1200x630px.jpg","type":"image\/jpeg"}],"author":"AFP","twitter_card":"summary_large_image","twitter_creator":"@justiceinfonet","twitter_site":"@justiceinfonet","twitter_misc":{"\u00c9crit par":"AFP","Dur\u00e9e de lecture estim\u00e9e":"4 minutes"},"schema":{"@context":"https:\/\/schema.org","@graph":[{"@type":"NewsArticle","@id":"https:\/\/www.justiceinfo.net\/fr\/29107-kinshasa-multitude-d-affrontements-entre-jeunes-et-forces-de-l-ordre-de-nouveaux-morts.html#article","isPartOf":{"@id":"https:\/\/www.justiceinfo.net\/fr\/29107-kinshasa-multitude-d-affrontements-entre-jeunes-et-forces-de-l-ordre-de-nouveaux-morts.html"},"author":{"name":"afp","@id":"https:\/\/www.justiceinfo.net\/fr#\/schema\/person\/713d340ef5f218fc36ce9b4244364a7f"},"headline":"Kinshasa: multitude d'affrontements entre jeunes et forces de l'ordre, de nouveaux morts","datePublished":"2016-09-21T02:03:43+00:00","mainEntityOfPage":{"@id":"https:\/\/www.justiceinfo.net\/fr\/29107-kinshasa-multitude-d-affrontements-entre-jeunes-et-forces-de-l-ordre-de-nouveaux-morts.html"},"wordCount":880,"commentCount":0,"publisher":{"@id":"https:\/\/www.justiceinfo.net\/fr#organization"},"articleSection":["Fil d'info AFP"],"inLanguage":"fr-FR","potentialAction":[{"@type":"CommentAction","name":"Comment","target":["https:\/\/www.justiceinfo.net\/fr\/29107-kinshasa-multitude-d-affrontements-entre-jeunes-et-forces-de-l-ordre-de-nouveaux-morts.html#respond"]}]},{"@type":"WebPage","@id":"https:\/\/www.justiceinfo.net\/fr\/29107-kinshasa-multitude-d-affrontements-entre-jeunes-et-forces-de-l-ordre-de-nouveaux-morts.html","url":"https:\/\/www.justiceinfo.net\/fr\/29107-kinshasa-multitude-d-affrontements-entre-jeunes-et-forces-de-l-ordre-de-nouveaux-morts.html","name":"Kinshasa: multitude d'affrontements entre jeunes et forces de l'ordre, de nouveaux morts - JusticeInfo.net","isPartOf":{"@id":"https:\/\/www.justiceinfo.net\/fr#website"},"datePublished":"2016-09-21T02:03:43+00:00","breadcrumb":{"@id":"https:\/\/www.justiceinfo.net\/fr\/29107-kinshasa-multitude-d-affrontements-entre-jeunes-et-forces-de-l-ordre-de-nouveaux-morts.html#breadcrumb"},"inLanguage":"fr-FR","potentialAction":[{"@type":"ReadAction","target":["https:\/\/www.justiceinfo.net\/fr\/29107-kinshasa-multitude-d-affrontements-entre-jeunes-et-forces-de-l-ordre-de-nouveaux-morts.html"]}]},{"@type":"BreadcrumbList","@id":"https:\/\/www.justiceinfo.net\/fr\/29107-kinshasa-multitude-d-affrontements-entre-jeunes-et-forces-de-l-ordre-de-nouveaux-morts.html#breadcrumb","itemListElement":[{"@type":"ListItem","position":1,"name":"Home","item":"https:\/\/www.justiceinfo.net\/fr"},{"@type":"ListItem","position":2,"name":"Kinshasa: multitude d'affrontements entre jeunes et forces de l'ordre, de nouveaux morts"}]},{"@type":"WebSite","@id":"https:\/\/www.justiceinfo.net\/fr#website","url":"https:\/\/www.justiceinfo.net\/fr","name":"JusticeInfo.net","description":"La justice doit \u00eatre vue pour \u00eatre rendue","publisher":{"@id":"https:\/\/www.justiceinfo.net\/fr#organization"},"potentialAction":[{"@type":"SearchAction","target":{"@type":"EntryPoint","urlTemplate":"https:\/\/www.justiceinfo.net\/fr?s={search_term_string}"},"query-input":{"@type":"PropertyValueSpecification","valueRequired":true,"valueName":"search_term_string"}}],"inLanguage":"fr-FR"},{"@type":"Organization","@id":"https:\/\/www.justiceinfo.net\/fr#organization","name":"Justice Info","url":"https:\/\/www.justiceinfo.net\/fr","logo":{"@type":"ImageObject","inLanguage":"fr-FR","@id":"https:\/\/www.justiceinfo.net\/fr#\/schema\/logo\/image\/","url":"https:\/\/www.justiceinfo.net\/wp-content\/uploads\/justiceinfo_logo-trans_1200x1200px.png","contentUrl":"https:\/\/www.justiceinfo.net\/wp-content\/uploads\/justiceinfo_logo-trans_1200x1200px.png","width":1199,"height":1200,"caption":"Justice Info"},"image":{"@id":"https:\/\/www.justiceinfo.net\/fr#\/schema\/logo\/image\/"},"sameAs":["https:\/\/www.facebook.com\/JusticeInfo\/","https:\/\/x.com\/justiceinfonet","https:\/\/www.linkedin.com\/company\/justice-info","https:\/\/www.youtube.com\/channel\/UCyCEsARodyuWtkWyhn-e7pA"]},{"@type":"Person","name":"AFP","url":"\/fr\/?s=AFP"}]}},"_links":{"self":[{"href":"https:\/\/www.justiceinfo.net\/fr\/wp-json\/wp\/v2\/posts\/29107","targetHints":{"allow":["GET"]}}],"collection":[{"href":"https:\/\/www.justiceinfo.net\/fr\/wp-json\/wp\/v2\/posts"}],"about":[{"href":"https:\/\/www.justiceinfo.net\/fr\/wp-json\/wp\/v2\/types\/post"}],"author":[{"embeddable":true,"href":"https:\/\/www.justiceinfo.net\/fr\/wp-json\/wp\/v2\/users\/60"}],"replies":[{"embeddable":true,"href":"https:\/\/www.justiceinfo.net\/fr\/wp-json\/wp\/v2\/comments?post=29107"}],"version-history":[{"count":0,"href":"https:\/\/www.justiceinfo.net\/fr\/wp-json\/wp\/v2\/posts\/29107\/revisions"}],"wp:attachment":[{"href":"https:\/\/www.justiceinfo.net\/fr\/wp-json\/wp\/v2\/media?parent=29107"}],"wp:term":[{"taxonomy":"category","embeddable":true,"href":"https:\/\/www.justiceinfo.net\/fr\/wp-json\/wp\/v2\/categories?post=29107"},{"taxonomy":"post_tag","embeddable":true,"href":"https:\/\/www.justiceinfo.net\/fr\/wp-json\/wp\/v2\/tags?post=29107"},{"taxonomy":"ji_location","embeddable":true,"href":"https:\/\/www.justiceinfo.net\/fr\/wp-json\/wp\/v2\/ji_location?post=29107"}],"curies":[{"name":"wp","href":"https:\/\/api.w.org\/{rel}","templated":true}]}}