{"id":29119,"date":"2016-09-21T09:28:39","date_gmt":"2016-09-21T07:28:39","guid":{"rendered":"https:\/\/www.justiceinfo.net\/29119-la-situation-s-apaise-a-kinshasa-apres-deux-jours-de-violences-meurtrieres.html"},"modified":"2016-09-21T09:28:39","modified_gmt":"2016-09-21T07:28:39","slug":"la-situation-s-apaise-a-kinshasa-apres-deux-jours-de-violences-meurtrieres","status":"publish","type":"post","link":"https:\/\/www.justiceinfo.net\/fr\/29119-la-situation-s-apaise-a-kinshasa-apres-deux-jours-de-violences-meurtrieres.html","title":{"rendered":"La situation s'apaise \u00e0 Kinshasa apr\u00e8s deux jours de violences meurtri\u00e8res"},"content":{"rendered":"<div id=\"textscroller\" class=\"textContent tinyscrollbar-y jq_resizeScroll jq_columns fontsize_0\">\n<p>Kinshasa a retrouv\u00e9 un calme pr\u00e9caire mercredi matin, selon des journalistes de l'AFP, apr\u00e8s deux journ\u00e9es de pillages et d'affrontements meurtriers entre forces de l'ordre et jeunes en col\u00e8re contre le pouvoir du pr\u00e9sident congolais Joseph Kabila.<\/p>\n<p>Dans les quartiers centre-ouest et sud de la capitale de la R\u00e9publique d\u00e9mocratique du Congo, la vie a commenc\u00e9 \u00e0 reprendre un cours normal.<\/p>\n<p>Vers 09h00 (08h00 GMT), les transports en communs fonctionnaient de nouveau, mais la situation \u00e9tait plus fluide qu'un jour normal dans cette m\u00e9gapole de 10 millions d'habitants habitu\u00e9e aux embouteillages.<\/p>\n<p>Les vendeurs \u00e0 la sauvette qui avaient disparu pendant deux jours d\u00e9ambulaient de nouveau en transportant leurs marchandises sur la t\u00eate.<\/p>\n<p>Les pompes \u00e0 essence et les boutiques avaient majoritairement rouvert. Pas d'\u00e9coliers visibles dans les rues en revanche, les parents pr\u00e9f\u00e9rant les garder un troisi\u00e8me jour \u00e0 la maison pour s'assurer que le calme est bien r\u00e9tabli.<\/p>\n<p>\"C'\u00e9tait terrible ici hier et avant-hier\", explique Christian, 21 ans, devant une boutique d'op\u00e9rateur t\u00e9l\u00e9phonique d\u00e9valis\u00e9e au quartier 1 de Ndjili dans le sud de la capitale.<\/p>\n<p>\"On ne refuse pas que les gens revendiquent leurs droits, mais ce qui me fait mal, c'est qu'on ait cass\u00e9 et pill\u00e9\" des commerces susceptibles de donner de l'emploi \u00e0 la grande majorit\u00e9 de la population qui en manque cruellement, ajoute-t-il.<\/p>\n<p>Un peu plus loin, un d\u00e9p\u00f4t du parc agro-industriel de Bukanga-Lonzo (cr\u00e9\u00e9 il y a deux ans par le gouvernement) a \u00e9t\u00e9 totalement pill\u00e9. Il n'y reste que des conteneurs vides.<\/p>\n<p>\"La grande majorit\u00e9 de la population n'a pas les moyens de manger ce ma\u00efs produit au Congo\", d\u00e9clare Patrick, pour qui cela explique \"la col\u00e8re qui pousse les gens \u00e0 piller\".<\/p>\n<p>\"On n'a pas de probl\u00e8me particulier avec le pr\u00e9sident Kabila, mais nous attendons qu'il dise publiquement qu'il ne va pas se repr\u00e9senter\" et \"que le pr\u00e9sident qui lui succ\u00e9dera donne de l'emploi aux gens\", ajoute-t-il.<\/p>\n<p>Les violences ont commenc\u00e9 lundi matin en marge d'une manifestation d'opposition \u00e0 trois mois et un jour de la fin du mandat de M. Kabila, pour lui signifier son \"pr\u00e9avis\".<\/p>\n<p>La marche a tr\u00e8s rapidement d\u00e9g\u00e9n\u00e9r\u00e9 en affrontements avec les forces de l'ordre. Les violences, qui ont fait un nombre ind\u00e9termin\u00e9 de victimes (au moins une vingtaine de morts), se sont poursuivies mardi et ont \u00e9t\u00e9 accompagn\u00e9es de nombreux pillages ou actes de vandalisme.<\/p>\n<p>La Constitution interdit \u00e0 M. Kabila, au pouvoir depuis 2001, de se repr\u00e9senter, mais le chef de l\u2019\u00c9tat ne donne aucun signe de vouloir quitter son poste alors que la pr\u00e9sidentielle appara\u00eet d\u00e9sormais impossible \u00e0 organiser dans les temps.<\/p>\n<\/div>\n","protected":false},"excerpt":{"rendered":"<p>Kinshasa a retrouv\u00e9 un calme pr\u00e9caire mercredi matin, selon des journalistes de l'AFP, apr\u00e8s deux journ\u00e9es de pillages et d'affrontements meurtriers entre forces de l'ordre et jeunes en col\u00e8re contre le pouvoir du pr\u00e9sident congolais Joseph Kabila. Dans les quartiers centre-ouest et sud de la capitale de la R\u00e9publique d\u00e9mocratique du Congo, la vie a [&hellip;]<\/p>\n","protected":false},"author":60,"featured_media":0,"comment_status":"open","ping_status":"closed","sticky":false,"template":"","format":"standard","meta":{"_acf_changed":false,"footnotes":""},"categories":[2576],"tags":[],"ji_location":[2196],"class_list":["post-29119","post","type-post","status-publish","format-standard","hentry","category-fil-d-actualite","ji_location-republique-democratique-du-congo"],"acf":[],"yoast_head":"<!-- This site is optimized with the Yoast SEO Premium plugin v25.3.1 (Yoast SEO v25.3.1) - https:\/\/yoast.com\/wordpress\/plugins\/seo\/ -->\n<title>La situation s&#039;apaise \u00e0 Kinshasa apr\u00e8s deux jours de violences meurtri\u00e8res - JusticeInfo.net<\/title>\n<meta name=\"robots\" content=\"index, follow, max-snippet:-1, max-image-preview:large, max-video-preview:-1\" \/>\n<link rel=\"canonical\" href=\"https:\/\/www.justiceinfo.net\/fr\/29119-la-situation-s-apaise-a-kinshasa-apres-deux-jours-de-violences-meurtrieres.html\" \/>\n<meta property=\"og:locale\" content=\"fr_FR\" \/>\n<meta property=\"og:type\" content=\"article\" \/>\n<meta property=\"og:title\" content=\"La situation s&#039;apaise \u00e0 Kinshasa apr\u00e8s deux jours de violences meurtri\u00e8res\" \/>\n<meta property=\"og:description\" content=\"Kinshasa a retrouv\u00e9 un calme pr\u00e9caire mercredi matin, selon des journalistes de l&#039;AFP, apr\u00e8s deux journ\u00e9es de pillages et d&#039;affrontements meurtriers entre forces de l&#039;ordre et jeunes en col\u00e8re contre le pouvoir du pr\u00e9sident congolais Joseph Kabila. Dans les quartiers centre-ouest et sud de la capitale de la R\u00e9publique d\u00e9mocratique du Congo, la vie a [&hellip;]\" \/>\n<meta property=\"og:url\" content=\"https:\/\/www.justiceinfo.net\/fr\/29119-la-situation-s-apaise-a-kinshasa-apres-deux-jours-de-violences-meurtrieres.html\" \/>\n<meta property=\"og:site_name\" content=\"JusticeInfo.net\" \/>\n<meta property=\"article:publisher\" content=\"https:\/\/www.facebook.com\/JusticeInfo\/\" \/>\n<meta property=\"article:published_time\" content=\"2016-09-21T07:28:39+00:00\" \/>\n<meta property=\"og:image\" content=\"https:\/\/www.justiceinfo.net\/wp-content\/uploads\/JusticeInfoNet_logo_1200x630px.jpg\" \/>\n\t<meta property=\"og:image:width\" content=\"1200\" \/>\n\t<meta property=\"og:image:height\" content=\"630\" \/>\n\t<meta property=\"og:image:type\" content=\"image\/jpeg\" \/>\n<meta name=\"author\" content=\"AFP\" \/>\n<meta name=\"twitter:card\" content=\"summary_large_image\" \/>\n<meta name=\"twitter:creator\" content=\"@justiceinfonet\" \/>\n<meta name=\"twitter:site\" content=\"@justiceinfonet\" \/>\n<meta name=\"twitter:label1\" content=\"\u00c9crit par\" \/>\n\t<meta name=\"twitter:data1\" content=\"AFP\" \/>\n\t<meta name=\"twitter:label2\" content=\"Dur\u00e9e de lecture estim\u00e9e\" \/>\n\t<meta name=\"twitter:data2\" content=\"2 minutes\" \/>\n<script type=\"application\/ld+json\" class=\"yoast-schema-graph\">{\"@context\":\"https:\/\/schema.org\",\"@graph\":[{\"@type\":\"NewsArticle\",\"@id\":\"https:\/\/www.justiceinfo.net\/fr\/29119-la-situation-s-apaise-a-kinshasa-apres-deux-jours-de-violences-meurtrieres.html#article\",\"isPartOf\":{\"@id\":\"https:\/\/www.justiceinfo.net\/fr\/29119-la-situation-s-apaise-a-kinshasa-apres-deux-jours-de-violences-meurtrieres.html\"},\"author\":{\"name\":\"afp\",\"@id\":\"https:\/\/www.justiceinfo.net\/fr#\/schema\/person\/713d340ef5f218fc36ce9b4244364a7f\"},\"headline\":\"La situation s'apaise \u00e0 Kinshasa apr\u00e8s deux jours de violences meurtri\u00e8res\",\"datePublished\":\"2016-09-21T07:28:39+00:00\",\"mainEntityOfPage\":{\"@id\":\"https:\/\/www.justiceinfo.net\/fr\/29119-la-situation-s-apaise-a-kinshasa-apres-deux-jours-de-violences-meurtrieres.html\"},\"wordCount\":490,\"commentCount\":0,\"publisher\":{\"@id\":\"https:\/\/www.justiceinfo.net\/fr#organization\"},\"articleSection\":[\"Fil d'info AFP\"],\"inLanguage\":\"fr-FR\",\"potentialAction\":[{\"@type\":\"CommentAction\",\"name\":\"Comment\",\"target\":[\"https:\/\/www.justiceinfo.net\/fr\/29119-la-situation-s-apaise-a-kinshasa-apres-deux-jours-de-violences-meurtrieres.html#respond\"]}]},{\"@type\":\"WebPage\",\"@id\":\"https:\/\/www.justiceinfo.net\/fr\/29119-la-situation-s-apaise-a-kinshasa-apres-deux-jours-de-violences-meurtrieres.html\",\"url\":\"https:\/\/www.justiceinfo.net\/fr\/29119-la-situation-s-apaise-a-kinshasa-apres-deux-jours-de-violences-meurtrieres.html\",\"name\":\"La situation s'apaise \u00e0 Kinshasa apr\u00e8s deux jours de violences meurtri\u00e8res - JusticeInfo.net\",\"isPartOf\":{\"@id\":\"https:\/\/www.justiceinfo.net\/fr#website\"},\"datePublished\":\"2016-09-21T07:28:39+00:00\",\"breadcrumb\":{\"@id\":\"https:\/\/www.justiceinfo.net\/fr\/29119-la-situation-s-apaise-a-kinshasa-apres-deux-jours-de-violences-meurtrieres.html#breadcrumb\"},\"inLanguage\":\"fr-FR\",\"potentialAction\":[{\"@type\":\"ReadAction\",\"target\":[\"https:\/\/www.justiceinfo.net\/fr\/29119-la-situation-s-apaise-a-kinshasa-apres-deux-jours-de-violences-meurtrieres.html\"]}]},{\"@type\":\"BreadcrumbList\",\"@id\":\"https:\/\/www.justiceinfo.net\/fr\/29119-la-situation-s-apaise-a-kinshasa-apres-deux-jours-de-violences-meurtrieres.html#breadcrumb\",\"itemListElement\":[{\"@type\":\"ListItem\",\"position\":1,\"name\":\"Home\",\"item\":\"https:\/\/www.justiceinfo.net\/fr\"},{\"@type\":\"ListItem\",\"position\":2,\"name\":\"La situation s'apaise \u00e0 Kinshasa apr\u00e8s deux jours de violences meurtri\u00e8res\"}]},{\"@type\":\"WebSite\",\"@id\":\"https:\/\/www.justiceinfo.net\/fr#website\",\"url\":\"https:\/\/www.justiceinfo.net\/fr\",\"name\":\"JusticeInfo.net\",\"description\":\"La justice doit \u00eatre vue pour \u00eatre rendue\",\"publisher\":{\"@id\":\"https:\/\/www.justiceinfo.net\/fr#organization\"},\"potentialAction\":[{\"@type\":\"SearchAction\",\"target\":{\"@type\":\"EntryPoint\",\"urlTemplate\":\"https:\/\/www.justiceinfo.net\/fr?s={search_term_string}\"},\"query-input\":{\"@type\":\"PropertyValueSpecification\",\"valueRequired\":true,\"valueName\":\"search_term_string\"}}],\"inLanguage\":\"fr-FR\"},{\"@type\":\"Organization\",\"@id\":\"https:\/\/www.justiceinfo.net\/fr#organization\",\"name\":\"Justice Info\",\"url\":\"https:\/\/www.justiceinfo.net\/fr\",\"logo\":{\"@type\":\"ImageObject\",\"inLanguage\":\"fr-FR\",\"@id\":\"https:\/\/www.justiceinfo.net\/fr#\/schema\/logo\/image\/\",\"url\":\"https:\/\/www.justiceinfo.net\/wp-content\/uploads\/justiceinfo_logo-trans_1200x1200px.png\",\"contentUrl\":\"https:\/\/www.justiceinfo.net\/wp-content\/uploads\/justiceinfo_logo-trans_1200x1200px.png\",\"width\":1199,\"height\":1200,\"caption\":\"Justice Info\"},\"image\":{\"@id\":\"https:\/\/www.justiceinfo.net\/fr#\/schema\/logo\/image\/\"},\"sameAs\":[\"https:\/\/www.facebook.com\/JusticeInfo\/\",\"https:\/\/x.com\/justiceinfonet\",\"https:\/\/www.linkedin.com\/company\/justice-info\",\"https:\/\/www.youtube.com\/channel\/UCyCEsARodyuWtkWyhn-e7pA\"]},{\"@type\":\"Person\",\"name\":\"AFP\",\"url\":\"\/fr\/?s=AFP\"}]}<\/script>\n<!-- \/ Yoast SEO Premium plugin. -->","yoast_head_json":{"title":"La situation s'apaise \u00e0 Kinshasa apr\u00e8s deux jours de violences meurtri\u00e8res - JusticeInfo.net","robots":{"index":"index","follow":"follow","max-snippet":"max-snippet:-1","max-image-preview":"max-image-preview:large","max-video-preview":"max-video-preview:-1"},"canonical":"https:\/\/www.justiceinfo.net\/fr\/29119-la-situation-s-apaise-a-kinshasa-apres-deux-jours-de-violences-meurtrieres.html","og_locale":"fr_FR","og_type":"article","og_title":"La situation s'apaise \u00e0 Kinshasa apr\u00e8s deux jours de violences meurtri\u00e8res","og_description":"Kinshasa a retrouv\u00e9 un calme pr\u00e9caire mercredi matin, selon des journalistes de l'AFP, apr\u00e8s deux journ\u00e9es de pillages et d'affrontements meurtriers entre forces de l'ordre et jeunes en col\u00e8re contre le pouvoir du pr\u00e9sident congolais Joseph Kabila. Dans les quartiers centre-ouest et sud de la capitale de la R\u00e9publique d\u00e9mocratique du Congo, la vie a [&hellip;]","og_url":"https:\/\/www.justiceinfo.net\/fr\/29119-la-situation-s-apaise-a-kinshasa-apres-deux-jours-de-violences-meurtrieres.html","og_site_name":"JusticeInfo.net","article_publisher":"https:\/\/www.facebook.com\/JusticeInfo\/","article_published_time":"2016-09-21T07:28:39+00:00","og_image":[{"width":1200,"height":630,"url":"https:\/\/www.justiceinfo.net\/wp-content\/uploads\/JusticeInfoNet_logo_1200x630px.jpg","type":"image\/jpeg"}],"author":"AFP","twitter_card":"summary_large_image","twitter_creator":"@justiceinfonet","twitter_site":"@justiceinfonet","twitter_misc":{"\u00c9crit par":"AFP","Dur\u00e9e de lecture estim\u00e9e":"2 minutes"},"schema":{"@context":"https:\/\/schema.org","@graph":[{"@type":"NewsArticle","@id":"https:\/\/www.justiceinfo.net\/fr\/29119-la-situation-s-apaise-a-kinshasa-apres-deux-jours-de-violences-meurtrieres.html#article","isPartOf":{"@id":"https:\/\/www.justiceinfo.net\/fr\/29119-la-situation-s-apaise-a-kinshasa-apres-deux-jours-de-violences-meurtrieres.html"},"author":{"name":"afp","@id":"https:\/\/www.justiceinfo.net\/fr#\/schema\/person\/713d340ef5f218fc36ce9b4244364a7f"},"headline":"La situation s'apaise \u00e0 Kinshasa apr\u00e8s deux jours de violences meurtri\u00e8res","datePublished":"2016-09-21T07:28:39+00:00","mainEntityOfPage":{"@id":"https:\/\/www.justiceinfo.net\/fr\/29119-la-situation-s-apaise-a-kinshasa-apres-deux-jours-de-violences-meurtrieres.html"},"wordCount":490,"commentCount":0,"publisher":{"@id":"https:\/\/www.justiceinfo.net\/fr#organization"},"articleSection":["Fil d'info AFP"],"inLanguage":"fr-FR","potentialAction":[{"@type":"CommentAction","name":"Comment","target":["https:\/\/www.justiceinfo.net\/fr\/29119-la-situation-s-apaise-a-kinshasa-apres-deux-jours-de-violences-meurtrieres.html#respond"]}]},{"@type":"WebPage","@id":"https:\/\/www.justiceinfo.net\/fr\/29119-la-situation-s-apaise-a-kinshasa-apres-deux-jours-de-violences-meurtrieres.html","url":"https:\/\/www.justiceinfo.net\/fr\/29119-la-situation-s-apaise-a-kinshasa-apres-deux-jours-de-violences-meurtrieres.html","name":"La situation s'apaise \u00e0 Kinshasa apr\u00e8s deux jours de violences meurtri\u00e8res - JusticeInfo.net","isPartOf":{"@id":"https:\/\/www.justiceinfo.net\/fr#website"},"datePublished":"2016-09-21T07:28:39+00:00","breadcrumb":{"@id":"https:\/\/www.justiceinfo.net\/fr\/29119-la-situation-s-apaise-a-kinshasa-apres-deux-jours-de-violences-meurtrieres.html#breadcrumb"},"inLanguage":"fr-FR","potentialAction":[{"@type":"ReadAction","target":["https:\/\/www.justiceinfo.net\/fr\/29119-la-situation-s-apaise-a-kinshasa-apres-deux-jours-de-violences-meurtrieres.html"]}]},{"@type":"BreadcrumbList","@id":"https:\/\/www.justiceinfo.net\/fr\/29119-la-situation-s-apaise-a-kinshasa-apres-deux-jours-de-violences-meurtrieres.html#breadcrumb","itemListElement":[{"@type":"ListItem","position":1,"name":"Home","item":"https:\/\/www.justiceinfo.net\/fr"},{"@type":"ListItem","position":2,"name":"La situation s'apaise \u00e0 Kinshasa apr\u00e8s deux jours de violences meurtri\u00e8res"}]},{"@type":"WebSite","@id":"https:\/\/www.justiceinfo.net\/fr#website","url":"https:\/\/www.justiceinfo.net\/fr","name":"JusticeInfo.net","description":"La justice doit \u00eatre vue pour \u00eatre rendue","publisher":{"@id":"https:\/\/www.justiceinfo.net\/fr#organization"},"potentialAction":[{"@type":"SearchAction","target":{"@type":"EntryPoint","urlTemplate":"https:\/\/www.justiceinfo.net\/fr?s={search_term_string}"},"query-input":{"@type":"PropertyValueSpecification","valueRequired":true,"valueName":"search_term_string"}}],"inLanguage":"fr-FR"},{"@type":"Organization","@id":"https:\/\/www.justiceinfo.net\/fr#organization","name":"Justice Info","url":"https:\/\/www.justiceinfo.net\/fr","logo":{"@type":"ImageObject","inLanguage":"fr-FR","@id":"https:\/\/www.justiceinfo.net\/fr#\/schema\/logo\/image\/","url":"https:\/\/www.justiceinfo.net\/wp-content\/uploads\/justiceinfo_logo-trans_1200x1200px.png","contentUrl":"https:\/\/www.justiceinfo.net\/wp-content\/uploads\/justiceinfo_logo-trans_1200x1200px.png","width":1199,"height":1200,"caption":"Justice Info"},"image":{"@id":"https:\/\/www.justiceinfo.net\/fr#\/schema\/logo\/image\/"},"sameAs":["https:\/\/www.facebook.com\/JusticeInfo\/","https:\/\/x.com\/justiceinfonet","https:\/\/www.linkedin.com\/company\/justice-info","https:\/\/www.youtube.com\/channel\/UCyCEsARodyuWtkWyhn-e7pA"]},{"@type":"Person","name":"AFP","url":"\/fr\/?s=AFP"}]}},"_links":{"self":[{"href":"https:\/\/www.justiceinfo.net\/fr\/wp-json\/wp\/v2\/posts\/29119","targetHints":{"allow":["GET"]}}],"collection":[{"href":"https:\/\/www.justiceinfo.net\/fr\/wp-json\/wp\/v2\/posts"}],"about":[{"href":"https:\/\/www.justiceinfo.net\/fr\/wp-json\/wp\/v2\/types\/post"}],"author":[{"embeddable":true,"href":"https:\/\/www.justiceinfo.net\/fr\/wp-json\/wp\/v2\/users\/60"}],"replies":[{"embeddable":true,"href":"https:\/\/www.justiceinfo.net\/fr\/wp-json\/wp\/v2\/comments?post=29119"}],"version-history":[{"count":0,"href":"https:\/\/www.justiceinfo.net\/fr\/wp-json\/wp\/v2\/posts\/29119\/revisions"}],"wp:attachment":[{"href":"https:\/\/www.justiceinfo.net\/fr\/wp-json\/wp\/v2\/media?parent=29119"}],"wp:term":[{"taxonomy":"category","embeddable":true,"href":"https:\/\/www.justiceinfo.net\/fr\/wp-json\/wp\/v2\/categories?post=29119"},{"taxonomy":"post_tag","embeddable":true,"href":"https:\/\/www.justiceinfo.net\/fr\/wp-json\/wp\/v2\/tags?post=29119"},{"taxonomy":"ji_location","embeddable":true,"href":"https:\/\/www.justiceinfo.net\/fr\/wp-json\/wp\/v2\/ji_location?post=29119"}],"curies":[{"name":"wp","href":"https:\/\/api.w.org\/{rel}","templated":true}]}}