{"id":29146,"date":"2016-09-22T04:14:12","date_gmt":"2016-09-22T02:14:12","guid":{"rendered":"https:\/\/www.justiceinfo.net\/29146-yemen-17-morts-dans-des-combats-les-rebelles-celebrent-leur-revolution.html"},"modified":"2016-09-22T04:14:12","modified_gmt":"2016-09-22T02:14:12","slug":"yemen-17-morts-dans-des-combats-les-rebelles-celebrent-leur-revolution","status":"publish","type":"post","link":"https:\/\/www.justiceinfo.net\/fr\/29146-yemen-17-morts-dans-des-combats-les-rebelles-celebrent-leur-revolution.html","title":{"rendered":"Y\u00e9men: 17 morts dans des combats, les rebelles c\u00e9l\u00e8brent leur \"r\u00e9volution\""},"content":{"rendered":"<div id=\"textscroller\" class=\"textContent tinyscrollbar-y jq_resizeScroll jq_columns fontsize_0\">\n<p>Au moins 17 combattants ont \u00e9t\u00e9 tu\u00e9s dans des affrontements entre rebelles et forces progouvernementales dans le sud-ouest du Y\u00e9men, a indiqu\u00e9 mercredi \u00e0 l'AFP un officier loyaliste, alors que les insurg\u00e9s c\u00e9l\u00e9braient le 2e anniversaire de la prise de la capitale Sanaa.<\/p>\n<p>Les combats se sont intensifi\u00e9s sur plusieurs fronts au Y\u00e9men, apr\u00e8s l'\u00e9chec le 6 ao\u00fbt de pourparlers de paix entre les rebelles Houthis et les forces loyales au pr\u00e9sident Abd Rabbo Mansour Hadi appuy\u00e9es par une coalition militaire arabe dirig\u00e9e par l'Arabie saoudite.<\/p>\n<p>De violents combats ont lieu depuis plusieurs jours \u00e0 la limite des provinces de Ta\u00ebz et Lahj (sud-ouest) pour le contr\u00f4le de hauteurs surplombant le d\u00e9troit strat\u00e9gique de Bab al-Mandeb, sur la mer Rouge\u00a0et le Golfe d'Aden, par lequel transite une partie du trafic maritime p\u00e9trolier.<\/p>\n<p>\"Nous avons lanc\u00e9 une offensive qui nous a permis de reprendre le contr\u00f4le de deux montagnes\", a d\u00e9clar\u00e9 \u00e0 l'AFP le g\u00e9n\u00e9ral Fadhl Hassan, commandant des forces loyalistes dans le secteur.<\/p>\n<p>\"En 18 heures de combats, qui ont baiss\u00e9 d'intensit\u00e9 mercredi apr\u00e8s-midi, 13 rebelles et quatre de nos hommes, dont un colonel, ont \u00e9t\u00e9 tu\u00e9s, et plusieurs autres bless\u00e9s\", a-t-il ajout\u00e9.<\/p>\n<p>Les Houthis, alli\u00e9s aux partisans de l'ex-pr\u00e9sident Ali Abdallah Saleh, ont de leur c\u00f4t\u00e9 affirm\u00e9 sur leur site sabanews.net avoir repris de nouvelles positions dans le secteur et inflig\u00e9 des pertes humaines aux forces pro-Hadi.<\/p>\n<p>Celles-ci ont re\u00e7u de la coalition arabe de nouveaux armements, dont des canons, selon l'officier loyaliste.<\/p>\n<p>L'annonce de ces nouveaux combats est intervenue le jour o\u00f9 les rebelles c\u00e9l\u00e9braient leur \"r\u00e9volution\" \u00e0 l'occasion du 2e anniversaire de la prise de la capitale y\u00e9m\u00e9nite Sanaa par un coup de force contre le gouvernement Hadi.<\/p>\n<p>Un rassemblement, organis\u00e9 par les Houthis, s'est tenu en fin de journ\u00e9e dans la cit\u00e9 portuaire de Hodeida (ouest).<\/p>\n<p>\"La r\u00e9volution se poursuit pour r\u00e9aliser la paix et l'ind\u00e9pendance\" du Y\u00e9men, a annonc\u00e9 Abdelmalak al-Houthi, le chef du mouvement Ansaruallah, l'\u00e9manation politique des rebelles.<\/p>\n<p>Dans un discours t\u00e9l\u00e9vis\u00e9, il s'en est pris mardi soir au r\u00e9gime saoudien qu'il a qualifi\u00e9 d'\"ennemi\" et de \"tyran\", ajoutant qu'il vouait \"des sentiments de fraternit\u00e9, d'amour et de consid\u00e9ration\" envers les Saoudiens et les autres peuples du Golfe.<\/p>\n<p>La coalition arabe sous commandement saoudien est intervenue au Y\u00e9men en mars 2015 pour soutenir les forces du pr\u00e9sident Hadi alors que les rebelles Houthis sont accus\u00e9s de liens avec l'Iran.<\/p>\n<p>Les Houthis sont membres de l'importante minorit\u00e9 za\u00efdite au Y\u00e9men. Partis de leur bastion de Saada (nord), ils ont pris le contr\u00f4le de la capitale Sanaa le 21 septembre 2014 avant de progresser vers plusieurs r\u00e9gions du pays.<\/p>\n<p>Aujourd'hui, les forces pro-Hadi sont regroup\u00e9es principalement dans le sud et peinent \u00e0 reconqu\u00e9rir les r\u00e9gions septentrionales.<\/p>\n<p>Depuis l'intervention en mars 2015 de la coalition arabe dans le conflit, la guerre a fait plus de 6.600 morts selon l'ONU.<\/p>\n<\/div>\n","protected":false},"excerpt":{"rendered":"<p>Au moins 17 combattants ont \u00e9t\u00e9 tu\u00e9s dans des affrontements entre rebelles et forces progouvernementales dans le sud-ouest du Y\u00e9men, a indiqu\u00e9 mercredi \u00e0 l'AFP un officier loyaliste, alors que les insurg\u00e9s c\u00e9l\u00e9braient le 2e anniversaire de la prise de la capitale Sanaa. Les combats se sont intensifi\u00e9s sur plusieurs fronts au Y\u00e9men, apr\u00e8s l'\u00e9chec [&hellip;]<\/p>\n","protected":false},"author":60,"featured_media":0,"comment_status":"open","ping_status":"closed","sticky":false,"template":"","format":"standard","meta":{"_acf_changed":false,"footnotes":""},"categories":[2576],"tags":[],"ji_location":[2560],"class_list":["post-29146","post","type-post","status-publish","format-standard","hentry","category-fil-d-actualite","ji_location-yemen"],"acf":[],"yoast_head":"<!-- This site is optimized with the Yoast SEO Premium plugin v25.3.1 (Yoast SEO v25.3.1) - https:\/\/yoast.com\/wordpress\/plugins\/seo\/ -->\n<title>Y\u00e9men: 17 morts dans des combats, les rebelles c\u00e9l\u00e8brent leur &quot;r\u00e9volution&quot; - JusticeInfo.net<\/title>\n<meta name=\"robots\" content=\"index, follow, max-snippet:-1, max-image-preview:large, max-video-preview:-1\" \/>\n<link rel=\"canonical\" href=\"https:\/\/www.justiceinfo.net\/fr\/29146-yemen-17-morts-dans-des-combats-les-rebelles-celebrent-leur-revolution.html\" \/>\n<meta property=\"og:locale\" content=\"fr_FR\" \/>\n<meta property=\"og:type\" content=\"article\" \/>\n<meta property=\"og:title\" content=\"Y\u00e9men: 17 morts dans des combats, les rebelles c\u00e9l\u00e8brent leur &quot;r\u00e9volution&quot;\" \/>\n<meta property=\"og:description\" content=\"Au moins 17 combattants ont \u00e9t\u00e9 tu\u00e9s dans des affrontements entre rebelles et forces progouvernementales dans le sud-ouest du Y\u00e9men, a indiqu\u00e9 mercredi \u00e0 l&#039;AFP un officier loyaliste, alors que les insurg\u00e9s c\u00e9l\u00e9braient le 2e anniversaire de la prise de la capitale Sanaa. Les combats se sont intensifi\u00e9s sur plusieurs fronts au Y\u00e9men, apr\u00e8s l&#039;\u00e9chec [&hellip;]\" \/>\n<meta property=\"og:url\" content=\"https:\/\/www.justiceinfo.net\/fr\/29146-yemen-17-morts-dans-des-combats-les-rebelles-celebrent-leur-revolution.html\" \/>\n<meta property=\"og:site_name\" content=\"JusticeInfo.net\" \/>\n<meta property=\"article:publisher\" content=\"https:\/\/www.facebook.com\/JusticeInfo\/\" \/>\n<meta property=\"article:published_time\" content=\"2016-09-22T02:14:12+00:00\" \/>\n<meta property=\"og:image\" content=\"https:\/\/www.justiceinfo.net\/wp-content\/uploads\/JusticeInfoNet_logo_1200x630px.jpg\" \/>\n\t<meta property=\"og:image:width\" content=\"1200\" \/>\n\t<meta property=\"og:image:height\" content=\"630\" \/>\n\t<meta property=\"og:image:type\" content=\"image\/jpeg\" \/>\n<meta name=\"author\" content=\"AFP\" \/>\n<meta name=\"twitter:card\" content=\"summary_large_image\" \/>\n<meta name=\"twitter:creator\" content=\"@justiceinfonet\" \/>\n<meta name=\"twitter:site\" content=\"@justiceinfonet\" \/>\n<meta name=\"twitter:label1\" content=\"\u00c9crit par\" \/>\n\t<meta name=\"twitter:data1\" content=\"AFP\" \/>\n\t<meta name=\"twitter:label2\" content=\"Dur\u00e9e de lecture estim\u00e9e\" \/>\n\t<meta name=\"twitter:data2\" content=\"3 minutes\" \/>\n<script type=\"application\/ld+json\" class=\"yoast-schema-graph\">{\"@context\":\"https:\/\/schema.org\",\"@graph\":[{\"@type\":\"NewsArticle\",\"@id\":\"https:\/\/www.justiceinfo.net\/fr\/29146-yemen-17-morts-dans-des-combats-les-rebelles-celebrent-leur-revolution.html#article\",\"isPartOf\":{\"@id\":\"https:\/\/www.justiceinfo.net\/fr\/29146-yemen-17-morts-dans-des-combats-les-rebelles-celebrent-leur-revolution.html\"},\"author\":{\"name\":\"afp\",\"@id\":\"https:\/\/www.justiceinfo.net\/fr#\/schema\/person\/713d340ef5f218fc36ce9b4244364a7f\"},\"headline\":\"Y\u00e9men: 17 morts dans des combats, les rebelles c\u00e9l\u00e8brent leur \\\"r\u00e9volution\\\"\",\"datePublished\":\"2016-09-22T02:14:12+00:00\",\"mainEntityOfPage\":{\"@id\":\"https:\/\/www.justiceinfo.net\/fr\/29146-yemen-17-morts-dans-des-combats-les-rebelles-celebrent-leur-revolution.html\"},\"wordCount\":550,\"commentCount\":0,\"publisher\":{\"@id\":\"https:\/\/www.justiceinfo.net\/fr#organization\"},\"articleSection\":[\"Fil d'info AFP\"],\"inLanguage\":\"fr-FR\",\"potentialAction\":[{\"@type\":\"CommentAction\",\"name\":\"Comment\",\"target\":[\"https:\/\/www.justiceinfo.net\/fr\/29146-yemen-17-morts-dans-des-combats-les-rebelles-celebrent-leur-revolution.html#respond\"]}]},{\"@type\":\"WebPage\",\"@id\":\"https:\/\/www.justiceinfo.net\/fr\/29146-yemen-17-morts-dans-des-combats-les-rebelles-celebrent-leur-revolution.html\",\"url\":\"https:\/\/www.justiceinfo.net\/fr\/29146-yemen-17-morts-dans-des-combats-les-rebelles-celebrent-leur-revolution.html\",\"name\":\"Y\u00e9men: 17 morts dans des combats, les rebelles c\u00e9l\u00e8brent leur \\\"r\u00e9volution\\\" - JusticeInfo.net\",\"isPartOf\":{\"@id\":\"https:\/\/www.justiceinfo.net\/fr#website\"},\"datePublished\":\"2016-09-22T02:14:12+00:00\",\"breadcrumb\":{\"@id\":\"https:\/\/www.justiceinfo.net\/fr\/29146-yemen-17-morts-dans-des-combats-les-rebelles-celebrent-leur-revolution.html#breadcrumb\"},\"inLanguage\":\"fr-FR\",\"potentialAction\":[{\"@type\":\"ReadAction\",\"target\":[\"https:\/\/www.justiceinfo.net\/fr\/29146-yemen-17-morts-dans-des-combats-les-rebelles-celebrent-leur-revolution.html\"]}]},{\"@type\":\"BreadcrumbList\",\"@id\":\"https:\/\/www.justiceinfo.net\/fr\/29146-yemen-17-morts-dans-des-combats-les-rebelles-celebrent-leur-revolution.html#breadcrumb\",\"itemListElement\":[{\"@type\":\"ListItem\",\"position\":1,\"name\":\"Home\",\"item\":\"https:\/\/www.justiceinfo.net\/fr\"},{\"@type\":\"ListItem\",\"position\":2,\"name\":\"Y\u00e9men: 17 morts dans des combats, les rebelles c\u00e9l\u00e8brent leur \\\"r\u00e9volution\\\"\"}]},{\"@type\":\"WebSite\",\"@id\":\"https:\/\/www.justiceinfo.net\/fr#website\",\"url\":\"https:\/\/www.justiceinfo.net\/fr\",\"name\":\"JusticeInfo.net\",\"description\":\"La justice doit \u00eatre vue pour \u00eatre rendue\",\"publisher\":{\"@id\":\"https:\/\/www.justiceinfo.net\/fr#organization\"},\"potentialAction\":[{\"@type\":\"SearchAction\",\"target\":{\"@type\":\"EntryPoint\",\"urlTemplate\":\"https:\/\/www.justiceinfo.net\/fr?s={search_term_string}\"},\"query-input\":{\"@type\":\"PropertyValueSpecification\",\"valueRequired\":true,\"valueName\":\"search_term_string\"}}],\"inLanguage\":\"fr-FR\"},{\"@type\":\"Organization\",\"@id\":\"https:\/\/www.justiceinfo.net\/fr#organization\",\"name\":\"Justice Info\",\"url\":\"https:\/\/www.justiceinfo.net\/fr\",\"logo\":{\"@type\":\"ImageObject\",\"inLanguage\":\"fr-FR\",\"@id\":\"https:\/\/www.justiceinfo.net\/fr#\/schema\/logo\/image\/\",\"url\":\"https:\/\/www.justiceinfo.net\/wp-content\/uploads\/justiceinfo_logo-trans_1200x1200px.png\",\"contentUrl\":\"https:\/\/www.justiceinfo.net\/wp-content\/uploads\/justiceinfo_logo-trans_1200x1200px.png\",\"width\":1199,\"height\":1200,\"caption\":\"Justice Info\"},\"image\":{\"@id\":\"https:\/\/www.justiceinfo.net\/fr#\/schema\/logo\/image\/\"},\"sameAs\":[\"https:\/\/www.facebook.com\/JusticeInfo\/\",\"https:\/\/x.com\/justiceinfonet\",\"https:\/\/www.linkedin.com\/company\/justice-info\",\"https:\/\/www.youtube.com\/channel\/UCyCEsARodyuWtkWyhn-e7pA\"]},{\"@type\":\"Person\",\"name\":\"AFP\",\"url\":\"\/fr\/?s=AFP\"}]}<\/script>\n<!-- \/ Yoast SEO Premium plugin. -->","yoast_head_json":{"title":"Y\u00e9men: 17 morts dans des combats, les rebelles c\u00e9l\u00e8brent leur \"r\u00e9volution\" - JusticeInfo.net","robots":{"index":"index","follow":"follow","max-snippet":"max-snippet:-1","max-image-preview":"max-image-preview:large","max-video-preview":"max-video-preview:-1"},"canonical":"https:\/\/www.justiceinfo.net\/fr\/29146-yemen-17-morts-dans-des-combats-les-rebelles-celebrent-leur-revolution.html","og_locale":"fr_FR","og_type":"article","og_title":"Y\u00e9men: 17 morts dans des combats, les rebelles c\u00e9l\u00e8brent leur \"r\u00e9volution\"","og_description":"Au moins 17 combattants ont \u00e9t\u00e9 tu\u00e9s dans des affrontements entre rebelles et forces progouvernementales dans le sud-ouest du Y\u00e9men, a indiqu\u00e9 mercredi \u00e0 l'AFP un officier loyaliste, alors que les insurg\u00e9s c\u00e9l\u00e9braient le 2e anniversaire de la prise de la capitale Sanaa. Les combats se sont intensifi\u00e9s sur plusieurs fronts au Y\u00e9men, apr\u00e8s l'\u00e9chec [&hellip;]","og_url":"https:\/\/www.justiceinfo.net\/fr\/29146-yemen-17-morts-dans-des-combats-les-rebelles-celebrent-leur-revolution.html","og_site_name":"JusticeInfo.net","article_publisher":"https:\/\/www.facebook.com\/JusticeInfo\/","article_published_time":"2016-09-22T02:14:12+00:00","og_image":[{"width":1200,"height":630,"url":"https:\/\/www.justiceinfo.net\/wp-content\/uploads\/JusticeInfoNet_logo_1200x630px.jpg","type":"image\/jpeg"}],"author":"AFP","twitter_card":"summary_large_image","twitter_creator":"@justiceinfonet","twitter_site":"@justiceinfonet","twitter_misc":{"\u00c9crit par":"AFP","Dur\u00e9e de lecture estim\u00e9e":"3 minutes"},"schema":{"@context":"https:\/\/schema.org","@graph":[{"@type":"NewsArticle","@id":"https:\/\/www.justiceinfo.net\/fr\/29146-yemen-17-morts-dans-des-combats-les-rebelles-celebrent-leur-revolution.html#article","isPartOf":{"@id":"https:\/\/www.justiceinfo.net\/fr\/29146-yemen-17-morts-dans-des-combats-les-rebelles-celebrent-leur-revolution.html"},"author":{"name":"afp","@id":"https:\/\/www.justiceinfo.net\/fr#\/schema\/person\/713d340ef5f218fc36ce9b4244364a7f"},"headline":"Y\u00e9men: 17 morts dans des combats, les rebelles c\u00e9l\u00e8brent leur \"r\u00e9volution\"","datePublished":"2016-09-22T02:14:12+00:00","mainEntityOfPage":{"@id":"https:\/\/www.justiceinfo.net\/fr\/29146-yemen-17-morts-dans-des-combats-les-rebelles-celebrent-leur-revolution.html"},"wordCount":550,"commentCount":0,"publisher":{"@id":"https:\/\/www.justiceinfo.net\/fr#organization"},"articleSection":["Fil d'info AFP"],"inLanguage":"fr-FR","potentialAction":[{"@type":"CommentAction","name":"Comment","target":["https:\/\/www.justiceinfo.net\/fr\/29146-yemen-17-morts-dans-des-combats-les-rebelles-celebrent-leur-revolution.html#respond"]}]},{"@type":"WebPage","@id":"https:\/\/www.justiceinfo.net\/fr\/29146-yemen-17-morts-dans-des-combats-les-rebelles-celebrent-leur-revolution.html","url":"https:\/\/www.justiceinfo.net\/fr\/29146-yemen-17-morts-dans-des-combats-les-rebelles-celebrent-leur-revolution.html","name":"Y\u00e9men: 17 morts dans des combats, les rebelles c\u00e9l\u00e8brent leur \"r\u00e9volution\" - JusticeInfo.net","isPartOf":{"@id":"https:\/\/www.justiceinfo.net\/fr#website"},"datePublished":"2016-09-22T02:14:12+00:00","breadcrumb":{"@id":"https:\/\/www.justiceinfo.net\/fr\/29146-yemen-17-morts-dans-des-combats-les-rebelles-celebrent-leur-revolution.html#breadcrumb"},"inLanguage":"fr-FR","potentialAction":[{"@type":"ReadAction","target":["https:\/\/www.justiceinfo.net\/fr\/29146-yemen-17-morts-dans-des-combats-les-rebelles-celebrent-leur-revolution.html"]}]},{"@type":"BreadcrumbList","@id":"https:\/\/www.justiceinfo.net\/fr\/29146-yemen-17-morts-dans-des-combats-les-rebelles-celebrent-leur-revolution.html#breadcrumb","itemListElement":[{"@type":"ListItem","position":1,"name":"Home","item":"https:\/\/www.justiceinfo.net\/fr"},{"@type":"ListItem","position":2,"name":"Y\u00e9men: 17 morts dans des combats, les rebelles c\u00e9l\u00e8brent leur \"r\u00e9volution\""}]},{"@type":"WebSite","@id":"https:\/\/www.justiceinfo.net\/fr#website","url":"https:\/\/www.justiceinfo.net\/fr","name":"JusticeInfo.net","description":"La justice doit \u00eatre vue pour \u00eatre rendue","publisher":{"@id":"https:\/\/www.justiceinfo.net\/fr#organization"},"potentialAction":[{"@type":"SearchAction","target":{"@type":"EntryPoint","urlTemplate":"https:\/\/www.justiceinfo.net\/fr?s={search_term_string}"},"query-input":{"@type":"PropertyValueSpecification","valueRequired":true,"valueName":"search_term_string"}}],"inLanguage":"fr-FR"},{"@type":"Organization","@id":"https:\/\/www.justiceinfo.net\/fr#organization","name":"Justice Info","url":"https:\/\/www.justiceinfo.net\/fr","logo":{"@type":"ImageObject","inLanguage":"fr-FR","@id":"https:\/\/www.justiceinfo.net\/fr#\/schema\/logo\/image\/","url":"https:\/\/www.justiceinfo.net\/wp-content\/uploads\/justiceinfo_logo-trans_1200x1200px.png","contentUrl":"https:\/\/www.justiceinfo.net\/wp-content\/uploads\/justiceinfo_logo-trans_1200x1200px.png","width":1199,"height":1200,"caption":"Justice Info"},"image":{"@id":"https:\/\/www.justiceinfo.net\/fr#\/schema\/logo\/image\/"},"sameAs":["https:\/\/www.facebook.com\/JusticeInfo\/","https:\/\/x.com\/justiceinfonet","https:\/\/www.linkedin.com\/company\/justice-info","https:\/\/www.youtube.com\/channel\/UCyCEsARodyuWtkWyhn-e7pA"]},{"@type":"Person","name":"AFP","url":"\/fr\/?s=AFP"}]}},"_links":{"self":[{"href":"https:\/\/www.justiceinfo.net\/fr\/wp-json\/wp\/v2\/posts\/29146","targetHints":{"allow":["GET"]}}],"collection":[{"href":"https:\/\/www.justiceinfo.net\/fr\/wp-json\/wp\/v2\/posts"}],"about":[{"href":"https:\/\/www.justiceinfo.net\/fr\/wp-json\/wp\/v2\/types\/post"}],"author":[{"embeddable":true,"href":"https:\/\/www.justiceinfo.net\/fr\/wp-json\/wp\/v2\/users\/60"}],"replies":[{"embeddable":true,"href":"https:\/\/www.justiceinfo.net\/fr\/wp-json\/wp\/v2\/comments?post=29146"}],"version-history":[{"count":0,"href":"https:\/\/www.justiceinfo.net\/fr\/wp-json\/wp\/v2\/posts\/29146\/revisions"}],"wp:attachment":[{"href":"https:\/\/www.justiceinfo.net\/fr\/wp-json\/wp\/v2\/media?parent=29146"}],"wp:term":[{"taxonomy":"category","embeddable":true,"href":"https:\/\/www.justiceinfo.net\/fr\/wp-json\/wp\/v2\/categories?post=29146"},{"taxonomy":"post_tag","embeddable":true,"href":"https:\/\/www.justiceinfo.net\/fr\/wp-json\/wp\/v2\/tags?post=29146"},{"taxonomy":"ji_location","embeddable":true,"href":"https:\/\/www.justiceinfo.net\/fr\/wp-json\/wp\/v2\/ji_location?post=29146"}],"curies":[{"name":"wp","href":"https:\/\/api.w.org\/{rel}","templated":true}]}}