{"id":29162,"date":"2016-09-22T12:01:32","date_gmt":"2016-09-22T10:01:32","guid":{"rendered":"https:\/\/www.justiceinfo.net\/29162-est-de-la-rd-congo-sept-civils-tues-dans-une-attaque-des-rebelles-ougandais.html"},"modified":"2016-09-22T12:01:32","modified_gmt":"2016-09-22T10:01:32","slug":"est-de-la-rd-congo-sept-civils-tues-dans-une-attaque-des-rebelles-ougandais","status":"publish","type":"post","link":"https:\/\/www.justiceinfo.net\/fr\/29162-est-de-la-rd-congo-sept-civils-tues-dans-une-attaque-des-rebelles-ougandais.html","title":{"rendered":"Est de la RD Congo : sept civils tu\u00e9s dans une attaque des rebelles ougandais"},"content":{"rendered":"<div id=\"textscroller\" class=\"textContent tinyscrollbar-y jq_resizeScroll jq_columns fontsize_0\">\n<p>Sept civils ont \u00e9t\u00e9 tu\u00e9s dans la nuit de mercredi \u00e0 jeudi dans une attaque attribu\u00e9e aux rebelles ougandais des Forces d\u00e9mocratiques alli\u00e9es (ADF) dans la r\u00e9gion de Beni, dans l'est de la R\u00e9publique d\u00e9mocratique du Congo, a-t-on appris aupr\u00e8s de l'arm\u00e9e.<\/p>\n<p>\"Les ADF ont tu\u00e9 sept personnes et br\u00fbl\u00e9 des maisons\" \u00e0 Kasinga, un quartier p\u00e9riph\u00e9rique de Beni, a d\u00e9clar\u00e9 \u00e0 l'AFP le lieutenant Mak Hazukay, porte-parole de l'arm\u00e9e dans cette r\u00e9gion de la province du Nord-Kivu.<\/p>\n<p>En plus des sept morts, \"15 maisons ont \u00e9t\u00e9 incendi\u00e9es et 5 personnes sont port\u00e9e disparues\", a pr\u00e9cis\u00e9 Gilbert Kambale, responsable de la soci\u00e9t\u00e9 civile de Beni.<\/p>\n<p>Selon le lieutenant Hazukay, joint de Goma, la capitale du Nord-Kivu, les combats se poursuivaient jeudi entre l'arm\u00e9e et les ADF dans la r\u00e9gion de Beni.<\/p>\n<p>Depuis octobre 2014, la ville et le territoire de Beni sont le th\u00e9\u00e2tre d'une s\u00e9rie de massacres ayant caus\u00e9 la mort de plus de 700 personnes, selon l'ONU. Ces tueries sont majoritairement imput\u00e9s aux ADF.<\/p>\n<p>Le dernier massacre d'envergure remonte \u00e0 la mi-ao\u00fbt o\u00f9, selon l'ONU, \"au moins cinquante civils\" avaient \u00e9t\u00e9 tu\u00e9s en une nuit.<\/p>\n<p>Oppos\u00e9s au pr\u00e9sident ougandais Yoweri Museveni, les ADF sont pr\u00e9sents dans l'est de la RDC depuis 1995.<\/p>\n<p>La province du Nord-Kivu, comme l'ensemble de l'est congolais, est d\u00e9chir\u00e9e par des conflits arm\u00e9s depuis plus de vingt ans. Ces conflits sont aliment\u00e9s par des diff\u00e9rends ethniques et fonciers, la concurrence pour le contr\u00f4le des ressources mini\u00e8res et des rivalit\u00e9s entre puissances r\u00e9gionales.<\/p>\n<\/div>\n","protected":false},"excerpt":{"rendered":"<p>Sept civils ont \u00e9t\u00e9 tu\u00e9s dans la nuit de mercredi \u00e0 jeudi dans une attaque attribu\u00e9e aux rebelles ougandais des Forces d\u00e9mocratiques alli\u00e9es (ADF) dans la r\u00e9gion de Beni, dans l'est de la R\u00e9publique d\u00e9mocratique du Congo, a-t-on appris aupr\u00e8s de l'arm\u00e9e. \"Les ADF ont tu\u00e9 sept personnes et br\u00fbl\u00e9 des maisons\" \u00e0 Kasinga, un [&hellip;]<\/p>\n","protected":false},"author":60,"featured_media":0,"comment_status":"open","ping_status":"closed","sticky":false,"template":"","format":"standard","meta":{"_acf_changed":false,"footnotes":""},"categories":[2576],"tags":[],"ji_location":[2196],"class_list":["post-29162","post","type-post","status-publish","format-standard","hentry","category-fil-d-actualite","ji_location-republique-democratique-du-congo"],"acf":[],"yoast_head":"<!-- This site is optimized with the Yoast SEO Premium plugin v25.3.1 (Yoast SEO v25.3.1) - https:\/\/yoast.com\/wordpress\/plugins\/seo\/ -->\n<title>Est de la RD Congo : sept civils tu\u00e9s dans une attaque des rebelles ougandais - JusticeInfo.net<\/title>\n<meta name=\"robots\" content=\"index, follow, max-snippet:-1, max-image-preview:large, max-video-preview:-1\" \/>\n<link rel=\"canonical\" href=\"https:\/\/www.justiceinfo.net\/fr\/29162-est-de-la-rd-congo-sept-civils-tues-dans-une-attaque-des-rebelles-ougandais.html\" \/>\n<meta property=\"og:locale\" content=\"fr_FR\" \/>\n<meta property=\"og:type\" content=\"article\" \/>\n<meta property=\"og:title\" content=\"Est de la RD Congo : sept civils tu\u00e9s dans une attaque des rebelles ougandais\" \/>\n<meta property=\"og:description\" content=\"Sept civils ont \u00e9t\u00e9 tu\u00e9s dans la nuit de mercredi \u00e0 jeudi dans une attaque attribu\u00e9e aux rebelles ougandais des Forces d\u00e9mocratiques alli\u00e9es (ADF) dans la r\u00e9gion de Beni, dans l&#039;est de la R\u00e9publique d\u00e9mocratique du Congo, a-t-on appris aupr\u00e8s de l&#039;arm\u00e9e. &quot;Les ADF ont tu\u00e9 sept personnes et br\u00fbl\u00e9 des maisons&quot; \u00e0 Kasinga, un [&hellip;]\" \/>\n<meta property=\"og:url\" content=\"https:\/\/www.justiceinfo.net\/fr\/29162-est-de-la-rd-congo-sept-civils-tues-dans-une-attaque-des-rebelles-ougandais.html\" \/>\n<meta property=\"og:site_name\" content=\"JusticeInfo.net\" \/>\n<meta property=\"article:publisher\" content=\"https:\/\/www.facebook.com\/JusticeInfo\/\" \/>\n<meta property=\"article:published_time\" content=\"2016-09-22T10:01:32+00:00\" \/>\n<meta property=\"og:image\" content=\"https:\/\/www.justiceinfo.net\/wp-content\/uploads\/JusticeInfoNet_logo_1200x630px.jpg\" \/>\n\t<meta property=\"og:image:width\" content=\"1200\" \/>\n\t<meta property=\"og:image:height\" content=\"630\" \/>\n\t<meta property=\"og:image:type\" content=\"image\/jpeg\" \/>\n<meta name=\"author\" content=\"AFP\" \/>\n<meta name=\"twitter:card\" content=\"summary_large_image\" \/>\n<meta name=\"twitter:creator\" content=\"@justiceinfonet\" \/>\n<meta name=\"twitter:site\" content=\"@justiceinfonet\" \/>\n<meta name=\"twitter:label1\" content=\"\u00c9crit par\" \/>\n\t<meta name=\"twitter:data1\" content=\"AFP\" \/>\n\t<meta name=\"twitter:label2\" content=\"Dur\u00e9e de lecture estim\u00e9e\" \/>\n\t<meta name=\"twitter:data2\" content=\"1 minute\" \/>\n<script type=\"application\/ld+json\" class=\"yoast-schema-graph\">{\"@context\":\"https:\/\/schema.org\",\"@graph\":[{\"@type\":\"NewsArticle\",\"@id\":\"https:\/\/www.justiceinfo.net\/fr\/29162-est-de-la-rd-congo-sept-civils-tues-dans-une-attaque-des-rebelles-ougandais.html#article\",\"isPartOf\":{\"@id\":\"https:\/\/www.justiceinfo.net\/fr\/29162-est-de-la-rd-congo-sept-civils-tues-dans-une-attaque-des-rebelles-ougandais.html\"},\"author\":{\"name\":\"afp\",\"@id\":\"https:\/\/www.justiceinfo.net\/fr#\/schema\/person\/713d340ef5f218fc36ce9b4244364a7f\"},\"headline\":\"Est de la RD Congo : sept civils tu\u00e9s dans une attaque des rebelles ougandais\",\"datePublished\":\"2016-09-22T10:01:32+00:00\",\"mainEntityOfPage\":{\"@id\":\"https:\/\/www.justiceinfo.net\/fr\/29162-est-de-la-rd-congo-sept-civils-tues-dans-une-attaque-des-rebelles-ougandais.html\"},\"wordCount\":304,\"commentCount\":0,\"publisher\":{\"@id\":\"https:\/\/www.justiceinfo.net\/fr#organization\"},\"articleSection\":[\"Fil d'info AFP\"],\"inLanguage\":\"fr-FR\",\"potentialAction\":[{\"@type\":\"CommentAction\",\"name\":\"Comment\",\"target\":[\"https:\/\/www.justiceinfo.net\/fr\/29162-est-de-la-rd-congo-sept-civils-tues-dans-une-attaque-des-rebelles-ougandais.html#respond\"]}]},{\"@type\":\"WebPage\",\"@id\":\"https:\/\/www.justiceinfo.net\/fr\/29162-est-de-la-rd-congo-sept-civils-tues-dans-une-attaque-des-rebelles-ougandais.html\",\"url\":\"https:\/\/www.justiceinfo.net\/fr\/29162-est-de-la-rd-congo-sept-civils-tues-dans-une-attaque-des-rebelles-ougandais.html\",\"name\":\"Est de la RD Congo : sept civils tu\u00e9s dans une attaque des rebelles ougandais - JusticeInfo.net\",\"isPartOf\":{\"@id\":\"https:\/\/www.justiceinfo.net\/fr#website\"},\"datePublished\":\"2016-09-22T10:01:32+00:00\",\"breadcrumb\":{\"@id\":\"https:\/\/www.justiceinfo.net\/fr\/29162-est-de-la-rd-congo-sept-civils-tues-dans-une-attaque-des-rebelles-ougandais.html#breadcrumb\"},\"inLanguage\":\"fr-FR\",\"potentialAction\":[{\"@type\":\"ReadAction\",\"target\":[\"https:\/\/www.justiceinfo.net\/fr\/29162-est-de-la-rd-congo-sept-civils-tues-dans-une-attaque-des-rebelles-ougandais.html\"]}]},{\"@type\":\"BreadcrumbList\",\"@id\":\"https:\/\/www.justiceinfo.net\/fr\/29162-est-de-la-rd-congo-sept-civils-tues-dans-une-attaque-des-rebelles-ougandais.html#breadcrumb\",\"itemListElement\":[{\"@type\":\"ListItem\",\"position\":1,\"name\":\"Home\",\"item\":\"https:\/\/www.justiceinfo.net\/fr\"},{\"@type\":\"ListItem\",\"position\":2,\"name\":\"Est de la RD Congo : sept civils tu\u00e9s dans une attaque des rebelles ougandais\"}]},{\"@type\":\"WebSite\",\"@id\":\"https:\/\/www.justiceinfo.net\/fr#website\",\"url\":\"https:\/\/www.justiceinfo.net\/fr\",\"name\":\"JusticeInfo.net\",\"description\":\"La justice doit \u00eatre vue pour \u00eatre rendue\",\"publisher\":{\"@id\":\"https:\/\/www.justiceinfo.net\/fr#organization\"},\"potentialAction\":[{\"@type\":\"SearchAction\",\"target\":{\"@type\":\"EntryPoint\",\"urlTemplate\":\"https:\/\/www.justiceinfo.net\/fr?s={search_term_string}\"},\"query-input\":{\"@type\":\"PropertyValueSpecification\",\"valueRequired\":true,\"valueName\":\"search_term_string\"}}],\"inLanguage\":\"fr-FR\"},{\"@type\":\"Organization\",\"@id\":\"https:\/\/www.justiceinfo.net\/fr#organization\",\"name\":\"Justice Info\",\"url\":\"https:\/\/www.justiceinfo.net\/fr\",\"logo\":{\"@type\":\"ImageObject\",\"inLanguage\":\"fr-FR\",\"@id\":\"https:\/\/www.justiceinfo.net\/fr#\/schema\/logo\/image\/\",\"url\":\"https:\/\/www.justiceinfo.net\/wp-content\/uploads\/justiceinfo_logo-trans_1200x1200px.png\",\"contentUrl\":\"https:\/\/www.justiceinfo.net\/wp-content\/uploads\/justiceinfo_logo-trans_1200x1200px.png\",\"width\":1199,\"height\":1200,\"caption\":\"Justice Info\"},\"image\":{\"@id\":\"https:\/\/www.justiceinfo.net\/fr#\/schema\/logo\/image\/\"},\"sameAs\":[\"https:\/\/www.facebook.com\/JusticeInfo\/\",\"https:\/\/x.com\/justiceinfonet\",\"https:\/\/www.linkedin.com\/company\/justice-info\",\"https:\/\/www.youtube.com\/channel\/UCyCEsARodyuWtkWyhn-e7pA\"]},{\"@type\":\"Person\",\"name\":\"AFP\",\"url\":\"\/fr\/?s=AFP\"}]}<\/script>\n<!-- \/ Yoast SEO Premium plugin. -->","yoast_head_json":{"title":"Est de la RD Congo : sept civils tu\u00e9s dans une attaque des rebelles ougandais - JusticeInfo.net","robots":{"index":"index","follow":"follow","max-snippet":"max-snippet:-1","max-image-preview":"max-image-preview:large","max-video-preview":"max-video-preview:-1"},"canonical":"https:\/\/www.justiceinfo.net\/fr\/29162-est-de-la-rd-congo-sept-civils-tues-dans-une-attaque-des-rebelles-ougandais.html","og_locale":"fr_FR","og_type":"article","og_title":"Est de la RD Congo : sept civils tu\u00e9s dans une attaque des rebelles ougandais","og_description":"Sept civils ont \u00e9t\u00e9 tu\u00e9s dans la nuit de mercredi \u00e0 jeudi dans une attaque attribu\u00e9e aux rebelles ougandais des Forces d\u00e9mocratiques alli\u00e9es (ADF) dans la r\u00e9gion de Beni, dans l'est de la R\u00e9publique d\u00e9mocratique du Congo, a-t-on appris aupr\u00e8s de l'arm\u00e9e. \"Les ADF ont tu\u00e9 sept personnes et br\u00fbl\u00e9 des maisons\" \u00e0 Kasinga, un [&hellip;]","og_url":"https:\/\/www.justiceinfo.net\/fr\/29162-est-de-la-rd-congo-sept-civils-tues-dans-une-attaque-des-rebelles-ougandais.html","og_site_name":"JusticeInfo.net","article_publisher":"https:\/\/www.facebook.com\/JusticeInfo\/","article_published_time":"2016-09-22T10:01:32+00:00","og_image":[{"width":1200,"height":630,"url":"https:\/\/www.justiceinfo.net\/wp-content\/uploads\/JusticeInfoNet_logo_1200x630px.jpg","type":"image\/jpeg"}],"author":"AFP","twitter_card":"summary_large_image","twitter_creator":"@justiceinfonet","twitter_site":"@justiceinfonet","twitter_misc":{"\u00c9crit par":"AFP","Dur\u00e9e de lecture estim\u00e9e":"1 minute"},"schema":{"@context":"https:\/\/schema.org","@graph":[{"@type":"NewsArticle","@id":"https:\/\/www.justiceinfo.net\/fr\/29162-est-de-la-rd-congo-sept-civils-tues-dans-une-attaque-des-rebelles-ougandais.html#article","isPartOf":{"@id":"https:\/\/www.justiceinfo.net\/fr\/29162-est-de-la-rd-congo-sept-civils-tues-dans-une-attaque-des-rebelles-ougandais.html"},"author":{"name":"afp","@id":"https:\/\/www.justiceinfo.net\/fr#\/schema\/person\/713d340ef5f218fc36ce9b4244364a7f"},"headline":"Est de la RD Congo : sept civils tu\u00e9s dans une attaque des rebelles ougandais","datePublished":"2016-09-22T10:01:32+00:00","mainEntityOfPage":{"@id":"https:\/\/www.justiceinfo.net\/fr\/29162-est-de-la-rd-congo-sept-civils-tues-dans-une-attaque-des-rebelles-ougandais.html"},"wordCount":304,"commentCount":0,"publisher":{"@id":"https:\/\/www.justiceinfo.net\/fr#organization"},"articleSection":["Fil d'info AFP"],"inLanguage":"fr-FR","potentialAction":[{"@type":"CommentAction","name":"Comment","target":["https:\/\/www.justiceinfo.net\/fr\/29162-est-de-la-rd-congo-sept-civils-tues-dans-une-attaque-des-rebelles-ougandais.html#respond"]}]},{"@type":"WebPage","@id":"https:\/\/www.justiceinfo.net\/fr\/29162-est-de-la-rd-congo-sept-civils-tues-dans-une-attaque-des-rebelles-ougandais.html","url":"https:\/\/www.justiceinfo.net\/fr\/29162-est-de-la-rd-congo-sept-civils-tues-dans-une-attaque-des-rebelles-ougandais.html","name":"Est de la RD Congo : sept civils tu\u00e9s dans une attaque des rebelles ougandais - JusticeInfo.net","isPartOf":{"@id":"https:\/\/www.justiceinfo.net\/fr#website"},"datePublished":"2016-09-22T10:01:32+00:00","breadcrumb":{"@id":"https:\/\/www.justiceinfo.net\/fr\/29162-est-de-la-rd-congo-sept-civils-tues-dans-une-attaque-des-rebelles-ougandais.html#breadcrumb"},"inLanguage":"fr-FR","potentialAction":[{"@type":"ReadAction","target":["https:\/\/www.justiceinfo.net\/fr\/29162-est-de-la-rd-congo-sept-civils-tues-dans-une-attaque-des-rebelles-ougandais.html"]}]},{"@type":"BreadcrumbList","@id":"https:\/\/www.justiceinfo.net\/fr\/29162-est-de-la-rd-congo-sept-civils-tues-dans-une-attaque-des-rebelles-ougandais.html#breadcrumb","itemListElement":[{"@type":"ListItem","position":1,"name":"Home","item":"https:\/\/www.justiceinfo.net\/fr"},{"@type":"ListItem","position":2,"name":"Est de la RD Congo : sept civils tu\u00e9s dans une attaque des rebelles ougandais"}]},{"@type":"WebSite","@id":"https:\/\/www.justiceinfo.net\/fr#website","url":"https:\/\/www.justiceinfo.net\/fr","name":"JusticeInfo.net","description":"La justice doit \u00eatre vue pour \u00eatre rendue","publisher":{"@id":"https:\/\/www.justiceinfo.net\/fr#organization"},"potentialAction":[{"@type":"SearchAction","target":{"@type":"EntryPoint","urlTemplate":"https:\/\/www.justiceinfo.net\/fr?s={search_term_string}"},"query-input":{"@type":"PropertyValueSpecification","valueRequired":true,"valueName":"search_term_string"}}],"inLanguage":"fr-FR"},{"@type":"Organization","@id":"https:\/\/www.justiceinfo.net\/fr#organization","name":"Justice Info","url":"https:\/\/www.justiceinfo.net\/fr","logo":{"@type":"ImageObject","inLanguage":"fr-FR","@id":"https:\/\/www.justiceinfo.net\/fr#\/schema\/logo\/image\/","url":"https:\/\/www.justiceinfo.net\/wp-content\/uploads\/justiceinfo_logo-trans_1200x1200px.png","contentUrl":"https:\/\/www.justiceinfo.net\/wp-content\/uploads\/justiceinfo_logo-trans_1200x1200px.png","width":1199,"height":1200,"caption":"Justice Info"},"image":{"@id":"https:\/\/www.justiceinfo.net\/fr#\/schema\/logo\/image\/"},"sameAs":["https:\/\/www.facebook.com\/JusticeInfo\/","https:\/\/x.com\/justiceinfonet","https:\/\/www.linkedin.com\/company\/justice-info","https:\/\/www.youtube.com\/channel\/UCyCEsARodyuWtkWyhn-e7pA"]},{"@type":"Person","name":"AFP","url":"\/fr\/?s=AFP"}]}},"_links":{"self":[{"href":"https:\/\/www.justiceinfo.net\/fr\/wp-json\/wp\/v2\/posts\/29162","targetHints":{"allow":["GET"]}}],"collection":[{"href":"https:\/\/www.justiceinfo.net\/fr\/wp-json\/wp\/v2\/posts"}],"about":[{"href":"https:\/\/www.justiceinfo.net\/fr\/wp-json\/wp\/v2\/types\/post"}],"author":[{"embeddable":true,"href":"https:\/\/www.justiceinfo.net\/fr\/wp-json\/wp\/v2\/users\/60"}],"replies":[{"embeddable":true,"href":"https:\/\/www.justiceinfo.net\/fr\/wp-json\/wp\/v2\/comments?post=29162"}],"version-history":[{"count":0,"href":"https:\/\/www.justiceinfo.net\/fr\/wp-json\/wp\/v2\/posts\/29162\/revisions"}],"wp:attachment":[{"href":"https:\/\/www.justiceinfo.net\/fr\/wp-json\/wp\/v2\/media?parent=29162"}],"wp:term":[{"taxonomy":"category","embeddable":true,"href":"https:\/\/www.justiceinfo.net\/fr\/wp-json\/wp\/v2\/categories?post=29162"},{"taxonomy":"post_tag","embeddable":true,"href":"https:\/\/www.justiceinfo.net\/fr\/wp-json\/wp\/v2\/tags?post=29162"},{"taxonomy":"ji_location","embeddable":true,"href":"https:\/\/www.justiceinfo.net\/fr\/wp-json\/wp\/v2\/ji_location?post=29162"}],"curies":[{"name":"wp","href":"https:\/\/api.w.org\/{rel}","templated":true}]}}