{"id":29193,"date":"2016-09-23T10:41:39","date_gmt":"2016-09-23T08:41:39","guid":{"rendered":"https:\/\/www.justiceinfo.net\/29193-dialogue-politique-en-rdc-la-delegation-d-opposition-suspend-sa-participation.html"},"modified":"2016-09-23T10:41:39","modified_gmt":"2016-09-23T08:41:39","slug":"dialogue-politique-en-rdc-la-delegation-d-opposition-suspend-sa-participation","status":"publish","type":"post","link":"https:\/\/www.justiceinfo.net\/fr\/29193-dialogue-politique-en-rdc-la-delegation-d-opposition-suspend-sa-participation.html","title":{"rendered":"Dialogue politique en RDC : la d\u00e9l\u00e9gation d'opposition suspend sa participation"},"content":{"rendered":"<div id=\"textscroller\" class=\"textContent tinyscrollbar-y jq_resizeScroll jq_columns fontsize_0\">\n<p>La d\u00e9l\u00e9gation d'opposition au \"dialogue national\" cens\u00e9 r\u00e9soudre la crise politique en R\u00e9publique d\u00e9mocratique du Congo a suspendu sa participation \u00e0 ce forum apr\u00e8s les violences meurtri\u00e8res du d\u00e9but de la semaine \u00e0 Kinshasa, a-t-on appris vendredi.<\/p>\n<p>\"Eu \u00e9gard au drame caus\u00e9 par ces vies fauch\u00e9es, la d\u00e9l\u00e9gation (...) a convenu de reporter la poursuite des travaux (...) le temps du recueuillement\", \u00e9crit dans un communiqu\u00e9 Vital Kamerhe, comod\u00e9rateur de ce dialogue pour le compte de l'opposition.<\/p>\n<p>Suspendus mardi, les travaux du \"dialogue national\" devaient reprendre vendredi matin mais on s'acheminait en fin de matin\u00e9e vers leur report sine die compte tenu de la situation, selon un journaliste de l'AFP pr\u00e9sent au centre de conf\u00e9rences accueillant ce forum.<\/p>\n<p>Mardi, l'Eglise catholique, respect\u00e9e au Congo pour le r\u00f4le d\u00e9terminant qu'elle a jou\u00e9e dans l'ouverture d\u00e9mocratique des ann\u00e9es 1990, avait annonc\u00e9 qu'elle suspendait sa participation.\u00a0<\/p>\n<p>Au vu des derni\u00e8res violences, qui ont fait plusieurs dizaines de morts, il semble \"judicieux\" de \"rechercher un consensus plus large\", a indiqu\u00e9 la Conf\u00e9rence \u00e9piscopale nationale du Congo (Cenco).<\/p>\n<p>L'Eglise est \u00e0 la t\u00eate de la d\u00e9l\u00e9gation de la soci\u00e9t\u00e9 civile, dont d'autres composantes ont \u00e9galement annonc\u00e9 leur retrait temporaire des discussions.\u00a0<\/p>\n<p>Dans son communiqu\u00e9, M. Kamerhe, dit vouloir \"convaincre (ses) fr\u00e8res encore sceptiques de rejoindre la table du dialogue\".<\/p>\n<p>Outre la soci\u00e9t\u00e9 civile, le \"dialogue national\" ne r\u00e9unit que la Majorit\u00e9 pr\u00e9sidentielle et une frange minoritaire de l'opposition.<\/p>\n<p>Les violences du d\u00e9but de la semaine dans la capitale ont \u00e9clat\u00e9 lundi matin en marge d'une manifestation organis\u00e9e par un \"Rassemblement\" d'opposition r\u00e9futant cette table ronde. A trois mois de la fin du mandat du pr\u00e9sident Joseph Kabila, les manifestants, qui exigent son d\u00e9part le 20 d\u00e9cembre, voulaient lui signifier son \"pr\u00e9avis\".<\/p>\n<p>Les troubles ont d\u00e9g\u00e9n\u00e9r\u00e9 rapidement en \u00e9meutes et pillages r\u00e9prim\u00e9s par la police et l'arm\u00e9e.<\/p>\n<p>M. Kabila est au pouvoir depuis 2001. La Constitution lui interdit de se repr\u00e9senter mais il ne montre aucun signe de vouloir quitter son poste alors que la limite pour convoquer l'\u00e9lection pr\u00e9sidentielle est d\u00e9pass\u00e9e et que cette derni\u00e8re appara\u00eet impossible \u00e0 organiser dans les temps.<\/p>\n<p>Dans son communiqu\u00e9, M. Kamerhe, \u00e9crit que tout accord concluant le \"dialogue national\" devra \"n\u00e9cessairement\" r\u00e9affirmer \"la stricte observance\" de la Constitution, en particulier en ce qui concerne \"le nombre et la dur\u00e9e\" des mandats pr\u00e9sidentiels, et faire mention du \"sort du pr\u00e9sident Kabila apr\u00e8s le 19 d\u00e9cembre 2016\".<\/p>\n<\/div>\n","protected":false},"excerpt":{"rendered":"<p>La d\u00e9l\u00e9gation d'opposition au \"dialogue national\" cens\u00e9 r\u00e9soudre la crise politique en R\u00e9publique d\u00e9mocratique du Congo a suspendu sa participation \u00e0 ce forum apr\u00e8s les violences meurtri\u00e8res du d\u00e9but de la semaine \u00e0 Kinshasa, a-t-on appris vendredi. \"Eu \u00e9gard au drame caus\u00e9 par ces vies fauch\u00e9es, la d\u00e9l\u00e9gation (...) a convenu de reporter la poursuite [&hellip;]<\/p>\n","protected":false},"author":60,"featured_media":0,"comment_status":"open","ping_status":"closed","sticky":false,"template":"","format":"standard","meta":{"_acf_changed":false,"footnotes":""},"categories":[556],"tags":[],"ji_location":[2196],"class_list":["post-29193","post","type-post","status-publish","format-standard","hentry","category-divers","ji_location-republique-democratique-du-congo"],"acf":[],"yoast_head":"<!-- This site is optimized with the Yoast SEO Premium plugin v25.3.1 (Yoast SEO v25.3.1) - https:\/\/yoast.com\/wordpress\/plugins\/seo\/ -->\n<title>Dialogue politique en RDC : la d\u00e9l\u00e9gation d&#039;opposition suspend sa participation - JusticeInfo.net<\/title>\n<meta name=\"robots\" content=\"index, follow, max-snippet:-1, max-image-preview:large, max-video-preview:-1\" \/>\n<link rel=\"canonical\" href=\"https:\/\/www.justiceinfo.net\/fr\/29193-dialogue-politique-en-rdc-la-delegation-d-opposition-suspend-sa-participation.html\" \/>\n<meta property=\"og:locale\" content=\"fr_FR\" \/>\n<meta property=\"og:type\" content=\"article\" \/>\n<meta property=\"og:title\" content=\"Dialogue politique en RDC : la d\u00e9l\u00e9gation d&#039;opposition suspend sa participation\" \/>\n<meta property=\"og:description\" content=\"La d\u00e9l\u00e9gation d&#039;opposition au &quot;dialogue national&quot; cens\u00e9 r\u00e9soudre la crise politique en R\u00e9publique d\u00e9mocratique du Congo a suspendu sa participation \u00e0 ce forum apr\u00e8s les violences meurtri\u00e8res du d\u00e9but de la semaine \u00e0 Kinshasa, a-t-on appris vendredi. &quot;Eu \u00e9gard au drame caus\u00e9 par ces vies fauch\u00e9es, la d\u00e9l\u00e9gation (...) a convenu de reporter la poursuite [&hellip;]\" \/>\n<meta property=\"og:url\" content=\"https:\/\/www.justiceinfo.net\/fr\/29193-dialogue-politique-en-rdc-la-delegation-d-opposition-suspend-sa-participation.html\" \/>\n<meta property=\"og:site_name\" content=\"JusticeInfo.net\" \/>\n<meta property=\"article:publisher\" content=\"https:\/\/www.facebook.com\/JusticeInfo\/\" \/>\n<meta property=\"article:published_time\" content=\"2016-09-23T08:41:39+00:00\" \/>\n<meta property=\"og:image\" content=\"https:\/\/www.justiceinfo.net\/wp-content\/uploads\/JusticeInfoNet_logo_1200x630px.jpg\" \/>\n\t<meta property=\"og:image:width\" content=\"1200\" \/>\n\t<meta property=\"og:image:height\" content=\"630\" \/>\n\t<meta property=\"og:image:type\" content=\"image\/jpeg\" \/>\n<meta name=\"author\" content=\"AFP\" \/>\n<meta name=\"twitter:card\" content=\"summary_large_image\" \/>\n<meta name=\"twitter:creator\" content=\"@justiceinfonet\" \/>\n<meta name=\"twitter:site\" content=\"@justiceinfonet\" \/>\n<meta name=\"twitter:label1\" content=\"\u00c9crit par\" \/>\n\t<meta name=\"twitter:data1\" content=\"AFP\" \/>\n\t<meta name=\"twitter:label2\" content=\"Dur\u00e9e de lecture estim\u00e9e\" \/>\n\t<meta name=\"twitter:data2\" content=\"2 minutes\" \/>\n<script type=\"application\/ld+json\" class=\"yoast-schema-graph\">{\"@context\":\"https:\/\/schema.org\",\"@graph\":[{\"@type\":\"NewsArticle\",\"@id\":\"https:\/\/www.justiceinfo.net\/fr\/29193-dialogue-politique-en-rdc-la-delegation-d-opposition-suspend-sa-participation.html#article\",\"isPartOf\":{\"@id\":\"https:\/\/www.justiceinfo.net\/fr\/29193-dialogue-politique-en-rdc-la-delegation-d-opposition-suspend-sa-participation.html\"},\"author\":{\"name\":\"afp\",\"@id\":\"https:\/\/www.justiceinfo.net\/fr#\/schema\/person\/713d340ef5f218fc36ce9b4244364a7f\"},\"headline\":\"Dialogue politique en RDC : la d\u00e9l\u00e9gation d'opposition suspend sa participation\",\"datePublished\":\"2016-09-23T08:41:39+00:00\",\"mainEntityOfPage\":{\"@id\":\"https:\/\/www.justiceinfo.net\/fr\/29193-dialogue-politique-en-rdc-la-delegation-d-opposition-suspend-sa-participation.html\"},\"wordCount\":470,\"commentCount\":0,\"publisher\":{\"@id\":\"https:\/\/www.justiceinfo.net\/fr#organization\"},\"articleSection\":[\"Divers\"],\"inLanguage\":\"fr-FR\",\"potentialAction\":[{\"@type\":\"CommentAction\",\"name\":\"Comment\",\"target\":[\"https:\/\/www.justiceinfo.net\/fr\/29193-dialogue-politique-en-rdc-la-delegation-d-opposition-suspend-sa-participation.html#respond\"]}]},{\"@type\":\"WebPage\",\"@id\":\"https:\/\/www.justiceinfo.net\/fr\/29193-dialogue-politique-en-rdc-la-delegation-d-opposition-suspend-sa-participation.html\",\"url\":\"https:\/\/www.justiceinfo.net\/fr\/29193-dialogue-politique-en-rdc-la-delegation-d-opposition-suspend-sa-participation.html\",\"name\":\"Dialogue politique en RDC : la d\u00e9l\u00e9gation d'opposition suspend sa participation - JusticeInfo.net\",\"isPartOf\":{\"@id\":\"https:\/\/www.justiceinfo.net\/fr#website\"},\"datePublished\":\"2016-09-23T08:41:39+00:00\",\"breadcrumb\":{\"@id\":\"https:\/\/www.justiceinfo.net\/fr\/29193-dialogue-politique-en-rdc-la-delegation-d-opposition-suspend-sa-participation.html#breadcrumb\"},\"inLanguage\":\"fr-FR\",\"potentialAction\":[{\"@type\":\"ReadAction\",\"target\":[\"https:\/\/www.justiceinfo.net\/fr\/29193-dialogue-politique-en-rdc-la-delegation-d-opposition-suspend-sa-participation.html\"]}]},{\"@type\":\"BreadcrumbList\",\"@id\":\"https:\/\/www.justiceinfo.net\/fr\/29193-dialogue-politique-en-rdc-la-delegation-d-opposition-suspend-sa-participation.html#breadcrumb\",\"itemListElement\":[{\"@type\":\"ListItem\",\"position\":1,\"name\":\"Home\",\"item\":\"https:\/\/www.justiceinfo.net\/fr\"},{\"@type\":\"ListItem\",\"position\":2,\"name\":\"Dialogue politique en RDC : la d\u00e9l\u00e9gation d'opposition suspend sa participation\"}]},{\"@type\":\"WebSite\",\"@id\":\"https:\/\/www.justiceinfo.net\/fr#website\",\"url\":\"https:\/\/www.justiceinfo.net\/fr\",\"name\":\"JusticeInfo.net\",\"description\":\"La justice doit \u00eatre vue pour \u00eatre rendue\",\"publisher\":{\"@id\":\"https:\/\/www.justiceinfo.net\/fr#organization\"},\"potentialAction\":[{\"@type\":\"SearchAction\",\"target\":{\"@type\":\"EntryPoint\",\"urlTemplate\":\"https:\/\/www.justiceinfo.net\/fr?s={search_term_string}\"},\"query-input\":{\"@type\":\"PropertyValueSpecification\",\"valueRequired\":true,\"valueName\":\"search_term_string\"}}],\"inLanguage\":\"fr-FR\"},{\"@type\":\"Organization\",\"@id\":\"https:\/\/www.justiceinfo.net\/fr#organization\",\"name\":\"Justice Info\",\"url\":\"https:\/\/www.justiceinfo.net\/fr\",\"logo\":{\"@type\":\"ImageObject\",\"inLanguage\":\"fr-FR\",\"@id\":\"https:\/\/www.justiceinfo.net\/fr#\/schema\/logo\/image\/\",\"url\":\"https:\/\/www.justiceinfo.net\/wp-content\/uploads\/justiceinfo_logo-trans_1200x1200px.png\",\"contentUrl\":\"https:\/\/www.justiceinfo.net\/wp-content\/uploads\/justiceinfo_logo-trans_1200x1200px.png\",\"width\":1199,\"height\":1200,\"caption\":\"Justice Info\"},\"image\":{\"@id\":\"https:\/\/www.justiceinfo.net\/fr#\/schema\/logo\/image\/\"},\"sameAs\":[\"https:\/\/www.facebook.com\/JusticeInfo\/\",\"https:\/\/x.com\/justiceinfonet\",\"https:\/\/www.linkedin.com\/company\/justice-info\",\"https:\/\/www.youtube.com\/channel\/UCyCEsARodyuWtkWyhn-e7pA\"]},{\"@type\":\"Person\",\"name\":\"AFP\",\"url\":\"\/fr\/?s=AFP\"}]}<\/script>\n<!-- \/ Yoast SEO Premium plugin. -->","yoast_head_json":{"title":"Dialogue politique en RDC : la d\u00e9l\u00e9gation d'opposition suspend sa participation - JusticeInfo.net","robots":{"index":"index","follow":"follow","max-snippet":"max-snippet:-1","max-image-preview":"max-image-preview:large","max-video-preview":"max-video-preview:-1"},"canonical":"https:\/\/www.justiceinfo.net\/fr\/29193-dialogue-politique-en-rdc-la-delegation-d-opposition-suspend-sa-participation.html","og_locale":"fr_FR","og_type":"article","og_title":"Dialogue politique en RDC : la d\u00e9l\u00e9gation d'opposition suspend sa participation","og_description":"La d\u00e9l\u00e9gation d'opposition au \"dialogue national\" cens\u00e9 r\u00e9soudre la crise politique en R\u00e9publique d\u00e9mocratique du Congo a suspendu sa participation \u00e0 ce forum apr\u00e8s les violences meurtri\u00e8res du d\u00e9but de la semaine \u00e0 Kinshasa, a-t-on appris vendredi. \"Eu \u00e9gard au drame caus\u00e9 par ces vies fauch\u00e9es, la d\u00e9l\u00e9gation (...) a convenu de reporter la poursuite [&hellip;]","og_url":"https:\/\/www.justiceinfo.net\/fr\/29193-dialogue-politique-en-rdc-la-delegation-d-opposition-suspend-sa-participation.html","og_site_name":"JusticeInfo.net","article_publisher":"https:\/\/www.facebook.com\/JusticeInfo\/","article_published_time":"2016-09-23T08:41:39+00:00","og_image":[{"width":1200,"height":630,"url":"https:\/\/www.justiceinfo.net\/wp-content\/uploads\/JusticeInfoNet_logo_1200x630px.jpg","type":"image\/jpeg"}],"author":"AFP","twitter_card":"summary_large_image","twitter_creator":"@justiceinfonet","twitter_site":"@justiceinfonet","twitter_misc":{"\u00c9crit par":"AFP","Dur\u00e9e de lecture estim\u00e9e":"2 minutes"},"schema":{"@context":"https:\/\/schema.org","@graph":[{"@type":"NewsArticle","@id":"https:\/\/www.justiceinfo.net\/fr\/29193-dialogue-politique-en-rdc-la-delegation-d-opposition-suspend-sa-participation.html#article","isPartOf":{"@id":"https:\/\/www.justiceinfo.net\/fr\/29193-dialogue-politique-en-rdc-la-delegation-d-opposition-suspend-sa-participation.html"},"author":{"name":"afp","@id":"https:\/\/www.justiceinfo.net\/fr#\/schema\/person\/713d340ef5f218fc36ce9b4244364a7f"},"headline":"Dialogue politique en RDC : la d\u00e9l\u00e9gation d'opposition suspend sa participation","datePublished":"2016-09-23T08:41:39+00:00","mainEntityOfPage":{"@id":"https:\/\/www.justiceinfo.net\/fr\/29193-dialogue-politique-en-rdc-la-delegation-d-opposition-suspend-sa-participation.html"},"wordCount":470,"commentCount":0,"publisher":{"@id":"https:\/\/www.justiceinfo.net\/fr#organization"},"articleSection":["Divers"],"inLanguage":"fr-FR","potentialAction":[{"@type":"CommentAction","name":"Comment","target":["https:\/\/www.justiceinfo.net\/fr\/29193-dialogue-politique-en-rdc-la-delegation-d-opposition-suspend-sa-participation.html#respond"]}]},{"@type":"WebPage","@id":"https:\/\/www.justiceinfo.net\/fr\/29193-dialogue-politique-en-rdc-la-delegation-d-opposition-suspend-sa-participation.html","url":"https:\/\/www.justiceinfo.net\/fr\/29193-dialogue-politique-en-rdc-la-delegation-d-opposition-suspend-sa-participation.html","name":"Dialogue politique en RDC : la d\u00e9l\u00e9gation d'opposition suspend sa participation - JusticeInfo.net","isPartOf":{"@id":"https:\/\/www.justiceinfo.net\/fr#website"},"datePublished":"2016-09-23T08:41:39+00:00","breadcrumb":{"@id":"https:\/\/www.justiceinfo.net\/fr\/29193-dialogue-politique-en-rdc-la-delegation-d-opposition-suspend-sa-participation.html#breadcrumb"},"inLanguage":"fr-FR","potentialAction":[{"@type":"ReadAction","target":["https:\/\/www.justiceinfo.net\/fr\/29193-dialogue-politique-en-rdc-la-delegation-d-opposition-suspend-sa-participation.html"]}]},{"@type":"BreadcrumbList","@id":"https:\/\/www.justiceinfo.net\/fr\/29193-dialogue-politique-en-rdc-la-delegation-d-opposition-suspend-sa-participation.html#breadcrumb","itemListElement":[{"@type":"ListItem","position":1,"name":"Home","item":"https:\/\/www.justiceinfo.net\/fr"},{"@type":"ListItem","position":2,"name":"Dialogue politique en RDC : la d\u00e9l\u00e9gation d'opposition suspend sa participation"}]},{"@type":"WebSite","@id":"https:\/\/www.justiceinfo.net\/fr#website","url":"https:\/\/www.justiceinfo.net\/fr","name":"JusticeInfo.net","description":"La justice doit \u00eatre vue pour \u00eatre rendue","publisher":{"@id":"https:\/\/www.justiceinfo.net\/fr#organization"},"potentialAction":[{"@type":"SearchAction","target":{"@type":"EntryPoint","urlTemplate":"https:\/\/www.justiceinfo.net\/fr?s={search_term_string}"},"query-input":{"@type":"PropertyValueSpecification","valueRequired":true,"valueName":"search_term_string"}}],"inLanguage":"fr-FR"},{"@type":"Organization","@id":"https:\/\/www.justiceinfo.net\/fr#organization","name":"Justice Info","url":"https:\/\/www.justiceinfo.net\/fr","logo":{"@type":"ImageObject","inLanguage":"fr-FR","@id":"https:\/\/www.justiceinfo.net\/fr#\/schema\/logo\/image\/","url":"https:\/\/www.justiceinfo.net\/wp-content\/uploads\/justiceinfo_logo-trans_1200x1200px.png","contentUrl":"https:\/\/www.justiceinfo.net\/wp-content\/uploads\/justiceinfo_logo-trans_1200x1200px.png","width":1199,"height":1200,"caption":"Justice Info"},"image":{"@id":"https:\/\/www.justiceinfo.net\/fr#\/schema\/logo\/image\/"},"sameAs":["https:\/\/www.facebook.com\/JusticeInfo\/","https:\/\/x.com\/justiceinfonet","https:\/\/www.linkedin.com\/company\/justice-info","https:\/\/www.youtube.com\/channel\/UCyCEsARodyuWtkWyhn-e7pA"]},{"@type":"Person","name":"AFP","url":"\/fr\/?s=AFP"}]}},"_links":{"self":[{"href":"https:\/\/www.justiceinfo.net\/fr\/wp-json\/wp\/v2\/posts\/29193","targetHints":{"allow":["GET"]}}],"collection":[{"href":"https:\/\/www.justiceinfo.net\/fr\/wp-json\/wp\/v2\/posts"}],"about":[{"href":"https:\/\/www.justiceinfo.net\/fr\/wp-json\/wp\/v2\/types\/post"}],"author":[{"embeddable":true,"href":"https:\/\/www.justiceinfo.net\/fr\/wp-json\/wp\/v2\/users\/60"}],"replies":[{"embeddable":true,"href":"https:\/\/www.justiceinfo.net\/fr\/wp-json\/wp\/v2\/comments?post=29193"}],"version-history":[{"count":0,"href":"https:\/\/www.justiceinfo.net\/fr\/wp-json\/wp\/v2\/posts\/29193\/revisions"}],"wp:attachment":[{"href":"https:\/\/www.justiceinfo.net\/fr\/wp-json\/wp\/v2\/media?parent=29193"}],"wp:term":[{"taxonomy":"category","embeddable":true,"href":"https:\/\/www.justiceinfo.net\/fr\/wp-json\/wp\/v2\/categories?post=29193"},{"taxonomy":"post_tag","embeddable":true,"href":"https:\/\/www.justiceinfo.net\/fr\/wp-json\/wp\/v2\/tags?post=29193"},{"taxonomy":"ji_location","embeddable":true,"href":"https:\/\/www.justiceinfo.net\/fr\/wp-json\/wp\/v2\/ji_location?post=29193"}],"curies":[{"name":"wp","href":"https:\/\/api.w.org\/{rel}","templated":true}]}}