{"id":29194,"date":"2016-09-23T11:42:37","date_gmt":"2016-09-23T09:42:37","guid":{"rendered":"https:\/\/www.justiceinfo.net\/29194-gabon-journee-d-attente-angoissee-du-verdict-de-la-cour.html"},"modified":"2016-09-23T11:42:37","modified_gmt":"2016-09-23T09:42:37","slug":"gabon-journee-d-attente-angoissee-du-verdict-de-la-cour","status":"publish","type":"post","link":"https:\/\/www.justiceinfo.net\/fr\/29194-gabon-journee-d-attente-angoissee-du-verdict-de-la-cour.html","title":{"rendered":"Gabon: journ\u00e9e d'attente angoiss\u00e9e du verdict de la Cour"},"content":{"rendered":"<div id=\"textscroller\" class=\"textContent tinyscrollbar-y jq_resizeScroll jq_columns fontsize_0\">\n<p>Les rues de la capitale du Gabon Libreville commen\u00e7aient \u00e0 se vider vendredi \u00e0 la mi-journ\u00e9e dans la peur de nouvelles violences alors que la Cour constitutionnelle doit trancher dans les prochaines heures le contentieux \u00e9lectoral entre le pr\u00e9sident sortant Ali Bongo Ondimba et son rival Jean Ping.<\/p>\n<p>Les Gabonais redoutent la r\u00e9p\u00e9tition d'un sc\u00e9nario d\u00e9j\u00e0 v\u00e9cu il y a trois semaines si la Cour, saisie par Jean Ping, confirmait la victoire d'Ali Bongo au lieu d'annuler l'\u00e9lection \u00e0 un tour du 27 ao\u00fbt ou de donner raison \u00e0 l'opposant.<\/p>\n<p>Le 31 ao\u00fbt, la proclamation de la r\u00e9\u00e9lection d'Ali Bongo avait provoqu\u00e9 des manifestations, des \u00e9meutes, des morts, des pillages, des assauts policiers et des arrestations par centaines, ce qui avait traumatis\u00e9 un pays habitu\u00e9 \u00e0 la paix civile.<\/p>\n<p>Des camions transportant des parachutistes et des soldats de la Garde r\u00e9publicaines, les armes en \u00e9vidence, ainsi qu'un blind\u00e9, patrouillaient vendredi matin sur le front de mer au milieu des taxis collectifs et des v\u00e9hicules ordinaires, entre le b\u00e2timent de la Cour constitutionnelle et le palais pr\u00e9sidentiel.<\/p>\n<p>L\u2019ex\u00e9cutif a mis en garde d\u00e8s mercredi Jean Ping, un ex-cadre du r\u00e9gime pass\u00e9 \u00e0 l'opposition, qu'il serait arr\u00eat\u00e9 s'il franchissait \"la ligne rouge\" dans l'hypoth\u00e8se o\u00f9 il n'obtiendrait pas gain de cause en justice.<\/p>\n<p>Rang\u00e9e derri\u00e8re Jean Ping, ex-enfant ch\u00e9ri du r\u00e9gime de feu le pr\u00e9sident Omar Bongo, une partie des 628.000 \u00e9lecteurs veut mettre un terme au r\u00e8gne de la m\u00eame famille au pouvoir depuis 1967.<\/p>\n<p>\"Ali doit partir\", scandent les opposants \u00e0 l'intention d'Ali Bongo, 57 ans, \u00e9lu une premi\u00e8re fois en 2009 \u00e0 la mort de son p\u00e8re, rest\u00e9 au pouvoir 41 ans.<\/p>\n<p>Signe de nervosit\u00e9, des files d'attente se sont form\u00e9s devant des banques et des guichets automatiques dans la matin\u00e9e \u00e0 Libreville.<\/p>\n<p>\"On est dans la psychose, on a peur\", a expliqu\u00e9 \u00e0 l'AFP Jean Rodrigue Boukoumou, enseignant rencontr\u00e9 devant les grilles d'une banque qui ouvraient par intermittence. \"On veut prendre notre argent pour pouvoir faire nos provisions. Nous avons des familles \u00e0 nourrir si jamais le pays se retrouvait dans une situation de chaos\".<\/p>\n<p>- Jugement dernier -<\/p>\n<p>A la mi-journ\u00e9e, les rues de Libreville se sont vid\u00e9es dans l'attente du \"Jour J\" ou de \"L'heure du jugement dernier\", selon le titre de deux journaux, le Matin Equatorial et l'Objectif.<\/p>\n<p>\"D\u00e8s la proclamation des r\u00e9sultats, il vous est demand\u00e9 d\u2019\u00e9viter tout d\u00e9placement jusqu\u2019\u00e0 nouvel ordre\", a indiqu\u00e9 l'ambassade de France sur son site, dans un message \u00e0 la communaut\u00e9 fran\u00e7aise (environ 10.000 personnes).<\/p>\n<p>Aux abois depuis des semaines, les Gabonais ne savent m\u00eame pas si la Cour rendra sa d\u00e9cision ce vendredi, dans les d\u00e9lais pr\u00e9vus par la Constitution, soit quinze jours apr\u00e8s le recours de Jean Ping contre la r\u00e9\u00e9lection d'Ali Bongo.<\/p>\n<p>Sous pression maximale, sa pr\u00e9sidente, Marie-Madeleine Mborantsuo, a laiss\u00e9 elle-m\u00eame planer le doute jeudi soir \u00e0 l'issue d'une s\u00e9ance publique, o\u00f9 les avocats de MM. Bongo et Ping ont proc\u00e9d\u00e9 \u00e0 une derni\u00e8re passe d'armes.\u00a0<\/p>\n<p>\"L'affaire est mise en d\u00e9lib\u00e9r\u00e9. En principe, la d\u00e9cision pourrait \u00eatre rendue \u00e0 l'audience du 23 septembre, mais je demande au greffier de communiquer la date exacte, l'heure exacte aux conseils des deux partis\", a d\u00e9clar\u00e9 la femme qui tient entre ses mains l'avenir de ce petit pays (1,8 million d'habitants) aux grandes richesses naturelles (p\u00e9trole, bois, mangan\u00e8se, mines...).\u00a0<\/p>\n<p>Face aux neuf juges constitutionnels, le conseil de Jean Ping, Jean-R\u00e9my Bantsantsa, a plaid\u00e9 jeudi soir pour le recomptage des voix dans le province du Haut-Ogoou\u00e9, bureau par bureau, en pr\u00e9sence d'experts internationaux.\u00a0<\/p>\n<p>Dans ce fief familial de la famille Bongo, le pr\u00e9sident sortant a officiellement obtenu 95% des voix pour 99% de participation, lui garantissant \u00e0 l'\u00e9chelle du pays une avance de quelque 5.000 voix sur Jean Ping, sur un peu plus de 325.000 \u00e9lecteurs, selon les r\u00e9sultats de la commission \u00e9lectorale qui ont mis le feu aux poudres le 31 ao\u00fbt.<\/p>\n<p>\"Il n'y a pas dans notre pays un droit pour le Haut-Ogoou\u00e9 et un droit pour les autres provinces\", r\u00e9torque l'avocat d'Ali Bongo Francis Nkea. Jean Ping a aussi profiter d'un vote \"familial et communautaire\" dans son village natal d'Etimbou\u00e9, fait valoir la partie adverse.<\/p>\n<\/div>\n","protected":false},"excerpt":{"rendered":"<p>Les rues de la capitale du Gabon Libreville commen\u00e7aient \u00e0 se vider vendredi \u00e0 la mi-journ\u00e9e dans la peur de nouvelles violences alors que la Cour constitutionnelle doit trancher dans les prochaines heures le contentieux \u00e9lectoral entre le pr\u00e9sident sortant Ali Bongo Ondimba et son rival Jean Ping. Les Gabonais redoutent la r\u00e9p\u00e9tition d'un sc\u00e9nario [&hellip;]<\/p>\n","protected":false},"author":60,"featured_media":0,"comment_status":"open","ping_status":"closed","sticky":false,"template":"","format":"standard","meta":{"_acf_changed":false,"footnotes":""},"categories":[2576],"tags":[],"ji_location":[2234],"class_list":["post-29194","post","type-post","status-publish","format-standard","hentry","category-fil-d-actualite","ji_location-gabon"],"acf":[],"yoast_head":"<!-- This site is optimized with the Yoast SEO Premium plugin v25.3.1 (Yoast SEO v25.3.1) - https:\/\/yoast.com\/wordpress\/plugins\/seo\/ -->\n<title>Gabon: journ\u00e9e d&#039;attente angoiss\u00e9e du verdict de la Cour - JusticeInfo.net<\/title>\n<meta name=\"robots\" content=\"index, follow, max-snippet:-1, max-image-preview:large, max-video-preview:-1\" \/>\n<link rel=\"canonical\" href=\"https:\/\/www.justiceinfo.net\/fr\/29194-gabon-journee-d-attente-angoissee-du-verdict-de-la-cour.html\" \/>\n<meta property=\"og:locale\" content=\"fr_FR\" \/>\n<meta property=\"og:type\" content=\"article\" \/>\n<meta property=\"og:title\" content=\"Gabon: journ\u00e9e d&#039;attente angoiss\u00e9e du verdict de la Cour\" \/>\n<meta property=\"og:description\" content=\"Les rues de la capitale du Gabon Libreville commen\u00e7aient \u00e0 se vider vendredi \u00e0 la mi-journ\u00e9e dans la peur de nouvelles violences alors que la Cour constitutionnelle doit trancher dans les prochaines heures le contentieux \u00e9lectoral entre le pr\u00e9sident sortant Ali Bongo Ondimba et son rival Jean Ping. Les Gabonais redoutent la r\u00e9p\u00e9tition d&#039;un sc\u00e9nario [&hellip;]\" \/>\n<meta property=\"og:url\" content=\"https:\/\/www.justiceinfo.net\/fr\/29194-gabon-journee-d-attente-angoissee-du-verdict-de-la-cour.html\" \/>\n<meta property=\"og:site_name\" content=\"JusticeInfo.net\" \/>\n<meta property=\"article:publisher\" content=\"https:\/\/www.facebook.com\/JusticeInfo\/\" \/>\n<meta property=\"article:published_time\" content=\"2016-09-23T09:42:37+00:00\" \/>\n<meta property=\"og:image\" content=\"https:\/\/www.justiceinfo.net\/wp-content\/uploads\/JusticeInfoNet_logo_1200x630px.jpg\" \/>\n\t<meta property=\"og:image:width\" content=\"1200\" \/>\n\t<meta property=\"og:image:height\" content=\"630\" \/>\n\t<meta property=\"og:image:type\" content=\"image\/jpeg\" \/>\n<meta name=\"author\" content=\"AFP\" \/>\n<meta name=\"twitter:card\" content=\"summary_large_image\" \/>\n<meta name=\"twitter:creator\" content=\"@justiceinfonet\" \/>\n<meta name=\"twitter:site\" content=\"@justiceinfonet\" \/>\n<meta name=\"twitter:label1\" content=\"\u00c9crit par\" \/>\n\t<meta name=\"twitter:data1\" content=\"AFP\" \/>\n\t<meta name=\"twitter:label2\" content=\"Dur\u00e9e de lecture estim\u00e9e\" \/>\n\t<meta name=\"twitter:data2\" content=\"4 minutes\" \/>\n<script type=\"application\/ld+json\" class=\"yoast-schema-graph\">{\"@context\":\"https:\/\/schema.org\",\"@graph\":[{\"@type\":\"NewsArticle\",\"@id\":\"https:\/\/www.justiceinfo.net\/fr\/29194-gabon-journee-d-attente-angoissee-du-verdict-de-la-cour.html#article\",\"isPartOf\":{\"@id\":\"https:\/\/www.justiceinfo.net\/fr\/29194-gabon-journee-d-attente-angoissee-du-verdict-de-la-cour.html\"},\"author\":{\"name\":\"afp\",\"@id\":\"https:\/\/www.justiceinfo.net\/fr#\/schema\/person\/713d340ef5f218fc36ce9b4244364a7f\"},\"headline\":\"Gabon: journ\u00e9e d'attente angoiss\u00e9e du verdict de la Cour\",\"datePublished\":\"2016-09-23T09:42:37+00:00\",\"mainEntityOfPage\":{\"@id\":\"https:\/\/www.justiceinfo.net\/fr\/29194-gabon-journee-d-attente-angoissee-du-verdict-de-la-cour.html\"},\"wordCount\":768,\"commentCount\":0,\"publisher\":{\"@id\":\"https:\/\/www.justiceinfo.net\/fr#organization\"},\"articleSection\":[\"Fil d'info AFP\"],\"inLanguage\":\"fr-FR\",\"potentialAction\":[{\"@type\":\"CommentAction\",\"name\":\"Comment\",\"target\":[\"https:\/\/www.justiceinfo.net\/fr\/29194-gabon-journee-d-attente-angoissee-du-verdict-de-la-cour.html#respond\"]}]},{\"@type\":\"WebPage\",\"@id\":\"https:\/\/www.justiceinfo.net\/fr\/29194-gabon-journee-d-attente-angoissee-du-verdict-de-la-cour.html\",\"url\":\"https:\/\/www.justiceinfo.net\/fr\/29194-gabon-journee-d-attente-angoissee-du-verdict-de-la-cour.html\",\"name\":\"Gabon: journ\u00e9e d'attente angoiss\u00e9e du verdict de la Cour - JusticeInfo.net\",\"isPartOf\":{\"@id\":\"https:\/\/www.justiceinfo.net\/fr#website\"},\"datePublished\":\"2016-09-23T09:42:37+00:00\",\"breadcrumb\":{\"@id\":\"https:\/\/www.justiceinfo.net\/fr\/29194-gabon-journee-d-attente-angoissee-du-verdict-de-la-cour.html#breadcrumb\"},\"inLanguage\":\"fr-FR\",\"potentialAction\":[{\"@type\":\"ReadAction\",\"target\":[\"https:\/\/www.justiceinfo.net\/fr\/29194-gabon-journee-d-attente-angoissee-du-verdict-de-la-cour.html\"]}]},{\"@type\":\"BreadcrumbList\",\"@id\":\"https:\/\/www.justiceinfo.net\/fr\/29194-gabon-journee-d-attente-angoissee-du-verdict-de-la-cour.html#breadcrumb\",\"itemListElement\":[{\"@type\":\"ListItem\",\"position\":1,\"name\":\"Home\",\"item\":\"https:\/\/www.justiceinfo.net\/fr\"},{\"@type\":\"ListItem\",\"position\":2,\"name\":\"Gabon: journ\u00e9e d'attente angoiss\u00e9e du verdict de la Cour\"}]},{\"@type\":\"WebSite\",\"@id\":\"https:\/\/www.justiceinfo.net\/fr#website\",\"url\":\"https:\/\/www.justiceinfo.net\/fr\",\"name\":\"JusticeInfo.net\",\"description\":\"La justice doit \u00eatre vue pour \u00eatre rendue\",\"publisher\":{\"@id\":\"https:\/\/www.justiceinfo.net\/fr#organization\"},\"potentialAction\":[{\"@type\":\"SearchAction\",\"target\":{\"@type\":\"EntryPoint\",\"urlTemplate\":\"https:\/\/www.justiceinfo.net\/fr?s={search_term_string}\"},\"query-input\":{\"@type\":\"PropertyValueSpecification\",\"valueRequired\":true,\"valueName\":\"search_term_string\"}}],\"inLanguage\":\"fr-FR\"},{\"@type\":\"Organization\",\"@id\":\"https:\/\/www.justiceinfo.net\/fr#organization\",\"name\":\"Justice Info\",\"url\":\"https:\/\/www.justiceinfo.net\/fr\",\"logo\":{\"@type\":\"ImageObject\",\"inLanguage\":\"fr-FR\",\"@id\":\"https:\/\/www.justiceinfo.net\/fr#\/schema\/logo\/image\/\",\"url\":\"https:\/\/www.justiceinfo.net\/wp-content\/uploads\/justiceinfo_logo-trans_1200x1200px.png\",\"contentUrl\":\"https:\/\/www.justiceinfo.net\/wp-content\/uploads\/justiceinfo_logo-trans_1200x1200px.png\",\"width\":1199,\"height\":1200,\"caption\":\"Justice Info\"},\"image\":{\"@id\":\"https:\/\/www.justiceinfo.net\/fr#\/schema\/logo\/image\/\"},\"sameAs\":[\"https:\/\/www.facebook.com\/JusticeInfo\/\",\"https:\/\/x.com\/justiceinfonet\",\"https:\/\/www.linkedin.com\/company\/justice-info\",\"https:\/\/www.youtube.com\/channel\/UCyCEsARodyuWtkWyhn-e7pA\"]},{\"@type\":\"Person\",\"name\":\"AFP\",\"url\":\"\/fr\/?s=AFP\"}]}<\/script>\n<!-- \/ Yoast SEO Premium plugin. -->","yoast_head_json":{"title":"Gabon: journ\u00e9e d'attente angoiss\u00e9e du verdict de la Cour - JusticeInfo.net","robots":{"index":"index","follow":"follow","max-snippet":"max-snippet:-1","max-image-preview":"max-image-preview:large","max-video-preview":"max-video-preview:-1"},"canonical":"https:\/\/www.justiceinfo.net\/fr\/29194-gabon-journee-d-attente-angoissee-du-verdict-de-la-cour.html","og_locale":"fr_FR","og_type":"article","og_title":"Gabon: journ\u00e9e d'attente angoiss\u00e9e du verdict de la Cour","og_description":"Les rues de la capitale du Gabon Libreville commen\u00e7aient \u00e0 se vider vendredi \u00e0 la mi-journ\u00e9e dans la peur de nouvelles violences alors que la Cour constitutionnelle doit trancher dans les prochaines heures le contentieux \u00e9lectoral entre le pr\u00e9sident sortant Ali Bongo Ondimba et son rival Jean Ping. Les Gabonais redoutent la r\u00e9p\u00e9tition d'un sc\u00e9nario [&hellip;]","og_url":"https:\/\/www.justiceinfo.net\/fr\/29194-gabon-journee-d-attente-angoissee-du-verdict-de-la-cour.html","og_site_name":"JusticeInfo.net","article_publisher":"https:\/\/www.facebook.com\/JusticeInfo\/","article_published_time":"2016-09-23T09:42:37+00:00","og_image":[{"width":1200,"height":630,"url":"https:\/\/www.justiceinfo.net\/wp-content\/uploads\/JusticeInfoNet_logo_1200x630px.jpg","type":"image\/jpeg"}],"author":"AFP","twitter_card":"summary_large_image","twitter_creator":"@justiceinfonet","twitter_site":"@justiceinfonet","twitter_misc":{"\u00c9crit par":"AFP","Dur\u00e9e de lecture estim\u00e9e":"4 minutes"},"schema":{"@context":"https:\/\/schema.org","@graph":[{"@type":"NewsArticle","@id":"https:\/\/www.justiceinfo.net\/fr\/29194-gabon-journee-d-attente-angoissee-du-verdict-de-la-cour.html#article","isPartOf":{"@id":"https:\/\/www.justiceinfo.net\/fr\/29194-gabon-journee-d-attente-angoissee-du-verdict-de-la-cour.html"},"author":{"name":"afp","@id":"https:\/\/www.justiceinfo.net\/fr#\/schema\/person\/713d340ef5f218fc36ce9b4244364a7f"},"headline":"Gabon: journ\u00e9e d'attente angoiss\u00e9e du verdict de la Cour","datePublished":"2016-09-23T09:42:37+00:00","mainEntityOfPage":{"@id":"https:\/\/www.justiceinfo.net\/fr\/29194-gabon-journee-d-attente-angoissee-du-verdict-de-la-cour.html"},"wordCount":768,"commentCount":0,"publisher":{"@id":"https:\/\/www.justiceinfo.net\/fr#organization"},"articleSection":["Fil d'info AFP"],"inLanguage":"fr-FR","potentialAction":[{"@type":"CommentAction","name":"Comment","target":["https:\/\/www.justiceinfo.net\/fr\/29194-gabon-journee-d-attente-angoissee-du-verdict-de-la-cour.html#respond"]}]},{"@type":"WebPage","@id":"https:\/\/www.justiceinfo.net\/fr\/29194-gabon-journee-d-attente-angoissee-du-verdict-de-la-cour.html","url":"https:\/\/www.justiceinfo.net\/fr\/29194-gabon-journee-d-attente-angoissee-du-verdict-de-la-cour.html","name":"Gabon: journ\u00e9e d'attente angoiss\u00e9e du verdict de la Cour - JusticeInfo.net","isPartOf":{"@id":"https:\/\/www.justiceinfo.net\/fr#website"},"datePublished":"2016-09-23T09:42:37+00:00","breadcrumb":{"@id":"https:\/\/www.justiceinfo.net\/fr\/29194-gabon-journee-d-attente-angoissee-du-verdict-de-la-cour.html#breadcrumb"},"inLanguage":"fr-FR","potentialAction":[{"@type":"ReadAction","target":["https:\/\/www.justiceinfo.net\/fr\/29194-gabon-journee-d-attente-angoissee-du-verdict-de-la-cour.html"]}]},{"@type":"BreadcrumbList","@id":"https:\/\/www.justiceinfo.net\/fr\/29194-gabon-journee-d-attente-angoissee-du-verdict-de-la-cour.html#breadcrumb","itemListElement":[{"@type":"ListItem","position":1,"name":"Home","item":"https:\/\/www.justiceinfo.net\/fr"},{"@type":"ListItem","position":2,"name":"Gabon: journ\u00e9e d'attente angoiss\u00e9e du verdict de la Cour"}]},{"@type":"WebSite","@id":"https:\/\/www.justiceinfo.net\/fr#website","url":"https:\/\/www.justiceinfo.net\/fr","name":"JusticeInfo.net","description":"La justice doit \u00eatre vue pour \u00eatre rendue","publisher":{"@id":"https:\/\/www.justiceinfo.net\/fr#organization"},"potentialAction":[{"@type":"SearchAction","target":{"@type":"EntryPoint","urlTemplate":"https:\/\/www.justiceinfo.net\/fr?s={search_term_string}"},"query-input":{"@type":"PropertyValueSpecification","valueRequired":true,"valueName":"search_term_string"}}],"inLanguage":"fr-FR"},{"@type":"Organization","@id":"https:\/\/www.justiceinfo.net\/fr#organization","name":"Justice Info","url":"https:\/\/www.justiceinfo.net\/fr","logo":{"@type":"ImageObject","inLanguage":"fr-FR","@id":"https:\/\/www.justiceinfo.net\/fr#\/schema\/logo\/image\/","url":"https:\/\/www.justiceinfo.net\/wp-content\/uploads\/justiceinfo_logo-trans_1200x1200px.png","contentUrl":"https:\/\/www.justiceinfo.net\/wp-content\/uploads\/justiceinfo_logo-trans_1200x1200px.png","width":1199,"height":1200,"caption":"Justice Info"},"image":{"@id":"https:\/\/www.justiceinfo.net\/fr#\/schema\/logo\/image\/"},"sameAs":["https:\/\/www.facebook.com\/JusticeInfo\/","https:\/\/x.com\/justiceinfonet","https:\/\/www.linkedin.com\/company\/justice-info","https:\/\/www.youtube.com\/channel\/UCyCEsARodyuWtkWyhn-e7pA"]},{"@type":"Person","name":"AFP","url":"\/fr\/?s=AFP"}]}},"_links":{"self":[{"href":"https:\/\/www.justiceinfo.net\/fr\/wp-json\/wp\/v2\/posts\/29194","targetHints":{"allow":["GET"]}}],"collection":[{"href":"https:\/\/www.justiceinfo.net\/fr\/wp-json\/wp\/v2\/posts"}],"about":[{"href":"https:\/\/www.justiceinfo.net\/fr\/wp-json\/wp\/v2\/types\/post"}],"author":[{"embeddable":true,"href":"https:\/\/www.justiceinfo.net\/fr\/wp-json\/wp\/v2\/users\/60"}],"replies":[{"embeddable":true,"href":"https:\/\/www.justiceinfo.net\/fr\/wp-json\/wp\/v2\/comments?post=29194"}],"version-history":[{"count":0,"href":"https:\/\/www.justiceinfo.net\/fr\/wp-json\/wp\/v2\/posts\/29194\/revisions"}],"wp:attachment":[{"href":"https:\/\/www.justiceinfo.net\/fr\/wp-json\/wp\/v2\/media?parent=29194"}],"wp:term":[{"taxonomy":"category","embeddable":true,"href":"https:\/\/www.justiceinfo.net\/fr\/wp-json\/wp\/v2\/categories?post=29194"},{"taxonomy":"post_tag","embeddable":true,"href":"https:\/\/www.justiceinfo.net\/fr\/wp-json\/wp\/v2\/tags?post=29194"},{"taxonomy":"ji_location","embeddable":true,"href":"https:\/\/www.justiceinfo.net\/fr\/wp-json\/wp\/v2\/ji_location?post=29194"}],"curies":[{"name":"wp","href":"https:\/\/api.w.org\/{rel}","templated":true}]}}