{"id":29215,"date":"2016-09-24T13:42:34","date_gmt":"2016-09-24T11:42:34","guid":{"rendered":"https:\/\/www.justiceinfo.net\/29215-rdc-ua-onu-ue-et-oif-lancent-un-appel-commun-au-calme.html"},"modified":"2016-09-24T13:42:34","modified_gmt":"2016-09-24T11:42:34","slug":"rdc-ua-onu-ue-et-oif-lancent-un-appel-commun-au-calme","status":"publish","type":"post","link":"https:\/\/www.justiceinfo.net\/fr\/29215-rdc-ua-onu-ue-et-oif-lancent-un-appel-commun-au-calme.html","title":{"rendered":"RDC: UA, ONU, UE et OIF lancent un appel commun au calme"},"content":{"rendered":"<div id=\"textscroller\" class=\"textContent tinyscrollbar-y jq_resizeScroll jq_columns fontsize_0\">\n<p>L'Union africaine, les Nations unies, l'Union europ\u00e9enne et l'Organisation internationale de la francophonie ont lanc\u00e9 samedi un appel commun au calme, au dialogue et \u00e0 la tenue rapide d'\u00e9lections \"cr\u00e9dibles\" en R\u00e9publique d\u00e9mocratique du Congo (RDC).<\/p>\n<p>Dans un communiqu\u00e9 conjoint publi\u00e9 \u00e0 New York o\u00f9 se tient l'Assembl\u00e9e g\u00e9n\u00e9rale de l'ONU, ces organisations se disent \"gravement pr\u00e9occup\u00e9es par les violents incidents survenus r\u00e9cemment \u00e0 Kinshasa et ailleurs\" en RDC.<\/p>\n<p>Elles \"lancent un appel \u00e0 tous les acteurs politiques de la RDC, y compris la majorit\u00e9 pr\u00e9sidentielle et l'opposition politique, afin qu'ils fassent preuve de retenue dans leurs actions et d\u00e9clarations, et qu'ils exhortent leurs partisans \u00e0 renoncer \u00e0 la violence\".<\/p>\n<p>Elles invitent \u00e9galement \"les autorit\u00e9s de la RDC \u00e0 promouvoir et prot\u00e9ger les droits de l'homme et \u00e0 respecter les libert\u00e9s fondamentales (..) y compris lors de manifestations publiques\".<\/p>\n<p>\"Toutes les parties prenantes (..) ont la responsabilit\u00e9 d'agir dans le strict respect de la loi et des droits de l'homme, et devront faire face aux cons\u00e9quences de leurs actes en cas de manquement\", soulignent-elles.\u3000<\/p>\n<p>\"Tout en restant d\u00e9termin\u00e9s \u00e0 continuer de soutenir le dialogue national en cours, les quatre organisations partenaires rappellent que seul un dialogue inclusif men\u00e9 avec le plus grand nombre d'acteurs politiques ouvrira la voie \u00e0 des \u00e9lections pacifiques et cr\u00e9dibles\".<\/p>\n<p>Les quatre organisations signataires de cet appel\u00a0\"demandent au gouvernement de la RDC de rester engag\u00e9 dans le processus de dialogue, y compris en continuant de prendre des mesures visant \u00e0 cr\u00e9er un climat de\u00a0confiance\".\u00a0<\/p>\n<p>Par ailleurs, elles \"encouragent les groupes politiques qui ne font pas partie des n\u00e9gociations en cours \u00e0 jouer un r\u00f4le constructif en vue de contribuer \u00e0 la tenue d'\u00e9lections cr\u00e9dibles le plus t\u00f4t possible\".<\/p>\n<p>De nombreuses personnes ont \u00e9t\u00e9 tu\u00e9es jeudi et vendredi dans des troubles \u00e0 Kananga, dans le centre de la R\u00e9publique d\u00e9mocratique du Congo, o\u00f9 des partisans d'un chef coutumier tu\u00e9 en ao\u00fbt par les forces de l'ordre ont attaqu\u00e9 l'a\u00e9roport, selon des sources concordantes.<\/p>\n<p>Par ailleurs, le \"dialogue national\" cens\u00e9 r\u00e9soudre la crise politique en RDC provoqu\u00e9e par l'incertitude sur le maintien au pouvoir du pr\u00e9sident a \u00e9t\u00e9 de nouveau suspendu vendredi.<\/p>\n<p>La Constitution interdit au pr\u00e9sident Joseph Kabila, au pouvoir depuis 2001, de se repr\u00e9senter, mais celui-ci ne donne aucun signe de vouloir quitter son poste. Le scrutin pr\u00e9sidentiel appara\u00eet d\u00e9sormais impossible \u00e0 organiser avant le 20 d\u00e9cembre.<\/p>\n<p>Ce \"dialogue national\" implique la majorit\u00e9 au pouvoir, des repr\u00e9sentants de la soci\u00e9t\u00e9 civile et une frange minoritaire de l'opposition.<\/p>\n<\/div>\n","protected":false},"excerpt":{"rendered":"<p>L'Union africaine, les Nations unies, l'Union europ\u00e9enne et l'Organisation internationale de la francophonie ont lanc\u00e9 samedi un appel commun au calme, au dialogue et \u00e0 la tenue rapide d'\u00e9lections \"cr\u00e9dibles\" en R\u00e9publique d\u00e9mocratique du Congo (RDC). Dans un communiqu\u00e9 conjoint publi\u00e9 \u00e0 New York o\u00f9 se tient l'Assembl\u00e9e g\u00e9n\u00e9rale de l'ONU, ces organisations se disent [&hellip;]<\/p>\n","protected":false},"author":60,"featured_media":0,"comment_status":"open","ping_status":"closed","sticky":false,"template":"","format":"standard","meta":{"_acf_changed":false,"footnotes":""},"categories":[2576],"tags":[],"ji_location":[2196],"class_list":["post-29215","post","type-post","status-publish","format-standard","hentry","category-fil-d-actualite","ji_location-republique-democratique-du-congo"],"acf":[],"yoast_head":"<!-- This site is optimized with the Yoast SEO Premium plugin v25.3.1 (Yoast SEO v25.3.1) - https:\/\/yoast.com\/wordpress\/plugins\/seo\/ -->\n<title>RDC: UA, ONU, UE et OIF lancent un appel commun au calme - JusticeInfo.net<\/title>\n<meta name=\"robots\" content=\"index, follow, max-snippet:-1, max-image-preview:large, max-video-preview:-1\" \/>\n<link rel=\"canonical\" href=\"https:\/\/www.justiceinfo.net\/fr\/29215-rdc-ua-onu-ue-et-oif-lancent-un-appel-commun-au-calme.html\" \/>\n<meta property=\"og:locale\" content=\"fr_FR\" \/>\n<meta property=\"og:type\" content=\"article\" \/>\n<meta property=\"og:title\" content=\"RDC: UA, ONU, UE et OIF lancent un appel commun au calme\" \/>\n<meta property=\"og:description\" content=\"L&#039;Union africaine, les Nations unies, l&#039;Union europ\u00e9enne et l&#039;Organisation internationale de la francophonie ont lanc\u00e9 samedi un appel commun au calme, au dialogue et \u00e0 la tenue rapide d&#039;\u00e9lections &quot;cr\u00e9dibles&quot; en R\u00e9publique d\u00e9mocratique du Congo (RDC). Dans un communiqu\u00e9 conjoint publi\u00e9 \u00e0 New York o\u00f9 se tient l&#039;Assembl\u00e9e g\u00e9n\u00e9rale de l&#039;ONU, ces organisations se disent [&hellip;]\" \/>\n<meta property=\"og:url\" content=\"https:\/\/www.justiceinfo.net\/fr\/29215-rdc-ua-onu-ue-et-oif-lancent-un-appel-commun-au-calme.html\" \/>\n<meta property=\"og:site_name\" content=\"JusticeInfo.net\" \/>\n<meta property=\"article:publisher\" content=\"https:\/\/www.facebook.com\/JusticeInfo\/\" \/>\n<meta property=\"article:published_time\" content=\"2016-09-24T11:42:34+00:00\" \/>\n<meta property=\"og:image\" content=\"https:\/\/www.justiceinfo.net\/wp-content\/uploads\/JusticeInfoNet_logo_1200x630px.jpg\" \/>\n\t<meta property=\"og:image:width\" content=\"1200\" \/>\n\t<meta property=\"og:image:height\" content=\"630\" \/>\n\t<meta property=\"og:image:type\" content=\"image\/jpeg\" \/>\n<meta name=\"author\" content=\"AFP\" \/>\n<meta name=\"twitter:card\" content=\"summary_large_image\" \/>\n<meta name=\"twitter:creator\" content=\"@justiceinfonet\" \/>\n<meta name=\"twitter:site\" content=\"@justiceinfonet\" \/>\n<meta name=\"twitter:label1\" content=\"\u00c9crit par\" \/>\n\t<meta name=\"twitter:data1\" content=\"AFP\" \/>\n\t<meta name=\"twitter:label2\" content=\"Dur\u00e9e de lecture estim\u00e9e\" \/>\n\t<meta name=\"twitter:data2\" content=\"2 minutes\" \/>\n<script type=\"application\/ld+json\" class=\"yoast-schema-graph\">{\"@context\":\"https:\/\/schema.org\",\"@graph\":[{\"@type\":\"NewsArticle\",\"@id\":\"https:\/\/www.justiceinfo.net\/fr\/29215-rdc-ua-onu-ue-et-oif-lancent-un-appel-commun-au-calme.html#article\",\"isPartOf\":{\"@id\":\"https:\/\/www.justiceinfo.net\/fr\/29215-rdc-ua-onu-ue-et-oif-lancent-un-appel-commun-au-calme.html\"},\"author\":{\"name\":\"afp\",\"@id\":\"https:\/\/www.justiceinfo.net\/fr#\/schema\/person\/713d340ef5f218fc36ce9b4244364a7f\"},\"headline\":\"RDC: UA, ONU, UE et OIF lancent un appel commun au calme\",\"datePublished\":\"2016-09-24T11:42:34+00:00\",\"mainEntityOfPage\":{\"@id\":\"https:\/\/www.justiceinfo.net\/fr\/29215-rdc-ua-onu-ue-et-oif-lancent-un-appel-commun-au-calme.html\"},\"wordCount\":465,\"commentCount\":0,\"publisher\":{\"@id\":\"https:\/\/www.justiceinfo.net\/fr#organization\"},\"articleSection\":[\"Fil d'info AFP\"],\"inLanguage\":\"fr-FR\",\"potentialAction\":[{\"@type\":\"CommentAction\",\"name\":\"Comment\",\"target\":[\"https:\/\/www.justiceinfo.net\/fr\/29215-rdc-ua-onu-ue-et-oif-lancent-un-appel-commun-au-calme.html#respond\"]}]},{\"@type\":\"WebPage\",\"@id\":\"https:\/\/www.justiceinfo.net\/fr\/29215-rdc-ua-onu-ue-et-oif-lancent-un-appel-commun-au-calme.html\",\"url\":\"https:\/\/www.justiceinfo.net\/fr\/29215-rdc-ua-onu-ue-et-oif-lancent-un-appel-commun-au-calme.html\",\"name\":\"RDC: UA, ONU, UE et OIF lancent un appel commun au calme - JusticeInfo.net\",\"isPartOf\":{\"@id\":\"https:\/\/www.justiceinfo.net\/fr#website\"},\"datePublished\":\"2016-09-24T11:42:34+00:00\",\"breadcrumb\":{\"@id\":\"https:\/\/www.justiceinfo.net\/fr\/29215-rdc-ua-onu-ue-et-oif-lancent-un-appel-commun-au-calme.html#breadcrumb\"},\"inLanguage\":\"fr-FR\",\"potentialAction\":[{\"@type\":\"ReadAction\",\"target\":[\"https:\/\/www.justiceinfo.net\/fr\/29215-rdc-ua-onu-ue-et-oif-lancent-un-appel-commun-au-calme.html\"]}]},{\"@type\":\"BreadcrumbList\",\"@id\":\"https:\/\/www.justiceinfo.net\/fr\/29215-rdc-ua-onu-ue-et-oif-lancent-un-appel-commun-au-calme.html#breadcrumb\",\"itemListElement\":[{\"@type\":\"ListItem\",\"position\":1,\"name\":\"Home\",\"item\":\"https:\/\/www.justiceinfo.net\/fr\"},{\"@type\":\"ListItem\",\"position\":2,\"name\":\"RDC: UA, ONU, UE et OIF lancent un appel commun au calme\"}]},{\"@type\":\"WebSite\",\"@id\":\"https:\/\/www.justiceinfo.net\/fr#website\",\"url\":\"https:\/\/www.justiceinfo.net\/fr\",\"name\":\"JusticeInfo.net\",\"description\":\"La justice doit \u00eatre vue pour \u00eatre rendue\",\"publisher\":{\"@id\":\"https:\/\/www.justiceinfo.net\/fr#organization\"},\"potentialAction\":[{\"@type\":\"SearchAction\",\"target\":{\"@type\":\"EntryPoint\",\"urlTemplate\":\"https:\/\/www.justiceinfo.net\/fr?s={search_term_string}\"},\"query-input\":{\"@type\":\"PropertyValueSpecification\",\"valueRequired\":true,\"valueName\":\"search_term_string\"}}],\"inLanguage\":\"fr-FR\"},{\"@type\":\"Organization\",\"@id\":\"https:\/\/www.justiceinfo.net\/fr#organization\",\"name\":\"Justice Info\",\"url\":\"https:\/\/www.justiceinfo.net\/fr\",\"logo\":{\"@type\":\"ImageObject\",\"inLanguage\":\"fr-FR\",\"@id\":\"https:\/\/www.justiceinfo.net\/fr#\/schema\/logo\/image\/\",\"url\":\"https:\/\/www.justiceinfo.net\/wp-content\/uploads\/justiceinfo_logo-trans_1200x1200px.png\",\"contentUrl\":\"https:\/\/www.justiceinfo.net\/wp-content\/uploads\/justiceinfo_logo-trans_1200x1200px.png\",\"width\":1199,\"height\":1200,\"caption\":\"Justice Info\"},\"image\":{\"@id\":\"https:\/\/www.justiceinfo.net\/fr#\/schema\/logo\/image\/\"},\"sameAs\":[\"https:\/\/www.facebook.com\/JusticeInfo\/\",\"https:\/\/x.com\/justiceinfonet\",\"https:\/\/www.linkedin.com\/company\/justice-info\",\"https:\/\/www.youtube.com\/channel\/UCyCEsARodyuWtkWyhn-e7pA\"]},{\"@type\":\"Person\",\"name\":\"AFP\",\"url\":\"\/fr\/?s=AFP\"}]}<\/script>\n<!-- \/ Yoast SEO Premium plugin. -->","yoast_head_json":{"title":"RDC: UA, ONU, UE et OIF lancent un appel commun au calme - JusticeInfo.net","robots":{"index":"index","follow":"follow","max-snippet":"max-snippet:-1","max-image-preview":"max-image-preview:large","max-video-preview":"max-video-preview:-1"},"canonical":"https:\/\/www.justiceinfo.net\/fr\/29215-rdc-ua-onu-ue-et-oif-lancent-un-appel-commun-au-calme.html","og_locale":"fr_FR","og_type":"article","og_title":"RDC: UA, ONU, UE et OIF lancent un appel commun au calme","og_description":"L'Union africaine, les Nations unies, l'Union europ\u00e9enne et l'Organisation internationale de la francophonie ont lanc\u00e9 samedi un appel commun au calme, au dialogue et \u00e0 la tenue rapide d'\u00e9lections \"cr\u00e9dibles\" en R\u00e9publique d\u00e9mocratique du Congo (RDC). Dans un communiqu\u00e9 conjoint publi\u00e9 \u00e0 New York o\u00f9 se tient l'Assembl\u00e9e g\u00e9n\u00e9rale de l'ONU, ces organisations se disent [&hellip;]","og_url":"https:\/\/www.justiceinfo.net\/fr\/29215-rdc-ua-onu-ue-et-oif-lancent-un-appel-commun-au-calme.html","og_site_name":"JusticeInfo.net","article_publisher":"https:\/\/www.facebook.com\/JusticeInfo\/","article_published_time":"2016-09-24T11:42:34+00:00","og_image":[{"width":1200,"height":630,"url":"https:\/\/www.justiceinfo.net\/wp-content\/uploads\/JusticeInfoNet_logo_1200x630px.jpg","type":"image\/jpeg"}],"author":"AFP","twitter_card":"summary_large_image","twitter_creator":"@justiceinfonet","twitter_site":"@justiceinfonet","twitter_misc":{"\u00c9crit par":"AFP","Dur\u00e9e de lecture estim\u00e9e":"2 minutes"},"schema":{"@context":"https:\/\/schema.org","@graph":[{"@type":"NewsArticle","@id":"https:\/\/www.justiceinfo.net\/fr\/29215-rdc-ua-onu-ue-et-oif-lancent-un-appel-commun-au-calme.html#article","isPartOf":{"@id":"https:\/\/www.justiceinfo.net\/fr\/29215-rdc-ua-onu-ue-et-oif-lancent-un-appel-commun-au-calme.html"},"author":{"name":"afp","@id":"https:\/\/www.justiceinfo.net\/fr#\/schema\/person\/713d340ef5f218fc36ce9b4244364a7f"},"headline":"RDC: UA, ONU, UE et OIF lancent un appel commun au calme","datePublished":"2016-09-24T11:42:34+00:00","mainEntityOfPage":{"@id":"https:\/\/www.justiceinfo.net\/fr\/29215-rdc-ua-onu-ue-et-oif-lancent-un-appel-commun-au-calme.html"},"wordCount":465,"commentCount":0,"publisher":{"@id":"https:\/\/www.justiceinfo.net\/fr#organization"},"articleSection":["Fil d'info AFP"],"inLanguage":"fr-FR","potentialAction":[{"@type":"CommentAction","name":"Comment","target":["https:\/\/www.justiceinfo.net\/fr\/29215-rdc-ua-onu-ue-et-oif-lancent-un-appel-commun-au-calme.html#respond"]}]},{"@type":"WebPage","@id":"https:\/\/www.justiceinfo.net\/fr\/29215-rdc-ua-onu-ue-et-oif-lancent-un-appel-commun-au-calme.html","url":"https:\/\/www.justiceinfo.net\/fr\/29215-rdc-ua-onu-ue-et-oif-lancent-un-appel-commun-au-calme.html","name":"RDC: UA, ONU, UE et OIF lancent un appel commun au calme - JusticeInfo.net","isPartOf":{"@id":"https:\/\/www.justiceinfo.net\/fr#website"},"datePublished":"2016-09-24T11:42:34+00:00","breadcrumb":{"@id":"https:\/\/www.justiceinfo.net\/fr\/29215-rdc-ua-onu-ue-et-oif-lancent-un-appel-commun-au-calme.html#breadcrumb"},"inLanguage":"fr-FR","potentialAction":[{"@type":"ReadAction","target":["https:\/\/www.justiceinfo.net\/fr\/29215-rdc-ua-onu-ue-et-oif-lancent-un-appel-commun-au-calme.html"]}]},{"@type":"BreadcrumbList","@id":"https:\/\/www.justiceinfo.net\/fr\/29215-rdc-ua-onu-ue-et-oif-lancent-un-appel-commun-au-calme.html#breadcrumb","itemListElement":[{"@type":"ListItem","position":1,"name":"Home","item":"https:\/\/www.justiceinfo.net\/fr"},{"@type":"ListItem","position":2,"name":"RDC: UA, ONU, UE et OIF lancent un appel commun au calme"}]},{"@type":"WebSite","@id":"https:\/\/www.justiceinfo.net\/fr#website","url":"https:\/\/www.justiceinfo.net\/fr","name":"JusticeInfo.net","description":"La justice doit \u00eatre vue pour \u00eatre rendue","publisher":{"@id":"https:\/\/www.justiceinfo.net\/fr#organization"},"potentialAction":[{"@type":"SearchAction","target":{"@type":"EntryPoint","urlTemplate":"https:\/\/www.justiceinfo.net\/fr?s={search_term_string}"},"query-input":{"@type":"PropertyValueSpecification","valueRequired":true,"valueName":"search_term_string"}}],"inLanguage":"fr-FR"},{"@type":"Organization","@id":"https:\/\/www.justiceinfo.net\/fr#organization","name":"Justice Info","url":"https:\/\/www.justiceinfo.net\/fr","logo":{"@type":"ImageObject","inLanguage":"fr-FR","@id":"https:\/\/www.justiceinfo.net\/fr#\/schema\/logo\/image\/","url":"https:\/\/www.justiceinfo.net\/wp-content\/uploads\/justiceinfo_logo-trans_1200x1200px.png","contentUrl":"https:\/\/www.justiceinfo.net\/wp-content\/uploads\/justiceinfo_logo-trans_1200x1200px.png","width":1199,"height":1200,"caption":"Justice Info"},"image":{"@id":"https:\/\/www.justiceinfo.net\/fr#\/schema\/logo\/image\/"},"sameAs":["https:\/\/www.facebook.com\/JusticeInfo\/","https:\/\/x.com\/justiceinfonet","https:\/\/www.linkedin.com\/company\/justice-info","https:\/\/www.youtube.com\/channel\/UCyCEsARodyuWtkWyhn-e7pA"]},{"@type":"Person","name":"AFP","url":"\/fr\/?s=AFP"}]}},"_links":{"self":[{"href":"https:\/\/www.justiceinfo.net\/fr\/wp-json\/wp\/v2\/posts\/29215","targetHints":{"allow":["GET"]}}],"collection":[{"href":"https:\/\/www.justiceinfo.net\/fr\/wp-json\/wp\/v2\/posts"}],"about":[{"href":"https:\/\/www.justiceinfo.net\/fr\/wp-json\/wp\/v2\/types\/post"}],"author":[{"embeddable":true,"href":"https:\/\/www.justiceinfo.net\/fr\/wp-json\/wp\/v2\/users\/60"}],"replies":[{"embeddable":true,"href":"https:\/\/www.justiceinfo.net\/fr\/wp-json\/wp\/v2\/comments?post=29215"}],"version-history":[{"count":0,"href":"https:\/\/www.justiceinfo.net\/fr\/wp-json\/wp\/v2\/posts\/29215\/revisions"}],"wp:attachment":[{"href":"https:\/\/www.justiceinfo.net\/fr\/wp-json\/wp\/v2\/media?parent=29215"}],"wp:term":[{"taxonomy":"category","embeddable":true,"href":"https:\/\/www.justiceinfo.net\/fr\/wp-json\/wp\/v2\/categories?post=29215"},{"taxonomy":"post_tag","embeddable":true,"href":"https:\/\/www.justiceinfo.net\/fr\/wp-json\/wp\/v2\/tags?post=29215"},{"taxonomy":"ji_location","embeddable":true,"href":"https:\/\/www.justiceinfo.net\/fr\/wp-json\/wp\/v2\/ji_location?post=29215"}],"curies":[{"name":"wp","href":"https:\/\/api.w.org\/{rel}","templated":true}]}}