{"id":29318,"date":"2016-09-26T19:08:50","date_gmt":"2016-09-26T17:08:50","guid":{"rendered":"https:\/\/www.justiceinfo.net\/29318-violences-a-kinshasa-la-rdc-danse-sur-un-volcan.html"},"modified":"2016-09-26T19:08:50","modified_gmt":"2016-09-26T17:08:50","slug":"violences-a-kinshasa-la-rdc-danse-sur-un-volcan","status":"publish","type":"post","link":"https:\/\/www.justiceinfo.net\/fr\/29318-violences-a-kinshasa-la-rdc-danse-sur-un-volcan.html","title":{"rendered":"Violences \u00e0 Kinshasa : la RDC danse sur un volcan"},"content":{"rendered":"<div id=\"textscroller\" class=\"textContent tinyscrollbar-y jq_resizeScroll jq_columns fontsize_0\">\n<p>L'explosion de violence qui a fait plusieurs dizaines de morts \u00e0 Kinshasa les 19 et 20 septembre fait craindre de nouveaux jours sombres pour la R\u00e9publique d\u00e9mocratique du Congo, min\u00e9e par une crise politique profonde li\u00e9e au report de la pr\u00e9sidentielle devant se tenir cette ann\u00e9e.<\/p>\n<p>L'intensit\u00e9 de ces violences \"et la situation toujours tr\u00e8s tendue [dans le pays sonnent comme] un avertissement [douloureux de l'imminence probable d'une] crise de grande envergure\", a estim\u00e9 jeudi, le Haut-Commissariat aux droits de l'Homme de l'ONU.\u00a0<\/p>\n<p>Tout est parti d'affrontements en marge d'une manifestation organis\u00e9e par un \"Rassemblement\" d'opposition \u00e0 trois mois de la fin du mandat du pr\u00e9sident Joseph Kabila pour lui signifier son \"pr\u00e9avis\" et exiger son d\u00e9part, le 20 d\u00e9cembre.<\/p>\n<p>Les autorit\u00e9s et les organisateurs de la marche se sont renvoy\u00e9 la responsabilit\u00e9 de ces troubles initiaux qui ont d\u00e9g\u00e9n\u00e9r\u00e9 en \u00e9meutes et pillages r\u00e9prim\u00e9s par la police et l'arm\u00e9e : \"mouvement insurrectionnel\" contre \"pouvoir sanguinaire\", selon les invectives des uns et des autres.<\/p>\n<p>Pour la police, les heurts ont fait au total 32 morts ; du c\u00f4t\u00e9 de l'opposition, on parle de 50 \u00e0 plus de 100 vies perdues.<\/p>\n<p>\"C'est la strat\u00e9gie de la cocotte-minute qui est mise en \u0153uvre\", estime Thierry Vircoulon, enseignant \u00e0 Sciences-Po Paris et coordonnateur de l'Observatoire pour l'Afrique centrale et australe \u00e0 l'Institut fran\u00e7ais des relations internationales (Ifri).<\/p>\n<p>\"La plupart des strat\u00e8ges dans les deux camps pensent que la confrontation violente est in\u00e9vitable, voire souhaitable, pour changer le pouvoir ou pour le conserver\", dit-il \u00e0 l'AFP, \"cela s'explique par le fait que la violence fait partie du registre strat\u00e9gique des politiciens congolais et que l'alternance pacifique est absente de l'histoire du pays\".<\/p>\n<p>\"A ce titre, estime M. Vircoulon, la destruction des bureaux du PPRD [une permanence du parti pr\u00e9sidentiel incendi\u00e9e le 19, NDLR] suivie par la destruction des bureaux de l'UDPS [le si\u00e8ge du parti historique de l'opposition dans la nuit du 19 au 20] est un signal tr\u00e8s clair\".<\/p>\n<p>La crise actuelle remonte \u00e0 la r\u00e9\u00e9lection contest\u00e9e de M. Kabila en 2011 \u00e0 l'issue d'\u00e9lections entach\u00e9es de fraudes massives. Ses opposants le soup\u00e7onnent depuis lors de ne cesser d\u2019\u0153uvrer pour contourner l'interdiction constitutionnelle qui lui est faite de se repr\u00e9senter.<\/p>\n<p>\u00c2g\u00e9 de 45 ans, M. Kabila a h\u00e9rit\u00e9 du pouvoir en 2001 apr\u00e8s l'assassinat de son p\u00e8re, Laurent-D\u00e9sir\u00e9 Kabila, qui avait chass\u00e9 le dictateur Mobutu Sese Seko, \u00e0 la t\u00eate du Congo de 1965 \u00e0 1997.<\/p>\n<h2>- 'Une \u00e9tincelle' -<\/h2>\n<p>Confirm\u00e9 \u00e0 la pr\u00e9sidence en 2006 lors des premi\u00e8res \u00e9lections libres tenues dans l'ex-Congo belge (rebaptis\u00e9 Za\u00efre sous Mobutu) depuis l'ind\u00e9pendance de 1960, Joseph Kabila ne donne aucun signe de vouloir quitter son poste alors que le report de la pr\u00e9sidentielle est d\u00e9sormais consomm\u00e9, la date limite pour convoquer ce scrutin ayant \u00e9t\u00e9 d\u00e9pass\u00e9e, le 20 septembre.<\/p>\n<p>La communaut\u00e9 internationale qui consacre chaque ann\u00e9e des budgets colossaux pour la stabilisation de la RDC, l'aide humanitaire et l'aide au d\u00e9veloppement dans ce pays, ne cesse d'appeler depuis des mois au respect de la Constitution.<\/p>\n<p>Mais le pr\u00e9sident congolais - qui a rencontr\u00e9 lundi matin le pape Fran\u00e7ois \u00e0 Rome - reste muet sur ses intentions.\u00a0<\/p>\n<p>A Kinshasa, plusieurs diplomates \u00e9trangers ne cachent pas leur inqui\u00e9tude de voir le pays replonger dans le chaos des deux guerres ayant ravag\u00e9 le pays de 1996 \u00e0 2003. \u00a0<\/p>\n<p>M. Vircoulon voit des \"similitudes\" entre la situation actuelle et la longue agonie du r\u00e9gime de Mobutu : \"Loyaut\u00e9 superficielle de l'arm\u00e9e ; possibilit\u00e9 de plusieurs foyers de contestation en province ; syst\u00e8me institutionnel ultra-fragile [susceptible de s'effondrer] rapidement\".<\/p>\n<p>En d\u00e9pit des efforts du gouvernement et de l'ONU, qui d\u00e9ploie au Congo sa plus grosse force de maintien de la paix au monde, l'Est du pays reste d\u00e9chir\u00e9 par la violence des groupes arm\u00e9s.<\/p>\n<p>Jeudi et vendredi, c'est la ville de Kananga, dans le centre du pays, qui s'est enflamm\u00e9e. Des partisans d'un obscur chef coutumier d\u00e9funt, sommairement arm\u00e9s, ont r\u00e9ussi \u00e0 s'emparer pendant quelques heures de l'a\u00e9roport avant d'en \u00eatre d\u00e9log\u00e9s par l'arm\u00e9e. Plus d'une centaine de morts sont d\u00e9nombr\u00e9s.<\/p>\n<p>De tels drames \"risquent de se reproduire\", s'inqui\u00e8te un officier occidental en poste au Congo.<\/p>\n<p>Cela d\u00e9veloppe parmi la population \"le sentiment que les forces de l'ordre ne sont pas invincibles\", estime-t-il, \"il y a une telle pression politique et une telle d\u00e9tresse \u00e9conomique qu'il suffit d'une \u00e9tincelle pour mettre le feu aux poudres\".<\/p>\n<\/div>\n","protected":false},"excerpt":{"rendered":"<p>L'explosion de violence qui a fait plusieurs dizaines de morts \u00e0 Kinshasa les 19 et 20 septembre fait craindre de nouveaux jours sombres pour la R\u00e9publique d\u00e9mocratique du Congo, min\u00e9e par une crise politique profonde li\u00e9e au report de la pr\u00e9sidentielle devant se tenir cette ann\u00e9e. L'intensit\u00e9 de ces violences \"et la situation toujours tr\u00e8s [&hellip;]<\/p>\n","protected":false},"author":60,"featured_media":0,"comment_status":"open","ping_status":"closed","sticky":false,"template":"","format":"standard","meta":{"_acf_changed":false,"footnotes":""},"categories":[2576],"tags":[],"ji_location":[2196],"class_list":["post-29318","post","type-post","status-publish","format-standard","hentry","category-fil-d-actualite","ji_location-republique-democratique-du-congo"],"acf":[],"yoast_head":"<!-- This site is optimized with the Yoast SEO Premium plugin v25.3.1 (Yoast SEO v25.3.1) - https:\/\/yoast.com\/wordpress\/plugins\/seo\/ -->\n<title>Violences \u00e0 Kinshasa : la RDC danse sur un volcan - JusticeInfo.net<\/title>\n<meta name=\"robots\" content=\"index, follow, max-snippet:-1, max-image-preview:large, max-video-preview:-1\" \/>\n<link rel=\"canonical\" href=\"https:\/\/www.justiceinfo.net\/fr\/29318-violences-a-kinshasa-la-rdc-danse-sur-un-volcan.html\" \/>\n<meta property=\"og:locale\" content=\"fr_FR\" \/>\n<meta property=\"og:type\" content=\"article\" \/>\n<meta property=\"og:title\" content=\"Violences \u00e0 Kinshasa : la RDC danse sur un volcan\" \/>\n<meta property=\"og:description\" content=\"L&#039;explosion de violence qui a fait plusieurs dizaines de morts \u00e0 Kinshasa les 19 et 20 septembre fait craindre de nouveaux jours sombres pour la R\u00e9publique d\u00e9mocratique du Congo, min\u00e9e par une crise politique profonde li\u00e9e au report de la pr\u00e9sidentielle devant se tenir cette ann\u00e9e. L&#039;intensit\u00e9 de ces violences &quot;et la situation toujours tr\u00e8s [&hellip;]\" \/>\n<meta property=\"og:url\" content=\"https:\/\/www.justiceinfo.net\/fr\/29318-violences-a-kinshasa-la-rdc-danse-sur-un-volcan.html\" \/>\n<meta property=\"og:site_name\" content=\"JusticeInfo.net\" \/>\n<meta property=\"article:publisher\" content=\"https:\/\/www.facebook.com\/JusticeInfo\/\" \/>\n<meta property=\"article:published_time\" content=\"2016-09-26T17:08:50+00:00\" \/>\n<meta property=\"og:image\" content=\"https:\/\/www.justiceinfo.net\/wp-content\/uploads\/JusticeInfoNet_logo_1200x630px.jpg\" \/>\n\t<meta property=\"og:image:width\" content=\"1200\" \/>\n\t<meta property=\"og:image:height\" content=\"630\" \/>\n\t<meta property=\"og:image:type\" content=\"image\/jpeg\" \/>\n<meta name=\"author\" content=\"AFP\" \/>\n<meta name=\"twitter:card\" content=\"summary_large_image\" \/>\n<meta name=\"twitter:creator\" content=\"@justiceinfonet\" \/>\n<meta name=\"twitter:site\" content=\"@justiceinfonet\" \/>\n<meta name=\"twitter:label1\" content=\"\u00c9crit par\" \/>\n\t<meta name=\"twitter:data1\" content=\"AFP\" \/>\n\t<meta name=\"twitter:label2\" content=\"Dur\u00e9e de lecture estim\u00e9e\" \/>\n\t<meta name=\"twitter:data2\" content=\"4 minutes\" \/>\n<script type=\"application\/ld+json\" class=\"yoast-schema-graph\">{\"@context\":\"https:\/\/schema.org\",\"@graph\":[{\"@type\":\"NewsArticle\",\"@id\":\"https:\/\/www.justiceinfo.net\/fr\/29318-violences-a-kinshasa-la-rdc-danse-sur-un-volcan.html#article\",\"isPartOf\":{\"@id\":\"https:\/\/www.justiceinfo.net\/fr\/29318-violences-a-kinshasa-la-rdc-danse-sur-un-volcan.html\"},\"author\":{\"name\":\"afp\",\"@id\":\"https:\/\/www.justiceinfo.net\/fr#\/schema\/person\/713d340ef5f218fc36ce9b4244364a7f\"},\"headline\":\"Violences \u00e0 Kinshasa : la RDC danse sur un volcan\",\"datePublished\":\"2016-09-26T17:08:50+00:00\",\"mainEntityOfPage\":{\"@id\":\"https:\/\/www.justiceinfo.net\/fr\/29318-violences-a-kinshasa-la-rdc-danse-sur-un-volcan.html\"},\"wordCount\":814,\"commentCount\":0,\"publisher\":{\"@id\":\"https:\/\/www.justiceinfo.net\/fr#organization\"},\"articleSection\":[\"Fil d'info AFP\"],\"inLanguage\":\"fr-FR\",\"potentialAction\":[{\"@type\":\"CommentAction\",\"name\":\"Comment\",\"target\":[\"https:\/\/www.justiceinfo.net\/fr\/29318-violences-a-kinshasa-la-rdc-danse-sur-un-volcan.html#respond\"]}]},{\"@type\":\"WebPage\",\"@id\":\"https:\/\/www.justiceinfo.net\/fr\/29318-violences-a-kinshasa-la-rdc-danse-sur-un-volcan.html\",\"url\":\"https:\/\/www.justiceinfo.net\/fr\/29318-violences-a-kinshasa-la-rdc-danse-sur-un-volcan.html\",\"name\":\"Violences \u00e0 Kinshasa : la RDC danse sur un volcan - JusticeInfo.net\",\"isPartOf\":{\"@id\":\"https:\/\/www.justiceinfo.net\/fr#website\"},\"datePublished\":\"2016-09-26T17:08:50+00:00\",\"breadcrumb\":{\"@id\":\"https:\/\/www.justiceinfo.net\/fr\/29318-violences-a-kinshasa-la-rdc-danse-sur-un-volcan.html#breadcrumb\"},\"inLanguage\":\"fr-FR\",\"potentialAction\":[{\"@type\":\"ReadAction\",\"target\":[\"https:\/\/www.justiceinfo.net\/fr\/29318-violences-a-kinshasa-la-rdc-danse-sur-un-volcan.html\"]}]},{\"@type\":\"BreadcrumbList\",\"@id\":\"https:\/\/www.justiceinfo.net\/fr\/29318-violences-a-kinshasa-la-rdc-danse-sur-un-volcan.html#breadcrumb\",\"itemListElement\":[{\"@type\":\"ListItem\",\"position\":1,\"name\":\"Home\",\"item\":\"https:\/\/www.justiceinfo.net\/fr\"},{\"@type\":\"ListItem\",\"position\":2,\"name\":\"Violences \u00e0 Kinshasa : la RDC danse sur un volcan\"}]},{\"@type\":\"WebSite\",\"@id\":\"https:\/\/www.justiceinfo.net\/fr#website\",\"url\":\"https:\/\/www.justiceinfo.net\/fr\",\"name\":\"JusticeInfo.net\",\"description\":\"La justice doit \u00eatre vue pour \u00eatre rendue\",\"publisher\":{\"@id\":\"https:\/\/www.justiceinfo.net\/fr#organization\"},\"potentialAction\":[{\"@type\":\"SearchAction\",\"target\":{\"@type\":\"EntryPoint\",\"urlTemplate\":\"https:\/\/www.justiceinfo.net\/fr?s={search_term_string}\"},\"query-input\":{\"@type\":\"PropertyValueSpecification\",\"valueRequired\":true,\"valueName\":\"search_term_string\"}}],\"inLanguage\":\"fr-FR\"},{\"@type\":\"Organization\",\"@id\":\"https:\/\/www.justiceinfo.net\/fr#organization\",\"name\":\"Justice Info\",\"url\":\"https:\/\/www.justiceinfo.net\/fr\",\"logo\":{\"@type\":\"ImageObject\",\"inLanguage\":\"fr-FR\",\"@id\":\"https:\/\/www.justiceinfo.net\/fr#\/schema\/logo\/image\/\",\"url\":\"https:\/\/www.justiceinfo.net\/wp-content\/uploads\/justiceinfo_logo-trans_1200x1200px.png\",\"contentUrl\":\"https:\/\/www.justiceinfo.net\/wp-content\/uploads\/justiceinfo_logo-trans_1200x1200px.png\",\"width\":1199,\"height\":1200,\"caption\":\"Justice Info\"},\"image\":{\"@id\":\"https:\/\/www.justiceinfo.net\/fr#\/schema\/logo\/image\/\"},\"sameAs\":[\"https:\/\/www.facebook.com\/JusticeInfo\/\",\"https:\/\/x.com\/justiceinfonet\",\"https:\/\/www.linkedin.com\/company\/justice-info\",\"https:\/\/www.youtube.com\/channel\/UCyCEsARodyuWtkWyhn-e7pA\"]},{\"@type\":\"Person\",\"name\":\"AFP\",\"url\":\"\/fr\/?s=AFP\"}]}<\/script>\n<!-- \/ Yoast SEO Premium plugin. -->","yoast_head_json":{"title":"Violences \u00e0 Kinshasa : la RDC danse sur un volcan - JusticeInfo.net","robots":{"index":"index","follow":"follow","max-snippet":"max-snippet:-1","max-image-preview":"max-image-preview:large","max-video-preview":"max-video-preview:-1"},"canonical":"https:\/\/www.justiceinfo.net\/fr\/29318-violences-a-kinshasa-la-rdc-danse-sur-un-volcan.html","og_locale":"fr_FR","og_type":"article","og_title":"Violences \u00e0 Kinshasa : la RDC danse sur un volcan","og_description":"L'explosion de violence qui a fait plusieurs dizaines de morts \u00e0 Kinshasa les 19 et 20 septembre fait craindre de nouveaux jours sombres pour la R\u00e9publique d\u00e9mocratique du Congo, min\u00e9e par une crise politique profonde li\u00e9e au report de la pr\u00e9sidentielle devant se tenir cette ann\u00e9e. L'intensit\u00e9 de ces violences \"et la situation toujours tr\u00e8s [&hellip;]","og_url":"https:\/\/www.justiceinfo.net\/fr\/29318-violences-a-kinshasa-la-rdc-danse-sur-un-volcan.html","og_site_name":"JusticeInfo.net","article_publisher":"https:\/\/www.facebook.com\/JusticeInfo\/","article_published_time":"2016-09-26T17:08:50+00:00","og_image":[{"width":1200,"height":630,"url":"https:\/\/www.justiceinfo.net\/wp-content\/uploads\/JusticeInfoNet_logo_1200x630px.jpg","type":"image\/jpeg"}],"author":"AFP","twitter_card":"summary_large_image","twitter_creator":"@justiceinfonet","twitter_site":"@justiceinfonet","twitter_misc":{"\u00c9crit par":"AFP","Dur\u00e9e de lecture estim\u00e9e":"4 minutes"},"schema":{"@context":"https:\/\/schema.org","@graph":[{"@type":"NewsArticle","@id":"https:\/\/www.justiceinfo.net\/fr\/29318-violences-a-kinshasa-la-rdc-danse-sur-un-volcan.html#article","isPartOf":{"@id":"https:\/\/www.justiceinfo.net\/fr\/29318-violences-a-kinshasa-la-rdc-danse-sur-un-volcan.html"},"author":{"name":"afp","@id":"https:\/\/www.justiceinfo.net\/fr#\/schema\/person\/713d340ef5f218fc36ce9b4244364a7f"},"headline":"Violences \u00e0 Kinshasa : la RDC danse sur un volcan","datePublished":"2016-09-26T17:08:50+00:00","mainEntityOfPage":{"@id":"https:\/\/www.justiceinfo.net\/fr\/29318-violences-a-kinshasa-la-rdc-danse-sur-un-volcan.html"},"wordCount":814,"commentCount":0,"publisher":{"@id":"https:\/\/www.justiceinfo.net\/fr#organization"},"articleSection":["Fil d'info AFP"],"inLanguage":"fr-FR","potentialAction":[{"@type":"CommentAction","name":"Comment","target":["https:\/\/www.justiceinfo.net\/fr\/29318-violences-a-kinshasa-la-rdc-danse-sur-un-volcan.html#respond"]}]},{"@type":"WebPage","@id":"https:\/\/www.justiceinfo.net\/fr\/29318-violences-a-kinshasa-la-rdc-danse-sur-un-volcan.html","url":"https:\/\/www.justiceinfo.net\/fr\/29318-violences-a-kinshasa-la-rdc-danse-sur-un-volcan.html","name":"Violences \u00e0 Kinshasa : la RDC danse sur un volcan - JusticeInfo.net","isPartOf":{"@id":"https:\/\/www.justiceinfo.net\/fr#website"},"datePublished":"2016-09-26T17:08:50+00:00","breadcrumb":{"@id":"https:\/\/www.justiceinfo.net\/fr\/29318-violences-a-kinshasa-la-rdc-danse-sur-un-volcan.html#breadcrumb"},"inLanguage":"fr-FR","potentialAction":[{"@type":"ReadAction","target":["https:\/\/www.justiceinfo.net\/fr\/29318-violences-a-kinshasa-la-rdc-danse-sur-un-volcan.html"]}]},{"@type":"BreadcrumbList","@id":"https:\/\/www.justiceinfo.net\/fr\/29318-violences-a-kinshasa-la-rdc-danse-sur-un-volcan.html#breadcrumb","itemListElement":[{"@type":"ListItem","position":1,"name":"Home","item":"https:\/\/www.justiceinfo.net\/fr"},{"@type":"ListItem","position":2,"name":"Violences \u00e0 Kinshasa : la RDC danse sur un volcan"}]},{"@type":"WebSite","@id":"https:\/\/www.justiceinfo.net\/fr#website","url":"https:\/\/www.justiceinfo.net\/fr","name":"JusticeInfo.net","description":"La justice doit \u00eatre vue pour \u00eatre rendue","publisher":{"@id":"https:\/\/www.justiceinfo.net\/fr#organization"},"potentialAction":[{"@type":"SearchAction","target":{"@type":"EntryPoint","urlTemplate":"https:\/\/www.justiceinfo.net\/fr?s={search_term_string}"},"query-input":{"@type":"PropertyValueSpecification","valueRequired":true,"valueName":"search_term_string"}}],"inLanguage":"fr-FR"},{"@type":"Organization","@id":"https:\/\/www.justiceinfo.net\/fr#organization","name":"Justice Info","url":"https:\/\/www.justiceinfo.net\/fr","logo":{"@type":"ImageObject","inLanguage":"fr-FR","@id":"https:\/\/www.justiceinfo.net\/fr#\/schema\/logo\/image\/","url":"https:\/\/www.justiceinfo.net\/wp-content\/uploads\/justiceinfo_logo-trans_1200x1200px.png","contentUrl":"https:\/\/www.justiceinfo.net\/wp-content\/uploads\/justiceinfo_logo-trans_1200x1200px.png","width":1199,"height":1200,"caption":"Justice Info"},"image":{"@id":"https:\/\/www.justiceinfo.net\/fr#\/schema\/logo\/image\/"},"sameAs":["https:\/\/www.facebook.com\/JusticeInfo\/","https:\/\/x.com\/justiceinfonet","https:\/\/www.linkedin.com\/company\/justice-info","https:\/\/www.youtube.com\/channel\/UCyCEsARodyuWtkWyhn-e7pA"]},{"@type":"Person","name":"AFP","url":"\/fr\/?s=AFP"}]}},"_links":{"self":[{"href":"https:\/\/www.justiceinfo.net\/fr\/wp-json\/wp\/v2\/posts\/29318","targetHints":{"allow":["GET"]}}],"collection":[{"href":"https:\/\/www.justiceinfo.net\/fr\/wp-json\/wp\/v2\/posts"}],"about":[{"href":"https:\/\/www.justiceinfo.net\/fr\/wp-json\/wp\/v2\/types\/post"}],"author":[{"embeddable":true,"href":"https:\/\/www.justiceinfo.net\/fr\/wp-json\/wp\/v2\/users\/60"}],"replies":[{"embeddable":true,"href":"https:\/\/www.justiceinfo.net\/fr\/wp-json\/wp\/v2\/comments?post=29318"}],"version-history":[{"count":0,"href":"https:\/\/www.justiceinfo.net\/fr\/wp-json\/wp\/v2\/posts\/29318\/revisions"}],"wp:attachment":[{"href":"https:\/\/www.justiceinfo.net\/fr\/wp-json\/wp\/v2\/media?parent=29318"}],"wp:term":[{"taxonomy":"category","embeddable":true,"href":"https:\/\/www.justiceinfo.net\/fr\/wp-json\/wp\/v2\/categories?post=29318"},{"taxonomy":"post_tag","embeddable":true,"href":"https:\/\/www.justiceinfo.net\/fr\/wp-json\/wp\/v2\/tags?post=29318"},{"taxonomy":"ji_location","embeddable":true,"href":"https:\/\/www.justiceinfo.net\/fr\/wp-json\/wp\/v2\/ji_location?post=29318"}],"curies":[{"name":"wp","href":"https:\/\/api.w.org\/{rel}","templated":true}]}}