{"id":29336,"date":"2016-09-27T09:22:32","date_gmt":"2016-09-27T07:22:32","guid":{"rendered":"https:\/\/www.justiceinfo.net\/29336-guinee-sept-ans-plus-tard-toujours-en-attente-de-justice.html"},"modified":"2016-09-27T09:22:32","modified_gmt":"2016-09-27T07:22:32","slug":"guinee-sept-ans-plus-tard-toujours-en-attente-de-justice","status":"publish","type":"post","link":"https:\/\/www.justiceinfo.net\/fr\/29336-guinee-sept-ans-plus-tard-toujours-en-attente-de-justice.html","title":{"rendered":"Guin\u00e9e : Sept ans plus tard, toujours en attente de justice"},"content":{"rendered":"<p>(Conakry) \u2013 La <a href=\"https:\/\/www.hrw.org\/fr\/africa\/guinea\"><u><span style=\"color: #0066cc;\">Guin\u00e9e<\/span><\/u><\/a> n\u2019a toujours pas rendu justice pour les crimes graves commis le 28 septembre 2009 au stade de Conakry ont d\u00e9clar\u00e9 aujourd\u2019hui six organisations internationales et nationales de d\u00e9fense des droits humains, en amont du 7<sup><span style=\"font-size: small;\">e<\/span><\/sup> anniversaire de ce massacre. Ce jour l\u00e0, plus de 150 manifestants pacifiques avait \u00e9t\u00e9 tu\u00e9s par les forces de d\u00e9fense et de s\u00e9curit\u00e9 et plus de 100 femmes avaient \u00e9t\u00e9 viol\u00e9es. Des centaines de bless\u00e9s et de nombreux pillages avaient \u00e9galement \u00e9t\u00e9 d\u00e9nombr\u00e9s.<\/p>\n<p>\u00ab\u00a0<em>Combien de temps allons-nous devoir encore attendre avant que justice ne soit rendue\u00a0<\/em>\u00bb a d\u00e9clar\u00e9 Asmaou Diallo, pr\u00e9sidente de l\u2019association des victimes, parents et amis du 28 septembre (AVIPA). \u00ab\u00a0<em>Nous reconnaissons les progr\u00e8s r\u00e9alis\u00e9s, mais nous attendons avec impatience le jour o\u00f9 les personnes responsables des meurtres et des viols de nos proches seront jug\u00e9es.<\/em>\u00a0\u00bb<\/p>\n<p>Les six organisations sont la FIDH, Human Rights Watch (HRW), l\u2019Organisation guin\u00e9enne de d\u00e9fense des droits de l\u2019Homme et du citoyen (OGDH), l\u2019Association des victimes, parents et amis du 28 septembre (AVIPA),\u00a0Les m\u00eames droits pour tous (MDT), et la Coordination des organisations de d\u00e9fense des droits de l\u2019Homme (CODDH).<\/p>\n<p>L'enqu\u00eate, qui est men\u00e9e par un pool de juges d\u2019instruction guin\u00e9ens, a \u00e9t\u00e9 ouverte en f\u00e9vrier 2010 mais n\u2019a toujours pas \u00e9t\u00e9 cl\u00f4tur\u00e9e. N\u00e9anmoins, des progr\u00e8s majeurs ont \u00e9t\u00e9 r\u00e9alis\u00e9s au cours des six derni\u00e8res ann\u00e9es en d\u00e9pit des obstacles politiques, financiers, et logistiques. D\u2019anciens et d\u2019actuels hauts fonctionnaires ont \u00e9t\u00e9 inculp\u00e9s, notamment l\u2019ancien pr\u00e9sident de la junte du Conseil national pour la d\u00e9mocratie et le d\u00e9veloppement (CNDD), Moussa Dadis Camara, et son vice-pr\u00e9sident Mamadouba Toto Camara. De m\u00eame, plus de 400 victimes et des membres de leurs familles ont pu \u00eatre auditionn\u00e9es par\u00a0 les juges, qui ont \u00e9galement entendu des t\u00e9moins y compris au sein des services de s\u00e9curit\u00e9.<\/p>\n<p>Certains aspects de l\u2019enqu\u00eate demeurent cependant en suspens, notamment l'interrogatoire d\u2019au moins un t\u00e9moin important, la localisation d\u2019au moins un suspect, et l'identification des fosses communes o\u00f9 se trouveraient les corps d\u2019environ 100 victimes qui sont toujours port\u00e9es disparues. Des t\u00e9moins affirment que les forces de s\u00e9curit\u00e9 se sont efforc\u00e9es de dissimuler les preuves de leurs crimes et de falsifier le nombre de personnes tu\u00e9es. Ces \u00e9l\u00e9ments ne devraient pour autant pas conduire les autorit\u00e9s judiciaires guin\u00e9ennes \u00e0 retarder la fin de l\u2019enqu\u00eate, ont d\u00e9clar\u00e9 nos organisations.<\/p>\n<p>\u00ab\u00a0<em>Les victimes, leurs avocats de la FIDH et de l\u2019OGDH, et nos organisations veulent maintenant une cl\u00f4ture de l\u2019instruction et la tenue d\u2019un proc\u00e8s qui permettra enfin la v\u00e9rit\u00e9, la justice et la r\u00e9paration pour les victimes<\/em>\u00a0\u00bb a d\u00e9clar\u00e9 Dimitris Christopoulos, pr\u00e9sident de la FIDH.<\/p>\n<p>Le d\u00e9but d'une r\u00e9forme profonde du syst\u00e8me judiciaire en 2014 a conduit \u00e0 des progr\u00e8s significatifs dans le dossier et a jet\u00e9 les bases d'une modernisation attendue du syst\u00e8me, ont d\u00e9clar\u00e9 nos organisations. Ces changements sont essentiels pour combler les lacunes importantes du syst\u00e8me judiciaire guin\u00e9en et pour renforcer son ind\u00e9pendance, son impartialit\u00e9 et son efficacit\u00e9.<\/p>\n<p>La Cour p\u00e9nale internationale (CPI), qui a ouvert un examen pr\u00e9liminaire sur la situation en Guin\u00e9e en octobre 2009, a r\u00e9guli\u00e8rement rappel\u00e9 au gouvernement guin\u00e9en son obligation de mener ce dossier jusqu\u2019au proc\u00e8s. Le gouvernement guin\u00e9en devrait veiller \u00e0 ce que la phase d'enqu\u00eate du dossier\u00a0 se termine dans les meilleurs d\u00e9lais pour organiser un proc\u00e8s, ont d\u00e9clar\u00e9 nos organisations.<\/p>\n<p>La CPI est une juridiction de dernier recours. Conform\u00e9ment au principe de compl\u00e9mentarit\u00e9, elle n\u2019intervient que lorsque les tribunaux nationaux sont incapables ou refusent d'enqu\u00eater et de poursuivre les cas qui rel\u00e8vent de sa comp\u00e9tence.\u00a0<\/p>\n<p>\u00ab\u00a0<em>La Guin\u00e9e pourrait devenir, avec ce proc\u00e8s attendu, un v\u00e9ritable leader en mati\u00e8re de justice pour les crimes graves en Afrique<\/em> \u00bb, a d\u00e9clar\u00e9 <a href=\"https:\/\/www.hrw.org\/fr\/about\/people\/corinne-dufka\"><u><span style=\"color: #0066cc;\">Corinne Dufka<\/span><\/u><\/a>, directrice adjointe de la division Afrique \u00e0 Human Rights Watch. \u00ab\u00a0<em>Le gouvernement guin\u00e9en devrait apporter tout son soutien aux juges d\u2019instructions pour qu\u2019ils ach\u00e8vent leur travail afin que les auteurs du massacre au stade soient jug\u00e9s dans les plus brefs d\u00e9lais\u00a0<\/em>\u00bb.<\/p>\n<p>\u00a0<\/p>\n<p>Cet article a \u00e9t\u00e9 publi\u00e9 par <a href=\"http:\/\/www.hrw.org\/fr\/news\/2016\/09\/27\/guinee-sept-ans-plus-tard-toujours-en-attente-de-justice\"><u><span style=\"color: #0066cc;\">Human Rights Watch<\/span><\/u><\/a><\/p>\n","protected":false},"excerpt":{"rendered":"<p>(Conakry) \u2013 La Guin\u00e9e n\u2019a toujours pas rendu justice pour les crimes graves commis le 28 septembre 2009 au stade de Conakry ont d\u00e9clar\u00e9 aujourd\u2019hui six organisations internationales et nationales de d\u00e9fense des droits humains, en amont du 7e anniversaire de ce massacre. Ce jour l\u00e0, plus de 150 manifestants pacifiques avait \u00e9t\u00e9 tu\u00e9s par [&hellip;]<\/p>\n","protected":false},"author":64,"featured_media":62700,"comment_status":"open","ping_status":"closed","sticky":false,"template":"","format":"standard","meta":{"_acf_changed":false,"footnotes":""},"categories":[575],"tags":[],"ji_location":[2256],"class_list":["post-29336","post","type-post","status-publish","format-standard","has-post-thumbnail","hentry","category-opinions","ji_location-guinee"],"acf":[],"yoast_head":"<!-- This site is optimized with the Yoast SEO Premium plugin v25.3.1 (Yoast SEO v25.3.1) - https:\/\/yoast.com\/wordpress\/plugins\/seo\/ -->\n<title>Guin\u00e9e : Sept ans plus tard, toujours en attente de justice - JusticeInfo.net<\/title>\n<meta name=\"robots\" content=\"index, follow, max-snippet:-1, max-image-preview:large, max-video-preview:-1\" \/>\n<link rel=\"canonical\" href=\"https:\/\/www.justiceinfo.net\/fr\/29336-guinee-sept-ans-plus-tard-toujours-en-attente-de-justice.html\" \/>\n<meta property=\"og:locale\" content=\"fr_FR\" \/>\n<meta property=\"og:type\" content=\"article\" \/>\n<meta property=\"og:title\" content=\"Guin\u00e9e : Sept ans plus tard, toujours en attente de justice\" \/>\n<meta property=\"og:description\" content=\"(Conakry) \u2013 La Guin\u00e9e n\u2019a toujours pas rendu justice pour les crimes graves commis le 28 septembre 2009 au stade de Conakry ont d\u00e9clar\u00e9 aujourd\u2019hui six organisations internationales et nationales de d\u00e9fense des droits humains, en amont du 7e anniversaire de ce massacre. Ce jour l\u00e0, plus de 150 manifestants pacifiques avait \u00e9t\u00e9 tu\u00e9s par [&hellip;]\" \/>\n<meta property=\"og:url\" content=\"https:\/\/www.justiceinfo.net\/fr\/29336-guinee-sept-ans-plus-tard-toujours-en-attente-de-justice.html\" \/>\n<meta property=\"og:site_name\" content=\"JusticeInfo.net\" \/>\n<meta property=\"article:publisher\" content=\"https:\/\/www.facebook.com\/JusticeInfo\/\" \/>\n<meta property=\"article:published_time\" content=\"2016-09-27T07:22:32+00:00\" \/>\n<meta property=\"og:image\" content=\"https:\/\/www.justiceinfo.net\/wp-content\/uploads\/660fd886a13660f69c52f8990ef501de.jpg\" \/>\n\t<meta property=\"og:image:width\" content=\"658\" \/>\n\t<meta property=\"og:image:height\" content=\"438\" \/>\n\t<meta property=\"og:image:type\" content=\"image\/jpeg\" \/>\n<meta name=\"author\" content=\"Human Rights Watch\" \/>\n<meta name=\"twitter:card\" content=\"summary_large_image\" \/>\n<meta name=\"twitter:creator\" content=\"@justiceinfonet\" \/>\n<meta name=\"twitter:site\" content=\"@justiceinfonet\" \/>\n<meta name=\"twitter:label1\" content=\"\u00c9crit par\" \/>\n\t<meta name=\"twitter:data1\" content=\"Human Rights Watch\" \/>\n\t<meta name=\"twitter:label2\" content=\"Dur\u00e9e de lecture estim\u00e9e\" \/>\n\t<meta name=\"twitter:data2\" content=\"4 minutes\" \/>\n<script type=\"application\/ld+json\" class=\"yoast-schema-graph\">{\"@context\":\"https:\/\/schema.org\",\"@graph\":[{\"@type\":\"NewsArticle\",\"@id\":\"https:\/\/www.justiceinfo.net\/fr\/29336-guinee-sept-ans-plus-tard-toujours-en-attente-de-justice.html#article\",\"isPartOf\":{\"@id\":\"https:\/\/www.justiceinfo.net\/fr\/29336-guinee-sept-ans-plus-tard-toujours-en-attente-de-justice.html\"},\"author\":{\"name\":\"solivri\",\"@id\":\"https:\/\/www.justiceinfo.net\/fr#\/schema\/person\/6e53cba1629e2e66f3fc1821d3091865\"},\"headline\":\"Guin\u00e9e : Sept ans plus tard, toujours en attente de justice\",\"datePublished\":\"2016-09-27T07:22:32+00:00\",\"mainEntityOfPage\":{\"@id\":\"https:\/\/www.justiceinfo.net\/fr\/29336-guinee-sept-ans-plus-tard-toujours-en-attente-de-justice.html\"},\"wordCount\":776,\"commentCount\":0,\"publisher\":{\"@id\":\"https:\/\/www.justiceinfo.net\/fr#organization\"},\"image\":{\"@id\":\"https:\/\/www.justiceinfo.net\/fr\/29336-guinee-sept-ans-plus-tard-toujours-en-attente-de-justice.html#primaryimage\"},\"thumbnailUrl\":\"https:\/\/www.justiceinfo.net\/wp-content\/uploads\/660fd886a13660f69c52f8990ef501de.jpg\",\"articleSection\":[\"Opinions\"],\"inLanguage\":\"fr-FR\",\"potentialAction\":[{\"@type\":\"CommentAction\",\"name\":\"Comment\",\"target\":[\"https:\/\/www.justiceinfo.net\/fr\/29336-guinee-sept-ans-plus-tard-toujours-en-attente-de-justice.html#respond\"]}]},{\"@type\":\"WebPage\",\"@id\":\"https:\/\/www.justiceinfo.net\/fr\/29336-guinee-sept-ans-plus-tard-toujours-en-attente-de-justice.html\",\"url\":\"https:\/\/www.justiceinfo.net\/fr\/29336-guinee-sept-ans-plus-tard-toujours-en-attente-de-justice.html\",\"name\":\"Guin\u00e9e : Sept ans plus tard, toujours en attente de justice - JusticeInfo.net\",\"isPartOf\":{\"@id\":\"https:\/\/www.justiceinfo.net\/fr#website\"},\"primaryImageOfPage\":{\"@id\":\"https:\/\/www.justiceinfo.net\/fr\/29336-guinee-sept-ans-plus-tard-toujours-en-attente-de-justice.html#primaryimage\"},\"image\":{\"@id\":\"https:\/\/www.justiceinfo.net\/fr\/29336-guinee-sept-ans-plus-tard-toujours-en-attente-de-justice.html#primaryimage\"},\"thumbnailUrl\":\"https:\/\/www.justiceinfo.net\/wp-content\/uploads\/660fd886a13660f69c52f8990ef501de.jpg\",\"datePublished\":\"2016-09-27T07:22:32+00:00\",\"breadcrumb\":{\"@id\":\"https:\/\/www.justiceinfo.net\/fr\/29336-guinee-sept-ans-plus-tard-toujours-en-attente-de-justice.html#breadcrumb\"},\"inLanguage\":\"fr-FR\",\"potentialAction\":[{\"@type\":\"ReadAction\",\"target\":[\"https:\/\/www.justiceinfo.net\/fr\/29336-guinee-sept-ans-plus-tard-toujours-en-attente-de-justice.html\"]}]},{\"@type\":\"ImageObject\",\"inLanguage\":\"fr-FR\",\"@id\":\"https:\/\/www.justiceinfo.net\/fr\/29336-guinee-sept-ans-plus-tard-toujours-en-attente-de-justice.html#primaryimage\",\"url\":\"https:\/\/www.justiceinfo.net\/wp-content\/uploads\/660fd886a13660f69c52f8990ef501de.jpg\",\"contentUrl\":\"https:\/\/www.justiceinfo.net\/wp-content\/uploads\/660fd886a13660f69c52f8990ef501de.jpg\",\"width\":658,\"height\":438},{\"@type\":\"BreadcrumbList\",\"@id\":\"https:\/\/www.justiceinfo.net\/fr\/29336-guinee-sept-ans-plus-tard-toujours-en-attente-de-justice.html#breadcrumb\",\"itemListElement\":[{\"@type\":\"ListItem\",\"position\":1,\"name\":\"Home\",\"item\":\"https:\/\/www.justiceinfo.net\/fr\"},{\"@type\":\"ListItem\",\"position\":2,\"name\":\"Guin\u00e9e : Sept ans plus tard, toujours en attente de justice\"}]},{\"@type\":\"WebSite\",\"@id\":\"https:\/\/www.justiceinfo.net\/fr#website\",\"url\":\"https:\/\/www.justiceinfo.net\/fr\",\"name\":\"JusticeInfo.net\",\"description\":\"La justice doit \u00eatre vue pour \u00eatre rendue\",\"publisher\":{\"@id\":\"https:\/\/www.justiceinfo.net\/fr#organization\"},\"potentialAction\":[{\"@type\":\"SearchAction\",\"target\":{\"@type\":\"EntryPoint\",\"urlTemplate\":\"https:\/\/www.justiceinfo.net\/fr?s={search_term_string}\"},\"query-input\":{\"@type\":\"PropertyValueSpecification\",\"valueRequired\":true,\"valueName\":\"search_term_string\"}}],\"inLanguage\":\"fr-FR\"},{\"@type\":\"Organization\",\"@id\":\"https:\/\/www.justiceinfo.net\/fr#organization\",\"name\":\"Justice Info\",\"url\":\"https:\/\/www.justiceinfo.net\/fr\",\"logo\":{\"@type\":\"ImageObject\",\"inLanguage\":\"fr-FR\",\"@id\":\"https:\/\/www.justiceinfo.net\/fr#\/schema\/logo\/image\/\",\"url\":\"https:\/\/www.justiceinfo.net\/wp-content\/uploads\/justiceinfo_logo-trans_1200x1200px.png\",\"contentUrl\":\"https:\/\/www.justiceinfo.net\/wp-content\/uploads\/justiceinfo_logo-trans_1200x1200px.png\",\"width\":1199,\"height\":1200,\"caption\":\"Justice Info\"},\"image\":{\"@id\":\"https:\/\/www.justiceinfo.net\/fr#\/schema\/logo\/image\/\"},\"sameAs\":[\"https:\/\/www.facebook.com\/JusticeInfo\/\",\"https:\/\/x.com\/justiceinfonet\",\"https:\/\/www.linkedin.com\/company\/justice-info\",\"https:\/\/www.youtube.com\/channel\/UCyCEsARodyuWtkWyhn-e7pA\"]},{\"@type\":\"Person\",\"name\":\"Human Rights Watch\",\"url\":\"\/fr\/?s=Human Rights Watch\"}]}<\/script>\n<!-- \/ Yoast SEO Premium plugin. -->","yoast_head_json":{"title":"Guin\u00e9e : Sept ans plus tard, toujours en attente de justice - JusticeInfo.net","robots":{"index":"index","follow":"follow","max-snippet":"max-snippet:-1","max-image-preview":"max-image-preview:large","max-video-preview":"max-video-preview:-1"},"canonical":"https:\/\/www.justiceinfo.net\/fr\/29336-guinee-sept-ans-plus-tard-toujours-en-attente-de-justice.html","og_locale":"fr_FR","og_type":"article","og_title":"Guin\u00e9e : Sept ans plus tard, toujours en attente de justice","og_description":"(Conakry) \u2013 La Guin\u00e9e n\u2019a toujours pas rendu justice pour les crimes graves commis le 28 septembre 2009 au stade de Conakry ont d\u00e9clar\u00e9 aujourd\u2019hui six organisations internationales et nationales de d\u00e9fense des droits humains, en amont du 7e anniversaire de ce massacre. Ce jour l\u00e0, plus de 150 manifestants pacifiques avait \u00e9t\u00e9 tu\u00e9s par [&hellip;]","og_url":"https:\/\/www.justiceinfo.net\/fr\/29336-guinee-sept-ans-plus-tard-toujours-en-attente-de-justice.html","og_site_name":"JusticeInfo.net","article_publisher":"https:\/\/www.facebook.com\/JusticeInfo\/","article_published_time":"2016-09-27T07:22:32+00:00","og_image":[{"width":658,"height":438,"url":"https:\/\/www.justiceinfo.net\/wp-content\/uploads\/660fd886a13660f69c52f8990ef501de.jpg","type":"image\/jpeg"}],"author":"Human Rights Watch","twitter_card":"summary_large_image","twitter_creator":"@justiceinfonet","twitter_site":"@justiceinfonet","twitter_misc":{"\u00c9crit par":"Human Rights Watch","Dur\u00e9e de lecture estim\u00e9e":"4 minutes"},"schema":{"@context":"https:\/\/schema.org","@graph":[{"@type":"NewsArticle","@id":"https:\/\/www.justiceinfo.net\/fr\/29336-guinee-sept-ans-plus-tard-toujours-en-attente-de-justice.html#article","isPartOf":{"@id":"https:\/\/www.justiceinfo.net\/fr\/29336-guinee-sept-ans-plus-tard-toujours-en-attente-de-justice.html"},"author":{"name":"solivri","@id":"https:\/\/www.justiceinfo.net\/fr#\/schema\/person\/6e53cba1629e2e66f3fc1821d3091865"},"headline":"Guin\u00e9e : Sept ans plus tard, toujours en attente de justice","datePublished":"2016-09-27T07:22:32+00:00","mainEntityOfPage":{"@id":"https:\/\/www.justiceinfo.net\/fr\/29336-guinee-sept-ans-plus-tard-toujours-en-attente-de-justice.html"},"wordCount":776,"commentCount":0,"publisher":{"@id":"https:\/\/www.justiceinfo.net\/fr#organization"},"image":{"@id":"https:\/\/www.justiceinfo.net\/fr\/29336-guinee-sept-ans-plus-tard-toujours-en-attente-de-justice.html#primaryimage"},"thumbnailUrl":"https:\/\/www.justiceinfo.net\/wp-content\/uploads\/660fd886a13660f69c52f8990ef501de.jpg","articleSection":["Opinions"],"inLanguage":"fr-FR","potentialAction":[{"@type":"CommentAction","name":"Comment","target":["https:\/\/www.justiceinfo.net\/fr\/29336-guinee-sept-ans-plus-tard-toujours-en-attente-de-justice.html#respond"]}]},{"@type":"WebPage","@id":"https:\/\/www.justiceinfo.net\/fr\/29336-guinee-sept-ans-plus-tard-toujours-en-attente-de-justice.html","url":"https:\/\/www.justiceinfo.net\/fr\/29336-guinee-sept-ans-plus-tard-toujours-en-attente-de-justice.html","name":"Guin\u00e9e : Sept ans plus tard, toujours en attente de justice - JusticeInfo.net","isPartOf":{"@id":"https:\/\/www.justiceinfo.net\/fr#website"},"primaryImageOfPage":{"@id":"https:\/\/www.justiceinfo.net\/fr\/29336-guinee-sept-ans-plus-tard-toujours-en-attente-de-justice.html#primaryimage"},"image":{"@id":"https:\/\/www.justiceinfo.net\/fr\/29336-guinee-sept-ans-plus-tard-toujours-en-attente-de-justice.html#primaryimage"},"thumbnailUrl":"https:\/\/www.justiceinfo.net\/wp-content\/uploads\/660fd886a13660f69c52f8990ef501de.jpg","datePublished":"2016-09-27T07:22:32+00:00","breadcrumb":{"@id":"https:\/\/www.justiceinfo.net\/fr\/29336-guinee-sept-ans-plus-tard-toujours-en-attente-de-justice.html#breadcrumb"},"inLanguage":"fr-FR","potentialAction":[{"@type":"ReadAction","target":["https:\/\/www.justiceinfo.net\/fr\/29336-guinee-sept-ans-plus-tard-toujours-en-attente-de-justice.html"]}]},{"@type":"ImageObject","inLanguage":"fr-FR","@id":"https:\/\/www.justiceinfo.net\/fr\/29336-guinee-sept-ans-plus-tard-toujours-en-attente-de-justice.html#primaryimage","url":"https:\/\/www.justiceinfo.net\/wp-content\/uploads\/660fd886a13660f69c52f8990ef501de.jpg","contentUrl":"https:\/\/www.justiceinfo.net\/wp-content\/uploads\/660fd886a13660f69c52f8990ef501de.jpg","width":658,"height":438},{"@type":"BreadcrumbList","@id":"https:\/\/www.justiceinfo.net\/fr\/29336-guinee-sept-ans-plus-tard-toujours-en-attente-de-justice.html#breadcrumb","itemListElement":[{"@type":"ListItem","position":1,"name":"Home","item":"https:\/\/www.justiceinfo.net\/fr"},{"@type":"ListItem","position":2,"name":"Guin\u00e9e : Sept ans plus tard, toujours en attente de justice"}]},{"@type":"WebSite","@id":"https:\/\/www.justiceinfo.net\/fr#website","url":"https:\/\/www.justiceinfo.net\/fr","name":"JusticeInfo.net","description":"La justice doit \u00eatre vue pour \u00eatre rendue","publisher":{"@id":"https:\/\/www.justiceinfo.net\/fr#organization"},"potentialAction":[{"@type":"SearchAction","target":{"@type":"EntryPoint","urlTemplate":"https:\/\/www.justiceinfo.net\/fr?s={search_term_string}"},"query-input":{"@type":"PropertyValueSpecification","valueRequired":true,"valueName":"search_term_string"}}],"inLanguage":"fr-FR"},{"@type":"Organization","@id":"https:\/\/www.justiceinfo.net\/fr#organization","name":"Justice Info","url":"https:\/\/www.justiceinfo.net\/fr","logo":{"@type":"ImageObject","inLanguage":"fr-FR","@id":"https:\/\/www.justiceinfo.net\/fr#\/schema\/logo\/image\/","url":"https:\/\/www.justiceinfo.net\/wp-content\/uploads\/justiceinfo_logo-trans_1200x1200px.png","contentUrl":"https:\/\/www.justiceinfo.net\/wp-content\/uploads\/justiceinfo_logo-trans_1200x1200px.png","width":1199,"height":1200,"caption":"Justice Info"},"image":{"@id":"https:\/\/www.justiceinfo.net\/fr#\/schema\/logo\/image\/"},"sameAs":["https:\/\/www.facebook.com\/JusticeInfo\/","https:\/\/x.com\/justiceinfonet","https:\/\/www.linkedin.com\/company\/justice-info","https:\/\/www.youtube.com\/channel\/UCyCEsARodyuWtkWyhn-e7pA"]},{"@type":"Person","name":"Human Rights Watch","url":"\/fr\/?s=Human Rights Watch"}]}},"_links":{"self":[{"href":"https:\/\/www.justiceinfo.net\/fr\/wp-json\/wp\/v2\/posts\/29336","targetHints":{"allow":["GET"]}}],"collection":[{"href":"https:\/\/www.justiceinfo.net\/fr\/wp-json\/wp\/v2\/posts"}],"about":[{"href":"https:\/\/www.justiceinfo.net\/fr\/wp-json\/wp\/v2\/types\/post"}],"author":[{"embeddable":true,"href":"https:\/\/www.justiceinfo.net\/fr\/wp-json\/wp\/v2\/users\/64"}],"replies":[{"embeddable":true,"href":"https:\/\/www.justiceinfo.net\/fr\/wp-json\/wp\/v2\/comments?post=29336"}],"version-history":[{"count":0,"href":"https:\/\/www.justiceinfo.net\/fr\/wp-json\/wp\/v2\/posts\/29336\/revisions"}],"wp:featuredmedia":[{"embeddable":true,"href":"https:\/\/www.justiceinfo.net\/fr\/wp-json\/wp\/v2\/media\/62700"}],"wp:attachment":[{"href":"https:\/\/www.justiceinfo.net\/fr\/wp-json\/wp\/v2\/media?parent=29336"}],"wp:term":[{"taxonomy":"category","embeddable":true,"href":"https:\/\/www.justiceinfo.net\/fr\/wp-json\/wp\/v2\/categories?post=29336"},{"taxonomy":"post_tag","embeddable":true,"href":"https:\/\/www.justiceinfo.net\/fr\/wp-json\/wp\/v2\/tags?post=29336"},{"taxonomy":"ji_location","embeddable":true,"href":"https:\/\/www.justiceinfo.net\/fr\/wp-json\/wp\/v2\/ji_location?post=29336"}],"curies":[{"name":"wp","href":"https:\/\/api.w.org\/{rel}","templated":true}]}}