{"id":29411,"date":"2016-09-28T18:22:38","date_gmt":"2016-09-28T16:22:38","guid":{"rendered":"https:\/\/www.justiceinfo.net\/29411-la-rdc-au-bord-de-la-guerre-civile-estime-ayrault.html"},"modified":"2016-09-28T18:22:38","modified_gmt":"2016-09-28T16:22:38","slug":"la-rdc-au-bord-de-la-guerre-civile-estime-ayrault","status":"publish","type":"post","link":"https:\/\/www.justiceinfo.net\/fr\/29411-la-rdc-au-bord-de-la-guerre-civile-estime-ayrault.html","title":{"rendered":"La RDC au \"bord de la guerre civile\", estime Ayrault"},"content":{"rendered":"<div id=\"textscroller\" class=\"textContent tinyscrollbar-y jq_resizeScroll jq_columns fontsize_0\">\n<p>Le ministre fran\u00e7ais des Affaires \u00e9trang\u00e8res, Jean-Marc Ayrault, a d\u00e9clar\u00e9 mercredi que la R\u00e9publique d\u00e9mocratique du Congo (RDC) \u00e9tait \"au bord de la guerre civile\" et invit\u00e9 une nouvelle fois le pr\u00e9sident sortant Joseph Kabila \u00e0 ne pas se repr\u00e9senter.<\/p>\n<p>\"La R\u00e9publique d\u00e9mocratique du Congo est un tr\u00e8s grand pays, avec \u00e9norm\u00e9ment de potentiel \u00e9conomique, humain, mais au bord de la guerre civile (...) parce qu'il y a un pr\u00e9sident qui est en place et qui veut garder sa place alors qu'il n'a plus le droit de se repr\u00e9senter\", a dit M. Ayrault devant les \u00e9tudiants de l'Ecole des affaires internationales de Sciences-Po \u00e0 Paris.\u00a0\u00a0<\/p>\n<p>La capitale congolaise, Kinshasa, a \u00e9t\u00e9 secou\u00e9e les 19 et 20 septembre par des violences - ayant fait entre une trentaine et une centaine de morts - entre les forces de s\u00e9curit\u00e9 et l'opposition qui exige le d\u00e9part de M. Kabila. Son mandat expire fin d\u00e9cembre.<\/p>\n<p>La Constitution interdit \u00e0 M. Kabila, au pouvoir depuis 2001, de se repr\u00e9senter, mais le chef de l'Etat ne donne aucun signe de vouloir quitter son poste alors que le scrutin pr\u00e9sidentiel appara\u00eet d\u00e9sormais impossible \u00e0 organiser dans les temps.<\/p>\n<p>\"Avec la communaut\u00e9 internationale, la France joue son r\u00f4le pour tout faire pour que le dialogue national ait lieu (..) pour que la date des \u00e9lections soit fix\u00e9e et pour que le pr\u00e9sident sortant, dont on garantira la s\u00e9curit\u00e9 - bien entendu il ne s'agit pas que cela se d\u00e9roule dans la violence - annonce clairement qu'il ne se repr\u00e9sente pas\", a ajout\u00e9 M. Ayrault.<\/p>\n<\/div>\n","protected":false},"excerpt":{"rendered":"<p>Le ministre fran\u00e7ais des Affaires \u00e9trang\u00e8res, Jean-Marc Ayrault, a d\u00e9clar\u00e9 mercredi que la R\u00e9publique d\u00e9mocratique du Congo (RDC) \u00e9tait \"au bord de la guerre civile\" et invit\u00e9 une nouvelle fois le pr\u00e9sident sortant Joseph Kabila \u00e0 ne pas se repr\u00e9senter. \"La R\u00e9publique d\u00e9mocratique du Congo est un tr\u00e8s grand pays, avec \u00e9norm\u00e9ment de potentiel \u00e9conomique, [&hellip;]<\/p>\n","protected":false},"author":60,"featured_media":0,"comment_status":"open","ping_status":"closed","sticky":false,"template":"","format":"standard","meta":{"_acf_changed":false,"footnotes":""},"categories":[2576],"tags":[],"ji_location":[2196],"class_list":["post-29411","post","type-post","status-publish","format-standard","hentry","category-fil-d-actualite","ji_location-republique-democratique-du-congo"],"acf":[],"yoast_head":"<!-- This site is optimized with the Yoast SEO Premium plugin v25.3.1 (Yoast SEO v25.3.1) - https:\/\/yoast.com\/wordpress\/plugins\/seo\/ -->\n<title>La RDC au &quot;bord de la guerre civile&quot;, estime Ayrault - JusticeInfo.net<\/title>\n<meta name=\"robots\" content=\"index, follow, max-snippet:-1, max-image-preview:large, max-video-preview:-1\" \/>\n<link rel=\"canonical\" href=\"https:\/\/www.justiceinfo.net\/fr\/29411-la-rdc-au-bord-de-la-guerre-civile-estime-ayrault.html\" \/>\n<meta property=\"og:locale\" content=\"fr_FR\" \/>\n<meta property=\"og:type\" content=\"article\" \/>\n<meta property=\"og:title\" content=\"La RDC au &quot;bord de la guerre civile&quot;, estime Ayrault\" \/>\n<meta property=\"og:description\" content=\"Le ministre fran\u00e7ais des Affaires \u00e9trang\u00e8res, Jean-Marc Ayrault, a d\u00e9clar\u00e9 mercredi que la R\u00e9publique d\u00e9mocratique du Congo (RDC) \u00e9tait &quot;au bord de la guerre civile&quot; et invit\u00e9 une nouvelle fois le pr\u00e9sident sortant Joseph Kabila \u00e0 ne pas se repr\u00e9senter. &quot;La R\u00e9publique d\u00e9mocratique du Congo est un tr\u00e8s grand pays, avec \u00e9norm\u00e9ment de potentiel \u00e9conomique, [&hellip;]\" \/>\n<meta property=\"og:url\" content=\"https:\/\/www.justiceinfo.net\/fr\/29411-la-rdc-au-bord-de-la-guerre-civile-estime-ayrault.html\" \/>\n<meta property=\"og:site_name\" content=\"JusticeInfo.net\" \/>\n<meta property=\"article:publisher\" content=\"https:\/\/www.facebook.com\/JusticeInfo\/\" \/>\n<meta property=\"article:published_time\" content=\"2016-09-28T16:22:38+00:00\" \/>\n<meta property=\"og:image\" content=\"https:\/\/www.justiceinfo.net\/wp-content\/uploads\/JusticeInfoNet_logo_1200x630px.jpg\" \/>\n\t<meta property=\"og:image:width\" content=\"1200\" \/>\n\t<meta property=\"og:image:height\" content=\"630\" \/>\n\t<meta property=\"og:image:type\" content=\"image\/jpeg\" \/>\n<meta name=\"author\" content=\"AFP\" \/>\n<meta name=\"twitter:card\" content=\"summary_large_image\" \/>\n<meta name=\"twitter:creator\" content=\"@justiceinfonet\" \/>\n<meta name=\"twitter:site\" content=\"@justiceinfonet\" \/>\n<meta name=\"twitter:label1\" content=\"\u00c9crit par\" \/>\n\t<meta name=\"twitter:data1\" content=\"AFP\" \/>\n\t<meta name=\"twitter:label2\" content=\"Dur\u00e9e de lecture estim\u00e9e\" \/>\n\t<meta name=\"twitter:data2\" content=\"1 minute\" \/>\n<script type=\"application\/ld+json\" class=\"yoast-schema-graph\">{\"@context\":\"https:\/\/schema.org\",\"@graph\":[{\"@type\":\"NewsArticle\",\"@id\":\"https:\/\/www.justiceinfo.net\/fr\/29411-la-rdc-au-bord-de-la-guerre-civile-estime-ayrault.html#article\",\"isPartOf\":{\"@id\":\"https:\/\/www.justiceinfo.net\/fr\/29411-la-rdc-au-bord-de-la-guerre-civile-estime-ayrault.html\"},\"author\":{\"name\":\"afp\",\"@id\":\"https:\/\/www.justiceinfo.net\/fr#\/schema\/person\/713d340ef5f218fc36ce9b4244364a7f\"},\"headline\":\"La RDC au \\\"bord de la guerre civile\\\", estime Ayrault\",\"datePublished\":\"2016-09-28T16:22:38+00:00\",\"mainEntityOfPage\":{\"@id\":\"https:\/\/www.justiceinfo.net\/fr\/29411-la-rdc-au-bord-de-la-guerre-civile-estime-ayrault.html\"},\"wordCount\":292,\"commentCount\":0,\"publisher\":{\"@id\":\"https:\/\/www.justiceinfo.net\/fr#organization\"},\"articleSection\":[\"Fil d'info AFP\"],\"inLanguage\":\"fr-FR\",\"potentialAction\":[{\"@type\":\"CommentAction\",\"name\":\"Comment\",\"target\":[\"https:\/\/www.justiceinfo.net\/fr\/29411-la-rdc-au-bord-de-la-guerre-civile-estime-ayrault.html#respond\"]}]},{\"@type\":\"WebPage\",\"@id\":\"https:\/\/www.justiceinfo.net\/fr\/29411-la-rdc-au-bord-de-la-guerre-civile-estime-ayrault.html\",\"url\":\"https:\/\/www.justiceinfo.net\/fr\/29411-la-rdc-au-bord-de-la-guerre-civile-estime-ayrault.html\",\"name\":\"La RDC au \\\"bord de la guerre civile\\\", estime Ayrault - JusticeInfo.net\",\"isPartOf\":{\"@id\":\"https:\/\/www.justiceinfo.net\/fr#website\"},\"datePublished\":\"2016-09-28T16:22:38+00:00\",\"breadcrumb\":{\"@id\":\"https:\/\/www.justiceinfo.net\/fr\/29411-la-rdc-au-bord-de-la-guerre-civile-estime-ayrault.html#breadcrumb\"},\"inLanguage\":\"fr-FR\",\"potentialAction\":[{\"@type\":\"ReadAction\",\"target\":[\"https:\/\/www.justiceinfo.net\/fr\/29411-la-rdc-au-bord-de-la-guerre-civile-estime-ayrault.html\"]}]},{\"@type\":\"BreadcrumbList\",\"@id\":\"https:\/\/www.justiceinfo.net\/fr\/29411-la-rdc-au-bord-de-la-guerre-civile-estime-ayrault.html#breadcrumb\",\"itemListElement\":[{\"@type\":\"ListItem\",\"position\":1,\"name\":\"Home\",\"item\":\"https:\/\/www.justiceinfo.net\/fr\"},{\"@type\":\"ListItem\",\"position\":2,\"name\":\"La RDC au \\\"bord de la guerre civile\\\", estime Ayrault\"}]},{\"@type\":\"WebSite\",\"@id\":\"https:\/\/www.justiceinfo.net\/fr#website\",\"url\":\"https:\/\/www.justiceinfo.net\/fr\",\"name\":\"JusticeInfo.net\",\"description\":\"La justice doit \u00eatre vue pour \u00eatre rendue\",\"publisher\":{\"@id\":\"https:\/\/www.justiceinfo.net\/fr#organization\"},\"potentialAction\":[{\"@type\":\"SearchAction\",\"target\":{\"@type\":\"EntryPoint\",\"urlTemplate\":\"https:\/\/www.justiceinfo.net\/fr?s={search_term_string}\"},\"query-input\":{\"@type\":\"PropertyValueSpecification\",\"valueRequired\":true,\"valueName\":\"search_term_string\"}}],\"inLanguage\":\"fr-FR\"},{\"@type\":\"Organization\",\"@id\":\"https:\/\/www.justiceinfo.net\/fr#organization\",\"name\":\"Justice Info\",\"url\":\"https:\/\/www.justiceinfo.net\/fr\",\"logo\":{\"@type\":\"ImageObject\",\"inLanguage\":\"fr-FR\",\"@id\":\"https:\/\/www.justiceinfo.net\/fr#\/schema\/logo\/image\/\",\"url\":\"https:\/\/www.justiceinfo.net\/wp-content\/uploads\/justiceinfo_logo-trans_1200x1200px.png\",\"contentUrl\":\"https:\/\/www.justiceinfo.net\/wp-content\/uploads\/justiceinfo_logo-trans_1200x1200px.png\",\"width\":1199,\"height\":1200,\"caption\":\"Justice Info\"},\"image\":{\"@id\":\"https:\/\/www.justiceinfo.net\/fr#\/schema\/logo\/image\/\"},\"sameAs\":[\"https:\/\/www.facebook.com\/JusticeInfo\/\",\"https:\/\/x.com\/justiceinfonet\",\"https:\/\/www.linkedin.com\/company\/justice-info\",\"https:\/\/www.youtube.com\/channel\/UCyCEsARodyuWtkWyhn-e7pA\"]},{\"@type\":\"Person\",\"name\":\"AFP\",\"url\":\"\/fr\/?s=AFP\"}]}<\/script>\n<!-- \/ Yoast SEO Premium plugin. -->","yoast_head_json":{"title":"La RDC au \"bord de la guerre civile\", estime Ayrault - JusticeInfo.net","robots":{"index":"index","follow":"follow","max-snippet":"max-snippet:-1","max-image-preview":"max-image-preview:large","max-video-preview":"max-video-preview:-1"},"canonical":"https:\/\/www.justiceinfo.net\/fr\/29411-la-rdc-au-bord-de-la-guerre-civile-estime-ayrault.html","og_locale":"fr_FR","og_type":"article","og_title":"La RDC au \"bord de la guerre civile\", estime Ayrault","og_description":"Le ministre fran\u00e7ais des Affaires \u00e9trang\u00e8res, Jean-Marc Ayrault, a d\u00e9clar\u00e9 mercredi que la R\u00e9publique d\u00e9mocratique du Congo (RDC) \u00e9tait \"au bord de la guerre civile\" et invit\u00e9 une nouvelle fois le pr\u00e9sident sortant Joseph Kabila \u00e0 ne pas se repr\u00e9senter. \"La R\u00e9publique d\u00e9mocratique du Congo est un tr\u00e8s grand pays, avec \u00e9norm\u00e9ment de potentiel \u00e9conomique, [&hellip;]","og_url":"https:\/\/www.justiceinfo.net\/fr\/29411-la-rdc-au-bord-de-la-guerre-civile-estime-ayrault.html","og_site_name":"JusticeInfo.net","article_publisher":"https:\/\/www.facebook.com\/JusticeInfo\/","article_published_time":"2016-09-28T16:22:38+00:00","og_image":[{"width":1200,"height":630,"url":"https:\/\/www.justiceinfo.net\/wp-content\/uploads\/JusticeInfoNet_logo_1200x630px.jpg","type":"image\/jpeg"}],"author":"AFP","twitter_card":"summary_large_image","twitter_creator":"@justiceinfonet","twitter_site":"@justiceinfonet","twitter_misc":{"\u00c9crit par":"AFP","Dur\u00e9e de lecture estim\u00e9e":"1 minute"},"schema":{"@context":"https:\/\/schema.org","@graph":[{"@type":"NewsArticle","@id":"https:\/\/www.justiceinfo.net\/fr\/29411-la-rdc-au-bord-de-la-guerre-civile-estime-ayrault.html#article","isPartOf":{"@id":"https:\/\/www.justiceinfo.net\/fr\/29411-la-rdc-au-bord-de-la-guerre-civile-estime-ayrault.html"},"author":{"name":"afp","@id":"https:\/\/www.justiceinfo.net\/fr#\/schema\/person\/713d340ef5f218fc36ce9b4244364a7f"},"headline":"La RDC au \"bord de la guerre civile\", estime Ayrault","datePublished":"2016-09-28T16:22:38+00:00","mainEntityOfPage":{"@id":"https:\/\/www.justiceinfo.net\/fr\/29411-la-rdc-au-bord-de-la-guerre-civile-estime-ayrault.html"},"wordCount":292,"commentCount":0,"publisher":{"@id":"https:\/\/www.justiceinfo.net\/fr#organization"},"articleSection":["Fil d'info AFP"],"inLanguage":"fr-FR","potentialAction":[{"@type":"CommentAction","name":"Comment","target":["https:\/\/www.justiceinfo.net\/fr\/29411-la-rdc-au-bord-de-la-guerre-civile-estime-ayrault.html#respond"]}]},{"@type":"WebPage","@id":"https:\/\/www.justiceinfo.net\/fr\/29411-la-rdc-au-bord-de-la-guerre-civile-estime-ayrault.html","url":"https:\/\/www.justiceinfo.net\/fr\/29411-la-rdc-au-bord-de-la-guerre-civile-estime-ayrault.html","name":"La RDC au \"bord de la guerre civile\", estime Ayrault - JusticeInfo.net","isPartOf":{"@id":"https:\/\/www.justiceinfo.net\/fr#website"},"datePublished":"2016-09-28T16:22:38+00:00","breadcrumb":{"@id":"https:\/\/www.justiceinfo.net\/fr\/29411-la-rdc-au-bord-de-la-guerre-civile-estime-ayrault.html#breadcrumb"},"inLanguage":"fr-FR","potentialAction":[{"@type":"ReadAction","target":["https:\/\/www.justiceinfo.net\/fr\/29411-la-rdc-au-bord-de-la-guerre-civile-estime-ayrault.html"]}]},{"@type":"BreadcrumbList","@id":"https:\/\/www.justiceinfo.net\/fr\/29411-la-rdc-au-bord-de-la-guerre-civile-estime-ayrault.html#breadcrumb","itemListElement":[{"@type":"ListItem","position":1,"name":"Home","item":"https:\/\/www.justiceinfo.net\/fr"},{"@type":"ListItem","position":2,"name":"La RDC au \"bord de la guerre civile\", estime Ayrault"}]},{"@type":"WebSite","@id":"https:\/\/www.justiceinfo.net\/fr#website","url":"https:\/\/www.justiceinfo.net\/fr","name":"JusticeInfo.net","description":"La justice doit \u00eatre vue pour \u00eatre rendue","publisher":{"@id":"https:\/\/www.justiceinfo.net\/fr#organization"},"potentialAction":[{"@type":"SearchAction","target":{"@type":"EntryPoint","urlTemplate":"https:\/\/www.justiceinfo.net\/fr?s={search_term_string}"},"query-input":{"@type":"PropertyValueSpecification","valueRequired":true,"valueName":"search_term_string"}}],"inLanguage":"fr-FR"},{"@type":"Organization","@id":"https:\/\/www.justiceinfo.net\/fr#organization","name":"Justice Info","url":"https:\/\/www.justiceinfo.net\/fr","logo":{"@type":"ImageObject","inLanguage":"fr-FR","@id":"https:\/\/www.justiceinfo.net\/fr#\/schema\/logo\/image\/","url":"https:\/\/www.justiceinfo.net\/wp-content\/uploads\/justiceinfo_logo-trans_1200x1200px.png","contentUrl":"https:\/\/www.justiceinfo.net\/wp-content\/uploads\/justiceinfo_logo-trans_1200x1200px.png","width":1199,"height":1200,"caption":"Justice Info"},"image":{"@id":"https:\/\/www.justiceinfo.net\/fr#\/schema\/logo\/image\/"},"sameAs":["https:\/\/www.facebook.com\/JusticeInfo\/","https:\/\/x.com\/justiceinfonet","https:\/\/www.linkedin.com\/company\/justice-info","https:\/\/www.youtube.com\/channel\/UCyCEsARodyuWtkWyhn-e7pA"]},{"@type":"Person","name":"AFP","url":"\/fr\/?s=AFP"}]}},"_links":{"self":[{"href":"https:\/\/www.justiceinfo.net\/fr\/wp-json\/wp\/v2\/posts\/29411","targetHints":{"allow":["GET"]}}],"collection":[{"href":"https:\/\/www.justiceinfo.net\/fr\/wp-json\/wp\/v2\/posts"}],"about":[{"href":"https:\/\/www.justiceinfo.net\/fr\/wp-json\/wp\/v2\/types\/post"}],"author":[{"embeddable":true,"href":"https:\/\/www.justiceinfo.net\/fr\/wp-json\/wp\/v2\/users\/60"}],"replies":[{"embeddable":true,"href":"https:\/\/www.justiceinfo.net\/fr\/wp-json\/wp\/v2\/comments?post=29411"}],"version-history":[{"count":0,"href":"https:\/\/www.justiceinfo.net\/fr\/wp-json\/wp\/v2\/posts\/29411\/revisions"}],"wp:attachment":[{"href":"https:\/\/www.justiceinfo.net\/fr\/wp-json\/wp\/v2\/media?parent=29411"}],"wp:term":[{"taxonomy":"category","embeddable":true,"href":"https:\/\/www.justiceinfo.net\/fr\/wp-json\/wp\/v2\/categories?post=29411"},{"taxonomy":"post_tag","embeddable":true,"href":"https:\/\/www.justiceinfo.net\/fr\/wp-json\/wp\/v2\/tags?post=29411"},{"taxonomy":"ji_location","embeddable":true,"href":"https:\/\/www.justiceinfo.net\/fr\/wp-json\/wp\/v2\/ji_location?post=29411"}],"curies":[{"name":"wp","href":"https:\/\/api.w.org\/{rel}","templated":true}]}}