{"id":29478,"date":"2016-09-29T18:17:35","date_gmt":"2016-09-29T16:17:35","guid":{"rendered":"https:\/\/www.justiceinfo.net\/29478-les-autorites-congolaises-accusent-les-etats-unis-de-preparer-le-chaos-en-rdc-ministre.html"},"modified":"2016-09-29T18:17:35","modified_gmt":"2016-09-29T16:17:35","slug":"les-autorites-congolaises-accusent-les-etats-unis-de-preparer-le-chaos-en-rdc-ministre","status":"publish","type":"post","link":"https:\/\/www.justiceinfo.net\/fr\/29478-les-autorites-congolaises-accusent-les-etats-unis-de-preparer-le-chaos-en-rdc-ministre.html","title":{"rendered":"Les autorit\u00e9s congolaises accusent les Etats-Unis de pr\u00e9parer le \"chaos\" en RDC (ministre)"},"content":{"rendered":"<div id=\"textscroller\" class=\"textContent tinyscrollbar-y jq_resizeScroll jq_columns fontsize_0\">\n<p>Le gouvernement congolais a accus\u00e9 jeudi l'administration am\u00e9ricaine de pr\u00e9parer le \"chaos\" en R\u00e9publique d\u00e9mocratique du Congo au lendemain des sanctions financi\u00e8res am\u00e9ricaines contre deux hauts responsables militaires congolais, dans un communiqu\u00e9 parvenu \u00e0 l'AFP.<\/p>\n<p>Mercredi, le Tr\u00e9sor am\u00e9ricain avait d\u00e9cid\u00e9 de geler d'\u00e9ventuels avoirs de deux g\u00e9n\u00e9raux de l'arm\u00e9e et de la police de la RDC, pour leurs r\u00f4les dans la r\u00e9pression des \"libert\u00e9s et droits politiques du peuple congolais\" et pour les entraves au processus d\u00e9mocratique dans le pays.<\/p>\n<p>\"Il apparait clairement qu'en revisitant l'histoire, ce sch\u00e9ma correspond \u00e0 celui qui a conduit au chaos des pays comme la Libye ou le Sud-Soudan aujourd'hui menac\u00e9s de disparition\", a \u00e9crit dans le communiqu\u00e9 le ministre Lambert Mende, porte-parole du gouvernement congolais.<\/p>\n<p>\"A la lumi\u00e8re de ces initiatives cavali\u00e8res (...) \u00e0 l'endroit de l'un ou l'autre de ces officiers, le gouvernement s'interroge sur la logique et les motivations des autorit\u00e9s am\u00e9ricaines\", a ajout\u00e9 M. Mende.<\/p>\n<p>La RDC ne voudrait pas \"alourdir le tribut \u00e0 payer aux adeptes des ing\u00e9rences ext\u00e9rieures attentatoires \u00e0 son auto-d\u00e9termination\", a encore indiqu\u00e9 M. Mende, faisant allusion \u00e0 \"l'ignoble assassinat de son \u00e9lu Patrice Emery Lumumba\", \u00a0\u00e9ph\u00e9m\u00e8re Premier ministre du pays \u00e0 son accession \u00e0 l'ind\u00e9pendance le 30 juin 1960.<\/p>\n<p>La RDC vient de conna\u00eetre, les 19 et 20 septembre, une nouvelle explosion de violences, ayant fait 49 morts selon l'ONU, et li\u00e9es au report de la pr\u00e9sidentielle qui devait se tenir cette ann\u00e9e.<\/p>\n<p>La Constitution interdit au pr\u00e9sident congolais Joseph Kabila, au pouvoir depuis 2001, de ne pas se repr\u00e9senter \u00e0 la fin de son mandat le 20 d\u00e9cembre, mais le chef de l\u2019\u00c9tat ne donne aucun signe de vouloir quitter son poste alors que le scrutin pr\u00e9sidentiel appara\u00eet d\u00e9sormais impossible \u00e0 organiser dans les temps.<\/p>\n<p>Le gouvernement am\u00e9ricain redoute que des violences plongent davantage la RDC, un pays ravag\u00e9 par deux guerres (1996-1997 et 1998-2002) dans l'instabilit\u00e9.<\/p>\n<p>Depuis deux d\u00e9cennies, l'est de la RDC est en proie \u00e0 une instabilit\u00e9 chronique caus\u00e9e par des groupes arm\u00e9s locaux et \u00e9trangers, auteurs de graves violences pour des raisons ethniques, fonci\u00e8res ou pour le partage des immenses ressources mini\u00e8res de la r\u00e9gion.<\/p>\n<\/div>\n","protected":false},"excerpt":{"rendered":"<p>Le gouvernement congolais a accus\u00e9 jeudi l'administration am\u00e9ricaine de pr\u00e9parer le \"chaos\" en R\u00e9publique d\u00e9mocratique du Congo au lendemain des sanctions financi\u00e8res am\u00e9ricaines contre deux hauts responsables militaires congolais, dans un communiqu\u00e9 parvenu \u00e0 l'AFP. Mercredi, le Tr\u00e9sor am\u00e9ricain avait d\u00e9cid\u00e9 de geler d'\u00e9ventuels avoirs de deux g\u00e9n\u00e9raux de l'arm\u00e9e et de la police de [&hellip;]<\/p>\n","protected":false},"author":60,"featured_media":0,"comment_status":"open","ping_status":"closed","sticky":false,"template":"","format":"standard","meta":{"_acf_changed":false,"footnotes":""},"categories":[2576],"tags":[],"ji_location":[2196],"class_list":["post-29478","post","type-post","status-publish","format-standard","hentry","category-fil-d-actualite","ji_location-republique-democratique-du-congo"],"acf":[],"yoast_head":"<!-- This site is optimized with the Yoast SEO Premium plugin v25.3.1 (Yoast SEO v25.3.1) - https:\/\/yoast.com\/wordpress\/plugins\/seo\/ -->\n<title>Les autorit\u00e9s congolaises accusent les Etats-Unis de pr\u00e9parer le &quot;chaos&quot; en RDC (ministre) - JusticeInfo.net<\/title>\n<meta name=\"robots\" content=\"index, follow, max-snippet:-1, max-image-preview:large, max-video-preview:-1\" \/>\n<link rel=\"canonical\" href=\"https:\/\/www.justiceinfo.net\/fr\/29478-les-autorites-congolaises-accusent-les-etats-unis-de-preparer-le-chaos-en-rdc-ministre.html\" \/>\n<meta property=\"og:locale\" content=\"fr_FR\" \/>\n<meta property=\"og:type\" content=\"article\" \/>\n<meta property=\"og:title\" content=\"Les autorit\u00e9s congolaises accusent les Etats-Unis de pr\u00e9parer le &quot;chaos&quot; en RDC (ministre)\" \/>\n<meta property=\"og:description\" content=\"Le gouvernement congolais a accus\u00e9 jeudi l&#039;administration am\u00e9ricaine de pr\u00e9parer le &quot;chaos&quot; en R\u00e9publique d\u00e9mocratique du Congo au lendemain des sanctions financi\u00e8res am\u00e9ricaines contre deux hauts responsables militaires congolais, dans un communiqu\u00e9 parvenu \u00e0 l&#039;AFP. Mercredi, le Tr\u00e9sor am\u00e9ricain avait d\u00e9cid\u00e9 de geler d&#039;\u00e9ventuels avoirs de deux g\u00e9n\u00e9raux de l&#039;arm\u00e9e et de la police de [&hellip;]\" \/>\n<meta property=\"og:url\" content=\"https:\/\/www.justiceinfo.net\/fr\/29478-les-autorites-congolaises-accusent-les-etats-unis-de-preparer-le-chaos-en-rdc-ministre.html\" \/>\n<meta property=\"og:site_name\" content=\"JusticeInfo.net\" \/>\n<meta property=\"article:publisher\" content=\"https:\/\/www.facebook.com\/JusticeInfo\/\" \/>\n<meta property=\"article:published_time\" content=\"2016-09-29T16:17:35+00:00\" \/>\n<meta property=\"og:image\" content=\"https:\/\/www.justiceinfo.net\/wp-content\/uploads\/JusticeInfoNet_logo_1200x630px.jpg\" \/>\n\t<meta property=\"og:image:width\" content=\"1200\" \/>\n\t<meta property=\"og:image:height\" content=\"630\" \/>\n\t<meta property=\"og:image:type\" content=\"image\/jpeg\" \/>\n<meta name=\"author\" content=\"AFP\" \/>\n<meta name=\"twitter:card\" content=\"summary_large_image\" \/>\n<meta name=\"twitter:creator\" content=\"@justiceinfonet\" \/>\n<meta name=\"twitter:site\" content=\"@justiceinfonet\" \/>\n<meta name=\"twitter:label1\" content=\"\u00c9crit par\" \/>\n\t<meta name=\"twitter:data1\" content=\"AFP\" \/>\n\t<meta name=\"twitter:label2\" content=\"Dur\u00e9e de lecture estim\u00e9e\" \/>\n\t<meta name=\"twitter:data2\" content=\"2 minutes\" \/>\n<script type=\"application\/ld+json\" class=\"yoast-schema-graph\">{\"@context\":\"https:\/\/schema.org\",\"@graph\":[{\"@type\":\"NewsArticle\",\"@id\":\"https:\/\/www.justiceinfo.net\/fr\/29478-les-autorites-congolaises-accusent-les-etats-unis-de-preparer-le-chaos-en-rdc-ministre.html#article\",\"isPartOf\":{\"@id\":\"https:\/\/www.justiceinfo.net\/fr\/29478-les-autorites-congolaises-accusent-les-etats-unis-de-preparer-le-chaos-en-rdc-ministre.html\"},\"author\":{\"name\":\"afp\",\"@id\":\"https:\/\/www.justiceinfo.net\/fr#\/schema\/person\/713d340ef5f218fc36ce9b4244364a7f\"},\"headline\":\"Les autorit\u00e9s congolaises accusent les Etats-Unis de pr\u00e9parer le \\\"chaos\\\" en RDC (ministre)\",\"datePublished\":\"2016-09-29T16:17:35+00:00\",\"mainEntityOfPage\":{\"@id\":\"https:\/\/www.justiceinfo.net\/fr\/29478-les-autorites-congolaises-accusent-les-etats-unis-de-preparer-le-chaos-en-rdc-ministre.html\"},\"wordCount\":413,\"commentCount\":0,\"publisher\":{\"@id\":\"https:\/\/www.justiceinfo.net\/fr#organization\"},\"articleSection\":[\"Fil d'info AFP\"],\"inLanguage\":\"fr-FR\",\"potentialAction\":[{\"@type\":\"CommentAction\",\"name\":\"Comment\",\"target\":[\"https:\/\/www.justiceinfo.net\/fr\/29478-les-autorites-congolaises-accusent-les-etats-unis-de-preparer-le-chaos-en-rdc-ministre.html#respond\"]}]},{\"@type\":\"WebPage\",\"@id\":\"https:\/\/www.justiceinfo.net\/fr\/29478-les-autorites-congolaises-accusent-les-etats-unis-de-preparer-le-chaos-en-rdc-ministre.html\",\"url\":\"https:\/\/www.justiceinfo.net\/fr\/29478-les-autorites-congolaises-accusent-les-etats-unis-de-preparer-le-chaos-en-rdc-ministre.html\",\"name\":\"Les autorit\u00e9s congolaises accusent les Etats-Unis de pr\u00e9parer le \\\"chaos\\\" en RDC (ministre) - JusticeInfo.net\",\"isPartOf\":{\"@id\":\"https:\/\/www.justiceinfo.net\/fr#website\"},\"datePublished\":\"2016-09-29T16:17:35+00:00\",\"breadcrumb\":{\"@id\":\"https:\/\/www.justiceinfo.net\/fr\/29478-les-autorites-congolaises-accusent-les-etats-unis-de-preparer-le-chaos-en-rdc-ministre.html#breadcrumb\"},\"inLanguage\":\"fr-FR\",\"potentialAction\":[{\"@type\":\"ReadAction\",\"target\":[\"https:\/\/www.justiceinfo.net\/fr\/29478-les-autorites-congolaises-accusent-les-etats-unis-de-preparer-le-chaos-en-rdc-ministre.html\"]}]},{\"@type\":\"BreadcrumbList\",\"@id\":\"https:\/\/www.justiceinfo.net\/fr\/29478-les-autorites-congolaises-accusent-les-etats-unis-de-preparer-le-chaos-en-rdc-ministre.html#breadcrumb\",\"itemListElement\":[{\"@type\":\"ListItem\",\"position\":1,\"name\":\"Home\",\"item\":\"https:\/\/www.justiceinfo.net\/fr\"},{\"@type\":\"ListItem\",\"position\":2,\"name\":\"Les autorit\u00e9s congolaises accusent les Etats-Unis de pr\u00e9parer le \\\"chaos\\\" en RDC (ministre)\"}]},{\"@type\":\"WebSite\",\"@id\":\"https:\/\/www.justiceinfo.net\/fr#website\",\"url\":\"https:\/\/www.justiceinfo.net\/fr\",\"name\":\"JusticeInfo.net\",\"description\":\"La justice doit \u00eatre vue pour \u00eatre rendue\",\"publisher\":{\"@id\":\"https:\/\/www.justiceinfo.net\/fr#organization\"},\"potentialAction\":[{\"@type\":\"SearchAction\",\"target\":{\"@type\":\"EntryPoint\",\"urlTemplate\":\"https:\/\/www.justiceinfo.net\/fr?s={search_term_string}\"},\"query-input\":{\"@type\":\"PropertyValueSpecification\",\"valueRequired\":true,\"valueName\":\"search_term_string\"}}],\"inLanguage\":\"fr-FR\"},{\"@type\":\"Organization\",\"@id\":\"https:\/\/www.justiceinfo.net\/fr#organization\",\"name\":\"Justice Info\",\"url\":\"https:\/\/www.justiceinfo.net\/fr\",\"logo\":{\"@type\":\"ImageObject\",\"inLanguage\":\"fr-FR\",\"@id\":\"https:\/\/www.justiceinfo.net\/fr#\/schema\/logo\/image\/\",\"url\":\"https:\/\/www.justiceinfo.net\/wp-content\/uploads\/justiceinfo_logo-trans_1200x1200px.png\",\"contentUrl\":\"https:\/\/www.justiceinfo.net\/wp-content\/uploads\/justiceinfo_logo-trans_1200x1200px.png\",\"width\":1199,\"height\":1200,\"caption\":\"Justice Info\"},\"image\":{\"@id\":\"https:\/\/www.justiceinfo.net\/fr#\/schema\/logo\/image\/\"},\"sameAs\":[\"https:\/\/www.facebook.com\/JusticeInfo\/\",\"https:\/\/x.com\/justiceinfonet\",\"https:\/\/www.linkedin.com\/company\/justice-info\",\"https:\/\/www.youtube.com\/channel\/UCyCEsARodyuWtkWyhn-e7pA\"]},{\"@type\":\"Person\",\"name\":\"AFP\",\"url\":\"\/fr\/?s=AFP\"}]}<\/script>\n<!-- \/ Yoast SEO Premium plugin. -->","yoast_head_json":{"title":"Les autorit\u00e9s congolaises accusent les Etats-Unis de pr\u00e9parer le \"chaos\" en RDC (ministre) - JusticeInfo.net","robots":{"index":"index","follow":"follow","max-snippet":"max-snippet:-1","max-image-preview":"max-image-preview:large","max-video-preview":"max-video-preview:-1"},"canonical":"https:\/\/www.justiceinfo.net\/fr\/29478-les-autorites-congolaises-accusent-les-etats-unis-de-preparer-le-chaos-en-rdc-ministre.html","og_locale":"fr_FR","og_type":"article","og_title":"Les autorit\u00e9s congolaises accusent les Etats-Unis de pr\u00e9parer le \"chaos\" en RDC (ministre)","og_description":"Le gouvernement congolais a accus\u00e9 jeudi l'administration am\u00e9ricaine de pr\u00e9parer le \"chaos\" en R\u00e9publique d\u00e9mocratique du Congo au lendemain des sanctions financi\u00e8res am\u00e9ricaines contre deux hauts responsables militaires congolais, dans un communiqu\u00e9 parvenu \u00e0 l'AFP. Mercredi, le Tr\u00e9sor am\u00e9ricain avait d\u00e9cid\u00e9 de geler d'\u00e9ventuels avoirs de deux g\u00e9n\u00e9raux de l'arm\u00e9e et de la police de [&hellip;]","og_url":"https:\/\/www.justiceinfo.net\/fr\/29478-les-autorites-congolaises-accusent-les-etats-unis-de-preparer-le-chaos-en-rdc-ministre.html","og_site_name":"JusticeInfo.net","article_publisher":"https:\/\/www.facebook.com\/JusticeInfo\/","article_published_time":"2016-09-29T16:17:35+00:00","og_image":[{"width":1200,"height":630,"url":"https:\/\/www.justiceinfo.net\/wp-content\/uploads\/JusticeInfoNet_logo_1200x630px.jpg","type":"image\/jpeg"}],"author":"AFP","twitter_card":"summary_large_image","twitter_creator":"@justiceinfonet","twitter_site":"@justiceinfonet","twitter_misc":{"\u00c9crit par":"AFP","Dur\u00e9e de lecture estim\u00e9e":"2 minutes"},"schema":{"@context":"https:\/\/schema.org","@graph":[{"@type":"NewsArticle","@id":"https:\/\/www.justiceinfo.net\/fr\/29478-les-autorites-congolaises-accusent-les-etats-unis-de-preparer-le-chaos-en-rdc-ministre.html#article","isPartOf":{"@id":"https:\/\/www.justiceinfo.net\/fr\/29478-les-autorites-congolaises-accusent-les-etats-unis-de-preparer-le-chaos-en-rdc-ministre.html"},"author":{"name":"afp","@id":"https:\/\/www.justiceinfo.net\/fr#\/schema\/person\/713d340ef5f218fc36ce9b4244364a7f"},"headline":"Les autorit\u00e9s congolaises accusent les Etats-Unis de pr\u00e9parer le \"chaos\" en RDC (ministre)","datePublished":"2016-09-29T16:17:35+00:00","mainEntityOfPage":{"@id":"https:\/\/www.justiceinfo.net\/fr\/29478-les-autorites-congolaises-accusent-les-etats-unis-de-preparer-le-chaos-en-rdc-ministre.html"},"wordCount":413,"commentCount":0,"publisher":{"@id":"https:\/\/www.justiceinfo.net\/fr#organization"},"articleSection":["Fil d'info AFP"],"inLanguage":"fr-FR","potentialAction":[{"@type":"CommentAction","name":"Comment","target":["https:\/\/www.justiceinfo.net\/fr\/29478-les-autorites-congolaises-accusent-les-etats-unis-de-preparer-le-chaos-en-rdc-ministre.html#respond"]}]},{"@type":"WebPage","@id":"https:\/\/www.justiceinfo.net\/fr\/29478-les-autorites-congolaises-accusent-les-etats-unis-de-preparer-le-chaos-en-rdc-ministre.html","url":"https:\/\/www.justiceinfo.net\/fr\/29478-les-autorites-congolaises-accusent-les-etats-unis-de-preparer-le-chaos-en-rdc-ministre.html","name":"Les autorit\u00e9s congolaises accusent les Etats-Unis de pr\u00e9parer le \"chaos\" en RDC (ministre) - JusticeInfo.net","isPartOf":{"@id":"https:\/\/www.justiceinfo.net\/fr#website"},"datePublished":"2016-09-29T16:17:35+00:00","breadcrumb":{"@id":"https:\/\/www.justiceinfo.net\/fr\/29478-les-autorites-congolaises-accusent-les-etats-unis-de-preparer-le-chaos-en-rdc-ministre.html#breadcrumb"},"inLanguage":"fr-FR","potentialAction":[{"@type":"ReadAction","target":["https:\/\/www.justiceinfo.net\/fr\/29478-les-autorites-congolaises-accusent-les-etats-unis-de-preparer-le-chaos-en-rdc-ministre.html"]}]},{"@type":"BreadcrumbList","@id":"https:\/\/www.justiceinfo.net\/fr\/29478-les-autorites-congolaises-accusent-les-etats-unis-de-preparer-le-chaos-en-rdc-ministre.html#breadcrumb","itemListElement":[{"@type":"ListItem","position":1,"name":"Home","item":"https:\/\/www.justiceinfo.net\/fr"},{"@type":"ListItem","position":2,"name":"Les autorit\u00e9s congolaises accusent les Etats-Unis de pr\u00e9parer le \"chaos\" en RDC (ministre)"}]},{"@type":"WebSite","@id":"https:\/\/www.justiceinfo.net\/fr#website","url":"https:\/\/www.justiceinfo.net\/fr","name":"JusticeInfo.net","description":"La justice doit \u00eatre vue pour \u00eatre rendue","publisher":{"@id":"https:\/\/www.justiceinfo.net\/fr#organization"},"potentialAction":[{"@type":"SearchAction","target":{"@type":"EntryPoint","urlTemplate":"https:\/\/www.justiceinfo.net\/fr?s={search_term_string}"},"query-input":{"@type":"PropertyValueSpecification","valueRequired":true,"valueName":"search_term_string"}}],"inLanguage":"fr-FR"},{"@type":"Organization","@id":"https:\/\/www.justiceinfo.net\/fr#organization","name":"Justice Info","url":"https:\/\/www.justiceinfo.net\/fr","logo":{"@type":"ImageObject","inLanguage":"fr-FR","@id":"https:\/\/www.justiceinfo.net\/fr#\/schema\/logo\/image\/","url":"https:\/\/www.justiceinfo.net\/wp-content\/uploads\/justiceinfo_logo-trans_1200x1200px.png","contentUrl":"https:\/\/www.justiceinfo.net\/wp-content\/uploads\/justiceinfo_logo-trans_1200x1200px.png","width":1199,"height":1200,"caption":"Justice Info"},"image":{"@id":"https:\/\/www.justiceinfo.net\/fr#\/schema\/logo\/image\/"},"sameAs":["https:\/\/www.facebook.com\/JusticeInfo\/","https:\/\/x.com\/justiceinfonet","https:\/\/www.linkedin.com\/company\/justice-info","https:\/\/www.youtube.com\/channel\/UCyCEsARodyuWtkWyhn-e7pA"]},{"@type":"Person","name":"AFP","url":"\/fr\/?s=AFP"}]}},"_links":{"self":[{"href":"https:\/\/www.justiceinfo.net\/fr\/wp-json\/wp\/v2\/posts\/29478","targetHints":{"allow":["GET"]}}],"collection":[{"href":"https:\/\/www.justiceinfo.net\/fr\/wp-json\/wp\/v2\/posts"}],"about":[{"href":"https:\/\/www.justiceinfo.net\/fr\/wp-json\/wp\/v2\/types\/post"}],"author":[{"embeddable":true,"href":"https:\/\/www.justiceinfo.net\/fr\/wp-json\/wp\/v2\/users\/60"}],"replies":[{"embeddable":true,"href":"https:\/\/www.justiceinfo.net\/fr\/wp-json\/wp\/v2\/comments?post=29478"}],"version-history":[{"count":0,"href":"https:\/\/www.justiceinfo.net\/fr\/wp-json\/wp\/v2\/posts\/29478\/revisions"}],"wp:attachment":[{"href":"https:\/\/www.justiceinfo.net\/fr\/wp-json\/wp\/v2\/media?parent=29478"}],"wp:term":[{"taxonomy":"category","embeddable":true,"href":"https:\/\/www.justiceinfo.net\/fr\/wp-json\/wp\/v2\/categories?post=29478"},{"taxonomy":"post_tag","embeddable":true,"href":"https:\/\/www.justiceinfo.net\/fr\/wp-json\/wp\/v2\/tags?post=29478"},{"taxonomy":"ji_location","embeddable":true,"href":"https:\/\/www.justiceinfo.net\/fr\/wp-json\/wp\/v2\/ji_location?post=29478"}],"curies":[{"name":"wp","href":"https:\/\/api.w.org\/{rel}","templated":true}]}}