{"id":29497,"date":"2016-09-30T03:57:46","date_gmt":"2016-09-30T01:57:46","guid":{"rendered":"https:\/\/www.justiceinfo.net\/29497-usa-les-familles-du-personnel-diplomatique-sommees-de-quitter-la-rdcongo-departement-d-etat.html"},"modified":"2016-09-30T03:57:46","modified_gmt":"2016-09-30T01:57:46","slug":"usa-les-familles-du-personnel-diplomatique-sommees-de-quitter-la-rdcongo-departement-d-etat","status":"publish","type":"post","link":"https:\/\/www.justiceinfo.net\/fr\/29497-usa-les-familles-du-personnel-diplomatique-sommees-de-quitter-la-rdcongo-departement-d-etat.html","title":{"rendered":"USA: les familles du personnel diplomatique somm\u00e9es de quitter la RDCongo (d\u00e9partement d'Etat)"},"content":{"rendered":"<div id=\"textscroller\" class=\"textContent tinyscrollbar-y jq_resizeScroll jq_columns fontsize_0\">\n<p>Les Etats-Unis ont ordonn\u00e9 aux familles du personnel diplomatique am\u00e9ricain en poste en R\u00e9publique d\u00e9mocratique du Congo de quitter le pays en raison d'une recrudescence des violences, a annonc\u00e9 jeudi soir le d\u00e9partement d'Etat.<\/p>\n<p>\"Le risque de troubles civils est \u00e9lev\u00e9 \u00e0 Kinshasa et dans d'autres grandes villes\", estime le d\u00e9partement d'Etat dans un communiqu\u00e9.\u00a0<\/p>\n<p>\"En raison de la d\u00e9t\u00e9rioration de la situation s\u00e9curitaire, les membres des familles du personnel gouvernemental am\u00e9ricain ont re\u00e7u l'ordre de quitter le pays \u00e0 partir du 29 septembre\", pr\u00e9cise le texte.<\/p>\n<p>\"Les 19 et 20 septembre, de violents incidents li\u00e9s au processus \u00e9lectoral ont oppos\u00e9 les forces de l'ordre et des manifestants, faisant des morts et des d\u00e9g\u00e2ts\", rappelle le minist\u00e8re.<\/p>\n<p>Et de souligner que \"les tr\u00e8s m\u00e9diocres infrastructures de transport dans le pays et les mauvaises conditions s\u00e9curitaires emp\u00eachent l'ambassade am\u00e9ricaine de fournir des services consulaires ailleurs qu'\u00e0 Kinshasa\", la capitale de la R\u00e9publique d\u00e9mocratique du Congo.<\/p>\n<p>Mercredi, le Tr\u00e9sor am\u00e9ricain avait d\u00e9cid\u00e9 de geler d'\u00e9ventuels avoirs de deux g\u00e9n\u00e9raux de l'arm\u00e9e et de la police de la RDC pour leurs r\u00f4les dans la r\u00e9pression des \"libert\u00e9s et droits politiques du peuple congolais\" et pour les entraves au processus d\u00e9mocratique dans le pays.<\/p>\n<p>La nouvelle explosion de violences en RDC, ayant fait 49 morts selon l'ONU, est li\u00e9e au report de la pr\u00e9sidentielle qui devait se tenir cette ann\u00e9e.<\/p>\n<p>La Constitution interdit au pr\u00e9sident congolais Joseph Kabila, au pouvoir depuis 2001, de se repr\u00e9senter \u00e0 la fin de son mandat le 20 d\u00e9cembre, mais le chef de l\u2019\u00c9tat ne donne aucun signe de vouloir quitter son poste alors que le scrutin pr\u00e9sidentiel appara\u00eet d\u00e9sormais impossible \u00e0 organiser dans les temps.<\/p>\n<\/div>\n","protected":false},"excerpt":{"rendered":"<p>Les Etats-Unis ont ordonn\u00e9 aux familles du personnel diplomatique am\u00e9ricain en poste en R\u00e9publique d\u00e9mocratique du Congo de quitter le pays en raison d'une recrudescence des violences, a annonc\u00e9 jeudi soir le d\u00e9partement d'Etat. \"Le risque de troubles civils est \u00e9lev\u00e9 \u00e0 Kinshasa et dans d'autres grandes villes\", estime le d\u00e9partement d'Etat dans un communiqu\u00e9.\u00a0 [&hellip;]<\/p>\n","protected":false},"author":60,"featured_media":0,"comment_status":"open","ping_status":"closed","sticky":false,"template":"","format":"standard","meta":{"_acf_changed":false,"footnotes":""},"categories":[2576],"tags":[],"ji_location":[2196],"class_list":["post-29497","post","type-post","status-publish","format-standard","hentry","category-fil-d-actualite","ji_location-republique-democratique-du-congo"],"acf":[],"yoast_head":"<!-- This site is optimized with the Yoast SEO Premium plugin v25.3.1 (Yoast SEO v25.3.1) - https:\/\/yoast.com\/wordpress\/plugins\/seo\/ -->\n<title>USA: les familles du personnel diplomatique somm\u00e9es de quitter la RDCongo (d\u00e9partement d&#039;Etat) - JusticeInfo.net<\/title>\n<meta name=\"robots\" content=\"index, follow, max-snippet:-1, max-image-preview:large, max-video-preview:-1\" \/>\n<link rel=\"canonical\" href=\"https:\/\/www.justiceinfo.net\/fr\/29497-usa-les-familles-du-personnel-diplomatique-sommees-de-quitter-la-rdcongo-departement-d-etat.html\" \/>\n<meta property=\"og:locale\" content=\"fr_FR\" \/>\n<meta property=\"og:type\" content=\"article\" \/>\n<meta property=\"og:title\" content=\"USA: les familles du personnel diplomatique somm\u00e9es de quitter la RDCongo (d\u00e9partement d&#039;Etat)\" \/>\n<meta property=\"og:description\" content=\"Les Etats-Unis ont ordonn\u00e9 aux familles du personnel diplomatique am\u00e9ricain en poste en R\u00e9publique d\u00e9mocratique du Congo de quitter le pays en raison d&#039;une recrudescence des violences, a annonc\u00e9 jeudi soir le d\u00e9partement d&#039;Etat. &quot;Le risque de troubles civils est \u00e9lev\u00e9 \u00e0 Kinshasa et dans d&#039;autres grandes villes&quot;, estime le d\u00e9partement d&#039;Etat dans un communiqu\u00e9.\u00a0 [&hellip;]\" \/>\n<meta property=\"og:url\" content=\"https:\/\/www.justiceinfo.net\/fr\/29497-usa-les-familles-du-personnel-diplomatique-sommees-de-quitter-la-rdcongo-departement-d-etat.html\" \/>\n<meta property=\"og:site_name\" content=\"JusticeInfo.net\" \/>\n<meta property=\"article:publisher\" content=\"https:\/\/www.facebook.com\/JusticeInfo\/\" \/>\n<meta property=\"article:published_time\" content=\"2016-09-30T01:57:46+00:00\" \/>\n<meta property=\"og:image\" content=\"https:\/\/www.justiceinfo.net\/wp-content\/uploads\/JusticeInfoNet_logo_1200x630px.jpg\" \/>\n\t<meta property=\"og:image:width\" content=\"1200\" \/>\n\t<meta property=\"og:image:height\" content=\"630\" \/>\n\t<meta property=\"og:image:type\" content=\"image\/jpeg\" \/>\n<meta name=\"author\" content=\"AFP\" \/>\n<meta name=\"twitter:card\" content=\"summary_large_image\" \/>\n<meta name=\"twitter:creator\" content=\"@justiceinfonet\" \/>\n<meta name=\"twitter:site\" content=\"@justiceinfonet\" \/>\n<meta name=\"twitter:label1\" content=\"\u00c9crit par\" \/>\n\t<meta name=\"twitter:data1\" content=\"AFP\" \/>\n\t<meta name=\"twitter:label2\" content=\"Dur\u00e9e de lecture estim\u00e9e\" \/>\n\t<meta name=\"twitter:data2\" content=\"2 minutes\" \/>\n<script type=\"application\/ld+json\" class=\"yoast-schema-graph\">{\"@context\":\"https:\/\/schema.org\",\"@graph\":[{\"@type\":\"NewsArticle\",\"@id\":\"https:\/\/www.justiceinfo.net\/fr\/29497-usa-les-familles-du-personnel-diplomatique-sommees-de-quitter-la-rdcongo-departement-d-etat.html#article\",\"isPartOf\":{\"@id\":\"https:\/\/www.justiceinfo.net\/fr\/29497-usa-les-familles-du-personnel-diplomatique-sommees-de-quitter-la-rdcongo-departement-d-etat.html\"},\"author\":{\"name\":\"afp\",\"@id\":\"https:\/\/www.justiceinfo.net\/fr#\/schema\/person\/713d340ef5f218fc36ce9b4244364a7f\"},\"headline\":\"USA: les familles du personnel diplomatique somm\u00e9es de quitter la RDCongo (d\u00e9partement d'Etat)\",\"datePublished\":\"2016-09-30T01:57:46+00:00\",\"mainEntityOfPage\":{\"@id\":\"https:\/\/www.justiceinfo.net\/fr\/29497-usa-les-familles-du-personnel-diplomatique-sommees-de-quitter-la-rdcongo-departement-d-etat.html\"},\"wordCount\":335,\"commentCount\":0,\"publisher\":{\"@id\":\"https:\/\/www.justiceinfo.net\/fr#organization\"},\"articleSection\":[\"Fil d'info AFP\"],\"inLanguage\":\"fr-FR\",\"potentialAction\":[{\"@type\":\"CommentAction\",\"name\":\"Comment\",\"target\":[\"https:\/\/www.justiceinfo.net\/fr\/29497-usa-les-familles-du-personnel-diplomatique-sommees-de-quitter-la-rdcongo-departement-d-etat.html#respond\"]}]},{\"@type\":\"WebPage\",\"@id\":\"https:\/\/www.justiceinfo.net\/fr\/29497-usa-les-familles-du-personnel-diplomatique-sommees-de-quitter-la-rdcongo-departement-d-etat.html\",\"url\":\"https:\/\/www.justiceinfo.net\/fr\/29497-usa-les-familles-du-personnel-diplomatique-sommees-de-quitter-la-rdcongo-departement-d-etat.html\",\"name\":\"USA: les familles du personnel diplomatique somm\u00e9es de quitter la RDCongo (d\u00e9partement d'Etat) - JusticeInfo.net\",\"isPartOf\":{\"@id\":\"https:\/\/www.justiceinfo.net\/fr#website\"},\"datePublished\":\"2016-09-30T01:57:46+00:00\",\"breadcrumb\":{\"@id\":\"https:\/\/www.justiceinfo.net\/fr\/29497-usa-les-familles-du-personnel-diplomatique-sommees-de-quitter-la-rdcongo-departement-d-etat.html#breadcrumb\"},\"inLanguage\":\"fr-FR\",\"potentialAction\":[{\"@type\":\"ReadAction\",\"target\":[\"https:\/\/www.justiceinfo.net\/fr\/29497-usa-les-familles-du-personnel-diplomatique-sommees-de-quitter-la-rdcongo-departement-d-etat.html\"]}]},{\"@type\":\"BreadcrumbList\",\"@id\":\"https:\/\/www.justiceinfo.net\/fr\/29497-usa-les-familles-du-personnel-diplomatique-sommees-de-quitter-la-rdcongo-departement-d-etat.html#breadcrumb\",\"itemListElement\":[{\"@type\":\"ListItem\",\"position\":1,\"name\":\"Home\",\"item\":\"https:\/\/www.justiceinfo.net\/fr\"},{\"@type\":\"ListItem\",\"position\":2,\"name\":\"USA: les familles du personnel diplomatique somm\u00e9es de quitter la RDCongo (d\u00e9partement d'Etat)\"}]},{\"@type\":\"WebSite\",\"@id\":\"https:\/\/www.justiceinfo.net\/fr#website\",\"url\":\"https:\/\/www.justiceinfo.net\/fr\",\"name\":\"JusticeInfo.net\",\"description\":\"La justice doit \u00eatre vue pour \u00eatre rendue\",\"publisher\":{\"@id\":\"https:\/\/www.justiceinfo.net\/fr#organization\"},\"potentialAction\":[{\"@type\":\"SearchAction\",\"target\":{\"@type\":\"EntryPoint\",\"urlTemplate\":\"https:\/\/www.justiceinfo.net\/fr?s={search_term_string}\"},\"query-input\":{\"@type\":\"PropertyValueSpecification\",\"valueRequired\":true,\"valueName\":\"search_term_string\"}}],\"inLanguage\":\"fr-FR\"},{\"@type\":\"Organization\",\"@id\":\"https:\/\/www.justiceinfo.net\/fr#organization\",\"name\":\"Justice Info\",\"url\":\"https:\/\/www.justiceinfo.net\/fr\",\"logo\":{\"@type\":\"ImageObject\",\"inLanguage\":\"fr-FR\",\"@id\":\"https:\/\/www.justiceinfo.net\/fr#\/schema\/logo\/image\/\",\"url\":\"https:\/\/www.justiceinfo.net\/wp-content\/uploads\/justiceinfo_logo-trans_1200x1200px.png\",\"contentUrl\":\"https:\/\/www.justiceinfo.net\/wp-content\/uploads\/justiceinfo_logo-trans_1200x1200px.png\",\"width\":1199,\"height\":1200,\"caption\":\"Justice Info\"},\"image\":{\"@id\":\"https:\/\/www.justiceinfo.net\/fr#\/schema\/logo\/image\/\"},\"sameAs\":[\"https:\/\/www.facebook.com\/JusticeInfo\/\",\"https:\/\/x.com\/justiceinfonet\",\"https:\/\/www.linkedin.com\/company\/justice-info\",\"https:\/\/www.youtube.com\/channel\/UCyCEsARodyuWtkWyhn-e7pA\"]},{\"@type\":\"Person\",\"name\":\"AFP\",\"url\":\"\/fr\/?s=AFP\"}]}<\/script>\n<!-- \/ Yoast SEO Premium plugin. -->","yoast_head_json":{"title":"USA: les familles du personnel diplomatique somm\u00e9es de quitter la RDCongo (d\u00e9partement d'Etat) - JusticeInfo.net","robots":{"index":"index","follow":"follow","max-snippet":"max-snippet:-1","max-image-preview":"max-image-preview:large","max-video-preview":"max-video-preview:-1"},"canonical":"https:\/\/www.justiceinfo.net\/fr\/29497-usa-les-familles-du-personnel-diplomatique-sommees-de-quitter-la-rdcongo-departement-d-etat.html","og_locale":"fr_FR","og_type":"article","og_title":"USA: les familles du personnel diplomatique somm\u00e9es de quitter la RDCongo (d\u00e9partement d'Etat)","og_description":"Les Etats-Unis ont ordonn\u00e9 aux familles du personnel diplomatique am\u00e9ricain en poste en R\u00e9publique d\u00e9mocratique du Congo de quitter le pays en raison d'une recrudescence des violences, a annonc\u00e9 jeudi soir le d\u00e9partement d'Etat. \"Le risque de troubles civils est \u00e9lev\u00e9 \u00e0 Kinshasa et dans d'autres grandes villes\", estime le d\u00e9partement d'Etat dans un communiqu\u00e9.\u00a0 [&hellip;]","og_url":"https:\/\/www.justiceinfo.net\/fr\/29497-usa-les-familles-du-personnel-diplomatique-sommees-de-quitter-la-rdcongo-departement-d-etat.html","og_site_name":"JusticeInfo.net","article_publisher":"https:\/\/www.facebook.com\/JusticeInfo\/","article_published_time":"2016-09-30T01:57:46+00:00","og_image":[{"width":1200,"height":630,"url":"https:\/\/www.justiceinfo.net\/wp-content\/uploads\/JusticeInfoNet_logo_1200x630px.jpg","type":"image\/jpeg"}],"author":"AFP","twitter_card":"summary_large_image","twitter_creator":"@justiceinfonet","twitter_site":"@justiceinfonet","twitter_misc":{"\u00c9crit par":"AFP","Dur\u00e9e de lecture estim\u00e9e":"2 minutes"},"schema":{"@context":"https:\/\/schema.org","@graph":[{"@type":"NewsArticle","@id":"https:\/\/www.justiceinfo.net\/fr\/29497-usa-les-familles-du-personnel-diplomatique-sommees-de-quitter-la-rdcongo-departement-d-etat.html#article","isPartOf":{"@id":"https:\/\/www.justiceinfo.net\/fr\/29497-usa-les-familles-du-personnel-diplomatique-sommees-de-quitter-la-rdcongo-departement-d-etat.html"},"author":{"name":"afp","@id":"https:\/\/www.justiceinfo.net\/fr#\/schema\/person\/713d340ef5f218fc36ce9b4244364a7f"},"headline":"USA: les familles du personnel diplomatique somm\u00e9es de quitter la RDCongo (d\u00e9partement d'Etat)","datePublished":"2016-09-30T01:57:46+00:00","mainEntityOfPage":{"@id":"https:\/\/www.justiceinfo.net\/fr\/29497-usa-les-familles-du-personnel-diplomatique-sommees-de-quitter-la-rdcongo-departement-d-etat.html"},"wordCount":335,"commentCount":0,"publisher":{"@id":"https:\/\/www.justiceinfo.net\/fr#organization"},"articleSection":["Fil d'info AFP"],"inLanguage":"fr-FR","potentialAction":[{"@type":"CommentAction","name":"Comment","target":["https:\/\/www.justiceinfo.net\/fr\/29497-usa-les-familles-du-personnel-diplomatique-sommees-de-quitter-la-rdcongo-departement-d-etat.html#respond"]}]},{"@type":"WebPage","@id":"https:\/\/www.justiceinfo.net\/fr\/29497-usa-les-familles-du-personnel-diplomatique-sommees-de-quitter-la-rdcongo-departement-d-etat.html","url":"https:\/\/www.justiceinfo.net\/fr\/29497-usa-les-familles-du-personnel-diplomatique-sommees-de-quitter-la-rdcongo-departement-d-etat.html","name":"USA: les familles du personnel diplomatique somm\u00e9es de quitter la RDCongo (d\u00e9partement d'Etat) - JusticeInfo.net","isPartOf":{"@id":"https:\/\/www.justiceinfo.net\/fr#website"},"datePublished":"2016-09-30T01:57:46+00:00","breadcrumb":{"@id":"https:\/\/www.justiceinfo.net\/fr\/29497-usa-les-familles-du-personnel-diplomatique-sommees-de-quitter-la-rdcongo-departement-d-etat.html#breadcrumb"},"inLanguage":"fr-FR","potentialAction":[{"@type":"ReadAction","target":["https:\/\/www.justiceinfo.net\/fr\/29497-usa-les-familles-du-personnel-diplomatique-sommees-de-quitter-la-rdcongo-departement-d-etat.html"]}]},{"@type":"BreadcrumbList","@id":"https:\/\/www.justiceinfo.net\/fr\/29497-usa-les-familles-du-personnel-diplomatique-sommees-de-quitter-la-rdcongo-departement-d-etat.html#breadcrumb","itemListElement":[{"@type":"ListItem","position":1,"name":"Home","item":"https:\/\/www.justiceinfo.net\/fr"},{"@type":"ListItem","position":2,"name":"USA: les familles du personnel diplomatique somm\u00e9es de quitter la RDCongo (d\u00e9partement d'Etat)"}]},{"@type":"WebSite","@id":"https:\/\/www.justiceinfo.net\/fr#website","url":"https:\/\/www.justiceinfo.net\/fr","name":"JusticeInfo.net","description":"La justice doit \u00eatre vue pour \u00eatre rendue","publisher":{"@id":"https:\/\/www.justiceinfo.net\/fr#organization"},"potentialAction":[{"@type":"SearchAction","target":{"@type":"EntryPoint","urlTemplate":"https:\/\/www.justiceinfo.net\/fr?s={search_term_string}"},"query-input":{"@type":"PropertyValueSpecification","valueRequired":true,"valueName":"search_term_string"}}],"inLanguage":"fr-FR"},{"@type":"Organization","@id":"https:\/\/www.justiceinfo.net\/fr#organization","name":"Justice Info","url":"https:\/\/www.justiceinfo.net\/fr","logo":{"@type":"ImageObject","inLanguage":"fr-FR","@id":"https:\/\/www.justiceinfo.net\/fr#\/schema\/logo\/image\/","url":"https:\/\/www.justiceinfo.net\/wp-content\/uploads\/justiceinfo_logo-trans_1200x1200px.png","contentUrl":"https:\/\/www.justiceinfo.net\/wp-content\/uploads\/justiceinfo_logo-trans_1200x1200px.png","width":1199,"height":1200,"caption":"Justice Info"},"image":{"@id":"https:\/\/www.justiceinfo.net\/fr#\/schema\/logo\/image\/"},"sameAs":["https:\/\/www.facebook.com\/JusticeInfo\/","https:\/\/x.com\/justiceinfonet","https:\/\/www.linkedin.com\/company\/justice-info","https:\/\/www.youtube.com\/channel\/UCyCEsARodyuWtkWyhn-e7pA"]},{"@type":"Person","name":"AFP","url":"\/fr\/?s=AFP"}]}},"_links":{"self":[{"href":"https:\/\/www.justiceinfo.net\/fr\/wp-json\/wp\/v2\/posts\/29497","targetHints":{"allow":["GET"]}}],"collection":[{"href":"https:\/\/www.justiceinfo.net\/fr\/wp-json\/wp\/v2\/posts"}],"about":[{"href":"https:\/\/www.justiceinfo.net\/fr\/wp-json\/wp\/v2\/types\/post"}],"author":[{"embeddable":true,"href":"https:\/\/www.justiceinfo.net\/fr\/wp-json\/wp\/v2\/users\/60"}],"replies":[{"embeddable":true,"href":"https:\/\/www.justiceinfo.net\/fr\/wp-json\/wp\/v2\/comments?post=29497"}],"version-history":[{"count":0,"href":"https:\/\/www.justiceinfo.net\/fr\/wp-json\/wp\/v2\/posts\/29497\/revisions"}],"wp:attachment":[{"href":"https:\/\/www.justiceinfo.net\/fr\/wp-json\/wp\/v2\/media?parent=29497"}],"wp:term":[{"taxonomy":"category","embeddable":true,"href":"https:\/\/www.justiceinfo.net\/fr\/wp-json\/wp\/v2\/categories?post=29497"},{"taxonomy":"post_tag","embeddable":true,"href":"https:\/\/www.justiceinfo.net\/fr\/wp-json\/wp\/v2\/tags?post=29497"},{"taxonomy":"ji_location","embeddable":true,"href":"https:\/\/www.justiceinfo.net\/fr\/wp-json\/wp\/v2\/ji_location?post=29497"}],"curies":[{"name":"wp","href":"https:\/\/api.w.org\/{rel}","templated":true}]}}