{"id":29513,"date":"2016-09-30T16:31:56","date_gmt":"2016-09-30T14:31:56","guid":{"rendered":"https:\/\/www.justiceinfo.net\/29513-rdc-des-negociations-directes-engagees-au-dialogue-national.html"},"modified":"2016-09-30T16:31:56","modified_gmt":"2016-09-30T14:31:56","slug":"rdc-des-negociations-directes-engagees-au-dialogue-national","status":"publish","type":"post","link":"https:\/\/www.justiceinfo.net\/fr\/29513-rdc-des-negociations-directes-engagees-au-dialogue-national.html","title":{"rendered":"RDC: des n\u00e9gociations directes engag\u00e9es au \"dialogue national\""},"content":{"rendered":"<div id=\"textscroller\" class=\"textContent tinyscrollbar-y jq_resizeScroll jq_columns fontsize_0\">\n<p>Les d\u00e9l\u00e9gu\u00e9s au \"dialogue national\" ont d\u00e9cid\u00e9 vendredi \u00e0 Kinshasa d'engager des \"n\u00e9gociations directes\" en vue de la signature d'un accord devant sanctionner la fin de ces assises cens\u00e9es r\u00e9soudre la crise en R\u00e9publique d\u00e9mocratique du Congo, apr\u00e8s dix jours de suspension des travaux.<\/p>\n<p>\"Des n\u00e9gociations directes sur les points de divergences relev\u00e9s dans le projet d'accord remis par le facilitateur sont d\u00e9sormais engag\u00e9es\", a d\u00e9clar\u00e9 \u00e0 la presse Jean-Lucien Bussa, porte-parole de la d\u00e9l\u00e9gation de l'opposition au dialogue.<\/p>\n<p>Le facilitateur de l'Union africaine (UA), l'ancien Premier ministre togolais, avait remis \u00e0 tous les d\u00e9l\u00e9gu\u00e9s un projet d'accord lors de la deuxi\u00e8me suspension des travaux le 23 septembre, pour d'\u00e9ventuels amendements.\u00a0<\/p>\n<p>\"Nous entendrons (samedi) le pr\u00e9sident de la C\u00e9ni (Commission \u00e9lectorale de la RDC) et aussit\u00f4t, le groupe de travail compos\u00e9 des d\u00e9l\u00e9gu\u00e9s de la majorit\u00e9, de l'opposition, de la soci\u00e9t\u00e9 civile et des personnalit\u00e9s va chercher \u00e0 d\u00e9gager un compromis sur un accord politique\", a d\u00e9clar\u00e9 pour sa part She Okitundu, porte-parole de la majorit\u00e9 au dialogue.<\/p>\n<p>A la reprise, le d\u00e9l\u00e9gu\u00e9 de l\u2019\u00c9glise catholique, qui avait suspendu sa participation aux travaux depuis le 20 septembre apr\u00e8s les \u00e9meutes de 19 et 20 septembre, n'a pas pris part aux travaux.<\/p>\n<p>\"L\u2019\u00c9glise catholique joue son r\u00f4le conform\u00e9ment \u00e0 des options qu'elle a clairement d\u00e9clin\u00e9es\", a indiqu\u00e9 M. Bussa, pr\u00e9cisant que \"les \u00e9v\u00eaques sont en contact avec tout le monde, y compris les absents\" au \"dialogue national\".<\/p>\n<p>D\u00e9j\u00e0 le 6 septembre la conf\u00e9rence des \u00e9v\u00eaques catholique de la RDC (Cenco) avait promis de quitter le \"dialogue national\" si jamais les d\u00e9l\u00e9gu\u00e9s \"se mettaient \u00e0 n\u00e9gocier ce qui pourrait ressembler \u00e0 un mandat d\u00e9guis\u00e9\" en faveur de M. Kabila.<\/p>\n<p>La d\u00e9l\u00e9gation de l'opposition au dialogue a r\u00e9affirm\u00e9 qu'elle ne comptait pas \"transiger\" sur \"les principes qui fondent l'alternance en RDC, \u00e0 savoir deux mandats pour le pr\u00e9sident de la R\u00e9publique\", a martel\u00e9 M. Bussa.<\/p>\n<p>\"Si transition il y a, cette p\u00e9riode d'int\u00e9rim doit \u00eatre la plus courte possible et techniquement justifi\u00e9e\", a pr\u00e9cis\u00e9 M. Bussa.<\/p>\n<p>Plusieurs opposants au \"dialogue national\" accusent la commission \u00e9lectorale nationale ind\u00e9pendante (C\u00e9ni) de projeter \"d'organiser les \u00e9lections en 2018\".\u00a0<\/p>\n<p>La Constitution interdit \u00e0 M. Kabila, au pouvoir depuis 2001, de se repr\u00e9senter \u00e0 la fin de son mandat, mais le chef de l\u2019\u00c9tat ne donne aucun signe de vouloir quitter son poste alors que le scrutin pr\u00e9sidentiel appara\u00eet d\u00e9sormais impossible \u00e0 organiser dans les temps.<\/p>\n<\/div>\n","protected":false},"excerpt":{"rendered":"<p>Les d\u00e9l\u00e9gu\u00e9s au \"dialogue national\" ont d\u00e9cid\u00e9 vendredi \u00e0 Kinshasa d'engager des \"n\u00e9gociations directes\" en vue de la signature d'un accord devant sanctionner la fin de ces assises cens\u00e9es r\u00e9soudre la crise en R\u00e9publique d\u00e9mocratique du Congo, apr\u00e8s dix jours de suspension des travaux. \"Des n\u00e9gociations directes sur les points de divergences relev\u00e9s dans le [&hellip;]<\/p>\n","protected":false},"author":60,"featured_media":0,"comment_status":"open","ping_status":"closed","sticky":false,"template":"","format":"standard","meta":{"_acf_changed":false,"footnotes":""},"categories":[2576],"tags":[],"ji_location":[2196],"class_list":["post-29513","post","type-post","status-publish","format-standard","hentry","category-fil-d-actualite","ji_location-republique-democratique-du-congo"],"acf":[],"yoast_head":"<!-- This site is optimized with the Yoast SEO Premium plugin v25.3.1 (Yoast SEO v25.3.1) - https:\/\/yoast.com\/wordpress\/plugins\/seo\/ -->\n<title>RDC: des n\u00e9gociations directes engag\u00e9es au &quot;dialogue national&quot; - JusticeInfo.net<\/title>\n<meta name=\"robots\" content=\"index, follow, max-snippet:-1, max-image-preview:large, max-video-preview:-1\" \/>\n<link rel=\"canonical\" href=\"https:\/\/www.justiceinfo.net\/fr\/29513-rdc-des-negociations-directes-engagees-au-dialogue-national.html\" \/>\n<meta property=\"og:locale\" content=\"fr_FR\" \/>\n<meta property=\"og:type\" content=\"article\" \/>\n<meta property=\"og:title\" content=\"RDC: des n\u00e9gociations directes engag\u00e9es au &quot;dialogue national&quot;\" \/>\n<meta property=\"og:description\" content=\"Les d\u00e9l\u00e9gu\u00e9s au &quot;dialogue national&quot; ont d\u00e9cid\u00e9 vendredi \u00e0 Kinshasa d&#039;engager des &quot;n\u00e9gociations directes&quot; en vue de la signature d&#039;un accord devant sanctionner la fin de ces assises cens\u00e9es r\u00e9soudre la crise en R\u00e9publique d\u00e9mocratique du Congo, apr\u00e8s dix jours de suspension des travaux. &quot;Des n\u00e9gociations directes sur les points de divergences relev\u00e9s dans le [&hellip;]\" \/>\n<meta property=\"og:url\" content=\"https:\/\/www.justiceinfo.net\/fr\/29513-rdc-des-negociations-directes-engagees-au-dialogue-national.html\" \/>\n<meta property=\"og:site_name\" content=\"JusticeInfo.net\" \/>\n<meta property=\"article:publisher\" content=\"https:\/\/www.facebook.com\/JusticeInfo\/\" \/>\n<meta property=\"article:published_time\" content=\"2016-09-30T14:31:56+00:00\" \/>\n<meta property=\"og:image\" content=\"https:\/\/www.justiceinfo.net\/wp-content\/uploads\/JusticeInfoNet_logo_1200x630px.jpg\" \/>\n\t<meta property=\"og:image:width\" content=\"1200\" \/>\n\t<meta property=\"og:image:height\" content=\"630\" \/>\n\t<meta property=\"og:image:type\" content=\"image\/jpeg\" \/>\n<meta name=\"author\" content=\"AFP\" \/>\n<meta name=\"twitter:card\" content=\"summary_large_image\" \/>\n<meta name=\"twitter:creator\" content=\"@justiceinfonet\" \/>\n<meta name=\"twitter:site\" content=\"@justiceinfonet\" \/>\n<meta name=\"twitter:label1\" content=\"\u00c9crit par\" \/>\n\t<meta name=\"twitter:data1\" content=\"AFP\" \/>\n\t<meta name=\"twitter:label2\" content=\"Dur\u00e9e de lecture estim\u00e9e\" \/>\n\t<meta name=\"twitter:data2\" content=\"2 minutes\" \/>\n<script type=\"application\/ld+json\" class=\"yoast-schema-graph\">{\"@context\":\"https:\/\/schema.org\",\"@graph\":[{\"@type\":\"NewsArticle\",\"@id\":\"https:\/\/www.justiceinfo.net\/fr\/29513-rdc-des-negociations-directes-engagees-au-dialogue-national.html#article\",\"isPartOf\":{\"@id\":\"https:\/\/www.justiceinfo.net\/fr\/29513-rdc-des-negociations-directes-engagees-au-dialogue-national.html\"},\"author\":{\"name\":\"afp\",\"@id\":\"https:\/\/www.justiceinfo.net\/fr#\/schema\/person\/713d340ef5f218fc36ce9b4244364a7f\"},\"headline\":\"RDC: des n\u00e9gociations directes engag\u00e9es au \\\"dialogue national\\\"\",\"datePublished\":\"2016-09-30T14:31:56+00:00\",\"mainEntityOfPage\":{\"@id\":\"https:\/\/www.justiceinfo.net\/fr\/29513-rdc-des-negociations-directes-engagees-au-dialogue-national.html\"},\"wordCount\":472,\"commentCount\":0,\"publisher\":{\"@id\":\"https:\/\/www.justiceinfo.net\/fr#organization\"},\"articleSection\":[\"Fil d'info AFP\"],\"inLanguage\":\"fr-FR\",\"potentialAction\":[{\"@type\":\"CommentAction\",\"name\":\"Comment\",\"target\":[\"https:\/\/www.justiceinfo.net\/fr\/29513-rdc-des-negociations-directes-engagees-au-dialogue-national.html#respond\"]}]},{\"@type\":\"WebPage\",\"@id\":\"https:\/\/www.justiceinfo.net\/fr\/29513-rdc-des-negociations-directes-engagees-au-dialogue-national.html\",\"url\":\"https:\/\/www.justiceinfo.net\/fr\/29513-rdc-des-negociations-directes-engagees-au-dialogue-national.html\",\"name\":\"RDC: des n\u00e9gociations directes engag\u00e9es au \\\"dialogue national\\\" - JusticeInfo.net\",\"isPartOf\":{\"@id\":\"https:\/\/www.justiceinfo.net\/fr#website\"},\"datePublished\":\"2016-09-30T14:31:56+00:00\",\"breadcrumb\":{\"@id\":\"https:\/\/www.justiceinfo.net\/fr\/29513-rdc-des-negociations-directes-engagees-au-dialogue-national.html#breadcrumb\"},\"inLanguage\":\"fr-FR\",\"potentialAction\":[{\"@type\":\"ReadAction\",\"target\":[\"https:\/\/www.justiceinfo.net\/fr\/29513-rdc-des-negociations-directes-engagees-au-dialogue-national.html\"]}]},{\"@type\":\"BreadcrumbList\",\"@id\":\"https:\/\/www.justiceinfo.net\/fr\/29513-rdc-des-negociations-directes-engagees-au-dialogue-national.html#breadcrumb\",\"itemListElement\":[{\"@type\":\"ListItem\",\"position\":1,\"name\":\"Home\",\"item\":\"https:\/\/www.justiceinfo.net\/fr\"},{\"@type\":\"ListItem\",\"position\":2,\"name\":\"RDC: des n\u00e9gociations directes engag\u00e9es au \\\"dialogue national\\\"\"}]},{\"@type\":\"WebSite\",\"@id\":\"https:\/\/www.justiceinfo.net\/fr#website\",\"url\":\"https:\/\/www.justiceinfo.net\/fr\",\"name\":\"JusticeInfo.net\",\"description\":\"La justice doit \u00eatre vue pour \u00eatre rendue\",\"publisher\":{\"@id\":\"https:\/\/www.justiceinfo.net\/fr#organization\"},\"potentialAction\":[{\"@type\":\"SearchAction\",\"target\":{\"@type\":\"EntryPoint\",\"urlTemplate\":\"https:\/\/www.justiceinfo.net\/fr?s={search_term_string}\"},\"query-input\":{\"@type\":\"PropertyValueSpecification\",\"valueRequired\":true,\"valueName\":\"search_term_string\"}}],\"inLanguage\":\"fr-FR\"},{\"@type\":\"Organization\",\"@id\":\"https:\/\/www.justiceinfo.net\/fr#organization\",\"name\":\"Justice Info\",\"url\":\"https:\/\/www.justiceinfo.net\/fr\",\"logo\":{\"@type\":\"ImageObject\",\"inLanguage\":\"fr-FR\",\"@id\":\"https:\/\/www.justiceinfo.net\/fr#\/schema\/logo\/image\/\",\"url\":\"https:\/\/www.justiceinfo.net\/wp-content\/uploads\/justiceinfo_logo-trans_1200x1200px.png\",\"contentUrl\":\"https:\/\/www.justiceinfo.net\/wp-content\/uploads\/justiceinfo_logo-trans_1200x1200px.png\",\"width\":1199,\"height\":1200,\"caption\":\"Justice Info\"},\"image\":{\"@id\":\"https:\/\/www.justiceinfo.net\/fr#\/schema\/logo\/image\/\"},\"sameAs\":[\"https:\/\/www.facebook.com\/JusticeInfo\/\",\"https:\/\/x.com\/justiceinfonet\",\"https:\/\/www.linkedin.com\/company\/justice-info\",\"https:\/\/www.youtube.com\/channel\/UCyCEsARodyuWtkWyhn-e7pA\"]},{\"@type\":\"Person\",\"name\":\"AFP\",\"url\":\"\/fr\/?s=AFP\"}]}<\/script>\n<!-- \/ Yoast SEO Premium plugin. -->","yoast_head_json":{"title":"RDC: des n\u00e9gociations directes engag\u00e9es au \"dialogue national\" - JusticeInfo.net","robots":{"index":"index","follow":"follow","max-snippet":"max-snippet:-1","max-image-preview":"max-image-preview:large","max-video-preview":"max-video-preview:-1"},"canonical":"https:\/\/www.justiceinfo.net\/fr\/29513-rdc-des-negociations-directes-engagees-au-dialogue-national.html","og_locale":"fr_FR","og_type":"article","og_title":"RDC: des n\u00e9gociations directes engag\u00e9es au \"dialogue national\"","og_description":"Les d\u00e9l\u00e9gu\u00e9s au \"dialogue national\" ont d\u00e9cid\u00e9 vendredi \u00e0 Kinshasa d'engager des \"n\u00e9gociations directes\" en vue de la signature d'un accord devant sanctionner la fin de ces assises cens\u00e9es r\u00e9soudre la crise en R\u00e9publique d\u00e9mocratique du Congo, apr\u00e8s dix jours de suspension des travaux. \"Des n\u00e9gociations directes sur les points de divergences relev\u00e9s dans le [&hellip;]","og_url":"https:\/\/www.justiceinfo.net\/fr\/29513-rdc-des-negociations-directes-engagees-au-dialogue-national.html","og_site_name":"JusticeInfo.net","article_publisher":"https:\/\/www.facebook.com\/JusticeInfo\/","article_published_time":"2016-09-30T14:31:56+00:00","og_image":[{"width":1200,"height":630,"url":"https:\/\/www.justiceinfo.net\/wp-content\/uploads\/JusticeInfoNet_logo_1200x630px.jpg","type":"image\/jpeg"}],"author":"AFP","twitter_card":"summary_large_image","twitter_creator":"@justiceinfonet","twitter_site":"@justiceinfonet","twitter_misc":{"\u00c9crit par":"AFP","Dur\u00e9e de lecture estim\u00e9e":"2 minutes"},"schema":{"@context":"https:\/\/schema.org","@graph":[{"@type":"NewsArticle","@id":"https:\/\/www.justiceinfo.net\/fr\/29513-rdc-des-negociations-directes-engagees-au-dialogue-national.html#article","isPartOf":{"@id":"https:\/\/www.justiceinfo.net\/fr\/29513-rdc-des-negociations-directes-engagees-au-dialogue-national.html"},"author":{"name":"afp","@id":"https:\/\/www.justiceinfo.net\/fr#\/schema\/person\/713d340ef5f218fc36ce9b4244364a7f"},"headline":"RDC: des n\u00e9gociations directes engag\u00e9es au \"dialogue national\"","datePublished":"2016-09-30T14:31:56+00:00","mainEntityOfPage":{"@id":"https:\/\/www.justiceinfo.net\/fr\/29513-rdc-des-negociations-directes-engagees-au-dialogue-national.html"},"wordCount":472,"commentCount":0,"publisher":{"@id":"https:\/\/www.justiceinfo.net\/fr#organization"},"articleSection":["Fil d'info AFP"],"inLanguage":"fr-FR","potentialAction":[{"@type":"CommentAction","name":"Comment","target":["https:\/\/www.justiceinfo.net\/fr\/29513-rdc-des-negociations-directes-engagees-au-dialogue-national.html#respond"]}]},{"@type":"WebPage","@id":"https:\/\/www.justiceinfo.net\/fr\/29513-rdc-des-negociations-directes-engagees-au-dialogue-national.html","url":"https:\/\/www.justiceinfo.net\/fr\/29513-rdc-des-negociations-directes-engagees-au-dialogue-national.html","name":"RDC: des n\u00e9gociations directes engag\u00e9es au \"dialogue national\" - JusticeInfo.net","isPartOf":{"@id":"https:\/\/www.justiceinfo.net\/fr#website"},"datePublished":"2016-09-30T14:31:56+00:00","breadcrumb":{"@id":"https:\/\/www.justiceinfo.net\/fr\/29513-rdc-des-negociations-directes-engagees-au-dialogue-national.html#breadcrumb"},"inLanguage":"fr-FR","potentialAction":[{"@type":"ReadAction","target":["https:\/\/www.justiceinfo.net\/fr\/29513-rdc-des-negociations-directes-engagees-au-dialogue-national.html"]}]},{"@type":"BreadcrumbList","@id":"https:\/\/www.justiceinfo.net\/fr\/29513-rdc-des-negociations-directes-engagees-au-dialogue-national.html#breadcrumb","itemListElement":[{"@type":"ListItem","position":1,"name":"Home","item":"https:\/\/www.justiceinfo.net\/fr"},{"@type":"ListItem","position":2,"name":"RDC: des n\u00e9gociations directes engag\u00e9es au \"dialogue national\""}]},{"@type":"WebSite","@id":"https:\/\/www.justiceinfo.net\/fr#website","url":"https:\/\/www.justiceinfo.net\/fr","name":"JusticeInfo.net","description":"La justice doit \u00eatre vue pour \u00eatre rendue","publisher":{"@id":"https:\/\/www.justiceinfo.net\/fr#organization"},"potentialAction":[{"@type":"SearchAction","target":{"@type":"EntryPoint","urlTemplate":"https:\/\/www.justiceinfo.net\/fr?s={search_term_string}"},"query-input":{"@type":"PropertyValueSpecification","valueRequired":true,"valueName":"search_term_string"}}],"inLanguage":"fr-FR"},{"@type":"Organization","@id":"https:\/\/www.justiceinfo.net\/fr#organization","name":"Justice Info","url":"https:\/\/www.justiceinfo.net\/fr","logo":{"@type":"ImageObject","inLanguage":"fr-FR","@id":"https:\/\/www.justiceinfo.net\/fr#\/schema\/logo\/image\/","url":"https:\/\/www.justiceinfo.net\/wp-content\/uploads\/justiceinfo_logo-trans_1200x1200px.png","contentUrl":"https:\/\/www.justiceinfo.net\/wp-content\/uploads\/justiceinfo_logo-trans_1200x1200px.png","width":1199,"height":1200,"caption":"Justice Info"},"image":{"@id":"https:\/\/www.justiceinfo.net\/fr#\/schema\/logo\/image\/"},"sameAs":["https:\/\/www.facebook.com\/JusticeInfo\/","https:\/\/x.com\/justiceinfonet","https:\/\/www.linkedin.com\/company\/justice-info","https:\/\/www.youtube.com\/channel\/UCyCEsARodyuWtkWyhn-e7pA"]},{"@type":"Person","name":"AFP","url":"\/fr\/?s=AFP"}]}},"_links":{"self":[{"href":"https:\/\/www.justiceinfo.net\/fr\/wp-json\/wp\/v2\/posts\/29513","targetHints":{"allow":["GET"]}}],"collection":[{"href":"https:\/\/www.justiceinfo.net\/fr\/wp-json\/wp\/v2\/posts"}],"about":[{"href":"https:\/\/www.justiceinfo.net\/fr\/wp-json\/wp\/v2\/types\/post"}],"author":[{"embeddable":true,"href":"https:\/\/www.justiceinfo.net\/fr\/wp-json\/wp\/v2\/users\/60"}],"replies":[{"embeddable":true,"href":"https:\/\/www.justiceinfo.net\/fr\/wp-json\/wp\/v2\/comments?post=29513"}],"version-history":[{"count":0,"href":"https:\/\/www.justiceinfo.net\/fr\/wp-json\/wp\/v2\/posts\/29513\/revisions"}],"wp:attachment":[{"href":"https:\/\/www.justiceinfo.net\/fr\/wp-json\/wp\/v2\/media?parent=29513"}],"wp:term":[{"taxonomy":"category","embeddable":true,"href":"https:\/\/www.justiceinfo.net\/fr\/wp-json\/wp\/v2\/categories?post=29513"},{"taxonomy":"post_tag","embeddable":true,"href":"https:\/\/www.justiceinfo.net\/fr\/wp-json\/wp\/v2\/tags?post=29513"},{"taxonomy":"ji_location","embeddable":true,"href":"https:\/\/www.justiceinfo.net\/fr\/wp-json\/wp\/v2\/ji_location?post=29513"}],"curies":[{"name":"wp","href":"https:\/\/api.w.org\/{rel}","templated":true}]}}