{"id":29594,"date":"2016-10-04T09:25:02","date_gmt":"2016-10-04T07:25:02","guid":{"rendered":"https:\/\/www.justiceinfo.net\/29594-syrie-le-haut-commissaire-aux-droits-de-l-homme-contre-le-veto-des-cinq-grands-a-l-onu.html"},"modified":"2016-10-04T09:25:02","modified_gmt":"2016-10-04T07:25:02","slug":"syrie-le-haut-commissaire-aux-droits-de-l-homme-contre-le-veto-des-cinq-grands-a-l-onu","status":"publish","type":"post","link":"https:\/\/www.justiceinfo.net\/fr\/29594-syrie-le-haut-commissaire-aux-droits-de-l-homme-contre-le-veto-des-cinq-grands-a-l-onu.html","title":{"rendered":"Syrie: le Haut-Commissaire aux droits de l'Homme contre le veto des cinq Grands \u00e0 l'ONU"},"content":{"rendered":"<p><em><strong>Le Haut-Commissaire de l'ONU aux droits de l'Homme, Zeid Ra'ad Al Hussein, a estim\u00e9 mardi que la \"trag\u00e9die\" qui se d\u00e9roule dans la ville syrienne d'Alep n\u00e9cessite la limitation \"sans d\u00e9lai\" du droit de veto des cinq membres permanents du Conseil de s\u00e9curit\u00e9.<\/strong><\/em><\/p>\n<p><em><strong>\"Je suis fermement convaincu (...) que le Conseil de s\u00e9curit\u00e9 des Nations unies devrait, sans d\u00e9lai, adopter des crit\u00e8res pour emp\u00eacher ses membres d'utiliser leur veto lorsqu'il existe des pr\u00e9occupations graves quant \u00e0 de possibles crimes de guerre, crimes contre l'humanit\u00e9 ou g\u00e9nocide\", a d\u00e9clar\u00e9 M. Zeid, dans un communiqu\u00e9.<\/strong><\/em><\/p>\n<p>Les membres du Conseil ayant un droit de veto sont les cinq membres permanents: Etats-Unis, Russie, Chine, France, Grande-Bretagne.<\/p>\n<p>\"Cette initiative cruciale permettra au Conseil de s\u00e9curit\u00e9 des Nations unies de renvoyer la situation en Syrie devant la Cour p\u00e9nale internationale\", a-t-il expliqu\u00e9.<\/p>\n<p>\"Un tel renvoi serait plus que justifi\u00e9 au regard de l'impunit\u00e9 end\u00e9mique et profond\u00e9ment choquante qui caract\u00e9rise le conflit et de l'ampleur des crimes commis, dont certains pourraient constituer des crimes de guerre ou des crimes contre l'humanit\u00e9\", a-t-il dit.<\/p>\n<p>Face aux crimes commis en Syrie, le Haut-Commissaire et la Commission d'enqu\u00eate de l'ONU sur la Syrie ont demand\u00e9 \u00e0 plusieurs reprises la saisine de la Cour p\u00e9nale internationale par le Conseil de s\u00e9curit\u00e9. Cette hypoth\u00e8se reste peu vraisemblable car le Conseil reste divis\u00e9, la Russie continuant de prot\u00e9ger son alli\u00e9 syrien.<\/p>\n<p>Un porte-parole de M. Zeid, Rupert Colville, a toutefois estim\u00e9 mardi \"r\u00e9aliste\" une limitation du veto, soulignant que la France avait d\u00e9j\u00e0 lanc\u00e9 l'id\u00e9e d'une telle limitation dans le cas des crimes de guerre.<\/p>\n<p>\"N'oublions pas que la destruction de villes telles que Varsovie, Stalingrad et Dresde, et l'horreur inflig\u00e9e aux civils, ont grandement contribu\u00e9 \u00e0 la cr\u00e9ation des Nations unies. Nous ne pouvons pas nous permettre d'\u00e9chouer \u00e0 Alep\", a averti le Haut-Commissaire.<\/p>\n<p>\"Nous ne pouvons pas nous permettre de continuer \u00e0 faire d\u00e9faut aux milliers d'enfants pris au pi\u00e8ge dans cette ville, dans l'attente d'un massacre\", a-t-il dit, notant que depuis le 21 septembre des centaines de civils ont \u00e9t\u00e9 tu\u00e9s, parmi lesquels au moins 100 enfants.<\/p>\n<p>\"Depuis le lancement de la nouvelle offensive contre les quartiers tenus par l'opposition dans l'est d'Alep par le gouvernement syrien et ses alli\u00e9s, des images de souffrance et de mort envahissent nos \u00e9crans. Face \u00e0 une avalanche aussi effroyable de violence et de destruction, des mesures extraordinaires doivent \u00eatre prises\", a-t-il insist\u00e9.<\/p>\n<p>Cette demande intervient alors que les Etats-Unis ont suspendu lundi leurs pourparlers avec la Russie sur un cessez-le-feu en Syrie, apr\u00e8s la destruction totale du plus grand h\u00f4pital du secteur rebelle d'Alep dans un bombardement a\u00e9rien.<\/p>\n","protected":false},"excerpt":{"rendered":"<p>Le Haut-Commissaire de l'ONU aux droits de l'Homme, Zeid Ra'ad Al Hussein, a estim\u00e9 mardi que la \"trag\u00e9die\" qui se d\u00e9roule dans la ville syrienne d'Alep n\u00e9cessite la limitation \"sans d\u00e9lai\" du droit de veto des cinq membres permanents du Conseil de s\u00e9curit\u00e9. \"Je suis fermement convaincu (...) que le Conseil de s\u00e9curit\u00e9 des Nations [&hellip;]<\/p>\n","protected":false},"author":60,"featured_media":65697,"comment_status":"open","ping_status":"closed","sticky":false,"template":"","format":"standard","meta":{"_acf_changed":false,"footnotes":""},"categories":[556],"tags":[],"ji_location":[2498],"class_list":["post-29594","post","type-post","status-publish","format-standard","has-post-thumbnail","hentry","category-divers","ji_location-syrie"],"acf":[],"yoast_head":"<!-- This site is optimized with the Yoast SEO Premium plugin v25.3.1 (Yoast SEO v25.3.1) - https:\/\/yoast.com\/wordpress\/plugins\/seo\/ -->\n<title>Syrie: le Haut-Commissaire aux droits de l&#039;Homme contre le veto des cinq Grands \u00e0 l&#039;ONU - JusticeInfo.net<\/title>\n<meta name=\"robots\" content=\"index, follow, max-snippet:-1, max-image-preview:large, max-video-preview:-1\" \/>\n<link rel=\"canonical\" href=\"https:\/\/www.justiceinfo.net\/fr\/29594-syrie-le-haut-commissaire-aux-droits-de-l-homme-contre-le-veto-des-cinq-grands-a-l-onu.html\" \/>\n<meta property=\"og:locale\" content=\"fr_FR\" \/>\n<meta property=\"og:type\" content=\"article\" \/>\n<meta property=\"og:title\" content=\"Syrie: le Haut-Commissaire aux droits de l&#039;Homme contre le veto des cinq Grands \u00e0 l&#039;ONU\" \/>\n<meta property=\"og:description\" content=\"Le Haut-Commissaire de l&#039;ONU aux droits de l&#039;Homme, Zeid Ra&#039;ad Al Hussein, a estim\u00e9 mardi que la &quot;trag\u00e9die&quot; qui se d\u00e9roule dans la ville syrienne d&#039;Alep n\u00e9cessite la limitation &quot;sans d\u00e9lai&quot; du droit de veto des cinq membres permanents du Conseil de s\u00e9curit\u00e9. &quot;Je suis fermement convaincu (...) que le Conseil de s\u00e9curit\u00e9 des Nations [&hellip;]\" \/>\n<meta property=\"og:url\" content=\"https:\/\/www.justiceinfo.net\/fr\/29594-syrie-le-haut-commissaire-aux-droits-de-l-homme-contre-le-veto-des-cinq-grands-a-l-onu.html\" \/>\n<meta property=\"og:site_name\" content=\"JusticeInfo.net\" \/>\n<meta property=\"article:publisher\" content=\"https:\/\/www.facebook.com\/JusticeInfo\/\" \/>\n<meta property=\"article:published_time\" content=\"2016-10-04T07:25:02+00:00\" \/>\n<meta property=\"og:image\" content=\"https:\/\/www.justiceinfo.net\/wp-content\/uploads\/4954494e73ce30f00a7187b3b85f2c91-scaled.jpg\" \/>\n\t<meta property=\"og:image:width\" content=\"2560\" \/>\n\t<meta property=\"og:image:height\" content=\"1704\" \/>\n\t<meta property=\"og:image:type\" content=\"image\/jpeg\" \/>\n<meta name=\"author\" content=\"AFP\" \/>\n<meta name=\"twitter:card\" content=\"summary_large_image\" \/>\n<meta name=\"twitter:creator\" content=\"@justiceinfonet\" \/>\n<meta name=\"twitter:site\" content=\"@justiceinfonet\" \/>\n<meta name=\"twitter:label1\" content=\"\u00c9crit par\" \/>\n\t<meta name=\"twitter:data1\" content=\"AFP\" \/>\n\t<meta name=\"twitter:label2\" content=\"Dur\u00e9e de lecture estim\u00e9e\" \/>\n\t<meta name=\"twitter:data2\" content=\"2 minutes\" \/>\n<script type=\"application\/ld+json\" class=\"yoast-schema-graph\">{\"@context\":\"https:\/\/schema.org\",\"@graph\":[{\"@type\":\"NewsArticle\",\"@id\":\"https:\/\/www.justiceinfo.net\/fr\/29594-syrie-le-haut-commissaire-aux-droits-de-l-homme-contre-le-veto-des-cinq-grands-a-l-onu.html#article\",\"isPartOf\":{\"@id\":\"https:\/\/www.justiceinfo.net\/fr\/29594-syrie-le-haut-commissaire-aux-droits-de-l-homme-contre-le-veto-des-cinq-grands-a-l-onu.html\"},\"author\":{\"name\":\"afp\",\"@id\":\"https:\/\/www.justiceinfo.net\/fr#\/schema\/person\/713d340ef5f218fc36ce9b4244364a7f\"},\"headline\":\"Syrie: le Haut-Commissaire aux droits de l'Homme contre le veto des cinq Grands \u00e0 l'ONU\",\"datePublished\":\"2016-10-04T07:25:02+00:00\",\"mainEntityOfPage\":{\"@id\":\"https:\/\/www.justiceinfo.net\/fr\/29594-syrie-le-haut-commissaire-aux-droits-de-l-homme-contre-le-veto-des-cinq-grands-a-l-onu.html\"},\"wordCount\":500,\"commentCount\":0,\"publisher\":{\"@id\":\"https:\/\/www.justiceinfo.net\/fr#organization\"},\"image\":{\"@id\":\"https:\/\/www.justiceinfo.net\/fr\/29594-syrie-le-haut-commissaire-aux-droits-de-l-homme-contre-le-veto-des-cinq-grands-a-l-onu.html#primaryimage\"},\"thumbnailUrl\":\"https:\/\/www.justiceinfo.net\/wp-content\/uploads\/4954494e73ce30f00a7187b3b85f2c91-scaled.jpg\",\"articleSection\":[\"Divers\"],\"inLanguage\":\"fr-FR\",\"potentialAction\":[{\"@type\":\"CommentAction\",\"name\":\"Comment\",\"target\":[\"https:\/\/www.justiceinfo.net\/fr\/29594-syrie-le-haut-commissaire-aux-droits-de-l-homme-contre-le-veto-des-cinq-grands-a-l-onu.html#respond\"]}]},{\"@type\":\"WebPage\",\"@id\":\"https:\/\/www.justiceinfo.net\/fr\/29594-syrie-le-haut-commissaire-aux-droits-de-l-homme-contre-le-veto-des-cinq-grands-a-l-onu.html\",\"url\":\"https:\/\/www.justiceinfo.net\/fr\/29594-syrie-le-haut-commissaire-aux-droits-de-l-homme-contre-le-veto-des-cinq-grands-a-l-onu.html\",\"name\":\"Syrie: le Haut-Commissaire aux droits de l'Homme contre le veto des cinq Grands \u00e0 l'ONU - JusticeInfo.net\",\"isPartOf\":{\"@id\":\"https:\/\/www.justiceinfo.net\/fr#website\"},\"primaryImageOfPage\":{\"@id\":\"https:\/\/www.justiceinfo.net\/fr\/29594-syrie-le-haut-commissaire-aux-droits-de-l-homme-contre-le-veto-des-cinq-grands-a-l-onu.html#primaryimage\"},\"image\":{\"@id\":\"https:\/\/www.justiceinfo.net\/fr\/29594-syrie-le-haut-commissaire-aux-droits-de-l-homme-contre-le-veto-des-cinq-grands-a-l-onu.html#primaryimage\"},\"thumbnailUrl\":\"https:\/\/www.justiceinfo.net\/wp-content\/uploads\/4954494e73ce30f00a7187b3b85f2c91-scaled.jpg\",\"datePublished\":\"2016-10-04T07:25:02+00:00\",\"breadcrumb\":{\"@id\":\"https:\/\/www.justiceinfo.net\/fr\/29594-syrie-le-haut-commissaire-aux-droits-de-l-homme-contre-le-veto-des-cinq-grands-a-l-onu.html#breadcrumb\"},\"inLanguage\":\"fr-FR\",\"potentialAction\":[{\"@type\":\"ReadAction\",\"target\":[\"https:\/\/www.justiceinfo.net\/fr\/29594-syrie-le-haut-commissaire-aux-droits-de-l-homme-contre-le-veto-des-cinq-grands-a-l-onu.html\"]}]},{\"@type\":\"ImageObject\",\"inLanguage\":\"fr-FR\",\"@id\":\"https:\/\/www.justiceinfo.net\/fr\/29594-syrie-le-haut-commissaire-aux-droits-de-l-homme-contre-le-veto-des-cinq-grands-a-l-onu.html#primaryimage\",\"url\":\"https:\/\/www.justiceinfo.net\/wp-content\/uploads\/4954494e73ce30f00a7187b3b85f2c91-scaled.jpg\",\"contentUrl\":\"https:\/\/www.justiceinfo.net\/wp-content\/uploads\/4954494e73ce30f00a7187b3b85f2c91-scaled.jpg\",\"width\":2560,\"height\":1704},{\"@type\":\"BreadcrumbList\",\"@id\":\"https:\/\/www.justiceinfo.net\/fr\/29594-syrie-le-haut-commissaire-aux-droits-de-l-homme-contre-le-veto-des-cinq-grands-a-l-onu.html#breadcrumb\",\"itemListElement\":[{\"@type\":\"ListItem\",\"position\":1,\"name\":\"Home\",\"item\":\"https:\/\/www.justiceinfo.net\/fr\"},{\"@type\":\"ListItem\",\"position\":2,\"name\":\"Syrie: le Haut-Commissaire aux droits de l'Homme contre le veto des cinq Grands \u00e0 l'ONU\"}]},{\"@type\":\"WebSite\",\"@id\":\"https:\/\/www.justiceinfo.net\/fr#website\",\"url\":\"https:\/\/www.justiceinfo.net\/fr\",\"name\":\"JusticeInfo.net\",\"description\":\"La justice doit \u00eatre vue pour \u00eatre rendue\",\"publisher\":{\"@id\":\"https:\/\/www.justiceinfo.net\/fr#organization\"},\"potentialAction\":[{\"@type\":\"SearchAction\",\"target\":{\"@type\":\"EntryPoint\",\"urlTemplate\":\"https:\/\/www.justiceinfo.net\/fr?s={search_term_string}\"},\"query-input\":{\"@type\":\"PropertyValueSpecification\",\"valueRequired\":true,\"valueName\":\"search_term_string\"}}],\"inLanguage\":\"fr-FR\"},{\"@type\":\"Organization\",\"@id\":\"https:\/\/www.justiceinfo.net\/fr#organization\",\"name\":\"Justice Info\",\"url\":\"https:\/\/www.justiceinfo.net\/fr\",\"logo\":{\"@type\":\"ImageObject\",\"inLanguage\":\"fr-FR\",\"@id\":\"https:\/\/www.justiceinfo.net\/fr#\/schema\/logo\/image\/\",\"url\":\"https:\/\/www.justiceinfo.net\/wp-content\/uploads\/justiceinfo_logo-trans_1200x1200px.png\",\"contentUrl\":\"https:\/\/www.justiceinfo.net\/wp-content\/uploads\/justiceinfo_logo-trans_1200x1200px.png\",\"width\":1199,\"height\":1200,\"caption\":\"Justice Info\"},\"image\":{\"@id\":\"https:\/\/www.justiceinfo.net\/fr#\/schema\/logo\/image\/\"},\"sameAs\":[\"https:\/\/www.facebook.com\/JusticeInfo\/\",\"https:\/\/x.com\/justiceinfonet\",\"https:\/\/www.linkedin.com\/company\/justice-info\",\"https:\/\/www.youtube.com\/channel\/UCyCEsARodyuWtkWyhn-e7pA\"]},{\"@type\":\"Person\",\"name\":\"AFP\",\"url\":\"\/fr\/?s=AFP\"}]}<\/script>\n<!-- \/ Yoast SEO Premium plugin. -->","yoast_head_json":{"title":"Syrie: le Haut-Commissaire aux droits de l'Homme contre le veto des cinq Grands \u00e0 l'ONU - JusticeInfo.net","robots":{"index":"index","follow":"follow","max-snippet":"max-snippet:-1","max-image-preview":"max-image-preview:large","max-video-preview":"max-video-preview:-1"},"canonical":"https:\/\/www.justiceinfo.net\/fr\/29594-syrie-le-haut-commissaire-aux-droits-de-l-homme-contre-le-veto-des-cinq-grands-a-l-onu.html","og_locale":"fr_FR","og_type":"article","og_title":"Syrie: le Haut-Commissaire aux droits de l'Homme contre le veto des cinq Grands \u00e0 l'ONU","og_description":"Le Haut-Commissaire de l'ONU aux droits de l'Homme, Zeid Ra'ad Al Hussein, a estim\u00e9 mardi que la \"trag\u00e9die\" qui se d\u00e9roule dans la ville syrienne d'Alep n\u00e9cessite la limitation \"sans d\u00e9lai\" du droit de veto des cinq membres permanents du Conseil de s\u00e9curit\u00e9. \"Je suis fermement convaincu (...) que le Conseil de s\u00e9curit\u00e9 des Nations [&hellip;]","og_url":"https:\/\/www.justiceinfo.net\/fr\/29594-syrie-le-haut-commissaire-aux-droits-de-l-homme-contre-le-veto-des-cinq-grands-a-l-onu.html","og_site_name":"JusticeInfo.net","article_publisher":"https:\/\/www.facebook.com\/JusticeInfo\/","article_published_time":"2016-10-04T07:25:02+00:00","og_image":[{"width":2560,"height":1704,"url":"https:\/\/www.justiceinfo.net\/wp-content\/uploads\/4954494e73ce30f00a7187b3b85f2c91-scaled.jpg","type":"image\/jpeg"}],"author":"AFP","twitter_card":"summary_large_image","twitter_creator":"@justiceinfonet","twitter_site":"@justiceinfonet","twitter_misc":{"\u00c9crit par":"AFP","Dur\u00e9e de lecture estim\u00e9e":"2 minutes"},"schema":{"@context":"https:\/\/schema.org","@graph":[{"@type":"NewsArticle","@id":"https:\/\/www.justiceinfo.net\/fr\/29594-syrie-le-haut-commissaire-aux-droits-de-l-homme-contre-le-veto-des-cinq-grands-a-l-onu.html#article","isPartOf":{"@id":"https:\/\/www.justiceinfo.net\/fr\/29594-syrie-le-haut-commissaire-aux-droits-de-l-homme-contre-le-veto-des-cinq-grands-a-l-onu.html"},"author":{"name":"afp","@id":"https:\/\/www.justiceinfo.net\/fr#\/schema\/person\/713d340ef5f218fc36ce9b4244364a7f"},"headline":"Syrie: le Haut-Commissaire aux droits de l'Homme contre le veto des cinq Grands \u00e0 l'ONU","datePublished":"2016-10-04T07:25:02+00:00","mainEntityOfPage":{"@id":"https:\/\/www.justiceinfo.net\/fr\/29594-syrie-le-haut-commissaire-aux-droits-de-l-homme-contre-le-veto-des-cinq-grands-a-l-onu.html"},"wordCount":500,"commentCount":0,"publisher":{"@id":"https:\/\/www.justiceinfo.net\/fr#organization"},"image":{"@id":"https:\/\/www.justiceinfo.net\/fr\/29594-syrie-le-haut-commissaire-aux-droits-de-l-homme-contre-le-veto-des-cinq-grands-a-l-onu.html#primaryimage"},"thumbnailUrl":"https:\/\/www.justiceinfo.net\/wp-content\/uploads\/4954494e73ce30f00a7187b3b85f2c91-scaled.jpg","articleSection":["Divers"],"inLanguage":"fr-FR","potentialAction":[{"@type":"CommentAction","name":"Comment","target":["https:\/\/www.justiceinfo.net\/fr\/29594-syrie-le-haut-commissaire-aux-droits-de-l-homme-contre-le-veto-des-cinq-grands-a-l-onu.html#respond"]}]},{"@type":"WebPage","@id":"https:\/\/www.justiceinfo.net\/fr\/29594-syrie-le-haut-commissaire-aux-droits-de-l-homme-contre-le-veto-des-cinq-grands-a-l-onu.html","url":"https:\/\/www.justiceinfo.net\/fr\/29594-syrie-le-haut-commissaire-aux-droits-de-l-homme-contre-le-veto-des-cinq-grands-a-l-onu.html","name":"Syrie: le Haut-Commissaire aux droits de l'Homme contre le veto des cinq Grands \u00e0 l'ONU - JusticeInfo.net","isPartOf":{"@id":"https:\/\/www.justiceinfo.net\/fr#website"},"primaryImageOfPage":{"@id":"https:\/\/www.justiceinfo.net\/fr\/29594-syrie-le-haut-commissaire-aux-droits-de-l-homme-contre-le-veto-des-cinq-grands-a-l-onu.html#primaryimage"},"image":{"@id":"https:\/\/www.justiceinfo.net\/fr\/29594-syrie-le-haut-commissaire-aux-droits-de-l-homme-contre-le-veto-des-cinq-grands-a-l-onu.html#primaryimage"},"thumbnailUrl":"https:\/\/www.justiceinfo.net\/wp-content\/uploads\/4954494e73ce30f00a7187b3b85f2c91-scaled.jpg","datePublished":"2016-10-04T07:25:02+00:00","breadcrumb":{"@id":"https:\/\/www.justiceinfo.net\/fr\/29594-syrie-le-haut-commissaire-aux-droits-de-l-homme-contre-le-veto-des-cinq-grands-a-l-onu.html#breadcrumb"},"inLanguage":"fr-FR","potentialAction":[{"@type":"ReadAction","target":["https:\/\/www.justiceinfo.net\/fr\/29594-syrie-le-haut-commissaire-aux-droits-de-l-homme-contre-le-veto-des-cinq-grands-a-l-onu.html"]}]},{"@type":"ImageObject","inLanguage":"fr-FR","@id":"https:\/\/www.justiceinfo.net\/fr\/29594-syrie-le-haut-commissaire-aux-droits-de-l-homme-contre-le-veto-des-cinq-grands-a-l-onu.html#primaryimage","url":"https:\/\/www.justiceinfo.net\/wp-content\/uploads\/4954494e73ce30f00a7187b3b85f2c91-scaled.jpg","contentUrl":"https:\/\/www.justiceinfo.net\/wp-content\/uploads\/4954494e73ce30f00a7187b3b85f2c91-scaled.jpg","width":2560,"height":1704},{"@type":"BreadcrumbList","@id":"https:\/\/www.justiceinfo.net\/fr\/29594-syrie-le-haut-commissaire-aux-droits-de-l-homme-contre-le-veto-des-cinq-grands-a-l-onu.html#breadcrumb","itemListElement":[{"@type":"ListItem","position":1,"name":"Home","item":"https:\/\/www.justiceinfo.net\/fr"},{"@type":"ListItem","position":2,"name":"Syrie: le Haut-Commissaire aux droits de l'Homme contre le veto des cinq Grands \u00e0 l'ONU"}]},{"@type":"WebSite","@id":"https:\/\/www.justiceinfo.net\/fr#website","url":"https:\/\/www.justiceinfo.net\/fr","name":"JusticeInfo.net","description":"La justice doit \u00eatre vue pour \u00eatre rendue","publisher":{"@id":"https:\/\/www.justiceinfo.net\/fr#organization"},"potentialAction":[{"@type":"SearchAction","target":{"@type":"EntryPoint","urlTemplate":"https:\/\/www.justiceinfo.net\/fr?s={search_term_string}"},"query-input":{"@type":"PropertyValueSpecification","valueRequired":true,"valueName":"search_term_string"}}],"inLanguage":"fr-FR"},{"@type":"Organization","@id":"https:\/\/www.justiceinfo.net\/fr#organization","name":"Justice Info","url":"https:\/\/www.justiceinfo.net\/fr","logo":{"@type":"ImageObject","inLanguage":"fr-FR","@id":"https:\/\/www.justiceinfo.net\/fr#\/schema\/logo\/image\/","url":"https:\/\/www.justiceinfo.net\/wp-content\/uploads\/justiceinfo_logo-trans_1200x1200px.png","contentUrl":"https:\/\/www.justiceinfo.net\/wp-content\/uploads\/justiceinfo_logo-trans_1200x1200px.png","width":1199,"height":1200,"caption":"Justice Info"},"image":{"@id":"https:\/\/www.justiceinfo.net\/fr#\/schema\/logo\/image\/"},"sameAs":["https:\/\/www.facebook.com\/JusticeInfo\/","https:\/\/x.com\/justiceinfonet","https:\/\/www.linkedin.com\/company\/justice-info","https:\/\/www.youtube.com\/channel\/UCyCEsARodyuWtkWyhn-e7pA"]},{"@type":"Person","name":"AFP","url":"\/fr\/?s=AFP"}]}},"_links":{"self":[{"href":"https:\/\/www.justiceinfo.net\/fr\/wp-json\/wp\/v2\/posts\/29594","targetHints":{"allow":["GET"]}}],"collection":[{"href":"https:\/\/www.justiceinfo.net\/fr\/wp-json\/wp\/v2\/posts"}],"about":[{"href":"https:\/\/www.justiceinfo.net\/fr\/wp-json\/wp\/v2\/types\/post"}],"author":[{"embeddable":true,"href":"https:\/\/www.justiceinfo.net\/fr\/wp-json\/wp\/v2\/users\/60"}],"replies":[{"embeddable":true,"href":"https:\/\/www.justiceinfo.net\/fr\/wp-json\/wp\/v2\/comments?post=29594"}],"version-history":[{"count":0,"href":"https:\/\/www.justiceinfo.net\/fr\/wp-json\/wp\/v2\/posts\/29594\/revisions"}],"wp:featuredmedia":[{"embeddable":true,"href":"https:\/\/www.justiceinfo.net\/fr\/wp-json\/wp\/v2\/media\/65697"}],"wp:attachment":[{"href":"https:\/\/www.justiceinfo.net\/fr\/wp-json\/wp\/v2\/media?parent=29594"}],"wp:term":[{"taxonomy":"category","embeddable":true,"href":"https:\/\/www.justiceinfo.net\/fr\/wp-json\/wp\/v2\/categories?post=29594"},{"taxonomy":"post_tag","embeddable":true,"href":"https:\/\/www.justiceinfo.net\/fr\/wp-json\/wp\/v2\/tags?post=29594"},{"taxonomy":"ji_location","embeddable":true,"href":"https:\/\/www.justiceinfo.net\/fr\/wp-json\/wp\/v2\/ji_location?post=29594"}],"curies":[{"name":"wp","href":"https:\/\/api.w.org\/{rel}","templated":true}]}}