{"id":29764,"date":"2016-10-12T06:47:00","date_gmt":"2016-10-12T04:47:00","guid":{"rendered":"https:\/\/www.justiceinfo.net\/29764-interview-de-fred-bauma.html"},"modified":"2016-10-12T06:47:00","modified_gmt":"2016-10-12T04:47:00","slug":"interview-de-fred-bauma","status":"publish","type":"post","link":"https:\/\/www.justiceinfo.net\/fr\/29764-interview-de-fred-bauma.html","title":{"rendered":"RDC : \"Si Kabila s\u2019accroche au pouvoir, on se dirige vers une situation proche de celle du Burundi.\""},"content":{"rendered":"<p><em><strong>Fred Bauma, 26 ans, jeune dipl\u00f4m\u00e9 en gestion financi\u00e8re et originaire de Goma, est l\u2019un des porte-paroles du mouvement la <a href=\"http:\/\/www.luchacongo.org\/\"><u>Lutte pour le Changement<\/u><\/a> (LUCHA) en R\u00e9publique d\u00e9mocratique du Congo (RDC). La LUCHA est un mouvement citoyen qui se veut non-violent et non-partisan, compos\u00e9 de des jeunes Congolais militant en faveur de la cr\u00e9ation d\u2019une r\u00e9publique \u00ab\u00a0ind\u00e9pendante, d\u00e9mocratique, paisible et prosp\u00e8re\u00a0\u00bb.<\/strong><\/em><\/p>\n<p>Pour le moment force est de constater que la RDC est loin de ces id\u00e9aux. \u00a0Le Pr\u00e9sident Joseph Kabila qui a pris la t\u00eate de la transition en 2001 \u00e0 la suite du d\u00e9c\u00e8s de son p\u00e8re puis a \u00e9t\u00e9 \u00e9lu Pr\u00e9sident en 2006 et 2011 \u00e0 la faveur de scrutins contest\u00e9s n\u2019entend pas quitter le pouvoir. Emp\u00each\u00e9 par la constitution congolaise de briguer un troisi\u00e8me mandat, Kabila a tout simplement annonc\u00e9 le <a href=\"http:\/\/www.lemonde.fr\/afrique\/article\/2016\/10\/05\/joseph-kabila-annonce-le-report-de-l-election-presidentielle-congolaise_5008549_3212.html\"><u>report des \u00e9lections<\/u><\/a> initialement pr\u00e9vues \u00e0 la fin de l\u2019ann\u00e9e aux motifs que dix millions d\u2019\u00e9lecteurs ne sont pas encore inscrits. Le manque de moyens de la Commission Electorale Nationale Ind\u00e9pendante (<a href=\"http:\/\/www.ceni.gouv.cd\/\"><u>CENI<\/u><\/a>) est aussi avanc\u00e9 comme argument, tout aussi sp\u00e9cieux. En d\u00e9pit des revendications de l\u2019opposition, tout porte \u00e0 croire que Kabila esp\u00e8re diriger une nouvelle transition, comme le lui a autoris\u00e9 la cour constitutionnelle \u00e0 ses ordres par une <a href=\"http:\/\/www.radiookapi.net\/2016\/05\/12\/emissions\/dialogue-entre-congolais\/analyse-de-larret-de-la-cour-constitutionnelle-sur-le\"><u>d\u00e9cision<\/u><\/a> rendue au mois de mai 2016. Au risque de provoquer des troubles graves dans son pays, ont averti l\u2019ONU et la communaut\u00e9 internationale.<\/p>\n<p>C\u2019est dans ce contexte de tension qu\u2019ont \u00e9t\u00e9 arr\u00eat\u00e9s en mai 2015 Fred Bauma et Yves Makwambala, un autre militant de la LUCHA. Aujourd\u2019hui <a href=\"http:\/\/www.jeuneafrique.com\/354661\/politique\/fred-bauma-lucha-attend-de-pied-ferme-nouveau-president-rdc-a-fin-de-lannee\/\"><u>lib\u00e9r\u00e9 provisoirement<\/u><\/a>, Fred Bauma, est de passage \u00e0 Gen\u00e8ve \u00e0 l\u2019occasion de la pr\u00e9sentation d\u2019un<a href=\"http:\/\/www.ohchr.org\/FR\/NewsEvents\/Pages\/DisplayNews.aspx?NewsID=20598&amp;LangID=F\"><u> rapport<\/u><\/a> portant sur la RDC au Conseil des droits de l\u2019Homme le 27 septembre. Il esp\u00e8re l\u2019imposition de sanctions individuelles et financi\u00e8res de la communaut\u00e9 internationale \u00e0 l\u2019encontre des personnes responsables du blocage politique et de la r\u00e9pression. Il parle \u00e0 JusticeInfo de son arrestation et de ses espoirs.<\/p>\n<h4><strong>Pouvez-vous revenir sur les circonstances de votre arrestation et de votre lib\u00e9ration\u00a0?<\/strong><\/h4>\n<p><strong>Fred Bauma<\/strong> J\u2019ai \u00e9t\u00e9 arr\u00eat\u00e9 en mars 2015 \u00e0 la suite d\u2019une conf\u00e9rence \u00e0 Kinshasa sur l\u2019engagement des jeunes qui durait trois jours. J\u2019\u00e9tais en compagnie d\u2019un autre militant Yves Makwambala, on nous reprochait les faits \u00ab d\u2019appartenance \u00e0 une association arm\u00e9e dans le but d\u2019attenter aux personnes et aux biens \u00bb, \u00ab avoir complot\u00e9 contre la vie ou contre la personne du chef de l\u2019\u00c9tat \u00bb et \u00ab avoir troubl\u00e9 l\u2019ordre public \u00bb. Le dernier jour de cette r\u00e9union, la police et les gendarmes sont venus nous arr\u00eater, nous ainsi que des journalistes, et m\u00eame des diplomates pr\u00e9sents. Nous avons \u00e9t\u00e9 d\u00e9tenus dans les locaux de l\u2019Agence National de Renseignement (ANR) durant une cinquantaine de jours. Nous \u00e9tions compl\u00e8tement isol\u00e9s sans aucun droit. Notre transfert d\u00e9cid\u00e9 par le parquet vers la prison de Makala \u00e9tait une simple formalit\u00e9 alors qu\u2019il n\u2019y avait aucun \u00e9l\u00e9ment s\u00e9rieux \u00e0 notre encontre. Beaucoup de personnes sont intervenues afin qu\u2019on soit lib\u00e9r\u00e9s\u00a0: nos amis de la LUCHA en premier lieu, mais aussi des campagnes d\u2019ONG telles que Human Rights Watch et Amnesty International et des chancelleries europ\u00e9ennes notamment. Certains d\u00e9put\u00e9s congolais provenant m\u00eame de la majorit\u00e9 ont aussi exerc\u00e9 une pression en r\u00e9clamant une commission d\u2019enqu\u00eate. Toutes ces actions ont permis d\u2019aboutir \u00e0 notre lib\u00e9ration provisoire, au bout de un an et deux mois. C\u2019est une mesure dite de d\u00e9crispation politique selon le minist\u00e8re de la Justice. Je suis toujours dans l\u2019attente d\u2019un jugement.<\/p>\n<h4><strong>La situation en RDC s\u2019envenime avec les tensions autour de la tenue des \u00e9lections pr\u00e9sidentielles, et des r\u00e9pressions qui s\u2019ensuivent. Quelle vision porte la LUCHA sur cette situation\u00a0?<\/strong><\/h4>\n<p>Le changement du pr\u00e9sident actuel Kabila est essentiel afin d\u2018\u00e9voluer dans le bon sens. C\u2019est une priorit\u00e9, on pourra ensuite se concentrer sur les changements qui s\u2019imposent dans un second temps. Nous sommes convaincus que cette alternance d\u00e9mocratique influence consid\u00e9rablement ce qui va se passer dans les ann\u00e9es \u00e0 venir. Pour cela, il faut \u00e9galement un changement venant de la population, c\u2019est ce que revendique la LUCHA. Les congolais doivent \u00eatre exigeants afin que le pr\u00e9sident soit redevable. Ils doivent comprendre qu\u2019il est de notre devoir d\u2019exiger qu\u2019on nous rende des comptes.<\/p>\n<h4><strong>Quelles sont les revendications de la LUCHA dans ce contexte pr\u00e9-\u00e9lectoral\u00a0?<\/strong><\/h4>\n<p>Il n\u2019y a actuellement aucune garantie que Kabila ne se repr\u00e9sente pas, on est en plein dans une violation de la constitution. On subit \u00e0 c\u00f4t\u00e9 de \u00e7a une r\u00e9pression de toutes les voies discordantes. La seule issue est que le pr\u00e9sident quitte le pouvoir au mois de d\u00e9cembre et laisse la place \u00e0 une nouvelle personne, voire \u00e9ventuellement \u00e0 quelqu\u2019un charg\u00e9 de g\u00e9rer le pays de fa\u00e7on provisoire. Quoi qu\u2019il en soit, nous ne pouvons envisager de solutions extraconstitutionnelles. Nous proposons aussi l\u2019enr\u00f4lement des \u00e9lecteurs le m\u00eame jour que l\u2019\u00e9lection elle-m\u00eame. Cela peut \u00eatre une solution, comme cela a \u00e9t\u00e9 le cas en Afrique du sud en 1994. Cela nous permettrait d\u2019envisager un d\u00e9lai raisonnable pour la tenue des \u00e9lections, mais aussi cela limiterait les fonds d\u00e9pens\u00e9s. Nous sommes pr\u00eats \u00e0 la LUCHA \u00e0 d\u00e9ployer pr\u00e8s de 50\u00a0000 volontaires en ce sens pour assister la CENI, en effet l\u2019argument actuel utilis\u00e9 r\u00e9guli\u00e8rement par le pouvoir en place est le manque d\u2019argent pour organiser des \u00e9lections. Si Kabila refuse et s\u2019accroche au pouvoir, notre ultime recours est l\u2019article 64 de notre constitution (qui \u00e9nonce que \u00ab Tout Congolais a le devoir de faire \u00e9chec \u00e0 tout individu ou groupe d\u2019individus qui prend le pouvoir par la force ou qui l\u2019exerce en violation des dispositions de la pr\u00e9sente Constitution. Toute tentative de renversement du r\u00e9gime constitutionnel constitue une infraction imprescriptible contre la nation et l\u2019\u00c9tat. Elle est punie conform\u00e9ment \u00e0 la loi. \u00bb NDLR) Nous appellerons \u00e0 manifester, m\u00eame si cette situation n\u2019est id\u00e9ale pour personne. Je crains que si Kabila s\u2019accroche au pouvoir, on se dirige tout droit vers une situation proche de celle du Burundi.<\/p>\n<h4><strong>Soutenez-vous un candidat en particulier\u00a0?<\/strong><\/h4>\n<p>Nous ne soutenons aucun candidat, d\u2019ailleurs il n\u2019y en a qu\u2019un qui s\u2019est exprim\u00e9 sur sa candidature. C\u2019est \u00e0 la population de choisir, nous \u00e9duquons simplement \u00e0 la citoyennet\u00e9. Je ne crois pas en un pr\u00e9sident id\u00e9al, mais le geste de voter n\u2019en reste pas moins important, c\u2019est d\u2019abord notre responsabilit\u00e9.<\/p>\n<h4><strong>Vous \u00eates originaire de Goma. La situation \u00e0 l\u2019Est avec des massacres de nouveau \u00e0 d\u00e9plorer ces derniers mois est-elle au c\u0153ur des d\u00e9bats politiques \u00e0 Kinshasa\u00a0?<\/strong><\/h4>\n<p>Non, il y a peu de volont\u00e9 de mettre fin aux massacres. En plus, les informations que nous recevons sont toujours contradictoires. Les chiffres provenant des informations officielles ou des Nations unies divergent par exemple. Malgr\u00e9 l\u2019implication de plusieurs agences comme la MONUSCO, on a sur place 10\u00a0000 soldats charg\u00e9s de maintenir la paix, pourtant on subit encore des massacres. Il devrait y avoir une enqu\u00eate internationale s\u00e9rieuse afin de savoir exactement quelles sont les responsabilit\u00e9s et de poursuivre les auteurs devant des juridictions locales ou internationales. Il y a un d\u00e9ficit de leadership au sein de l\u2019arm\u00e9e, de la justice, \u00e0 tous les niveaux. Le syst\u00e8me actuel est donc incapable d\u2019apporter des solutions. C\u2019est pourquoi on peut esp\u00e9rer un autre style de leadership qui influera sur les solutions nouvelles. Selon moi, tout est li\u00e9\u00a0: la situation \u00e0 l\u2019est est conditionn\u00e9e par la tenue d\u2019\u00e9lections cr\u00e9dibles.<\/p>\n<h4><strong>Quels sont les projets de la LUCHA maintenant que ses membres ont pu obtenir votre lib\u00e9ration\u00a0?<\/strong><\/h4>\n<p>Nous sommes mobilis\u00e9s autour des \u00e9lections et aussi l\u2019\u00e9ducation \u00e0 la non-violence qui est tr\u00e8s importante dans le contexte actuel. Nous ne pouvons pas soutenir des actions contraires \u00e0 ces principes. On se rend compte que les jeunes sont tr\u00e8s int\u00e9ress\u00e9s par ces questions, mais ils craignent la r\u00e9pression. Cela dit beaucoup de jeunes nous ont rejoints dans plusieurs villes du pays ces derniers temps, ce qui est un tr\u00e8s bon signe. Les gens se rendent compte de l\u2019importance de cette cause, et souvent leur ralliement s\u2019explique aussi par un \u00e9v\u00e8nement personnel qui les affecte et qui est pour eux un d\u00e9clic, une prise de conscience.<\/p>\n","protected":false},"excerpt":{"rendered":"<p>Fred Bauma, 26 ans, jeune dipl\u00f4m\u00e9 en gestion financi\u00e8re et originaire de Goma, est l\u2019un des porte-paroles du mouvement la Lutte pour le Changement (LUCHA) en R\u00e9publique d\u00e9mocratique du Congo (RDC). La LUCHA est un mouvement citoyen qui se veut non-violent et non-partisan, compos\u00e9 de des jeunes Congolais militant en faveur de la cr\u00e9ation d\u2019une [&hellip;]<\/p>\n","protected":false},"author":64,"featured_media":65887,"comment_status":"open","ping_status":"closed","sticky":false,"template":"","format":"standard","meta":{"_acf_changed":false,"footnotes":""},"categories":[549],"tags":[],"ji_location":[2196],"class_list":["post-29764","post","type-post","status-publish","format-standard","has-post-thumbnail","hentry","category-reconciliation","ji_location-republique-democratique-du-congo"],"acf":[],"yoast_head":"<!-- This site is optimized with the Yoast SEO Premium plugin v25.3.1 (Yoast SEO v25.3.1) - https:\/\/yoast.com\/wordpress\/plugins\/seo\/ -->\n<title>RDC : &quot;Si Kabila s\u2019accroche au pouvoir, on se dirige vers une situation proche de celle du Burundi.&quot; - JusticeInfo.net<\/title>\n<meta name=\"robots\" content=\"index, follow, max-snippet:-1, max-image-preview:large, max-video-preview:-1\" \/>\n<link rel=\"canonical\" href=\"https:\/\/www.justiceinfo.net\/fr\/29764-interview-de-fred-bauma.html\" \/>\n<meta property=\"og:locale\" content=\"fr_FR\" \/>\n<meta property=\"og:type\" content=\"article\" \/>\n<meta property=\"og:title\" content=\"RDC : &quot;Si Kabila s\u2019accroche au pouvoir, on se dirige vers une situation proche de celle du Burundi.&quot;\" \/>\n<meta property=\"og:description\" content=\"Fred Bauma, 26 ans, jeune dipl\u00f4m\u00e9 en gestion financi\u00e8re et originaire de Goma, est l\u2019un des porte-paroles du mouvement la Lutte pour le Changement (LUCHA) en R\u00e9publique d\u00e9mocratique du Congo (RDC). La LUCHA est un mouvement citoyen qui se veut non-violent et non-partisan, compos\u00e9 de des jeunes Congolais militant en faveur de la cr\u00e9ation d\u2019une [&hellip;]\" \/>\n<meta property=\"og:url\" content=\"https:\/\/www.justiceinfo.net\/fr\/29764-interview-de-fred-bauma.html\" \/>\n<meta property=\"og:site_name\" content=\"JusticeInfo.net\" \/>\n<meta property=\"article:publisher\" content=\"https:\/\/www.facebook.com\/JusticeInfo\/\" \/>\n<meta property=\"article:published_time\" content=\"2016-10-12T04:47:00+00:00\" \/>\n<meta property=\"og:image\" content=\"https:\/\/www.justiceinfo.net\/wp-content\/uploads\/910678483947fbe37c4c89dbbfcc8a27.jpg\" \/>\n\t<meta property=\"og:image:width\" content=\"1200\" \/>\n\t<meta property=\"og:image:height\" content=\"900\" \/>\n\t<meta property=\"og:image:type\" content=\"image\/jpeg\" \/>\n<meta name=\"author\" content=\"Vony Rambolamanana\" \/>\n<meta name=\"twitter:card\" content=\"summary_large_image\" \/>\n<meta name=\"twitter:creator\" content=\"@justiceinfonet\" \/>\n<meta name=\"twitter:site\" content=\"@justiceinfonet\" \/>\n<meta name=\"twitter:label1\" content=\"\u00c9crit par\" \/>\n\t<meta name=\"twitter:data1\" content=\"Vony Rambolamanana\" \/>\n\t<meta name=\"twitter:label2\" content=\"Dur\u00e9e de lecture estim\u00e9e\" \/>\n\t<meta name=\"twitter:data2\" content=\"7 minutes\" \/>\n<script type=\"application\/ld+json\" class=\"yoast-schema-graph\">{\"@context\":\"https:\/\/schema.org\",\"@graph\":[{\"@type\":\"NewsArticle\",\"@id\":\"https:\/\/www.justiceinfo.net\/fr\/29764-interview-de-fred-bauma.html#article\",\"isPartOf\":{\"@id\":\"https:\/\/www.justiceinfo.net\/fr\/29764-interview-de-fred-bauma.html\"},\"author\":{\"name\":\"solivri\",\"@id\":\"https:\/\/www.justiceinfo.net\/fr#\/schema\/person\/6e53cba1629e2e66f3fc1821d3091865\"},\"headline\":\"RDC : \\\"Si Kabila s\u2019accroche au pouvoir, on se dirige vers une situation proche de celle du Burundi.\\\"\",\"datePublished\":\"2016-10-12T04:47:00+00:00\",\"mainEntityOfPage\":{\"@id\":\"https:\/\/www.justiceinfo.net\/fr\/29764-interview-de-fred-bauma.html\"},\"wordCount\":1484,\"commentCount\":0,\"publisher\":{\"@id\":\"https:\/\/www.justiceinfo.net\/fr#organization\"},\"image\":{\"@id\":\"https:\/\/www.justiceinfo.net\/fr\/29764-interview-de-fred-bauma.html#primaryimage\"},\"thumbnailUrl\":\"https:\/\/www.justiceinfo.net\/wp-content\/uploads\/910678483947fbe37c4c89dbbfcc8a27.jpg\",\"articleSection\":[\"R\u00e9conciliation\"],\"inLanguage\":\"fr-FR\",\"potentialAction\":[{\"@type\":\"CommentAction\",\"name\":\"Comment\",\"target\":[\"https:\/\/www.justiceinfo.net\/fr\/29764-interview-de-fred-bauma.html#respond\"]}]},{\"@type\":\"WebPage\",\"@id\":\"https:\/\/www.justiceinfo.net\/fr\/29764-interview-de-fred-bauma.html\",\"url\":\"https:\/\/www.justiceinfo.net\/fr\/29764-interview-de-fred-bauma.html\",\"name\":\"RDC : \\\"Si Kabila s\u2019accroche au pouvoir, on se dirige vers une situation proche de celle du Burundi.\\\" - JusticeInfo.net\",\"isPartOf\":{\"@id\":\"https:\/\/www.justiceinfo.net\/fr#website\"},\"primaryImageOfPage\":{\"@id\":\"https:\/\/www.justiceinfo.net\/fr\/29764-interview-de-fred-bauma.html#primaryimage\"},\"image\":{\"@id\":\"https:\/\/www.justiceinfo.net\/fr\/29764-interview-de-fred-bauma.html#primaryimage\"},\"thumbnailUrl\":\"https:\/\/www.justiceinfo.net\/wp-content\/uploads\/910678483947fbe37c4c89dbbfcc8a27.jpg\",\"datePublished\":\"2016-10-12T04:47:00+00:00\",\"breadcrumb\":{\"@id\":\"https:\/\/www.justiceinfo.net\/fr\/29764-interview-de-fred-bauma.html#breadcrumb\"},\"inLanguage\":\"fr-FR\",\"potentialAction\":[{\"@type\":\"ReadAction\",\"target\":[\"https:\/\/www.justiceinfo.net\/fr\/29764-interview-de-fred-bauma.html\"]}]},{\"@type\":\"ImageObject\",\"inLanguage\":\"fr-FR\",\"@id\":\"https:\/\/www.justiceinfo.net\/fr\/29764-interview-de-fred-bauma.html#primaryimage\",\"url\":\"https:\/\/www.justiceinfo.net\/wp-content\/uploads\/910678483947fbe37c4c89dbbfcc8a27.jpg\",\"contentUrl\":\"https:\/\/www.justiceinfo.net\/wp-content\/uploads\/910678483947fbe37c4c89dbbfcc8a27.jpg\",\"width\":1200,\"height\":900},{\"@type\":\"BreadcrumbList\",\"@id\":\"https:\/\/www.justiceinfo.net\/fr\/29764-interview-de-fred-bauma.html#breadcrumb\",\"itemListElement\":[{\"@type\":\"ListItem\",\"position\":1,\"name\":\"Home\",\"item\":\"https:\/\/www.justiceinfo.net\/fr\"},{\"@type\":\"ListItem\",\"position\":2,\"name\":\"RDC : \\\"Si Kabila s\u2019accroche au pouvoir, on se dirige vers une situation proche de celle du Burundi.\\\"\"}]},{\"@type\":\"WebSite\",\"@id\":\"https:\/\/www.justiceinfo.net\/fr#website\",\"url\":\"https:\/\/www.justiceinfo.net\/fr\",\"name\":\"JusticeInfo.net\",\"description\":\"La justice doit \u00eatre vue pour \u00eatre rendue\",\"publisher\":{\"@id\":\"https:\/\/www.justiceinfo.net\/fr#organization\"},\"potentialAction\":[{\"@type\":\"SearchAction\",\"target\":{\"@type\":\"EntryPoint\",\"urlTemplate\":\"https:\/\/www.justiceinfo.net\/fr?s={search_term_string}\"},\"query-input\":{\"@type\":\"PropertyValueSpecification\",\"valueRequired\":true,\"valueName\":\"search_term_string\"}}],\"inLanguage\":\"fr-FR\"},{\"@type\":\"Organization\",\"@id\":\"https:\/\/www.justiceinfo.net\/fr#organization\",\"name\":\"Justice Info\",\"url\":\"https:\/\/www.justiceinfo.net\/fr\",\"logo\":{\"@type\":\"ImageObject\",\"inLanguage\":\"fr-FR\",\"@id\":\"https:\/\/www.justiceinfo.net\/fr#\/schema\/logo\/image\/\",\"url\":\"https:\/\/www.justiceinfo.net\/wp-content\/uploads\/justiceinfo_logo-trans_1200x1200px.png\",\"contentUrl\":\"https:\/\/www.justiceinfo.net\/wp-content\/uploads\/justiceinfo_logo-trans_1200x1200px.png\",\"width\":1199,\"height\":1200,\"caption\":\"Justice Info\"},\"image\":{\"@id\":\"https:\/\/www.justiceinfo.net\/fr#\/schema\/logo\/image\/\"},\"sameAs\":[\"https:\/\/www.facebook.com\/JusticeInfo\/\",\"https:\/\/x.com\/justiceinfonet\",\"https:\/\/www.linkedin.com\/company\/justice-info\",\"https:\/\/www.youtube.com\/channel\/UCyCEsARodyuWtkWyhn-e7pA\"]},{\"@type\":\"Person\",\"name\":\"Vony Rambolamanana\",\"url\":\"\/fr\/?s=Vony Rambolamanana\"}]}<\/script>\n<!-- \/ Yoast SEO Premium plugin. -->","yoast_head_json":{"title":"RDC : \"Si Kabila s\u2019accroche au pouvoir, on se dirige vers une situation proche de celle du Burundi.\" - JusticeInfo.net","robots":{"index":"index","follow":"follow","max-snippet":"max-snippet:-1","max-image-preview":"max-image-preview:large","max-video-preview":"max-video-preview:-1"},"canonical":"https:\/\/www.justiceinfo.net\/fr\/29764-interview-de-fred-bauma.html","og_locale":"fr_FR","og_type":"article","og_title":"RDC : \"Si Kabila s\u2019accroche au pouvoir, on se dirige vers une situation proche de celle du Burundi.\"","og_description":"Fred Bauma, 26 ans, jeune dipl\u00f4m\u00e9 en gestion financi\u00e8re et originaire de Goma, est l\u2019un des porte-paroles du mouvement la Lutte pour le Changement (LUCHA) en R\u00e9publique d\u00e9mocratique du Congo (RDC). La LUCHA est un mouvement citoyen qui se veut non-violent et non-partisan, compos\u00e9 de des jeunes Congolais militant en faveur de la cr\u00e9ation d\u2019une [&hellip;]","og_url":"https:\/\/www.justiceinfo.net\/fr\/29764-interview-de-fred-bauma.html","og_site_name":"JusticeInfo.net","article_publisher":"https:\/\/www.facebook.com\/JusticeInfo\/","article_published_time":"2016-10-12T04:47:00+00:00","og_image":[{"width":1200,"height":900,"url":"https:\/\/www.justiceinfo.net\/wp-content\/uploads\/910678483947fbe37c4c89dbbfcc8a27.jpg","type":"image\/jpeg"}],"author":"Vony Rambolamanana","twitter_card":"summary_large_image","twitter_creator":"@justiceinfonet","twitter_site":"@justiceinfonet","twitter_misc":{"\u00c9crit par":"Vony Rambolamanana","Dur\u00e9e de lecture estim\u00e9e":"7 minutes"},"schema":{"@context":"https:\/\/schema.org","@graph":[{"@type":"NewsArticle","@id":"https:\/\/www.justiceinfo.net\/fr\/29764-interview-de-fred-bauma.html#article","isPartOf":{"@id":"https:\/\/www.justiceinfo.net\/fr\/29764-interview-de-fred-bauma.html"},"author":{"name":"solivri","@id":"https:\/\/www.justiceinfo.net\/fr#\/schema\/person\/6e53cba1629e2e66f3fc1821d3091865"},"headline":"RDC : \"Si Kabila s\u2019accroche au pouvoir, on se dirige vers une situation proche de celle du Burundi.\"","datePublished":"2016-10-12T04:47:00+00:00","mainEntityOfPage":{"@id":"https:\/\/www.justiceinfo.net\/fr\/29764-interview-de-fred-bauma.html"},"wordCount":1484,"commentCount":0,"publisher":{"@id":"https:\/\/www.justiceinfo.net\/fr#organization"},"image":{"@id":"https:\/\/www.justiceinfo.net\/fr\/29764-interview-de-fred-bauma.html#primaryimage"},"thumbnailUrl":"https:\/\/www.justiceinfo.net\/wp-content\/uploads\/910678483947fbe37c4c89dbbfcc8a27.jpg","articleSection":["R\u00e9conciliation"],"inLanguage":"fr-FR","potentialAction":[{"@type":"CommentAction","name":"Comment","target":["https:\/\/www.justiceinfo.net\/fr\/29764-interview-de-fred-bauma.html#respond"]}]},{"@type":"WebPage","@id":"https:\/\/www.justiceinfo.net\/fr\/29764-interview-de-fred-bauma.html","url":"https:\/\/www.justiceinfo.net\/fr\/29764-interview-de-fred-bauma.html","name":"RDC : \"Si Kabila s\u2019accroche au pouvoir, on se dirige vers une situation proche de celle du Burundi.\" - JusticeInfo.net","isPartOf":{"@id":"https:\/\/www.justiceinfo.net\/fr#website"},"primaryImageOfPage":{"@id":"https:\/\/www.justiceinfo.net\/fr\/29764-interview-de-fred-bauma.html#primaryimage"},"image":{"@id":"https:\/\/www.justiceinfo.net\/fr\/29764-interview-de-fred-bauma.html#primaryimage"},"thumbnailUrl":"https:\/\/www.justiceinfo.net\/wp-content\/uploads\/910678483947fbe37c4c89dbbfcc8a27.jpg","datePublished":"2016-10-12T04:47:00+00:00","breadcrumb":{"@id":"https:\/\/www.justiceinfo.net\/fr\/29764-interview-de-fred-bauma.html#breadcrumb"},"inLanguage":"fr-FR","potentialAction":[{"@type":"ReadAction","target":["https:\/\/www.justiceinfo.net\/fr\/29764-interview-de-fred-bauma.html"]}]},{"@type":"ImageObject","inLanguage":"fr-FR","@id":"https:\/\/www.justiceinfo.net\/fr\/29764-interview-de-fred-bauma.html#primaryimage","url":"https:\/\/www.justiceinfo.net\/wp-content\/uploads\/910678483947fbe37c4c89dbbfcc8a27.jpg","contentUrl":"https:\/\/www.justiceinfo.net\/wp-content\/uploads\/910678483947fbe37c4c89dbbfcc8a27.jpg","width":1200,"height":900},{"@type":"BreadcrumbList","@id":"https:\/\/www.justiceinfo.net\/fr\/29764-interview-de-fred-bauma.html#breadcrumb","itemListElement":[{"@type":"ListItem","position":1,"name":"Home","item":"https:\/\/www.justiceinfo.net\/fr"},{"@type":"ListItem","position":2,"name":"RDC : \"Si Kabila s\u2019accroche au pouvoir, on se dirige vers une situation proche de celle du Burundi.\""}]},{"@type":"WebSite","@id":"https:\/\/www.justiceinfo.net\/fr#website","url":"https:\/\/www.justiceinfo.net\/fr","name":"JusticeInfo.net","description":"La justice doit \u00eatre vue pour \u00eatre rendue","publisher":{"@id":"https:\/\/www.justiceinfo.net\/fr#organization"},"potentialAction":[{"@type":"SearchAction","target":{"@type":"EntryPoint","urlTemplate":"https:\/\/www.justiceinfo.net\/fr?s={search_term_string}"},"query-input":{"@type":"PropertyValueSpecification","valueRequired":true,"valueName":"search_term_string"}}],"inLanguage":"fr-FR"},{"@type":"Organization","@id":"https:\/\/www.justiceinfo.net\/fr#organization","name":"Justice Info","url":"https:\/\/www.justiceinfo.net\/fr","logo":{"@type":"ImageObject","inLanguage":"fr-FR","@id":"https:\/\/www.justiceinfo.net\/fr#\/schema\/logo\/image\/","url":"https:\/\/www.justiceinfo.net\/wp-content\/uploads\/justiceinfo_logo-trans_1200x1200px.png","contentUrl":"https:\/\/www.justiceinfo.net\/wp-content\/uploads\/justiceinfo_logo-trans_1200x1200px.png","width":1199,"height":1200,"caption":"Justice Info"},"image":{"@id":"https:\/\/www.justiceinfo.net\/fr#\/schema\/logo\/image\/"},"sameAs":["https:\/\/www.facebook.com\/JusticeInfo\/","https:\/\/x.com\/justiceinfonet","https:\/\/www.linkedin.com\/company\/justice-info","https:\/\/www.youtube.com\/channel\/UCyCEsARodyuWtkWyhn-e7pA"]},{"@type":"Person","name":"Vony Rambolamanana","url":"\/fr\/?s=Vony Rambolamanana"}]}},"_links":{"self":[{"href":"https:\/\/www.justiceinfo.net\/fr\/wp-json\/wp\/v2\/posts\/29764","targetHints":{"allow":["GET"]}}],"collection":[{"href":"https:\/\/www.justiceinfo.net\/fr\/wp-json\/wp\/v2\/posts"}],"about":[{"href":"https:\/\/www.justiceinfo.net\/fr\/wp-json\/wp\/v2\/types\/post"}],"author":[{"embeddable":true,"href":"https:\/\/www.justiceinfo.net\/fr\/wp-json\/wp\/v2\/users\/64"}],"replies":[{"embeddable":true,"href":"https:\/\/www.justiceinfo.net\/fr\/wp-json\/wp\/v2\/comments?post=29764"}],"version-history":[{"count":0,"href":"https:\/\/www.justiceinfo.net\/fr\/wp-json\/wp\/v2\/posts\/29764\/revisions"}],"wp:featuredmedia":[{"embeddable":true,"href":"https:\/\/www.justiceinfo.net\/fr\/wp-json\/wp\/v2\/media\/65887"}],"wp:attachment":[{"href":"https:\/\/www.justiceinfo.net\/fr\/wp-json\/wp\/v2\/media?parent=29764"}],"wp:term":[{"taxonomy":"category","embeddable":true,"href":"https:\/\/www.justiceinfo.net\/fr\/wp-json\/wp\/v2\/categories?post=29764"},{"taxonomy":"post_tag","embeddable":true,"href":"https:\/\/www.justiceinfo.net\/fr\/wp-json\/wp\/v2\/tags?post=29764"},{"taxonomy":"ji_location","embeddable":true,"href":"https:\/\/www.justiceinfo.net\/fr\/wp-json\/wp\/v2\/ji_location?post=29764"}],"curies":[{"name":"wp","href":"https:\/\/api.w.org\/{rel}","templated":true}]}}