{"id":29769,"date":"2016-10-10T00:00:00","date_gmt":"2016-10-09T22:00:00","guid":{"rendered":"https:\/\/www.justiceinfo.net\/29769-cpi-les-ex-enfants-soldats-d-une-milice-congolaise-stigmatises-a-vie.html"},"modified":"2016-10-10T00:00:00","modified_gmt":"2016-10-09T22:00:00","slug":"cpi-les-ex-enfants-soldats-d-une-milice-congolaise-stigmatises-a-vie","status":"publish","type":"post","link":"https:\/\/www.justiceinfo.net\/fr\/29769-cpi-les-ex-enfants-soldats-d-une-milice-congolaise-stigmatises-a-vie.html","title":{"rendered":"CPI: les ex-enfants soldats d'une milice congolaise stigmatis\u00e9s \u00e0 vie"},"content":{"rendered":"<p><em><strong>Les anciens enfants soldats forc\u00e9s \u00e0 combattre dans une milice congolaise il y a une dizaine d'ann\u00e9es restent stigmatis\u00e9s, \u00e9prouvent des sentiments suicidaires et vivent dans une peur constante, ont soulign\u00e9 mardi des experts devant la Cour p\u00e9nale internationale.<\/strong><\/em><\/p>\n<p>La CPI tient mardi et jeudi pour la premi\u00e8re fois des audiences publiques sur d'\u00e9ventuelles indemnisations destin\u00e9es aux victimes de crimes de guerre perp\u00e9tr\u00e9s en R\u00e9publique d\u00e9mocratique du Congo (RDC).<\/p>\n<p>Absent mardi devant la Cour, Thomas Lubanga avait \u00e9t\u00e9 reconnu coupable en 2012 d'avoir enr\u00f4l\u00e9 des enfants, dont certains \u00e0 peine \u00e2g\u00e9s de onze ans, et de les avoir utilis\u00e9s comme soldats ou gardes du corps en 2002 et 2003 en Ituri, dans le nord-est de ce pays d'Afrique centrale.<\/p>\n<p>L'ancien chef de l'Union des patriotes congolais (UPC) avait \u00e9cop\u00e9 de 14 ans de prison. Mais la Cour bas\u00e9e \u00e0 La Haye a jug\u00e9 qu'il devait payer \"personnellement\" des indemnisations \u00e0 ceux qui ont souffert sous sa coupe.<\/p>\n<p>Aujourd'hui, les victimes sont \"souvent oubli\u00e9es et tr\u00e8s vuln\u00e9rables, souffrant leur vie durant des cons\u00e9quences de leur stigmatisation\", a expliqu\u00e9 aux juges James Mehigan, avocat de l'ONG Child Soldiers International.<\/p>\n<p>De retour chez elles, parfois apr\u00e8s plusieurs ann\u00e9es et souvent avec un enfant issu des viols dont elles ont \u00e9t\u00e9 victimes, de nombreuses filles qui avaient \u00e9t\u00e9 forc\u00e9es, en m\u00eame temps que les gar\u00e7ons, \u00e0 int\u00e9grer les rangs de la milice sont rejet\u00e9es par leurs familles et communaut\u00e9s.<\/p>\n<p>Jug\u00e9es indignes du mariage, elles sont condamn\u00e9es \u00e0 vivre dans la pauvret\u00e9 et l'isolement.<\/p>\n<p>Gagn\u00e9es par un sentiment d'impuissance, \"beaucoup ont song\u00e9 au suicide\", a r\u00e9v\u00e9l\u00e9 Brigid Inder, directrice ex\u00e9cutive de Women's Initiatives for Gender Justice, \"et le rejet de la communaut\u00e9 renforce leur sentiment de douleur\".<\/p>\n<p>La plupart d'entre elles souhaitent avant tout \"retourner \u00e0 l'\u00e9cole\", souligne M. Mehigan, pour \"apprendre et gagner \u00e0 nouveau le respect de leur communaut\u00e9\".<\/p>\n<p>Mais, alors que le responsable de leurs souffrances purge la fin de sa peine dans une prison congolaise et devrait \u00eatre lib\u00e9r\u00e9 d'ici 2019, les victimes craignent des repr\u00e9sailles si elles parlent.<\/p>\n<p>Car Thomas Lubanga n'a jamais \"reconnu ses crimes ou exprim\u00e9 ses excuses\", a soulign\u00e9 Mme Inder, tandis que le tr\u00e8s influent UPC reste \"une force politique active en Ituri\".<\/p>\n<p>Il existe donc de \"grandes inqui\u00e9tudes concernant la s\u00e9curit\u00e9\" des victimes de l'ancien chef de guerre, selon la directrice de Women's Initiatives.<\/p>\n<p>A ses yeux, le gouvernement congolais devrait s'excuser publiquement pour avoir \u00e9chou\u00e9 \"\u00e0 prot\u00e9ger les enfants de l'Ituri\", cette r\u00e9gion riche en or notamment, en proie \u00e0 des violences qui ont fait quelque 60.000 morts depuis 1999.<\/p>\n<p>- R\u00e9parations collectives -<\/p>\n<p>Un million d'euros a \u00e9t\u00e9 allou\u00e9 au dossier par le Fonds au profit des victimes, qui re\u00e7oit des contributions volontaires vers\u00e9es par les gouvernements membres de la CPI, d'organisations internationales et de particuliers.<\/p>\n<p>Cet organe ind\u00e9pendant mis en place par le Statut de Rome, trait\u00e9 fondateur de la CPI, demande notamment l'approbation des juges pour son plan d'action de trois ans visant \u00e0 \"r\u00e9concilier les victimes avec leurs familles et les communaut\u00e9s affect\u00e9es\".<\/p>\n<p>Cependant, les experts souhaitent que la Cour accorde un montant plus \u00e9lev\u00e9 et une dur\u00e9e de cinq ans, temps n\u00e9cessaire \u00e0 la mise en place de programmes d'\u00e9ducation, d'aide psychologique et de centres m\u00e9dicaux sp\u00e9cialis\u00e9s.<\/p>\n<p>La proposition du Fonds est \"manifestement insuffisante\", d'apr\u00e8s Mme Inder, qui sugg\u00e8re entre 1,5 et 1,8 millions d'euros par an durant cinq ans.<\/p>\n<p>Une d\u00e9cision concernant le programme du fonds et le montant total des indemnisations sera rendue \u00e0 une date ult\u00e9rieure.<\/p>\n<p>Le Fonds, qui \u00e9voque 3.000 enfants soldats pr\u00e9sents au sein des rangs de l'UPC \u00e0 l'\u00e9poque, a \u00e9galement \u00e9t\u00e9 charg\u00e9 d'\u00e9valuer le nombre de victimes concern\u00e9es, \u00e9tabli \u00e0 31 jusqu'\u00e0 pr\u00e9sent.<\/p>\n<p>Pour l'organe ind\u00e9pendant, l'\u00e9chelle des r\u00e9parations est \"de moins en moins \u00e9vidente\" alors qu'il n'est pas certain que la \"chambre approuvera des dizaines, centaines ou des milliers de victimes comme des personnes ayant droit \u00e0 des r\u00e9parations\".<\/p>\n","protected":false},"excerpt":{"rendered":"<p>Les anciens enfants soldats forc\u00e9s \u00e0 combattre dans une milice congolaise il y a une dizaine d'ann\u00e9es restent stigmatis\u00e9s, \u00e9prouvent des sentiments suicidaires et vivent dans une peur constante, ont soulign\u00e9 mardi des experts devant la Cour p\u00e9nale internationale. La CPI tient mardi et jeudi pour la premi\u00e8re fois des audiences publiques sur d'\u00e9ventuelles indemnisations [&hellip;]<\/p>\n","protected":false},"author":60,"featured_media":67842,"comment_status":"open","ping_status":"closed","sticky":false,"template":"","format":"standard","meta":{"_acf_changed":false,"footnotes":""},"categories":[549],"tags":[],"ji_location":[2196],"class_list":["post-29769","post","type-post","status-publish","format-standard","has-post-thumbnail","hentry","category-reconciliation","ji_location-republique-democratique-du-congo"],"acf":[],"yoast_head":"<!-- This site is optimized with the Yoast SEO Premium plugin v25.3.1 (Yoast SEO v25.3.1) - https:\/\/yoast.com\/wordpress\/plugins\/seo\/ -->\n<title>CPI: les ex-enfants soldats d&#039;une milice congolaise stigmatis\u00e9s \u00e0 vie - JusticeInfo.net<\/title>\n<meta name=\"robots\" content=\"index, follow, max-snippet:-1, max-image-preview:large, max-video-preview:-1\" \/>\n<link rel=\"canonical\" href=\"https:\/\/www.justiceinfo.net\/fr\/29769-cpi-les-ex-enfants-soldats-d-une-milice-congolaise-stigmatises-a-vie.html\" \/>\n<meta property=\"og:locale\" content=\"fr_FR\" \/>\n<meta property=\"og:type\" content=\"article\" \/>\n<meta property=\"og:title\" content=\"CPI: les ex-enfants soldats d&#039;une milice congolaise stigmatis\u00e9s \u00e0 vie\" \/>\n<meta property=\"og:description\" content=\"Les anciens enfants soldats forc\u00e9s \u00e0 combattre dans une milice congolaise il y a une dizaine d&#039;ann\u00e9es restent stigmatis\u00e9s, \u00e9prouvent des sentiments suicidaires et vivent dans une peur constante, ont soulign\u00e9 mardi des experts devant la Cour p\u00e9nale internationale. La CPI tient mardi et jeudi pour la premi\u00e8re fois des audiences publiques sur d&#039;\u00e9ventuelles indemnisations [&hellip;]\" \/>\n<meta property=\"og:url\" content=\"https:\/\/www.justiceinfo.net\/fr\/29769-cpi-les-ex-enfants-soldats-d-une-milice-congolaise-stigmatises-a-vie.html\" \/>\n<meta property=\"og:site_name\" content=\"JusticeInfo.net\" \/>\n<meta property=\"article:publisher\" content=\"https:\/\/www.facebook.com\/JusticeInfo\/\" \/>\n<meta property=\"article:published_time\" content=\"2016-10-09T22:00:00+00:00\" \/>\n<meta property=\"og:image\" content=\"https:\/\/www.justiceinfo.net\/wp-content\/uploads\/12a3ce571975d6e00715e535cdfbd386.jpg\" \/>\n\t<meta property=\"og:image:width\" content=\"1800\" \/>\n\t<meta property=\"og:image:height\" content=\"1200\" \/>\n\t<meta property=\"og:image:type\" content=\"image\/jpeg\" \/>\n<meta name=\"author\" content=\"AFP\" \/>\n<meta name=\"twitter:card\" content=\"summary_large_image\" \/>\n<meta name=\"twitter:creator\" content=\"@justiceinfonet\" \/>\n<meta name=\"twitter:site\" content=\"@justiceinfonet\" \/>\n<meta name=\"twitter:label1\" content=\"\u00c9crit par\" \/>\n\t<meta name=\"twitter:data1\" content=\"AFP\" \/>\n\t<meta name=\"twitter:label2\" content=\"Dur\u00e9e de lecture estim\u00e9e\" \/>\n\t<meta name=\"twitter:data2\" content=\"3 minutes\" \/>\n<script type=\"application\/ld+json\" class=\"yoast-schema-graph\">{\"@context\":\"https:\/\/schema.org\",\"@graph\":[{\"@type\":\"NewsArticle\",\"@id\":\"https:\/\/www.justiceinfo.net\/fr\/29769-cpi-les-ex-enfants-soldats-d-une-milice-congolaise-stigmatises-a-vie.html#article\",\"isPartOf\":{\"@id\":\"https:\/\/www.justiceinfo.net\/fr\/29769-cpi-les-ex-enfants-soldats-d-une-milice-congolaise-stigmatises-a-vie.html\"},\"author\":{\"name\":\"afp\",\"@id\":\"https:\/\/www.justiceinfo.net\/fr#\/schema\/person\/713d340ef5f218fc36ce9b4244364a7f\"},\"headline\":\"CPI: les ex-enfants soldats d'une milice congolaise stigmatis\u00e9s \u00e0 vie\",\"datePublished\":\"2016-10-09T22:00:00+00:00\",\"mainEntityOfPage\":{\"@id\":\"https:\/\/www.justiceinfo.net\/fr\/29769-cpi-les-ex-enfants-soldats-d-une-milice-congolaise-stigmatises-a-vie.html\"},\"wordCount\":728,\"commentCount\":0,\"publisher\":{\"@id\":\"https:\/\/www.justiceinfo.net\/fr#organization\"},\"image\":{\"@id\":\"https:\/\/www.justiceinfo.net\/fr\/29769-cpi-les-ex-enfants-soldats-d-une-milice-congolaise-stigmatises-a-vie.html#primaryimage\"},\"thumbnailUrl\":\"https:\/\/www.justiceinfo.net\/wp-content\/uploads\/12a3ce571975d6e00715e535cdfbd386.jpg\",\"articleSection\":[\"R\u00e9conciliation\"],\"inLanguage\":\"fr-FR\",\"potentialAction\":[{\"@type\":\"CommentAction\",\"name\":\"Comment\",\"target\":[\"https:\/\/www.justiceinfo.net\/fr\/29769-cpi-les-ex-enfants-soldats-d-une-milice-congolaise-stigmatises-a-vie.html#respond\"]}]},{\"@type\":\"WebPage\",\"@id\":\"https:\/\/www.justiceinfo.net\/fr\/29769-cpi-les-ex-enfants-soldats-d-une-milice-congolaise-stigmatises-a-vie.html\",\"url\":\"https:\/\/www.justiceinfo.net\/fr\/29769-cpi-les-ex-enfants-soldats-d-une-milice-congolaise-stigmatises-a-vie.html\",\"name\":\"CPI: les ex-enfants soldats d'une milice congolaise stigmatis\u00e9s \u00e0 vie - JusticeInfo.net\",\"isPartOf\":{\"@id\":\"https:\/\/www.justiceinfo.net\/fr#website\"},\"primaryImageOfPage\":{\"@id\":\"https:\/\/www.justiceinfo.net\/fr\/29769-cpi-les-ex-enfants-soldats-d-une-milice-congolaise-stigmatises-a-vie.html#primaryimage\"},\"image\":{\"@id\":\"https:\/\/www.justiceinfo.net\/fr\/29769-cpi-les-ex-enfants-soldats-d-une-milice-congolaise-stigmatises-a-vie.html#primaryimage\"},\"thumbnailUrl\":\"https:\/\/www.justiceinfo.net\/wp-content\/uploads\/12a3ce571975d6e00715e535cdfbd386.jpg\",\"datePublished\":\"2016-10-09T22:00:00+00:00\",\"breadcrumb\":{\"@id\":\"https:\/\/www.justiceinfo.net\/fr\/29769-cpi-les-ex-enfants-soldats-d-une-milice-congolaise-stigmatises-a-vie.html#breadcrumb\"},\"inLanguage\":\"fr-FR\",\"potentialAction\":[{\"@type\":\"ReadAction\",\"target\":[\"https:\/\/www.justiceinfo.net\/fr\/29769-cpi-les-ex-enfants-soldats-d-une-milice-congolaise-stigmatises-a-vie.html\"]}]},{\"@type\":\"ImageObject\",\"inLanguage\":\"fr-FR\",\"@id\":\"https:\/\/www.justiceinfo.net\/fr\/29769-cpi-les-ex-enfants-soldats-d-une-milice-congolaise-stigmatises-a-vie.html#primaryimage\",\"url\":\"https:\/\/www.justiceinfo.net\/wp-content\/uploads\/12a3ce571975d6e00715e535cdfbd386.jpg\",\"contentUrl\":\"https:\/\/www.justiceinfo.net\/wp-content\/uploads\/12a3ce571975d6e00715e535cdfbd386.jpg\",\"width\":1800,\"height\":1200},{\"@type\":\"BreadcrumbList\",\"@id\":\"https:\/\/www.justiceinfo.net\/fr\/29769-cpi-les-ex-enfants-soldats-d-une-milice-congolaise-stigmatises-a-vie.html#breadcrumb\",\"itemListElement\":[{\"@type\":\"ListItem\",\"position\":1,\"name\":\"Home\",\"item\":\"https:\/\/www.justiceinfo.net\/fr\"},{\"@type\":\"ListItem\",\"position\":2,\"name\":\"CPI: les ex-enfants soldats d'une milice congolaise stigmatis\u00e9s \u00e0 vie\"}]},{\"@type\":\"WebSite\",\"@id\":\"https:\/\/www.justiceinfo.net\/fr#website\",\"url\":\"https:\/\/www.justiceinfo.net\/fr\",\"name\":\"JusticeInfo.net\",\"description\":\"La justice doit \u00eatre vue pour \u00eatre rendue\",\"publisher\":{\"@id\":\"https:\/\/www.justiceinfo.net\/fr#organization\"},\"potentialAction\":[{\"@type\":\"SearchAction\",\"target\":{\"@type\":\"EntryPoint\",\"urlTemplate\":\"https:\/\/www.justiceinfo.net\/fr?s={search_term_string}\"},\"query-input\":{\"@type\":\"PropertyValueSpecification\",\"valueRequired\":true,\"valueName\":\"search_term_string\"}}],\"inLanguage\":\"fr-FR\"},{\"@type\":\"Organization\",\"@id\":\"https:\/\/www.justiceinfo.net\/fr#organization\",\"name\":\"Justice Info\",\"url\":\"https:\/\/www.justiceinfo.net\/fr\",\"logo\":{\"@type\":\"ImageObject\",\"inLanguage\":\"fr-FR\",\"@id\":\"https:\/\/www.justiceinfo.net\/fr#\/schema\/logo\/image\/\",\"url\":\"https:\/\/www.justiceinfo.net\/wp-content\/uploads\/justiceinfo_logo-trans_1200x1200px.png\",\"contentUrl\":\"https:\/\/www.justiceinfo.net\/wp-content\/uploads\/justiceinfo_logo-trans_1200x1200px.png\",\"width\":1199,\"height\":1200,\"caption\":\"Justice Info\"},\"image\":{\"@id\":\"https:\/\/www.justiceinfo.net\/fr#\/schema\/logo\/image\/\"},\"sameAs\":[\"https:\/\/www.facebook.com\/JusticeInfo\/\",\"https:\/\/x.com\/justiceinfonet\",\"https:\/\/www.linkedin.com\/company\/justice-info\",\"https:\/\/www.youtube.com\/channel\/UCyCEsARodyuWtkWyhn-e7pA\"]},{\"@type\":\"Person\",\"name\":\"AFP\",\"url\":\"\/fr\/?s=AFP\"}]}<\/script>\n<!-- \/ Yoast SEO Premium plugin. -->","yoast_head_json":{"title":"CPI: les ex-enfants soldats d'une milice congolaise stigmatis\u00e9s \u00e0 vie - JusticeInfo.net","robots":{"index":"index","follow":"follow","max-snippet":"max-snippet:-1","max-image-preview":"max-image-preview:large","max-video-preview":"max-video-preview:-1"},"canonical":"https:\/\/www.justiceinfo.net\/fr\/29769-cpi-les-ex-enfants-soldats-d-une-milice-congolaise-stigmatises-a-vie.html","og_locale":"fr_FR","og_type":"article","og_title":"CPI: les ex-enfants soldats d'une milice congolaise stigmatis\u00e9s \u00e0 vie","og_description":"Les anciens enfants soldats forc\u00e9s \u00e0 combattre dans une milice congolaise il y a une dizaine d'ann\u00e9es restent stigmatis\u00e9s, \u00e9prouvent des sentiments suicidaires et vivent dans une peur constante, ont soulign\u00e9 mardi des experts devant la Cour p\u00e9nale internationale. La CPI tient mardi et jeudi pour la premi\u00e8re fois des audiences publiques sur d'\u00e9ventuelles indemnisations [&hellip;]","og_url":"https:\/\/www.justiceinfo.net\/fr\/29769-cpi-les-ex-enfants-soldats-d-une-milice-congolaise-stigmatises-a-vie.html","og_site_name":"JusticeInfo.net","article_publisher":"https:\/\/www.facebook.com\/JusticeInfo\/","article_published_time":"2016-10-09T22:00:00+00:00","og_image":[{"width":1800,"height":1200,"url":"https:\/\/www.justiceinfo.net\/wp-content\/uploads\/12a3ce571975d6e00715e535cdfbd386.jpg","type":"image\/jpeg"}],"author":"AFP","twitter_card":"summary_large_image","twitter_creator":"@justiceinfonet","twitter_site":"@justiceinfonet","twitter_misc":{"\u00c9crit par":"AFP","Dur\u00e9e de lecture estim\u00e9e":"3 minutes"},"schema":{"@context":"https:\/\/schema.org","@graph":[{"@type":"NewsArticle","@id":"https:\/\/www.justiceinfo.net\/fr\/29769-cpi-les-ex-enfants-soldats-d-une-milice-congolaise-stigmatises-a-vie.html#article","isPartOf":{"@id":"https:\/\/www.justiceinfo.net\/fr\/29769-cpi-les-ex-enfants-soldats-d-une-milice-congolaise-stigmatises-a-vie.html"},"author":{"name":"afp","@id":"https:\/\/www.justiceinfo.net\/fr#\/schema\/person\/713d340ef5f218fc36ce9b4244364a7f"},"headline":"CPI: les ex-enfants soldats d'une milice congolaise stigmatis\u00e9s \u00e0 vie","datePublished":"2016-10-09T22:00:00+00:00","mainEntityOfPage":{"@id":"https:\/\/www.justiceinfo.net\/fr\/29769-cpi-les-ex-enfants-soldats-d-une-milice-congolaise-stigmatises-a-vie.html"},"wordCount":728,"commentCount":0,"publisher":{"@id":"https:\/\/www.justiceinfo.net\/fr#organization"},"image":{"@id":"https:\/\/www.justiceinfo.net\/fr\/29769-cpi-les-ex-enfants-soldats-d-une-milice-congolaise-stigmatises-a-vie.html#primaryimage"},"thumbnailUrl":"https:\/\/www.justiceinfo.net\/wp-content\/uploads\/12a3ce571975d6e00715e535cdfbd386.jpg","articleSection":["R\u00e9conciliation"],"inLanguage":"fr-FR","potentialAction":[{"@type":"CommentAction","name":"Comment","target":["https:\/\/www.justiceinfo.net\/fr\/29769-cpi-les-ex-enfants-soldats-d-une-milice-congolaise-stigmatises-a-vie.html#respond"]}]},{"@type":"WebPage","@id":"https:\/\/www.justiceinfo.net\/fr\/29769-cpi-les-ex-enfants-soldats-d-une-milice-congolaise-stigmatises-a-vie.html","url":"https:\/\/www.justiceinfo.net\/fr\/29769-cpi-les-ex-enfants-soldats-d-une-milice-congolaise-stigmatises-a-vie.html","name":"CPI: les ex-enfants soldats d'une milice congolaise stigmatis\u00e9s \u00e0 vie - JusticeInfo.net","isPartOf":{"@id":"https:\/\/www.justiceinfo.net\/fr#website"},"primaryImageOfPage":{"@id":"https:\/\/www.justiceinfo.net\/fr\/29769-cpi-les-ex-enfants-soldats-d-une-milice-congolaise-stigmatises-a-vie.html#primaryimage"},"image":{"@id":"https:\/\/www.justiceinfo.net\/fr\/29769-cpi-les-ex-enfants-soldats-d-une-milice-congolaise-stigmatises-a-vie.html#primaryimage"},"thumbnailUrl":"https:\/\/www.justiceinfo.net\/wp-content\/uploads\/12a3ce571975d6e00715e535cdfbd386.jpg","datePublished":"2016-10-09T22:00:00+00:00","breadcrumb":{"@id":"https:\/\/www.justiceinfo.net\/fr\/29769-cpi-les-ex-enfants-soldats-d-une-milice-congolaise-stigmatises-a-vie.html#breadcrumb"},"inLanguage":"fr-FR","potentialAction":[{"@type":"ReadAction","target":["https:\/\/www.justiceinfo.net\/fr\/29769-cpi-les-ex-enfants-soldats-d-une-milice-congolaise-stigmatises-a-vie.html"]}]},{"@type":"ImageObject","inLanguage":"fr-FR","@id":"https:\/\/www.justiceinfo.net\/fr\/29769-cpi-les-ex-enfants-soldats-d-une-milice-congolaise-stigmatises-a-vie.html#primaryimage","url":"https:\/\/www.justiceinfo.net\/wp-content\/uploads\/12a3ce571975d6e00715e535cdfbd386.jpg","contentUrl":"https:\/\/www.justiceinfo.net\/wp-content\/uploads\/12a3ce571975d6e00715e535cdfbd386.jpg","width":1800,"height":1200},{"@type":"BreadcrumbList","@id":"https:\/\/www.justiceinfo.net\/fr\/29769-cpi-les-ex-enfants-soldats-d-une-milice-congolaise-stigmatises-a-vie.html#breadcrumb","itemListElement":[{"@type":"ListItem","position":1,"name":"Home","item":"https:\/\/www.justiceinfo.net\/fr"},{"@type":"ListItem","position":2,"name":"CPI: les ex-enfants soldats d'une milice congolaise stigmatis\u00e9s \u00e0 vie"}]},{"@type":"WebSite","@id":"https:\/\/www.justiceinfo.net\/fr#website","url":"https:\/\/www.justiceinfo.net\/fr","name":"JusticeInfo.net","description":"La justice doit \u00eatre vue pour \u00eatre rendue","publisher":{"@id":"https:\/\/www.justiceinfo.net\/fr#organization"},"potentialAction":[{"@type":"SearchAction","target":{"@type":"EntryPoint","urlTemplate":"https:\/\/www.justiceinfo.net\/fr?s={search_term_string}"},"query-input":{"@type":"PropertyValueSpecification","valueRequired":true,"valueName":"search_term_string"}}],"inLanguage":"fr-FR"},{"@type":"Organization","@id":"https:\/\/www.justiceinfo.net\/fr#organization","name":"Justice Info","url":"https:\/\/www.justiceinfo.net\/fr","logo":{"@type":"ImageObject","inLanguage":"fr-FR","@id":"https:\/\/www.justiceinfo.net\/fr#\/schema\/logo\/image\/","url":"https:\/\/www.justiceinfo.net\/wp-content\/uploads\/justiceinfo_logo-trans_1200x1200px.png","contentUrl":"https:\/\/www.justiceinfo.net\/wp-content\/uploads\/justiceinfo_logo-trans_1200x1200px.png","width":1199,"height":1200,"caption":"Justice Info"},"image":{"@id":"https:\/\/www.justiceinfo.net\/fr#\/schema\/logo\/image\/"},"sameAs":["https:\/\/www.facebook.com\/JusticeInfo\/","https:\/\/x.com\/justiceinfonet","https:\/\/www.linkedin.com\/company\/justice-info","https:\/\/www.youtube.com\/channel\/UCyCEsARodyuWtkWyhn-e7pA"]},{"@type":"Person","name":"AFP","url":"\/fr\/?s=AFP"}]}},"_links":{"self":[{"href":"https:\/\/www.justiceinfo.net\/fr\/wp-json\/wp\/v2\/posts\/29769","targetHints":{"allow":["GET"]}}],"collection":[{"href":"https:\/\/www.justiceinfo.net\/fr\/wp-json\/wp\/v2\/posts"}],"about":[{"href":"https:\/\/www.justiceinfo.net\/fr\/wp-json\/wp\/v2\/types\/post"}],"author":[{"embeddable":true,"href":"https:\/\/www.justiceinfo.net\/fr\/wp-json\/wp\/v2\/users\/60"}],"replies":[{"embeddable":true,"href":"https:\/\/www.justiceinfo.net\/fr\/wp-json\/wp\/v2\/comments?post=29769"}],"version-history":[{"count":0,"href":"https:\/\/www.justiceinfo.net\/fr\/wp-json\/wp\/v2\/posts\/29769\/revisions"}],"wp:featuredmedia":[{"embeddable":true,"href":"https:\/\/www.justiceinfo.net\/fr\/wp-json\/wp\/v2\/media\/67842"}],"wp:attachment":[{"href":"https:\/\/www.justiceinfo.net\/fr\/wp-json\/wp\/v2\/media?parent=29769"}],"wp:term":[{"taxonomy":"category","embeddable":true,"href":"https:\/\/www.justiceinfo.net\/fr\/wp-json\/wp\/v2\/categories?post=29769"},{"taxonomy":"post_tag","embeddable":true,"href":"https:\/\/www.justiceinfo.net\/fr\/wp-json\/wp\/v2\/tags?post=29769"},{"taxonomy":"ji_location","embeddable":true,"href":"https:\/\/www.justiceinfo.net\/fr\/wp-json\/wp\/v2\/ji_location?post=29769"}],"curies":[{"name":"wp","href":"https:\/\/api.w.org\/{rel}","templated":true}]}}