{"id":30242,"date":"2016-10-24T13:10:04","date_gmt":"2016-10-24T11:10:04","guid":{"rendered":"https:\/\/www.justiceinfo.net\/30242-la-justice-francaise-saisie-de-la-disparition-de-franco-syriens-dans-les-geoles-de-damas.html"},"modified":"2025-03-20T16:29:09","modified_gmt":"2025-03-20T15:29:09","slug":"la-justice-francaise-saisie-de-la-disparition-de-franco-syriens-dans-les-geoles-de-damas","status":"publish","type":"post","link":"https:\/\/www.justiceinfo.net\/fr\/30242-la-justice-francaise-saisie-de-la-disparition-de-franco-syriens-dans-les-geoles-de-damas.html","title":{"rendered":"La justice fran\u00e7aise saisie de la disparition de Franco-Syriens dans les prisons syriennes"},"content":{"rendered":"<p><em><strong>La justice fran\u00e7aise a \u00e9t\u00e9 saisie lundi d'une plainte sur la disparition en 2013 de deux Franco-Syriens arr\u00eat\u00e9s en Syrie, une proc\u00e9dure qui pourrait aboutir pour la premi\u00e8re fois \u00e0 la d\u00e9signation d'un juge pour enqu\u00eater sur des exactions attribu\u00e9es au r\u00e9gime de Bachar al-Assad.<\/strong><\/em><\/p>\n<p>Cette plainte contre X a \u00e9t\u00e9 d\u00e9pos\u00e9e \u00e0 Paris au p\u00f4le sp\u00e9cialis\u00e9 sur les crimes contre l'humanit\u00e9 et les crime de guerre, par la F\u00e9d\u00e9ration internationales des droits de l'Homme (FIDH), la Ligue des droits de l'Homme (LDH) auxquels s'est joint Obeida Dabbagh, fr\u00e8re et oncle des disparus, a constat\u00e9 l'AFP.<\/p>\n<p>Elle vise les chefs de \"disparitions forc\u00e9es\", \"tortures\" et \"crime contre l'humanit\u00e9\", a indiqu\u00e9 Me Cl\u00e9mence Bectartre, coordinatrice du groupe d'action judiciaire de la FIDH.<\/p>\n<p>Les victimes, Mazzen Dabbagh, 57 ans, et son fils Patrick, 22 ans, ont \u00e9t\u00e9 arr\u00eat\u00e9s en novembre 2013 par des officiers d\u00e9clarant appartenir au puissant et redout\u00e9 services de renseignement de l'arm\u00e9e de l'air syriens, selon les plaignants. Transf\u00e9r\u00e9s \u00e0 la prison de al-Mezzeh, d\u00e9nonc\u00e9e comme un centre de tortures du r\u00e9gime, ils n'ont jamais depuis donn\u00e9 signe de vie.<\/p>\n<p>La justice fran\u00e7aise peut se d\u00e9clarer comp\u00e9tente dans ce dossier car les deux disparus, bien que Syriens, b\u00e9n\u00e9ficient \u00e9galement de la nationalit\u00e9 fran\u00e7aise.<\/p>\n<p>\"Le r\u00e9gime de <a href=\"https:\/\/www.justiceinfo.net\/fr\/tag\/bachar-el-assad\">Bachar El-Assad<\/a> n'a pas attendu 2011 pour \u00eatre \u00e9pouvantablement r\u00e9pressif (...), mais depuis cette date, c'est bien lui qui se trouvent \u00eatre \u00e0 l'origine du maximum d'abominations commises dans le pays\", a affirm\u00e9 lors d'une conf\u00e9rence de presse Me Patrick Baudouin, pr\u00e9sident d'honneur de la FIDH, pour qui \"la lutte contre l'impunit\u00e9 est une question centrale\".<\/p>\n<h4>- \"Une premi\u00e8re europ\u00e9enne\" -<\/h4>\n<p>\"En l'absence de possibilit\u00e9 de saisir la Cour p\u00e9nale internationale des crimes perp\u00e9tr\u00e9s en Syrie, il est temps que les autorit\u00e9s judiciaires de pays tiers ouvrent des enqu\u00eates sur les crimes commis par le r\u00e9gime de Bachar al-Assad\", a-t-il ajout\u00e9.<\/p>\n<p>Les plaignants esp\u00e8rent obtenir la d\u00e9signation d'un juge d'instruction pour enqu\u00eater sur ce dossier.<\/p>\n<p>\"Ce serait une premi\u00e8re \u00e0 l'\u00e9chelle europ\u00e9enne\", assure Me Cl\u00e9mence Bectartre. \"A ce jour, certains tribunaux sont saisis de crimes commis en Syrie, notamment en Su\u00e8de, Allemagne, Royaume-Uni ou Autriche. Mais ces enqu\u00eates et poursuites ne portent pas sur les crimes imputables au r\u00e9gime de Bachar al-Assad\", pr\u00e9cise-t-elle \u00e0 l'AFP.<\/p>\n<p>\"Si les chances de parvenir \u00e0 un proc\u00e8s dans ce dossier sont faibles, la justice peut \u00e9clairer la famille sur le sort de leurs proches, dire qu'il y a eu crime contre l'humanit\u00e9 et reconna\u00eetre des responsabilit\u00e9s individuelles\".<\/p>\n<p>En France, plusieurs proc\u00e9dures visant le r\u00e9gime de Damas sont ouvertes mais aucune n'a pour l'instant abouti \u00e0 la d\u00e9signation d'un juge. La plus embl\u00e9matique concerne le dossier \"C\u00e9sar\" du nom de cet ex-photographe de la police militaire syrienne qui s'est enfui de Syrie en 2013 en emportant 55.000 photographies effroyables de corps tortur\u00e9s.<\/p>\n<p>Le parquet de Paris a ouvert le 15 septembre une enqu\u00eate pr\u00e9liminaire, en vertu de \"la comp\u00e9tence universelle\", pour \"crime contre l'humanit\u00e9\" visant des faits d'enl\u00e8vements et de tortures commis par le r\u00e9gime syrien. Mais pour que l'enqu\u00eate puisse se poursuivre, il faut qu'une des victimes des exactions soit de nationalit\u00e9 fran\u00e7aise ou qu'un des responsables impliqu\u00e9s habite en France, des crit\u00e8res de comp\u00e9tence difficiles \u00e0 remplir.<\/p>\n<p>Patrick Dabbah, \u00e9tudiant \u00e0 la facult\u00e9 de lettres et sciences humaines de Damas, et son p\u00e8re Mazzen, conseiller principal d'\u00e9ducation \u00e0 l'\u00c9cole fran\u00e7aise de Damas, \"n'avaient jamais \u00e9t\u00e9 impliqu\u00e9s dans des mouvements de contestation contre le r\u00e9gime de Bachar al-Assad\", assure la FIDH qui ne s'expliquent pas les raisons de leur arrestation.<\/p>\n<p>\"Nous avons tent\u00e9 par tous les moyens d'obtenir des informations sur leur sort, sans succ\u00e8s\", a expliqu\u00e9 Obeida Dabbagh lors de la conf\u00e9rence de presse. \"Les gens n'osent pas porter plainte par peur des repr\u00e9sailles. Mais pour moi, c'est une chance que n'ont pas des centaines de milliers de disparus syriens\".<\/p>\n","protected":false},"excerpt":{"rendered":"<p>La justice fran\u00e7aise a \u00e9t\u00e9 saisie lundi d'une plainte sur la disparition en 2013 de deux Franco-Syriens arr\u00eat\u00e9s en Syrie, une proc\u00e9dure qui pourrait aboutir pour la premi\u00e8re fois \u00e0 la d\u00e9signation d'un juge pour enqu\u00eater sur des exactions attribu\u00e9es au r\u00e9gime de Bachar al-Assad. Cette plainte contre X a \u00e9t\u00e9 d\u00e9pos\u00e9e \u00e0 Paris au [&hellip;]<\/p>\n","protected":false},"author":60,"featured_media":0,"comment_status":"open","ping_status":"closed","sticky":false,"template":"","format":"standard","meta":{"_acf_changed":false,"footnotes":""},"categories":[574],"tags":[4167],"ji_location":[2498],"class_list":["post-30242","post","type-post","status-publish","format-standard","hentry","category-tribunaux-nationaux","tag-bachar-el-assad","ji_location-syrie"],"acf":[],"yoast_head":"<!-- This site is optimized with the Yoast SEO Premium plugin v25.3.1 (Yoast SEO v25.3.1) - https:\/\/yoast.com\/wordpress\/plugins\/seo\/ -->\n<title>La justice fran\u00e7aise saisie de la disparition de Franco-Syriens dans les prisons syriennes - JusticeInfo.net<\/title>\n<meta name=\"robots\" content=\"index, follow, max-snippet:-1, max-image-preview:large, max-video-preview:-1\" \/>\n<link rel=\"canonical\" href=\"https:\/\/www.justiceinfo.net\/fr\/30242-la-justice-francaise-saisie-de-la-disparition-de-franco-syriens-dans-les-geoles-de-damas.html\" \/>\n<meta property=\"og:locale\" content=\"fr_FR\" \/>\n<meta property=\"og:type\" content=\"article\" \/>\n<meta property=\"og:title\" content=\"La justice fran\u00e7aise saisie de la disparition de Franco-Syriens dans les prisons syriennes\" \/>\n<meta property=\"og:description\" content=\"La justice fran\u00e7aise a \u00e9t\u00e9 saisie lundi d&#039;une plainte sur la disparition en 2013 de deux Franco-Syriens arr\u00eat\u00e9s en Syrie, une proc\u00e9dure qui pourrait aboutir pour la premi\u00e8re fois \u00e0 la d\u00e9signation d&#039;un juge pour enqu\u00eater sur des exactions attribu\u00e9es au r\u00e9gime de Bachar al-Assad. Cette plainte contre X a \u00e9t\u00e9 d\u00e9pos\u00e9e \u00e0 Paris au [&hellip;]\" \/>\n<meta property=\"og:url\" content=\"https:\/\/www.justiceinfo.net\/fr\/30242-la-justice-francaise-saisie-de-la-disparition-de-franco-syriens-dans-les-geoles-de-damas.html\" \/>\n<meta property=\"og:site_name\" content=\"JusticeInfo.net\" \/>\n<meta property=\"article:publisher\" content=\"https:\/\/www.facebook.com\/JusticeInfo\/\" \/>\n<meta property=\"article:published_time\" content=\"2016-10-24T11:10:04+00:00\" \/>\n<meta property=\"article:modified_time\" content=\"2025-03-20T15:29:09+00:00\" \/>\n<meta property=\"og:image\" content=\"https:\/\/www.justiceinfo.net\/wp-content\/uploads\/JusticeInfoNet_logo_1200x630px.jpg\" \/>\n\t<meta property=\"og:image:width\" content=\"1200\" \/>\n\t<meta property=\"og:image:height\" content=\"630\" \/>\n\t<meta property=\"og:image:type\" content=\"image\/jpeg\" \/>\n<meta name=\"author\" content=\"AFP\" \/>\n<meta name=\"twitter:card\" content=\"summary_large_image\" \/>\n<meta name=\"twitter:creator\" content=\"@justiceinfonet\" \/>\n<meta name=\"twitter:site\" content=\"@justiceinfonet\" \/>\n<meta name=\"twitter:label1\" content=\"\u00c9crit par\" \/>\n\t<meta name=\"twitter:data1\" content=\"AFP\" \/>\n\t<meta name=\"twitter:label2\" content=\"Dur\u00e9e de lecture estim\u00e9e\" \/>\n\t<meta name=\"twitter:data2\" content=\"4 minutes\" \/>\n<script type=\"application\/ld+json\" class=\"yoast-schema-graph\">{\"@context\":\"https:\/\/schema.org\",\"@graph\":[{\"@type\":\"NewsArticle\",\"@id\":\"https:\/\/www.justiceinfo.net\/fr\/30242-la-justice-francaise-saisie-de-la-disparition-de-franco-syriens-dans-les-geoles-de-damas.html#article\",\"isPartOf\":{\"@id\":\"https:\/\/www.justiceinfo.net\/fr\/30242-la-justice-francaise-saisie-de-la-disparition-de-franco-syriens-dans-les-geoles-de-damas.html\"},\"author\":{\"name\":\"afp\",\"@id\":\"https:\/\/www.justiceinfo.net\/fr#\/schema\/person\/713d340ef5f218fc36ce9b4244364a7f\"},\"headline\":\"La justice fran\u00e7aise saisie de la disparition de Franco-Syriens dans les prisons syriennes\",\"datePublished\":\"2016-10-24T11:10:04+00:00\",\"dateModified\":\"2025-03-20T15:29:09+00:00\",\"mainEntityOfPage\":{\"@id\":\"https:\/\/www.justiceinfo.net\/fr\/30242-la-justice-francaise-saisie-de-la-disparition-de-franco-syriens-dans-les-geoles-de-damas.html\"},\"wordCount\":752,\"commentCount\":0,\"publisher\":{\"@id\":\"https:\/\/www.justiceinfo.net\/fr#organization\"},\"keywords\":[\"Bachar el-Assad\"],\"articleSection\":[\"Tribunaux nationaux\"],\"inLanguage\":\"fr-FR\",\"potentialAction\":[{\"@type\":\"CommentAction\",\"name\":\"Comment\",\"target\":[\"https:\/\/www.justiceinfo.net\/fr\/30242-la-justice-francaise-saisie-de-la-disparition-de-franco-syriens-dans-les-geoles-de-damas.html#respond\"]}]},{\"@type\":\"WebPage\",\"@id\":\"https:\/\/www.justiceinfo.net\/fr\/30242-la-justice-francaise-saisie-de-la-disparition-de-franco-syriens-dans-les-geoles-de-damas.html\",\"url\":\"https:\/\/www.justiceinfo.net\/fr\/30242-la-justice-francaise-saisie-de-la-disparition-de-franco-syriens-dans-les-geoles-de-damas.html\",\"name\":\"La justice fran\u00e7aise saisie de la disparition de Franco-Syriens dans les prisons syriennes - JusticeInfo.net\",\"isPartOf\":{\"@id\":\"https:\/\/www.justiceinfo.net\/fr#website\"},\"datePublished\":\"2016-10-24T11:10:04+00:00\",\"dateModified\":\"2025-03-20T15:29:09+00:00\",\"breadcrumb\":{\"@id\":\"https:\/\/www.justiceinfo.net\/fr\/30242-la-justice-francaise-saisie-de-la-disparition-de-franco-syriens-dans-les-geoles-de-damas.html#breadcrumb\"},\"inLanguage\":\"fr-FR\",\"potentialAction\":[{\"@type\":\"ReadAction\",\"target\":[\"https:\/\/www.justiceinfo.net\/fr\/30242-la-justice-francaise-saisie-de-la-disparition-de-franco-syriens-dans-les-geoles-de-damas.html\"]}]},{\"@type\":\"BreadcrumbList\",\"@id\":\"https:\/\/www.justiceinfo.net\/fr\/30242-la-justice-francaise-saisie-de-la-disparition-de-franco-syriens-dans-les-geoles-de-damas.html#breadcrumb\",\"itemListElement\":[{\"@type\":\"ListItem\",\"position\":1,\"name\":\"Home\",\"item\":\"https:\/\/www.justiceinfo.net\/fr\"},{\"@type\":\"ListItem\",\"position\":2,\"name\":\"La justice fran\u00e7aise saisie de la disparition de Franco-Syriens dans les prisons syriennes\"}]},{\"@type\":\"WebSite\",\"@id\":\"https:\/\/www.justiceinfo.net\/fr#website\",\"url\":\"https:\/\/www.justiceinfo.net\/fr\",\"name\":\"JusticeInfo.net\",\"description\":\"La justice doit \u00eatre vue pour \u00eatre rendue\",\"publisher\":{\"@id\":\"https:\/\/www.justiceinfo.net\/fr#organization\"},\"potentialAction\":[{\"@type\":\"SearchAction\",\"target\":{\"@type\":\"EntryPoint\",\"urlTemplate\":\"https:\/\/www.justiceinfo.net\/fr?s={search_term_string}\"},\"query-input\":{\"@type\":\"PropertyValueSpecification\",\"valueRequired\":true,\"valueName\":\"search_term_string\"}}],\"inLanguage\":\"fr-FR\"},{\"@type\":\"Organization\",\"@id\":\"https:\/\/www.justiceinfo.net\/fr#organization\",\"name\":\"Justice Info\",\"url\":\"https:\/\/www.justiceinfo.net\/fr\",\"logo\":{\"@type\":\"ImageObject\",\"inLanguage\":\"fr-FR\",\"@id\":\"https:\/\/www.justiceinfo.net\/fr#\/schema\/logo\/image\/\",\"url\":\"https:\/\/www.justiceinfo.net\/wp-content\/uploads\/justiceinfo_logo-trans_1200x1200px.png\",\"contentUrl\":\"https:\/\/www.justiceinfo.net\/wp-content\/uploads\/justiceinfo_logo-trans_1200x1200px.png\",\"width\":1199,\"height\":1200,\"caption\":\"Justice Info\"},\"image\":{\"@id\":\"https:\/\/www.justiceinfo.net\/fr#\/schema\/logo\/image\/\"},\"sameAs\":[\"https:\/\/www.facebook.com\/JusticeInfo\/\",\"https:\/\/x.com\/justiceinfonet\",\"https:\/\/www.linkedin.com\/company\/justice-info\",\"https:\/\/www.youtube.com\/channel\/UCyCEsARodyuWtkWyhn-e7pA\"]},{\"@type\":\"Person\",\"name\":\"AFP\",\"url\":\"\/fr\/?s=AFP\"}]}<\/script>\n<!-- \/ Yoast SEO Premium plugin. -->","yoast_head_json":{"title":"La justice fran\u00e7aise saisie de la disparition de Franco-Syriens dans les prisons syriennes - JusticeInfo.net","robots":{"index":"index","follow":"follow","max-snippet":"max-snippet:-1","max-image-preview":"max-image-preview:large","max-video-preview":"max-video-preview:-1"},"canonical":"https:\/\/www.justiceinfo.net\/fr\/30242-la-justice-francaise-saisie-de-la-disparition-de-franco-syriens-dans-les-geoles-de-damas.html","og_locale":"fr_FR","og_type":"article","og_title":"La justice fran\u00e7aise saisie de la disparition de Franco-Syriens dans les prisons syriennes","og_description":"La justice fran\u00e7aise a \u00e9t\u00e9 saisie lundi d'une plainte sur la disparition en 2013 de deux Franco-Syriens arr\u00eat\u00e9s en Syrie, une proc\u00e9dure qui pourrait aboutir pour la premi\u00e8re fois \u00e0 la d\u00e9signation d'un juge pour enqu\u00eater sur des exactions attribu\u00e9es au r\u00e9gime de Bachar al-Assad. Cette plainte contre X a \u00e9t\u00e9 d\u00e9pos\u00e9e \u00e0 Paris au [&hellip;]","og_url":"https:\/\/www.justiceinfo.net\/fr\/30242-la-justice-francaise-saisie-de-la-disparition-de-franco-syriens-dans-les-geoles-de-damas.html","og_site_name":"JusticeInfo.net","article_publisher":"https:\/\/www.facebook.com\/JusticeInfo\/","article_published_time":"2016-10-24T11:10:04+00:00","article_modified_time":"2025-03-20T15:29:09+00:00","og_image":[{"width":1200,"height":630,"url":"https:\/\/www.justiceinfo.net\/wp-content\/uploads\/JusticeInfoNet_logo_1200x630px.jpg","type":"image\/jpeg"}],"author":"AFP","twitter_card":"summary_large_image","twitter_creator":"@justiceinfonet","twitter_site":"@justiceinfonet","twitter_misc":{"\u00c9crit par":"AFP","Dur\u00e9e de lecture estim\u00e9e":"4 minutes"},"schema":{"@context":"https:\/\/schema.org","@graph":[{"@type":"NewsArticle","@id":"https:\/\/www.justiceinfo.net\/fr\/30242-la-justice-francaise-saisie-de-la-disparition-de-franco-syriens-dans-les-geoles-de-damas.html#article","isPartOf":{"@id":"https:\/\/www.justiceinfo.net\/fr\/30242-la-justice-francaise-saisie-de-la-disparition-de-franco-syriens-dans-les-geoles-de-damas.html"},"author":{"name":"afp","@id":"https:\/\/www.justiceinfo.net\/fr#\/schema\/person\/713d340ef5f218fc36ce9b4244364a7f"},"headline":"La justice fran\u00e7aise saisie de la disparition de Franco-Syriens dans les prisons syriennes","datePublished":"2016-10-24T11:10:04+00:00","dateModified":"2025-03-20T15:29:09+00:00","mainEntityOfPage":{"@id":"https:\/\/www.justiceinfo.net\/fr\/30242-la-justice-francaise-saisie-de-la-disparition-de-franco-syriens-dans-les-geoles-de-damas.html"},"wordCount":752,"commentCount":0,"publisher":{"@id":"https:\/\/www.justiceinfo.net\/fr#organization"},"keywords":["Bachar el-Assad"],"articleSection":["Tribunaux nationaux"],"inLanguage":"fr-FR","potentialAction":[{"@type":"CommentAction","name":"Comment","target":["https:\/\/www.justiceinfo.net\/fr\/30242-la-justice-francaise-saisie-de-la-disparition-de-franco-syriens-dans-les-geoles-de-damas.html#respond"]}]},{"@type":"WebPage","@id":"https:\/\/www.justiceinfo.net\/fr\/30242-la-justice-francaise-saisie-de-la-disparition-de-franco-syriens-dans-les-geoles-de-damas.html","url":"https:\/\/www.justiceinfo.net\/fr\/30242-la-justice-francaise-saisie-de-la-disparition-de-franco-syriens-dans-les-geoles-de-damas.html","name":"La justice fran\u00e7aise saisie de la disparition de Franco-Syriens dans les prisons syriennes - JusticeInfo.net","isPartOf":{"@id":"https:\/\/www.justiceinfo.net\/fr#website"},"datePublished":"2016-10-24T11:10:04+00:00","dateModified":"2025-03-20T15:29:09+00:00","breadcrumb":{"@id":"https:\/\/www.justiceinfo.net\/fr\/30242-la-justice-francaise-saisie-de-la-disparition-de-franco-syriens-dans-les-geoles-de-damas.html#breadcrumb"},"inLanguage":"fr-FR","potentialAction":[{"@type":"ReadAction","target":["https:\/\/www.justiceinfo.net\/fr\/30242-la-justice-francaise-saisie-de-la-disparition-de-franco-syriens-dans-les-geoles-de-damas.html"]}]},{"@type":"BreadcrumbList","@id":"https:\/\/www.justiceinfo.net\/fr\/30242-la-justice-francaise-saisie-de-la-disparition-de-franco-syriens-dans-les-geoles-de-damas.html#breadcrumb","itemListElement":[{"@type":"ListItem","position":1,"name":"Home","item":"https:\/\/www.justiceinfo.net\/fr"},{"@type":"ListItem","position":2,"name":"La justice fran\u00e7aise saisie de la disparition de Franco-Syriens dans les prisons syriennes"}]},{"@type":"WebSite","@id":"https:\/\/www.justiceinfo.net\/fr#website","url":"https:\/\/www.justiceinfo.net\/fr","name":"JusticeInfo.net","description":"La justice doit \u00eatre vue pour \u00eatre rendue","publisher":{"@id":"https:\/\/www.justiceinfo.net\/fr#organization"},"potentialAction":[{"@type":"SearchAction","target":{"@type":"EntryPoint","urlTemplate":"https:\/\/www.justiceinfo.net\/fr?s={search_term_string}"},"query-input":{"@type":"PropertyValueSpecification","valueRequired":true,"valueName":"search_term_string"}}],"inLanguage":"fr-FR"},{"@type":"Organization","@id":"https:\/\/www.justiceinfo.net\/fr#organization","name":"Justice Info","url":"https:\/\/www.justiceinfo.net\/fr","logo":{"@type":"ImageObject","inLanguage":"fr-FR","@id":"https:\/\/www.justiceinfo.net\/fr#\/schema\/logo\/image\/","url":"https:\/\/www.justiceinfo.net\/wp-content\/uploads\/justiceinfo_logo-trans_1200x1200px.png","contentUrl":"https:\/\/www.justiceinfo.net\/wp-content\/uploads\/justiceinfo_logo-trans_1200x1200px.png","width":1199,"height":1200,"caption":"Justice Info"},"image":{"@id":"https:\/\/www.justiceinfo.net\/fr#\/schema\/logo\/image\/"},"sameAs":["https:\/\/www.facebook.com\/JusticeInfo\/","https:\/\/x.com\/justiceinfonet","https:\/\/www.linkedin.com\/company\/justice-info","https:\/\/www.youtube.com\/channel\/UCyCEsARodyuWtkWyhn-e7pA"]},{"@type":"Person","name":"AFP","url":"\/fr\/?s=AFP"}]}},"_links":{"self":[{"href":"https:\/\/www.justiceinfo.net\/fr\/wp-json\/wp\/v2\/posts\/30242","targetHints":{"allow":["GET"]}}],"collection":[{"href":"https:\/\/www.justiceinfo.net\/fr\/wp-json\/wp\/v2\/posts"}],"about":[{"href":"https:\/\/www.justiceinfo.net\/fr\/wp-json\/wp\/v2\/types\/post"}],"author":[{"embeddable":true,"href":"https:\/\/www.justiceinfo.net\/fr\/wp-json\/wp\/v2\/users\/60"}],"replies":[{"embeddable":true,"href":"https:\/\/www.justiceinfo.net\/fr\/wp-json\/wp\/v2\/comments?post=30242"}],"version-history":[{"count":1,"href":"https:\/\/www.justiceinfo.net\/fr\/wp-json\/wp\/v2\/posts\/30242\/revisions"}],"predecessor-version":[{"id":143018,"href":"https:\/\/www.justiceinfo.net\/fr\/wp-json\/wp\/v2\/posts\/30242\/revisions\/143018"}],"wp:attachment":[{"href":"https:\/\/www.justiceinfo.net\/fr\/wp-json\/wp\/v2\/media?parent=30242"}],"wp:term":[{"taxonomy":"category","embeddable":true,"href":"https:\/\/www.justiceinfo.net\/fr\/wp-json\/wp\/v2\/categories?post=30242"},{"taxonomy":"post_tag","embeddable":true,"href":"https:\/\/www.justiceinfo.net\/fr\/wp-json\/wp\/v2\/tags?post=30242"},{"taxonomy":"ji_location","embeddable":true,"href":"https:\/\/www.justiceinfo.net\/fr\/wp-json\/wp\/v2\/ji_location?post=30242"}],"curies":[{"name":"wp","href":"https:\/\/api.w.org\/{rel}","templated":true}]}}