{"id":30521,"date":"2016-11-08T07:53:52","date_gmt":"2016-11-08T06:53:52","guid":{"rendered":"https:\/\/www.justiceinfo.net\/30521-deux-ans-apres-le-soulevement-populaire-les-burkinabe-demandent-justice.html"},"modified":"2016-11-08T07:53:52","modified_gmt":"2016-11-08T06:53:52","slug":"deux-ans-apres-le-soulevement-populaire-les-burkinabe-demandent-justice","status":"publish","type":"post","link":"https:\/\/www.justiceinfo.net\/fr\/30521-deux-ans-apres-le-soulevement-populaire-les-burkinabe-demandent-justice.html","title":{"rendered":"Deux ans apr\u00e8s le soul\u00e8vement populaire, les Burkinab\u00e8 demandent justice"},"content":{"rendered":"<p><strong><em>Fin octobre 2014, des manifestations massives gagnent, comme une tra\u00een\u00e9e de poudre, les villes du Burkina Faso. Ce soul\u00e8vement d\u00e9nonce un projet de r\u00e9vision constitutionnelle visant \u00e0 autoriser le pr\u00e9sident Blaise Compaor\u00e9 \u00e0 se repr\u00e9senter pour un cinqui\u00e8me mandat. Face \u00e0 une d\u00e9termination populaire inou\u00efe dans le pays, l\u2019homme fort l\u00e2che le pouvoir qu\u2019il d\u00e9tient depuis 27 ans, laissant derri\u00e8re lui au moins une trentaine d\u2019insurg\u00e9s tomb\u00e9s sous les balles les forces du r\u00e9gime. Deux ans apr\u00e8s, plusieurs organisations locales demandent que justice soit rendue. Justice non seulement pour les \u00ab\u00a0h\u00e9ros\u00a0\u00bb du soul\u00e8vement de fin octobre 2014 mais aussi pour les victimes de la r\u00e9sistance au coup d\u2019Etat manqu\u00e9 de septembre 2015 contre les institutions de transition. <\/em><\/strong><\/p>\n<p>Cinq journ\u00e9es de comm\u00e9morations ont \u00e9t\u00e9 organis\u00e9es au Burkina Faso, dont certaines mettaient en exergue le r\u00f4le jou\u00e9 par des cat\u00e9gories sp\u00e9ciales comme les femmes, les jeunes et les artistes dans la contestation qui a pouss\u00e9 Blais\u00e9 Compaor\u00e9 \u00e0 la fuite. En plus de ces c\u00e9r\u00e9monies, le nouveau pr\u00e9sident du Faso, Roch Marc Kabor\u00e9, a re\u00e7u le 30 octobre les repr\u00e9sentants des familles de victimes. Il les a assur\u00e9s de l\u2019assistance continue du gouvernement aux veuves, orphelins et bless\u00e9s du soul\u00e8vement d\u2019octobre 2014 et du putsch manqu\u00e9 de septembre 2015. Lors de cette rencontre au Palais pr\u00e9sidentiel, Roch Marc Kabor\u00e9 a par ailleurs tent\u00e9 de rassurer ses concitoyens qui, en plus de ce r\u00e9confort mat\u00e9riel promis, demandent surtout que justice soit rendue. \u00ab\u00a0<em>Au-del\u00e0 de ce que l\u2019on peut faire sur le plan mat\u00e9riel, <\/em>a reconnu le chef de l\u2019Etat burkinab\u00e8<em>, aucune somme ne peut ramener quelqu\u2019un \u00e0 la vie et ne peut d\u00e9dommager la perte d\u2019un \u00eatre cher<\/em>\u00a0\u00bb. \u00ab\u00a0<em>Tout en respectant l\u2019ind\u00e9pendance de la justice, nous devons garder tous la vigilance pour que la justice soit rendue et que les ayant droits rentrent dans leurs droits<\/em>\u00a0\u00bb, a \u2013 t -il poursuivi. Il a enfin affirm\u00e9 que la justice doit passer avant tout processus de r\u00e9conciliation. <em>\u00ab\u00a0J\u2019ai dit que nous ne pouvons pas aller \u00e0 la r\u00e9conciliation en enjambant des morts car, elle ne pourra se faire que si nous mettons en place une situation o\u00f9 nous avons la v\u00e9rit\u00e9, la justice, apr\u00e8s quoi, nous pourrons voir comment aller \u00e0 la r\u00e9conciliation nationale<\/em>\u00a0\u00bb.<\/p>\n<h3>\u00a0<strong><em>\u00ab\u00a0Incons\u00e9quence, trahison\u00a0\u00bb<\/em><\/strong><\/h3>\n<p>\u00a0Mais, \u00e0 en croire certaines associations de la soci\u00e9t\u00e9 civile burkinab\u00e8, il ne s\u2019agit l\u00e0 que de simples mots. Dans une <a href=\"http:\/\/www.lebalaicitoyen.com\/m-347-coalition-ditanye-declaration-a-l-occasion-du-deuxieme-anniversaire-de-l-insurrection-populaires-des-30-et-31-octobre-2014-.html\">d\u00e9claration \u00e0 l\u2019occasion du deuxi\u00e8me anniversaire de l\u2019insurrection populaires des 30 et 31 octobre 2014<\/a>, une coalition de huit organisations burkinab\u00e8 affirme en effet que les appels \u00e0 la r\u00e9organisation et \u00e0 la d\u00e9politisation de l'arm\u00e9e \u00ab\u00a0<em>sont rest\u00e9s vains<\/em>\u00a0\u00bb. Parmi ces associations, figure le c\u00e9l\u00e8bre <em>Balai citoyen<\/em> qui fut aux premi\u00e8res loges de la contestation. Soulignant une certaine \u00ab\u00a0<em>complicit\u00e9 de la hi\u00e9rarchie militaire<\/em>\u00a0\u00bb dans le coup d\u2019Etat manqu\u00e9 de septembre 2015, ces organisations accusent les dirigeants actuels de maintenir en fonction, par n\u00e9potisme ou clanisme, des officiers sup\u00e9rieurs \u00ab\u00a0<em>qui ont \u00e9t\u00e9 passifs voire complices de la d\u00e9stabilisation du pays\u00a0\u00bb <\/em>en septembre 2015. La coalition y voit \u00ab\u00a0<em>une incons\u00e9quence, une trahison qui a accentu\u00e9 la fracture au sein des diff\u00e9rentes composantes militaires, compliquant naturellement l'aspect op\u00e9rationnel car une partie du sommet militaire ill\u00e9gitime ne peut avoir la confiance de la troupe\u00a0<\/em>\u00bb. \u00ab\u00a0<em>Par ailleurs, en suscitant et en alimentant un faux d\u00e9bat sur la r\u00e9conciliation, la classe politique (majorit\u00e9 et opposition) cherche plut\u00f4t \u00e0 ent\u00e9riner la trahison du peuple en voulant garantir une impunit\u00e9 dans les dossiers judiciaires de l\u2019insurrection populaire, du putsch<\/em>\u00a0\u00bb, all\u00e8guent encore les signataires. \u00ab\u00a0<em>Pour nous, aucune r\u00e9conciliation ne sera durable et recevable sans, au pr\u00e9alable, la v\u00e9rit\u00e9 et la justice<\/em>\u00a0\u00bb sur les crimes de sang et les crimes \u00e9conomiques, \u00e9crivent ces organisations, accusant les autorit\u00e9s actuelles de \u00ab\u00a0<em>tripatouillage\u00a0<\/em>\u00bb dans l'affaire du putsch avort\u00e9 de septembre 2015 ainsi que dans les dossiers, vieux de plusieurs ann\u00e9es, concernant les assassinats du pr\u00e9sident \u00a0Thomas Sankara (1987) et du journaliste Norbert \u00a0Zongo (1998).A la mi-septembre, c\u2019est le Mouvement burkinab\u00e8 des droits de l\u2019homme et des peuples (MBDHP), pr\u00e9sent\u00e9 comme la principale organisation des droits de l\u2019homme du Faso, qui avait tir\u00e9 la sonnette d\u2019alarme lors d\u2019une conf\u00e9rence de presse. \u00ab<em>Le sinistre et \u00e9pais voile de l\u2019impunit\u00e9 continue de couvrir bien des dossiers de crimes de sang et de crimes \u00e9conomiques<\/em>\u00a0\u00bb, avait d\u00e9clar\u00e9 le pr\u00e9sident du MBDHP, Chrysogone Zougmor\u00e9. Parlant des dossiers relatifs aux \u00e9v\u00e9nements d\u2019octobre 2014 et septembre 2015, il avait dress\u00e9 un bilan \u00ab\u00a0pl<em>us que mitig\u00e9 \u00bb et d\u00e9plor\u00e9 \u00ab\u00a0l\u2019attitude de nos dirigeants, bien suspecte<\/em>\u00a0\u00bb. Quant aux dossiers Thomas Sankara et Norbert Zongo, il avait rappel\u00e9 avec insistance\u00a0: \u00ab\u00a0<em>le peuple attend toujours de voir juger et condamner les commanditaires et ex\u00e9cutants de leur assassinat<\/em>\u00a0\u00bb.<\/p>\n<h3>\u00a0<strong>Le procureur annonce avoir inculp\u00e9 24 ministres de Compaor\u00e9<\/strong><\/h3>\n<p>\u00a0Deux semaines plus tard, le procureur g\u00e9n\u00e9ral pr\u00e8s la Haute cour de justice (HCJ), Armand Ou\u00e9draogo, avait r\u00e9agi, en annon\u00e7ant devant la presse que 24 des 33 ministres du dernier gouvernement de Blaise Compaor\u00e9 avaient \u00e9t\u00e9 entendus et inculp\u00e9s dans le cadre de l\u2019enqu\u00eate relative\u00a0 au soul\u00e8vement de fin octobre 2014, durant lequel une trentaine de manifestants avaient \u00e9t\u00e9 tu\u00e9s par les forces de l\u2019ordre. Parmi ceux qui n\u2019avaient pas encore \u00e9t\u00e9 entendus, figurait, selon le procureur, le ministre de la D\u00e9fense au moment des faits, qui n\u2019\u00e9tait autre que le pr\u00e9sident Compaor\u00e9, aujourd\u2019hui exil\u00e9 en C\u00f4te d\u2019Ivoire. Le magistrat avait n\u00e9anmoins soulign\u00e9 qu\u2019il \u00e9tait impossible de donner une suite favorable \u00e0 la demande de l\u2019Assembl\u00e9e nationale de transition de poursuivre Blaise Compaor\u00e9\u00a0 pour \u00ab\u00a0<em>haute trahison<\/em>\u00a0\u00bb et \u00ab\u00a0<em>attentat \u00e0 la Constitution<\/em>\u00a0\u00bb. Selon le procureur, il n\u2019existe aucune loi dans le droit burkinab\u00e8 pr\u00e9voyant ces deux infractions.<\/p>\n<p>Blaise Compaor\u00e9 est \u00e9galement recherch\u00e9 par la justice burkinab\u00e8 dans le cadre du dossier de l\u2019assassinat de son compagnon et pr\u00e9d\u00e9cesseur, le pr\u00e9sident Thomas Sankara, le 15 octobre 1987. Il a \u00e9t\u00e9 formellement inculp\u00e9 d\u2019assassinat et recel de cadavres. Le long r\u00e8gne de Compaor\u00e9 est par ailleurs entach\u00e9 par l\u2019assassinat, en d\u00e9cembre 1998, du journaliste d\u2019investigation Norbert Zongo. Fran\u00e7ois, fr\u00e8re de Blaise Compaor\u00e9, est soup\u00e7onn\u00e9 d\u2019\u00eatre le principal commanditaire du meurtre de Norbert Zongo et ses trois compagnons. Au Burkina Faso, comme \u00e0 l\u2019\u00e9tranger, les d\u00e9fenseurs des droits de l\u2019homme accusent Compaor\u00e9 d\u2019avoir bloqu\u00e9 les deux enqu\u00eates.<\/p>\n","protected":false},"excerpt":{"rendered":"<p>Fin octobre 2014, des manifestations massives gagnent, comme une tra\u00een\u00e9e de poudre, les villes du Burkina Faso. Ce soul\u00e8vement d\u00e9nonce un projet de r\u00e9vision constitutionnelle visant \u00e0 autoriser le pr\u00e9sident Blaise Compaor\u00e9 \u00e0 se repr\u00e9senter pour un cinqui\u00e8me mandat. Face \u00e0 une d\u00e9termination populaire inou\u00efe dans le pays, l\u2019homme fort l\u00e2che le pouvoir qu\u2019il d\u00e9tient [&hellip;]<\/p>\n","protected":false},"author":59,"featured_media":62358,"comment_status":"open","ping_status":"closed","sticky":false,"template":"","format":"standard","meta":{"_acf_changed":false,"footnotes":""},"categories":[549],"tags":[],"ji_location":[2150],"class_list":["post-30521","post","type-post","status-publish","format-standard","has-post-thumbnail","hentry","category-reconciliation","ji_location-burkina-faso"],"acf":[],"yoast_head":"<!-- This site is optimized with the Yoast SEO Premium plugin v25.3.1 (Yoast SEO v25.3.1) - https:\/\/yoast.com\/wordpress\/plugins\/seo\/ -->\n<title>Deux ans apr\u00e8s le soul\u00e8vement populaire, les Burkinab\u00e8 demandent justice - JusticeInfo.net<\/title>\n<meta name=\"robots\" content=\"index, follow, max-snippet:-1, max-image-preview:large, max-video-preview:-1\" \/>\n<link rel=\"canonical\" href=\"https:\/\/www.justiceinfo.net\/fr\/30521-deux-ans-apres-le-soulevement-populaire-les-burkinabe-demandent-justice.html\" \/>\n<meta property=\"og:locale\" content=\"fr_FR\" \/>\n<meta property=\"og:type\" content=\"article\" \/>\n<meta property=\"og:title\" content=\"Deux ans apr\u00e8s le soul\u00e8vement populaire, les Burkinab\u00e8 demandent justice\" \/>\n<meta property=\"og:description\" content=\"Fin octobre 2014, des manifestations massives gagnent, comme une tra\u00een\u00e9e de poudre, les villes du Burkina Faso. Ce soul\u00e8vement d\u00e9nonce un projet de r\u00e9vision constitutionnelle visant \u00e0 autoriser le pr\u00e9sident Blaise Compaor\u00e9 \u00e0 se repr\u00e9senter pour un cinqui\u00e8me mandat. Face \u00e0 une d\u00e9termination populaire inou\u00efe dans le pays, l\u2019homme fort l\u00e2che le pouvoir qu\u2019il d\u00e9tient [&hellip;]\" \/>\n<meta property=\"og:url\" content=\"https:\/\/www.justiceinfo.net\/fr\/30521-deux-ans-apres-le-soulevement-populaire-les-burkinabe-demandent-justice.html\" \/>\n<meta property=\"og:site_name\" content=\"JusticeInfo.net\" \/>\n<meta property=\"article:publisher\" content=\"https:\/\/www.facebook.com\/JusticeInfo\/\" \/>\n<meta property=\"article:author\" content=\"https:\/\/www.facebook.com\/rugiririza.ephrem.1\" \/>\n<meta property=\"article:published_time\" content=\"2016-11-08T06:53:52+00:00\" \/>\n<meta property=\"og:image\" content=\"https:\/\/www.justiceinfo.net\/wp-content\/uploads\/f2dbac1b64838009050a193e1595e85e-scaled.jpg\" \/>\n\t<meta property=\"og:image:width\" content=\"2560\" \/>\n\t<meta property=\"og:image:height\" content=\"1783\" \/>\n\t<meta property=\"og:image:type\" content=\"image\/jpeg\" \/>\n<meta name=\"author\" content=\"Ephrem Rugiririza, JusticeInfo.Net\" \/>\n<meta name=\"twitter:card\" content=\"summary_large_image\" \/>\n<meta name=\"twitter:creator\" content=\"@ER72777667\" \/>\n<meta name=\"twitter:site\" content=\"@justiceinfonet\" \/>\n<meta name=\"twitter:label1\" content=\"\u00c9crit par\" \/>\n\t<meta name=\"twitter:data1\" content=\"Ephrem Rugiririza, JusticeInfo.Net\" \/>\n\t<meta name=\"twitter:label2\" content=\"Dur\u00e9e de lecture estim\u00e9e\" \/>\n\t<meta name=\"twitter:data2\" content=\"6 minutes\" \/>\n<script type=\"application\/ld+json\" class=\"yoast-schema-graph\">{\"@context\":\"https:\/\/schema.org\",\"@graph\":[{\"@type\":\"NewsArticle\",\"@id\":\"https:\/\/www.justiceinfo.net\/fr\/30521-deux-ans-apres-le-soulevement-populaire-les-burkinabe-demandent-justice.html#article\",\"isPartOf\":{\"@id\":\"https:\/\/www.justiceinfo.net\/fr\/30521-deux-ans-apres-le-soulevement-populaire-les-burkinabe-demandent-justice.html\"},\"author\":{\"name\":\"erugiririza\",\"@id\":\"https:\/\/www.justiceinfo.net\/fr#\/schema\/person\/3c444bdbf3536fdebfdc6b3a06b2fc4a\"},\"headline\":\"Deux ans apr\u00e8s le soul\u00e8vement populaire, les Burkinab\u00e8 demandent justice\",\"datePublished\":\"2016-11-08T06:53:52+00:00\",\"mainEntityOfPage\":{\"@id\":\"https:\/\/www.justiceinfo.net\/fr\/30521-deux-ans-apres-le-soulevement-populaire-les-burkinabe-demandent-justice.html\"},\"wordCount\":1142,\"commentCount\":0,\"publisher\":{\"@id\":\"https:\/\/www.justiceinfo.net\/fr#organization\"},\"image\":{\"@id\":\"https:\/\/www.justiceinfo.net\/fr\/30521-deux-ans-apres-le-soulevement-populaire-les-burkinabe-demandent-justice.html#primaryimage\"},\"thumbnailUrl\":\"https:\/\/www.justiceinfo.net\/wp-content\/uploads\/f2dbac1b64838009050a193e1595e85e-scaled.jpg\",\"articleSection\":[\"R\u00e9conciliation\"],\"inLanguage\":\"fr-FR\",\"potentialAction\":[{\"@type\":\"CommentAction\",\"name\":\"Comment\",\"target\":[\"https:\/\/www.justiceinfo.net\/fr\/30521-deux-ans-apres-le-soulevement-populaire-les-burkinabe-demandent-justice.html#respond\"]}]},{\"@type\":\"WebPage\",\"@id\":\"https:\/\/www.justiceinfo.net\/fr\/30521-deux-ans-apres-le-soulevement-populaire-les-burkinabe-demandent-justice.html\",\"url\":\"https:\/\/www.justiceinfo.net\/fr\/30521-deux-ans-apres-le-soulevement-populaire-les-burkinabe-demandent-justice.html\",\"name\":\"Deux ans apr\u00e8s le soul\u00e8vement populaire, les Burkinab\u00e8 demandent justice - JusticeInfo.net\",\"isPartOf\":{\"@id\":\"https:\/\/www.justiceinfo.net\/fr#website\"},\"primaryImageOfPage\":{\"@id\":\"https:\/\/www.justiceinfo.net\/fr\/30521-deux-ans-apres-le-soulevement-populaire-les-burkinabe-demandent-justice.html#primaryimage\"},\"image\":{\"@id\":\"https:\/\/www.justiceinfo.net\/fr\/30521-deux-ans-apres-le-soulevement-populaire-les-burkinabe-demandent-justice.html#primaryimage\"},\"thumbnailUrl\":\"https:\/\/www.justiceinfo.net\/wp-content\/uploads\/f2dbac1b64838009050a193e1595e85e-scaled.jpg\",\"datePublished\":\"2016-11-08T06:53:52+00:00\",\"breadcrumb\":{\"@id\":\"https:\/\/www.justiceinfo.net\/fr\/30521-deux-ans-apres-le-soulevement-populaire-les-burkinabe-demandent-justice.html#breadcrumb\"},\"inLanguage\":\"fr-FR\",\"potentialAction\":[{\"@type\":\"ReadAction\",\"target\":[\"https:\/\/www.justiceinfo.net\/fr\/30521-deux-ans-apres-le-soulevement-populaire-les-burkinabe-demandent-justice.html\"]}]},{\"@type\":\"ImageObject\",\"inLanguage\":\"fr-FR\",\"@id\":\"https:\/\/www.justiceinfo.net\/fr\/30521-deux-ans-apres-le-soulevement-populaire-les-burkinabe-demandent-justice.html#primaryimage\",\"url\":\"https:\/\/www.justiceinfo.net\/wp-content\/uploads\/f2dbac1b64838009050a193e1595e85e-scaled.jpg\",\"contentUrl\":\"https:\/\/www.justiceinfo.net\/wp-content\/uploads\/f2dbac1b64838009050a193e1595e85e-scaled.jpg\",\"width\":2560,\"height\":1783},{\"@type\":\"BreadcrumbList\",\"@id\":\"https:\/\/www.justiceinfo.net\/fr\/30521-deux-ans-apres-le-soulevement-populaire-les-burkinabe-demandent-justice.html#breadcrumb\",\"itemListElement\":[{\"@type\":\"ListItem\",\"position\":1,\"name\":\"Home\",\"item\":\"https:\/\/www.justiceinfo.net\/fr\"},{\"@type\":\"ListItem\",\"position\":2,\"name\":\"Deux ans apr\u00e8s le soul\u00e8vement populaire, les Burkinab\u00e8 demandent justice\"}]},{\"@type\":\"WebSite\",\"@id\":\"https:\/\/www.justiceinfo.net\/fr#website\",\"url\":\"https:\/\/www.justiceinfo.net\/fr\",\"name\":\"JusticeInfo.net\",\"description\":\"La justice doit \u00eatre vue pour \u00eatre rendue\",\"publisher\":{\"@id\":\"https:\/\/www.justiceinfo.net\/fr#organization\"},\"potentialAction\":[{\"@type\":\"SearchAction\",\"target\":{\"@type\":\"EntryPoint\",\"urlTemplate\":\"https:\/\/www.justiceinfo.net\/fr?s={search_term_string}\"},\"query-input\":{\"@type\":\"PropertyValueSpecification\",\"valueRequired\":true,\"valueName\":\"search_term_string\"}}],\"inLanguage\":\"fr-FR\"},{\"@type\":\"Organization\",\"@id\":\"https:\/\/www.justiceinfo.net\/fr#organization\",\"name\":\"Justice Info\",\"url\":\"https:\/\/www.justiceinfo.net\/fr\",\"logo\":{\"@type\":\"ImageObject\",\"inLanguage\":\"fr-FR\",\"@id\":\"https:\/\/www.justiceinfo.net\/fr#\/schema\/logo\/image\/\",\"url\":\"https:\/\/www.justiceinfo.net\/wp-content\/uploads\/justiceinfo_logo-trans_1200x1200px.png\",\"contentUrl\":\"https:\/\/www.justiceinfo.net\/wp-content\/uploads\/justiceinfo_logo-trans_1200x1200px.png\",\"width\":1199,\"height\":1200,\"caption\":\"Justice Info\"},\"image\":{\"@id\":\"https:\/\/www.justiceinfo.net\/fr#\/schema\/logo\/image\/\"},\"sameAs\":[\"https:\/\/www.facebook.com\/JusticeInfo\/\",\"https:\/\/x.com\/justiceinfonet\",\"https:\/\/www.linkedin.com\/company\/justice-info\",\"https:\/\/www.youtube.com\/channel\/UCyCEsARodyuWtkWyhn-e7pA\"]},{\"@type\":\"Person\",\"name\":\"Ephrem Rugiririza, JusticeInfo.Net\",\"sameAs\":[\"https:\/\/www.facebook.com\/rugiririza.ephrem.1\",\"https:\/\/x.com\/ER72777667\"],\"url\":\"https:\/\/www.justiceinfo.net\/fr\/auteur\/erugiririza\"}]}<\/script>\n<!-- \/ Yoast SEO Premium plugin. -->","yoast_head_json":{"title":"Deux ans apr\u00e8s le soul\u00e8vement populaire, les Burkinab\u00e8 demandent justice - JusticeInfo.net","robots":{"index":"index","follow":"follow","max-snippet":"max-snippet:-1","max-image-preview":"max-image-preview:large","max-video-preview":"max-video-preview:-1"},"canonical":"https:\/\/www.justiceinfo.net\/fr\/30521-deux-ans-apres-le-soulevement-populaire-les-burkinabe-demandent-justice.html","og_locale":"fr_FR","og_type":"article","og_title":"Deux ans apr\u00e8s le soul\u00e8vement populaire, les Burkinab\u00e8 demandent justice","og_description":"Fin octobre 2014, des manifestations massives gagnent, comme une tra\u00een\u00e9e de poudre, les villes du Burkina Faso. Ce soul\u00e8vement d\u00e9nonce un projet de r\u00e9vision constitutionnelle visant \u00e0 autoriser le pr\u00e9sident Blaise Compaor\u00e9 \u00e0 se repr\u00e9senter pour un cinqui\u00e8me mandat. Face \u00e0 une d\u00e9termination populaire inou\u00efe dans le pays, l\u2019homme fort l\u00e2che le pouvoir qu\u2019il d\u00e9tient [&hellip;]","og_url":"https:\/\/www.justiceinfo.net\/fr\/30521-deux-ans-apres-le-soulevement-populaire-les-burkinabe-demandent-justice.html","og_site_name":"JusticeInfo.net","article_publisher":"https:\/\/www.facebook.com\/JusticeInfo\/","article_author":"https:\/\/www.facebook.com\/rugiririza.ephrem.1","article_published_time":"2016-11-08T06:53:52+00:00","og_image":[{"width":2560,"height":1783,"url":"https:\/\/www.justiceinfo.net\/wp-content\/uploads\/f2dbac1b64838009050a193e1595e85e-scaled.jpg","type":"image\/jpeg"}],"author":"Ephrem Rugiririza, JusticeInfo.Net","twitter_card":"summary_large_image","twitter_creator":"@ER72777667","twitter_site":"@justiceinfonet","twitter_misc":{"\u00c9crit par":"Ephrem Rugiririza, JusticeInfo.Net","Dur\u00e9e de lecture estim\u00e9e":"6 minutes"},"schema":{"@context":"https:\/\/schema.org","@graph":[{"@type":"NewsArticle","@id":"https:\/\/www.justiceinfo.net\/fr\/30521-deux-ans-apres-le-soulevement-populaire-les-burkinabe-demandent-justice.html#article","isPartOf":{"@id":"https:\/\/www.justiceinfo.net\/fr\/30521-deux-ans-apres-le-soulevement-populaire-les-burkinabe-demandent-justice.html"},"author":{"name":"erugiririza","@id":"https:\/\/www.justiceinfo.net\/fr#\/schema\/person\/3c444bdbf3536fdebfdc6b3a06b2fc4a"},"headline":"Deux ans apr\u00e8s le soul\u00e8vement populaire, les Burkinab\u00e8 demandent justice","datePublished":"2016-11-08T06:53:52+00:00","mainEntityOfPage":{"@id":"https:\/\/www.justiceinfo.net\/fr\/30521-deux-ans-apres-le-soulevement-populaire-les-burkinabe-demandent-justice.html"},"wordCount":1142,"commentCount":0,"publisher":{"@id":"https:\/\/www.justiceinfo.net\/fr#organization"},"image":{"@id":"https:\/\/www.justiceinfo.net\/fr\/30521-deux-ans-apres-le-soulevement-populaire-les-burkinabe-demandent-justice.html#primaryimage"},"thumbnailUrl":"https:\/\/www.justiceinfo.net\/wp-content\/uploads\/f2dbac1b64838009050a193e1595e85e-scaled.jpg","articleSection":["R\u00e9conciliation"],"inLanguage":"fr-FR","potentialAction":[{"@type":"CommentAction","name":"Comment","target":["https:\/\/www.justiceinfo.net\/fr\/30521-deux-ans-apres-le-soulevement-populaire-les-burkinabe-demandent-justice.html#respond"]}]},{"@type":"WebPage","@id":"https:\/\/www.justiceinfo.net\/fr\/30521-deux-ans-apres-le-soulevement-populaire-les-burkinabe-demandent-justice.html","url":"https:\/\/www.justiceinfo.net\/fr\/30521-deux-ans-apres-le-soulevement-populaire-les-burkinabe-demandent-justice.html","name":"Deux ans apr\u00e8s le soul\u00e8vement populaire, les Burkinab\u00e8 demandent justice - JusticeInfo.net","isPartOf":{"@id":"https:\/\/www.justiceinfo.net\/fr#website"},"primaryImageOfPage":{"@id":"https:\/\/www.justiceinfo.net\/fr\/30521-deux-ans-apres-le-soulevement-populaire-les-burkinabe-demandent-justice.html#primaryimage"},"image":{"@id":"https:\/\/www.justiceinfo.net\/fr\/30521-deux-ans-apres-le-soulevement-populaire-les-burkinabe-demandent-justice.html#primaryimage"},"thumbnailUrl":"https:\/\/www.justiceinfo.net\/wp-content\/uploads\/f2dbac1b64838009050a193e1595e85e-scaled.jpg","datePublished":"2016-11-08T06:53:52+00:00","breadcrumb":{"@id":"https:\/\/www.justiceinfo.net\/fr\/30521-deux-ans-apres-le-soulevement-populaire-les-burkinabe-demandent-justice.html#breadcrumb"},"inLanguage":"fr-FR","potentialAction":[{"@type":"ReadAction","target":["https:\/\/www.justiceinfo.net\/fr\/30521-deux-ans-apres-le-soulevement-populaire-les-burkinabe-demandent-justice.html"]}]},{"@type":"ImageObject","inLanguage":"fr-FR","@id":"https:\/\/www.justiceinfo.net\/fr\/30521-deux-ans-apres-le-soulevement-populaire-les-burkinabe-demandent-justice.html#primaryimage","url":"https:\/\/www.justiceinfo.net\/wp-content\/uploads\/f2dbac1b64838009050a193e1595e85e-scaled.jpg","contentUrl":"https:\/\/www.justiceinfo.net\/wp-content\/uploads\/f2dbac1b64838009050a193e1595e85e-scaled.jpg","width":2560,"height":1783},{"@type":"BreadcrumbList","@id":"https:\/\/www.justiceinfo.net\/fr\/30521-deux-ans-apres-le-soulevement-populaire-les-burkinabe-demandent-justice.html#breadcrumb","itemListElement":[{"@type":"ListItem","position":1,"name":"Home","item":"https:\/\/www.justiceinfo.net\/fr"},{"@type":"ListItem","position":2,"name":"Deux ans apr\u00e8s le soul\u00e8vement populaire, les Burkinab\u00e8 demandent justice"}]},{"@type":"WebSite","@id":"https:\/\/www.justiceinfo.net\/fr#website","url":"https:\/\/www.justiceinfo.net\/fr","name":"JusticeInfo.net","description":"La justice doit \u00eatre vue pour \u00eatre rendue","publisher":{"@id":"https:\/\/www.justiceinfo.net\/fr#organization"},"potentialAction":[{"@type":"SearchAction","target":{"@type":"EntryPoint","urlTemplate":"https:\/\/www.justiceinfo.net\/fr?s={search_term_string}"},"query-input":{"@type":"PropertyValueSpecification","valueRequired":true,"valueName":"search_term_string"}}],"inLanguage":"fr-FR"},{"@type":"Organization","@id":"https:\/\/www.justiceinfo.net\/fr#organization","name":"Justice Info","url":"https:\/\/www.justiceinfo.net\/fr","logo":{"@type":"ImageObject","inLanguage":"fr-FR","@id":"https:\/\/www.justiceinfo.net\/fr#\/schema\/logo\/image\/","url":"https:\/\/www.justiceinfo.net\/wp-content\/uploads\/justiceinfo_logo-trans_1200x1200px.png","contentUrl":"https:\/\/www.justiceinfo.net\/wp-content\/uploads\/justiceinfo_logo-trans_1200x1200px.png","width":1199,"height":1200,"caption":"Justice Info"},"image":{"@id":"https:\/\/www.justiceinfo.net\/fr#\/schema\/logo\/image\/"},"sameAs":["https:\/\/www.facebook.com\/JusticeInfo\/","https:\/\/x.com\/justiceinfonet","https:\/\/www.linkedin.com\/company\/justice-info","https:\/\/www.youtube.com\/channel\/UCyCEsARodyuWtkWyhn-e7pA"]},{"@type":"Person","name":"Ephrem Rugiririza, JusticeInfo.Net","sameAs":["https:\/\/www.facebook.com\/rugiririza.ephrem.1","https:\/\/x.com\/ER72777667"],"url":"https:\/\/www.justiceinfo.net\/fr\/auteur\/erugiririza"}]}},"_links":{"self":[{"href":"https:\/\/www.justiceinfo.net\/fr\/wp-json\/wp\/v2\/posts\/30521","targetHints":{"allow":["GET"]}}],"collection":[{"href":"https:\/\/www.justiceinfo.net\/fr\/wp-json\/wp\/v2\/posts"}],"about":[{"href":"https:\/\/www.justiceinfo.net\/fr\/wp-json\/wp\/v2\/types\/post"}],"author":[{"embeddable":true,"href":"https:\/\/www.justiceinfo.net\/fr\/wp-json\/wp\/v2\/users\/59"}],"replies":[{"embeddable":true,"href":"https:\/\/www.justiceinfo.net\/fr\/wp-json\/wp\/v2\/comments?post=30521"}],"version-history":[{"count":0,"href":"https:\/\/www.justiceinfo.net\/fr\/wp-json\/wp\/v2\/posts\/30521\/revisions"}],"wp:featuredmedia":[{"embeddable":true,"href":"https:\/\/www.justiceinfo.net\/fr\/wp-json\/wp\/v2\/media\/62358"}],"wp:attachment":[{"href":"https:\/\/www.justiceinfo.net\/fr\/wp-json\/wp\/v2\/media?parent=30521"}],"wp:term":[{"taxonomy":"category","embeddable":true,"href":"https:\/\/www.justiceinfo.net\/fr\/wp-json\/wp\/v2\/categories?post=30521"},{"taxonomy":"post_tag","embeddable":true,"href":"https:\/\/www.justiceinfo.net\/fr\/wp-json\/wp\/v2\/tags?post=30521"},{"taxonomy":"ji_location","embeddable":true,"href":"https:\/\/www.justiceinfo.net\/fr\/wp-json\/wp\/v2\/ji_location?post=30521"}],"curies":[{"name":"wp","href":"https:\/\/api.w.org\/{rel}","templated":true}]}}