{"id":30568,"date":"2016-11-13T17:22:20","date_gmt":"2016-11-13T16:22:20","guid":{"rendered":"https:\/\/www.justiceinfo.net\/30568-la-semaine-de-la-justice-transitionnelle-de-donald-trump-a-la-libye-tunisie-et-burkina-faso-incertitude-et-impatience.html"},"modified":"2025-04-01T15:28:29","modified_gmt":"2025-04-01T13:28:29","slug":"la-semaine-de-la-justice-transitionnelle-de-donald-trump-a-la-libye-tunisie-et-burkina-faso-incertitude-et-impatience","status":"publish","type":"post","link":"https:\/\/www.justiceinfo.net\/fr\/30568-la-semaine-de-la-justice-transitionnelle-de-donald-trump-a-la-libye-tunisie-et-burkina-faso-incertitude-et-impatience.html","title":{"rendered":"La semaine de la justice transitionnelle : de Donald Trump \u00e0 la Libye, Tunisie et Burkina Faso, incertitude et impatience."},"content":{"rendered":"<p>La semaine de la justice transitionnelle a \u00e9t\u00e9 marqu\u00e9e par un \u00e9v\u00e9nement lourd de cons\u00e9quences\u00a0: l\u2019\u00e9lection de <a href=\"https:\/\/www.justiceinfo.net\/fr\/tag\/donald-trump\">Donald Trump<\/a> \u00e0 la pr\u00e9sidence des Etats-Unis. Comment la future administration am\u00e9ricaine, qui entrera en fonction le 20 janvier prochain, va-t-elle se comporter en mati\u00e8re de droits de l\u2019homme\u00a0? Quelle sera sa position \u00e0 l\u2019\u00e9gard de la torture, de la fermeture de Guantanamo, ou encore de la Cour p\u00e9nale internationale (CPI)\u00a0? Lors de ses deux mandats, Barack Obama avait pris r\u00e9solument le contre-pied de l\u2019administration Bush sur tous ces sujets, et s\u2019\u00e9tait engag\u00e9 fermement en faveur du multilat\u00e9ralisme. Donald Trump va-t-il faire le choix de l\u2019isolationnisme et revenir \u00e0 la politique bushienne\u00a0? \u00ab\u00a0<a href=\"fr\/component\/k2\/trump-menace-droit-international.html?Itemid=102\">Est-il une menace pour le droit international\u00a0?\u00a0<\/a>\u00bb, s\u2019interroge Fr\u00e9d\u00e9ric Burnand de Swissinfo. Il souligne l\u2019inqui\u00e9tude de la Secr\u00e9taire g\u00e9n\u00e9rale d\u2019Amnesty international, Salil Shetty, \u00ab\u00a0profond\u00e9ment pr\u00e9occup\u00e9e\u00a0\u00bb par l\u2019apparente indiff\u00e9rence du futur pr\u00e9sident \u00e0 l\u2019\u00e9gard du respect des droits de l\u2019homme.<\/p>\n<p>Au-del\u00e0 de l\u2019\u00e9lection de Donald Trump et des incertitudes qu\u2019elle g\u00e9n\u00e8re, l\u2019actualit\u00e9 en mati\u00e8re de justice transitionnelle a \u00e9t\u00e9 domin\u00e9e une fois encore par l\u2019Afrique. S\u2019exprimant devant le Conseil de s\u00e9curit\u00e9 de l\u2019ONU, la procureure de la CPI, <a href=\"fr\/component\/k2\/libye-cpi-crimes-de-guerre.html?Itemid=102\">Fatou Bensouda<\/a>, a affirm\u00e9 que la Libye serait l\u2019une de ses priorit\u00e9s en 2017 de la Cour, laissant entendre, comme l\u2019\u00e9crit notre correspondante \u00e0 La Haye, St\u00e9phanie Maupas, que des actes d\u2019inculpation secrets ont d\u00e9j\u00e0 \u00e9t\u00e9 \u00e9mis \u00e0 l\u2019encontre d\u2019anciens proches du pr\u00e9sident Khadafi. Le bureau du procureur de la CPI devrait en outre, \u00ab\u00a0\u00e9tudier la possibilit\u00e9 d\u2019ouvrir une enqu\u00eate\u00a0\u00bb sur les crimes commis contre les r\u00e9fugi\u00e9s et les migrants en Libye, notamment les violences sexuelles et celles perp\u00e9tr\u00e9es contre les enfants. Ce qui serait une premi\u00e8re sur ce th\u00e8me pour la juridiction de La Haye.<\/p>\n<p>Cinq ans apr\u00e8s la r\u00e9volution en Tunisie, <a href=\"fr\/component\/k2\/tunisie-ben-ali-suisse-bloques-hsbc.html?Itemid=102\">les avoirs issus du syst\u00e8me de corruption \u00e9tabli par le clan de l\u2019ancien dictateur tunisien Ben Ali restent bloqu\u00e9s en Suisse<\/a> (43 millions de CHF). Comme le souligne notre correspondante genevoise, Vony Rambolamanana, la pr\u00e9sidente de l\u2019Instance v\u00e9rit\u00e9 et dignit\u00e9 (IVD) r\u00e9clame ces avoirs \u00e0 la Conf\u00e9d\u00e9ration helv\u00e9tique, mais pour les autorit\u00e9s suisses, leur remise \u00e0 la Tunisie ne peut se faire que sur la base de jugements tunisiens ordonnant leur confiscation. Jugements qui ne sont pas encore intervenus, et qui pourraient permettre \u00e0 Trabelsi de r\u00e9cup\u00e9rer cette somme si le gel des avoirs n\u2019est pas prolong\u00e9 au 17 janvier\u00a0!<\/p>\n<p>L\u2019impatience gronde aussi au Burkina Faso, deux ans apr\u00e8s le coup d\u2019Etat qui a conduit au renversement de Blaise Compraor\u00e9, note Ephrem Rugiririza, r\u00e9dacteur-en-chef adjoint de Justiceinfo.net. Plusieurs organisations locales demandent que <a href=\"fr\/component\/k2\/deux-ans-apr%C3%A8s-le-soul%C3%A8vement-populaire,-les-burkinab%C3%A8-demandent-justice.html?Itemid=102\">justice soit rendue<\/a> non seulement pour les \u00ab\u00a0h\u00e9ros\u00a0\u00bb du soul\u00e8vement d\u2019octobre 2014, mais aussi pour les victimes de la r\u00e9sistance au coup d\u2019Etat manqu\u00e9 de septembre 2015 contre les institutions de transition.<\/p>\n","protected":false},"excerpt":{"rendered":"<p>La semaine de la justice transitionnelle a \u00e9t\u00e9 marqu\u00e9e par un \u00e9v\u00e9nement lourd de cons\u00e9quences\u00a0: l\u2019\u00e9lection de Donald Trump \u00e0 la pr\u00e9sidence des Etats-Unis. Comment la future administration am\u00e9ricaine, qui entrera en fonction le 20 janvier prochain, va-t-elle se comporter en mati\u00e8re de droits de l\u2019homme\u00a0? Quelle sera sa position \u00e0 l\u2019\u00e9gard de la torture, [&hellip;]<\/p>\n","protected":false},"author":56,"featured_media":62562,"comment_status":"open","ping_status":"closed","sticky":false,"template":"","format":"standard","meta":{"_acf_changed":false,"footnotes":""},"categories":[547],"tags":[4201],"ji_location":[2538],"class_list":["post-30568","post","type-post","status-publish","format-standard","has-post-thumbnail","hentry","category-tribunaux","tag-donald-trump","ji_location-etats-unis-d-amer"],"acf":[],"yoast_head":"<!-- This site is optimized with the Yoast SEO Premium plugin v25.3.1 (Yoast SEO v25.3.1) - https:\/\/yoast.com\/wordpress\/plugins\/seo\/ -->\n<title>La semaine de la justice transitionnelle : de Donald Trump \u00e0 la Libye, Tunisie et Burkina Faso, incertitude et impatience. - JusticeInfo.net<\/title>\n<meta name=\"robots\" content=\"index, follow, max-snippet:-1, max-image-preview:large, max-video-preview:-1\" \/>\n<link rel=\"canonical\" href=\"https:\/\/www.justiceinfo.net\/fr\/30568-la-semaine-de-la-justice-transitionnelle-de-donald-trump-a-la-libye-tunisie-et-burkina-faso-incertitude-et-impatience.html\" \/>\n<meta property=\"og:locale\" content=\"fr_FR\" \/>\n<meta property=\"og:type\" content=\"article\" \/>\n<meta property=\"og:title\" content=\"La semaine de la justice transitionnelle : de Donald Trump \u00e0 la Libye, Tunisie et Burkina Faso, incertitude et impatience.\" \/>\n<meta property=\"og:description\" content=\"La semaine de la justice transitionnelle a \u00e9t\u00e9 marqu\u00e9e par un \u00e9v\u00e9nement lourd de cons\u00e9quences\u00a0: l\u2019\u00e9lection de Donald Trump \u00e0 la pr\u00e9sidence des Etats-Unis. Comment la future administration am\u00e9ricaine, qui entrera en fonction le 20 janvier prochain, va-t-elle se comporter en mati\u00e8re de droits de l\u2019homme\u00a0? Quelle sera sa position \u00e0 l\u2019\u00e9gard de la torture, [&hellip;]\" \/>\n<meta property=\"og:url\" content=\"https:\/\/www.justiceinfo.net\/fr\/30568-la-semaine-de-la-justice-transitionnelle-de-donald-trump-a-la-libye-tunisie-et-burkina-faso-incertitude-et-impatience.html\" \/>\n<meta property=\"og:site_name\" content=\"JusticeInfo.net\" \/>\n<meta property=\"article:publisher\" content=\"https:\/\/www.facebook.com\/JusticeInfo\/\" \/>\n<meta property=\"article:author\" content=\"https:\/\/www.facebook.com\/pierre.hazan.3\" \/>\n<meta property=\"article:published_time\" content=\"2016-11-13T16:22:20+00:00\" \/>\n<meta property=\"article:modified_time\" content=\"2025-04-01T13:28:29+00:00\" \/>\n<meta property=\"og:image\" content=\"https:\/\/www.justiceinfo.net\/wp-content\/uploads\/76f282a829690ca37404aeeb1d5a0980.jpg\" \/>\n\t<meta property=\"og:image:width\" content=\"640\" \/>\n\t<meta property=\"og:image:height\" content=\"427\" \/>\n\t<meta property=\"og:image:type\" content=\"image\/jpeg\" \/>\n<meta name=\"author\" content=\"Pierre Hazan\" \/>\n<meta name=\"twitter:card\" content=\"summary_large_image\" \/>\n<meta name=\"twitter:creator\" content=\"@Pierre_hazan\" \/>\n<meta name=\"twitter:site\" content=\"@justiceinfonet\" \/>\n<meta name=\"twitter:label1\" content=\"\u00c9crit par\" \/>\n\t<meta name=\"twitter:data1\" content=\"Pierre Hazan\" \/>\n\t<meta name=\"twitter:label2\" content=\"Dur\u00e9e de lecture estim\u00e9e\" \/>\n\t<meta name=\"twitter:data2\" content=\"3 minutes\" \/>\n<script type=\"application\/ld+json\" class=\"yoast-schema-graph\">{\"@context\":\"https:\/\/schema.org\",\"@graph\":[{\"@type\":\"NewsArticle\",\"@id\":\"https:\/\/www.justiceinfo.net\/fr\/30568-la-semaine-de-la-justice-transitionnelle-de-donald-trump-a-la-libye-tunisie-et-burkina-faso-incertitude-et-impatience.html#article\",\"isPartOf\":{\"@id\":\"https:\/\/www.justiceinfo.net\/fr\/30568-la-semaine-de-la-justice-transitionnelle-de-donald-trump-a-la-libye-tunisie-et-burkina-faso-incertitude-et-impatience.html\"},\"author\":{\"name\":\"phazan\",\"@id\":\"https:\/\/www.justiceinfo.net\/fr#\/schema\/person\/02bb539ffda3c4569baa1dea22d1c4b2\"},\"headline\":\"La semaine de la justice transitionnelle : de Donald Trump \u00e0 la Libye, Tunisie et Burkina Faso, incertitude et impatience.\",\"datePublished\":\"2016-11-13T16:22:20+00:00\",\"dateModified\":\"2025-04-01T13:28:29+00:00\",\"mainEntityOfPage\":{\"@id\":\"https:\/\/www.justiceinfo.net\/fr\/30568-la-semaine-de-la-justice-transitionnelle-de-donald-trump-a-la-libye-tunisie-et-burkina-faso-incertitude-et-impatience.html\"},\"wordCount\":542,\"commentCount\":0,\"publisher\":{\"@id\":\"https:\/\/www.justiceinfo.net\/fr#organization\"},\"image\":{\"@id\":\"https:\/\/www.justiceinfo.net\/fr\/30568-la-semaine-de-la-justice-transitionnelle-de-donald-trump-a-la-libye-tunisie-et-burkina-faso-incertitude-et-impatience.html#primaryimage\"},\"thumbnailUrl\":\"https:\/\/www.justiceinfo.net\/wp-content\/uploads\/76f282a829690ca37404aeeb1d5a0980.jpg\",\"keywords\":[\"Donald Trump\"],\"articleSection\":[\"Tribunaux\"],\"inLanguage\":\"fr-FR\",\"potentialAction\":[{\"@type\":\"CommentAction\",\"name\":\"Comment\",\"target\":[\"https:\/\/www.justiceinfo.net\/fr\/30568-la-semaine-de-la-justice-transitionnelle-de-donald-trump-a-la-libye-tunisie-et-burkina-faso-incertitude-et-impatience.html#respond\"]}]},{\"@type\":\"WebPage\",\"@id\":\"https:\/\/www.justiceinfo.net\/fr\/30568-la-semaine-de-la-justice-transitionnelle-de-donald-trump-a-la-libye-tunisie-et-burkina-faso-incertitude-et-impatience.html\",\"url\":\"https:\/\/www.justiceinfo.net\/fr\/30568-la-semaine-de-la-justice-transitionnelle-de-donald-trump-a-la-libye-tunisie-et-burkina-faso-incertitude-et-impatience.html\",\"name\":\"La semaine de la justice transitionnelle : de Donald Trump \u00e0 la Libye, Tunisie et Burkina Faso, incertitude et impatience. - JusticeInfo.net\",\"isPartOf\":{\"@id\":\"https:\/\/www.justiceinfo.net\/fr#website\"},\"primaryImageOfPage\":{\"@id\":\"https:\/\/www.justiceinfo.net\/fr\/30568-la-semaine-de-la-justice-transitionnelle-de-donald-trump-a-la-libye-tunisie-et-burkina-faso-incertitude-et-impatience.html#primaryimage\"},\"image\":{\"@id\":\"https:\/\/www.justiceinfo.net\/fr\/30568-la-semaine-de-la-justice-transitionnelle-de-donald-trump-a-la-libye-tunisie-et-burkina-faso-incertitude-et-impatience.html#primaryimage\"},\"thumbnailUrl\":\"https:\/\/www.justiceinfo.net\/wp-content\/uploads\/76f282a829690ca37404aeeb1d5a0980.jpg\",\"datePublished\":\"2016-11-13T16:22:20+00:00\",\"dateModified\":\"2025-04-01T13:28:29+00:00\",\"breadcrumb\":{\"@id\":\"https:\/\/www.justiceinfo.net\/fr\/30568-la-semaine-de-la-justice-transitionnelle-de-donald-trump-a-la-libye-tunisie-et-burkina-faso-incertitude-et-impatience.html#breadcrumb\"},\"inLanguage\":\"fr-FR\",\"potentialAction\":[{\"@type\":\"ReadAction\",\"target\":[\"https:\/\/www.justiceinfo.net\/fr\/30568-la-semaine-de-la-justice-transitionnelle-de-donald-trump-a-la-libye-tunisie-et-burkina-faso-incertitude-et-impatience.html\"]}]},{\"@type\":\"ImageObject\",\"inLanguage\":\"fr-FR\",\"@id\":\"https:\/\/www.justiceinfo.net\/fr\/30568-la-semaine-de-la-justice-transitionnelle-de-donald-trump-a-la-libye-tunisie-et-burkina-faso-incertitude-et-impatience.html#primaryimage\",\"url\":\"https:\/\/www.justiceinfo.net\/wp-content\/uploads\/76f282a829690ca37404aeeb1d5a0980.jpg\",\"contentUrl\":\"https:\/\/www.justiceinfo.net\/wp-content\/uploads\/76f282a829690ca37404aeeb1d5a0980.jpg\",\"width\":640,\"height\":427},{\"@type\":\"BreadcrumbList\",\"@id\":\"https:\/\/www.justiceinfo.net\/fr\/30568-la-semaine-de-la-justice-transitionnelle-de-donald-trump-a-la-libye-tunisie-et-burkina-faso-incertitude-et-impatience.html#breadcrumb\",\"itemListElement\":[{\"@type\":\"ListItem\",\"position\":1,\"name\":\"Home\",\"item\":\"https:\/\/www.justiceinfo.net\/fr\"},{\"@type\":\"ListItem\",\"position\":2,\"name\":\"La semaine de la justice transitionnelle : de Donald Trump \u00e0 la Libye, Tunisie et Burkina Faso, incertitude et impatience.\"}]},{\"@type\":\"WebSite\",\"@id\":\"https:\/\/www.justiceinfo.net\/fr#website\",\"url\":\"https:\/\/www.justiceinfo.net\/fr\",\"name\":\"JusticeInfo.net\",\"description\":\"La justice doit \u00eatre vue pour \u00eatre rendue\",\"publisher\":{\"@id\":\"https:\/\/www.justiceinfo.net\/fr#organization\"},\"potentialAction\":[{\"@type\":\"SearchAction\",\"target\":{\"@type\":\"EntryPoint\",\"urlTemplate\":\"https:\/\/www.justiceinfo.net\/fr?s={search_term_string}\"},\"query-input\":{\"@type\":\"PropertyValueSpecification\",\"valueRequired\":true,\"valueName\":\"search_term_string\"}}],\"inLanguage\":\"fr-FR\"},{\"@type\":\"Organization\",\"@id\":\"https:\/\/www.justiceinfo.net\/fr#organization\",\"name\":\"Justice Info\",\"url\":\"https:\/\/www.justiceinfo.net\/fr\",\"logo\":{\"@type\":\"ImageObject\",\"inLanguage\":\"fr-FR\",\"@id\":\"https:\/\/www.justiceinfo.net\/fr#\/schema\/logo\/image\/\",\"url\":\"https:\/\/www.justiceinfo.net\/wp-content\/uploads\/justiceinfo_logo-trans_1200x1200px.png\",\"contentUrl\":\"https:\/\/www.justiceinfo.net\/wp-content\/uploads\/justiceinfo_logo-trans_1200x1200px.png\",\"width\":1199,\"height\":1200,\"caption\":\"Justice Info\"},\"image\":{\"@id\":\"https:\/\/www.justiceinfo.net\/fr#\/schema\/logo\/image\/\"},\"sameAs\":[\"https:\/\/www.facebook.com\/JusticeInfo\/\",\"https:\/\/x.com\/justiceinfonet\",\"https:\/\/www.linkedin.com\/company\/justice-info\",\"https:\/\/www.youtube.com\/channel\/UCyCEsARodyuWtkWyhn-e7pA\"]},{\"@type\":\"Person\",\"name\":\"Pierre Hazan\",\"sameAs\":[\"https:\/\/www.facebook.com\/pierre.hazan.3\",\"https:\/\/x.com\/Pierre_hazan\"],\"url\":\"https:\/\/www.justiceinfo.net\/fr\/auteur\/phazan\"}]}<\/script>\n<!-- \/ Yoast SEO Premium plugin. -->","yoast_head_json":{"title":"La semaine de la justice transitionnelle : de Donald Trump \u00e0 la Libye, Tunisie et Burkina Faso, incertitude et impatience. - JusticeInfo.net","robots":{"index":"index","follow":"follow","max-snippet":"max-snippet:-1","max-image-preview":"max-image-preview:large","max-video-preview":"max-video-preview:-1"},"canonical":"https:\/\/www.justiceinfo.net\/fr\/30568-la-semaine-de-la-justice-transitionnelle-de-donald-trump-a-la-libye-tunisie-et-burkina-faso-incertitude-et-impatience.html","og_locale":"fr_FR","og_type":"article","og_title":"La semaine de la justice transitionnelle : de Donald Trump \u00e0 la Libye, Tunisie et Burkina Faso, incertitude et impatience.","og_description":"La semaine de la justice transitionnelle a \u00e9t\u00e9 marqu\u00e9e par un \u00e9v\u00e9nement lourd de cons\u00e9quences\u00a0: l\u2019\u00e9lection de Donald Trump \u00e0 la pr\u00e9sidence des Etats-Unis. Comment la future administration am\u00e9ricaine, qui entrera en fonction le 20 janvier prochain, va-t-elle se comporter en mati\u00e8re de droits de l\u2019homme\u00a0? Quelle sera sa position \u00e0 l\u2019\u00e9gard de la torture, [&hellip;]","og_url":"https:\/\/www.justiceinfo.net\/fr\/30568-la-semaine-de-la-justice-transitionnelle-de-donald-trump-a-la-libye-tunisie-et-burkina-faso-incertitude-et-impatience.html","og_site_name":"JusticeInfo.net","article_publisher":"https:\/\/www.facebook.com\/JusticeInfo\/","article_author":"https:\/\/www.facebook.com\/pierre.hazan.3","article_published_time":"2016-11-13T16:22:20+00:00","article_modified_time":"2025-04-01T13:28:29+00:00","og_image":[{"width":640,"height":427,"url":"https:\/\/www.justiceinfo.net\/wp-content\/uploads\/76f282a829690ca37404aeeb1d5a0980.jpg","type":"image\/jpeg"}],"author":"Pierre Hazan","twitter_card":"summary_large_image","twitter_creator":"@Pierre_hazan","twitter_site":"@justiceinfonet","twitter_misc":{"\u00c9crit par":"Pierre Hazan","Dur\u00e9e de lecture estim\u00e9e":"3 minutes"},"schema":{"@context":"https:\/\/schema.org","@graph":[{"@type":"NewsArticle","@id":"https:\/\/www.justiceinfo.net\/fr\/30568-la-semaine-de-la-justice-transitionnelle-de-donald-trump-a-la-libye-tunisie-et-burkina-faso-incertitude-et-impatience.html#article","isPartOf":{"@id":"https:\/\/www.justiceinfo.net\/fr\/30568-la-semaine-de-la-justice-transitionnelle-de-donald-trump-a-la-libye-tunisie-et-burkina-faso-incertitude-et-impatience.html"},"author":{"name":"phazan","@id":"https:\/\/www.justiceinfo.net\/fr#\/schema\/person\/02bb539ffda3c4569baa1dea22d1c4b2"},"headline":"La semaine de la justice transitionnelle : de Donald Trump \u00e0 la Libye, Tunisie et Burkina Faso, incertitude et impatience.","datePublished":"2016-11-13T16:22:20+00:00","dateModified":"2025-04-01T13:28:29+00:00","mainEntityOfPage":{"@id":"https:\/\/www.justiceinfo.net\/fr\/30568-la-semaine-de-la-justice-transitionnelle-de-donald-trump-a-la-libye-tunisie-et-burkina-faso-incertitude-et-impatience.html"},"wordCount":542,"commentCount":0,"publisher":{"@id":"https:\/\/www.justiceinfo.net\/fr#organization"},"image":{"@id":"https:\/\/www.justiceinfo.net\/fr\/30568-la-semaine-de-la-justice-transitionnelle-de-donald-trump-a-la-libye-tunisie-et-burkina-faso-incertitude-et-impatience.html#primaryimage"},"thumbnailUrl":"https:\/\/www.justiceinfo.net\/wp-content\/uploads\/76f282a829690ca37404aeeb1d5a0980.jpg","keywords":["Donald Trump"],"articleSection":["Tribunaux"],"inLanguage":"fr-FR","potentialAction":[{"@type":"CommentAction","name":"Comment","target":["https:\/\/www.justiceinfo.net\/fr\/30568-la-semaine-de-la-justice-transitionnelle-de-donald-trump-a-la-libye-tunisie-et-burkina-faso-incertitude-et-impatience.html#respond"]}]},{"@type":"WebPage","@id":"https:\/\/www.justiceinfo.net\/fr\/30568-la-semaine-de-la-justice-transitionnelle-de-donald-trump-a-la-libye-tunisie-et-burkina-faso-incertitude-et-impatience.html","url":"https:\/\/www.justiceinfo.net\/fr\/30568-la-semaine-de-la-justice-transitionnelle-de-donald-trump-a-la-libye-tunisie-et-burkina-faso-incertitude-et-impatience.html","name":"La semaine de la justice transitionnelle : de Donald Trump \u00e0 la Libye, Tunisie et Burkina Faso, incertitude et impatience. - JusticeInfo.net","isPartOf":{"@id":"https:\/\/www.justiceinfo.net\/fr#website"},"primaryImageOfPage":{"@id":"https:\/\/www.justiceinfo.net\/fr\/30568-la-semaine-de-la-justice-transitionnelle-de-donald-trump-a-la-libye-tunisie-et-burkina-faso-incertitude-et-impatience.html#primaryimage"},"image":{"@id":"https:\/\/www.justiceinfo.net\/fr\/30568-la-semaine-de-la-justice-transitionnelle-de-donald-trump-a-la-libye-tunisie-et-burkina-faso-incertitude-et-impatience.html#primaryimage"},"thumbnailUrl":"https:\/\/www.justiceinfo.net\/wp-content\/uploads\/76f282a829690ca37404aeeb1d5a0980.jpg","datePublished":"2016-11-13T16:22:20+00:00","dateModified":"2025-04-01T13:28:29+00:00","breadcrumb":{"@id":"https:\/\/www.justiceinfo.net\/fr\/30568-la-semaine-de-la-justice-transitionnelle-de-donald-trump-a-la-libye-tunisie-et-burkina-faso-incertitude-et-impatience.html#breadcrumb"},"inLanguage":"fr-FR","potentialAction":[{"@type":"ReadAction","target":["https:\/\/www.justiceinfo.net\/fr\/30568-la-semaine-de-la-justice-transitionnelle-de-donald-trump-a-la-libye-tunisie-et-burkina-faso-incertitude-et-impatience.html"]}]},{"@type":"ImageObject","inLanguage":"fr-FR","@id":"https:\/\/www.justiceinfo.net\/fr\/30568-la-semaine-de-la-justice-transitionnelle-de-donald-trump-a-la-libye-tunisie-et-burkina-faso-incertitude-et-impatience.html#primaryimage","url":"https:\/\/www.justiceinfo.net\/wp-content\/uploads\/76f282a829690ca37404aeeb1d5a0980.jpg","contentUrl":"https:\/\/www.justiceinfo.net\/wp-content\/uploads\/76f282a829690ca37404aeeb1d5a0980.jpg","width":640,"height":427},{"@type":"BreadcrumbList","@id":"https:\/\/www.justiceinfo.net\/fr\/30568-la-semaine-de-la-justice-transitionnelle-de-donald-trump-a-la-libye-tunisie-et-burkina-faso-incertitude-et-impatience.html#breadcrumb","itemListElement":[{"@type":"ListItem","position":1,"name":"Home","item":"https:\/\/www.justiceinfo.net\/fr"},{"@type":"ListItem","position":2,"name":"La semaine de la justice transitionnelle : de Donald Trump \u00e0 la Libye, Tunisie et Burkina Faso, incertitude et impatience."}]},{"@type":"WebSite","@id":"https:\/\/www.justiceinfo.net\/fr#website","url":"https:\/\/www.justiceinfo.net\/fr","name":"JusticeInfo.net","description":"La justice doit \u00eatre vue pour \u00eatre rendue","publisher":{"@id":"https:\/\/www.justiceinfo.net\/fr#organization"},"potentialAction":[{"@type":"SearchAction","target":{"@type":"EntryPoint","urlTemplate":"https:\/\/www.justiceinfo.net\/fr?s={search_term_string}"},"query-input":{"@type":"PropertyValueSpecification","valueRequired":true,"valueName":"search_term_string"}}],"inLanguage":"fr-FR"},{"@type":"Organization","@id":"https:\/\/www.justiceinfo.net\/fr#organization","name":"Justice Info","url":"https:\/\/www.justiceinfo.net\/fr","logo":{"@type":"ImageObject","inLanguage":"fr-FR","@id":"https:\/\/www.justiceinfo.net\/fr#\/schema\/logo\/image\/","url":"https:\/\/www.justiceinfo.net\/wp-content\/uploads\/justiceinfo_logo-trans_1200x1200px.png","contentUrl":"https:\/\/www.justiceinfo.net\/wp-content\/uploads\/justiceinfo_logo-trans_1200x1200px.png","width":1199,"height":1200,"caption":"Justice Info"},"image":{"@id":"https:\/\/www.justiceinfo.net\/fr#\/schema\/logo\/image\/"},"sameAs":["https:\/\/www.facebook.com\/JusticeInfo\/","https:\/\/x.com\/justiceinfonet","https:\/\/www.linkedin.com\/company\/justice-info","https:\/\/www.youtube.com\/channel\/UCyCEsARodyuWtkWyhn-e7pA"]},{"@type":"Person","name":"Pierre Hazan","sameAs":["https:\/\/www.facebook.com\/pierre.hazan.3","https:\/\/x.com\/Pierre_hazan"],"url":"https:\/\/www.justiceinfo.net\/fr\/auteur\/phazan"}]}},"_links":{"self":[{"href":"https:\/\/www.justiceinfo.net\/fr\/wp-json\/wp\/v2\/posts\/30568","targetHints":{"allow":["GET"]}}],"collection":[{"href":"https:\/\/www.justiceinfo.net\/fr\/wp-json\/wp\/v2\/posts"}],"about":[{"href":"https:\/\/www.justiceinfo.net\/fr\/wp-json\/wp\/v2\/types\/post"}],"author":[{"embeddable":true,"href":"https:\/\/www.justiceinfo.net\/fr\/wp-json\/wp\/v2\/users\/56"}],"replies":[{"embeddable":true,"href":"https:\/\/www.justiceinfo.net\/fr\/wp-json\/wp\/v2\/comments?post=30568"}],"version-history":[{"count":1,"href":"https:\/\/www.justiceinfo.net\/fr\/wp-json\/wp\/v2\/posts\/30568\/revisions"}],"predecessor-version":[{"id":143771,"href":"https:\/\/www.justiceinfo.net\/fr\/wp-json\/wp\/v2\/posts\/30568\/revisions\/143771"}],"wp:featuredmedia":[{"embeddable":true,"href":"https:\/\/www.justiceinfo.net\/fr\/wp-json\/wp\/v2\/media\/62562"}],"wp:attachment":[{"href":"https:\/\/www.justiceinfo.net\/fr\/wp-json\/wp\/v2\/media?parent=30568"}],"wp:term":[{"taxonomy":"category","embeddable":true,"href":"https:\/\/www.justiceinfo.net\/fr\/wp-json\/wp\/v2\/categories?post=30568"},{"taxonomy":"post_tag","embeddable":true,"href":"https:\/\/www.justiceinfo.net\/fr\/wp-json\/wp\/v2\/tags?post=30568"},{"taxonomy":"ji_location","embeddable":true,"href":"https:\/\/www.justiceinfo.net\/fr\/wp-json\/wp\/v2\/ji_location?post=30568"}],"curies":[{"name":"wp","href":"https:\/\/api.w.org\/{rel}","templated":true}]}}