{"id":30571,"date":"2016-11-14T08:20:03","date_gmt":"2016-11-14T07:20:03","guid":{"rendered":"https:\/\/www.justiceinfo.net\/30571-desarmer-et-juger-deux-ecueils-sur-le-chemin-de-la-paix-en-centrafrique.html"},"modified":"2016-11-14T08:20:03","modified_gmt":"2016-11-14T07:20:03","slug":"desarmer-et-juger-deux-ecueils-sur-le-chemin-de-la-paix-en-centrafrique","status":"publish","type":"post","link":"https:\/\/www.justiceinfo.net\/fr\/30571-desarmer-et-juger-deux-ecueils-sur-le-chemin-de-la-paix-en-centrafrique.html","title":{"rendered":"D\u00e9sarmer et juger, la Centrafrique loin du compte"},"content":{"rendered":"<p><em><strong>Le d\u00e9sarmement des groupes arm\u00e9s et le proc\u00e8s des auteurs de crimes de guerre devant une Cour p\u00e9nale sp\u00e9ciale (CPS) repr\u00e9sentent deux \u00e9cueils sur le chemin de la paix en Centrafrique, pays exsangue au centre d'une conf\u00e9rence de donateurs internationaux cette semaine \u00e0 Bruxelles.<\/strong><\/em><\/p>\n<p>\"La paix\", \"la r\u00e9conciliation\", \"la coh\u00e9sion sociale\", ces mots reviennent comme autant de voeux pieux dans les propos des Centrafricains, \u00e9puis\u00e9s par quatre ans de massacres entre rebelles de la S\u00e9l\u00e9ka disant d\u00e9fendre la minorit\u00e9 musulmane et miliciens anti-balaka s'affirmant protecteurs des chr\u00e9tiens.<\/p>\n<p>Les tueries massives ont fait place aux affrontements ponctuels apr\u00e8s l'intervention fran\u00e7aise Sangaris achev\u00e9e fin octobre et relay\u00e9e par la Mission des Nations unies (Minusca, 12.000 Casques bleus). La Centrafrique a m\u00eame pu \u00e9lire dans la paix en d\u00e9but d'ann\u00e9e son pr\u00e9sident, l'universitaire Faustin-Archange Touad\u00e9ra.<\/p>\n<p>Mais les armes circulent et servent encore, alors que le gouvernement et la Minusca affirment avoir ralli\u00e9 11 groupes arm\u00e9s sur 14 identifi\u00e9s \u00e0 un programme de pr\u00e9-d\u00e9sarmement.<\/p>\n<p>\"Nous continuons de discuter avec les trois autres\", d\u00e9clare \u00e0 l'AFP le pr\u00e9sident Touad\u00e9ra. \"Ce sont des Centrafricains, je pense qu'ils aiment leur pays et ce n'est pas avec les armes que l'on va construire le pays\".<\/p>\n<p>A Kaga Bandoro (centre), Idriss Al Bachar est le jeune chef politique d'une faction d'ex-S\u00e9l\u00e9kas qui refuse ce programme.<\/p>\n<p>\"Nous, musulmans, nous d\u00e9tenons les armes parce que notre s\u00e9curit\u00e9 n'est pas encore garantie. Si nous avions cette garantie et celle de notre inclusion dans le champ politique et de non-discrimination dans la promotion sociale, les armes seraient inutiles\", \u00e9num\u00e8re le chef politique du groupe MPC d'Al Khatim.<\/p>\n<p>\"Nous avons demand\u00e9 un accord politique au gouvernement actuel\", ajoute Lambert, \"chef de cabinet\" d'une autre faction, le FPRC dirig\u00e9 par Nourredine Adam, sous le coup de sanctions internationales. \"Le pr\u00e9sident Touad\u00e9ra vient de tendre la main. Mais dans son entourage, il y a des +virus+...\".<\/p>\n<h3>- 'Grand banditisme' -<\/h3>\n<p>\"Leurs revendications sont l\u00e9gitimes mais ils n'ont aucune l\u00e9gitimit\u00e9\", r\u00e9plique le repr\u00e9sentant sp\u00e9cial des Nations unies en Centrafrique, Parfait Onanga.<\/p>\n<p>A c\u00f4t\u00e9 de ces groupes identifi\u00e9s, au discours structur\u00e9, existe une n\u00e9buleuse d'hommes arm\u00e9s surtout int\u00e9ress\u00e9s par le contr\u00f4le des ressources (b\u00e9tail, or, diamant....) de ce pays de pr\u00e8s de cinq millions d'habitants grand comme la France et la Belgique r\u00e9unis.<\/p>\n<p>\"On a compris qu'il fallait int\u00e9grer les 15 \u00e0 20% de musulmans. Le reste, c'est du grand banditisme\", r\u00e9sume le chef de l'opposition Anicet Dologu\u00e9l\u00e9, candidat battu par M. Touad\u00e9ra \u00e0 la pr\u00e9sidentielle de 2016.<\/p>\n<p>\"La moiti\u00e9 du pays est occup\u00e9e. Toute la partie Est n'est pas sous contr\u00f4le de l'Etat, avec des zones riches en or et en diamants. Qui contr\u00f4le la fronti\u00e8re avec le Soudan?\", ajoute M. Dologu\u00e9l\u00e9, qui avait publiquement estim\u00e9 fin octobre que la France repliait trop t\u00f4t le parapluie de Sangaris.<\/p>\n<p>Si le d\u00e9sarmement n'est pas encore \u00e0 l'ordre du jour, la lutte contre l'impunit\u00e9 risque de prendre encore plus de temps.<\/p>\n<p>La Centrafrique a vot\u00e9 une loi instituant une Cour p\u00e9nale sp\u00e9ciale (CPS) hybride avec 12 juges centrafricains et 11 magistrats \u00e9trangers. Leur recrutement devrait intervenir en d\u00e9cembre-janvier, de m\u00eame que ceux du procureur sp\u00e9cial et des juges d'instruction.<\/p>\n<p>La CPS aura pour mandat de juger les auteurs de crimes de guerre et contre l'humanit\u00e9 commis en Centrafrique depuis le 1er janvier 2003.<\/p>\n<p>Les enqu\u00eates porteront donc aussi sur le r\u00e9gime de l'ex-pr\u00e9sident Fran\u00e7ois Boziz\u00e9, renvers\u00e9 plus tard en 2013 par les S\u00e9l\u00e9kas, et dont l'actuel pr\u00e9sident Touad\u00e9ra a \u00e9t\u00e9 le Premier ministre.<\/p>\n<p>En exil, l'ex-pr\u00e9sident Boziz\u00e9 fait d'ailleurs l'objet d'un mandat d'arr\u00eat international, tout comme son fils et ex-ministre Jean-Francis, en libert\u00e9 provisoire depuis son retour \u00e0 Bangui et son arrestation en ao\u00fbt dernier.<\/p>\n<p>Quand vont commencer les instructions et les proc\u00e8s? \"Bient\u00f4t\", r\u00e9pond-on \u00e0 Bangui.<\/p>\n<p>Le b\u00e2timent de la future CPS est encore en travaux. L'Etat d\u00e9pend de la bonne volont\u00e9 des Casques bleus de la Minusca pour mettre \u00e0 ex\u00e9cution les mandats d'arr\u00eats. \"C'est lent mais nous esp\u00e9rons que cela se fera\", selon M. Touad\u00e9ra.<\/p>\n<p>Pr\u00e9vue jeudi \u00e0 Bruxelles, la conf\u00e9rence des donateurs de la Centrafrique (ONU, UE, Banque mondiale, Etats...) doit se pencher sur le financement de la CPS estim\u00e9 \u00e0 37 millions sur cinq ans.<\/p>\n","protected":false},"excerpt":{"rendered":"<p>Le d\u00e9sarmement des groupes arm\u00e9s et le proc\u00e8s des auteurs de crimes de guerre devant une Cour p\u00e9nale sp\u00e9ciale (CPS) repr\u00e9sentent deux \u00e9cueils sur le chemin de la paix en Centrafrique, pays exsangue au centre d'une conf\u00e9rence de donateurs internationaux cette semaine \u00e0 Bruxelles. \"La paix\", \"la r\u00e9conciliation\", \"la coh\u00e9sion sociale\", ces mots reviennent comme [&hellip;]<\/p>\n","protected":false},"author":60,"featured_media":68202,"comment_status":"open","ping_status":"closed","sticky":false,"template":"","format":"standard","meta":{"_acf_changed":false,"footnotes":""},"categories":[574],"tags":[],"ji_location":[2164],"class_list":["post-30571","post","type-post","status-publish","format-standard","has-post-thumbnail","hentry","category-tribunaux-nationaux","ji_location-republique-centrafricaine"],"acf":[],"yoast_head":"<!-- This site is optimized with the Yoast SEO Premium plugin v25.3.1 (Yoast SEO v25.3.1) - https:\/\/yoast.com\/wordpress\/plugins\/seo\/ -->\n<title>D\u00e9sarmer et juger, la Centrafrique loin du compte - JusticeInfo.net<\/title>\n<meta name=\"robots\" content=\"index, follow, max-snippet:-1, max-image-preview:large, max-video-preview:-1\" \/>\n<link rel=\"canonical\" href=\"https:\/\/www.justiceinfo.net\/fr\/30571-desarmer-et-juger-deux-ecueils-sur-le-chemin-de-la-paix-en-centrafrique.html\" \/>\n<meta property=\"og:locale\" content=\"fr_FR\" \/>\n<meta property=\"og:type\" content=\"article\" \/>\n<meta property=\"og:title\" content=\"D\u00e9sarmer et juger, la Centrafrique loin du compte\" \/>\n<meta property=\"og:description\" content=\"Le d\u00e9sarmement des groupes arm\u00e9s et le proc\u00e8s des auteurs de crimes de guerre devant une Cour p\u00e9nale sp\u00e9ciale (CPS) repr\u00e9sentent deux \u00e9cueils sur le chemin de la paix en Centrafrique, pays exsangue au centre d&#039;une conf\u00e9rence de donateurs internationaux cette semaine \u00e0 Bruxelles. &quot;La paix&quot;, &quot;la r\u00e9conciliation&quot;, &quot;la coh\u00e9sion sociale&quot;, ces mots reviennent comme [&hellip;]\" \/>\n<meta property=\"og:url\" content=\"https:\/\/www.justiceinfo.net\/fr\/30571-desarmer-et-juger-deux-ecueils-sur-le-chemin-de-la-paix-en-centrafrique.html\" \/>\n<meta property=\"og:site_name\" content=\"JusticeInfo.net\" \/>\n<meta property=\"article:publisher\" content=\"https:\/\/www.facebook.com\/JusticeInfo\/\" \/>\n<meta property=\"article:published_time\" content=\"2016-11-14T07:20:03+00:00\" \/>\n<meta property=\"og:image\" content=\"https:\/\/www.justiceinfo.net\/wp-content\/uploads\/eb5f9bf06699b99b1415e2c941afecb9-scaled.jpg\" \/>\n\t<meta property=\"og:image:width\" content=\"2560\" \/>\n\t<meta property=\"og:image:height\" content=\"1706\" \/>\n\t<meta property=\"og:image:type\" content=\"image\/jpeg\" \/>\n<meta name=\"author\" content=\"AFP\" \/>\n<meta name=\"twitter:card\" content=\"summary_large_image\" \/>\n<meta name=\"twitter:creator\" content=\"@justiceinfonet\" \/>\n<meta name=\"twitter:site\" content=\"@justiceinfonet\" \/>\n<meta name=\"twitter:label1\" content=\"\u00c9crit par\" \/>\n\t<meta name=\"twitter:data1\" content=\"AFP\" \/>\n\t<meta name=\"twitter:label2\" content=\"Dur\u00e9e de lecture estim\u00e9e\" \/>\n\t<meta name=\"twitter:data2\" content=\"4 minutes\" \/>\n<script type=\"application\/ld+json\" class=\"yoast-schema-graph\">{\"@context\":\"https:\/\/schema.org\",\"@graph\":[{\"@type\":\"NewsArticle\",\"@id\":\"https:\/\/www.justiceinfo.net\/fr\/30571-desarmer-et-juger-deux-ecueils-sur-le-chemin-de-la-paix-en-centrafrique.html#article\",\"isPartOf\":{\"@id\":\"https:\/\/www.justiceinfo.net\/fr\/30571-desarmer-et-juger-deux-ecueils-sur-le-chemin-de-la-paix-en-centrafrique.html\"},\"author\":{\"name\":\"afp\",\"@id\":\"https:\/\/www.justiceinfo.net\/fr#\/schema\/person\/713d340ef5f218fc36ce9b4244364a7f\"},\"headline\":\"D\u00e9sarmer et juger, la Centrafrique loin du compte\",\"datePublished\":\"2016-11-14T07:20:03+00:00\",\"mainEntityOfPage\":{\"@id\":\"https:\/\/www.justiceinfo.net\/fr\/30571-desarmer-et-juger-deux-ecueils-sur-le-chemin-de-la-paix-en-centrafrique.html\"},\"wordCount\":806,\"commentCount\":0,\"publisher\":{\"@id\":\"https:\/\/www.justiceinfo.net\/fr#organization\"},\"image\":{\"@id\":\"https:\/\/www.justiceinfo.net\/fr\/30571-desarmer-et-juger-deux-ecueils-sur-le-chemin-de-la-paix-en-centrafrique.html#primaryimage\"},\"thumbnailUrl\":\"https:\/\/www.justiceinfo.net\/wp-content\/uploads\/eb5f9bf06699b99b1415e2c941afecb9-scaled.jpg\",\"articleSection\":[\"Tribunaux nationaux\"],\"inLanguage\":\"fr-FR\",\"potentialAction\":[{\"@type\":\"CommentAction\",\"name\":\"Comment\",\"target\":[\"https:\/\/www.justiceinfo.net\/fr\/30571-desarmer-et-juger-deux-ecueils-sur-le-chemin-de-la-paix-en-centrafrique.html#respond\"]}]},{\"@type\":\"WebPage\",\"@id\":\"https:\/\/www.justiceinfo.net\/fr\/30571-desarmer-et-juger-deux-ecueils-sur-le-chemin-de-la-paix-en-centrafrique.html\",\"url\":\"https:\/\/www.justiceinfo.net\/fr\/30571-desarmer-et-juger-deux-ecueils-sur-le-chemin-de-la-paix-en-centrafrique.html\",\"name\":\"D\u00e9sarmer et juger, la Centrafrique loin du compte - JusticeInfo.net\",\"isPartOf\":{\"@id\":\"https:\/\/www.justiceinfo.net\/fr#website\"},\"primaryImageOfPage\":{\"@id\":\"https:\/\/www.justiceinfo.net\/fr\/30571-desarmer-et-juger-deux-ecueils-sur-le-chemin-de-la-paix-en-centrafrique.html#primaryimage\"},\"image\":{\"@id\":\"https:\/\/www.justiceinfo.net\/fr\/30571-desarmer-et-juger-deux-ecueils-sur-le-chemin-de-la-paix-en-centrafrique.html#primaryimage\"},\"thumbnailUrl\":\"https:\/\/www.justiceinfo.net\/wp-content\/uploads\/eb5f9bf06699b99b1415e2c941afecb9-scaled.jpg\",\"datePublished\":\"2016-11-14T07:20:03+00:00\",\"breadcrumb\":{\"@id\":\"https:\/\/www.justiceinfo.net\/fr\/30571-desarmer-et-juger-deux-ecueils-sur-le-chemin-de-la-paix-en-centrafrique.html#breadcrumb\"},\"inLanguage\":\"fr-FR\",\"potentialAction\":[{\"@type\":\"ReadAction\",\"target\":[\"https:\/\/www.justiceinfo.net\/fr\/30571-desarmer-et-juger-deux-ecueils-sur-le-chemin-de-la-paix-en-centrafrique.html\"]}]},{\"@type\":\"ImageObject\",\"inLanguage\":\"fr-FR\",\"@id\":\"https:\/\/www.justiceinfo.net\/fr\/30571-desarmer-et-juger-deux-ecueils-sur-le-chemin-de-la-paix-en-centrafrique.html#primaryimage\",\"url\":\"https:\/\/www.justiceinfo.net\/wp-content\/uploads\/eb5f9bf06699b99b1415e2c941afecb9-scaled.jpg\",\"contentUrl\":\"https:\/\/www.justiceinfo.net\/wp-content\/uploads\/eb5f9bf06699b99b1415e2c941afecb9-scaled.jpg\",\"width\":2560,\"height\":1706},{\"@type\":\"BreadcrumbList\",\"@id\":\"https:\/\/www.justiceinfo.net\/fr\/30571-desarmer-et-juger-deux-ecueils-sur-le-chemin-de-la-paix-en-centrafrique.html#breadcrumb\",\"itemListElement\":[{\"@type\":\"ListItem\",\"position\":1,\"name\":\"Home\",\"item\":\"https:\/\/www.justiceinfo.net\/fr\"},{\"@type\":\"ListItem\",\"position\":2,\"name\":\"D\u00e9sarmer et juger, la Centrafrique loin du compte\"}]},{\"@type\":\"WebSite\",\"@id\":\"https:\/\/www.justiceinfo.net\/fr#website\",\"url\":\"https:\/\/www.justiceinfo.net\/fr\",\"name\":\"JusticeInfo.net\",\"description\":\"La justice doit \u00eatre vue pour \u00eatre rendue\",\"publisher\":{\"@id\":\"https:\/\/www.justiceinfo.net\/fr#organization\"},\"potentialAction\":[{\"@type\":\"SearchAction\",\"target\":{\"@type\":\"EntryPoint\",\"urlTemplate\":\"https:\/\/www.justiceinfo.net\/fr?s={search_term_string}\"},\"query-input\":{\"@type\":\"PropertyValueSpecification\",\"valueRequired\":true,\"valueName\":\"search_term_string\"}}],\"inLanguage\":\"fr-FR\"},{\"@type\":\"Organization\",\"@id\":\"https:\/\/www.justiceinfo.net\/fr#organization\",\"name\":\"Justice Info\",\"url\":\"https:\/\/www.justiceinfo.net\/fr\",\"logo\":{\"@type\":\"ImageObject\",\"inLanguage\":\"fr-FR\",\"@id\":\"https:\/\/www.justiceinfo.net\/fr#\/schema\/logo\/image\/\",\"url\":\"https:\/\/www.justiceinfo.net\/wp-content\/uploads\/justiceinfo_logo-trans_1200x1200px.png\",\"contentUrl\":\"https:\/\/www.justiceinfo.net\/wp-content\/uploads\/justiceinfo_logo-trans_1200x1200px.png\",\"width\":1199,\"height\":1200,\"caption\":\"Justice Info\"},\"image\":{\"@id\":\"https:\/\/www.justiceinfo.net\/fr#\/schema\/logo\/image\/\"},\"sameAs\":[\"https:\/\/www.facebook.com\/JusticeInfo\/\",\"https:\/\/x.com\/justiceinfonet\",\"https:\/\/www.linkedin.com\/company\/justice-info\",\"https:\/\/www.youtube.com\/channel\/UCyCEsARodyuWtkWyhn-e7pA\"]},{\"@type\":\"Person\",\"name\":\"AFP\",\"url\":\"\/fr\/?s=AFP\"}]}<\/script>\n<!-- \/ Yoast SEO Premium plugin. -->","yoast_head_json":{"title":"D\u00e9sarmer et juger, la Centrafrique loin du compte - JusticeInfo.net","robots":{"index":"index","follow":"follow","max-snippet":"max-snippet:-1","max-image-preview":"max-image-preview:large","max-video-preview":"max-video-preview:-1"},"canonical":"https:\/\/www.justiceinfo.net\/fr\/30571-desarmer-et-juger-deux-ecueils-sur-le-chemin-de-la-paix-en-centrafrique.html","og_locale":"fr_FR","og_type":"article","og_title":"D\u00e9sarmer et juger, la Centrafrique loin du compte","og_description":"Le d\u00e9sarmement des groupes arm\u00e9s et le proc\u00e8s des auteurs de crimes de guerre devant une Cour p\u00e9nale sp\u00e9ciale (CPS) repr\u00e9sentent deux \u00e9cueils sur le chemin de la paix en Centrafrique, pays exsangue au centre d'une conf\u00e9rence de donateurs internationaux cette semaine \u00e0 Bruxelles. \"La paix\", \"la r\u00e9conciliation\", \"la coh\u00e9sion sociale\", ces mots reviennent comme [&hellip;]","og_url":"https:\/\/www.justiceinfo.net\/fr\/30571-desarmer-et-juger-deux-ecueils-sur-le-chemin-de-la-paix-en-centrafrique.html","og_site_name":"JusticeInfo.net","article_publisher":"https:\/\/www.facebook.com\/JusticeInfo\/","article_published_time":"2016-11-14T07:20:03+00:00","og_image":[{"width":2560,"height":1706,"url":"https:\/\/www.justiceinfo.net\/wp-content\/uploads\/eb5f9bf06699b99b1415e2c941afecb9-scaled.jpg","type":"image\/jpeg"}],"author":"AFP","twitter_card":"summary_large_image","twitter_creator":"@justiceinfonet","twitter_site":"@justiceinfonet","twitter_misc":{"\u00c9crit par":"AFP","Dur\u00e9e de lecture estim\u00e9e":"4 minutes"},"schema":{"@context":"https:\/\/schema.org","@graph":[{"@type":"NewsArticle","@id":"https:\/\/www.justiceinfo.net\/fr\/30571-desarmer-et-juger-deux-ecueils-sur-le-chemin-de-la-paix-en-centrafrique.html#article","isPartOf":{"@id":"https:\/\/www.justiceinfo.net\/fr\/30571-desarmer-et-juger-deux-ecueils-sur-le-chemin-de-la-paix-en-centrafrique.html"},"author":{"name":"afp","@id":"https:\/\/www.justiceinfo.net\/fr#\/schema\/person\/713d340ef5f218fc36ce9b4244364a7f"},"headline":"D\u00e9sarmer et juger, la Centrafrique loin du compte","datePublished":"2016-11-14T07:20:03+00:00","mainEntityOfPage":{"@id":"https:\/\/www.justiceinfo.net\/fr\/30571-desarmer-et-juger-deux-ecueils-sur-le-chemin-de-la-paix-en-centrafrique.html"},"wordCount":806,"commentCount":0,"publisher":{"@id":"https:\/\/www.justiceinfo.net\/fr#organization"},"image":{"@id":"https:\/\/www.justiceinfo.net\/fr\/30571-desarmer-et-juger-deux-ecueils-sur-le-chemin-de-la-paix-en-centrafrique.html#primaryimage"},"thumbnailUrl":"https:\/\/www.justiceinfo.net\/wp-content\/uploads\/eb5f9bf06699b99b1415e2c941afecb9-scaled.jpg","articleSection":["Tribunaux nationaux"],"inLanguage":"fr-FR","potentialAction":[{"@type":"CommentAction","name":"Comment","target":["https:\/\/www.justiceinfo.net\/fr\/30571-desarmer-et-juger-deux-ecueils-sur-le-chemin-de-la-paix-en-centrafrique.html#respond"]}]},{"@type":"WebPage","@id":"https:\/\/www.justiceinfo.net\/fr\/30571-desarmer-et-juger-deux-ecueils-sur-le-chemin-de-la-paix-en-centrafrique.html","url":"https:\/\/www.justiceinfo.net\/fr\/30571-desarmer-et-juger-deux-ecueils-sur-le-chemin-de-la-paix-en-centrafrique.html","name":"D\u00e9sarmer et juger, la Centrafrique loin du compte - JusticeInfo.net","isPartOf":{"@id":"https:\/\/www.justiceinfo.net\/fr#website"},"primaryImageOfPage":{"@id":"https:\/\/www.justiceinfo.net\/fr\/30571-desarmer-et-juger-deux-ecueils-sur-le-chemin-de-la-paix-en-centrafrique.html#primaryimage"},"image":{"@id":"https:\/\/www.justiceinfo.net\/fr\/30571-desarmer-et-juger-deux-ecueils-sur-le-chemin-de-la-paix-en-centrafrique.html#primaryimage"},"thumbnailUrl":"https:\/\/www.justiceinfo.net\/wp-content\/uploads\/eb5f9bf06699b99b1415e2c941afecb9-scaled.jpg","datePublished":"2016-11-14T07:20:03+00:00","breadcrumb":{"@id":"https:\/\/www.justiceinfo.net\/fr\/30571-desarmer-et-juger-deux-ecueils-sur-le-chemin-de-la-paix-en-centrafrique.html#breadcrumb"},"inLanguage":"fr-FR","potentialAction":[{"@type":"ReadAction","target":["https:\/\/www.justiceinfo.net\/fr\/30571-desarmer-et-juger-deux-ecueils-sur-le-chemin-de-la-paix-en-centrafrique.html"]}]},{"@type":"ImageObject","inLanguage":"fr-FR","@id":"https:\/\/www.justiceinfo.net\/fr\/30571-desarmer-et-juger-deux-ecueils-sur-le-chemin-de-la-paix-en-centrafrique.html#primaryimage","url":"https:\/\/www.justiceinfo.net\/wp-content\/uploads\/eb5f9bf06699b99b1415e2c941afecb9-scaled.jpg","contentUrl":"https:\/\/www.justiceinfo.net\/wp-content\/uploads\/eb5f9bf06699b99b1415e2c941afecb9-scaled.jpg","width":2560,"height":1706},{"@type":"BreadcrumbList","@id":"https:\/\/www.justiceinfo.net\/fr\/30571-desarmer-et-juger-deux-ecueils-sur-le-chemin-de-la-paix-en-centrafrique.html#breadcrumb","itemListElement":[{"@type":"ListItem","position":1,"name":"Home","item":"https:\/\/www.justiceinfo.net\/fr"},{"@type":"ListItem","position":2,"name":"D\u00e9sarmer et juger, la Centrafrique loin du compte"}]},{"@type":"WebSite","@id":"https:\/\/www.justiceinfo.net\/fr#website","url":"https:\/\/www.justiceinfo.net\/fr","name":"JusticeInfo.net","description":"La justice doit \u00eatre vue pour \u00eatre rendue","publisher":{"@id":"https:\/\/www.justiceinfo.net\/fr#organization"},"potentialAction":[{"@type":"SearchAction","target":{"@type":"EntryPoint","urlTemplate":"https:\/\/www.justiceinfo.net\/fr?s={search_term_string}"},"query-input":{"@type":"PropertyValueSpecification","valueRequired":true,"valueName":"search_term_string"}}],"inLanguage":"fr-FR"},{"@type":"Organization","@id":"https:\/\/www.justiceinfo.net\/fr#organization","name":"Justice Info","url":"https:\/\/www.justiceinfo.net\/fr","logo":{"@type":"ImageObject","inLanguage":"fr-FR","@id":"https:\/\/www.justiceinfo.net\/fr#\/schema\/logo\/image\/","url":"https:\/\/www.justiceinfo.net\/wp-content\/uploads\/justiceinfo_logo-trans_1200x1200px.png","contentUrl":"https:\/\/www.justiceinfo.net\/wp-content\/uploads\/justiceinfo_logo-trans_1200x1200px.png","width":1199,"height":1200,"caption":"Justice Info"},"image":{"@id":"https:\/\/www.justiceinfo.net\/fr#\/schema\/logo\/image\/"},"sameAs":["https:\/\/www.facebook.com\/JusticeInfo\/","https:\/\/x.com\/justiceinfonet","https:\/\/www.linkedin.com\/company\/justice-info","https:\/\/www.youtube.com\/channel\/UCyCEsARodyuWtkWyhn-e7pA"]},{"@type":"Person","name":"AFP","url":"\/fr\/?s=AFP"}]}},"_links":{"self":[{"href":"https:\/\/www.justiceinfo.net\/fr\/wp-json\/wp\/v2\/posts\/30571","targetHints":{"allow":["GET"]}}],"collection":[{"href":"https:\/\/www.justiceinfo.net\/fr\/wp-json\/wp\/v2\/posts"}],"about":[{"href":"https:\/\/www.justiceinfo.net\/fr\/wp-json\/wp\/v2\/types\/post"}],"author":[{"embeddable":true,"href":"https:\/\/www.justiceinfo.net\/fr\/wp-json\/wp\/v2\/users\/60"}],"replies":[{"embeddable":true,"href":"https:\/\/www.justiceinfo.net\/fr\/wp-json\/wp\/v2\/comments?post=30571"}],"version-history":[{"count":0,"href":"https:\/\/www.justiceinfo.net\/fr\/wp-json\/wp\/v2\/posts\/30571\/revisions"}],"wp:featuredmedia":[{"embeddable":true,"href":"https:\/\/www.justiceinfo.net\/fr\/wp-json\/wp\/v2\/media\/68202"}],"wp:attachment":[{"href":"https:\/\/www.justiceinfo.net\/fr\/wp-json\/wp\/v2\/media?parent=30571"}],"wp:term":[{"taxonomy":"category","embeddable":true,"href":"https:\/\/www.justiceinfo.net\/fr\/wp-json\/wp\/v2\/categories?post=30571"},{"taxonomy":"post_tag","embeddable":true,"href":"https:\/\/www.justiceinfo.net\/fr\/wp-json\/wp\/v2\/tags?post=30571"},{"taxonomy":"ji_location","embeddable":true,"href":"https:\/\/www.justiceinfo.net\/fr\/wp-json\/wp\/v2\/ji_location?post=30571"}],"curies":[{"name":"wp","href":"https:\/\/api.w.org\/{rel}","templated":true}]}}