{"id":30630,"date":"2016-11-16T12:40:47","date_gmt":"2016-11-16T11:40:47","guid":{"rendered":"https:\/\/www.justiceinfo.net\/30630-cpi-defendre-les-principes-fondamentaux-de-la-cour.html"},"modified":"2016-11-16T12:40:47","modified_gmt":"2016-11-16T11:40:47","slug":"cpi-defendre-les-principes-fondamentaux-de-la-cour","status":"publish","type":"post","link":"https:\/\/www.justiceinfo.net\/fr\/30630-cpi-defendre-les-principes-fondamentaux-de-la-cour.html","title":{"rendered":"CPI : D\u00e9fendre les principes fondamentaux de la Cour"},"content":{"rendered":"<p><em><strong>(La Haye, le 16 novembre 2016) \u2013 Les pays membres de la <a href=\"https:\/\/www.hrw.org\/fr\/topic\/international-justice\/international-criminal-court\"><u><span style=\"color: #0066cc;\">Cour p\u00e9nale internationale<\/span><\/u><\/a> (CPI) devraient prot\u00e9ger la capacit\u00e9 de la Cour \u00e0 rendre justice de fa\u00e7on compl\u00e8te et \u00e9quitable pour les pires crimes internationaux, a d\u00e9clar\u00e9 Human Rights Watch aujourd'hui. Les retraits r\u00e9cents de la Cour par trois pays africains soul\u00e8vent des inqui\u00e9tudes quant au risque que les membres de la CPI pourraient faire des concessions sur les principes fondamentaux de la Cour lors de leur r\u00e9union annuelle du 16 au 24 novembre 2016, afin de dissuader d'autres pays de quitter la Cour.<\/strong><\/em><\/p>\n<p>En octobre et novembre, les gouvernements du <a href=\"https:\/\/www.hrw.org\/fr\/afrique\/burundi\"><u><span style=\"color: #0066cc;\">Burundi<\/span><\/u><\/a>, de la <a href=\"https:\/\/www.hrw.org\/fr\/africa\/gambia\"><u><span style=\"color: #0066cc;\">Gambie<\/span><\/u><\/a> et de l'<a href=\"https:\/\/www.hrw.org\/fr\/africa\/south-africa\"><u><span style=\"color: #0066cc;\">Afrique du Sud<\/span><\/u><\/a> ont annonc\u00e9 leurs retraits du Statut de Rome, le trait\u00e9 fondateur de la CPI. Ces retraits sont intervenus dans un contexte de r\u00e9action n\u00e9gative \u00e0 l\u2019\u00e9gard de la CPI dans certains pays africains, notamment le <a href=\"https:\/\/www.hrw.org\/fr\/africa\/sudan\"><u><span style=\"color: #0066cc;\">Soudan<\/span><\/u><\/a> et le <a href=\"https:\/\/www.hrw.org\/fr\/africa\/kenya\"><u><span style=\"color: #0066cc;\">Kenya<\/span><\/u><\/a>. Les dirigeants de ces deux pays ont fait face \u00e0 des accusations devant la Cour, et l'Union africaine (UA) a appel\u00e9 \u00e0 l'immunit\u00e9 de poursuites contre les chefs d'\u00c9tat et autres hauts fonctionnaires en exercice.<\/p>\n<p>\u00ab\u00a0<em>Les retraits de la CPI risquent de devenir une monnaie d'\u00e9change pour les pays qui cherchent \u00e0 rendre le monde plus s\u00fbr pour les dictateurs abusifs<\/em>\u00a0\u00bb, a d\u00e9clar\u00e9 <a href=\"https:\/\/www.hrw.org\/fr\/about\/people\/elizabeth-evenson\"><u><span style=\"color: #0066cc;\">Elizabeth Evenson<\/span><\/u><\/a>, directrice adjointe du programme Justice internationale \u00e0 Human Rights Watch. \u00ab\u00a0<em>Toutefois, plusieurs \u00c9tats africains ont d\u00e9j\u00e0 signal\u00e9 qu'ils n'avaient aucune intention de quitter la Cour, et tous les pays membres de la CPI devraient indiquer clairement que le mandat de ce tribunal n'est pas \u00e0 vendre<\/em>.\u00a0\u00bb<\/p>\n<p>Le Nigeria, le S\u00e9n\u00e9gal, le Botswana, la C\u00f4te d'Ivoire, le Malawi, la Sierra Leone et la Zambie, \u00e0 la suite des retraits, <a href=\"https:\/\/www.hrw.org\/fr\/news\/2016\/11\/02\/des-pays-africains-se-prononcent-contre-le-retrait-de-la-cpi\"><u><span style=\"color: #0066cc;\">ont publiquement indiqu\u00e9 leur opposition<\/span><\/u><\/a> aux retraits de la CPI. Deux cents organisations ont adress\u00e9 le 14 novembre 2016 une <a href=\"https:\/\/www.hrw.org\/fr\/news\/2016\/11\/15\/lettre-aux-presidents-des-etats-parties-africains-de-la-cpi\"><u><span style=\"color: #0066cc;\">lettre aux pr\u00e9sidents de tous les pays membres africains de la CPI<\/span><\/u><\/a>, pour appeler leurs gouvernements \u00e0 continuer de soutenir la Cour. Parmi ces organisations figurent plus d\u2019une centaine d\u2019organisations locales bas\u00e9es dans plus de 25 pays africains et une centaine d\u2019organisations pour la seule R\u00e9publique d\u00e9mocratique du Congo, en plus d\u2019organisations internationales.<\/p>\n<p>Les pays membres de la CPI devraient r\u00e9affirmer leur soutien \u00e0 la Cour dans des d\u00e9clarations lors de la r\u00e9union annuelle de l'Assembl\u00e9e des \u00c9tats Parties, en particulier pendant son segment d'ouverture de haut niveau, a d\u00e9clar\u00e9 Human Rights Watch.<\/p>\n<p>Ne pas permettre \u00e0 la position officielle d\u2019un individu au sein d\u2019un gouvernement de le prot\u00e9ger contre des poursuites, une caract\u00e9ristique des tribunaux internationaux depuis les proc\u00e8s de la deuxi\u00e8me guerre mondiale \u00e0 Nuremberg, est un \u00e9l\u00e9ment fondamental de la mission de la Cour d'assurer la justice pour les crimes les plus graves. Laisser les leaders au pouvoir s\u2019en tirer cr\u00e9erait des incitations perverses \u00e0 ce que certaines personnes essayent de conserver le pouvoir ind\u00e9finiment pour \u00e9viter des poursuites.<\/p>\n<p>Un tel changement ne permettrait pas de combler les lacunes r\u00e9elles de la cr\u00e9dibilit\u00e9 du syst\u00e8me judiciaire international, notamment les blocages politiques au sein du Conseil de s\u00e9curit\u00e9 des Nations Unies et l'incapacit\u00e9 des principaux pouvoirs comme les \u00c9tats-Unis \u00e0 signer le trait\u00e9, a d\u00e9clar\u00e9 Human Rights Watch.<\/p>\n<p>\u00ab\u00a0<em>La question du risque d\u2019une justice caract\u00e9ris\u00e9e par <\/em>\u201c<em>deux poids, deux mesures<\/em>\u201d<em> doit certes \u00eatre abord\u00e9e<\/em>\u00a0\u00bb, a d\u00e9clar\u00e9 Elizabeth Evenson. \u00ab\u00a0<em>Mais la bonne r\u00e9ponse est d\u2019\u00e9largir la port\u00e9e du champ de travail de la CPI et d\u2019insister sur une action coh\u00e9rente en faveur de la justice de la part du Conseil de s\u00e9curit\u00e9 de l\u2019ONU. Se retirer de la CPI ou porter atteinte \u00e0 sa capacit\u00e9 de juger des dirigeants en exercice ne sert qu\u2019\u00e0 saper la justice pour les victimes des crimes les plus graves<\/em>.\u00a0\u00bb<\/p>\n<p>Des n\u00e9gociations pour contester la capacit\u00e9 de la CPI de poursuivre des dirigeants en exercice pourraient se d\u00e9rouler lors de la r\u00e9union de l'Assembl\u00e9e des \u00c9tats Parties. D\u2019autres actions de l\u2019assembl\u00e9e, \u00e0 d\u00e9faut d\u2019amendements au trait\u00e9 fondateur, comme des r\u00e9solutions, risquent encore d'\u00eatre per\u00e7ues comme entravant l'ind\u00e9pendance des juges, a d\u00e9clar\u00e9 Human Rights.<\/p>\n<p>Les pays membres auront un certain nombre d'autres questions importantes \u00e0 leur disposition lors de la r\u00e9union, y compris l'\u00e9tablissement du budget de la cour et le renforcement de la coop\u00e9ration des pays avec la Cour. Human Rights Watch, dans une <a href=\"https:\/\/www.hrw.org\/fr\/news\/2016\/11\/15\/note-dinformation-de-human-rights-watch-pour-la-quinzieme-session-de-lassemblee-des\"><u><span style=\"color: #0066cc;\">note d\u2019information avec des recommandations pour les pays membres<\/span><\/u><\/a>, a d\u00e9clar\u00e9 que les membres de la CPI devraient tenir une session sp\u00e9ciale lors de la r\u00e9union de 2017 afin de faire le bilan des r\u00e9alisations de la Cour et r\u00e9fl\u00e9chir au soutien politique n\u00e9cessaire pour renforcer son r\u00f4le. Le trait\u00e9 de la CPI f\u00eatera son 20<sup><span style=\"font-size: small;\">\u00e8me<\/span><\/sup> anniversaire en 2018.<\/p>\n<p>L'organe de direction de l'Assembl\u00e9e devrait veiller \u00e0 ce que des mesures soient prises pour r\u00e9pondre aux r\u00e9centes constatations judiciaires de non-coop\u00e9ration dans les enqu\u00eates et les poursuites de la CPI. Cela comprend une <a href=\"https:\/\/www.hrw.org\/news\/2016\/09\/19\/icc-countries-should-press-kenya-obstruction\"><u><span style=\"color: #0066cc;\">constatation par les juges<\/span><\/u><\/a> que le gouvernement du Kenya n'a pas coop\u00e9r\u00e9 pleinement dans l'affaire maintenant retir\u00e9e contre le pr\u00e9sident Uhuru Kenyatta.<\/p>\n<p>Les pays africains ont conduit les efforts pour \u00e9tablir la CPI dans les ann\u00e9es 90, en pla\u00e7ant la responsabilit\u00e9 des crimes d'atrocit\u00e9 au premier plan de l'agenda international. La CPI a d\u00fb faire face \u00e0 diverses tentatives pour faire \u00e9chec \u00e0 ses travaux depuis que son trait\u00e9 a pris effet en 2002. L'administration am\u00e9ricaine de George W. Bush a lanc\u00e9 le premier d\u00e9fi. Entre 2002 et 2005, Washington a d\u00e9courag\u00e9 activement les pays de se joindre \u00e0 la CPI et a contraint des pays \u00e0 conclure ce que l'on a appel\u00e9 des \u00ab accords bilat\u00e9raux d'immunit\u00e9 \u00bb afin de prot\u00e9ger les ressortissants am\u00e9ricains contre les poursuites devant la Cour.<\/p>\n<p><iframe loading=\"lazy\" src=\"\/\/www.youtube.com\/embed\/EhQrTLOm8ZQ\" width=\"560\" height=\"314\" allowfullscreen=\"allowfullscreen\"><\/iframe><\/p>\n<p><em>Alors qu\u2019un comit\u00e9 de l'Union africaine menace de demander aux membres de l'UA de se retirer de la Cour p\u00e9nale internationale, plusieurs activistes africains plaident en faveur de la CPI, en tant que tribunal international apte \u00e0 rendre justice aux victimes de graves crimes et violations des droits humains quand les juridictions nationales ne le font pas.<\/em><\/p>\n<p>La CPI est la premi\u00e8re cour permanente du monde charg\u00e9e de traduire en justice les personnes responsables de crimes de guerre, de crimes contre l'humanit\u00e9 et de g\u00e9nocide lorsque les tribunaux nationaux ne peuvent ou ne veulent pas le faire. Le Statut de Rome a cr\u00e9\u00e9 l'Assembl\u00e9e des \u00c9tats Parties pour assurer la surveillance de l'administration de la cour. Elle est compos\u00e9e de repr\u00e9sentants de chaque pays membre et elle doit se r\u00e9unir au moins une fois par an.<\/p>\n<p>En se retirant de la CPI, le gouvernement sud-africain a invoqu\u00e9 un pr\u00e9tendu conflit entre ses obligations envers la CPI et sa capacit\u00e9 d'interagir avec les dirigeants dans son r\u00f4le de garant r\u00e9gional de la paix. Un tribunal sud-africain a conclu que le gouvernement avait viol\u00e9 ses obligations nationales et internationales en omettant d'arr\u00eater le pr\u00e9sident du Soudan, Omar al-Bashir, fugitif de la CPI, lors de sa visite dans le pays pour un sommet de l'UA en juin 2015. Al-Bashir fait l\u2019objet de deux mandats d\u2019arr\u00eat de la CPI, pour crimes pr\u00e9sum\u00e9s de g\u00e9nocide, crimes de guerre et crimes contre l'humanit\u00e9 commis dans la r\u00e9gion du Darfour au Soudan.<\/p>\n<p>La comp\u00e9tence de la Cour pour les crimes internationaux pr\u00e9sum\u00e9s peut \u00eatre d\u00e9clench\u00e9e de trois mani\u00e8res. Les pays membres de la CPI ou le Conseil de s\u00e9curit\u00e9 peuvent saisir la Procureure de la CPI d'une situation, c'est-\u00e0-dire d'un ensemble sp\u00e9cifique d'\u00e9v\u00e9nements, ou bien le Bureau du Procureur de la CPI peut demander \u00e0 sa propre initiative l\u2019autorisation d\u2019une chambre pr\u00e9liminaire de juges de la CPI pour ouvrir une enqu\u00eate.<\/p>\n<p>Des enqu\u00eates en R\u00e9publique centrafricaine, en R\u00e9publique d\u00e9mocratique du Congo, au Mali et dans le nord de l'Ouganda ont \u00e9t\u00e9 ouvertes \u00e0 la demande du gouvernement. Les situations au Darfour et en Libye ont \u00e9t\u00e9 renvoy\u00e9es par le Conseil de s\u00e9curit\u00e9, tandis que la Procureure de la CPI a demand\u00e9 aux juges de la CPI d'ouvrir les enqu\u00eates en C\u00f4te d'Ivoire, en G\u00e9orgie et au Kenya.<\/p>\n<p>La Procureure examine \u00e9galement un certain nombre d'autres situations dans les pays du monde entier. Il s'agit notamment de l'Afghanistan, du Burundi, de la Colombie, du Gabon, de la Guin\u00e9e, du Nigeria, de la Palestine, des abus all\u00e9gu\u00e9s des forces arm\u00e9es britanniques en Irak, et de l'Ukraine.<\/p>\n<p>\u00ab\u00a0<em>Il est triste de voir le gouvernement sud-africain se tenir aux c\u00f4t\u00e9s des id\u00e9ologues des premi\u00e8res ann\u00e9es Bush<\/em>\u00a0\u00bb, a conclu Elizabeth Evenson. \u00ab\u00a0<em>\u00c0 l'heure de divisions profondes et de la multiplication des crises des droits humains dans le monde entier, la CPI est plus n\u00e9cessaire que jamais et les membres de la CPI devraient la prot\u00e9ger<\/em>.\u00a0\u00bb<\/p>\n<p>Cet article a \u00e9t\u00e9 pr\u00e9c\u00e9demment publi\u00e9 par <a href=\"https:\/\/www.hrw.org\/fr\/news\/2016\/11\/16\/cpi-defendre-les-principes-fondamentaux-de-la-cour\">Human Rights Watch<\/a>.<\/p>\n","protected":false},"excerpt":{"rendered":"<p>(La Haye, le 16 novembre 2016) \u2013 Les pays membres de la Cour p\u00e9nale internationale (CPI) devraient prot\u00e9ger la capacit\u00e9 de la Cour \u00e0 rendre justice de fa\u00e7on compl\u00e8te et \u00e9quitable pour les pires crimes internationaux, a d\u00e9clar\u00e9 Human Rights Watch aujourd'hui. Les retraits r\u00e9cents de la Cour par trois pays africains soul\u00e8vent des inqui\u00e9tudes [&hellip;]<\/p>\n","protected":false},"author":64,"featured_media":64833,"comment_status":"open","ping_status":"closed","sticky":false,"template":"","format":"standard","meta":{"_acf_changed":false,"footnotes":""},"categories":[575],"tags":[],"ji_location":[2566],"class_list":["post-30630","post","type-post","status-publish","format-standard","has-post-thumbnail","hentry","category-opinions","ji_location-international"],"acf":[],"yoast_head":"<!-- This site is optimized with the Yoast SEO Premium plugin v25.3.1 (Yoast SEO v25.3.1) - https:\/\/yoast.com\/wordpress\/plugins\/seo\/ -->\n<title>CPI : D\u00e9fendre les principes fondamentaux de la Cour - JusticeInfo.net<\/title>\n<meta name=\"robots\" content=\"index, follow, max-snippet:-1, max-image-preview:large, max-video-preview:-1\" \/>\n<link rel=\"canonical\" href=\"https:\/\/www.justiceinfo.net\/fr\/30630-cpi-defendre-les-principes-fondamentaux-de-la-cour.html\" \/>\n<meta property=\"og:locale\" content=\"fr_FR\" \/>\n<meta property=\"og:type\" content=\"article\" \/>\n<meta property=\"og:title\" content=\"CPI : D\u00e9fendre les principes fondamentaux de la Cour\" \/>\n<meta property=\"og:description\" content=\"(La Haye, le 16 novembre 2016) \u2013 Les pays membres de la Cour p\u00e9nale internationale (CPI) devraient prot\u00e9ger la capacit\u00e9 de la Cour \u00e0 rendre justice de fa\u00e7on compl\u00e8te et \u00e9quitable pour les pires crimes internationaux, a d\u00e9clar\u00e9 Human Rights Watch aujourd&#039;hui. Les retraits r\u00e9cents de la Cour par trois pays africains soul\u00e8vent des inqui\u00e9tudes [&hellip;]\" \/>\n<meta property=\"og:url\" content=\"https:\/\/www.justiceinfo.net\/fr\/30630-cpi-defendre-les-principes-fondamentaux-de-la-cour.html\" \/>\n<meta property=\"og:site_name\" content=\"JusticeInfo.net\" \/>\n<meta property=\"article:publisher\" content=\"https:\/\/www.facebook.com\/JusticeInfo\/\" \/>\n<meta property=\"article:published_time\" content=\"2016-11-16T11:40:47+00:00\" \/>\n<meta property=\"og:image\" content=\"https:\/\/www.justiceinfo.net\/wp-content\/uploads\/ad9ab73ff8ee16dad2867135d50275f1.jpg\" \/>\n\t<meta property=\"og:image:width\" content=\"946\" \/>\n\t<meta property=\"og:image:height\" content=\"1261\" \/>\n\t<meta property=\"og:image:type\" content=\"image\/jpeg\" \/>\n<meta name=\"author\" content=\"Human Rights Watch\" \/>\n<meta name=\"twitter:card\" content=\"summary_large_image\" \/>\n<meta name=\"twitter:creator\" content=\"@justiceinfonet\" \/>\n<meta name=\"twitter:site\" content=\"@justiceinfonet\" \/>\n<meta name=\"twitter:label1\" content=\"\u00c9crit par\" \/>\n\t<meta name=\"twitter:data1\" content=\"Human Rights Watch\" \/>\n\t<meta name=\"twitter:label2\" content=\"Dur\u00e9e de lecture estim\u00e9e\" \/>\n\t<meta name=\"twitter:data2\" content=\"8 minutes\" \/>\n<script type=\"application\/ld+json\" class=\"yoast-schema-graph\">{\"@context\":\"https:\/\/schema.org\",\"@graph\":[{\"@type\":\"NewsArticle\",\"@id\":\"https:\/\/www.justiceinfo.net\/fr\/30630-cpi-defendre-les-principes-fondamentaux-de-la-cour.html#article\",\"isPartOf\":{\"@id\":\"https:\/\/www.justiceinfo.net\/fr\/30630-cpi-defendre-les-principes-fondamentaux-de-la-cour.html\"},\"author\":{\"name\":\"solivri\",\"@id\":\"https:\/\/www.justiceinfo.net\/fr#\/schema\/person\/6e53cba1629e2e66f3fc1821d3091865\"},\"headline\":\"CPI : D\u00e9fendre les principes fondamentaux de la Cour\",\"datePublished\":\"2016-11-16T11:40:47+00:00\",\"mainEntityOfPage\":{\"@id\":\"https:\/\/www.justiceinfo.net\/fr\/30630-cpi-defendre-les-principes-fondamentaux-de-la-cour.html\"},\"wordCount\":1591,\"commentCount\":0,\"publisher\":{\"@id\":\"https:\/\/www.justiceinfo.net\/fr#organization\"},\"image\":{\"@id\":\"https:\/\/www.justiceinfo.net\/fr\/30630-cpi-defendre-les-principes-fondamentaux-de-la-cour.html#primaryimage\"},\"thumbnailUrl\":\"https:\/\/www.justiceinfo.net\/wp-content\/uploads\/ad9ab73ff8ee16dad2867135d50275f1.jpg\",\"articleSection\":[\"Opinions\"],\"inLanguage\":\"fr-FR\",\"potentialAction\":[{\"@type\":\"CommentAction\",\"name\":\"Comment\",\"target\":[\"https:\/\/www.justiceinfo.net\/fr\/30630-cpi-defendre-les-principes-fondamentaux-de-la-cour.html#respond\"]}]},{\"@type\":\"WebPage\",\"@id\":\"https:\/\/www.justiceinfo.net\/fr\/30630-cpi-defendre-les-principes-fondamentaux-de-la-cour.html\",\"url\":\"https:\/\/www.justiceinfo.net\/fr\/30630-cpi-defendre-les-principes-fondamentaux-de-la-cour.html\",\"name\":\"CPI : D\u00e9fendre les principes fondamentaux de la Cour - JusticeInfo.net\",\"isPartOf\":{\"@id\":\"https:\/\/www.justiceinfo.net\/fr#website\"},\"primaryImageOfPage\":{\"@id\":\"https:\/\/www.justiceinfo.net\/fr\/30630-cpi-defendre-les-principes-fondamentaux-de-la-cour.html#primaryimage\"},\"image\":{\"@id\":\"https:\/\/www.justiceinfo.net\/fr\/30630-cpi-defendre-les-principes-fondamentaux-de-la-cour.html#primaryimage\"},\"thumbnailUrl\":\"https:\/\/www.justiceinfo.net\/wp-content\/uploads\/ad9ab73ff8ee16dad2867135d50275f1.jpg\",\"datePublished\":\"2016-11-16T11:40:47+00:00\",\"breadcrumb\":{\"@id\":\"https:\/\/www.justiceinfo.net\/fr\/30630-cpi-defendre-les-principes-fondamentaux-de-la-cour.html#breadcrumb\"},\"inLanguage\":\"fr-FR\",\"potentialAction\":[{\"@type\":\"ReadAction\",\"target\":[\"https:\/\/www.justiceinfo.net\/fr\/30630-cpi-defendre-les-principes-fondamentaux-de-la-cour.html\"]}]},{\"@type\":\"ImageObject\",\"inLanguage\":\"fr-FR\",\"@id\":\"https:\/\/www.justiceinfo.net\/fr\/30630-cpi-defendre-les-principes-fondamentaux-de-la-cour.html#primaryimage\",\"url\":\"https:\/\/www.justiceinfo.net\/wp-content\/uploads\/ad9ab73ff8ee16dad2867135d50275f1.jpg\",\"contentUrl\":\"https:\/\/www.justiceinfo.net\/wp-content\/uploads\/ad9ab73ff8ee16dad2867135d50275f1.jpg\",\"width\":946,\"height\":1261},{\"@type\":\"BreadcrumbList\",\"@id\":\"https:\/\/www.justiceinfo.net\/fr\/30630-cpi-defendre-les-principes-fondamentaux-de-la-cour.html#breadcrumb\",\"itemListElement\":[{\"@type\":\"ListItem\",\"position\":1,\"name\":\"Home\",\"item\":\"https:\/\/www.justiceinfo.net\/fr\"},{\"@type\":\"ListItem\",\"position\":2,\"name\":\"CPI : D\u00e9fendre les principes fondamentaux de la Cour\"}]},{\"@type\":\"WebSite\",\"@id\":\"https:\/\/www.justiceinfo.net\/fr#website\",\"url\":\"https:\/\/www.justiceinfo.net\/fr\",\"name\":\"JusticeInfo.net\",\"description\":\"La justice doit \u00eatre vue pour \u00eatre rendue\",\"publisher\":{\"@id\":\"https:\/\/www.justiceinfo.net\/fr#organization\"},\"potentialAction\":[{\"@type\":\"SearchAction\",\"target\":{\"@type\":\"EntryPoint\",\"urlTemplate\":\"https:\/\/www.justiceinfo.net\/fr?s={search_term_string}\"},\"query-input\":{\"@type\":\"PropertyValueSpecification\",\"valueRequired\":true,\"valueName\":\"search_term_string\"}}],\"inLanguage\":\"fr-FR\"},{\"@type\":\"Organization\",\"@id\":\"https:\/\/www.justiceinfo.net\/fr#organization\",\"name\":\"Justice Info\",\"url\":\"https:\/\/www.justiceinfo.net\/fr\",\"logo\":{\"@type\":\"ImageObject\",\"inLanguage\":\"fr-FR\",\"@id\":\"https:\/\/www.justiceinfo.net\/fr#\/schema\/logo\/image\/\",\"url\":\"https:\/\/www.justiceinfo.net\/wp-content\/uploads\/justiceinfo_logo-trans_1200x1200px.png\",\"contentUrl\":\"https:\/\/www.justiceinfo.net\/wp-content\/uploads\/justiceinfo_logo-trans_1200x1200px.png\",\"width\":1199,\"height\":1200,\"caption\":\"Justice Info\"},\"image\":{\"@id\":\"https:\/\/www.justiceinfo.net\/fr#\/schema\/logo\/image\/\"},\"sameAs\":[\"https:\/\/www.facebook.com\/JusticeInfo\/\",\"https:\/\/x.com\/justiceinfonet\",\"https:\/\/www.linkedin.com\/company\/justice-info\",\"https:\/\/www.youtube.com\/channel\/UCyCEsARodyuWtkWyhn-e7pA\"]},{\"@type\":\"Person\",\"name\":\"Human Rights Watch\",\"url\":\"\/fr\/?s=Human Rights Watch\"}]}<\/script>\n<!-- \/ Yoast SEO Premium plugin. -->","yoast_head_json":{"title":"CPI : D\u00e9fendre les principes fondamentaux de la Cour - JusticeInfo.net","robots":{"index":"index","follow":"follow","max-snippet":"max-snippet:-1","max-image-preview":"max-image-preview:large","max-video-preview":"max-video-preview:-1"},"canonical":"https:\/\/www.justiceinfo.net\/fr\/30630-cpi-defendre-les-principes-fondamentaux-de-la-cour.html","og_locale":"fr_FR","og_type":"article","og_title":"CPI : D\u00e9fendre les principes fondamentaux de la Cour","og_description":"(La Haye, le 16 novembre 2016) \u2013 Les pays membres de la Cour p\u00e9nale internationale (CPI) devraient prot\u00e9ger la capacit\u00e9 de la Cour \u00e0 rendre justice de fa\u00e7on compl\u00e8te et \u00e9quitable pour les pires crimes internationaux, a d\u00e9clar\u00e9 Human Rights Watch aujourd'hui. Les retraits r\u00e9cents de la Cour par trois pays africains soul\u00e8vent des inqui\u00e9tudes [&hellip;]","og_url":"https:\/\/www.justiceinfo.net\/fr\/30630-cpi-defendre-les-principes-fondamentaux-de-la-cour.html","og_site_name":"JusticeInfo.net","article_publisher":"https:\/\/www.facebook.com\/JusticeInfo\/","article_published_time":"2016-11-16T11:40:47+00:00","og_image":[{"width":946,"height":1261,"url":"https:\/\/www.justiceinfo.net\/wp-content\/uploads\/ad9ab73ff8ee16dad2867135d50275f1.jpg","type":"image\/jpeg"}],"author":"Human Rights Watch","twitter_card":"summary_large_image","twitter_creator":"@justiceinfonet","twitter_site":"@justiceinfonet","twitter_misc":{"\u00c9crit par":"Human Rights Watch","Dur\u00e9e de lecture estim\u00e9e":"8 minutes"},"schema":{"@context":"https:\/\/schema.org","@graph":[{"@type":"NewsArticle","@id":"https:\/\/www.justiceinfo.net\/fr\/30630-cpi-defendre-les-principes-fondamentaux-de-la-cour.html#article","isPartOf":{"@id":"https:\/\/www.justiceinfo.net\/fr\/30630-cpi-defendre-les-principes-fondamentaux-de-la-cour.html"},"author":{"name":"solivri","@id":"https:\/\/www.justiceinfo.net\/fr#\/schema\/person\/6e53cba1629e2e66f3fc1821d3091865"},"headline":"CPI : D\u00e9fendre les principes fondamentaux de la Cour","datePublished":"2016-11-16T11:40:47+00:00","mainEntityOfPage":{"@id":"https:\/\/www.justiceinfo.net\/fr\/30630-cpi-defendre-les-principes-fondamentaux-de-la-cour.html"},"wordCount":1591,"commentCount":0,"publisher":{"@id":"https:\/\/www.justiceinfo.net\/fr#organization"},"image":{"@id":"https:\/\/www.justiceinfo.net\/fr\/30630-cpi-defendre-les-principes-fondamentaux-de-la-cour.html#primaryimage"},"thumbnailUrl":"https:\/\/www.justiceinfo.net\/wp-content\/uploads\/ad9ab73ff8ee16dad2867135d50275f1.jpg","articleSection":["Opinions"],"inLanguage":"fr-FR","potentialAction":[{"@type":"CommentAction","name":"Comment","target":["https:\/\/www.justiceinfo.net\/fr\/30630-cpi-defendre-les-principes-fondamentaux-de-la-cour.html#respond"]}]},{"@type":"WebPage","@id":"https:\/\/www.justiceinfo.net\/fr\/30630-cpi-defendre-les-principes-fondamentaux-de-la-cour.html","url":"https:\/\/www.justiceinfo.net\/fr\/30630-cpi-defendre-les-principes-fondamentaux-de-la-cour.html","name":"CPI : D\u00e9fendre les principes fondamentaux de la Cour - JusticeInfo.net","isPartOf":{"@id":"https:\/\/www.justiceinfo.net\/fr#website"},"primaryImageOfPage":{"@id":"https:\/\/www.justiceinfo.net\/fr\/30630-cpi-defendre-les-principes-fondamentaux-de-la-cour.html#primaryimage"},"image":{"@id":"https:\/\/www.justiceinfo.net\/fr\/30630-cpi-defendre-les-principes-fondamentaux-de-la-cour.html#primaryimage"},"thumbnailUrl":"https:\/\/www.justiceinfo.net\/wp-content\/uploads\/ad9ab73ff8ee16dad2867135d50275f1.jpg","datePublished":"2016-11-16T11:40:47+00:00","breadcrumb":{"@id":"https:\/\/www.justiceinfo.net\/fr\/30630-cpi-defendre-les-principes-fondamentaux-de-la-cour.html#breadcrumb"},"inLanguage":"fr-FR","potentialAction":[{"@type":"ReadAction","target":["https:\/\/www.justiceinfo.net\/fr\/30630-cpi-defendre-les-principes-fondamentaux-de-la-cour.html"]}]},{"@type":"ImageObject","inLanguage":"fr-FR","@id":"https:\/\/www.justiceinfo.net\/fr\/30630-cpi-defendre-les-principes-fondamentaux-de-la-cour.html#primaryimage","url":"https:\/\/www.justiceinfo.net\/wp-content\/uploads\/ad9ab73ff8ee16dad2867135d50275f1.jpg","contentUrl":"https:\/\/www.justiceinfo.net\/wp-content\/uploads\/ad9ab73ff8ee16dad2867135d50275f1.jpg","width":946,"height":1261},{"@type":"BreadcrumbList","@id":"https:\/\/www.justiceinfo.net\/fr\/30630-cpi-defendre-les-principes-fondamentaux-de-la-cour.html#breadcrumb","itemListElement":[{"@type":"ListItem","position":1,"name":"Home","item":"https:\/\/www.justiceinfo.net\/fr"},{"@type":"ListItem","position":2,"name":"CPI : D\u00e9fendre les principes fondamentaux de la Cour"}]},{"@type":"WebSite","@id":"https:\/\/www.justiceinfo.net\/fr#website","url":"https:\/\/www.justiceinfo.net\/fr","name":"JusticeInfo.net","description":"La justice doit \u00eatre vue pour \u00eatre rendue","publisher":{"@id":"https:\/\/www.justiceinfo.net\/fr#organization"},"potentialAction":[{"@type":"SearchAction","target":{"@type":"EntryPoint","urlTemplate":"https:\/\/www.justiceinfo.net\/fr?s={search_term_string}"},"query-input":{"@type":"PropertyValueSpecification","valueRequired":true,"valueName":"search_term_string"}}],"inLanguage":"fr-FR"},{"@type":"Organization","@id":"https:\/\/www.justiceinfo.net\/fr#organization","name":"Justice Info","url":"https:\/\/www.justiceinfo.net\/fr","logo":{"@type":"ImageObject","inLanguage":"fr-FR","@id":"https:\/\/www.justiceinfo.net\/fr#\/schema\/logo\/image\/","url":"https:\/\/www.justiceinfo.net\/wp-content\/uploads\/justiceinfo_logo-trans_1200x1200px.png","contentUrl":"https:\/\/www.justiceinfo.net\/wp-content\/uploads\/justiceinfo_logo-trans_1200x1200px.png","width":1199,"height":1200,"caption":"Justice Info"},"image":{"@id":"https:\/\/www.justiceinfo.net\/fr#\/schema\/logo\/image\/"},"sameAs":["https:\/\/www.facebook.com\/JusticeInfo\/","https:\/\/x.com\/justiceinfonet","https:\/\/www.linkedin.com\/company\/justice-info","https:\/\/www.youtube.com\/channel\/UCyCEsARodyuWtkWyhn-e7pA"]},{"@type":"Person","name":"Human Rights Watch","url":"\/fr\/?s=Human Rights Watch"}]}},"_links":{"self":[{"href":"https:\/\/www.justiceinfo.net\/fr\/wp-json\/wp\/v2\/posts\/30630","targetHints":{"allow":["GET"]}}],"collection":[{"href":"https:\/\/www.justiceinfo.net\/fr\/wp-json\/wp\/v2\/posts"}],"about":[{"href":"https:\/\/www.justiceinfo.net\/fr\/wp-json\/wp\/v2\/types\/post"}],"author":[{"embeddable":true,"href":"https:\/\/www.justiceinfo.net\/fr\/wp-json\/wp\/v2\/users\/64"}],"replies":[{"embeddable":true,"href":"https:\/\/www.justiceinfo.net\/fr\/wp-json\/wp\/v2\/comments?post=30630"}],"version-history":[{"count":0,"href":"https:\/\/www.justiceinfo.net\/fr\/wp-json\/wp\/v2\/posts\/30630\/revisions"}],"wp:featuredmedia":[{"embeddable":true,"href":"https:\/\/www.justiceinfo.net\/fr\/wp-json\/wp\/v2\/media\/64833"}],"wp:attachment":[{"href":"https:\/\/www.justiceinfo.net\/fr\/wp-json\/wp\/v2\/media?parent=30630"}],"wp:term":[{"taxonomy":"category","embeddable":true,"href":"https:\/\/www.justiceinfo.net\/fr\/wp-json\/wp\/v2\/categories?post=30630"},{"taxonomy":"post_tag","embeddable":true,"href":"https:\/\/www.justiceinfo.net\/fr\/wp-json\/wp\/v2\/tags?post=30630"},{"taxonomy":"ji_location","embeddable":true,"href":"https:\/\/www.justiceinfo.net\/fr\/wp-json\/wp\/v2\/ji_location?post=30630"}],"curies":[{"name":"wp","href":"https:\/\/api.w.org\/{rel}","templated":true}]}}