{"id":30655,"date":"2016-11-17T08:16:05","date_gmt":"2016-11-17T07:16:05","guid":{"rendered":"https:\/\/www.justiceinfo.net\/30655-republique-centrafricaine-appel-a-soutenir-la-cour-penale-speciale.html"},"modified":"2016-11-17T08:16:05","modified_gmt":"2016-11-17T07:16:05","slug":"republique-centrafricaine-appel-a-soutenir-la-cour-penale-speciale","status":"publish","type":"post","link":"https:\/\/www.justiceinfo.net\/fr\/30655-republique-centrafricaine-appel-a-soutenir-la-cour-penale-speciale.html","title":{"rendered":"R\u00e9publique centrafricaine : Appel \u00e0 soutenir la Cour p\u00e9nale sp\u00e9ciale"},"content":{"rendered":"<p><em><strong>(Bruxelles) \u2013 Les pays donateurs participant \u00e0 une conf\u00e9rence \u00e0 Bruxelles le 17 novembre 2017 devraient apporter leur soutien \u00e0 la Cour p\u00e9nale sp\u00e9ciale (CPS) qui doit \u00eatre mise en place en <a href=\"https:\/\/www.hrw.org\/fr\/afrique\/republique-centrafricaine\"><u><span style=\"color: #0066cc;\">R\u00e9publique centrafricaine<\/span><\/u><\/a>, ont indiqu\u00e9 17 organisations de d\u00e9fense des droits humains centrafricaines et internationales dans une <a href=\"https:\/\/admin.hrw.org\/fr\/news\/2016\/11\/16\/republique-centrafricaine-la-justice-est-indispensable-la-reprise-economique-et\"><u><span style=\"color: #0066cc;\">d\u00e9claration<\/span><\/u><\/a> publi\u00e9e conjointement aujourd\u2019hui. Les bailleurs de fonds devraient apporter un soutien technique, financier et politique \u00e0 la CPS et \u00e0 son mandat qui est de mettre fin \u00e0 l\u2019impunit\u00e9 pour les crimes relevant du droit international, ont d\u00e9clar\u00e9 ces organisations. Le 17 novembre 2016, l\u2019Union europ\u00e9enne accueillera une conf\u00e9rence \u00e0 Bruxelles afin de discuter des priorit\u00e9s de financement pour la R\u00e9publique centrafricaine.<\/strong><\/em><\/p>\n<p>En juin 2015, le gouvernement de la R\u00e9publique centrafricaine a adopt\u00e9 une loi pour cr\u00e9er la CPS afin d\u2019ouvrir la voie \u00e0 la justice pour les victimes, mais ce tribunal n\u2019est pas encore devenu op\u00e9rationnel.<\/p>\n<p>\u00ab\u00a0La R\u00e9publique centrafricaine a \u00e9t\u00e9 le th\u00e9\u00e2tre de cycles r\u00e9p\u00e9t\u00e9s d\u2019exactions terribles pendant plus d\u2019une d\u00e9cennie, sans aucunes cons\u00e9quences pour les auteurs de ces crimes\u00a0\u00bb, ont d\u00e9clar\u00e9 les organisations de d\u00e9fense des droits humains. \u00ab\u00a0Les bailleurs de fonds devraient soutenir les efforts visant \u00e0 rendre la Cour p\u00e9nale sp\u00e9ciale op\u00e9rationnelle afin de briser ce cercle vicieux d\u2019impunit\u00e9, et les autorit\u00e9s centrafricaines devraient faire preuve de leadership dans sa r\u00e9alisation.\u00a0\u00bb<\/p>\n<p>Au bout de pr\u00e8s d\u2019une d\u00e9cennie de conflit intermittent, la R\u00e9publique centrafricaine est entr\u00e9e fin 2012 dans une spirale de violence, avec des groupes arm\u00e9s connus sous le nom de Seleka et d'anti-Balaka, qui ont commis de graves exactions contre des civils, dont des meurtres, des violences sexuelles et des destructions de biens, ce qui a entra\u00een\u00e9 des d\u00e9placements massifs. \u00a0En octobre, des tensions ont \u00e9clat\u00e9 de nouveau, avec des attaques contre des camps de personnes d\u00e9plac\u00e9es dans le centre du pays et des dizaines de civils abattus, poignard\u00e9s ou br\u00fbl\u00e9s vifs.<\/p>\n<p>En 2014, le gouvernement de transition alors en fonction a renvoy\u00e9 la situation en R\u00e9publique centrafricaine depuis le 1er ao\u00fbt 2012 \u00e0 la Cour p\u00e9nale internationale (CPI). La Procureure de la CPI, Fatou Bensouda, a ouvert une enqu\u00eate en septembre 2014. La coop\u00e9ration du gouvernement avec la CPI est cruciale, mais l\u2019enqu\u00eate de la CPI, toujours en cours, ne ciblera probablement qu\u2019un petit nombre de suspects. La Cour p\u00e9nale sp\u00e9ciale, avec son personnel international et national propos\u00e9, est essentielle pour le syst\u00e8me judiciaire centrafricain dans son ensemble.<\/p>\n<p>Les organisations soutenant la d\u00e9claration sont les suivantes :<\/p>\n<p>Action des chr\u00e9tiens contre la torture (ACAT - RCA)<\/p>\n<p>Amnesty International<\/p>\n<p>Association des femmes juristes de Centrafrique (AFJC)<\/p>\n<p>Association des victimes de la LRA en Centrafrique (AVLRAC)<\/p>\n<p>Avocats Sans Fronti\u00e8res<\/p>\n<p>Civis et d\u00e9mocratie (CIDEM)<\/p>\n<p>Commission episcopale Justice et Paix<\/p>\n<p>Enough Project<\/p>\n<p>F\u00e9d\u00e9ration Internationale des Droits de l\u2019Homme (FIDH)<\/p>\n<p>Human Rights Watch<\/p>\n<p>Lead-Centrafrique<\/p>\n<p>Ligue centrafricaine des droits de l'Homme (LCDH)<\/p>\n<p>Mouvement pour la d\u00e9fense des droits de l'Homme et de l'action humanitaire (MDDH)<\/p>\n<p>Observatoire centrafricain des droits de l'Homme (OCDH)<\/p>\n<p>Observatoire pour la promotion de l'Etat de Droit - OPED<\/p>\n<p>Parliamentarians for Global Action<\/p>\n<p>\u00a0<\/p>\n<p>Cet article a \u00e9t\u00e9 pr\u00e9c\u00e9demment publi\u00e9 par <a href=\"https:\/\/www.hrw.org\/fr\/news\/2016\/11\/16\/republique-centrafricaine-appel-soutenir-la-cour-penale-speciale\">Human Rights Watch<\/a>.<\/p>\n","protected":false},"excerpt":{"rendered":"<p>(Bruxelles) \u2013 Les pays donateurs participant \u00e0 une conf\u00e9rence \u00e0 Bruxelles le 17 novembre 2017 devraient apporter leur soutien \u00e0 la Cour p\u00e9nale sp\u00e9ciale (CPS) qui doit \u00eatre mise en place en R\u00e9publique centrafricaine, ont indiqu\u00e9 17 organisations de d\u00e9fense des droits humains centrafricaines et internationales dans une d\u00e9claration publi\u00e9e conjointement aujourd\u2019hui. Les bailleurs de [&hellip;]<\/p>\n","protected":false},"author":64,"featured_media":68200,"comment_status":"open","ping_status":"closed","sticky":false,"template":"","format":"standard","meta":{"_acf_changed":false,"footnotes":""},"categories":[575],"tags":[],"ji_location":[2164],"class_list":["post-30655","post","type-post","status-publish","format-standard","has-post-thumbnail","hentry","category-opinions","ji_location-republique-centrafricaine"],"acf":[],"yoast_head":"<!-- This site is optimized with the Yoast SEO Premium plugin v25.3.1 (Yoast SEO v25.3.1) - https:\/\/yoast.com\/wordpress\/plugins\/seo\/ -->\n<title>R\u00e9publique centrafricaine : Appel \u00e0 soutenir la Cour p\u00e9nale sp\u00e9ciale - JusticeInfo.net<\/title>\n<meta name=\"robots\" content=\"index, follow, max-snippet:-1, max-image-preview:large, max-video-preview:-1\" \/>\n<link rel=\"canonical\" href=\"https:\/\/www.justiceinfo.net\/fr\/30655-republique-centrafricaine-appel-a-soutenir-la-cour-penale-speciale.html\" \/>\n<meta property=\"og:locale\" content=\"fr_FR\" \/>\n<meta property=\"og:type\" content=\"article\" \/>\n<meta property=\"og:title\" content=\"R\u00e9publique centrafricaine : Appel \u00e0 soutenir la Cour p\u00e9nale sp\u00e9ciale\" \/>\n<meta property=\"og:description\" content=\"(Bruxelles) \u2013 Les pays donateurs participant \u00e0 une conf\u00e9rence \u00e0 Bruxelles le 17 novembre 2017 devraient apporter leur soutien \u00e0 la Cour p\u00e9nale sp\u00e9ciale (CPS) qui doit \u00eatre mise en place en R\u00e9publique centrafricaine, ont indiqu\u00e9 17 organisations de d\u00e9fense des droits humains centrafricaines et internationales dans une d\u00e9claration publi\u00e9e conjointement aujourd\u2019hui. Les bailleurs de [&hellip;]\" \/>\n<meta property=\"og:url\" content=\"https:\/\/www.justiceinfo.net\/fr\/30655-republique-centrafricaine-appel-a-soutenir-la-cour-penale-speciale.html\" \/>\n<meta property=\"og:site_name\" content=\"JusticeInfo.net\" \/>\n<meta property=\"article:publisher\" content=\"https:\/\/www.facebook.com\/JusticeInfo\/\" \/>\n<meta property=\"article:published_time\" content=\"2016-11-17T07:16:05+00:00\" \/>\n<meta property=\"og:image\" content=\"https:\/\/www.justiceinfo.net\/wp-content\/uploads\/a1bd99a8291313442e32529ce971fefb.jpg\" \/>\n\t<meta property=\"og:image:width\" content=\"946\" \/>\n\t<meta property=\"og:image:height\" content=\"631\" \/>\n\t<meta property=\"og:image:type\" content=\"image\/jpeg\" \/>\n<meta name=\"author\" content=\"Human Rights Watch\" \/>\n<meta name=\"twitter:card\" content=\"summary_large_image\" \/>\n<meta name=\"twitter:creator\" content=\"@justiceinfonet\" \/>\n<meta name=\"twitter:site\" content=\"@justiceinfonet\" \/>\n<meta name=\"twitter:label1\" content=\"\u00c9crit par\" \/>\n\t<meta name=\"twitter:data1\" content=\"Human Rights Watch\" \/>\n\t<meta name=\"twitter:label2\" content=\"Dur\u00e9e de lecture estim\u00e9e\" \/>\n\t<meta name=\"twitter:data2\" content=\"3 minutes\" \/>\n<script type=\"application\/ld+json\" class=\"yoast-schema-graph\">{\"@context\":\"https:\/\/schema.org\",\"@graph\":[{\"@type\":\"NewsArticle\",\"@id\":\"https:\/\/www.justiceinfo.net\/fr\/30655-republique-centrafricaine-appel-a-soutenir-la-cour-penale-speciale.html#article\",\"isPartOf\":{\"@id\":\"https:\/\/www.justiceinfo.net\/fr\/30655-republique-centrafricaine-appel-a-soutenir-la-cour-penale-speciale.html\"},\"author\":{\"name\":\"solivri\",\"@id\":\"https:\/\/www.justiceinfo.net\/fr#\/schema\/person\/6e53cba1629e2e66f3fc1821d3091865\"},\"headline\":\"R\u00e9publique centrafricaine : Appel \u00e0 soutenir la Cour p\u00e9nale sp\u00e9ciale\",\"datePublished\":\"2016-11-17T07:16:05+00:00\",\"mainEntityOfPage\":{\"@id\":\"https:\/\/www.justiceinfo.net\/fr\/30655-republique-centrafricaine-appel-a-soutenir-la-cour-penale-speciale.html\"},\"wordCount\":572,\"commentCount\":0,\"publisher\":{\"@id\":\"https:\/\/www.justiceinfo.net\/fr#organization\"},\"image\":{\"@id\":\"https:\/\/www.justiceinfo.net\/fr\/30655-republique-centrafricaine-appel-a-soutenir-la-cour-penale-speciale.html#primaryimage\"},\"thumbnailUrl\":\"https:\/\/www.justiceinfo.net\/wp-content\/uploads\/a1bd99a8291313442e32529ce971fefb.jpg\",\"articleSection\":[\"Opinions\"],\"inLanguage\":\"fr-FR\",\"potentialAction\":[{\"@type\":\"CommentAction\",\"name\":\"Comment\",\"target\":[\"https:\/\/www.justiceinfo.net\/fr\/30655-republique-centrafricaine-appel-a-soutenir-la-cour-penale-speciale.html#respond\"]}]},{\"@type\":\"WebPage\",\"@id\":\"https:\/\/www.justiceinfo.net\/fr\/30655-republique-centrafricaine-appel-a-soutenir-la-cour-penale-speciale.html\",\"url\":\"https:\/\/www.justiceinfo.net\/fr\/30655-republique-centrafricaine-appel-a-soutenir-la-cour-penale-speciale.html\",\"name\":\"R\u00e9publique centrafricaine : Appel \u00e0 soutenir la Cour p\u00e9nale sp\u00e9ciale - JusticeInfo.net\",\"isPartOf\":{\"@id\":\"https:\/\/www.justiceinfo.net\/fr#website\"},\"primaryImageOfPage\":{\"@id\":\"https:\/\/www.justiceinfo.net\/fr\/30655-republique-centrafricaine-appel-a-soutenir-la-cour-penale-speciale.html#primaryimage\"},\"image\":{\"@id\":\"https:\/\/www.justiceinfo.net\/fr\/30655-republique-centrafricaine-appel-a-soutenir-la-cour-penale-speciale.html#primaryimage\"},\"thumbnailUrl\":\"https:\/\/www.justiceinfo.net\/wp-content\/uploads\/a1bd99a8291313442e32529ce971fefb.jpg\",\"datePublished\":\"2016-11-17T07:16:05+00:00\",\"breadcrumb\":{\"@id\":\"https:\/\/www.justiceinfo.net\/fr\/30655-republique-centrafricaine-appel-a-soutenir-la-cour-penale-speciale.html#breadcrumb\"},\"inLanguage\":\"fr-FR\",\"potentialAction\":[{\"@type\":\"ReadAction\",\"target\":[\"https:\/\/www.justiceinfo.net\/fr\/30655-republique-centrafricaine-appel-a-soutenir-la-cour-penale-speciale.html\"]}]},{\"@type\":\"ImageObject\",\"inLanguage\":\"fr-FR\",\"@id\":\"https:\/\/www.justiceinfo.net\/fr\/30655-republique-centrafricaine-appel-a-soutenir-la-cour-penale-speciale.html#primaryimage\",\"url\":\"https:\/\/www.justiceinfo.net\/wp-content\/uploads\/a1bd99a8291313442e32529ce971fefb.jpg\",\"contentUrl\":\"https:\/\/www.justiceinfo.net\/wp-content\/uploads\/a1bd99a8291313442e32529ce971fefb.jpg\",\"width\":946,\"height\":631},{\"@type\":\"BreadcrumbList\",\"@id\":\"https:\/\/www.justiceinfo.net\/fr\/30655-republique-centrafricaine-appel-a-soutenir-la-cour-penale-speciale.html#breadcrumb\",\"itemListElement\":[{\"@type\":\"ListItem\",\"position\":1,\"name\":\"Home\",\"item\":\"https:\/\/www.justiceinfo.net\/fr\"},{\"@type\":\"ListItem\",\"position\":2,\"name\":\"R\u00e9publique centrafricaine : Appel \u00e0 soutenir la Cour p\u00e9nale sp\u00e9ciale\"}]},{\"@type\":\"WebSite\",\"@id\":\"https:\/\/www.justiceinfo.net\/fr#website\",\"url\":\"https:\/\/www.justiceinfo.net\/fr\",\"name\":\"JusticeInfo.net\",\"description\":\"La justice doit \u00eatre vue pour \u00eatre rendue\",\"publisher\":{\"@id\":\"https:\/\/www.justiceinfo.net\/fr#organization\"},\"potentialAction\":[{\"@type\":\"SearchAction\",\"target\":{\"@type\":\"EntryPoint\",\"urlTemplate\":\"https:\/\/www.justiceinfo.net\/fr?s={search_term_string}\"},\"query-input\":{\"@type\":\"PropertyValueSpecification\",\"valueRequired\":true,\"valueName\":\"search_term_string\"}}],\"inLanguage\":\"fr-FR\"},{\"@type\":\"Organization\",\"@id\":\"https:\/\/www.justiceinfo.net\/fr#organization\",\"name\":\"Justice Info\",\"url\":\"https:\/\/www.justiceinfo.net\/fr\",\"logo\":{\"@type\":\"ImageObject\",\"inLanguage\":\"fr-FR\",\"@id\":\"https:\/\/www.justiceinfo.net\/fr#\/schema\/logo\/image\/\",\"url\":\"https:\/\/www.justiceinfo.net\/wp-content\/uploads\/justiceinfo_logo-trans_1200x1200px.png\",\"contentUrl\":\"https:\/\/www.justiceinfo.net\/wp-content\/uploads\/justiceinfo_logo-trans_1200x1200px.png\",\"width\":1199,\"height\":1200,\"caption\":\"Justice Info\"},\"image\":{\"@id\":\"https:\/\/www.justiceinfo.net\/fr#\/schema\/logo\/image\/\"},\"sameAs\":[\"https:\/\/www.facebook.com\/JusticeInfo\/\",\"https:\/\/x.com\/justiceinfonet\",\"https:\/\/www.linkedin.com\/company\/justice-info\",\"https:\/\/www.youtube.com\/channel\/UCyCEsARodyuWtkWyhn-e7pA\"]},{\"@type\":\"Person\",\"name\":\"Human Rights Watch\",\"url\":\"\/fr\/?s=Human Rights Watch\"}]}<\/script>\n<!-- \/ Yoast SEO Premium plugin. -->","yoast_head_json":{"title":"R\u00e9publique centrafricaine : Appel \u00e0 soutenir la Cour p\u00e9nale sp\u00e9ciale - JusticeInfo.net","robots":{"index":"index","follow":"follow","max-snippet":"max-snippet:-1","max-image-preview":"max-image-preview:large","max-video-preview":"max-video-preview:-1"},"canonical":"https:\/\/www.justiceinfo.net\/fr\/30655-republique-centrafricaine-appel-a-soutenir-la-cour-penale-speciale.html","og_locale":"fr_FR","og_type":"article","og_title":"R\u00e9publique centrafricaine : Appel \u00e0 soutenir la Cour p\u00e9nale sp\u00e9ciale","og_description":"(Bruxelles) \u2013 Les pays donateurs participant \u00e0 une conf\u00e9rence \u00e0 Bruxelles le 17 novembre 2017 devraient apporter leur soutien \u00e0 la Cour p\u00e9nale sp\u00e9ciale (CPS) qui doit \u00eatre mise en place en R\u00e9publique centrafricaine, ont indiqu\u00e9 17 organisations de d\u00e9fense des droits humains centrafricaines et internationales dans une d\u00e9claration publi\u00e9e conjointement aujourd\u2019hui. Les bailleurs de [&hellip;]","og_url":"https:\/\/www.justiceinfo.net\/fr\/30655-republique-centrafricaine-appel-a-soutenir-la-cour-penale-speciale.html","og_site_name":"JusticeInfo.net","article_publisher":"https:\/\/www.facebook.com\/JusticeInfo\/","article_published_time":"2016-11-17T07:16:05+00:00","og_image":[{"width":946,"height":631,"url":"https:\/\/www.justiceinfo.net\/wp-content\/uploads\/a1bd99a8291313442e32529ce971fefb.jpg","type":"image\/jpeg"}],"author":"Human Rights Watch","twitter_card":"summary_large_image","twitter_creator":"@justiceinfonet","twitter_site":"@justiceinfonet","twitter_misc":{"\u00c9crit par":"Human Rights Watch","Dur\u00e9e de lecture estim\u00e9e":"3 minutes"},"schema":{"@context":"https:\/\/schema.org","@graph":[{"@type":"NewsArticle","@id":"https:\/\/www.justiceinfo.net\/fr\/30655-republique-centrafricaine-appel-a-soutenir-la-cour-penale-speciale.html#article","isPartOf":{"@id":"https:\/\/www.justiceinfo.net\/fr\/30655-republique-centrafricaine-appel-a-soutenir-la-cour-penale-speciale.html"},"author":{"name":"solivri","@id":"https:\/\/www.justiceinfo.net\/fr#\/schema\/person\/6e53cba1629e2e66f3fc1821d3091865"},"headline":"R\u00e9publique centrafricaine : Appel \u00e0 soutenir la Cour p\u00e9nale sp\u00e9ciale","datePublished":"2016-11-17T07:16:05+00:00","mainEntityOfPage":{"@id":"https:\/\/www.justiceinfo.net\/fr\/30655-republique-centrafricaine-appel-a-soutenir-la-cour-penale-speciale.html"},"wordCount":572,"commentCount":0,"publisher":{"@id":"https:\/\/www.justiceinfo.net\/fr#organization"},"image":{"@id":"https:\/\/www.justiceinfo.net\/fr\/30655-republique-centrafricaine-appel-a-soutenir-la-cour-penale-speciale.html#primaryimage"},"thumbnailUrl":"https:\/\/www.justiceinfo.net\/wp-content\/uploads\/a1bd99a8291313442e32529ce971fefb.jpg","articleSection":["Opinions"],"inLanguage":"fr-FR","potentialAction":[{"@type":"CommentAction","name":"Comment","target":["https:\/\/www.justiceinfo.net\/fr\/30655-republique-centrafricaine-appel-a-soutenir-la-cour-penale-speciale.html#respond"]}]},{"@type":"WebPage","@id":"https:\/\/www.justiceinfo.net\/fr\/30655-republique-centrafricaine-appel-a-soutenir-la-cour-penale-speciale.html","url":"https:\/\/www.justiceinfo.net\/fr\/30655-republique-centrafricaine-appel-a-soutenir-la-cour-penale-speciale.html","name":"R\u00e9publique centrafricaine : Appel \u00e0 soutenir la Cour p\u00e9nale sp\u00e9ciale - JusticeInfo.net","isPartOf":{"@id":"https:\/\/www.justiceinfo.net\/fr#website"},"primaryImageOfPage":{"@id":"https:\/\/www.justiceinfo.net\/fr\/30655-republique-centrafricaine-appel-a-soutenir-la-cour-penale-speciale.html#primaryimage"},"image":{"@id":"https:\/\/www.justiceinfo.net\/fr\/30655-republique-centrafricaine-appel-a-soutenir-la-cour-penale-speciale.html#primaryimage"},"thumbnailUrl":"https:\/\/www.justiceinfo.net\/wp-content\/uploads\/a1bd99a8291313442e32529ce971fefb.jpg","datePublished":"2016-11-17T07:16:05+00:00","breadcrumb":{"@id":"https:\/\/www.justiceinfo.net\/fr\/30655-republique-centrafricaine-appel-a-soutenir-la-cour-penale-speciale.html#breadcrumb"},"inLanguage":"fr-FR","potentialAction":[{"@type":"ReadAction","target":["https:\/\/www.justiceinfo.net\/fr\/30655-republique-centrafricaine-appel-a-soutenir-la-cour-penale-speciale.html"]}]},{"@type":"ImageObject","inLanguage":"fr-FR","@id":"https:\/\/www.justiceinfo.net\/fr\/30655-republique-centrafricaine-appel-a-soutenir-la-cour-penale-speciale.html#primaryimage","url":"https:\/\/www.justiceinfo.net\/wp-content\/uploads\/a1bd99a8291313442e32529ce971fefb.jpg","contentUrl":"https:\/\/www.justiceinfo.net\/wp-content\/uploads\/a1bd99a8291313442e32529ce971fefb.jpg","width":946,"height":631},{"@type":"BreadcrumbList","@id":"https:\/\/www.justiceinfo.net\/fr\/30655-republique-centrafricaine-appel-a-soutenir-la-cour-penale-speciale.html#breadcrumb","itemListElement":[{"@type":"ListItem","position":1,"name":"Home","item":"https:\/\/www.justiceinfo.net\/fr"},{"@type":"ListItem","position":2,"name":"R\u00e9publique centrafricaine : Appel \u00e0 soutenir la Cour p\u00e9nale sp\u00e9ciale"}]},{"@type":"WebSite","@id":"https:\/\/www.justiceinfo.net\/fr#website","url":"https:\/\/www.justiceinfo.net\/fr","name":"JusticeInfo.net","description":"La justice doit \u00eatre vue pour \u00eatre rendue","publisher":{"@id":"https:\/\/www.justiceinfo.net\/fr#organization"},"potentialAction":[{"@type":"SearchAction","target":{"@type":"EntryPoint","urlTemplate":"https:\/\/www.justiceinfo.net\/fr?s={search_term_string}"},"query-input":{"@type":"PropertyValueSpecification","valueRequired":true,"valueName":"search_term_string"}}],"inLanguage":"fr-FR"},{"@type":"Organization","@id":"https:\/\/www.justiceinfo.net\/fr#organization","name":"Justice Info","url":"https:\/\/www.justiceinfo.net\/fr","logo":{"@type":"ImageObject","inLanguage":"fr-FR","@id":"https:\/\/www.justiceinfo.net\/fr#\/schema\/logo\/image\/","url":"https:\/\/www.justiceinfo.net\/wp-content\/uploads\/justiceinfo_logo-trans_1200x1200px.png","contentUrl":"https:\/\/www.justiceinfo.net\/wp-content\/uploads\/justiceinfo_logo-trans_1200x1200px.png","width":1199,"height":1200,"caption":"Justice Info"},"image":{"@id":"https:\/\/www.justiceinfo.net\/fr#\/schema\/logo\/image\/"},"sameAs":["https:\/\/www.facebook.com\/JusticeInfo\/","https:\/\/x.com\/justiceinfonet","https:\/\/www.linkedin.com\/company\/justice-info","https:\/\/www.youtube.com\/channel\/UCyCEsARodyuWtkWyhn-e7pA"]},{"@type":"Person","name":"Human Rights Watch","url":"\/fr\/?s=Human Rights Watch"}]}},"_links":{"self":[{"href":"https:\/\/www.justiceinfo.net\/fr\/wp-json\/wp\/v2\/posts\/30655","targetHints":{"allow":["GET"]}}],"collection":[{"href":"https:\/\/www.justiceinfo.net\/fr\/wp-json\/wp\/v2\/posts"}],"about":[{"href":"https:\/\/www.justiceinfo.net\/fr\/wp-json\/wp\/v2\/types\/post"}],"author":[{"embeddable":true,"href":"https:\/\/www.justiceinfo.net\/fr\/wp-json\/wp\/v2\/users\/64"}],"replies":[{"embeddable":true,"href":"https:\/\/www.justiceinfo.net\/fr\/wp-json\/wp\/v2\/comments?post=30655"}],"version-history":[{"count":0,"href":"https:\/\/www.justiceinfo.net\/fr\/wp-json\/wp\/v2\/posts\/30655\/revisions"}],"wp:featuredmedia":[{"embeddable":true,"href":"https:\/\/www.justiceinfo.net\/fr\/wp-json\/wp\/v2\/media\/68200"}],"wp:attachment":[{"href":"https:\/\/www.justiceinfo.net\/fr\/wp-json\/wp\/v2\/media?parent=30655"}],"wp:term":[{"taxonomy":"category","embeddable":true,"href":"https:\/\/www.justiceinfo.net\/fr\/wp-json\/wp\/v2\/categories?post=30655"},{"taxonomy":"post_tag","embeddable":true,"href":"https:\/\/www.justiceinfo.net\/fr\/wp-json\/wp\/v2\/tags?post=30655"},{"taxonomy":"ji_location","embeddable":true,"href":"https:\/\/www.justiceinfo.net\/fr\/wp-json\/wp\/v2\/ji_location?post=30655"}],"curies":[{"name":"wp","href":"https:\/\/api.w.org\/{rel}","templated":true}]}}