{"id":30798,"date":"2016-11-29T10:30:38","date_gmt":"2016-11-29T09:30:38","guid":{"rendered":"https:\/\/www.justiceinfo.net\/30798-colombie-une-justice-possible.html"},"modified":"2016-11-29T10:30:38","modified_gmt":"2016-11-29T09:30:38","slug":"colombie-une-justice-possible","status":"publish","type":"post","link":"https:\/\/www.justiceinfo.net\/fr\/30798-colombie-une-justice-possible.html","title":{"rendered":"Colombie, une justice est-elle possible?"},"content":{"rendered":"<div class=\"content-excerpt\">\n<p><em>La gu<\/em><em>\u00e9rilla des Farc et le pouvoir ont sign<\/em><em>\u00e9 la semaine derni<\/em><em>\u00e8re un nouvel accord de paix qui ne convainc pas l<\/em><em>\u2019opposition et laisse planer des doutes sur l<\/em><em>\u2019application de la justice <\/em><em>\u00e0 certains secteurs de l<\/em><em>\u2019arm<\/em><em>\u00e9e colombienne.<\/em><\/p>\n<\/div>\n<p>Le chef des n\u00e9gociateurs du gouvernement colombien, Humberto de la Calle, l\u2019avait dit: \u201cl\u2019unanimit\u00e9 est impossible\u201d. Rejet\u00e9 une prem\u00e8re fois par les \u00e9lecteurs le 2 octobre, l\u2019accord de paix remani\u00e9 et sign\u00e9 avec la gu\u00e9rilla marxiste le 24 novembre continue \u00e0 diviser les Colombiens. Apr\u00e8s un examen des 310 pages, l\u2019opposition a donn\u00e9 son verdict: les modifications sont, selon leur chef de file, l\u2019ancien pr\u00e9sident Alvaro Uribe, cosm\u00e9tiques. \u201cLe pouvoir a voulu tromper l\u2019opinion \u201d. Ce camp reproche au gouvernement du pr\u00e9sident Juan Manuel Santos de ne pas avoir revu de fond en comble le chapitre justice de l\u2019accord. La F\u00e9d\u00e9ration des Victimes Colombiennes de la gu\u00e9rilla (<a href=\"http:\/\/www.fundaciondefensadeinocentes.org\/federaci-n-colombiana-de-v-ctimas-de-las-farc-.html\" target=\"_blank\" rel=\"noopener\">FEVCOL<\/a>) exigeait des peines <em>intra muros<\/em> de 5 ans pour les dirigeants du groupe marxiste et leur in\u00e9ligibilt\u00e9 durante cette p\u00e9riode. Ces demandes n\u2019ont pas \u00e9t\u00e9 incluses.<\/p>\n<p>Dans une interview accord\u00e9e \u00e0 justice Info r\u00e9cemment , le juriste colombien Rodrigo Uprimny a rappel\u00e9 que cette question a \u00e9t\u00e9 au coeur des d\u00e9bats \u00e0 la Havane. \u201cM\u00eame si j\u2019ai d\u00e9fendu l\u2019id\u00e9e de la prison au d\u00e9part, les arguments de la gu\u00e9rilla contre la d\u00e9tention sont recevables. Il s\u2019agit d\u2019une part d\u2019une question de dignit\u00e9: n\u00e9gocier pour terminer dans un cellule de l\u2019ennemi, c\u2019est capituler. L\u2019accord les oblige \u00e0 reconna\u00eetre leurs torts et r\u00e9parer les victimes sans passer par cette humiliation, et les peines r\u00e9paratices, sont plus utiles que l\u2019enfermement. Leur dernier argument est pragmatique: comment, de la prison, diriger le d\u00e9sarmement, s\u2019assurer que la troupe suive?\u201d, r\u00e9sumait le juriste.<\/p>\n<h3>Justice sp\u00e9ciale<\/h3>\n<p>Dans cette nouvelle version, le fonctionnement de la justice sp\u00e9ciale de paix est d\u00e9taill\u00e9. Le texte insiste sur le fait que le tribunal aura toutes les facult\u00e9s d\u2019enqu\u00eater sur les crimes des gu\u00e9rilleros pour garantir des aveux complets, sans lesquels ils ne b\u00e9n\u00e9ficieront pas des am\u00e9nagements de peine pr\u00e9vus: une restriction \u00e0 la libert\u00e9 durant 5 \u00e0 8 ans. Le terme de \u201crestriction \u00e0 la libert\u00e9\u201d est pr\u00e9cis\u00e9: les mouvements des gu\u00e9rill\u00e9ros pourront \u00eatre limit\u00e9s au hameau o\u00f9 ils rendront les armes. Le tribunal fixera les horaires durant lesquels ils purgeront leurs peines destin\u00e9es \u00e0 r\u00e9parer les victimes, comme le d\u00e9minage, et d\u00e9finira les horaires et conditions de sortie de ce p\u00e9rim\u00e8tre. Le groupe marxiste s\u2019engage aussi \u00e0 livrer tous ses biens pour d\u00e9dommager les victimes.<\/p>\n<p>Ces pr\u00e9cisions r\u00e9pondent en partie aux objections de l\u2019organisation <a href=\"https:\/\/www.hrw.org\/fr\/news\/2016\/08\/25\/colombie-laccord-de-paix-est-une-occasion-cruciale-dendiguer-les-violations-des\" target=\"_blank\" rel=\"noopener\">Human Rights Watch<\/a>, qui consid\u00e9rait le premier accord de paix trop vague sur ces points, et aux mises en garde de la <a href=\"https:\/\/www.icc-cpi.int\/about?ln=fr\" target=\"_blank\" rel=\"noopener\">Cour P\u00e9nale Internationale<\/a>, selon lesquelles tout d\u00e9pendrait du \u201cs\u00e9rieux des sanctions\u201d<strong>. <\/strong>Mais des failles subsistent. Selon l\u2019accord, les gu\u00e9rilleros, m\u00eame condamn\u00e9s, pourront si\u00e9ger au Parlement. \u201cDans les faits, ils seront libres: ils passeront leur temps dans la capitale pour assurer leurs fonctions politiques\u201d<strong>, <\/strong>craint notamment la s\u00e9natrice Sofia Gaviria, dirigeante de la <a href=\"http:\/\/www.fundaciondefensadeinocentes.org\/federaci-n-colombiana-de-v-ctimas-de-las-farc-.html\" target=\"_blank\" rel=\"noopener\">FEVCOL<\/a>, soeur d\u2019un gouverneur tu\u00e9 en captivit\u00e9 par les Farc en 2004.<\/p>\n<h3>Victimes<\/h3>\n<p>Par ailleurs, le nouvel accord semble restreindre les possibilit\u00e9s du tribunal de paix de condamner les commanditaires de crimes, dont les militaires, responsables de nombreuses ex\u00e9cutions extra-judiciaires. C\u00e9dant \u00e0 la pression d\u2019un groupe d\u2019officiers, le gouvernement a gomm\u00e9, quelques heures avant la signature, un paragraphe citant l\u2019article 28 du <a href=\"https:\/\/www.icc-cpi.int\/NR\/rdonlyres\/6A7E88C1-8A44-42F2-896F-D68BB3B2D54F\/0\/Rome_Statute_French.pdf\" target=\"_blank\" rel=\"noopener\">Statut de Rome<\/a>, et pr\u00e9cisant que les officiers et dirigeants du groupe arm\u00e9 seraient solidairement responsables des d\u00e9lits de leurs subalternes, s\u2019ils avaient eu connaissance explicite des faits, ou si leur position les obligeait \u00e0 savoir. Le passage a \u00e9t\u00e9 remplac\u00e9 par une formule exclusivement destin\u00e9e \u00e0 rassurer l\u2019arm\u00e9e. Seuls seront condamn\u00e9s ceux qui \u00e9taient en mesure d\u2019 \u201cexercer un controle r\u00e9el sur leurs subalternes, en relation avec l\u2019ex\u00e9cution du d\u00e9lit\u201d<strong>, <\/strong>et s\u2019ils en avaient \u00e9t\u00e9 \u201cinform\u00e9s avant, pendant et apr\u00e8s\u201d. La guerilla a rejet\u00e9 ce changement de derni\u00e8re minute. \u201cNous croyons que ce sera une source de pr\u00e9occupations pour les victimes et pour le procureur de la <a href=\"https:\/\/www.icc-cpi.int\/about?ln=fr\" target=\"_blank\" rel=\"noopener\">Cour P\u00e9nale Internationale <\/a>(\u2026). Nous souhaitons pr\u00e9ciser que nous nous y opposons\u201d, ont insist\u00e9 les Farc dans un communiqu\u00e9 pass\u00e9 presque inaper\u00e7u en Colombie.<\/p>\n<p>Si, chez la gu\u00e9rilla, la volont\u00e9 de dire la v\u00e9rit\u00e9 parait sinc\u00e8re, rien n\u2019est moins s\u00fbr du c\u00f4t\u00e9 de l\u2019arm\u00e9e. Plusieurs g\u00e9n\u00e9raux et colonels sont actuellement poursuivis pour ex\u00e9cutions, massacres et disparitions, et refusent de reconna\u00eetre leur responsabilit\u00e9 p\u00e9nale dans ces faits. L\u2019arm\u00e9e est impliqu\u00e9e dans des milliers de cas dits de faux positifs, une pratique qui consistait \u00e0 tuer des civils pour les pr\u00e9senter comme des gu\u00e9rill\u00e9ros morts au combat. Un rapport r\u00e9cent du Centre National de m\u00e9moire historique estime que la Colombie compte 60 600 disparus, plus que toutes les dictatures du Sud du continent. Parmi eux, beaucoup ont \u00e9t\u00e9 victimes de cette guerre sale sur laquelle les \u00e9lites du pays refusent visiblement de faire la lumi\u00e8re.<\/p>\n<p>\u00a0<\/p>\n","protected":false},"excerpt":{"rendered":"<p>La gu\u00e9rilla des Farc et le pouvoir ont sign\u00e9 la semaine derni\u00e8re un nouvel accord de paix qui ne convainc pas l\u2019opposition et laisse planer des doutes sur l\u2019application de la justice \u00e0 certains secteurs de l\u2019arm\u00e9e colombienne. Le chef des n\u00e9gociateurs du gouvernement colombien, Humberto de la Calle, l\u2019avait dit: \u201cl\u2019unanimit\u00e9 est impossible\u201d. Rejet\u00e9 [&hellip;]<\/p>\n","protected":false},"author":64,"featured_media":64607,"comment_status":"open","ping_status":"closed","sticky":false,"template":"","format":"standard","meta":{"_acf_changed":false,"footnotes":""},"categories":[548],"tags":[],"ji_location":[2176],"class_list":["post-30798","post","type-post","status-publish","format-standard","has-post-thumbnail","hentry","category-commissions-verite","ji_location-colombie"],"acf":[],"yoast_head":"<!-- This site is optimized with the Yoast SEO Premium plugin v25.3.1 (Yoast SEO v25.3.1) - https:\/\/yoast.com\/wordpress\/plugins\/seo\/ -->\n<title>Colombie, une justice est-elle possible? - JusticeInfo.net<\/title>\n<meta name=\"robots\" content=\"index, follow, max-snippet:-1, max-image-preview:large, max-video-preview:-1\" \/>\n<link rel=\"canonical\" href=\"https:\/\/www.justiceinfo.net\/fr\/30798-colombie-une-justice-possible.html\" \/>\n<meta property=\"og:locale\" content=\"fr_FR\" \/>\n<meta property=\"og:type\" content=\"article\" \/>\n<meta property=\"og:title\" content=\"Colombie, une justice est-elle possible?\" \/>\n<meta property=\"og:description\" content=\"La gu\u00e9rilla des Farc et le pouvoir ont sign\u00e9 la semaine derni\u00e8re un nouvel accord de paix qui ne convainc pas l\u2019opposition et laisse planer des doutes sur l\u2019application de la justice \u00e0 certains secteurs de l\u2019arm\u00e9e colombienne. Le chef des n\u00e9gociateurs du gouvernement colombien, Humberto de la Calle, l\u2019avait dit: \u201cl\u2019unanimit\u00e9 est impossible\u201d. Rejet\u00e9 [&hellip;]\" \/>\n<meta property=\"og:url\" content=\"https:\/\/www.justiceinfo.net\/fr\/30798-colombie-une-justice-possible.html\" \/>\n<meta property=\"og:site_name\" content=\"JusticeInfo.net\" \/>\n<meta property=\"article:publisher\" content=\"https:\/\/www.facebook.com\/JusticeInfo\/\" \/>\n<meta property=\"article:published_time\" content=\"2016-11-29T09:30:38+00:00\" \/>\n<meta property=\"og:image\" content=\"https:\/\/www.justiceinfo.net\/wp-content\/uploads\/d1f1f5f6db21334e59c2f6c0f268b447-scaled.jpg\" \/>\n\t<meta property=\"og:image:width\" content=\"2560\" \/>\n\t<meta property=\"og:image:height\" content=\"1824\" \/>\n\t<meta property=\"og:image:type\" content=\"image\/jpeg\" \/>\n<meta name=\"author\" content=\"Christine Renaudat Bogota\" \/>\n<meta name=\"twitter:card\" content=\"summary_large_image\" \/>\n<meta name=\"twitter:creator\" content=\"@justiceinfonet\" \/>\n<meta name=\"twitter:site\" content=\"@justiceinfonet\" \/>\n<meta name=\"twitter:label1\" content=\"\u00c9crit par\" \/>\n\t<meta name=\"twitter:data1\" content=\"Christine Renaudat Bogota\" \/>\n\t<meta name=\"twitter:label2\" content=\"Dur\u00e9e de lecture estim\u00e9e\" \/>\n\t<meta name=\"twitter:data2\" content=\"5 minutes\" \/>\n<script type=\"application\/ld+json\" class=\"yoast-schema-graph\">{\"@context\":\"https:\/\/schema.org\",\"@graph\":[{\"@type\":\"NewsArticle\",\"@id\":\"https:\/\/www.justiceinfo.net\/fr\/30798-colombie-une-justice-possible.html#article\",\"isPartOf\":{\"@id\":\"https:\/\/www.justiceinfo.net\/fr\/30798-colombie-une-justice-possible.html\"},\"author\":{\"name\":\"solivri\",\"@id\":\"https:\/\/www.justiceinfo.net\/fr#\/schema\/person\/6e53cba1629e2e66f3fc1821d3091865\"},\"headline\":\"Colombie, une justice est-elle possible?\",\"datePublished\":\"2016-11-29T09:30:38+00:00\",\"mainEntityOfPage\":{\"@id\":\"https:\/\/www.justiceinfo.net\/fr\/30798-colombie-une-justice-possible.html\"},\"wordCount\":920,\"commentCount\":0,\"publisher\":{\"@id\":\"https:\/\/www.justiceinfo.net\/fr#organization\"},\"image\":{\"@id\":\"https:\/\/www.justiceinfo.net\/fr\/30798-colombie-une-justice-possible.html#primaryimage\"},\"thumbnailUrl\":\"https:\/\/www.justiceinfo.net\/wp-content\/uploads\/d1f1f5f6db21334e59c2f6c0f268b447-scaled.jpg\",\"articleSection\":[\"Commissions v\u00e9rit\u00e9\"],\"inLanguage\":\"fr-FR\",\"potentialAction\":[{\"@type\":\"CommentAction\",\"name\":\"Comment\",\"target\":[\"https:\/\/www.justiceinfo.net\/fr\/30798-colombie-une-justice-possible.html#respond\"]}]},{\"@type\":\"WebPage\",\"@id\":\"https:\/\/www.justiceinfo.net\/fr\/30798-colombie-une-justice-possible.html\",\"url\":\"https:\/\/www.justiceinfo.net\/fr\/30798-colombie-une-justice-possible.html\",\"name\":\"Colombie, une justice est-elle possible? - JusticeInfo.net\",\"isPartOf\":{\"@id\":\"https:\/\/www.justiceinfo.net\/fr#website\"},\"primaryImageOfPage\":{\"@id\":\"https:\/\/www.justiceinfo.net\/fr\/30798-colombie-une-justice-possible.html#primaryimage\"},\"image\":{\"@id\":\"https:\/\/www.justiceinfo.net\/fr\/30798-colombie-une-justice-possible.html#primaryimage\"},\"thumbnailUrl\":\"https:\/\/www.justiceinfo.net\/wp-content\/uploads\/d1f1f5f6db21334e59c2f6c0f268b447-scaled.jpg\",\"datePublished\":\"2016-11-29T09:30:38+00:00\",\"breadcrumb\":{\"@id\":\"https:\/\/www.justiceinfo.net\/fr\/30798-colombie-une-justice-possible.html#breadcrumb\"},\"inLanguage\":\"fr-FR\",\"potentialAction\":[{\"@type\":\"ReadAction\",\"target\":[\"https:\/\/www.justiceinfo.net\/fr\/30798-colombie-une-justice-possible.html\"]}]},{\"@type\":\"ImageObject\",\"inLanguage\":\"fr-FR\",\"@id\":\"https:\/\/www.justiceinfo.net\/fr\/30798-colombie-une-justice-possible.html#primaryimage\",\"url\":\"https:\/\/www.justiceinfo.net\/wp-content\/uploads\/d1f1f5f6db21334e59c2f6c0f268b447-scaled.jpg\",\"contentUrl\":\"https:\/\/www.justiceinfo.net\/wp-content\/uploads\/d1f1f5f6db21334e59c2f6c0f268b447-scaled.jpg\",\"width\":2560,\"height\":1824},{\"@type\":\"BreadcrumbList\",\"@id\":\"https:\/\/www.justiceinfo.net\/fr\/30798-colombie-une-justice-possible.html#breadcrumb\",\"itemListElement\":[{\"@type\":\"ListItem\",\"position\":1,\"name\":\"Home\",\"item\":\"https:\/\/www.justiceinfo.net\/fr\"},{\"@type\":\"ListItem\",\"position\":2,\"name\":\"Colombie, une justice est-elle possible?\"}]},{\"@type\":\"WebSite\",\"@id\":\"https:\/\/www.justiceinfo.net\/fr#website\",\"url\":\"https:\/\/www.justiceinfo.net\/fr\",\"name\":\"JusticeInfo.net\",\"description\":\"La justice doit \u00eatre vue pour \u00eatre rendue\",\"publisher\":{\"@id\":\"https:\/\/www.justiceinfo.net\/fr#organization\"},\"potentialAction\":[{\"@type\":\"SearchAction\",\"target\":{\"@type\":\"EntryPoint\",\"urlTemplate\":\"https:\/\/www.justiceinfo.net\/fr?s={search_term_string}\"},\"query-input\":{\"@type\":\"PropertyValueSpecification\",\"valueRequired\":true,\"valueName\":\"search_term_string\"}}],\"inLanguage\":\"fr-FR\"},{\"@type\":\"Organization\",\"@id\":\"https:\/\/www.justiceinfo.net\/fr#organization\",\"name\":\"Justice Info\",\"url\":\"https:\/\/www.justiceinfo.net\/fr\",\"logo\":{\"@type\":\"ImageObject\",\"inLanguage\":\"fr-FR\",\"@id\":\"https:\/\/www.justiceinfo.net\/fr#\/schema\/logo\/image\/\",\"url\":\"https:\/\/www.justiceinfo.net\/wp-content\/uploads\/justiceinfo_logo-trans_1200x1200px.png\",\"contentUrl\":\"https:\/\/www.justiceinfo.net\/wp-content\/uploads\/justiceinfo_logo-trans_1200x1200px.png\",\"width\":1199,\"height\":1200,\"caption\":\"Justice Info\"},\"image\":{\"@id\":\"https:\/\/www.justiceinfo.net\/fr#\/schema\/logo\/image\/\"},\"sameAs\":[\"https:\/\/www.facebook.com\/JusticeInfo\/\",\"https:\/\/x.com\/justiceinfonet\",\"https:\/\/www.linkedin.com\/company\/justice-info\",\"https:\/\/www.youtube.com\/channel\/UCyCEsARodyuWtkWyhn-e7pA\"]},{\"@type\":\"Person\",\"name\":\"Christine Renaudat Bogota\",\"url\":\"\/fr\/?s=Christine Renaudat Bogota\"}]}<\/script>\n<!-- \/ Yoast SEO Premium plugin. -->","yoast_head_json":{"title":"Colombie, une justice est-elle possible? - JusticeInfo.net","robots":{"index":"index","follow":"follow","max-snippet":"max-snippet:-1","max-image-preview":"max-image-preview:large","max-video-preview":"max-video-preview:-1"},"canonical":"https:\/\/www.justiceinfo.net\/fr\/30798-colombie-une-justice-possible.html","og_locale":"fr_FR","og_type":"article","og_title":"Colombie, une justice est-elle possible?","og_description":"La gu\u00e9rilla des Farc et le pouvoir ont sign\u00e9 la semaine derni\u00e8re un nouvel accord de paix qui ne convainc pas l\u2019opposition et laisse planer des doutes sur l\u2019application de la justice \u00e0 certains secteurs de l\u2019arm\u00e9e colombienne. Le chef des n\u00e9gociateurs du gouvernement colombien, Humberto de la Calle, l\u2019avait dit: \u201cl\u2019unanimit\u00e9 est impossible\u201d. Rejet\u00e9 [&hellip;]","og_url":"https:\/\/www.justiceinfo.net\/fr\/30798-colombie-une-justice-possible.html","og_site_name":"JusticeInfo.net","article_publisher":"https:\/\/www.facebook.com\/JusticeInfo\/","article_published_time":"2016-11-29T09:30:38+00:00","og_image":[{"width":2560,"height":1824,"url":"https:\/\/www.justiceinfo.net\/wp-content\/uploads\/d1f1f5f6db21334e59c2f6c0f268b447-scaled.jpg","type":"image\/jpeg"}],"author":"Christine Renaudat Bogota","twitter_card":"summary_large_image","twitter_creator":"@justiceinfonet","twitter_site":"@justiceinfonet","twitter_misc":{"\u00c9crit par":"Christine Renaudat Bogota","Dur\u00e9e de lecture estim\u00e9e":"5 minutes"},"schema":{"@context":"https:\/\/schema.org","@graph":[{"@type":"NewsArticle","@id":"https:\/\/www.justiceinfo.net\/fr\/30798-colombie-une-justice-possible.html#article","isPartOf":{"@id":"https:\/\/www.justiceinfo.net\/fr\/30798-colombie-une-justice-possible.html"},"author":{"name":"solivri","@id":"https:\/\/www.justiceinfo.net\/fr#\/schema\/person\/6e53cba1629e2e66f3fc1821d3091865"},"headline":"Colombie, une justice est-elle possible?","datePublished":"2016-11-29T09:30:38+00:00","mainEntityOfPage":{"@id":"https:\/\/www.justiceinfo.net\/fr\/30798-colombie-une-justice-possible.html"},"wordCount":920,"commentCount":0,"publisher":{"@id":"https:\/\/www.justiceinfo.net\/fr#organization"},"image":{"@id":"https:\/\/www.justiceinfo.net\/fr\/30798-colombie-une-justice-possible.html#primaryimage"},"thumbnailUrl":"https:\/\/www.justiceinfo.net\/wp-content\/uploads\/d1f1f5f6db21334e59c2f6c0f268b447-scaled.jpg","articleSection":["Commissions v\u00e9rit\u00e9"],"inLanguage":"fr-FR","potentialAction":[{"@type":"CommentAction","name":"Comment","target":["https:\/\/www.justiceinfo.net\/fr\/30798-colombie-une-justice-possible.html#respond"]}]},{"@type":"WebPage","@id":"https:\/\/www.justiceinfo.net\/fr\/30798-colombie-une-justice-possible.html","url":"https:\/\/www.justiceinfo.net\/fr\/30798-colombie-une-justice-possible.html","name":"Colombie, une justice est-elle possible? - JusticeInfo.net","isPartOf":{"@id":"https:\/\/www.justiceinfo.net\/fr#website"},"primaryImageOfPage":{"@id":"https:\/\/www.justiceinfo.net\/fr\/30798-colombie-une-justice-possible.html#primaryimage"},"image":{"@id":"https:\/\/www.justiceinfo.net\/fr\/30798-colombie-une-justice-possible.html#primaryimage"},"thumbnailUrl":"https:\/\/www.justiceinfo.net\/wp-content\/uploads\/d1f1f5f6db21334e59c2f6c0f268b447-scaled.jpg","datePublished":"2016-11-29T09:30:38+00:00","breadcrumb":{"@id":"https:\/\/www.justiceinfo.net\/fr\/30798-colombie-une-justice-possible.html#breadcrumb"},"inLanguage":"fr-FR","potentialAction":[{"@type":"ReadAction","target":["https:\/\/www.justiceinfo.net\/fr\/30798-colombie-une-justice-possible.html"]}]},{"@type":"ImageObject","inLanguage":"fr-FR","@id":"https:\/\/www.justiceinfo.net\/fr\/30798-colombie-une-justice-possible.html#primaryimage","url":"https:\/\/www.justiceinfo.net\/wp-content\/uploads\/d1f1f5f6db21334e59c2f6c0f268b447-scaled.jpg","contentUrl":"https:\/\/www.justiceinfo.net\/wp-content\/uploads\/d1f1f5f6db21334e59c2f6c0f268b447-scaled.jpg","width":2560,"height":1824},{"@type":"BreadcrumbList","@id":"https:\/\/www.justiceinfo.net\/fr\/30798-colombie-une-justice-possible.html#breadcrumb","itemListElement":[{"@type":"ListItem","position":1,"name":"Home","item":"https:\/\/www.justiceinfo.net\/fr"},{"@type":"ListItem","position":2,"name":"Colombie, une justice est-elle possible?"}]},{"@type":"WebSite","@id":"https:\/\/www.justiceinfo.net\/fr#website","url":"https:\/\/www.justiceinfo.net\/fr","name":"JusticeInfo.net","description":"La justice doit \u00eatre vue pour \u00eatre rendue","publisher":{"@id":"https:\/\/www.justiceinfo.net\/fr#organization"},"potentialAction":[{"@type":"SearchAction","target":{"@type":"EntryPoint","urlTemplate":"https:\/\/www.justiceinfo.net\/fr?s={search_term_string}"},"query-input":{"@type":"PropertyValueSpecification","valueRequired":true,"valueName":"search_term_string"}}],"inLanguage":"fr-FR"},{"@type":"Organization","@id":"https:\/\/www.justiceinfo.net\/fr#organization","name":"Justice Info","url":"https:\/\/www.justiceinfo.net\/fr","logo":{"@type":"ImageObject","inLanguage":"fr-FR","@id":"https:\/\/www.justiceinfo.net\/fr#\/schema\/logo\/image\/","url":"https:\/\/www.justiceinfo.net\/wp-content\/uploads\/justiceinfo_logo-trans_1200x1200px.png","contentUrl":"https:\/\/www.justiceinfo.net\/wp-content\/uploads\/justiceinfo_logo-trans_1200x1200px.png","width":1199,"height":1200,"caption":"Justice Info"},"image":{"@id":"https:\/\/www.justiceinfo.net\/fr#\/schema\/logo\/image\/"},"sameAs":["https:\/\/www.facebook.com\/JusticeInfo\/","https:\/\/x.com\/justiceinfonet","https:\/\/www.linkedin.com\/company\/justice-info","https:\/\/www.youtube.com\/channel\/UCyCEsARodyuWtkWyhn-e7pA"]},{"@type":"Person","name":"Christine Renaudat Bogota","url":"\/fr\/?s=Christine Renaudat Bogota"}]}},"_links":{"self":[{"href":"https:\/\/www.justiceinfo.net\/fr\/wp-json\/wp\/v2\/posts\/30798","targetHints":{"allow":["GET"]}}],"collection":[{"href":"https:\/\/www.justiceinfo.net\/fr\/wp-json\/wp\/v2\/posts"}],"about":[{"href":"https:\/\/www.justiceinfo.net\/fr\/wp-json\/wp\/v2\/types\/post"}],"author":[{"embeddable":true,"href":"https:\/\/www.justiceinfo.net\/fr\/wp-json\/wp\/v2\/users\/64"}],"replies":[{"embeddable":true,"href":"https:\/\/www.justiceinfo.net\/fr\/wp-json\/wp\/v2\/comments?post=30798"}],"version-history":[{"count":0,"href":"https:\/\/www.justiceinfo.net\/fr\/wp-json\/wp\/v2\/posts\/30798\/revisions"}],"wp:featuredmedia":[{"embeddable":true,"href":"https:\/\/www.justiceinfo.net\/fr\/wp-json\/wp\/v2\/media\/64607"}],"wp:attachment":[{"href":"https:\/\/www.justiceinfo.net\/fr\/wp-json\/wp\/v2\/media?parent=30798"}],"wp:term":[{"taxonomy":"category","embeddable":true,"href":"https:\/\/www.justiceinfo.net\/fr\/wp-json\/wp\/v2\/categories?post=30798"},{"taxonomy":"post_tag","embeddable":true,"href":"https:\/\/www.justiceinfo.net\/fr\/wp-json\/wp\/v2\/tags?post=30798"},{"taxonomy":"ji_location","embeddable":true,"href":"https:\/\/www.justiceinfo.net\/fr\/wp-json\/wp\/v2\/ji_location?post=30798"}],"curies":[{"name":"wp","href":"https:\/\/api.w.org\/{rel}","templated":true}]}}